{"id":80150,"date":"2026-01-27T12:09:00","date_gmt":"2026-01-27T11:09:00","guid":{"rendered":"https:\/\/lasentinelle.dz\/?p=80150"},"modified":"2026-01-27T13:09:59","modified_gmt":"2026-01-27T12:09:59","slug":"port-de-djen-djen-un-futur-pole-logistique-de-reference-en-mediterranee-se-dessine","status":"publish","type":"post","link":"https:\/\/lasentinelle.dz\/index.php\/2026\/01\/27\/port-de-djen-djen-un-futur-pole-logistique-de-reference-en-mediterranee-se-dessine\/","title":{"rendered":"Port de Djen Djen\u00a0: Un futur p\u00f4le logistique de r\u00e9f\u00e9rence en M\u00e9diterran\u00e9e se dessine"},"content":{"rendered":"\n<p>Dans le cadre de la strat\u00e9gie de relance des infrastructures portuaires, le port de Djen Djen a accueilli, ce dimanche, un navire de 800 conteneurs et lanc\u00e9 le transbordement, a rapport\u00e9 un communiqu\u00e9 du minist\u00e8re de l\u2019Int\u00e9rieur, des Collectivit\u00e9s locales et des Transports. Cette premi\u00e8re op\u00e9ration de transbordement r\u00e9alis\u00e9e au niveau national s&rsquo;inscrit dans le cadre de la mise en \u0153uvre des directives du premier responsable du secteur, M. Sa\u00efd Sayoud, visant \u00e0 promouvoir les ports nationaux et \u00e0 les transformer en plateformes logistiques de dimension r\u00e9gionale et internationale, a pr\u00e9cis\u00e9 ledit communiqu\u00e9, qui a ajout\u00e9 que le transbordement est une premi\u00e8re nationale pour l&rsquo;\u00e9conomie alg\u00e9rienne. Cette op\u00e9ration permet port de Djen Djen de se positionner comme futur p\u00f4le logistique de r\u00e9f\u00e9rence en M\u00e9diterran\u00e9e. Ainsi, dans le cadre du renforcement de sa position r\u00e9gionale et internationale, la premi\u00e8re op\u00e9ration de transbordement vient d&rsquo;\u00eatre r\u00e9alis\u00e9e en Alg\u00e9rie avec l&rsquo;accueil du navire \u00ab\u00a0Xin Yong Chang 19\u00a0\u00bb en provenance de Chine, charg\u00e9 de 800 EVP (\u00e9quivalent vingt pieds) de conteneurs, dont 200 EVP destin\u00e9s au transbordement.<\/p>\n\n\n\n<p>\u00c0 travers cette premi\u00e8re op\u00e9ration historique au niveau national, Jijel se positionne progressivement comme un p\u00f4le strat\u00e9gique du transbordement en M\u00e9diterran\u00e9e occidentale et vers l&rsquo;Afrique. Il est \u00e0 noter que dans un port, le transbordement est une op\u00e9ration logistique consistant \u00e0 transf\u00e9rer des marchandises (des conteneurs, en g\u00e9n\u00e9ral) d&rsquo;un navire \u00e0 un autre sans stockage interm\u00e9diaire de longue dur\u00e9e sur le quai. Cette op\u00e9ration, effectu\u00e9e pour la premi\u00e8re fois au port de Djen Djen, a donn\u00e9 lieu au d\u00e9chargement des conteneurs en provenance de Chine au port de Djen Djen avant de les recharger, un peu plus tard, sur un autre navire en partance pour le port de Saint-P\u00e9tersbourg, en Russie.<\/p>\n\n\n\n<p>Il faut souligner que les op\u00e9rations de transbordement sont des activit\u00e9s portuaires \u00e0 forte valeur ajout\u00e9e qui permettent de transformer le port, d&rsquo;un simple point de transit de marchandises, en hub logistique r\u00e9gional et international au sein des cha\u00eenes d&rsquo;approvisionnement mondiales, permettant ainsi d&rsquo;attirer les grandes compagnies maritimes mondiales \u00e0 la recherche de ports \u00ab pivots \u00bb pour redistribuer les conteneurs vers diff\u00e9rentes destinations, ce qui renforcera la comp\u00e9titivit\u00e9 du port au niveau m\u00e9diterran\u00e9en et am\u00e9liorera les indicateurs de performance op\u00e9rationnelle et financi\u00e8re de l&rsquo;entreprise portuaire gr\u00e2ce \u00e0 l&rsquo;augmentation des revenus de la manutention, du stockage et des services logistiques.<\/p>\n\n\n\n<p>Cette r\u00e9alisation concr\u00e9tise une orientation strat\u00e9gique visant \u00e0 renforcer l&rsquo;efficacit\u00e9 des ports, \u00e0 accro\u00eetre leur comp\u00e9titivit\u00e9 et \u00e0 consolider le statut du port de Djen Djen en tant que hub logistique international. Ce projet s&rsquo;inscrit dans la strat\u00e9gie nationale de diversification de l&rsquo;\u00e9conomie et de d\u00e9veloppement des exportations hors hydrocarbures, a conclu le communiqu\u00e9.<\/p>\n\n\n\n<p>En somme, il faut rappeler que le minist\u00e8re cible une mont\u00e9e en puissance \u00e0 26 Mt de marchandises g\u00e9n\u00e9rales, pour faire de Djen Djen un centre r\u00e9gional de transbordement et de transformation. La mise \u00e0 niveau doit porter le volume de marchandises \u00e0 12 Mt \u00e0 court terme, tout en multipliant les capacit\u00e9s conteneuris\u00e9es, cruciales pour capter la croissance m\u00e9diterran\u00e9enne et africaine et fluidifier les cha\u00eenes d&rsquo;approvisionnement industrielles alg\u00e9riennes.<\/p>\n\n\n\n<p><strong>S. Chahine<\/strong><\/p>\n","protected":false},"excerpt":{"rendered":"<p>Dans le cadre de la strat\u00e9gie de relance des infrastructures portuaires, le port de Djen Djen a accueilli, ce dimanche,<\/p>\n","protected":false},"author":6,"featured_media":60551,"comment_status":"open","ping_status":"closed","sticky":false,"template":"","format":"standard","meta":{"colormag_page_container_layout":"default_layout","colormag_page_sidebar_layout":"default_layout","om_disable_all_campaigns":false,"_monsterinsights_skip_tracking":false,"_monsterinsights_sitenote_active":false,"_monsterinsights_sitenote_note":"","_monsterinsights_sitenote_category":0,"footnotes":"","_wpscppro_dont_share_socialmedia":false,"_wpscppro_custom_social_share_image":0,"_facebook_share_type":"default","_twitter_share_type":"default","_linkedin_share_type":"default","_pinterest_share_type":"default","_linkedin_share_type_page":"","_instagram_share_type":"default","_medium_share_type":"default","_threads_share_type":"default","_google_business_share_type":"default","_selected_social_profile":[],"_wpsp_enable_custom_social_template":false,"_wpsp_social_scheduling":{"enabled":false,"datetime":null,"platforms":[],"status":"template_only","dateOption":"today","timeOption":"now","customDays":"","customHours":"","customDate":"","customTime":"","schedulingType":"absolute"},"_wpsp_active_default_template":true},"categories":[29],"tags":[],"class_list":["post-80150","post","type-post","status-publish","format-standard","has-post-thumbnail","hentry","category-economie"],"aioseo_notices":[],"yoast_head":"<!-- This site is optimized with the Yoast SEO plugin v27.5 - https:\/\/yoast.com\/product\/yoast-seo-wordpress\/ -->\n<title>Port de Djen Djen\u00a0: Un futur p\u00f4le logistique de r\u00e9f\u00e9rence en M\u00e9diterran\u00e9e se dessine - La Sentinelle<\/title>\n<meta name=\"robots\" content=\"index, follow, max-snippet:-1, max-image-preview:large, max-video-preview:-1\" \/>\n<link rel=\"canonical\" href=\"https:\/\/lasentinelle.dz\/index.php\/2026\/01\/27\/port-de-djen-djen-un-futur-pole-logistique-de-reference-en-mediterranee-se-dessine\/\" \/>\n<meta property=\"og:locale\" content=\"fr_FR\" \/>\n<meta property=\"og:type\" content=\"article\" \/>\n<meta property=\"og:title\" content=\"Port de Djen Djen\u00a0: Un futur p\u00f4le logistique de r\u00e9f\u00e9rence en M\u00e9diterran\u00e9e se dessine - La Sentinelle\" \/>\n<meta property=\"og:description\" content=\"Dans le cadre de la strat\u00e9gie de relance des infrastructures portuaires, le port de Djen Djen a accueilli, ce dimanche,\" \/>\n<meta property=\"og:url\" content=\"https:\/\/lasentinelle.dz\/index.php\/2026\/01\/27\/port-de-djen-djen-un-futur-pole-logistique-de-reference-en-mediterranee-se-dessine\/\" \/>\n<meta property=\"og:site_name\" content=\"La Sentinelle\" \/>\n<meta property=\"article:publisher\" content=\"https:\/\/www.facebook.com\/La-Sentinelle-104059864394773\" \/>\n<meta property=\"article:published_time\" content=\"2026-01-27T11:09:00+00:00\" \/>\n<meta property=\"article:modified_time\" content=\"2026-01-27T12:09:59+00:00\" \/>\n<meta property=\"og:image\" content=\"https:\/\/lasentinelle.dz\/wp-content\/uploads\/2024\/12\/port-de-djendjen.jpeg\" \/>\n\t<meta property=\"og:image:width\" content=\"1024\" \/>\n\t<meta property=\"og:image:height\" content=\"683\" \/>\n\t<meta property=\"og:image:type\" content=\"image\/jpeg\" \/>\n<meta name=\"author\" content=\"admin\" \/>\n<meta name=\"twitter:card\" content=\"summary_large_image\" \/>\n<meta name=\"twitter:label1\" content=\"\u00c9crit par\" \/>\n\t<meta name=\"twitter:data1\" content=\"admin\" \/>\n\t<meta name=\"twitter:label2\" content=\"Dur\u00e9e de lecture estim\u00e9e\" \/>\n\t<meta name=\"twitter:data2\" content=\"3 minutes\" \/>\n<script type=\"application\/ld+json\" class=\"yoast-schema-graph\">{\"@context\":\"https:\\\/\\\/schema.org\",\"@graph\":[{\"@type\":\"Article\",\"@id\":\"https:\\\/\\\/lasentinelle.dz\\\/index.php\\\/2026\\\/01\\\/27\\\/port-de-djen-djen-un-futur-pole-logistique-de-reference-en-mediterranee-se-dessine\\\/#article\",\"isPartOf\":{\"@id\":\"https:\\\/\\\/lasentinelle.dz\\\/index.php\\\/2026\\\/01\\\/27\\\/port-de-djen-djen-un-futur-pole-logistique-de-reference-en-mediterranee-se-dessine\\\/\"},\"author\":{\"name\":\"admin\",\"@id\":\"https:\\\/\\\/lasentinelle.dz\\\/#\\\/schema\\\/person\\\/729ee0024f24e0b8c5ec17232f8e8b41\"},\"headline\":\"Port de Djen Djen\u00a0: Un futur p\u00f4le logistique de r\u00e9f\u00e9rence en M\u00e9diterran\u00e9e se dessine\",\"datePublished\":\"2026-01-27T11:09:00+00:00\",\"dateModified\":\"2026-01-27T12:09:59+00:00\",\"mainEntityOfPage\":{\"@id\":\"https:\\\/\\\/lasentinelle.dz\\\/index.php\\\/2026\\\/01\\\/27\\\/port-de-djen-djen-un-futur-pole-logistique-de-reference-en-mediterranee-se-dessine\\\/\"},\"wordCount\":594,\"commentCount\":0,\"publisher\":{\"@id\":\"https:\\\/\\\/lasentinelle.dz\\\/#organization\"},\"image\":{\"@id\":\"https:\\\/\\\/lasentinelle.dz\\\/index.php\\\/2026\\\/01\\\/27\\\/port-de-djen-djen-un-futur-pole-logistique-de-reference-en-mediterranee-se-dessine\\\/#primaryimage\"},\"thumbnailUrl\":\"https:\\\/\\\/lasentinelle.dz\\\/wp-content\\\/uploads\\\/2024\\\/12\\\/port-de-djendjen.jpeg\",\"articleSection\":[\"\u00c9conomie\"],\"inLanguage\":\"fr-FR\",\"potentialAction\":[{\"@type\":\"CommentAction\",\"name\":\"Comment\",\"target\":[\"https:\\\/\\\/lasentinelle.dz\\\/index.php\\\/2026\\\/01\\\/27\\\/port-de-djen-djen-un-futur-pole-logistique-de-reference-en-mediterranee-se-dessine\\\/#respond\"]}]},{\"@type\":\"WebPage\",\"@id\":\"https:\\\/\\\/lasentinelle.dz\\\/index.php\\\/2026\\\/01\\\/27\\\/port-de-djen-djen-un-futur-pole-logistique-de-reference-en-mediterranee-se-dessine\\\/\",\"url\":\"https:\\\/\\\/lasentinelle.dz\\\/index.php\\\/2026\\\/01\\\/27\\\/port-de-djen-djen-un-futur-pole-logistique-de-reference-en-mediterranee-se-dessine\\\/\",\"name\":\"Port de Djen Djen\u00a0: Un futur p\u00f4le logistique de r\u00e9f\u00e9rence en M\u00e9diterran\u00e9e se dessine - La Sentinelle\",\"isPartOf\":{\"@id\":\"https:\\\/\\\/lasentinelle.dz\\\/#website\"},\"primaryImageOfPage\":{\"@id\":\"https:\\\/\\\/lasentinelle.dz\\\/index.php\\\/2026\\\/01\\\/27\\\/port-de-djen-djen-un-futur-pole-logistique-de-reference-en-mediterranee-se-dessine\\\/#primaryimage\"},\"image\":{\"@id\":\"https:\\\/\\\/lasentinelle.dz\\\/index.php\\\/2026\\\/01\\\/27\\\/port-de-djen-djen-un-futur-pole-logistique-de-reference-en-mediterranee-se-dessine\\\/#primaryimage\"},\"thumbnailUrl\":\"https:\\\/\\\/lasentinelle.dz\\\/wp-content\\\/uploads\\\/2024\\\/12\\\/port-de-djendjen.jpeg\",\"datePublished\":\"2026-01-27T11:09:00+00:00\",\"dateModified\":\"2026-01-27T12:09:59+00:00\",\"breadcrumb\":{\"@id\":\"https:\\\/\\\/lasentinelle.dz\\\/index.php\\\/2026\\\/01\\\/27\\\/port-de-djen-djen-un-futur-pole-logistique-de-reference-en-mediterranee-se-dessine\\\/#breadcrumb\"},\"inLanguage\":\"fr-FR\",\"potentialAction\":[{\"@type\":\"ReadAction\",\"target\":[\"https:\\\/\\\/lasentinelle.dz\\\/index.php\\\/2026\\\/01\\\/27\\\/port-de-djen-djen-un-futur-pole-logistique-de-reference-en-mediterranee-se-dessine\\\/\"]}]},{\"@type\":\"ImageObject\",\"inLanguage\":\"fr-FR\",\"@id\":\"https:\\\/\\\/lasentinelle.dz\\\/index.php\\\/2026\\\/01\\\/27\\\/port-de-djen-djen-un-futur-pole-logistique-de-reference-en-mediterranee-se-dessine\\\/#primaryimage\",\"url\":\"https:\\\/\\\/lasentinelle.dz\\\/wp-content\\\/uploads\\\/2024\\\/12\\\/port-de-djendjen.jpeg\",\"contentUrl\":\"https:\\\/\\\/lasentinelle.dz\\\/wp-content\\\/uploads\\\/2024\\\/12\\\/port-de-djendjen.jpeg\",\"width\":1024,\"height\":683},{\"@type\":\"BreadcrumbList\",\"@id\":\"https:\\\/\\\/lasentinelle.dz\\\/index.php\\\/2026\\\/01\\\/27\\\/port-de-djen-djen-un-futur-pole-logistique-de-reference-en-mediterranee-se-dessine\\\/#breadcrumb\",\"itemListElement\":[{\"@type\":\"ListItem\",\"position\":1,\"name\":\"Accueil\",\"item\":\"https:\\\/\\\/lasentinelle.dz\\\/\"},{\"@type\":\"ListItem\",\"position\":2,\"name\":\"Port de Djen Djen\u00a0: Un futur p\u00f4le logistique de r\u00e9f\u00e9rence en M\u00e9diterran\u00e9e se dessine\"}]},{\"@type\":\"WebSite\",\"@id\":\"https:\\\/\\\/lasentinelle.dz\\\/#website\",\"url\":\"https:\\\/\\\/lasentinelle.dz\\\/\",\"name\":\"La Sentinelle\",\"description\":\"Quotidien national d&#039;information\",\"publisher\":{\"@id\":\"https:\\\/\\\/lasentinelle.dz\\\/#organization\"},\"potentialAction\":[{\"@type\":\"SearchAction\",\"target\":{\"@type\":\"EntryPoint\",\"urlTemplate\":\"https:\\\/\\\/lasentinelle.dz\\\/?s={search_term_string}\"},\"query-input\":{\"@type\":\"PropertyValueSpecification\",\"valueRequired\":true,\"valueName\":\"search_term_string\"}}],\"inLanguage\":\"fr-FR\"},{\"@type\":\"Organization\",\"@id\":\"https:\\\/\\\/lasentinelle.dz\\\/#organization\",\"name\":\"Quotidien La Sentinelle\",\"url\":\"https:\\\/\\\/lasentinelle.dz\\\/\",\"logo\":{\"@type\":\"ImageObject\",\"inLanguage\":\"fr-FR\",\"@id\":\"https:\\\/\\\/lasentinelle.dz\\\/#\\\/schema\\\/logo\\\/image\\\/\",\"url\":\"https:\\\/\\\/lasentinelle.dz\\\/wp-content\\\/uploads\\\/2021\\\/09\\\/logo-sentinelleSLOGAN-1.png\",\"contentUrl\":\"https:\\\/\\\/lasentinelle.dz\\\/wp-content\\\/uploads\\\/2021\\\/09\\\/logo-sentinelleSLOGAN-1.png\",\"width\":615,\"height\":142,\"caption\":\"Quotidien La Sentinelle\"},\"image\":{\"@id\":\"https:\\\/\\\/lasentinelle.dz\\\/#\\\/schema\\\/logo\\\/image\\\/\"},\"sameAs\":[\"https:\\\/\\\/www.facebook.com\\\/La-Sentinelle-104059864394773\"]},{\"@type\":\"Person\",\"@id\":\"https:\\\/\\\/lasentinelle.dz\\\/#\\\/schema\\\/person\\\/729ee0024f24e0b8c5ec17232f8e8b41\",\"name\":\"admin\",\"image\":{\"@type\":\"ImageObject\",\"inLanguage\":\"fr-FR\",\"@id\":\"https:\\\/\\\/secure.gravatar.com\\\/avatar\\\/4c81fed838786e9b53f540bf46533e750f5d292099ae3b66cfc6fb1982e29df7?s=96&d=mm&r=g\",\"url\":\"https:\\\/\\\/secure.gravatar.com\\\/avatar\\\/4c81fed838786e9b53f540bf46533e750f5d292099ae3b66cfc6fb1982e29df7?s=96&d=mm&r=g\",\"contentUrl\":\"https:\\\/\\\/secure.gravatar.com\\\/avatar\\\/4c81fed838786e9b53f540bf46533e750f5d292099ae3b66cfc6fb1982e29df7?s=96&d=mm&r=g\",\"caption\":\"admin\"},\"description\":\"admin\",\"url\":\"https:\\\/\\\/lasentinelle.dz\\\/author\\\/admin\\\/\"}]}<\/script>\n<!-- \/ Yoast SEO plugin. -->","yoast_head_json":{"title":"Port de Djen Djen\u00a0: Un futur p\u00f4le logistique de r\u00e9f\u00e9rence en M\u00e9diterran\u00e9e se dessine - La Sentinelle","robots":{"index":"index","follow":"follow","max-snippet":"max-snippet:-1","max-image-preview":"max-image-preview:large","max-video-preview":"max-video-preview:-1"},"canonical":"https:\/\/lasentinelle.dz\/index.php\/2026\/01\/27\/port-de-djen-djen-un-futur-pole-logistique-de-reference-en-mediterranee-se-dessine\/","og_locale":"fr_FR","og_type":"article","og_title":"Port de Djen Djen\u00a0: Un futur p\u00f4le logistique de r\u00e9f\u00e9rence en M\u00e9diterran\u00e9e se dessine - La Sentinelle","og_description":"Dans le cadre de la strat\u00e9gie de relance des infrastructures portuaires, le port de Djen Djen a accueilli, ce dimanche,","og_url":"https:\/\/lasentinelle.dz\/index.php\/2026\/01\/27\/port-de-djen-djen-un-futur-pole-logistique-de-reference-en-mediterranee-se-dessine\/","og_site_name":"La Sentinelle","article_publisher":"https:\/\/www.facebook.com\/La-Sentinelle-104059864394773","article_published_time":"2026-01-27T11:09:00+00:00","article_modified_time":"2026-01-27T12:09:59+00:00","og_image":[{"width":1024,"height":683,"url":"https:\/\/lasentinelle.dz\/wp-content\/uploads\/2024\/12\/port-de-djendjen.jpeg","type":"image\/jpeg"}],"author":"admin","twitter_card":"summary_large_image","twitter_misc":{"\u00c9crit par":"admin","Dur\u00e9e de lecture estim\u00e9e":"3 minutes"},"schema":{"@context":"https:\/\/schema.org","@graph":[{"@type":"Article","@id":"https:\/\/lasentinelle.dz\/index.php\/2026\/01\/27\/port-de-djen-djen-un-futur-pole-logistique-de-reference-en-mediterranee-se-dessine\/#article","isPartOf":{"@id":"https:\/\/lasentinelle.dz\/index.php\/2026\/01\/27\/port-de-djen-djen-un-futur-pole-logistique-de-reference-en-mediterranee-se-dessine\/"},"author":{"name":"admin","@id":"https:\/\/lasentinelle.dz\/#\/schema\/person\/729ee0024f24e0b8c5ec17232f8e8b41"},"headline":"Port de Djen Djen\u00a0: Un futur p\u00f4le logistique de r\u00e9f\u00e9rence en M\u00e9diterran\u00e9e se dessine","datePublished":"2026-01-27T11:09:00+00:00","dateModified":"2026-01-27T12:09:59+00:00","mainEntityOfPage":{"@id":"https:\/\/lasentinelle.dz\/index.php\/2026\/01\/27\/port-de-djen-djen-un-futur-pole-logistique-de-reference-en-mediterranee-se-dessine\/"},"wordCount":594,"commentCount":0,"publisher":{"@id":"https:\/\/lasentinelle.dz\/#organization"},"image":{"@id":"https:\/\/lasentinelle.dz\/index.php\/2026\/01\/27\/port-de-djen-djen-un-futur-pole-logistique-de-reference-en-mediterranee-se-dessine\/#primaryimage"},"thumbnailUrl":"https:\/\/lasentinelle.dz\/wp-content\/uploads\/2024\/12\/port-de-djendjen.jpeg","articleSection":["\u00c9conomie"],"inLanguage":"fr-FR","potentialAction":[{"@type":"CommentAction","name":"Comment","target":["https:\/\/lasentinelle.dz\/index.php\/2026\/01\/27\/port-de-djen-djen-un-futur-pole-logistique-de-reference-en-mediterranee-se-dessine\/#respond"]}]},{"@type":"WebPage","@id":"https:\/\/lasentinelle.dz\/index.php\/2026\/01\/27\/port-de-djen-djen-un-futur-pole-logistique-de-reference-en-mediterranee-se-dessine\/","url":"https:\/\/lasentinelle.dz\/index.php\/2026\/01\/27\/port-de-djen-djen-un-futur-pole-logistique-de-reference-en-mediterranee-se-dessine\/","name":"Port de Djen Djen\u00a0: Un futur p\u00f4le logistique de r\u00e9f\u00e9rence en M\u00e9diterran\u00e9e se dessine - La Sentinelle","isPartOf":{"@id":"https:\/\/lasentinelle.dz\/#website"},"primaryImageOfPage":{"@id":"https:\/\/lasentinelle.dz\/index.php\/2026\/01\/27\/port-de-djen-djen-un-futur-pole-logistique-de-reference-en-mediterranee-se-dessine\/#primaryimage"},"image":{"@id":"https:\/\/lasentinelle.dz\/index.php\/2026\/01\/27\/port-de-djen-djen-un-futur-pole-logistique-de-reference-en-mediterranee-se-dessine\/#primaryimage"},"thumbnailUrl":"https:\/\/lasentinelle.dz\/wp-content\/uploads\/2024\/12\/port-de-djendjen.jpeg","datePublished":"2026-01-27T11:09:00+00:00","dateModified":"2026-01-27T12:09:59+00:00","breadcrumb":{"@id":"https:\/\/lasentinelle.dz\/index.php\/2026\/01\/27\/port-de-djen-djen-un-futur-pole-logistique-de-reference-en-mediterranee-se-dessine\/#breadcrumb"},"inLanguage":"fr-FR","potentialAction":[{"@type":"ReadAction","target":["https:\/\/lasentinelle.dz\/index.php\/2026\/01\/27\/port-de-djen-djen-un-futur-pole-logistique-de-reference-en-mediterranee-se-dessine\/"]}]},{"@type":"ImageObject","inLanguage":"fr-FR","@id":"https:\/\/lasentinelle.dz\/index.php\/2026\/01\/27\/port-de-djen-djen-un-futur-pole-logistique-de-reference-en-mediterranee-se-dessine\/#primaryimage","url":"https:\/\/lasentinelle.dz\/wp-content\/uploads\/2024\/12\/port-de-djendjen.jpeg","contentUrl":"https:\/\/lasentinelle.dz\/wp-content\/uploads\/2024\/12\/port-de-djendjen.jpeg","width":1024,"height":683},{"@type":"BreadcrumbList","@id":"https:\/\/lasentinelle.dz\/index.php\/2026\/01\/27\/port-de-djen-djen-un-futur-pole-logistique-de-reference-en-mediterranee-se-dessine\/#breadcrumb","itemListElement":[{"@type":"ListItem","position":1,"name":"Accueil","item":"https:\/\/lasentinelle.dz\/"},{"@type":"ListItem","position":2,"name":"Port de Djen Djen\u00a0: Un futur p\u00f4le logistique de r\u00e9f\u00e9rence en M\u00e9diterran\u00e9e se dessine"}]},{"@type":"WebSite","@id":"https:\/\/lasentinelle.dz\/#website","url":"https:\/\/lasentinelle.dz\/","name":"La Sentinelle","description":"Quotidien national d&#039;information","publisher":{"@id":"https:\/\/lasentinelle.dz\/#organization"},"potentialAction":[{"@type":"SearchAction","target":{"@type":"EntryPoint","urlTemplate":"https:\/\/lasentinelle.dz\/?s={search_term_string}"},"query-input":{"@type":"PropertyValueSpecification","valueRequired":true,"valueName":"search_term_string"}}],"inLanguage":"fr-FR"},{"@type":"Organization","@id":"https:\/\/lasentinelle.dz\/#organization","name":"Quotidien La Sentinelle","url":"https:\/\/lasentinelle.dz\/","logo":{"@type":"ImageObject","inLanguage":"fr-FR","@id":"https:\/\/lasentinelle.dz\/#\/schema\/logo\/image\/","url":"https:\/\/lasentinelle.dz\/wp-content\/uploads\/2021\/09\/logo-sentinelleSLOGAN-1.png","contentUrl":"https:\/\/lasentinelle.dz\/wp-content\/uploads\/2021\/09\/logo-sentinelleSLOGAN-1.png","width":615,"height":142,"caption":"Quotidien La Sentinelle"},"image":{"@id":"https:\/\/lasentinelle.dz\/#\/schema\/logo\/image\/"},"sameAs":["https:\/\/www.facebook.com\/La-Sentinelle-104059864394773"]},{"@type":"Person","@id":"https:\/\/lasentinelle.dz\/#\/schema\/person\/729ee0024f24e0b8c5ec17232f8e8b41","name":"admin","image":{"@type":"ImageObject","inLanguage":"fr-FR","@id":"https:\/\/secure.gravatar.com\/avatar\/4c81fed838786e9b53f540bf46533e750f5d292099ae3b66cfc6fb1982e29df7?s=96&d=mm&r=g","url":"https:\/\/secure.gravatar.com\/avatar\/4c81fed838786e9b53f540bf46533e750f5d292099ae3b66cfc6fb1982e29df7?s=96&d=mm&r=g","contentUrl":"https:\/\/secure.gravatar.com\/avatar\/4c81fed838786e9b53f540bf46533e750f5d292099ae3b66cfc6fb1982e29df7?s=96&d=mm&r=g","caption":"admin"},"description":"admin","url":"https:\/\/lasentinelle.dz\/author\/admin\/"}]}},"_links":{"self":[{"href":"https:\/\/lasentinelle.dz\/index.php\/wp-json\/wp\/v2\/posts\/80150","targetHints":{"allow":["GET"]}}],"collection":[{"href":"https:\/\/lasentinelle.dz\/index.php\/wp-json\/wp\/v2\/posts"}],"about":[{"href":"https:\/\/lasentinelle.dz\/index.php\/wp-json\/wp\/v2\/types\/post"}],"author":[{"embeddable":true,"href":"https:\/\/lasentinelle.dz\/index.php\/wp-json\/wp\/v2\/users\/6"}],"replies":[{"embeddable":true,"href":"https:\/\/lasentinelle.dz\/index.php\/wp-json\/wp\/v2\/comments?post=80150"}],"version-history":[{"count":1,"href":"https:\/\/lasentinelle.dz\/index.php\/wp-json\/wp\/v2\/posts\/80150\/revisions"}],"predecessor-version":[{"id":80151,"href":"https:\/\/lasentinelle.dz\/index.php\/wp-json\/wp\/v2\/posts\/80150\/revisions\/80151"}],"wp:featuredmedia":[{"embeddable":true,"href":"https:\/\/lasentinelle.dz\/index.php\/wp-json\/wp\/v2\/media\/60551"}],"wp:attachment":[{"href":"https:\/\/lasentinelle.dz\/index.php\/wp-json\/wp\/v2\/media?parent=80150"}],"wp:term":[{"taxonomy":"category","embeddable":true,"href":"https:\/\/lasentinelle.dz\/index.php\/wp-json\/wp\/v2\/categories?post=80150"},{"taxonomy":"post_tag","embeddable":true,"href":"https:\/\/lasentinelle.dz\/index.php\/wp-json\/wp\/v2\/tags?post=80150"}],"curies":[{"name":"wp","href":"https:\/\/api.w.org\/{rel}","templated":true}]}}