{"id":80152,"date":"2026-01-27T12:10:00","date_gmt":"2026-01-27T11:10:00","guid":{"rendered":"https:\/\/lasentinelle.dz\/?p=80152"},"modified":"2026-01-27T13:11:21","modified_gmt":"2026-01-27T12:11:21","slug":"ligne-ferroviaire-miniere-est-les-travaux-passent-a-la-vitesse-superieure","status":"publish","type":"post","link":"https:\/\/lasentinelle.dz\/index.php\/2026\/01\/27\/ligne-ferroviaire-miniere-est-les-travaux-passent-a-la-vitesse-superieure\/","title":{"rendered":"Ligne ferroviaire mini\u00e8re Est\u00a0:\u00a0Les travaux passent \u00e0 la vitesse sup\u00e9rieure"},"content":{"rendered":"\n<p>Impuls\u00e9s par les autorit\u00e9s publiques, les travaux de d\u00e9doublement, de renouvellement et de rectification du trac\u00e9 ferroviaire minier Est, reliant le port d&rsquo;Annaba \u00e0 la zone mini\u00e8re de Bled El Hadba dans la wilaya de T\u00e9bessa, en passant par la wilaya de Souk Ahras, viennent de conna\u00eetre un v\u00e9ritable coup d&rsquo;acc\u00e9l\u00e9rateur. Le pr\u00e9sident de la R\u00e9publique, Abdelmadjid Tebboune a donn\u00e9, lors du Conseil des ministres qu&rsquo;il a pr\u00e9sid\u00e9 ce dimanche, des instructions fermes, dont notamment le lancement de l&rsquo;exploitation de la mine de zinc et de plomb dans la vall\u00e9e d&rsquo;Amizour et le suivi de l&rsquo;\u00e9tat d&rsquo;avancement du projet de ligne de chemin de fer minier Bled El-Hadba &#8211; Oued El-Kebrit &#8211; port d&rsquo;Annaba, pour le transport des phosphates. Au sujet de la mine de zinc et de plomb \u00e0 Oued Amizour, le pr\u00e9sident de la R\u00e9publique a insist\u00e9 sur la n\u00e9cessit\u00e9 de lancer, en mars 2026, l&rsquo;exploitation de ce projet \u00e9conomique prometteur, pour les postes d&#8217;emploi et les retomb\u00e9es \u00e9conomiques qu&rsquo;il offre pour la r\u00e9gion en particulier et pour l&rsquo;Alg\u00e9rie en g\u00e9n\u00e9ral. Concernant l&rsquo;\u00e9tat d&rsquo;avancement du projet de chemin de fer minier sur la ligne Bled El-Hadba &#8211; Oued Kebrit &#8211; port d&rsquo;Annaba, M. Abdelmadjid Tebboune a affirm\u00e9 que l&rsquo;investissement de l&rsquo;\u00c9tat dans le secteur des mines a pour objectif d&rsquo;offrir \u00e0 l&rsquo;\u00e9conomie nationale de nouveaux fondements et sources de revenus pour les prochaines \u00e9tapes et pour les nouvelles g\u00e9n\u00e9rations. Dans cette optique, les instructions du ministre des Travaux publics et des Infrastructures de base, Abdelkader Djellaoui, qui a effectu\u00e9 r\u00e9cemment une visite dans la wilaya de Souk Ahras, se sont impr\u00e9gn\u00e9es de la m\u00eame rigueur que celles du pr\u00e9sident de la R\u00e9publique. Dans ce sens, Abdelkader Djellaoui a instruit les autorit\u00e9s locales de la wilaya pour un suivi p\u00e9riodique de l&rsquo;\u00e9tat d&rsquo;avancement des travaux du projet et la lev\u00e9e des contraintes le concernant.<\/p>\n\n\n\n<p>Ces instructions viennent en application des directives du pr\u00e9sident de la R\u00e9publique, qui a exig\u00e9 la pr\u00e9sentation de rapports de suivi mensuels sur l&rsquo;\u00e9tat d&rsquo;avancement de ce projet, insistant sur l&rsquo;imp\u00e9ratif de terminer les travaux d&rsquo;ici la fin de l&rsquo;ann\u00e9e 2026. Comme ordonn\u00e9 par le chef de l&rsquo;\u00c9tat, le ministre des Travaux publics a \u00e9galement exig\u00e9 de faire passer l&rsquo;ex\u00e9cution du projet \u00e0 la vitesse maximale, en y travaillant sans arr\u00eat et en renfor\u00e7ant le chantier en ressources humaines et en moyens logistiques. Le wali de Souk Ahras, Abdelkrim Zina\u00ef, a dans ce sens organis\u00e9 une r\u00e9union de coordination et d&rsquo;urgence. La rencontre s&rsquo;est notamment focalis\u00e9e sur la lev\u00e9e des blocages entravant ce projet de d\u00e9doublement, de renouvellement et de rectification du trac\u00e9 de la ligne ferroviaire mini\u00e8re Est (Annaba &#8211; Bled El Hadba), dans sa partie traversant la wilaya de Souk Ahras, a rapport\u00e9 la cellule de communication de la wilaya. Selon les pr\u00e9cisions apport\u00e9es par cette derni\u00e8re, les discussions ont port\u00e9 sur les contraintes techniques persistantes, notamment les canalisations de gaz et les pyl\u00f4nes \u00e9lectriques situ\u00e9s sur le trac\u00e9, qui freinent l&rsquo;avancement du projet. Ces obstacles n\u00e9cessitent des op\u00e9rations urgentes de d\u00e9viation, de d\u00e9placement ou de s\u00e9curisation, afin de permettre \u00e0 l&rsquo;entreprise de poursuivre les travaux dans des conditions optimales et dans le respect des d\u00e9lais contractuels. Le chef de l&rsquo;ex\u00e9cutif local a, selon la m\u00eame source, insist\u00e9 sur la n\u00e9cessit\u00e9 de mettre en place un plan d&rsquo;action imm\u00e9diat, bas\u00e9 sur une \u00e9troite coordination entre tous les intervenants. Dans ce contexte, chaque secteur a \u00e9t\u00e9 invit\u00e9 \u00e0 s&rsquo;engager sur un calendrier pr\u00e9cis pour lever les contraintes identifi\u00e9es, tout en respectant les normes techniques et de s\u00e9curit\u00e9. Tout en r\u00e9it\u00e9rant son appel au renforcement des efforts, le wali a rappel\u00e9 l&rsquo;importance de cette ligne ferroviaire, en soulignant sa dimension strat\u00e9gique pour le transport des minerais, la fluidification des \u00e9changes et le renforcement de l&rsquo;attractivit\u00e9 \u00e9conomique de la r\u00e9gion. Le chef de l&rsquo;ex\u00e9cutif local a exhort\u00e9 l&rsquo;ensemble des partenaires \u00e0 faire preuve de r\u00e9activit\u00e9 et \u00e0 acc\u00e9l\u00e9rer le rythme de r\u00e9alisation afin de livrer, dans les meilleurs d\u00e9lais, une infrastructure moderne au service du d\u00e9veloppement de la wilaya de Souk Ahras et de l&rsquo;\u00e9conomie nationale. Pour rappel, cette rencontre de coordination s&rsquo;inscrit dans une dynamique nouvelle impuls\u00e9e par les hautes autorit\u00e9s de l&rsquo;\u00c9tat pour faire de ce projet structurant un v\u00e9ritable levier de d\u00e9veloppement \u00e9conomique r\u00e9gional. Au-del\u00e0, ce projet s&rsquo;inscrit pleinement dans la vision nationale visant \u00e0 moderniser les infrastructures de base et \u00e0 soutenir durablement l&rsquo;investissement et l&rsquo;\u00e9conomie nationale.<\/p>\n\n\n\n<p><strong>Sofia Chahine<\/strong><\/p>\n","protected":false},"excerpt":{"rendered":"<p>Impuls\u00e9s par les autorit\u00e9s publiques, les travaux de d\u00e9doublement, de renouvellement et de rectification du trac\u00e9 ferroviaire minier Est, reliant<\/p>\n","protected":false},"author":6,"featured_media":80153,"comment_status":"open","ping_status":"closed","sticky":false,"template":"","format":"standard","meta":{"colormag_page_container_layout":"default_layout","colormag_page_sidebar_layout":"default_layout","om_disable_all_campaigns":false,"_monsterinsights_skip_tracking":false,"_monsterinsights_sitenote_active":false,"_monsterinsights_sitenote_note":"","_monsterinsights_sitenote_category":0,"footnotes":"","_wpscppro_dont_share_socialmedia":false,"_wpscppro_custom_social_share_image":0,"_facebook_share_type":"default","_twitter_share_type":"default","_linkedin_share_type":"default","_pinterest_share_type":"default","_linkedin_share_type_page":"","_instagram_share_type":"default","_medium_share_type":"default","_threads_share_type":"default","_google_business_share_type":"default","_selected_social_profile":[],"_wpsp_enable_custom_social_template":false,"_wpsp_social_scheduling":{"enabled":false,"datetime":null,"platforms":[],"status":"template_only","dateOption":"today","timeOption":"now","customDays":"","customHours":"","customDate":"","customTime":"","schedulingType":"absolute"},"_wpsp_active_default_template":true},"categories":[29],"tags":[],"class_list":["post-80152","post","type-post","status-publish","format-standard","has-post-thumbnail","hentry","category-economie"],"aioseo_notices":[],"yoast_head":"<!-- This site is optimized with the Yoast SEO plugin v27.5 - https:\/\/yoast.com\/product\/yoast-seo-wordpress\/ -->\n<title>Ligne ferroviaire mini\u00e8re Est\u00a0:\u00a0Les travaux passent \u00e0 la vitesse sup\u00e9rieure - La Sentinelle<\/title>\n<meta name=\"robots\" content=\"index, follow, max-snippet:-1, max-image-preview:large, max-video-preview:-1\" \/>\n<link rel=\"canonical\" href=\"https:\/\/lasentinelle.dz\/index.php\/2026\/01\/27\/ligne-ferroviaire-miniere-est-les-travaux-passent-a-la-vitesse-superieure\/\" \/>\n<meta property=\"og:locale\" content=\"fr_FR\" \/>\n<meta property=\"og:type\" content=\"article\" \/>\n<meta property=\"og:title\" content=\"Ligne ferroviaire mini\u00e8re Est\u00a0:\u00a0Les travaux passent \u00e0 la vitesse sup\u00e9rieure - La Sentinelle\" \/>\n<meta property=\"og:description\" content=\"Impuls\u00e9s par les autorit\u00e9s publiques, les travaux de d\u00e9doublement, de renouvellement et de rectification du trac\u00e9 ferroviaire minier Est, reliant\" \/>\n<meta property=\"og:url\" content=\"https:\/\/lasentinelle.dz\/index.php\/2026\/01\/27\/ligne-ferroviaire-miniere-est-les-travaux-passent-a-la-vitesse-superieure\/\" \/>\n<meta property=\"og:site_name\" content=\"La Sentinelle\" \/>\n<meta property=\"article:publisher\" content=\"https:\/\/www.facebook.com\/La-Sentinelle-104059864394773\" \/>\n<meta property=\"article:published_time\" content=\"2026-01-27T11:10:00+00:00\" \/>\n<meta property=\"article:modified_time\" content=\"2026-01-27T12:11:21+00:00\" \/>\n<meta property=\"og:image\" content=\"https:\/\/lasentinelle.dz\/wp-content\/uploads\/2026\/01\/ligne-ferroviaire-miniere-.jpeg\" \/>\n\t<meta property=\"og:image:width\" content=\"696\" \/>\n\t<meta property=\"og:image:height\" content=\"423\" \/>\n\t<meta property=\"og:image:type\" content=\"image\/jpeg\" \/>\n<meta name=\"author\" content=\"admin\" \/>\n<meta name=\"twitter:card\" content=\"summary_large_image\" \/>\n<meta name=\"twitter:label1\" content=\"\u00c9crit par\" \/>\n\t<meta name=\"twitter:data1\" content=\"admin\" \/>\n\t<meta name=\"twitter:label2\" content=\"Dur\u00e9e de lecture estim\u00e9e\" \/>\n\t<meta name=\"twitter:data2\" content=\"4 minutes\" \/>\n<script type=\"application\/ld+json\" class=\"yoast-schema-graph\">{\"@context\":\"https:\\\/\\\/schema.org\",\"@graph\":[{\"@type\":\"Article\",\"@id\":\"https:\\\/\\\/lasentinelle.dz\\\/index.php\\\/2026\\\/01\\\/27\\\/ligne-ferroviaire-miniere-est-les-travaux-passent-a-la-vitesse-superieure\\\/#article\",\"isPartOf\":{\"@id\":\"https:\\\/\\\/lasentinelle.dz\\\/index.php\\\/2026\\\/01\\\/27\\\/ligne-ferroviaire-miniere-est-les-travaux-passent-a-la-vitesse-superieure\\\/\"},\"author\":{\"name\":\"admin\",\"@id\":\"https:\\\/\\\/lasentinelle.dz\\\/#\\\/schema\\\/person\\\/729ee0024f24e0b8c5ec17232f8e8b41\"},\"headline\":\"Ligne ferroviaire mini\u00e8re Est\u00a0:\u00a0Les travaux passent \u00e0 la vitesse sup\u00e9rieure\",\"datePublished\":\"2026-01-27T11:10:00+00:00\",\"dateModified\":\"2026-01-27T12:11:21+00:00\",\"mainEntityOfPage\":{\"@id\":\"https:\\\/\\\/lasentinelle.dz\\\/index.php\\\/2026\\\/01\\\/27\\\/ligne-ferroviaire-miniere-est-les-travaux-passent-a-la-vitesse-superieure\\\/\"},\"wordCount\":851,\"commentCount\":0,\"publisher\":{\"@id\":\"https:\\\/\\\/lasentinelle.dz\\\/#organization\"},\"image\":{\"@id\":\"https:\\\/\\\/lasentinelle.dz\\\/index.php\\\/2026\\\/01\\\/27\\\/ligne-ferroviaire-miniere-est-les-travaux-passent-a-la-vitesse-superieure\\\/#primaryimage\"},\"thumbnailUrl\":\"https:\\\/\\\/lasentinelle.dz\\\/wp-content\\\/uploads\\\/2026\\\/01\\\/ligne-ferroviaire-miniere-.jpeg\",\"articleSection\":[\"\u00c9conomie\"],\"inLanguage\":\"fr-FR\",\"potentialAction\":[{\"@type\":\"CommentAction\",\"name\":\"Comment\",\"target\":[\"https:\\\/\\\/lasentinelle.dz\\\/index.php\\\/2026\\\/01\\\/27\\\/ligne-ferroviaire-miniere-est-les-travaux-passent-a-la-vitesse-superieure\\\/#respond\"]}]},{\"@type\":\"WebPage\",\"@id\":\"https:\\\/\\\/lasentinelle.dz\\\/index.php\\\/2026\\\/01\\\/27\\\/ligne-ferroviaire-miniere-est-les-travaux-passent-a-la-vitesse-superieure\\\/\",\"url\":\"https:\\\/\\\/lasentinelle.dz\\\/index.php\\\/2026\\\/01\\\/27\\\/ligne-ferroviaire-miniere-est-les-travaux-passent-a-la-vitesse-superieure\\\/\",\"name\":\"Ligne ferroviaire mini\u00e8re Est\u00a0:\u00a0Les travaux passent \u00e0 la vitesse sup\u00e9rieure - La Sentinelle\",\"isPartOf\":{\"@id\":\"https:\\\/\\\/lasentinelle.dz\\\/#website\"},\"primaryImageOfPage\":{\"@id\":\"https:\\\/\\\/lasentinelle.dz\\\/index.php\\\/2026\\\/01\\\/27\\\/ligne-ferroviaire-miniere-est-les-travaux-passent-a-la-vitesse-superieure\\\/#primaryimage\"},\"image\":{\"@id\":\"https:\\\/\\\/lasentinelle.dz\\\/index.php\\\/2026\\\/01\\\/27\\\/ligne-ferroviaire-miniere-est-les-travaux-passent-a-la-vitesse-superieure\\\/#primaryimage\"},\"thumbnailUrl\":\"https:\\\/\\\/lasentinelle.dz\\\/wp-content\\\/uploads\\\/2026\\\/01\\\/ligne-ferroviaire-miniere-.jpeg\",\"datePublished\":\"2026-01-27T11:10:00+00:00\",\"dateModified\":\"2026-01-27T12:11:21+00:00\",\"breadcrumb\":{\"@id\":\"https:\\\/\\\/lasentinelle.dz\\\/index.php\\\/2026\\\/01\\\/27\\\/ligne-ferroviaire-miniere-est-les-travaux-passent-a-la-vitesse-superieure\\\/#breadcrumb\"},\"inLanguage\":\"fr-FR\",\"potentialAction\":[{\"@type\":\"ReadAction\",\"target\":[\"https:\\\/\\\/lasentinelle.dz\\\/index.php\\\/2026\\\/01\\\/27\\\/ligne-ferroviaire-miniere-est-les-travaux-passent-a-la-vitesse-superieure\\\/\"]}]},{\"@type\":\"ImageObject\",\"inLanguage\":\"fr-FR\",\"@id\":\"https:\\\/\\\/lasentinelle.dz\\\/index.php\\\/2026\\\/01\\\/27\\\/ligne-ferroviaire-miniere-est-les-travaux-passent-a-la-vitesse-superieure\\\/#primaryimage\",\"url\":\"https:\\\/\\\/lasentinelle.dz\\\/wp-content\\\/uploads\\\/2026\\\/01\\\/ligne-ferroviaire-miniere-.jpeg\",\"contentUrl\":\"https:\\\/\\\/lasentinelle.dz\\\/wp-content\\\/uploads\\\/2026\\\/01\\\/ligne-ferroviaire-miniere-.jpeg\",\"width\":696,\"height\":423},{\"@type\":\"BreadcrumbList\",\"@id\":\"https:\\\/\\\/lasentinelle.dz\\\/index.php\\\/2026\\\/01\\\/27\\\/ligne-ferroviaire-miniere-est-les-travaux-passent-a-la-vitesse-superieure\\\/#breadcrumb\",\"itemListElement\":[{\"@type\":\"ListItem\",\"position\":1,\"name\":\"Accueil\",\"item\":\"https:\\\/\\\/lasentinelle.dz\\\/\"},{\"@type\":\"ListItem\",\"position\":2,\"name\":\"Ligne ferroviaire mini\u00e8re Est\u00a0:\u00a0Les travaux passent \u00e0 la vitesse sup\u00e9rieure\"}]},{\"@type\":\"WebSite\",\"@id\":\"https:\\\/\\\/lasentinelle.dz\\\/#website\",\"url\":\"https:\\\/\\\/lasentinelle.dz\\\/\",\"name\":\"La Sentinelle\",\"description\":\"Quotidien national d&#039;information\",\"publisher\":{\"@id\":\"https:\\\/\\\/lasentinelle.dz\\\/#organization\"},\"potentialAction\":[{\"@type\":\"SearchAction\",\"target\":{\"@type\":\"EntryPoint\",\"urlTemplate\":\"https:\\\/\\\/lasentinelle.dz\\\/?s={search_term_string}\"},\"query-input\":{\"@type\":\"PropertyValueSpecification\",\"valueRequired\":true,\"valueName\":\"search_term_string\"}}],\"inLanguage\":\"fr-FR\"},{\"@type\":\"Organization\",\"@id\":\"https:\\\/\\\/lasentinelle.dz\\\/#organization\",\"name\":\"Quotidien La Sentinelle\",\"url\":\"https:\\\/\\\/lasentinelle.dz\\\/\",\"logo\":{\"@type\":\"ImageObject\",\"inLanguage\":\"fr-FR\",\"@id\":\"https:\\\/\\\/lasentinelle.dz\\\/#\\\/schema\\\/logo\\\/image\\\/\",\"url\":\"https:\\\/\\\/lasentinelle.dz\\\/wp-content\\\/uploads\\\/2021\\\/09\\\/logo-sentinelleSLOGAN-1.png\",\"contentUrl\":\"https:\\\/\\\/lasentinelle.dz\\\/wp-content\\\/uploads\\\/2021\\\/09\\\/logo-sentinelleSLOGAN-1.png\",\"width\":615,\"height\":142,\"caption\":\"Quotidien La Sentinelle\"},\"image\":{\"@id\":\"https:\\\/\\\/lasentinelle.dz\\\/#\\\/schema\\\/logo\\\/image\\\/\"},\"sameAs\":[\"https:\\\/\\\/www.facebook.com\\\/La-Sentinelle-104059864394773\"]},{\"@type\":\"Person\",\"@id\":\"https:\\\/\\\/lasentinelle.dz\\\/#\\\/schema\\\/person\\\/729ee0024f24e0b8c5ec17232f8e8b41\",\"name\":\"admin\",\"image\":{\"@type\":\"ImageObject\",\"inLanguage\":\"fr-FR\",\"@id\":\"https:\\\/\\\/secure.gravatar.com\\\/avatar\\\/4c81fed838786e9b53f540bf46533e750f5d292099ae3b66cfc6fb1982e29df7?s=96&d=mm&r=g\",\"url\":\"https:\\\/\\\/secure.gravatar.com\\\/avatar\\\/4c81fed838786e9b53f540bf46533e750f5d292099ae3b66cfc6fb1982e29df7?s=96&d=mm&r=g\",\"contentUrl\":\"https:\\\/\\\/secure.gravatar.com\\\/avatar\\\/4c81fed838786e9b53f540bf46533e750f5d292099ae3b66cfc6fb1982e29df7?s=96&d=mm&r=g\",\"caption\":\"admin\"},\"description\":\"admin\",\"url\":\"https:\\\/\\\/lasentinelle.dz\\\/author\\\/admin\\\/\"}]}<\/script>\n<!-- \/ Yoast SEO plugin. -->","yoast_head_json":{"title":"Ligne ferroviaire mini\u00e8re Est\u00a0:\u00a0Les travaux passent \u00e0 la vitesse sup\u00e9rieure - La Sentinelle","robots":{"index":"index","follow":"follow","max-snippet":"max-snippet:-1","max-image-preview":"max-image-preview:large","max-video-preview":"max-video-preview:-1"},"canonical":"https:\/\/lasentinelle.dz\/index.php\/2026\/01\/27\/ligne-ferroviaire-miniere-est-les-travaux-passent-a-la-vitesse-superieure\/","og_locale":"fr_FR","og_type":"article","og_title":"Ligne ferroviaire mini\u00e8re Est\u00a0:\u00a0Les travaux passent \u00e0 la vitesse sup\u00e9rieure - La Sentinelle","og_description":"Impuls\u00e9s par les autorit\u00e9s publiques, les travaux de d\u00e9doublement, de renouvellement et de rectification du trac\u00e9 ferroviaire minier Est, reliant","og_url":"https:\/\/lasentinelle.dz\/index.php\/2026\/01\/27\/ligne-ferroviaire-miniere-est-les-travaux-passent-a-la-vitesse-superieure\/","og_site_name":"La Sentinelle","article_publisher":"https:\/\/www.facebook.com\/La-Sentinelle-104059864394773","article_published_time":"2026-01-27T11:10:00+00:00","article_modified_time":"2026-01-27T12:11:21+00:00","og_image":[{"width":696,"height":423,"url":"https:\/\/lasentinelle.dz\/wp-content\/uploads\/2026\/01\/ligne-ferroviaire-miniere-.jpeg","type":"image\/jpeg"}],"author":"admin","twitter_card":"summary_large_image","twitter_misc":{"\u00c9crit par":"admin","Dur\u00e9e de lecture estim\u00e9e":"4 minutes"},"schema":{"@context":"https:\/\/schema.org","@graph":[{"@type":"Article","@id":"https:\/\/lasentinelle.dz\/index.php\/2026\/01\/27\/ligne-ferroviaire-miniere-est-les-travaux-passent-a-la-vitesse-superieure\/#article","isPartOf":{"@id":"https:\/\/lasentinelle.dz\/index.php\/2026\/01\/27\/ligne-ferroviaire-miniere-est-les-travaux-passent-a-la-vitesse-superieure\/"},"author":{"name":"admin","@id":"https:\/\/lasentinelle.dz\/#\/schema\/person\/729ee0024f24e0b8c5ec17232f8e8b41"},"headline":"Ligne ferroviaire mini\u00e8re Est\u00a0:\u00a0Les travaux passent \u00e0 la vitesse sup\u00e9rieure","datePublished":"2026-01-27T11:10:00+00:00","dateModified":"2026-01-27T12:11:21+00:00","mainEntityOfPage":{"@id":"https:\/\/lasentinelle.dz\/index.php\/2026\/01\/27\/ligne-ferroviaire-miniere-est-les-travaux-passent-a-la-vitesse-superieure\/"},"wordCount":851,"commentCount":0,"publisher":{"@id":"https:\/\/lasentinelle.dz\/#organization"},"image":{"@id":"https:\/\/lasentinelle.dz\/index.php\/2026\/01\/27\/ligne-ferroviaire-miniere-est-les-travaux-passent-a-la-vitesse-superieure\/#primaryimage"},"thumbnailUrl":"https:\/\/lasentinelle.dz\/wp-content\/uploads\/2026\/01\/ligne-ferroviaire-miniere-.jpeg","articleSection":["\u00c9conomie"],"inLanguage":"fr-FR","potentialAction":[{"@type":"CommentAction","name":"Comment","target":["https:\/\/lasentinelle.dz\/index.php\/2026\/01\/27\/ligne-ferroviaire-miniere-est-les-travaux-passent-a-la-vitesse-superieure\/#respond"]}]},{"@type":"WebPage","@id":"https:\/\/lasentinelle.dz\/index.php\/2026\/01\/27\/ligne-ferroviaire-miniere-est-les-travaux-passent-a-la-vitesse-superieure\/","url":"https:\/\/lasentinelle.dz\/index.php\/2026\/01\/27\/ligne-ferroviaire-miniere-est-les-travaux-passent-a-la-vitesse-superieure\/","name":"Ligne ferroviaire mini\u00e8re Est\u00a0:\u00a0Les travaux passent \u00e0 la vitesse sup\u00e9rieure - La Sentinelle","isPartOf":{"@id":"https:\/\/lasentinelle.dz\/#website"},"primaryImageOfPage":{"@id":"https:\/\/lasentinelle.dz\/index.php\/2026\/01\/27\/ligne-ferroviaire-miniere-est-les-travaux-passent-a-la-vitesse-superieure\/#primaryimage"},"image":{"@id":"https:\/\/lasentinelle.dz\/index.php\/2026\/01\/27\/ligne-ferroviaire-miniere-est-les-travaux-passent-a-la-vitesse-superieure\/#primaryimage"},"thumbnailUrl":"https:\/\/lasentinelle.dz\/wp-content\/uploads\/2026\/01\/ligne-ferroviaire-miniere-.jpeg","datePublished":"2026-01-27T11:10:00+00:00","dateModified":"2026-01-27T12:11:21+00:00","breadcrumb":{"@id":"https:\/\/lasentinelle.dz\/index.php\/2026\/01\/27\/ligne-ferroviaire-miniere-est-les-travaux-passent-a-la-vitesse-superieure\/#breadcrumb"},"inLanguage":"fr-FR","potentialAction":[{"@type":"ReadAction","target":["https:\/\/lasentinelle.dz\/index.php\/2026\/01\/27\/ligne-ferroviaire-miniere-est-les-travaux-passent-a-la-vitesse-superieure\/"]}]},{"@type":"ImageObject","inLanguage":"fr-FR","@id":"https:\/\/lasentinelle.dz\/index.php\/2026\/01\/27\/ligne-ferroviaire-miniere-est-les-travaux-passent-a-la-vitesse-superieure\/#primaryimage","url":"https:\/\/lasentinelle.dz\/wp-content\/uploads\/2026\/01\/ligne-ferroviaire-miniere-.jpeg","contentUrl":"https:\/\/lasentinelle.dz\/wp-content\/uploads\/2026\/01\/ligne-ferroviaire-miniere-.jpeg","width":696,"height":423},{"@type":"BreadcrumbList","@id":"https:\/\/lasentinelle.dz\/index.php\/2026\/01\/27\/ligne-ferroviaire-miniere-est-les-travaux-passent-a-la-vitesse-superieure\/#breadcrumb","itemListElement":[{"@type":"ListItem","position":1,"name":"Accueil","item":"https:\/\/lasentinelle.dz\/"},{"@type":"ListItem","position":2,"name":"Ligne ferroviaire mini\u00e8re Est\u00a0:\u00a0Les travaux passent \u00e0 la vitesse sup\u00e9rieure"}]},{"@type":"WebSite","@id":"https:\/\/lasentinelle.dz\/#website","url":"https:\/\/lasentinelle.dz\/","name":"La Sentinelle","description":"Quotidien national d&#039;information","publisher":{"@id":"https:\/\/lasentinelle.dz\/#organization"},"potentialAction":[{"@type":"SearchAction","target":{"@type":"EntryPoint","urlTemplate":"https:\/\/lasentinelle.dz\/?s={search_term_string}"},"query-input":{"@type":"PropertyValueSpecification","valueRequired":true,"valueName":"search_term_string"}}],"inLanguage":"fr-FR"},{"@type":"Organization","@id":"https:\/\/lasentinelle.dz\/#organization","name":"Quotidien La Sentinelle","url":"https:\/\/lasentinelle.dz\/","logo":{"@type":"ImageObject","inLanguage":"fr-FR","@id":"https:\/\/lasentinelle.dz\/#\/schema\/logo\/image\/","url":"https:\/\/lasentinelle.dz\/wp-content\/uploads\/2021\/09\/logo-sentinelleSLOGAN-1.png","contentUrl":"https:\/\/lasentinelle.dz\/wp-content\/uploads\/2021\/09\/logo-sentinelleSLOGAN-1.png","width":615,"height":142,"caption":"Quotidien La Sentinelle"},"image":{"@id":"https:\/\/lasentinelle.dz\/#\/schema\/logo\/image\/"},"sameAs":["https:\/\/www.facebook.com\/La-Sentinelle-104059864394773"]},{"@type":"Person","@id":"https:\/\/lasentinelle.dz\/#\/schema\/person\/729ee0024f24e0b8c5ec17232f8e8b41","name":"admin","image":{"@type":"ImageObject","inLanguage":"fr-FR","@id":"https:\/\/secure.gravatar.com\/avatar\/4c81fed838786e9b53f540bf46533e750f5d292099ae3b66cfc6fb1982e29df7?s=96&d=mm&r=g","url":"https:\/\/secure.gravatar.com\/avatar\/4c81fed838786e9b53f540bf46533e750f5d292099ae3b66cfc6fb1982e29df7?s=96&d=mm&r=g","contentUrl":"https:\/\/secure.gravatar.com\/avatar\/4c81fed838786e9b53f540bf46533e750f5d292099ae3b66cfc6fb1982e29df7?s=96&d=mm&r=g","caption":"admin"},"description":"admin","url":"https:\/\/lasentinelle.dz\/author\/admin\/"}]}},"_links":{"self":[{"href":"https:\/\/lasentinelle.dz\/index.php\/wp-json\/wp\/v2\/posts\/80152","targetHints":{"allow":["GET"]}}],"collection":[{"href":"https:\/\/lasentinelle.dz\/index.php\/wp-json\/wp\/v2\/posts"}],"about":[{"href":"https:\/\/lasentinelle.dz\/index.php\/wp-json\/wp\/v2\/types\/post"}],"author":[{"embeddable":true,"href":"https:\/\/lasentinelle.dz\/index.php\/wp-json\/wp\/v2\/users\/6"}],"replies":[{"embeddable":true,"href":"https:\/\/lasentinelle.dz\/index.php\/wp-json\/wp\/v2\/comments?post=80152"}],"version-history":[{"count":1,"href":"https:\/\/lasentinelle.dz\/index.php\/wp-json\/wp\/v2\/posts\/80152\/revisions"}],"predecessor-version":[{"id":80154,"href":"https:\/\/lasentinelle.dz\/index.php\/wp-json\/wp\/v2\/posts\/80152\/revisions\/80154"}],"wp:featuredmedia":[{"embeddable":true,"href":"https:\/\/lasentinelle.dz\/index.php\/wp-json\/wp\/v2\/media\/80153"}],"wp:attachment":[{"href":"https:\/\/lasentinelle.dz\/index.php\/wp-json\/wp\/v2\/media?parent=80152"}],"wp:term":[{"taxonomy":"category","embeddable":true,"href":"https:\/\/lasentinelle.dz\/index.php\/wp-json\/wp\/v2\/categories?post=80152"},{"taxonomy":"post_tag","embeddable":true,"href":"https:\/\/lasentinelle.dz\/index.php\/wp-json\/wp\/v2\/tags?post=80152"}],"curies":[{"name":"wp","href":"https:\/\/api.w.org\/{rel}","templated":true}]}}