{"id":80164,"date":"2026-01-27T13:18:21","date_gmt":"2026-01-27T12:18:21","guid":{"rendered":"https:\/\/lasentinelle.dz\/?p=80164"},"modified":"2026-01-27T13:18:22","modified_gmt":"2026-01-27T12:18:22","slug":"le-tresor-public-ouvre-mardi-la-souscription-lalgerie-lance-ses-premiers-sukuk-souverains","status":"publish","type":"post","link":"https:\/\/lasentinelle.dz\/index.php\/2026\/01\/27\/le-tresor-public-ouvre-mardi-la-souscription-lalgerie-lance-ses-premiers-sukuk-souverains\/","title":{"rendered":"Le Tr\u00e9sor public ouvre mardi la souscription\u00a0: L&rsquo;Alg\u00e9rie lance ses premiers Sukuk souverains\u00a0"},"content":{"rendered":"\n<p>Le Tr\u00e9sor public ouvre mardi la souscription aux Sukuk souverains \u00ab\u00a0Ijara Usufruit\u00a0\u00bb, des titres islamiques adoss\u00e9s \u00e0 des actifs immobiliers de l&rsquo;\u00c9tat. Cette op\u00e9ration \u00e0 dur\u00e9e limit\u00e9e vise \u00e0 diversifier le financement public tout en offrant aux \u00e9pargnants un rendement de 6 pour cent sur sept ans, exon\u00e9r\u00e9 d&rsquo;imp\u00f4ts.&nbsp;Le Tr\u00e9sor public a annonc\u00e9 lundi l&rsquo;ouverture de la souscription aux Sukuk souverains \u00ab\u00a0Ijara Usufruit\u00a0\u00bb, premier instrument de ce type \u00e9mis par l&rsquo;\u00c9tat alg\u00e9rien pour capter l&rsquo;\u00e9pargne nationale et financer ses besoins budg\u00e9taires. Cette op\u00e9ration, encadr\u00e9e par la loi de finances 2025 et les textes r\u00e9glementaires de 2026, r\u00e9pond \u00e0 une double ambition : \u00e9largir les sources de financement de l&rsquo;\u00c9tat et proposer aux \u00e9pargnants des produits conformes aux pr\u00e9ceptes de la charia. Selon le communiqu\u00e9 du Tr\u00e9sor public, \u00ab ce produit financier est adoss\u00e9 \u00e0 des actifs r\u00e9els appartenant \u00e0 l&rsquo;\u00c9tat \u00bb et \u00ab offre une opportunit\u00e9 d&rsquo;investissement \u00e0 rendement attractif, s\u00e9curis\u00e9e, accessible et transparente, r\u00e9pondant \u00e0 une demande croissante pour des produits conformes \u00e0 la charia \u00bb. Le Tr\u00e9sor pr\u00e9cise que cette initiative \u00ab marque une \u00e9tape majeure dans le d\u00e9veloppement du march\u00e9 financier national et dans la consolidation de la finance islamique en Alg\u00e9rie \u00bb et \u00ab s&rsquo;inscrit dans une vision visant \u00e0 diversifier les sources de financement de l&rsquo;\u00c9tat, \u00e0 mobiliser l&rsquo;\u00e9pargne nationale et \u00e0 proposer des instruments financiers conformes aux principes de la finance islamique, en tant qu&rsquo;instrument compl\u00e9mentaire aux m\u00e9canismes de financement existants \u00bb.<\/p>\n\n\n\n<p>Ces Sukuk fonctionnent selon le m\u00e9canisme Ijara, qui repose sur la location d&rsquo;actifs immobiliers publics. Les souscripteurs acqui\u00e8rent des parts dans un portefeuille d&rsquo;actifs \u00e9tatiques et per\u00e7oivent en contrepartie un rendement annuel de 6 % sur une dur\u00e9e de sept ans. L&rsquo;article 179 de la loi de finances 2025 et les arr\u00eat\u00e9s ult\u00e9rieurs octroient une exon\u00e9ration fiscale totale sur les revenus et les plus-values de ces titres, \u00e0 condition qu&rsquo;ils soient conserv\u00e9s au moins cinq ans. Cette mesure vise \u00e0 encourager l&rsquo;\u00e9pargne longue et \u00e0 canaliser les liquidit\u00e9s th\u00e9sauris\u00e9es hors du syst\u00e8me bancaire vers le financement de l&rsquo;\u00e9conomie nationale.<\/p>\n\n\n\n<p>Le Tr\u00e9sor public insiste sur le caract\u00e8re limit\u00e9 de l&rsquo;op\u00e9ration. \u00ab \u00c9tant cl\u00f4tur\u00e9e d\u00e8s l&rsquo;atteinte des objectifs fix\u00e9s pour l&rsquo;\u00e9mission, ce qui renforce son attractivit\u00e9 et son positionnement strat\u00e9gique \u00bb, pr\u00e9cise le communiqu\u00e9. Les citoyens alg\u00e9riens, r\u00e9sidents ou non-r\u00e9sidents, pourront souscrire via les banques, les compagnies d&rsquo;assurances et les tr\u00e9soreries de wilaya. Le site officiel www.sukuk.mf.gov.dz centralise les informations pratiques sur les modalit\u00e9s de souscription.<\/p>\n\n\n\n<p>L&rsquo;\u00e9mission de ces Sukuk r\u00e9pond \u00e0 un besoin urgent de financement. Le projet de loi de finances 2026 pr\u00e9voit des recettes de 8 009 milliards de dinars pour des d\u00e9penses atteignant 17 636,7 milliards de dinars, cr\u00e9ant un d\u00e9ficit substantiel que l&rsquo;\u00c9tat entend combler en partie gr\u00e2ce \u00e0 ces nouveaux instruments. La premi\u00e8re \u00e9mission, lanc\u00e9e le 2 novembre 2025, avait ouvert la voie \u00e0 cette op\u00e9ration d&rsquo;envergure destin\u00e9e au grand public. Au-del\u00e0 de la captation d&rsquo;\u00e9pargne, cette initiative traduit une volont\u00e9 politique d&rsquo;inclusion financi\u00e8re et de modernisation du march\u00e9 des capitaux. Le Tr\u00e9sor public affirme que l&rsquo;op\u00e9ration refl\u00e8te \u00ab la volont\u00e9 des autorit\u00e9s publiques de renforcer l&rsquo;inclusion financi\u00e8re, de dynamiser le march\u00e9 des capitaux et de consolider la confiance dans les nouveaux instruments financiers \u00bb. En proposant des produits n\u00e9gociables et garantis par l&rsquo;\u00c9tat, les autorit\u00e9s esp\u00e8rent attirer les \u00e9pargnants sensibles aux principes de la finance islamique, mais aussi ceux qui recherchent des placements s\u00e9curis\u00e9s \u00e0 rendement fixe dans un contexte d&rsquo;inflation persistante. Les Sukuk souverains constituent \u00e9galement un levier de diversification des ressources budg\u00e9taires.&nbsp;<\/p>\n\n\n\n<p>Amar Malki<\/p>\n","protected":false},"excerpt":{"rendered":"<p>Le Tr\u00e9sor public ouvre mardi la souscription aux Sukuk souverains \u00ab\u00a0Ijara Usufruit\u00a0\u00bb, des titres islamiques adoss\u00e9s \u00e0 des actifs immobiliers<\/p>\n","protected":false},"author":6,"featured_media":80165,"comment_status":"open","ping_status":"closed","sticky":false,"template":"","format":"standard","meta":{"colormag_page_container_layout":"default_layout","colormag_page_sidebar_layout":"default_layout","om_disable_all_campaigns":false,"_monsterinsights_skip_tracking":false,"_monsterinsights_sitenote_active":false,"_monsterinsights_sitenote_note":"","_monsterinsights_sitenote_category":0,"footnotes":"","_wpscppro_dont_share_socialmedia":false,"_wpscppro_custom_social_share_image":0,"_facebook_share_type":"default","_twitter_share_type":"default","_linkedin_share_type":"default","_pinterest_share_type":"default","_linkedin_share_type_page":"","_instagram_share_type":"default","_medium_share_type":"default","_threads_share_type":"default","_google_business_share_type":"default","_selected_social_profile":[],"_wpsp_enable_custom_social_template":false,"_wpsp_social_scheduling":{"enabled":false,"datetime":null,"platforms":[],"status":"template_only","dateOption":"today","timeOption":"now","customDays":"","customHours":"","customDate":"","customTime":"","schedulingType":"absolute"},"_wpsp_active_default_template":true},"categories":[52,29],"tags":[],"class_list":["post-80164","post","type-post","status-publish","format-standard","has-post-thumbnail","hentry","category-a-la-une","category-economie"],"aioseo_notices":[],"yoast_head":"<!-- This site is optimized with the Yoast SEO plugin v27.5 - https:\/\/yoast.com\/product\/yoast-seo-wordpress\/ -->\n<title>Le Tr\u00e9sor public ouvre mardi la souscription\u00a0: L&rsquo;Alg\u00e9rie lance ses premiers Sukuk souverains\u00a0 - La Sentinelle<\/title>\n<meta name=\"robots\" content=\"index, follow, max-snippet:-1, max-image-preview:large, max-video-preview:-1\" \/>\n<link rel=\"canonical\" href=\"https:\/\/lasentinelle.dz\/index.php\/2026\/01\/27\/le-tresor-public-ouvre-mardi-la-souscription-lalgerie-lance-ses-premiers-sukuk-souverains\/\" \/>\n<meta property=\"og:locale\" content=\"fr_FR\" \/>\n<meta property=\"og:type\" content=\"article\" \/>\n<meta property=\"og:title\" content=\"Le Tr\u00e9sor public ouvre mardi la souscription\u00a0: L&rsquo;Alg\u00e9rie lance ses premiers Sukuk souverains\u00a0 - La Sentinelle\" \/>\n<meta property=\"og:description\" content=\"Le Tr\u00e9sor public ouvre mardi la souscription aux Sukuk souverains \u00ab\u00a0Ijara Usufruit\u00a0\u00bb, des titres islamiques adoss\u00e9s \u00e0 des actifs immobiliers\" \/>\n<meta property=\"og:url\" content=\"https:\/\/lasentinelle.dz\/index.php\/2026\/01\/27\/le-tresor-public-ouvre-mardi-la-souscription-lalgerie-lance-ses-premiers-sukuk-souverains\/\" \/>\n<meta property=\"og:site_name\" content=\"La Sentinelle\" \/>\n<meta property=\"article:publisher\" content=\"https:\/\/www.facebook.com\/La-Sentinelle-104059864394773\" \/>\n<meta property=\"article:published_time\" content=\"2026-01-27T12:18:21+00:00\" \/>\n<meta property=\"article:modified_time\" content=\"2026-01-27T12:18:22+00:00\" \/>\n<meta property=\"og:image\" content=\"https:\/\/lasentinelle.dz\/wp-content\/uploads\/2026\/01\/tresor.webp\" \/>\n\t<meta property=\"og:image:width\" content=\"966\" \/>\n\t<meta property=\"og:image:height\" content=\"544\" \/>\n\t<meta property=\"og:image:type\" content=\"image\/webp\" \/>\n<meta name=\"author\" content=\"admin\" \/>\n<meta name=\"twitter:card\" content=\"summary_large_image\" \/>\n<meta name=\"twitter:label1\" content=\"\u00c9crit par\" \/>\n\t<meta name=\"twitter:data1\" content=\"admin\" \/>\n\t<meta name=\"twitter:label2\" content=\"Dur\u00e9e de lecture estim\u00e9e\" \/>\n\t<meta name=\"twitter:data2\" content=\"4 minutes\" \/>\n<script type=\"application\/ld+json\" class=\"yoast-schema-graph\">{\"@context\":\"https:\\\/\\\/schema.org\",\"@graph\":[{\"@type\":\"Article\",\"@id\":\"https:\\\/\\\/lasentinelle.dz\\\/index.php\\\/2026\\\/01\\\/27\\\/le-tresor-public-ouvre-mardi-la-souscription-lalgerie-lance-ses-premiers-sukuk-souverains\\\/#article\",\"isPartOf\":{\"@id\":\"https:\\\/\\\/lasentinelle.dz\\\/index.php\\\/2026\\\/01\\\/27\\\/le-tresor-public-ouvre-mardi-la-souscription-lalgerie-lance-ses-premiers-sukuk-souverains\\\/\"},\"author\":{\"name\":\"admin\",\"@id\":\"https:\\\/\\\/lasentinelle.dz\\\/#\\\/schema\\\/person\\\/729ee0024f24e0b8c5ec17232f8e8b41\"},\"headline\":\"Le Tr\u00e9sor public ouvre mardi la souscription\u00a0: L&rsquo;Alg\u00e9rie lance ses premiers Sukuk souverains\u00a0\",\"datePublished\":\"2026-01-27T12:18:21+00:00\",\"dateModified\":\"2026-01-27T12:18:22+00:00\",\"mainEntityOfPage\":{\"@id\":\"https:\\\/\\\/lasentinelle.dz\\\/index.php\\\/2026\\\/01\\\/27\\\/le-tresor-public-ouvre-mardi-la-souscription-lalgerie-lance-ses-premiers-sukuk-souverains\\\/\"},\"wordCount\":663,\"commentCount\":0,\"publisher\":{\"@id\":\"https:\\\/\\\/lasentinelle.dz\\\/#organization\"},\"image\":{\"@id\":\"https:\\\/\\\/lasentinelle.dz\\\/index.php\\\/2026\\\/01\\\/27\\\/le-tresor-public-ouvre-mardi-la-souscription-lalgerie-lance-ses-premiers-sukuk-souverains\\\/#primaryimage\"},\"thumbnailUrl\":\"https:\\\/\\\/lasentinelle.dz\\\/wp-content\\\/uploads\\\/2026\\\/01\\\/tresor.webp\",\"articleSection\":[\"\u00c0 la Une\",\"\u00c9conomie\"],\"inLanguage\":\"fr-FR\",\"potentialAction\":[{\"@type\":\"CommentAction\",\"name\":\"Comment\",\"target\":[\"https:\\\/\\\/lasentinelle.dz\\\/index.php\\\/2026\\\/01\\\/27\\\/le-tresor-public-ouvre-mardi-la-souscription-lalgerie-lance-ses-premiers-sukuk-souverains\\\/#respond\"]}]},{\"@type\":\"WebPage\",\"@id\":\"https:\\\/\\\/lasentinelle.dz\\\/index.php\\\/2026\\\/01\\\/27\\\/le-tresor-public-ouvre-mardi-la-souscription-lalgerie-lance-ses-premiers-sukuk-souverains\\\/\",\"url\":\"https:\\\/\\\/lasentinelle.dz\\\/index.php\\\/2026\\\/01\\\/27\\\/le-tresor-public-ouvre-mardi-la-souscription-lalgerie-lance-ses-premiers-sukuk-souverains\\\/\",\"name\":\"Le Tr\u00e9sor public ouvre mardi la souscription\u00a0: L&rsquo;Alg\u00e9rie lance ses premiers Sukuk souverains\u00a0 - La Sentinelle\",\"isPartOf\":{\"@id\":\"https:\\\/\\\/lasentinelle.dz\\\/#website\"},\"primaryImageOfPage\":{\"@id\":\"https:\\\/\\\/lasentinelle.dz\\\/index.php\\\/2026\\\/01\\\/27\\\/le-tresor-public-ouvre-mardi-la-souscription-lalgerie-lance-ses-premiers-sukuk-souverains\\\/#primaryimage\"},\"image\":{\"@id\":\"https:\\\/\\\/lasentinelle.dz\\\/index.php\\\/2026\\\/01\\\/27\\\/le-tresor-public-ouvre-mardi-la-souscription-lalgerie-lance-ses-premiers-sukuk-souverains\\\/#primaryimage\"},\"thumbnailUrl\":\"https:\\\/\\\/lasentinelle.dz\\\/wp-content\\\/uploads\\\/2026\\\/01\\\/tresor.webp\",\"datePublished\":\"2026-01-27T12:18:21+00:00\",\"dateModified\":\"2026-01-27T12:18:22+00:00\",\"breadcrumb\":{\"@id\":\"https:\\\/\\\/lasentinelle.dz\\\/index.php\\\/2026\\\/01\\\/27\\\/le-tresor-public-ouvre-mardi-la-souscription-lalgerie-lance-ses-premiers-sukuk-souverains\\\/#breadcrumb\"},\"inLanguage\":\"fr-FR\",\"potentialAction\":[{\"@type\":\"ReadAction\",\"target\":[\"https:\\\/\\\/lasentinelle.dz\\\/index.php\\\/2026\\\/01\\\/27\\\/le-tresor-public-ouvre-mardi-la-souscription-lalgerie-lance-ses-premiers-sukuk-souverains\\\/\"]}]},{\"@type\":\"ImageObject\",\"inLanguage\":\"fr-FR\",\"@id\":\"https:\\\/\\\/lasentinelle.dz\\\/index.php\\\/2026\\\/01\\\/27\\\/le-tresor-public-ouvre-mardi-la-souscription-lalgerie-lance-ses-premiers-sukuk-souverains\\\/#primaryimage\",\"url\":\"https:\\\/\\\/lasentinelle.dz\\\/wp-content\\\/uploads\\\/2026\\\/01\\\/tresor.webp\",\"contentUrl\":\"https:\\\/\\\/lasentinelle.dz\\\/wp-content\\\/uploads\\\/2026\\\/01\\\/tresor.webp\",\"width\":966,\"height\":544},{\"@type\":\"BreadcrumbList\",\"@id\":\"https:\\\/\\\/lasentinelle.dz\\\/index.php\\\/2026\\\/01\\\/27\\\/le-tresor-public-ouvre-mardi-la-souscription-lalgerie-lance-ses-premiers-sukuk-souverains\\\/#breadcrumb\",\"itemListElement\":[{\"@type\":\"ListItem\",\"position\":1,\"name\":\"Accueil\",\"item\":\"https:\\\/\\\/lasentinelle.dz\\\/\"},{\"@type\":\"ListItem\",\"position\":2,\"name\":\"Le Tr\u00e9sor public ouvre mardi la souscription\u00a0: L&rsquo;Alg\u00e9rie lance ses premiers Sukuk souverains\u00a0\"}]},{\"@type\":\"WebSite\",\"@id\":\"https:\\\/\\\/lasentinelle.dz\\\/#website\",\"url\":\"https:\\\/\\\/lasentinelle.dz\\\/\",\"name\":\"La Sentinelle\",\"description\":\"Quotidien national d&#039;information\",\"publisher\":{\"@id\":\"https:\\\/\\\/lasentinelle.dz\\\/#organization\"},\"potentialAction\":[{\"@type\":\"SearchAction\",\"target\":{\"@type\":\"EntryPoint\",\"urlTemplate\":\"https:\\\/\\\/lasentinelle.dz\\\/?s={search_term_string}\"},\"query-input\":{\"@type\":\"PropertyValueSpecification\",\"valueRequired\":true,\"valueName\":\"search_term_string\"}}],\"inLanguage\":\"fr-FR\"},{\"@type\":\"Organization\",\"@id\":\"https:\\\/\\\/lasentinelle.dz\\\/#organization\",\"name\":\"Quotidien La Sentinelle\",\"url\":\"https:\\\/\\\/lasentinelle.dz\\\/\",\"logo\":{\"@type\":\"ImageObject\",\"inLanguage\":\"fr-FR\",\"@id\":\"https:\\\/\\\/lasentinelle.dz\\\/#\\\/schema\\\/logo\\\/image\\\/\",\"url\":\"https:\\\/\\\/lasentinelle.dz\\\/wp-content\\\/uploads\\\/2021\\\/09\\\/logo-sentinelleSLOGAN-1.png\",\"contentUrl\":\"https:\\\/\\\/lasentinelle.dz\\\/wp-content\\\/uploads\\\/2021\\\/09\\\/logo-sentinelleSLOGAN-1.png\",\"width\":615,\"height\":142,\"caption\":\"Quotidien La Sentinelle\"},\"image\":{\"@id\":\"https:\\\/\\\/lasentinelle.dz\\\/#\\\/schema\\\/logo\\\/image\\\/\"},\"sameAs\":[\"https:\\\/\\\/www.facebook.com\\\/La-Sentinelle-104059864394773\"]},{\"@type\":\"Person\",\"@id\":\"https:\\\/\\\/lasentinelle.dz\\\/#\\\/schema\\\/person\\\/729ee0024f24e0b8c5ec17232f8e8b41\",\"name\":\"admin\",\"image\":{\"@type\":\"ImageObject\",\"inLanguage\":\"fr-FR\",\"@id\":\"https:\\\/\\\/secure.gravatar.com\\\/avatar\\\/4c81fed838786e9b53f540bf46533e750f5d292099ae3b66cfc6fb1982e29df7?s=96&d=mm&r=g\",\"url\":\"https:\\\/\\\/secure.gravatar.com\\\/avatar\\\/4c81fed838786e9b53f540bf46533e750f5d292099ae3b66cfc6fb1982e29df7?s=96&d=mm&r=g\",\"contentUrl\":\"https:\\\/\\\/secure.gravatar.com\\\/avatar\\\/4c81fed838786e9b53f540bf46533e750f5d292099ae3b66cfc6fb1982e29df7?s=96&d=mm&r=g\",\"caption\":\"admin\"},\"description\":\"admin\",\"url\":\"https:\\\/\\\/lasentinelle.dz\\\/author\\\/admin\\\/\"}]}<\/script>\n<!-- \/ Yoast SEO plugin. -->","yoast_head_json":{"title":"Le Tr\u00e9sor public ouvre mardi la souscription\u00a0: L&rsquo;Alg\u00e9rie lance ses premiers Sukuk souverains\u00a0 - La Sentinelle","robots":{"index":"index","follow":"follow","max-snippet":"max-snippet:-1","max-image-preview":"max-image-preview:large","max-video-preview":"max-video-preview:-1"},"canonical":"https:\/\/lasentinelle.dz\/index.php\/2026\/01\/27\/le-tresor-public-ouvre-mardi-la-souscription-lalgerie-lance-ses-premiers-sukuk-souverains\/","og_locale":"fr_FR","og_type":"article","og_title":"Le Tr\u00e9sor public ouvre mardi la souscription\u00a0: L&rsquo;Alg\u00e9rie lance ses premiers Sukuk souverains\u00a0 - La Sentinelle","og_description":"Le Tr\u00e9sor public ouvre mardi la souscription aux Sukuk souverains \u00ab\u00a0Ijara Usufruit\u00a0\u00bb, des titres islamiques adoss\u00e9s \u00e0 des actifs immobiliers","og_url":"https:\/\/lasentinelle.dz\/index.php\/2026\/01\/27\/le-tresor-public-ouvre-mardi-la-souscription-lalgerie-lance-ses-premiers-sukuk-souverains\/","og_site_name":"La Sentinelle","article_publisher":"https:\/\/www.facebook.com\/La-Sentinelle-104059864394773","article_published_time":"2026-01-27T12:18:21+00:00","article_modified_time":"2026-01-27T12:18:22+00:00","og_image":[{"width":966,"height":544,"url":"https:\/\/lasentinelle.dz\/wp-content\/uploads\/2026\/01\/tresor.webp","type":"image\/webp"}],"author":"admin","twitter_card":"summary_large_image","twitter_misc":{"\u00c9crit par":"admin","Dur\u00e9e de lecture estim\u00e9e":"4 minutes"},"schema":{"@context":"https:\/\/schema.org","@graph":[{"@type":"Article","@id":"https:\/\/lasentinelle.dz\/index.php\/2026\/01\/27\/le-tresor-public-ouvre-mardi-la-souscription-lalgerie-lance-ses-premiers-sukuk-souverains\/#article","isPartOf":{"@id":"https:\/\/lasentinelle.dz\/index.php\/2026\/01\/27\/le-tresor-public-ouvre-mardi-la-souscription-lalgerie-lance-ses-premiers-sukuk-souverains\/"},"author":{"name":"admin","@id":"https:\/\/lasentinelle.dz\/#\/schema\/person\/729ee0024f24e0b8c5ec17232f8e8b41"},"headline":"Le Tr\u00e9sor public ouvre mardi la souscription\u00a0: L&rsquo;Alg\u00e9rie lance ses premiers Sukuk souverains\u00a0","datePublished":"2026-01-27T12:18:21+00:00","dateModified":"2026-01-27T12:18:22+00:00","mainEntityOfPage":{"@id":"https:\/\/lasentinelle.dz\/index.php\/2026\/01\/27\/le-tresor-public-ouvre-mardi-la-souscription-lalgerie-lance-ses-premiers-sukuk-souverains\/"},"wordCount":663,"commentCount":0,"publisher":{"@id":"https:\/\/lasentinelle.dz\/#organization"},"image":{"@id":"https:\/\/lasentinelle.dz\/index.php\/2026\/01\/27\/le-tresor-public-ouvre-mardi-la-souscription-lalgerie-lance-ses-premiers-sukuk-souverains\/#primaryimage"},"thumbnailUrl":"https:\/\/lasentinelle.dz\/wp-content\/uploads\/2026\/01\/tresor.webp","articleSection":["\u00c0 la Une","\u00c9conomie"],"inLanguage":"fr-FR","potentialAction":[{"@type":"CommentAction","name":"Comment","target":["https:\/\/lasentinelle.dz\/index.php\/2026\/01\/27\/le-tresor-public-ouvre-mardi-la-souscription-lalgerie-lance-ses-premiers-sukuk-souverains\/#respond"]}]},{"@type":"WebPage","@id":"https:\/\/lasentinelle.dz\/index.php\/2026\/01\/27\/le-tresor-public-ouvre-mardi-la-souscription-lalgerie-lance-ses-premiers-sukuk-souverains\/","url":"https:\/\/lasentinelle.dz\/index.php\/2026\/01\/27\/le-tresor-public-ouvre-mardi-la-souscription-lalgerie-lance-ses-premiers-sukuk-souverains\/","name":"Le Tr\u00e9sor public ouvre mardi la souscription\u00a0: L&rsquo;Alg\u00e9rie lance ses premiers Sukuk souverains\u00a0 - La Sentinelle","isPartOf":{"@id":"https:\/\/lasentinelle.dz\/#website"},"primaryImageOfPage":{"@id":"https:\/\/lasentinelle.dz\/index.php\/2026\/01\/27\/le-tresor-public-ouvre-mardi-la-souscription-lalgerie-lance-ses-premiers-sukuk-souverains\/#primaryimage"},"image":{"@id":"https:\/\/lasentinelle.dz\/index.php\/2026\/01\/27\/le-tresor-public-ouvre-mardi-la-souscription-lalgerie-lance-ses-premiers-sukuk-souverains\/#primaryimage"},"thumbnailUrl":"https:\/\/lasentinelle.dz\/wp-content\/uploads\/2026\/01\/tresor.webp","datePublished":"2026-01-27T12:18:21+00:00","dateModified":"2026-01-27T12:18:22+00:00","breadcrumb":{"@id":"https:\/\/lasentinelle.dz\/index.php\/2026\/01\/27\/le-tresor-public-ouvre-mardi-la-souscription-lalgerie-lance-ses-premiers-sukuk-souverains\/#breadcrumb"},"inLanguage":"fr-FR","potentialAction":[{"@type":"ReadAction","target":["https:\/\/lasentinelle.dz\/index.php\/2026\/01\/27\/le-tresor-public-ouvre-mardi-la-souscription-lalgerie-lance-ses-premiers-sukuk-souverains\/"]}]},{"@type":"ImageObject","inLanguage":"fr-FR","@id":"https:\/\/lasentinelle.dz\/index.php\/2026\/01\/27\/le-tresor-public-ouvre-mardi-la-souscription-lalgerie-lance-ses-premiers-sukuk-souverains\/#primaryimage","url":"https:\/\/lasentinelle.dz\/wp-content\/uploads\/2026\/01\/tresor.webp","contentUrl":"https:\/\/lasentinelle.dz\/wp-content\/uploads\/2026\/01\/tresor.webp","width":966,"height":544},{"@type":"BreadcrumbList","@id":"https:\/\/lasentinelle.dz\/index.php\/2026\/01\/27\/le-tresor-public-ouvre-mardi-la-souscription-lalgerie-lance-ses-premiers-sukuk-souverains\/#breadcrumb","itemListElement":[{"@type":"ListItem","position":1,"name":"Accueil","item":"https:\/\/lasentinelle.dz\/"},{"@type":"ListItem","position":2,"name":"Le Tr\u00e9sor public ouvre mardi la souscription\u00a0: L&rsquo;Alg\u00e9rie lance ses premiers Sukuk souverains\u00a0"}]},{"@type":"WebSite","@id":"https:\/\/lasentinelle.dz\/#website","url":"https:\/\/lasentinelle.dz\/","name":"La Sentinelle","description":"Quotidien national d&#039;information","publisher":{"@id":"https:\/\/lasentinelle.dz\/#organization"},"potentialAction":[{"@type":"SearchAction","target":{"@type":"EntryPoint","urlTemplate":"https:\/\/lasentinelle.dz\/?s={search_term_string}"},"query-input":{"@type":"PropertyValueSpecification","valueRequired":true,"valueName":"search_term_string"}}],"inLanguage":"fr-FR"},{"@type":"Organization","@id":"https:\/\/lasentinelle.dz\/#organization","name":"Quotidien La Sentinelle","url":"https:\/\/lasentinelle.dz\/","logo":{"@type":"ImageObject","inLanguage":"fr-FR","@id":"https:\/\/lasentinelle.dz\/#\/schema\/logo\/image\/","url":"https:\/\/lasentinelle.dz\/wp-content\/uploads\/2021\/09\/logo-sentinelleSLOGAN-1.png","contentUrl":"https:\/\/lasentinelle.dz\/wp-content\/uploads\/2021\/09\/logo-sentinelleSLOGAN-1.png","width":615,"height":142,"caption":"Quotidien La Sentinelle"},"image":{"@id":"https:\/\/lasentinelle.dz\/#\/schema\/logo\/image\/"},"sameAs":["https:\/\/www.facebook.com\/La-Sentinelle-104059864394773"]},{"@type":"Person","@id":"https:\/\/lasentinelle.dz\/#\/schema\/person\/729ee0024f24e0b8c5ec17232f8e8b41","name":"admin","image":{"@type":"ImageObject","inLanguage":"fr-FR","@id":"https:\/\/secure.gravatar.com\/avatar\/4c81fed838786e9b53f540bf46533e750f5d292099ae3b66cfc6fb1982e29df7?s=96&d=mm&r=g","url":"https:\/\/secure.gravatar.com\/avatar\/4c81fed838786e9b53f540bf46533e750f5d292099ae3b66cfc6fb1982e29df7?s=96&d=mm&r=g","contentUrl":"https:\/\/secure.gravatar.com\/avatar\/4c81fed838786e9b53f540bf46533e750f5d292099ae3b66cfc6fb1982e29df7?s=96&d=mm&r=g","caption":"admin"},"description":"admin","url":"https:\/\/lasentinelle.dz\/author\/admin\/"}]}},"_links":{"self":[{"href":"https:\/\/lasentinelle.dz\/index.php\/wp-json\/wp\/v2\/posts\/80164","targetHints":{"allow":["GET"]}}],"collection":[{"href":"https:\/\/lasentinelle.dz\/index.php\/wp-json\/wp\/v2\/posts"}],"about":[{"href":"https:\/\/lasentinelle.dz\/index.php\/wp-json\/wp\/v2\/types\/post"}],"author":[{"embeddable":true,"href":"https:\/\/lasentinelle.dz\/index.php\/wp-json\/wp\/v2\/users\/6"}],"replies":[{"embeddable":true,"href":"https:\/\/lasentinelle.dz\/index.php\/wp-json\/wp\/v2\/comments?post=80164"}],"version-history":[{"count":2,"href":"https:\/\/lasentinelle.dz\/index.php\/wp-json\/wp\/v2\/posts\/80164\/revisions"}],"predecessor-version":[{"id":80167,"href":"https:\/\/lasentinelle.dz\/index.php\/wp-json\/wp\/v2\/posts\/80164\/revisions\/80167"}],"wp:featuredmedia":[{"embeddable":true,"href":"https:\/\/lasentinelle.dz\/index.php\/wp-json\/wp\/v2\/media\/80165"}],"wp:attachment":[{"href":"https:\/\/lasentinelle.dz\/index.php\/wp-json\/wp\/v2\/media?parent=80164"}],"wp:term":[{"taxonomy":"category","embeddable":true,"href":"https:\/\/lasentinelle.dz\/index.php\/wp-json\/wp\/v2\/categories?post=80164"},{"taxonomy":"post_tag","embeddable":true,"href":"https:\/\/lasentinelle.dz\/index.php\/wp-json\/wp\/v2\/tags?post=80164"}],"curies":[{"name":"wp","href":"https:\/\/api.w.org\/{rel}","templated":true}]}}