{"id":80169,"date":"2026-01-27T13:23:19","date_gmt":"2026-01-27T12:23:19","guid":{"rendered":"https:\/\/lasentinelle.dz\/?p=80169"},"modified":"2026-01-27T13:23:20","modified_gmt":"2026-01-27T12:23:20","slug":"enseignement-professionnel-en-algerie-adapter-la-formation-aux-exigences-de-la-transformation-economique","status":"publish","type":"post","link":"https:\/\/lasentinelle.dz\/index.php\/2026\/01\/27\/enseignement-professionnel-en-algerie-adapter-la-formation-aux-exigences-de-la-transformation-economique\/","title":{"rendered":"Enseignement professionnel en Alg\u00e9rie\u00a0: Adapter la formation aux exigences de la transformation \u00e9conomique"},"content":{"rendered":"\n<p>Le Conseil de la nation a abrit\u00e9 lundi une journ\u00e9e parlementaire consacr\u00e9e \u00e0 l&rsquo;enseignement professionnel en Alg\u00e9rie, ses r\u00e9alit\u00e9s et perspectives d&rsquo;avenir. Cette rencontre, pr\u00e9sid\u00e9e par Azouz Nasri, pr\u00e9sident du Conseil de la nation, en pr\u00e9sence de la ministre de la Formation et de l&rsquo;Enseignement professionnels Nacima Arhab, de ministres, de cadres sup\u00e9rieurs et de parlementaires, a permis d&rsquo;examiner les enjeux strat\u00e9giques de ce secteur dans la diversification de l&rsquo;\u00e9conomie nationale. Dans son allocution d&rsquo;ouverture, le pr\u00e9sident du Conseil de la nation a soulign\u00e9 que le th\u00e8me de cette journ\u00e9e parlementaire constitue \u00ab\u00a0l&rsquo;un des principaux enjeux et axes strat\u00e9giques sur lesquels l&rsquo;\u00c9tat mise dans le processus d&rsquo;\u00e9dification, de d\u00e9veloppement et de construction de l&rsquo;avenir\u00a0\u00bb, ajoutant qu&rsquo;il repr\u00e9sente \u00ab\u00a0un pilier essentiel pour b\u00e2tir une \u00e9conomie nationale productive, diversifi\u00e9e et durable\u00a0\u00bb. Pour M. Nasri, l&rsquo;enseignement professionnel est devenu \u00ab\u00a0un pont reliant l&rsquo;\u00e9cole aux entreprises de production et un parcours offrant \u00e0 notre jeunesse une r\u00e9elle opportunit\u00e9 d&rsquo;acqu\u00e9rir des comp\u00e9tences pratiques lui permettant une int\u00e9gration rapide dans le march\u00e9 du travail ou l&rsquo;acc\u00e8s \u00e0 l&rsquo;entrepreneuriat et la cr\u00e9ation de richesse\u00a0\u00bb. Le pr\u00e9sident du Conseil de la nation a \u00e9tabli un parall\u00e8le entre comp\u00e9tence et dipl\u00f4me universitaire, estimant que \u00ab\u00a0la comp\u00e9tence, aujourd&rsquo;hui, \u00e9quivaut au dipl\u00f4me et peut m\u00eame le surpasser lorsqu&rsquo;elle est associ\u00e9e \u00e0 la ma\u00eetrise et \u00e0 l&rsquo;innovation\u00a0\u00bb. Il a \u00e9galement consid\u00e9r\u00e9 que \u00ab\u00a0le pari sur l&rsquo;enseignement professionnel est \u00e9galement un pari sur la justice sociale, d&rsquo;autant plus qu&rsquo;il ouvre des perspectives de r\u00e9ussite \u00e0 toutes les cat\u00e9gories et offre \u00e0 chaque jeune la possibilit\u00e9 de s&rsquo;affirmer \u00e0 travers le travail et la comp\u00e9tence\u00a0\u00bb. M. Nasri a rappel\u00e9 que les pays ayant mis\u00e9 sur l&rsquo;enseignement professionnel en tant que choix strat\u00e9gique ont r\u00e9ussi \u00e0 r\u00e9duire les taux de ch\u00f4mage et \u00e0 r\u00e9aliser l&rsquo;int\u00e9gration sociale, transformant ce secteur en v\u00e9ritable levier du d\u00e9veloppement socio\u00e9conomique. Dans ce contexte, il a soulign\u00e9 que l&rsquo;Alg\u00e9rie, engag\u00e9e dans des transformations \u00e9conomiques et technologiques profondes, est pleinement consciente que l&rsquo;investissement dans le capital humain demeure l&rsquo;investissement le plus rentable et le plus durable. Les pouvoirs publics accordent ainsi un int\u00e9r\u00eat majeur au secteur de la formation et de l&rsquo;enseignement professionnels \u00e0 travers la modernisation des programmes et des structures, ainsi que l&rsquo;int\u00e9gration d&rsquo;une formation appliqu\u00e9e r\u00e9pondant aux exigences de l&rsquo;\u00e9conomie nationale, notamment dans les domaines de l&rsquo;industrie, de l&rsquo;agriculture, des services, de l&rsquo;\u00e9conomie num\u00e9rique et de l&rsquo;hydraulique.<\/p>\n\n\n\n<p>De son c\u00f4t\u00e9, la ministre de la Formation et de l&rsquo;Enseignement professionnels a affirm\u00e9 que son secteur constitue \u00ab\u00a0un r\u00e9servoir de comp\u00e9tences nationales, un moteur socio\u00e9conomique important pour s&rsquo;affranchir de la d\u00e9pendance aux hydrocarbures ainsi qu&rsquo;un vecteur de diversification \u00e9conomique\u00a0\u00bb. Nacima Arhab a pr\u00e9cis\u00e9 que la formation professionnelle repr\u00e9sente l&rsquo;\u00e9pine dorsale du d\u00e9veloppement \u00e9conomique et un outil de transformation du potentiel humain jeune en richesse nationale, \u00e0 travers l&rsquo;adaptation de la formation au service de l&rsquo;\u00e9conomie et des principaux secteurs de d\u00e9veloppement.<\/p>\n\n\n\n<p>La ministre a rappel\u00e9 que l&rsquo;\u00c9tat a mobilis\u00e9 tous les moyens pour promouvoir le secteur, notamment \u00e0 travers l&rsquo;extension du r\u00e9seau des \u00e9tablissements de formation et des instituts sp\u00e9cialis\u00e9s ainsi que des \u00e9tablissements priv\u00e9s agr\u00e9\u00e9s, la cr\u00e9ation de centres d&rsquo;entrepreneuriat et de centres d&rsquo;excellence, qui constituent un noyau strat\u00e9gique dans le plan de r\u00e9forme du syst\u00e8me de la formation professionnelle, en offrant une formation de haute qualit\u00e9.<\/p>\n\n\n\n<p>Les interventions de professeurs et de sp\u00e9cialistes ont insist\u00e9 sur l&rsquo;importance d&rsquo;adapter les offres de formation aux nouvelles exigences du march\u00e9, dans le cadre des transformations acc\u00e9l\u00e9r\u00e9es de l&rsquo;\u00e9conomie mondiale, notamment avec la num\u00e9risation, les technologies de l&rsquo;information et l&rsquo;industrie moderne.<\/p>\n\n\n\n<p>Chokri Hafed<\/p>\n\n\n\n<p><\/p>\n","protected":false},"excerpt":{"rendered":"<p>Le Conseil de la nation a abrit\u00e9 lundi une journ\u00e9e parlementaire consacr\u00e9e \u00e0 l&rsquo;enseignement professionnel en Alg\u00e9rie, ses r\u00e9alit\u00e9s et<\/p>\n","protected":false},"author":6,"featured_media":80170,"comment_status":"open","ping_status":"closed","sticky":false,"template":"","format":"standard","meta":{"colormag_page_container_layout":"default_layout","colormag_page_sidebar_layout":"default_layout","om_disable_all_campaigns":false,"_monsterinsights_skip_tracking":false,"_monsterinsights_sitenote_active":false,"_monsterinsights_sitenote_note":"","_monsterinsights_sitenote_category":0,"footnotes":"","_wpscppro_dont_share_socialmedia":false,"_wpscppro_custom_social_share_image":0,"_facebook_share_type":"default","_twitter_share_type":"default","_linkedin_share_type":"default","_pinterest_share_type":"default","_linkedin_share_type_page":"","_instagram_share_type":"default","_medium_share_type":"default","_threads_share_type":"default","_google_business_share_type":"default","_selected_social_profile":[],"_wpsp_enable_custom_social_template":false,"_wpsp_social_scheduling":{"enabled":false,"datetime":null,"platforms":[],"status":"template_only","dateOption":"today","timeOption":"now","customDays":"","customHours":"","customDate":"","customTime":"","schedulingType":"absolute"},"_wpsp_active_default_template":true},"categories":[27],"tags":[],"class_list":["post-80169","post","type-post","status-publish","format-standard","has-post-thumbnail","hentry","category-actualite"],"aioseo_notices":[],"yoast_head":"<!-- This site is optimized with the Yoast SEO plugin v27.5 - https:\/\/yoast.com\/product\/yoast-seo-wordpress\/ -->\n<title>Enseignement professionnel en Alg\u00e9rie\u00a0: Adapter la formation aux exigences de la transformation \u00e9conomique - La Sentinelle<\/title>\n<meta name=\"robots\" content=\"index, follow, max-snippet:-1, max-image-preview:large, max-video-preview:-1\" \/>\n<link rel=\"canonical\" href=\"https:\/\/lasentinelle.dz\/index.php\/2026\/01\/27\/enseignement-professionnel-en-algerie-adapter-la-formation-aux-exigences-de-la-transformation-economique\/\" \/>\n<meta property=\"og:locale\" content=\"fr_FR\" \/>\n<meta property=\"og:type\" content=\"article\" \/>\n<meta property=\"og:title\" content=\"Enseignement professionnel en Alg\u00e9rie\u00a0: Adapter la formation aux exigences de la transformation \u00e9conomique - La Sentinelle\" \/>\n<meta property=\"og:description\" content=\"Le Conseil de la nation a abrit\u00e9 lundi une journ\u00e9e parlementaire consacr\u00e9e \u00e0 l&rsquo;enseignement professionnel en Alg\u00e9rie, ses r\u00e9alit\u00e9s et\" \/>\n<meta property=\"og:url\" content=\"https:\/\/lasentinelle.dz\/index.php\/2026\/01\/27\/enseignement-professionnel-en-algerie-adapter-la-formation-aux-exigences-de-la-transformation-economique\/\" \/>\n<meta property=\"og:site_name\" content=\"La Sentinelle\" \/>\n<meta property=\"article:publisher\" content=\"https:\/\/www.facebook.com\/La-Sentinelle-104059864394773\" \/>\n<meta property=\"article:published_time\" content=\"2026-01-27T12:23:19+00:00\" \/>\n<meta property=\"article:modified_time\" content=\"2026-01-27T12:23:20+00:00\" \/>\n<meta property=\"og:image\" content=\"https:\/\/lasentinelle.dz\/wp-content\/uploads\/2026\/01\/arhab-1.webp\" \/>\n\t<meta property=\"og:image:width\" content=\"900\" \/>\n\t<meta property=\"og:image:height\" content=\"675\" \/>\n\t<meta property=\"og:image:type\" content=\"image\/webp\" \/>\n<meta name=\"author\" content=\"admin\" \/>\n<meta name=\"twitter:card\" content=\"summary_large_image\" \/>\n<meta name=\"twitter:label1\" content=\"\u00c9crit par\" \/>\n\t<meta name=\"twitter:data1\" content=\"admin\" \/>\n\t<meta name=\"twitter:label2\" content=\"Dur\u00e9e de lecture estim\u00e9e\" \/>\n\t<meta name=\"twitter:data2\" content=\"4 minutes\" \/>\n<script type=\"application\/ld+json\" class=\"yoast-schema-graph\">{\"@context\":\"https:\\\/\\\/schema.org\",\"@graph\":[{\"@type\":\"Article\",\"@id\":\"https:\\\/\\\/lasentinelle.dz\\\/index.php\\\/2026\\\/01\\\/27\\\/enseignement-professionnel-en-algerie-adapter-la-formation-aux-exigences-de-la-transformation-economique\\\/#article\",\"isPartOf\":{\"@id\":\"https:\\\/\\\/lasentinelle.dz\\\/index.php\\\/2026\\\/01\\\/27\\\/enseignement-professionnel-en-algerie-adapter-la-formation-aux-exigences-de-la-transformation-economique\\\/\"},\"author\":{\"name\":\"admin\",\"@id\":\"https:\\\/\\\/lasentinelle.dz\\\/#\\\/schema\\\/person\\\/729ee0024f24e0b8c5ec17232f8e8b41\"},\"headline\":\"Enseignement professionnel en Alg\u00e9rie\u00a0: Adapter la formation aux exigences de la transformation \u00e9conomique\",\"datePublished\":\"2026-01-27T12:23:19+00:00\",\"dateModified\":\"2026-01-27T12:23:20+00:00\",\"mainEntityOfPage\":{\"@id\":\"https:\\\/\\\/lasentinelle.dz\\\/index.php\\\/2026\\\/01\\\/27\\\/enseignement-professionnel-en-algerie-adapter-la-formation-aux-exigences-de-la-transformation-economique\\\/\"},\"wordCount\":710,\"commentCount\":0,\"publisher\":{\"@id\":\"https:\\\/\\\/lasentinelle.dz\\\/#organization\"},\"image\":{\"@id\":\"https:\\\/\\\/lasentinelle.dz\\\/index.php\\\/2026\\\/01\\\/27\\\/enseignement-professionnel-en-algerie-adapter-la-formation-aux-exigences-de-la-transformation-economique\\\/#primaryimage\"},\"thumbnailUrl\":\"https:\\\/\\\/lasentinelle.dz\\\/wp-content\\\/uploads\\\/2026\\\/01\\\/arhab-1.webp\",\"articleSection\":[\"Actualit\u00e9\"],\"inLanguage\":\"fr-FR\",\"potentialAction\":[{\"@type\":\"CommentAction\",\"name\":\"Comment\",\"target\":[\"https:\\\/\\\/lasentinelle.dz\\\/index.php\\\/2026\\\/01\\\/27\\\/enseignement-professionnel-en-algerie-adapter-la-formation-aux-exigences-de-la-transformation-economique\\\/#respond\"]}]},{\"@type\":\"WebPage\",\"@id\":\"https:\\\/\\\/lasentinelle.dz\\\/index.php\\\/2026\\\/01\\\/27\\\/enseignement-professionnel-en-algerie-adapter-la-formation-aux-exigences-de-la-transformation-economique\\\/\",\"url\":\"https:\\\/\\\/lasentinelle.dz\\\/index.php\\\/2026\\\/01\\\/27\\\/enseignement-professionnel-en-algerie-adapter-la-formation-aux-exigences-de-la-transformation-economique\\\/\",\"name\":\"Enseignement professionnel en Alg\u00e9rie\u00a0: Adapter la formation aux exigences de la transformation \u00e9conomique - La Sentinelle\",\"isPartOf\":{\"@id\":\"https:\\\/\\\/lasentinelle.dz\\\/#website\"},\"primaryImageOfPage\":{\"@id\":\"https:\\\/\\\/lasentinelle.dz\\\/index.php\\\/2026\\\/01\\\/27\\\/enseignement-professionnel-en-algerie-adapter-la-formation-aux-exigences-de-la-transformation-economique\\\/#primaryimage\"},\"image\":{\"@id\":\"https:\\\/\\\/lasentinelle.dz\\\/index.php\\\/2026\\\/01\\\/27\\\/enseignement-professionnel-en-algerie-adapter-la-formation-aux-exigences-de-la-transformation-economique\\\/#primaryimage\"},\"thumbnailUrl\":\"https:\\\/\\\/lasentinelle.dz\\\/wp-content\\\/uploads\\\/2026\\\/01\\\/arhab-1.webp\",\"datePublished\":\"2026-01-27T12:23:19+00:00\",\"dateModified\":\"2026-01-27T12:23:20+00:00\",\"breadcrumb\":{\"@id\":\"https:\\\/\\\/lasentinelle.dz\\\/index.php\\\/2026\\\/01\\\/27\\\/enseignement-professionnel-en-algerie-adapter-la-formation-aux-exigences-de-la-transformation-economique\\\/#breadcrumb\"},\"inLanguage\":\"fr-FR\",\"potentialAction\":[{\"@type\":\"ReadAction\",\"target\":[\"https:\\\/\\\/lasentinelle.dz\\\/index.php\\\/2026\\\/01\\\/27\\\/enseignement-professionnel-en-algerie-adapter-la-formation-aux-exigences-de-la-transformation-economique\\\/\"]}]},{\"@type\":\"ImageObject\",\"inLanguage\":\"fr-FR\",\"@id\":\"https:\\\/\\\/lasentinelle.dz\\\/index.php\\\/2026\\\/01\\\/27\\\/enseignement-professionnel-en-algerie-adapter-la-formation-aux-exigences-de-la-transformation-economique\\\/#primaryimage\",\"url\":\"https:\\\/\\\/lasentinelle.dz\\\/wp-content\\\/uploads\\\/2026\\\/01\\\/arhab-1.webp\",\"contentUrl\":\"https:\\\/\\\/lasentinelle.dz\\\/wp-content\\\/uploads\\\/2026\\\/01\\\/arhab-1.webp\",\"width\":900,\"height\":675},{\"@type\":\"BreadcrumbList\",\"@id\":\"https:\\\/\\\/lasentinelle.dz\\\/index.php\\\/2026\\\/01\\\/27\\\/enseignement-professionnel-en-algerie-adapter-la-formation-aux-exigences-de-la-transformation-economique\\\/#breadcrumb\",\"itemListElement\":[{\"@type\":\"ListItem\",\"position\":1,\"name\":\"Accueil\",\"item\":\"https:\\\/\\\/lasentinelle.dz\\\/\"},{\"@type\":\"ListItem\",\"position\":2,\"name\":\"Enseignement professionnel en Alg\u00e9rie\u00a0: Adapter la formation aux exigences de la transformation \u00e9conomique\"}]},{\"@type\":\"WebSite\",\"@id\":\"https:\\\/\\\/lasentinelle.dz\\\/#website\",\"url\":\"https:\\\/\\\/lasentinelle.dz\\\/\",\"name\":\"La Sentinelle\",\"description\":\"Quotidien national d&#039;information\",\"publisher\":{\"@id\":\"https:\\\/\\\/lasentinelle.dz\\\/#organization\"},\"potentialAction\":[{\"@type\":\"SearchAction\",\"target\":{\"@type\":\"EntryPoint\",\"urlTemplate\":\"https:\\\/\\\/lasentinelle.dz\\\/?s={search_term_string}\"},\"query-input\":{\"@type\":\"PropertyValueSpecification\",\"valueRequired\":true,\"valueName\":\"search_term_string\"}}],\"inLanguage\":\"fr-FR\"},{\"@type\":\"Organization\",\"@id\":\"https:\\\/\\\/lasentinelle.dz\\\/#organization\",\"name\":\"Quotidien La Sentinelle\",\"url\":\"https:\\\/\\\/lasentinelle.dz\\\/\",\"logo\":{\"@type\":\"ImageObject\",\"inLanguage\":\"fr-FR\",\"@id\":\"https:\\\/\\\/lasentinelle.dz\\\/#\\\/schema\\\/logo\\\/image\\\/\",\"url\":\"https:\\\/\\\/lasentinelle.dz\\\/wp-content\\\/uploads\\\/2021\\\/09\\\/logo-sentinelleSLOGAN-1.png\",\"contentUrl\":\"https:\\\/\\\/lasentinelle.dz\\\/wp-content\\\/uploads\\\/2021\\\/09\\\/logo-sentinelleSLOGAN-1.png\",\"width\":615,\"height\":142,\"caption\":\"Quotidien La Sentinelle\"},\"image\":{\"@id\":\"https:\\\/\\\/lasentinelle.dz\\\/#\\\/schema\\\/logo\\\/image\\\/\"},\"sameAs\":[\"https:\\\/\\\/www.facebook.com\\\/La-Sentinelle-104059864394773\"]},{\"@type\":\"Person\",\"@id\":\"https:\\\/\\\/lasentinelle.dz\\\/#\\\/schema\\\/person\\\/729ee0024f24e0b8c5ec17232f8e8b41\",\"name\":\"admin\",\"image\":{\"@type\":\"ImageObject\",\"inLanguage\":\"fr-FR\",\"@id\":\"https:\\\/\\\/secure.gravatar.com\\\/avatar\\\/4c81fed838786e9b53f540bf46533e750f5d292099ae3b66cfc6fb1982e29df7?s=96&d=mm&r=g\",\"url\":\"https:\\\/\\\/secure.gravatar.com\\\/avatar\\\/4c81fed838786e9b53f540bf46533e750f5d292099ae3b66cfc6fb1982e29df7?s=96&d=mm&r=g\",\"contentUrl\":\"https:\\\/\\\/secure.gravatar.com\\\/avatar\\\/4c81fed838786e9b53f540bf46533e750f5d292099ae3b66cfc6fb1982e29df7?s=96&d=mm&r=g\",\"caption\":\"admin\"},\"description\":\"admin\",\"url\":\"https:\\\/\\\/lasentinelle.dz\\\/author\\\/admin\\\/\"}]}<\/script>\n<!-- \/ Yoast SEO plugin. -->","yoast_head_json":{"title":"Enseignement professionnel en Alg\u00e9rie\u00a0: Adapter la formation aux exigences de la transformation \u00e9conomique - La Sentinelle","robots":{"index":"index","follow":"follow","max-snippet":"max-snippet:-1","max-image-preview":"max-image-preview:large","max-video-preview":"max-video-preview:-1"},"canonical":"https:\/\/lasentinelle.dz\/index.php\/2026\/01\/27\/enseignement-professionnel-en-algerie-adapter-la-formation-aux-exigences-de-la-transformation-economique\/","og_locale":"fr_FR","og_type":"article","og_title":"Enseignement professionnel en Alg\u00e9rie\u00a0: Adapter la formation aux exigences de la transformation \u00e9conomique - La Sentinelle","og_description":"Le Conseil de la nation a abrit\u00e9 lundi une journ\u00e9e parlementaire consacr\u00e9e \u00e0 l&rsquo;enseignement professionnel en Alg\u00e9rie, ses r\u00e9alit\u00e9s et","og_url":"https:\/\/lasentinelle.dz\/index.php\/2026\/01\/27\/enseignement-professionnel-en-algerie-adapter-la-formation-aux-exigences-de-la-transformation-economique\/","og_site_name":"La Sentinelle","article_publisher":"https:\/\/www.facebook.com\/La-Sentinelle-104059864394773","article_published_time":"2026-01-27T12:23:19+00:00","article_modified_time":"2026-01-27T12:23:20+00:00","og_image":[{"width":900,"height":675,"url":"https:\/\/lasentinelle.dz\/wp-content\/uploads\/2026\/01\/arhab-1.webp","type":"image\/webp"}],"author":"admin","twitter_card":"summary_large_image","twitter_misc":{"\u00c9crit par":"admin","Dur\u00e9e de lecture estim\u00e9e":"4 minutes"},"schema":{"@context":"https:\/\/schema.org","@graph":[{"@type":"Article","@id":"https:\/\/lasentinelle.dz\/index.php\/2026\/01\/27\/enseignement-professionnel-en-algerie-adapter-la-formation-aux-exigences-de-la-transformation-economique\/#article","isPartOf":{"@id":"https:\/\/lasentinelle.dz\/index.php\/2026\/01\/27\/enseignement-professionnel-en-algerie-adapter-la-formation-aux-exigences-de-la-transformation-economique\/"},"author":{"name":"admin","@id":"https:\/\/lasentinelle.dz\/#\/schema\/person\/729ee0024f24e0b8c5ec17232f8e8b41"},"headline":"Enseignement professionnel en Alg\u00e9rie\u00a0: Adapter la formation aux exigences de la transformation \u00e9conomique","datePublished":"2026-01-27T12:23:19+00:00","dateModified":"2026-01-27T12:23:20+00:00","mainEntityOfPage":{"@id":"https:\/\/lasentinelle.dz\/index.php\/2026\/01\/27\/enseignement-professionnel-en-algerie-adapter-la-formation-aux-exigences-de-la-transformation-economique\/"},"wordCount":710,"commentCount":0,"publisher":{"@id":"https:\/\/lasentinelle.dz\/#organization"},"image":{"@id":"https:\/\/lasentinelle.dz\/index.php\/2026\/01\/27\/enseignement-professionnel-en-algerie-adapter-la-formation-aux-exigences-de-la-transformation-economique\/#primaryimage"},"thumbnailUrl":"https:\/\/lasentinelle.dz\/wp-content\/uploads\/2026\/01\/arhab-1.webp","articleSection":["Actualit\u00e9"],"inLanguage":"fr-FR","potentialAction":[{"@type":"CommentAction","name":"Comment","target":["https:\/\/lasentinelle.dz\/index.php\/2026\/01\/27\/enseignement-professionnel-en-algerie-adapter-la-formation-aux-exigences-de-la-transformation-economique\/#respond"]}]},{"@type":"WebPage","@id":"https:\/\/lasentinelle.dz\/index.php\/2026\/01\/27\/enseignement-professionnel-en-algerie-adapter-la-formation-aux-exigences-de-la-transformation-economique\/","url":"https:\/\/lasentinelle.dz\/index.php\/2026\/01\/27\/enseignement-professionnel-en-algerie-adapter-la-formation-aux-exigences-de-la-transformation-economique\/","name":"Enseignement professionnel en Alg\u00e9rie\u00a0: Adapter la formation aux exigences de la transformation \u00e9conomique - La Sentinelle","isPartOf":{"@id":"https:\/\/lasentinelle.dz\/#website"},"primaryImageOfPage":{"@id":"https:\/\/lasentinelle.dz\/index.php\/2026\/01\/27\/enseignement-professionnel-en-algerie-adapter-la-formation-aux-exigences-de-la-transformation-economique\/#primaryimage"},"image":{"@id":"https:\/\/lasentinelle.dz\/index.php\/2026\/01\/27\/enseignement-professionnel-en-algerie-adapter-la-formation-aux-exigences-de-la-transformation-economique\/#primaryimage"},"thumbnailUrl":"https:\/\/lasentinelle.dz\/wp-content\/uploads\/2026\/01\/arhab-1.webp","datePublished":"2026-01-27T12:23:19+00:00","dateModified":"2026-01-27T12:23:20+00:00","breadcrumb":{"@id":"https:\/\/lasentinelle.dz\/index.php\/2026\/01\/27\/enseignement-professionnel-en-algerie-adapter-la-formation-aux-exigences-de-la-transformation-economique\/#breadcrumb"},"inLanguage":"fr-FR","potentialAction":[{"@type":"ReadAction","target":["https:\/\/lasentinelle.dz\/index.php\/2026\/01\/27\/enseignement-professionnel-en-algerie-adapter-la-formation-aux-exigences-de-la-transformation-economique\/"]}]},{"@type":"ImageObject","inLanguage":"fr-FR","@id":"https:\/\/lasentinelle.dz\/index.php\/2026\/01\/27\/enseignement-professionnel-en-algerie-adapter-la-formation-aux-exigences-de-la-transformation-economique\/#primaryimage","url":"https:\/\/lasentinelle.dz\/wp-content\/uploads\/2026\/01\/arhab-1.webp","contentUrl":"https:\/\/lasentinelle.dz\/wp-content\/uploads\/2026\/01\/arhab-1.webp","width":900,"height":675},{"@type":"BreadcrumbList","@id":"https:\/\/lasentinelle.dz\/index.php\/2026\/01\/27\/enseignement-professionnel-en-algerie-adapter-la-formation-aux-exigences-de-la-transformation-economique\/#breadcrumb","itemListElement":[{"@type":"ListItem","position":1,"name":"Accueil","item":"https:\/\/lasentinelle.dz\/"},{"@type":"ListItem","position":2,"name":"Enseignement professionnel en Alg\u00e9rie\u00a0: Adapter la formation aux exigences de la transformation \u00e9conomique"}]},{"@type":"WebSite","@id":"https:\/\/lasentinelle.dz\/#website","url":"https:\/\/lasentinelle.dz\/","name":"La Sentinelle","description":"Quotidien national d&#039;information","publisher":{"@id":"https:\/\/lasentinelle.dz\/#organization"},"potentialAction":[{"@type":"SearchAction","target":{"@type":"EntryPoint","urlTemplate":"https:\/\/lasentinelle.dz\/?s={search_term_string}"},"query-input":{"@type":"PropertyValueSpecification","valueRequired":true,"valueName":"search_term_string"}}],"inLanguage":"fr-FR"},{"@type":"Organization","@id":"https:\/\/lasentinelle.dz\/#organization","name":"Quotidien La Sentinelle","url":"https:\/\/lasentinelle.dz\/","logo":{"@type":"ImageObject","inLanguage":"fr-FR","@id":"https:\/\/lasentinelle.dz\/#\/schema\/logo\/image\/","url":"https:\/\/lasentinelle.dz\/wp-content\/uploads\/2021\/09\/logo-sentinelleSLOGAN-1.png","contentUrl":"https:\/\/lasentinelle.dz\/wp-content\/uploads\/2021\/09\/logo-sentinelleSLOGAN-1.png","width":615,"height":142,"caption":"Quotidien La Sentinelle"},"image":{"@id":"https:\/\/lasentinelle.dz\/#\/schema\/logo\/image\/"},"sameAs":["https:\/\/www.facebook.com\/La-Sentinelle-104059864394773"]},{"@type":"Person","@id":"https:\/\/lasentinelle.dz\/#\/schema\/person\/729ee0024f24e0b8c5ec17232f8e8b41","name":"admin","image":{"@type":"ImageObject","inLanguage":"fr-FR","@id":"https:\/\/secure.gravatar.com\/avatar\/4c81fed838786e9b53f540bf46533e750f5d292099ae3b66cfc6fb1982e29df7?s=96&d=mm&r=g","url":"https:\/\/secure.gravatar.com\/avatar\/4c81fed838786e9b53f540bf46533e750f5d292099ae3b66cfc6fb1982e29df7?s=96&d=mm&r=g","contentUrl":"https:\/\/secure.gravatar.com\/avatar\/4c81fed838786e9b53f540bf46533e750f5d292099ae3b66cfc6fb1982e29df7?s=96&d=mm&r=g","caption":"admin"},"description":"admin","url":"https:\/\/lasentinelle.dz\/author\/admin\/"}]}},"_links":{"self":[{"href":"https:\/\/lasentinelle.dz\/index.php\/wp-json\/wp\/v2\/posts\/80169","targetHints":{"allow":["GET"]}}],"collection":[{"href":"https:\/\/lasentinelle.dz\/index.php\/wp-json\/wp\/v2\/posts"}],"about":[{"href":"https:\/\/lasentinelle.dz\/index.php\/wp-json\/wp\/v2\/types\/post"}],"author":[{"embeddable":true,"href":"https:\/\/lasentinelle.dz\/index.php\/wp-json\/wp\/v2\/users\/6"}],"replies":[{"embeddable":true,"href":"https:\/\/lasentinelle.dz\/index.php\/wp-json\/wp\/v2\/comments?post=80169"}],"version-history":[{"count":1,"href":"https:\/\/lasentinelle.dz\/index.php\/wp-json\/wp\/v2\/posts\/80169\/revisions"}],"predecessor-version":[{"id":80171,"href":"https:\/\/lasentinelle.dz\/index.php\/wp-json\/wp\/v2\/posts\/80169\/revisions\/80171"}],"wp:featuredmedia":[{"embeddable":true,"href":"https:\/\/lasentinelle.dz\/index.php\/wp-json\/wp\/v2\/media\/80170"}],"wp:attachment":[{"href":"https:\/\/lasentinelle.dz\/index.php\/wp-json\/wp\/v2\/media?parent=80169"}],"wp:term":[{"taxonomy":"category","embeddable":true,"href":"https:\/\/lasentinelle.dz\/index.php\/wp-json\/wp\/v2\/categories?post=80169"},{"taxonomy":"post_tag","embeddable":true,"href":"https:\/\/lasentinelle.dz\/index.php\/wp-json\/wp\/v2\/tags?post=80169"}],"curies":[{"name":"wp","href":"https:\/\/api.w.org\/{rel}","templated":true}]}}