{"id":80172,"date":"2026-01-27T13:24:00","date_gmt":"2026-01-27T12:24:00","guid":{"rendered":"https:\/\/lasentinelle.dz\/?p=80172"},"modified":"2026-01-27T13:24:01","modified_gmt":"2026-01-27T12:24:01","slug":"regulation-de-la-situation-administrative-des-syndicalistes-de-leducation-nationale-certaines-procedures-differees","status":"publish","type":"post","link":"https:\/\/lasentinelle.dz\/index.php\/2026\/01\/27\/regulation-de-la-situation-administrative-des-syndicalistes-de-leducation-nationale-certaines-procedures-differees\/","title":{"rendered":"R\u00e9gulation de la situation administrative des syndicalistes de l\u2019\u00c9ducation nationale\u00a0: Certaines proc\u00e9dures diff\u00e9r\u00e9es"},"content":{"rendered":"\n<p>La situation administrative des membres des organisations syndicales du secteur de l&rsquo;Education nationale devrait prochainement conna\u00eetre un d\u00e9nouement. Evoquant ce dossier sensible lundi lors d&rsquo;une rencontre de concertation tenue \u00e0 Alger avec les responsables des syndicats agr\u00e9\u00e9s, le ministre Mohammed Seghir Sadaoui a apport\u00e9 des \u00e9claircissements sur les proc\u00e9dures en cours. Le ministre a indiqu\u00e9 que \u00ab\u00a0certaines proc\u00e9dures administratives demeurent provisoirement diff\u00e9r\u00e9es jusqu&rsquo;au parach\u00e8vement de la coordination avec le minist\u00e8re du Travail et de la mise \u00e0 jour des listes, afin de garantir ult\u00e9rieurement un traitement automatis\u00e9 pr\u00e9cis et transparent\u00a0\u00bb. Cette d\u00e9claration met fin aux interrogations sur le gel temporaire de certains dossiers administratifs concernant les syndicalistes, une mesure qui avait suscit\u00e9 des inqui\u00e9tudes au sein de la famille \u00e9ducative.<\/p>\n\n\n\n<p>Cette mise au point intervient dans un contexte plus large de concertation autour de l&rsquo;avant-projet d&rsquo;amendement du d\u00e9cret ex\u00e9cutif 25-54 portant statut particulier des fonctionnaires appartenant aux corps sp\u00e9cifiques de l&rsquo;Education nationale. La rencontre, qui s&rsquo;est d\u00e9roul\u00e9e au si\u00e8ge du minist\u00e8re, a r\u00e9uni des repr\u00e9sentants du minist\u00e8re du Travail, de l&rsquo;Emploi et de la S\u00e9curit\u00e9 sociale, de la Direction g\u00e9n\u00e9rale de la fonction publique, des cadres du minist\u00e8re ainsi que des repr\u00e9sentants des organisations syndicales agr\u00e9\u00e9es. Dans son allocution d&rsquo;ouverture, Mohammed Seghir Sadaoui a pr\u00e9cis\u00e9 que cette r\u00e9union s&rsquo;inscrit dans le cadre de \u00ab\u00a0la poursuite des discussions autour de cet amendement, notamment en ce qui concerne les fonctionnaires des services \u00e9conomiques, ainsi que le parach\u00e8vement de la coordination avec le minist\u00e8re du Travail\u00a0\u00bb. Le ministre a tenu \u00e0 rappeler le chemin parcouru depuis le lancement de ce chantier de r\u00e9forme. Il a \u00e9voqu\u00e9 les diff\u00e9rentes \u00e9tapes du travail accompli, depuis les premi\u00e8res et deuxi\u00e8mes sessions de dialogue, en passant par l&rsquo;\u00e9laboration d&rsquo;une premi\u00e8re mouture du projet de loi, jusqu&rsquo;\u00e0 la r\u00e9ception des observations et leur reformulation. Cette d\u00e9marche progressive vise \u00e0 atteindre le plus haut niveau de consensus avant la pr\u00e9sentation du projet aux instances gouvernementales comp\u00e9tentes, t\u00e9moignant de la volont\u00e9 du minist\u00e8re d&rsquo;associer pleinement les partenaires sociaux \u00e0 l&rsquo;\u00e9laboration de ce texte fondamental pour l&rsquo;avenir du secteur.<\/p>\n\n\n\n<p>L&rsquo;objectif principal affich\u00e9 par le ministre demeure \u00ab\u00a0l&rsquo;am\u00e9lioration des conditions de travail des fonctionnaires et le renforcement de la stabilit\u00e9 et du confort professionnels, en ad\u00e9quation avec les orientations du gouvernement et les priorit\u00e9s du pr\u00e9sident de la R\u00e9publique, M. Abdelmadjid Tebboune\u00a0\u00bb. Mohammed Seghir Sadaoui a \u00e9galement soulign\u00e9 \u00ab\u00a0l&rsquo;importance d&rsquo;une implication effective des organisations syndicales et du recours aux expertises techniques et financi\u00e8res chaque fois que n\u00e9cessaire\u00a0\u00bb, r\u00e9affirmant ainsi la place centrale du dialogue social dans la conduite des r\u00e9formes du secteur \u00e9ducatif. A l&rsquo;issue de cette rencontre, le ministre a r\u00e9it\u00e9r\u00e9 \u00ab\u00a0l&rsquo;engagement du minist\u00e8re \u00e0 poursuivre le dialogue constructif avec l&rsquo;ensemble des partenaires sociaux, dans l&rsquo;int\u00e9r\u00eat de la famille \u00e9ducative et en vue de renforcer la stabilit\u00e9 au sein du secteur\u00a0\u00bb.&nbsp;<\/p>\n\n\n\n<p>Lyna Larbi<\/p>\n","protected":false},"excerpt":{"rendered":"<p>La situation administrative des membres des organisations syndicales du secteur de l&rsquo;Education nationale devrait prochainement conna\u00eetre un d\u00e9nouement. Evoquant ce<\/p>\n","protected":false},"author":6,"featured_media":19316,"comment_status":"open","ping_status":"closed","sticky":false,"template":"","format":"standard","meta":{"colormag_page_container_layout":"default_layout","colormag_page_sidebar_layout":"default_layout","om_disable_all_campaigns":false,"_monsterinsights_skip_tracking":false,"_monsterinsights_sitenote_active":false,"_monsterinsights_sitenote_note":"","_monsterinsights_sitenote_category":0,"footnotes":"","_wpscppro_dont_share_socialmedia":false,"_wpscppro_custom_social_share_image":0,"_facebook_share_type":"default","_twitter_share_type":"default","_linkedin_share_type":"default","_pinterest_share_type":"default","_linkedin_share_type_page":"","_instagram_share_type":"default","_medium_share_type":"default","_threads_share_type":"default","_google_business_share_type":"default","_selected_social_profile":[],"_wpsp_enable_custom_social_template":false,"_wpsp_social_scheduling":{"enabled":false,"datetime":null,"platforms":[],"status":"template_only","dateOption":"today","timeOption":"now","customDays":"","customHours":"","customDate":"","customTime":"","schedulingType":"absolute"},"_wpsp_active_default_template":true},"categories":[27],"tags":[],"class_list":["post-80172","post","type-post","status-publish","format-standard","has-post-thumbnail","hentry","category-actualite"],"aioseo_notices":[],"yoast_head":"<!-- This site is optimized with the Yoast SEO plugin v27.5 - https:\/\/yoast.com\/product\/yoast-seo-wordpress\/ -->\n<title>R\u00e9gulation de la situation administrative des syndicalistes de l\u2019\u00c9ducation nationale\u00a0: Certaines proc\u00e9dures diff\u00e9r\u00e9es - La Sentinelle<\/title>\n<meta name=\"robots\" content=\"index, follow, max-snippet:-1, max-image-preview:large, max-video-preview:-1\" \/>\n<link rel=\"canonical\" href=\"https:\/\/lasentinelle.dz\/index.php\/2026\/01\/27\/regulation-de-la-situation-administrative-des-syndicalistes-de-leducation-nationale-certaines-procedures-differees\/\" \/>\n<meta property=\"og:locale\" content=\"fr_FR\" \/>\n<meta property=\"og:type\" content=\"article\" \/>\n<meta property=\"og:title\" content=\"R\u00e9gulation de la situation administrative des syndicalistes de l\u2019\u00c9ducation nationale\u00a0: Certaines proc\u00e9dures diff\u00e9r\u00e9es - La Sentinelle\" \/>\n<meta property=\"og:description\" content=\"La situation administrative des membres des organisations syndicales du secteur de l&rsquo;Education nationale devrait prochainement conna\u00eetre un d\u00e9nouement. Evoquant ce\" \/>\n<meta property=\"og:url\" content=\"https:\/\/lasentinelle.dz\/index.php\/2026\/01\/27\/regulation-de-la-situation-administrative-des-syndicalistes-de-leducation-nationale-certaines-procedures-differees\/\" \/>\n<meta property=\"og:site_name\" content=\"La Sentinelle\" \/>\n<meta property=\"article:publisher\" content=\"https:\/\/www.facebook.com\/La-Sentinelle-104059864394773\" \/>\n<meta property=\"article:published_time\" content=\"2026-01-27T12:24:00+00:00\" \/>\n<meta property=\"article:modified_time\" content=\"2026-01-27T12:24:01+00:00\" \/>\n<meta property=\"og:image\" content=\"https:\/\/lasentinelle.dz\/wp-content\/uploads\/2022\/04\/Ministere-education.png\" \/>\n\t<meta property=\"og:image:width\" content=\"1491\" \/>\n\t<meta property=\"og:image:height\" content=\"900\" \/>\n\t<meta property=\"og:image:type\" content=\"image\/png\" \/>\n<meta name=\"author\" content=\"admin\" \/>\n<meta name=\"twitter:card\" content=\"summary_large_image\" \/>\n<meta name=\"twitter:label1\" content=\"\u00c9crit par\" \/>\n\t<meta name=\"twitter:data1\" content=\"admin\" \/>\n\t<meta name=\"twitter:label2\" content=\"Dur\u00e9e de lecture estim\u00e9e\" \/>\n\t<meta name=\"twitter:data2\" content=\"3 minutes\" \/>\n<script type=\"application\/ld+json\" class=\"yoast-schema-graph\">{\"@context\":\"https:\\\/\\\/schema.org\",\"@graph\":[{\"@type\":\"Article\",\"@id\":\"https:\\\/\\\/lasentinelle.dz\\\/index.php\\\/2026\\\/01\\\/27\\\/regulation-de-la-situation-administrative-des-syndicalistes-de-leducation-nationale-certaines-procedures-differees\\\/#article\",\"isPartOf\":{\"@id\":\"https:\\\/\\\/lasentinelle.dz\\\/index.php\\\/2026\\\/01\\\/27\\\/regulation-de-la-situation-administrative-des-syndicalistes-de-leducation-nationale-certaines-procedures-differees\\\/\"},\"author\":{\"name\":\"admin\",\"@id\":\"https:\\\/\\\/lasentinelle.dz\\\/#\\\/schema\\\/person\\\/729ee0024f24e0b8c5ec17232f8e8b41\"},\"headline\":\"R\u00e9gulation de la situation administrative des syndicalistes de l\u2019\u00c9ducation nationale\u00a0: Certaines proc\u00e9dures diff\u00e9r\u00e9es\",\"datePublished\":\"2026-01-27T12:24:00+00:00\",\"dateModified\":\"2026-01-27T12:24:01+00:00\",\"mainEntityOfPage\":{\"@id\":\"https:\\\/\\\/lasentinelle.dz\\\/index.php\\\/2026\\\/01\\\/27\\\/regulation-de-la-situation-administrative-des-syndicalistes-de-leducation-nationale-certaines-procedures-differees\\\/\"},\"wordCount\":556,\"commentCount\":0,\"publisher\":{\"@id\":\"https:\\\/\\\/lasentinelle.dz\\\/#organization\"},\"image\":{\"@id\":\"https:\\\/\\\/lasentinelle.dz\\\/index.php\\\/2026\\\/01\\\/27\\\/regulation-de-la-situation-administrative-des-syndicalistes-de-leducation-nationale-certaines-procedures-differees\\\/#primaryimage\"},\"thumbnailUrl\":\"https:\\\/\\\/lasentinelle.dz\\\/wp-content\\\/uploads\\\/2022\\\/04\\\/Ministere-education.png\",\"articleSection\":[\"Actualit\u00e9\"],\"inLanguage\":\"fr-FR\",\"potentialAction\":[{\"@type\":\"CommentAction\",\"name\":\"Comment\",\"target\":[\"https:\\\/\\\/lasentinelle.dz\\\/index.php\\\/2026\\\/01\\\/27\\\/regulation-de-la-situation-administrative-des-syndicalistes-de-leducation-nationale-certaines-procedures-differees\\\/#respond\"]}]},{\"@type\":\"WebPage\",\"@id\":\"https:\\\/\\\/lasentinelle.dz\\\/index.php\\\/2026\\\/01\\\/27\\\/regulation-de-la-situation-administrative-des-syndicalistes-de-leducation-nationale-certaines-procedures-differees\\\/\",\"url\":\"https:\\\/\\\/lasentinelle.dz\\\/index.php\\\/2026\\\/01\\\/27\\\/regulation-de-la-situation-administrative-des-syndicalistes-de-leducation-nationale-certaines-procedures-differees\\\/\",\"name\":\"R\u00e9gulation de la situation administrative des syndicalistes de l\u2019\u00c9ducation nationale\u00a0: Certaines proc\u00e9dures diff\u00e9r\u00e9es - La Sentinelle\",\"isPartOf\":{\"@id\":\"https:\\\/\\\/lasentinelle.dz\\\/#website\"},\"primaryImageOfPage\":{\"@id\":\"https:\\\/\\\/lasentinelle.dz\\\/index.php\\\/2026\\\/01\\\/27\\\/regulation-de-la-situation-administrative-des-syndicalistes-de-leducation-nationale-certaines-procedures-differees\\\/#primaryimage\"},\"image\":{\"@id\":\"https:\\\/\\\/lasentinelle.dz\\\/index.php\\\/2026\\\/01\\\/27\\\/regulation-de-la-situation-administrative-des-syndicalistes-de-leducation-nationale-certaines-procedures-differees\\\/#primaryimage\"},\"thumbnailUrl\":\"https:\\\/\\\/lasentinelle.dz\\\/wp-content\\\/uploads\\\/2022\\\/04\\\/Ministere-education.png\",\"datePublished\":\"2026-01-27T12:24:00+00:00\",\"dateModified\":\"2026-01-27T12:24:01+00:00\",\"breadcrumb\":{\"@id\":\"https:\\\/\\\/lasentinelle.dz\\\/index.php\\\/2026\\\/01\\\/27\\\/regulation-de-la-situation-administrative-des-syndicalistes-de-leducation-nationale-certaines-procedures-differees\\\/#breadcrumb\"},\"inLanguage\":\"fr-FR\",\"potentialAction\":[{\"@type\":\"ReadAction\",\"target\":[\"https:\\\/\\\/lasentinelle.dz\\\/index.php\\\/2026\\\/01\\\/27\\\/regulation-de-la-situation-administrative-des-syndicalistes-de-leducation-nationale-certaines-procedures-differees\\\/\"]}]},{\"@type\":\"ImageObject\",\"inLanguage\":\"fr-FR\",\"@id\":\"https:\\\/\\\/lasentinelle.dz\\\/index.php\\\/2026\\\/01\\\/27\\\/regulation-de-la-situation-administrative-des-syndicalistes-de-leducation-nationale-certaines-procedures-differees\\\/#primaryimage\",\"url\":\"https:\\\/\\\/lasentinelle.dz\\\/wp-content\\\/uploads\\\/2022\\\/04\\\/Ministere-education.png\",\"contentUrl\":\"https:\\\/\\\/lasentinelle.dz\\\/wp-content\\\/uploads\\\/2022\\\/04\\\/Ministere-education.png\",\"width\":1491,\"height\":900},{\"@type\":\"BreadcrumbList\",\"@id\":\"https:\\\/\\\/lasentinelle.dz\\\/index.php\\\/2026\\\/01\\\/27\\\/regulation-de-la-situation-administrative-des-syndicalistes-de-leducation-nationale-certaines-procedures-differees\\\/#breadcrumb\",\"itemListElement\":[{\"@type\":\"ListItem\",\"position\":1,\"name\":\"Accueil\",\"item\":\"https:\\\/\\\/lasentinelle.dz\\\/\"},{\"@type\":\"ListItem\",\"position\":2,\"name\":\"R\u00e9gulation de la situation administrative des syndicalistes de l\u2019\u00c9ducation nationale\u00a0: Certaines proc\u00e9dures diff\u00e9r\u00e9es\"}]},{\"@type\":\"WebSite\",\"@id\":\"https:\\\/\\\/lasentinelle.dz\\\/#website\",\"url\":\"https:\\\/\\\/lasentinelle.dz\\\/\",\"name\":\"La Sentinelle\",\"description\":\"Quotidien national d&#039;information\",\"publisher\":{\"@id\":\"https:\\\/\\\/lasentinelle.dz\\\/#organization\"},\"potentialAction\":[{\"@type\":\"SearchAction\",\"target\":{\"@type\":\"EntryPoint\",\"urlTemplate\":\"https:\\\/\\\/lasentinelle.dz\\\/?s={search_term_string}\"},\"query-input\":{\"@type\":\"PropertyValueSpecification\",\"valueRequired\":true,\"valueName\":\"search_term_string\"}}],\"inLanguage\":\"fr-FR\"},{\"@type\":\"Organization\",\"@id\":\"https:\\\/\\\/lasentinelle.dz\\\/#organization\",\"name\":\"Quotidien La Sentinelle\",\"url\":\"https:\\\/\\\/lasentinelle.dz\\\/\",\"logo\":{\"@type\":\"ImageObject\",\"inLanguage\":\"fr-FR\",\"@id\":\"https:\\\/\\\/lasentinelle.dz\\\/#\\\/schema\\\/logo\\\/image\\\/\",\"url\":\"https:\\\/\\\/lasentinelle.dz\\\/wp-content\\\/uploads\\\/2021\\\/09\\\/logo-sentinelleSLOGAN-1.png\",\"contentUrl\":\"https:\\\/\\\/lasentinelle.dz\\\/wp-content\\\/uploads\\\/2021\\\/09\\\/logo-sentinelleSLOGAN-1.png\",\"width\":615,\"height\":142,\"caption\":\"Quotidien La Sentinelle\"},\"image\":{\"@id\":\"https:\\\/\\\/lasentinelle.dz\\\/#\\\/schema\\\/logo\\\/image\\\/\"},\"sameAs\":[\"https:\\\/\\\/www.facebook.com\\\/La-Sentinelle-104059864394773\"]},{\"@type\":\"Person\",\"@id\":\"https:\\\/\\\/lasentinelle.dz\\\/#\\\/schema\\\/person\\\/729ee0024f24e0b8c5ec17232f8e8b41\",\"name\":\"admin\",\"image\":{\"@type\":\"ImageObject\",\"inLanguage\":\"fr-FR\",\"@id\":\"https:\\\/\\\/secure.gravatar.com\\\/avatar\\\/4c81fed838786e9b53f540bf46533e750f5d292099ae3b66cfc6fb1982e29df7?s=96&d=mm&r=g\",\"url\":\"https:\\\/\\\/secure.gravatar.com\\\/avatar\\\/4c81fed838786e9b53f540bf46533e750f5d292099ae3b66cfc6fb1982e29df7?s=96&d=mm&r=g\",\"contentUrl\":\"https:\\\/\\\/secure.gravatar.com\\\/avatar\\\/4c81fed838786e9b53f540bf46533e750f5d292099ae3b66cfc6fb1982e29df7?s=96&d=mm&r=g\",\"caption\":\"admin\"},\"description\":\"admin\",\"url\":\"https:\\\/\\\/lasentinelle.dz\\\/author\\\/admin\\\/\"}]}<\/script>\n<!-- \/ Yoast SEO plugin. -->","yoast_head_json":{"title":"R\u00e9gulation de la situation administrative des syndicalistes de l\u2019\u00c9ducation nationale\u00a0: Certaines proc\u00e9dures diff\u00e9r\u00e9es - La Sentinelle","robots":{"index":"index","follow":"follow","max-snippet":"max-snippet:-1","max-image-preview":"max-image-preview:large","max-video-preview":"max-video-preview:-1"},"canonical":"https:\/\/lasentinelle.dz\/index.php\/2026\/01\/27\/regulation-de-la-situation-administrative-des-syndicalistes-de-leducation-nationale-certaines-procedures-differees\/","og_locale":"fr_FR","og_type":"article","og_title":"R\u00e9gulation de la situation administrative des syndicalistes de l\u2019\u00c9ducation nationale\u00a0: Certaines proc\u00e9dures diff\u00e9r\u00e9es - La Sentinelle","og_description":"La situation administrative des membres des organisations syndicales du secteur de l&rsquo;Education nationale devrait prochainement conna\u00eetre un d\u00e9nouement. Evoquant ce","og_url":"https:\/\/lasentinelle.dz\/index.php\/2026\/01\/27\/regulation-de-la-situation-administrative-des-syndicalistes-de-leducation-nationale-certaines-procedures-differees\/","og_site_name":"La Sentinelle","article_publisher":"https:\/\/www.facebook.com\/La-Sentinelle-104059864394773","article_published_time":"2026-01-27T12:24:00+00:00","article_modified_time":"2026-01-27T12:24:01+00:00","og_image":[{"width":1491,"height":900,"url":"https:\/\/lasentinelle.dz\/wp-content\/uploads\/2022\/04\/Ministere-education.png","type":"image\/png"}],"author":"admin","twitter_card":"summary_large_image","twitter_misc":{"\u00c9crit par":"admin","Dur\u00e9e de lecture estim\u00e9e":"3 minutes"},"schema":{"@context":"https:\/\/schema.org","@graph":[{"@type":"Article","@id":"https:\/\/lasentinelle.dz\/index.php\/2026\/01\/27\/regulation-de-la-situation-administrative-des-syndicalistes-de-leducation-nationale-certaines-procedures-differees\/#article","isPartOf":{"@id":"https:\/\/lasentinelle.dz\/index.php\/2026\/01\/27\/regulation-de-la-situation-administrative-des-syndicalistes-de-leducation-nationale-certaines-procedures-differees\/"},"author":{"name":"admin","@id":"https:\/\/lasentinelle.dz\/#\/schema\/person\/729ee0024f24e0b8c5ec17232f8e8b41"},"headline":"R\u00e9gulation de la situation administrative des syndicalistes de l\u2019\u00c9ducation nationale\u00a0: Certaines proc\u00e9dures diff\u00e9r\u00e9es","datePublished":"2026-01-27T12:24:00+00:00","dateModified":"2026-01-27T12:24:01+00:00","mainEntityOfPage":{"@id":"https:\/\/lasentinelle.dz\/index.php\/2026\/01\/27\/regulation-de-la-situation-administrative-des-syndicalistes-de-leducation-nationale-certaines-procedures-differees\/"},"wordCount":556,"commentCount":0,"publisher":{"@id":"https:\/\/lasentinelle.dz\/#organization"},"image":{"@id":"https:\/\/lasentinelle.dz\/index.php\/2026\/01\/27\/regulation-de-la-situation-administrative-des-syndicalistes-de-leducation-nationale-certaines-procedures-differees\/#primaryimage"},"thumbnailUrl":"https:\/\/lasentinelle.dz\/wp-content\/uploads\/2022\/04\/Ministere-education.png","articleSection":["Actualit\u00e9"],"inLanguage":"fr-FR","potentialAction":[{"@type":"CommentAction","name":"Comment","target":["https:\/\/lasentinelle.dz\/index.php\/2026\/01\/27\/regulation-de-la-situation-administrative-des-syndicalistes-de-leducation-nationale-certaines-procedures-differees\/#respond"]}]},{"@type":"WebPage","@id":"https:\/\/lasentinelle.dz\/index.php\/2026\/01\/27\/regulation-de-la-situation-administrative-des-syndicalistes-de-leducation-nationale-certaines-procedures-differees\/","url":"https:\/\/lasentinelle.dz\/index.php\/2026\/01\/27\/regulation-de-la-situation-administrative-des-syndicalistes-de-leducation-nationale-certaines-procedures-differees\/","name":"R\u00e9gulation de la situation administrative des syndicalistes de l\u2019\u00c9ducation nationale\u00a0: Certaines proc\u00e9dures diff\u00e9r\u00e9es - La Sentinelle","isPartOf":{"@id":"https:\/\/lasentinelle.dz\/#website"},"primaryImageOfPage":{"@id":"https:\/\/lasentinelle.dz\/index.php\/2026\/01\/27\/regulation-de-la-situation-administrative-des-syndicalistes-de-leducation-nationale-certaines-procedures-differees\/#primaryimage"},"image":{"@id":"https:\/\/lasentinelle.dz\/index.php\/2026\/01\/27\/regulation-de-la-situation-administrative-des-syndicalistes-de-leducation-nationale-certaines-procedures-differees\/#primaryimage"},"thumbnailUrl":"https:\/\/lasentinelle.dz\/wp-content\/uploads\/2022\/04\/Ministere-education.png","datePublished":"2026-01-27T12:24:00+00:00","dateModified":"2026-01-27T12:24:01+00:00","breadcrumb":{"@id":"https:\/\/lasentinelle.dz\/index.php\/2026\/01\/27\/regulation-de-la-situation-administrative-des-syndicalistes-de-leducation-nationale-certaines-procedures-differees\/#breadcrumb"},"inLanguage":"fr-FR","potentialAction":[{"@type":"ReadAction","target":["https:\/\/lasentinelle.dz\/index.php\/2026\/01\/27\/regulation-de-la-situation-administrative-des-syndicalistes-de-leducation-nationale-certaines-procedures-differees\/"]}]},{"@type":"ImageObject","inLanguage":"fr-FR","@id":"https:\/\/lasentinelle.dz\/index.php\/2026\/01\/27\/regulation-de-la-situation-administrative-des-syndicalistes-de-leducation-nationale-certaines-procedures-differees\/#primaryimage","url":"https:\/\/lasentinelle.dz\/wp-content\/uploads\/2022\/04\/Ministere-education.png","contentUrl":"https:\/\/lasentinelle.dz\/wp-content\/uploads\/2022\/04\/Ministere-education.png","width":1491,"height":900},{"@type":"BreadcrumbList","@id":"https:\/\/lasentinelle.dz\/index.php\/2026\/01\/27\/regulation-de-la-situation-administrative-des-syndicalistes-de-leducation-nationale-certaines-procedures-differees\/#breadcrumb","itemListElement":[{"@type":"ListItem","position":1,"name":"Accueil","item":"https:\/\/lasentinelle.dz\/"},{"@type":"ListItem","position":2,"name":"R\u00e9gulation de la situation administrative des syndicalistes de l\u2019\u00c9ducation nationale\u00a0: Certaines proc\u00e9dures diff\u00e9r\u00e9es"}]},{"@type":"WebSite","@id":"https:\/\/lasentinelle.dz\/#website","url":"https:\/\/lasentinelle.dz\/","name":"La Sentinelle","description":"Quotidien national d&#039;information","publisher":{"@id":"https:\/\/lasentinelle.dz\/#organization"},"potentialAction":[{"@type":"SearchAction","target":{"@type":"EntryPoint","urlTemplate":"https:\/\/lasentinelle.dz\/?s={search_term_string}"},"query-input":{"@type":"PropertyValueSpecification","valueRequired":true,"valueName":"search_term_string"}}],"inLanguage":"fr-FR"},{"@type":"Organization","@id":"https:\/\/lasentinelle.dz\/#organization","name":"Quotidien La Sentinelle","url":"https:\/\/lasentinelle.dz\/","logo":{"@type":"ImageObject","inLanguage":"fr-FR","@id":"https:\/\/lasentinelle.dz\/#\/schema\/logo\/image\/","url":"https:\/\/lasentinelle.dz\/wp-content\/uploads\/2021\/09\/logo-sentinelleSLOGAN-1.png","contentUrl":"https:\/\/lasentinelle.dz\/wp-content\/uploads\/2021\/09\/logo-sentinelleSLOGAN-1.png","width":615,"height":142,"caption":"Quotidien La Sentinelle"},"image":{"@id":"https:\/\/lasentinelle.dz\/#\/schema\/logo\/image\/"},"sameAs":["https:\/\/www.facebook.com\/La-Sentinelle-104059864394773"]},{"@type":"Person","@id":"https:\/\/lasentinelle.dz\/#\/schema\/person\/729ee0024f24e0b8c5ec17232f8e8b41","name":"admin","image":{"@type":"ImageObject","inLanguage":"fr-FR","@id":"https:\/\/secure.gravatar.com\/avatar\/4c81fed838786e9b53f540bf46533e750f5d292099ae3b66cfc6fb1982e29df7?s=96&d=mm&r=g","url":"https:\/\/secure.gravatar.com\/avatar\/4c81fed838786e9b53f540bf46533e750f5d292099ae3b66cfc6fb1982e29df7?s=96&d=mm&r=g","contentUrl":"https:\/\/secure.gravatar.com\/avatar\/4c81fed838786e9b53f540bf46533e750f5d292099ae3b66cfc6fb1982e29df7?s=96&d=mm&r=g","caption":"admin"},"description":"admin","url":"https:\/\/lasentinelle.dz\/author\/admin\/"}]}},"_links":{"self":[{"href":"https:\/\/lasentinelle.dz\/index.php\/wp-json\/wp\/v2\/posts\/80172","targetHints":{"allow":["GET"]}}],"collection":[{"href":"https:\/\/lasentinelle.dz\/index.php\/wp-json\/wp\/v2\/posts"}],"about":[{"href":"https:\/\/lasentinelle.dz\/index.php\/wp-json\/wp\/v2\/types\/post"}],"author":[{"embeddable":true,"href":"https:\/\/lasentinelle.dz\/index.php\/wp-json\/wp\/v2\/users\/6"}],"replies":[{"embeddable":true,"href":"https:\/\/lasentinelle.dz\/index.php\/wp-json\/wp\/v2\/comments?post=80172"}],"version-history":[{"count":1,"href":"https:\/\/lasentinelle.dz\/index.php\/wp-json\/wp\/v2\/posts\/80172\/revisions"}],"predecessor-version":[{"id":80173,"href":"https:\/\/lasentinelle.dz\/index.php\/wp-json\/wp\/v2\/posts\/80172\/revisions\/80173"}],"wp:featuredmedia":[{"embeddable":true,"href":"https:\/\/lasentinelle.dz\/index.php\/wp-json\/wp\/v2\/media\/19316"}],"wp:attachment":[{"href":"https:\/\/lasentinelle.dz\/index.php\/wp-json\/wp\/v2\/media?parent=80172"}],"wp:term":[{"taxonomy":"category","embeddable":true,"href":"https:\/\/lasentinelle.dz\/index.php\/wp-json\/wp\/v2\/categories?post=80172"},{"taxonomy":"post_tag","embeddable":true,"href":"https:\/\/lasentinelle.dz\/index.php\/wp-json\/wp\/v2\/tags?post=80172"}],"curies":[{"name":"wp","href":"https:\/\/api.w.org\/{rel}","templated":true}]}}