{"id":80174,"date":"2026-01-27T13:25:03","date_gmt":"2026-01-27T12:25:03","guid":{"rendered":"https:\/\/lasentinelle.dz\/?p=80174"},"modified":"2026-01-27T13:25:05","modified_gmt":"2026-01-27T12:25:05","slug":"citoyens-algeriens-en-situation-precaire-a-letranger-la-procedure-de-regularisation-devoilee","status":"publish","type":"post","link":"https:\/\/lasentinelle.dz\/index.php\/2026\/01\/27\/citoyens-algeriens-en-situation-precaire-a-letranger-la-procedure-de-regularisation-devoilee\/","title":{"rendered":"Citoyens alg\u00e9riens en situation pr\u00e9caire \u00e0 l\u2019\u00e9tranger\u00a0:\u00a0La proc\u00e9dure de r\u00e9gularisation d\u00e9voil\u00e9e"},"content":{"rendered":"\n<p>Le minist\u00e8re des Affaires \u00e9trang\u00e8res a pr\u00e9cis\u00e9 lundi les modalit\u00e9s pratiques de r\u00e9gularisation de la situation des citoyens alg\u00e9riens en situation pr\u00e9caire et irr\u00e9guli\u00e8re \u00e0 l&rsquo;\u00e9tranger, deux semaines apr\u00e8s l&rsquo;annonce de cette mesure par le pr\u00e9sident de la R\u00e9publique. Les personnes concern\u00e9es sont invit\u00e9es \u00e0 se rapprocher des repr\u00e9sentations diplomatiques et consulaires alg\u00e9riennes dans leurs pays de r\u00e9sidence pour d\u00e9poser leurs dossiers de demande, \u00e0 condition de ne pas r\u00e9cidiver dans les faits pour lesquels elles sont poursuivies.<\/p>\n\n\n\n<p>Dans un communiqu\u00e9 rendu public lundi, le minist\u00e8re des Affaires \u00e9trang\u00e8res a formalis\u00e9 la mise en \u0153uvre de la d\u00e9cision pr\u00e9sidentielle. \u00ab\u00a0En application de la d\u00e9cision du pr\u00e9sident de la R\u00e9publique, M. Abdelmadjid Tebboune, portant r\u00e9gularisation de la situation des citoyens se trouvant \u00e0 l&rsquo;\u00e9tranger en situation pr\u00e9caire et irr\u00e9guli\u00e8re, faisant l&rsquo;objet de proc\u00e9dures juridiques ou administratives li\u00e9es \u00e0 des faits mineurs en rapport avec l&rsquo;ordre public ou \u00e0 d&rsquo;autres faits similaires, le minist\u00e8re des Affaires \u00e9trang\u00e8res informe les personnes concern\u00e9es qu&rsquo;il leur est possible de r\u00e9gulariser leur situation et de regagner le territoire national dans un cadre organis\u00e9\u00a0\u00bb, pr\u00e9cise le document. Le minist\u00e8re invite les int\u00e9ress\u00e9s \u00e0 \u00ab\u00a0se rapprocher des repr\u00e9sentations diplomatiques et consulaires alg\u00e9riennes dans leurs pays de r\u00e9sidence pour d\u00e9poser des demandes de r\u00e9gularisation et les dossiers requis afin de b\u00e9n\u00e9ficier de cette mesure, \u00e0 condition de ne pas r\u00e9cidiver dans les faits pour lesquels ils sont poursuivis\u00a0\u00bb. Le communiqu\u00e9 rappelle \u00e9galement \u00ab\u00a0l&rsquo;engagement de l&rsquo;\u00c9tat \u00e0 accompagner les membres de la communaut\u00e9 nationale \u00e9tablie \u00e0 l&rsquo;\u00e9tranger, \u00e0 les prot\u00e9ger et \u00e0 prendre en charge leurs pr\u00e9occupations, conform\u00e9ment aux instructions des hautes autorit\u00e9s du pays\u00a0\u00bb. Cette d\u00e9claration s&rsquo;inscrit dans le cadre de la politique de protection consulaire men\u00e9e par les autorit\u00e9s envers les ressortissants alg\u00e9riens \u00e9tablis hors du territoire national.<\/p>\n\n\n\n<p>Cette initiative trouve son origine dans la r\u00e9union du Conseil des ministres tenue le 11 janvier dernier sous la pr\u00e9sidence du pr\u00e9sident de la R\u00e9publique. \u00c0 cette occasion, une d\u00e9cision avait \u00e9t\u00e9 prise portant r\u00e9gularisation de la situation des jeunes Alg\u00e9riens se trouvant \u00e0 l&rsquo;\u00e9tranger en situation pr\u00e9caire et irr\u00e9guli\u00e8re, ayant \u00e9t\u00e9 induits en erreur \u00e0 des fins d&rsquo;instrumentalisation contre leur pays. Le Pr\u00e9sident Tebboune avait alors lanc\u00e9 un appel aux jeunes Alg\u00e9riens vivant cette situation difficile, soulignant que la plupart d&rsquo;entre eux n&rsquo;avaient commis que des infractions l\u00e9g\u00e8res, comme la crainte d&rsquo;une simple convocation par la police ou la Gendarmerie nationale pour \u00eatre entendus sur des faits li\u00e9s \u00e0 l&rsquo;ordre public ou d&rsquo;autres motifs similaires. Le communiqu\u00e9 du Conseil des ministres avait mis en lumi\u00e8re les circonstances ayant conduit de nombreux jeunes \u00e0 quitter le territoire national de mani\u00e8re irr\u00e9guli\u00e8re. Certains acteurs avaient d\u00e9lib\u00e9r\u00e9ment instrumentalis\u00e9 les statistiques relatives au ph\u00e9nom\u00e8ne de la migration clandestine pour ternir l&rsquo;image de l&rsquo;Alg\u00e9rie et semer le d\u00e9sarroi parmi les jeunes, les poussant \u00e0 quitter ill\u00e9galement le pays. Ces jeunes se trouvent aujourd&rsquo;hui loin de leur patrie, de leurs proches et de leurs amis, confront\u00e9s \u00e0 une pauvret\u00e9 extr\u00eame et \u00e0 la mis\u00e8re, r\u00e9duits \u00e0 ex\u00e9cuter des t\u00e2ches humiliantes, tandis que certains sont instrumentalis\u00e9s contre leur pays d&rsquo;origine.<\/p>\n\n\n\n<p>La d\u00e9cision de r\u00e9gularisation adopt\u00e9e en Conseil des ministres s&rsquo;est faite en accord total entre toutes les institutions de la R\u00e9publique. Elle vise \u00e0 permettre \u00e0 ces Alg\u00e9riennes et Alg\u00e9riens de rentrer au pays dans des conditions organis\u00e9es et dignes. La mise en \u0153uvre des proc\u00e9dures li\u00e9es \u00e0 cette d\u00e9cision est d\u00e9sormais assur\u00e9e par les consulats d&rsquo;Alg\u00e9rie \u00e0 l&rsquo;\u00e9tranger, qui accompagneront les candidats au retour jusqu&rsquo;\u00e0 leur rapatriement vers la m\u00e8re patrie.<\/p>\n\n\n\n<p>Toutefois, des exclusions strictes ont \u00e9t\u00e9 pr\u00e9vues dans le cadre de cette mesure d&rsquo;apaisement. Sont \u00e9cart\u00e9s du dispositif les auteurs de crimes de sang, de trafic de drogue, de trafic d&rsquo;armes, ainsi que toute personne ayant collabor\u00e9 avec des services de s\u00e9curit\u00e9 \u00e9trangers dans le but de porter atteinte \u00e0 l&rsquo;Alg\u00e9rie. Ces restrictions visent \u00e0 garantir que la mesure b\u00e9n\u00e9ficie uniquement aux personnes ayant \u00e9t\u00e9 victimes de manipulations et non aux individus ayant commis des actes graves portant atteinte \u00e0 la s\u00e9curit\u00e9 nationale ou \u00e0 l&rsquo;int\u00e9grit\u00e9 physique d&rsquo;autrui. Le dispositif mis en place t\u00e9moigne de la volont\u00e9 des autorit\u00e9s alg\u00e9riennes de tendre la main \u00e0 une jeunesse \u00e9gar\u00e9e tout en pr\u00e9servant les int\u00e9r\u00eats sup\u00e9rieurs de la nation.<\/p>\n\n\n\n<p>Hocine Fadheli<\/p>\n","protected":false},"excerpt":{"rendered":"<p>Le minist\u00e8re des Affaires \u00e9trang\u00e8res a pr\u00e9cis\u00e9 lundi les modalit\u00e9s pratiques de r\u00e9gularisation de la situation des citoyens alg\u00e9riens en<\/p>\n","protected":false},"author":6,"featured_media":6701,"comment_status":"open","ping_status":"closed","sticky":false,"template":"","format":"standard","meta":{"colormag_page_container_layout":"default_layout","colormag_page_sidebar_layout":"default_layout","om_disable_all_campaigns":false,"_monsterinsights_skip_tracking":false,"_monsterinsights_sitenote_active":false,"_monsterinsights_sitenote_note":"","_monsterinsights_sitenote_category":0,"footnotes":"","_wpscppro_dont_share_socialmedia":false,"_wpscppro_custom_social_share_image":0,"_facebook_share_type":"default","_twitter_share_type":"default","_linkedin_share_type":"default","_pinterest_share_type":"default","_linkedin_share_type_page":"","_instagram_share_type":"default","_medium_share_type":"default","_threads_share_type":"default","_google_business_share_type":"default","_selected_social_profile":[],"_wpsp_enable_custom_social_template":false,"_wpsp_social_scheduling":{"enabled":false,"datetime":null,"platforms":[],"status":"template_only","dateOption":"today","timeOption":"now","customDays":"","customHours":"","customDate":"","customTime":"","schedulingType":"absolute"},"_wpsp_active_default_template":true},"categories":[52,27],"tags":[],"class_list":["post-80174","post","type-post","status-publish","format-standard","has-post-thumbnail","hentry","category-a-la-une","category-actualite"],"aioseo_notices":[],"yoast_head":"<!-- This site is optimized with the Yoast SEO plugin v27.5 - https:\/\/yoast.com\/product\/yoast-seo-wordpress\/ -->\n<title>Citoyens alg\u00e9riens en situation pr\u00e9caire \u00e0 l\u2019\u00e9tranger\u00a0:\u00a0La proc\u00e9dure de r\u00e9gularisation d\u00e9voil\u00e9e - La Sentinelle<\/title>\n<meta name=\"robots\" content=\"index, follow, max-snippet:-1, max-image-preview:large, max-video-preview:-1\" \/>\n<link rel=\"canonical\" href=\"https:\/\/lasentinelle.dz\/index.php\/2026\/01\/27\/citoyens-algeriens-en-situation-precaire-a-letranger-la-procedure-de-regularisation-devoilee\/\" \/>\n<meta property=\"og:locale\" content=\"fr_FR\" \/>\n<meta property=\"og:type\" content=\"article\" \/>\n<meta property=\"og:title\" content=\"Citoyens alg\u00e9riens en situation pr\u00e9caire \u00e0 l\u2019\u00e9tranger\u00a0:\u00a0La proc\u00e9dure de r\u00e9gularisation d\u00e9voil\u00e9e - La Sentinelle\" \/>\n<meta property=\"og:description\" content=\"Le minist\u00e8re des Affaires \u00e9trang\u00e8res a pr\u00e9cis\u00e9 lundi les modalit\u00e9s pratiques de r\u00e9gularisation de la situation des citoyens alg\u00e9riens en\" \/>\n<meta property=\"og:url\" content=\"https:\/\/lasentinelle.dz\/index.php\/2026\/01\/27\/citoyens-algeriens-en-situation-precaire-a-letranger-la-procedure-de-regularisation-devoilee\/\" \/>\n<meta property=\"og:site_name\" content=\"La Sentinelle\" \/>\n<meta property=\"article:publisher\" content=\"https:\/\/www.facebook.com\/La-Sentinelle-104059864394773\" \/>\n<meta property=\"article:published_time\" content=\"2026-01-27T12:25:03+00:00\" \/>\n<meta property=\"article:modified_time\" content=\"2026-01-27T12:25:05+00:00\" \/>\n<meta property=\"og:image\" content=\"https:\/\/lasentinelle.dz\/wp-content\/uploads\/2021\/09\/MAE-siege.jpeg\" \/>\n\t<meta property=\"og:image:width\" content=\"2135\" \/>\n\t<meta property=\"og:image:height\" content=\"1423\" \/>\n\t<meta property=\"og:image:type\" content=\"image\/jpeg\" \/>\n<meta name=\"author\" content=\"admin\" \/>\n<meta name=\"twitter:card\" content=\"summary_large_image\" \/>\n<meta name=\"twitter:label1\" content=\"\u00c9crit par\" \/>\n\t<meta name=\"twitter:data1\" content=\"admin\" \/>\n\t<meta name=\"twitter:label2\" content=\"Dur\u00e9e de lecture estim\u00e9e\" \/>\n\t<meta name=\"twitter:data2\" content=\"4 minutes\" \/>\n<script type=\"application\/ld+json\" class=\"yoast-schema-graph\">{\"@context\":\"https:\\\/\\\/schema.org\",\"@graph\":[{\"@type\":\"Article\",\"@id\":\"https:\\\/\\\/lasentinelle.dz\\\/index.php\\\/2026\\\/01\\\/27\\\/citoyens-algeriens-en-situation-precaire-a-letranger-la-procedure-de-regularisation-devoilee\\\/#article\",\"isPartOf\":{\"@id\":\"https:\\\/\\\/lasentinelle.dz\\\/index.php\\\/2026\\\/01\\\/27\\\/citoyens-algeriens-en-situation-precaire-a-letranger-la-procedure-de-regularisation-devoilee\\\/\"},\"author\":{\"name\":\"admin\",\"@id\":\"https:\\\/\\\/lasentinelle.dz\\\/#\\\/schema\\\/person\\\/729ee0024f24e0b8c5ec17232f8e8b41\"},\"headline\":\"Citoyens alg\u00e9riens en situation pr\u00e9caire \u00e0 l\u2019\u00e9tranger\u00a0:\u00a0La proc\u00e9dure de r\u00e9gularisation d\u00e9voil\u00e9e\",\"datePublished\":\"2026-01-27T12:25:03+00:00\",\"dateModified\":\"2026-01-27T12:25:05+00:00\",\"mainEntityOfPage\":{\"@id\":\"https:\\\/\\\/lasentinelle.dz\\\/index.php\\\/2026\\\/01\\\/27\\\/citoyens-algeriens-en-situation-precaire-a-letranger-la-procedure-de-regularisation-devoilee\\\/\"},\"wordCount\":832,\"commentCount\":0,\"publisher\":{\"@id\":\"https:\\\/\\\/lasentinelle.dz\\\/#organization\"},\"image\":{\"@id\":\"https:\\\/\\\/lasentinelle.dz\\\/index.php\\\/2026\\\/01\\\/27\\\/citoyens-algeriens-en-situation-precaire-a-letranger-la-procedure-de-regularisation-devoilee\\\/#primaryimage\"},\"thumbnailUrl\":\"https:\\\/\\\/lasentinelle.dz\\\/wp-content\\\/uploads\\\/2021\\\/09\\\/MAE-siege.jpeg\",\"articleSection\":[\"\u00c0 la Une\",\"Actualit\u00e9\"],\"inLanguage\":\"fr-FR\",\"potentialAction\":[{\"@type\":\"CommentAction\",\"name\":\"Comment\",\"target\":[\"https:\\\/\\\/lasentinelle.dz\\\/index.php\\\/2026\\\/01\\\/27\\\/citoyens-algeriens-en-situation-precaire-a-letranger-la-procedure-de-regularisation-devoilee\\\/#respond\"]}]},{\"@type\":\"WebPage\",\"@id\":\"https:\\\/\\\/lasentinelle.dz\\\/index.php\\\/2026\\\/01\\\/27\\\/citoyens-algeriens-en-situation-precaire-a-letranger-la-procedure-de-regularisation-devoilee\\\/\",\"url\":\"https:\\\/\\\/lasentinelle.dz\\\/index.php\\\/2026\\\/01\\\/27\\\/citoyens-algeriens-en-situation-precaire-a-letranger-la-procedure-de-regularisation-devoilee\\\/\",\"name\":\"Citoyens alg\u00e9riens en situation pr\u00e9caire \u00e0 l\u2019\u00e9tranger\u00a0:\u00a0La proc\u00e9dure de r\u00e9gularisation d\u00e9voil\u00e9e - La Sentinelle\",\"isPartOf\":{\"@id\":\"https:\\\/\\\/lasentinelle.dz\\\/#website\"},\"primaryImageOfPage\":{\"@id\":\"https:\\\/\\\/lasentinelle.dz\\\/index.php\\\/2026\\\/01\\\/27\\\/citoyens-algeriens-en-situation-precaire-a-letranger-la-procedure-de-regularisation-devoilee\\\/#primaryimage\"},\"image\":{\"@id\":\"https:\\\/\\\/lasentinelle.dz\\\/index.php\\\/2026\\\/01\\\/27\\\/citoyens-algeriens-en-situation-precaire-a-letranger-la-procedure-de-regularisation-devoilee\\\/#primaryimage\"},\"thumbnailUrl\":\"https:\\\/\\\/lasentinelle.dz\\\/wp-content\\\/uploads\\\/2021\\\/09\\\/MAE-siege.jpeg\",\"datePublished\":\"2026-01-27T12:25:03+00:00\",\"dateModified\":\"2026-01-27T12:25:05+00:00\",\"breadcrumb\":{\"@id\":\"https:\\\/\\\/lasentinelle.dz\\\/index.php\\\/2026\\\/01\\\/27\\\/citoyens-algeriens-en-situation-precaire-a-letranger-la-procedure-de-regularisation-devoilee\\\/#breadcrumb\"},\"inLanguage\":\"fr-FR\",\"potentialAction\":[{\"@type\":\"ReadAction\",\"target\":[\"https:\\\/\\\/lasentinelle.dz\\\/index.php\\\/2026\\\/01\\\/27\\\/citoyens-algeriens-en-situation-precaire-a-letranger-la-procedure-de-regularisation-devoilee\\\/\"]}]},{\"@type\":\"ImageObject\",\"inLanguage\":\"fr-FR\",\"@id\":\"https:\\\/\\\/lasentinelle.dz\\\/index.php\\\/2026\\\/01\\\/27\\\/citoyens-algeriens-en-situation-precaire-a-letranger-la-procedure-de-regularisation-devoilee\\\/#primaryimage\",\"url\":\"https:\\\/\\\/lasentinelle.dz\\\/wp-content\\\/uploads\\\/2021\\\/09\\\/MAE-siege.jpeg\",\"contentUrl\":\"https:\\\/\\\/lasentinelle.dz\\\/wp-content\\\/uploads\\\/2021\\\/09\\\/MAE-siege.jpeg\",\"width\":2135,\"height\":1423,\"caption\":\"????????????????????????????????????\"},{\"@type\":\"BreadcrumbList\",\"@id\":\"https:\\\/\\\/lasentinelle.dz\\\/index.php\\\/2026\\\/01\\\/27\\\/citoyens-algeriens-en-situation-precaire-a-letranger-la-procedure-de-regularisation-devoilee\\\/#breadcrumb\",\"itemListElement\":[{\"@type\":\"ListItem\",\"position\":1,\"name\":\"Accueil\",\"item\":\"https:\\\/\\\/lasentinelle.dz\\\/\"},{\"@type\":\"ListItem\",\"position\":2,\"name\":\"Citoyens alg\u00e9riens en situation pr\u00e9caire \u00e0 l\u2019\u00e9tranger\u00a0:\u00a0La proc\u00e9dure de r\u00e9gularisation d\u00e9voil\u00e9e\"}]},{\"@type\":\"WebSite\",\"@id\":\"https:\\\/\\\/lasentinelle.dz\\\/#website\",\"url\":\"https:\\\/\\\/lasentinelle.dz\\\/\",\"name\":\"La Sentinelle\",\"description\":\"Quotidien national d&#039;information\",\"publisher\":{\"@id\":\"https:\\\/\\\/lasentinelle.dz\\\/#organization\"},\"potentialAction\":[{\"@type\":\"SearchAction\",\"target\":{\"@type\":\"EntryPoint\",\"urlTemplate\":\"https:\\\/\\\/lasentinelle.dz\\\/?s={search_term_string}\"},\"query-input\":{\"@type\":\"PropertyValueSpecification\",\"valueRequired\":true,\"valueName\":\"search_term_string\"}}],\"inLanguage\":\"fr-FR\"},{\"@type\":\"Organization\",\"@id\":\"https:\\\/\\\/lasentinelle.dz\\\/#organization\",\"name\":\"Quotidien La Sentinelle\",\"url\":\"https:\\\/\\\/lasentinelle.dz\\\/\",\"logo\":{\"@type\":\"ImageObject\",\"inLanguage\":\"fr-FR\",\"@id\":\"https:\\\/\\\/lasentinelle.dz\\\/#\\\/schema\\\/logo\\\/image\\\/\",\"url\":\"https:\\\/\\\/lasentinelle.dz\\\/wp-content\\\/uploads\\\/2021\\\/09\\\/logo-sentinelleSLOGAN-1.png\",\"contentUrl\":\"https:\\\/\\\/lasentinelle.dz\\\/wp-content\\\/uploads\\\/2021\\\/09\\\/logo-sentinelleSLOGAN-1.png\",\"width\":615,\"height\":142,\"caption\":\"Quotidien La Sentinelle\"},\"image\":{\"@id\":\"https:\\\/\\\/lasentinelle.dz\\\/#\\\/schema\\\/logo\\\/image\\\/\"},\"sameAs\":[\"https:\\\/\\\/www.facebook.com\\\/La-Sentinelle-104059864394773\"]},{\"@type\":\"Person\",\"@id\":\"https:\\\/\\\/lasentinelle.dz\\\/#\\\/schema\\\/person\\\/729ee0024f24e0b8c5ec17232f8e8b41\",\"name\":\"admin\",\"image\":{\"@type\":\"ImageObject\",\"inLanguage\":\"fr-FR\",\"@id\":\"https:\\\/\\\/secure.gravatar.com\\\/avatar\\\/4c81fed838786e9b53f540bf46533e750f5d292099ae3b66cfc6fb1982e29df7?s=96&d=mm&r=g\",\"url\":\"https:\\\/\\\/secure.gravatar.com\\\/avatar\\\/4c81fed838786e9b53f540bf46533e750f5d292099ae3b66cfc6fb1982e29df7?s=96&d=mm&r=g\",\"contentUrl\":\"https:\\\/\\\/secure.gravatar.com\\\/avatar\\\/4c81fed838786e9b53f540bf46533e750f5d292099ae3b66cfc6fb1982e29df7?s=96&d=mm&r=g\",\"caption\":\"admin\"},\"description\":\"admin\",\"url\":\"https:\\\/\\\/lasentinelle.dz\\\/author\\\/admin\\\/\"}]}<\/script>\n<!-- \/ Yoast SEO plugin. -->","yoast_head_json":{"title":"Citoyens alg\u00e9riens en situation pr\u00e9caire \u00e0 l\u2019\u00e9tranger\u00a0:\u00a0La proc\u00e9dure de r\u00e9gularisation d\u00e9voil\u00e9e - La Sentinelle","robots":{"index":"index","follow":"follow","max-snippet":"max-snippet:-1","max-image-preview":"max-image-preview:large","max-video-preview":"max-video-preview:-1"},"canonical":"https:\/\/lasentinelle.dz\/index.php\/2026\/01\/27\/citoyens-algeriens-en-situation-precaire-a-letranger-la-procedure-de-regularisation-devoilee\/","og_locale":"fr_FR","og_type":"article","og_title":"Citoyens alg\u00e9riens en situation pr\u00e9caire \u00e0 l\u2019\u00e9tranger\u00a0:\u00a0La proc\u00e9dure de r\u00e9gularisation d\u00e9voil\u00e9e - La Sentinelle","og_description":"Le minist\u00e8re des Affaires \u00e9trang\u00e8res a pr\u00e9cis\u00e9 lundi les modalit\u00e9s pratiques de r\u00e9gularisation de la situation des citoyens alg\u00e9riens en","og_url":"https:\/\/lasentinelle.dz\/index.php\/2026\/01\/27\/citoyens-algeriens-en-situation-precaire-a-letranger-la-procedure-de-regularisation-devoilee\/","og_site_name":"La Sentinelle","article_publisher":"https:\/\/www.facebook.com\/La-Sentinelle-104059864394773","article_published_time":"2026-01-27T12:25:03+00:00","article_modified_time":"2026-01-27T12:25:05+00:00","og_image":[{"width":2135,"height":1423,"url":"https:\/\/lasentinelle.dz\/wp-content\/uploads\/2021\/09\/MAE-siege.jpeg","type":"image\/jpeg"}],"author":"admin","twitter_card":"summary_large_image","twitter_misc":{"\u00c9crit par":"admin","Dur\u00e9e de lecture estim\u00e9e":"4 minutes"},"schema":{"@context":"https:\/\/schema.org","@graph":[{"@type":"Article","@id":"https:\/\/lasentinelle.dz\/index.php\/2026\/01\/27\/citoyens-algeriens-en-situation-precaire-a-letranger-la-procedure-de-regularisation-devoilee\/#article","isPartOf":{"@id":"https:\/\/lasentinelle.dz\/index.php\/2026\/01\/27\/citoyens-algeriens-en-situation-precaire-a-letranger-la-procedure-de-regularisation-devoilee\/"},"author":{"name":"admin","@id":"https:\/\/lasentinelle.dz\/#\/schema\/person\/729ee0024f24e0b8c5ec17232f8e8b41"},"headline":"Citoyens alg\u00e9riens en situation pr\u00e9caire \u00e0 l\u2019\u00e9tranger\u00a0:\u00a0La proc\u00e9dure de r\u00e9gularisation d\u00e9voil\u00e9e","datePublished":"2026-01-27T12:25:03+00:00","dateModified":"2026-01-27T12:25:05+00:00","mainEntityOfPage":{"@id":"https:\/\/lasentinelle.dz\/index.php\/2026\/01\/27\/citoyens-algeriens-en-situation-precaire-a-letranger-la-procedure-de-regularisation-devoilee\/"},"wordCount":832,"commentCount":0,"publisher":{"@id":"https:\/\/lasentinelle.dz\/#organization"},"image":{"@id":"https:\/\/lasentinelle.dz\/index.php\/2026\/01\/27\/citoyens-algeriens-en-situation-precaire-a-letranger-la-procedure-de-regularisation-devoilee\/#primaryimage"},"thumbnailUrl":"https:\/\/lasentinelle.dz\/wp-content\/uploads\/2021\/09\/MAE-siege.jpeg","articleSection":["\u00c0 la Une","Actualit\u00e9"],"inLanguage":"fr-FR","potentialAction":[{"@type":"CommentAction","name":"Comment","target":["https:\/\/lasentinelle.dz\/index.php\/2026\/01\/27\/citoyens-algeriens-en-situation-precaire-a-letranger-la-procedure-de-regularisation-devoilee\/#respond"]}]},{"@type":"WebPage","@id":"https:\/\/lasentinelle.dz\/index.php\/2026\/01\/27\/citoyens-algeriens-en-situation-precaire-a-letranger-la-procedure-de-regularisation-devoilee\/","url":"https:\/\/lasentinelle.dz\/index.php\/2026\/01\/27\/citoyens-algeriens-en-situation-precaire-a-letranger-la-procedure-de-regularisation-devoilee\/","name":"Citoyens alg\u00e9riens en situation pr\u00e9caire \u00e0 l\u2019\u00e9tranger\u00a0:\u00a0La proc\u00e9dure de r\u00e9gularisation d\u00e9voil\u00e9e - La Sentinelle","isPartOf":{"@id":"https:\/\/lasentinelle.dz\/#website"},"primaryImageOfPage":{"@id":"https:\/\/lasentinelle.dz\/index.php\/2026\/01\/27\/citoyens-algeriens-en-situation-precaire-a-letranger-la-procedure-de-regularisation-devoilee\/#primaryimage"},"image":{"@id":"https:\/\/lasentinelle.dz\/index.php\/2026\/01\/27\/citoyens-algeriens-en-situation-precaire-a-letranger-la-procedure-de-regularisation-devoilee\/#primaryimage"},"thumbnailUrl":"https:\/\/lasentinelle.dz\/wp-content\/uploads\/2021\/09\/MAE-siege.jpeg","datePublished":"2026-01-27T12:25:03+00:00","dateModified":"2026-01-27T12:25:05+00:00","breadcrumb":{"@id":"https:\/\/lasentinelle.dz\/index.php\/2026\/01\/27\/citoyens-algeriens-en-situation-precaire-a-letranger-la-procedure-de-regularisation-devoilee\/#breadcrumb"},"inLanguage":"fr-FR","potentialAction":[{"@type":"ReadAction","target":["https:\/\/lasentinelle.dz\/index.php\/2026\/01\/27\/citoyens-algeriens-en-situation-precaire-a-letranger-la-procedure-de-regularisation-devoilee\/"]}]},{"@type":"ImageObject","inLanguage":"fr-FR","@id":"https:\/\/lasentinelle.dz\/index.php\/2026\/01\/27\/citoyens-algeriens-en-situation-precaire-a-letranger-la-procedure-de-regularisation-devoilee\/#primaryimage","url":"https:\/\/lasentinelle.dz\/wp-content\/uploads\/2021\/09\/MAE-siege.jpeg","contentUrl":"https:\/\/lasentinelle.dz\/wp-content\/uploads\/2021\/09\/MAE-siege.jpeg","width":2135,"height":1423,"caption":"????????????????????????????????????"},{"@type":"BreadcrumbList","@id":"https:\/\/lasentinelle.dz\/index.php\/2026\/01\/27\/citoyens-algeriens-en-situation-precaire-a-letranger-la-procedure-de-regularisation-devoilee\/#breadcrumb","itemListElement":[{"@type":"ListItem","position":1,"name":"Accueil","item":"https:\/\/lasentinelle.dz\/"},{"@type":"ListItem","position":2,"name":"Citoyens alg\u00e9riens en situation pr\u00e9caire \u00e0 l\u2019\u00e9tranger\u00a0:\u00a0La proc\u00e9dure de r\u00e9gularisation d\u00e9voil\u00e9e"}]},{"@type":"WebSite","@id":"https:\/\/lasentinelle.dz\/#website","url":"https:\/\/lasentinelle.dz\/","name":"La Sentinelle","description":"Quotidien national d&#039;information","publisher":{"@id":"https:\/\/lasentinelle.dz\/#organization"},"potentialAction":[{"@type":"SearchAction","target":{"@type":"EntryPoint","urlTemplate":"https:\/\/lasentinelle.dz\/?s={search_term_string}"},"query-input":{"@type":"PropertyValueSpecification","valueRequired":true,"valueName":"search_term_string"}}],"inLanguage":"fr-FR"},{"@type":"Organization","@id":"https:\/\/lasentinelle.dz\/#organization","name":"Quotidien La Sentinelle","url":"https:\/\/lasentinelle.dz\/","logo":{"@type":"ImageObject","inLanguage":"fr-FR","@id":"https:\/\/lasentinelle.dz\/#\/schema\/logo\/image\/","url":"https:\/\/lasentinelle.dz\/wp-content\/uploads\/2021\/09\/logo-sentinelleSLOGAN-1.png","contentUrl":"https:\/\/lasentinelle.dz\/wp-content\/uploads\/2021\/09\/logo-sentinelleSLOGAN-1.png","width":615,"height":142,"caption":"Quotidien La Sentinelle"},"image":{"@id":"https:\/\/lasentinelle.dz\/#\/schema\/logo\/image\/"},"sameAs":["https:\/\/www.facebook.com\/La-Sentinelle-104059864394773"]},{"@type":"Person","@id":"https:\/\/lasentinelle.dz\/#\/schema\/person\/729ee0024f24e0b8c5ec17232f8e8b41","name":"admin","image":{"@type":"ImageObject","inLanguage":"fr-FR","@id":"https:\/\/secure.gravatar.com\/avatar\/4c81fed838786e9b53f540bf46533e750f5d292099ae3b66cfc6fb1982e29df7?s=96&d=mm&r=g","url":"https:\/\/secure.gravatar.com\/avatar\/4c81fed838786e9b53f540bf46533e750f5d292099ae3b66cfc6fb1982e29df7?s=96&d=mm&r=g","contentUrl":"https:\/\/secure.gravatar.com\/avatar\/4c81fed838786e9b53f540bf46533e750f5d292099ae3b66cfc6fb1982e29df7?s=96&d=mm&r=g","caption":"admin"},"description":"admin","url":"https:\/\/lasentinelle.dz\/author\/admin\/"}]}},"_links":{"self":[{"href":"https:\/\/lasentinelle.dz\/index.php\/wp-json\/wp\/v2\/posts\/80174","targetHints":{"allow":["GET"]}}],"collection":[{"href":"https:\/\/lasentinelle.dz\/index.php\/wp-json\/wp\/v2\/posts"}],"about":[{"href":"https:\/\/lasentinelle.dz\/index.php\/wp-json\/wp\/v2\/types\/post"}],"author":[{"embeddable":true,"href":"https:\/\/lasentinelle.dz\/index.php\/wp-json\/wp\/v2\/users\/6"}],"replies":[{"embeddable":true,"href":"https:\/\/lasentinelle.dz\/index.php\/wp-json\/wp\/v2\/comments?post=80174"}],"version-history":[{"count":1,"href":"https:\/\/lasentinelle.dz\/index.php\/wp-json\/wp\/v2\/posts\/80174\/revisions"}],"predecessor-version":[{"id":80175,"href":"https:\/\/lasentinelle.dz\/index.php\/wp-json\/wp\/v2\/posts\/80174\/revisions\/80175"}],"wp:featuredmedia":[{"embeddable":true,"href":"https:\/\/lasentinelle.dz\/index.php\/wp-json\/wp\/v2\/media\/6701"}],"wp:attachment":[{"href":"https:\/\/lasentinelle.dz\/index.php\/wp-json\/wp\/v2\/media?parent=80174"}],"wp:term":[{"taxonomy":"category","embeddable":true,"href":"https:\/\/lasentinelle.dz\/index.php\/wp-json\/wp\/v2\/categories?post=80174"},{"taxonomy":"post_tag","embeddable":true,"href":"https:\/\/lasentinelle.dz\/index.php\/wp-json\/wp\/v2\/tags?post=80174"}],"curies":[{"name":"wp","href":"https:\/\/api.w.org\/{rel}","templated":true}]}}