{"id":80176,"date":"2026-01-27T13:27:40","date_gmt":"2026-01-27T12:27:40","guid":{"rendered":"https:\/\/lasentinelle.dz\/?p=80176"},"modified":"2026-01-27T13:27:41","modified_gmt":"2026-01-27T12:27:41","slug":"le-president-tebboune-recoit-le-secretaire-general-adjoint-des-nations-unies-lalgerie-a-investi-ses-ressources-dans-son-peuple","status":"publish","type":"post","link":"https:\/\/lasentinelle.dz\/index.php\/2026\/01\/27\/le-president-tebboune-recoit-le-secretaire-general-adjoint-des-nations-unies-lalgerie-a-investi-ses-ressources-dans-son-peuple\/","title":{"rendered":"Le Pr\u00e9sident Tebboune re\u00e7oit le\u00a0Secr\u00e9taire g\u00e9n\u00e9ral adjoint des Nations unies\u00a0:\u00a0\u00ab\u00a0L&rsquo;Alg\u00e9rie a investi ses ressources dans son peuple\u00a0\u00bb"},"content":{"rendered":"\n<p>Le pr\u00e9sident de la R\u00e9publique Abdelmadjid Tebboune a re\u00e7u lundi le Secr\u00e9taire g\u00e9n\u00e9ral adjoint des Nations unies et secr\u00e9taire ex\u00e9cutif de la Commission \u00e9conomique pour l&rsquo;Afrique, Claver Gatete, lors d&rsquo;une audience qui a permis au responsable onusien de saluer les r\u00e9alisations alg\u00e9riennes en mati\u00e8re de d\u00e9veloppement et de qualifier le pays de mod\u00e8le \u00e0 suivre. L&rsquo;audience s&rsquo;est d\u00e9roul\u00e9e en pr\u00e9sence du directeur de Cabinet de la Pr\u00e9sidence de la R\u00e9publique Boualem Boualem, du ministre des Finances Abdelkrim Bouzred, ainsi qu&rsquo;Amar Abba, conseiller aupr\u00e8s du pr\u00e9sident de la R\u00e9publique charg\u00e9 des affaires diplomatiques. Dans une d\u00e9claration \u00e0 la presse \u00e0 l&rsquo;issue de sa rencontre avec le chef de l&rsquo;\u00c9tat, Claver Gatete a affirm\u00e9 que \u00ab\u00a0l&rsquo;Alg\u00e9rie a investi ses ressources dans son peuple et constitue un pays \u00e0 imiter en mati\u00e8re de d\u00e9veloppement\u00a0\u00bb, louant \u00ab\u00a0les progr\u00e8s consid\u00e9rables\u00a0\u00bb accomplis par le pays dans ce domaine. Le haut responsable onusien a particuli\u00e8rement mis en exergue les performances alg\u00e9riennes en termes d&rsquo;acc\u00e8s aux services de base et d&rsquo;investissement dans le capital humain. \u00ab\u00a0L&rsquo;Alg\u00e9rie est le seul pays au monde qui fournit l&rsquo;\u00e9lectricit\u00e9 \u00e0 l&rsquo;ensemble de ses citoyens, tout comme elle offre une \u00e9ducation gratuite pour tous, ce qui a contribu\u00e9 \u00e0 la r\u00e9alisation de ces progr\u00e8s consid\u00e9rables\u00a0\u00bb, a d\u00e9clar\u00e9 Gatete, ajoutant qu&rsquo;il s&rsquo;agit d'\u00a0\u00bbun \u00c9tat qui a investi ses ressources dans son peuple et qui constitue un mod\u00e8le \u00e0 suivre pour tout pays aspirant au d\u00e9veloppement\u00a0\u00bb. Ces propos du secr\u00e9taire ex\u00e9cutif de la CEA interviennent dans un contexte o\u00f9 de nombreux pays africains peinent \u00e0 assurer l&rsquo;acc\u00e8s universel aux services essentiels comme l&rsquo;\u00e9lectricit\u00e9 et l&rsquo;\u00e9ducation, faisant de l&rsquo;exp\u00e9rience alg\u00e9rienne une r\u00e9f\u00e9rence continentale en mati\u00e8re de d\u00e9veloppement humain.<\/p>\n\n\n\n<p>Le responsable onusien a expliqu\u00e9 que sa visite en Alg\u00e9rie, accompagn\u00e9 de son \u00e9quipe, s&rsquo;inscrivait dans le cadre de la volont\u00e9 de \u00ab\u00a0b\u00e9n\u00e9ficier des exp\u00e9riences de l&rsquo;Alg\u00e9rie dans le domaine du d\u00e9veloppement sous la conduite du pr\u00e9sident Abdelmadjid Tebboune\u00a0\u00bb. Il a soulign\u00e9 que \u00ab\u00a0nous sommes certains d&rsquo;avoir beaucoup appris de Monsieur le Pr\u00e9sident, ce qui nous est tr\u00e8s utile dans nos discussions avec les autres dirigeants\u00a0\u00bb. Cette d\u00e9marche t\u00e9moigne de l&rsquo;int\u00e9r\u00eat croissant de la Commission \u00e9conomique pour l&rsquo;Afrique pour le mod\u00e8le de d\u00e9veloppement alg\u00e9rien, per\u00e7u comme une alternative viable dans un continent confront\u00e9 \u00e0 de multiples d\u00e9fis \u00e9conomiques et sociaux.<\/p>\n\n\n\n<p>Claver Gatete s&rsquo;est dit heureux des r\u00e9alisations et \u00e9volutions constat\u00e9es lors de sa visite, affirmant rechercher \u00e0 travers sa mission en Alg\u00e9rie \u00e0 tirer profit de ses exp\u00e9riences et \u00e0 renforcer la coop\u00e9ration et la coordination entre la Commission \u00e9conomique pour l&rsquo;Afrique et l&rsquo;Alg\u00e9rie \u00e0 l&rsquo;avenir. Le responsable onusien a qualifi\u00e9 cette rencontre de \u00ab\u00a0riche\u00a0\u00bb et de \u00ab\u00a0tr\u00e8s importante\u00a0\u00bb, car elle lui a permis de prendre connaissance de nombreux d\u00e9tails et informations pr\u00e9cieuses sur l&rsquo;Alg\u00e9rie, exprimant sa gratitude et sa reconnaissance au pr\u00e9sident de la R\u00e9publique pour cette opportunit\u00e9.<\/p>\n\n\n\n<p>Ces propos t\u00e9moignent de la reconnaissance internationale des efforts d\u00e9ploy\u00e9s par l&rsquo;Alg\u00e9rie en mati\u00e8re de d\u00e9veloppement \u00e9conomique et social, ainsi que de son r\u00f4le grandissant sur la sc\u00e8ne africaine. La visite du secr\u00e9taire ex\u00e9cutif de la CEA s&rsquo;inscrit \u00e9galement dans la dynamique de renforcement des relations entre l&rsquo;Alg\u00e9rie et les institutions panafricaines, dans un contexte o\u00f9 le pays s&rsquo;affirme de plus en plus comme un acteur incontournable du d\u00e9veloppement du continent.<\/p>\n\n\n\n<p>R.N.<\/p>\n","protected":false},"excerpt":{"rendered":"<p>Le pr\u00e9sident de la R\u00e9publique Abdelmadjid Tebboune a re\u00e7u lundi le Secr\u00e9taire g\u00e9n\u00e9ral adjoint des Nations unies et secr\u00e9taire ex\u00e9cutif<\/p>\n","protected":false},"author":6,"featured_media":80177,"comment_status":"open","ping_status":"closed","sticky":false,"template":"","format":"standard","meta":{"colormag_page_container_layout":"default_layout","colormag_page_sidebar_layout":"default_layout","om_disable_all_campaigns":false,"_monsterinsights_skip_tracking":false,"_monsterinsights_sitenote_active":false,"_monsterinsights_sitenote_note":"","_monsterinsights_sitenote_category":0,"footnotes":"","_wpscppro_dont_share_socialmedia":false,"_wpscppro_custom_social_share_image":0,"_facebook_share_type":"default","_twitter_share_type":"default","_linkedin_share_type":"default","_pinterest_share_type":"default","_linkedin_share_type_page":"","_instagram_share_type":"default","_medium_share_type":"default","_threads_share_type":"default","_google_business_share_type":"default","_selected_social_profile":[],"_wpsp_enable_custom_social_template":false,"_wpsp_social_scheduling":{"enabled":false,"datetime":null,"platforms":[],"status":"template_only","dateOption":"today","timeOption":"now","customDays":"","customHours":"","customDate":"","customTime":"","schedulingType":"absolute"},"_wpsp_active_default_template":true},"categories":[27],"tags":[],"class_list":["post-80176","post","type-post","status-publish","format-standard","has-post-thumbnail","hentry","category-actualite"],"aioseo_notices":[],"yoast_head":"<!-- This site is optimized with the Yoast SEO plugin v27.5 - https:\/\/yoast.com\/product\/yoast-seo-wordpress\/ -->\n<title>Le Pr\u00e9sident Tebboune re\u00e7oit le\u00a0Secr\u00e9taire g\u00e9n\u00e9ral adjoint des Nations unies\u00a0:\u00a0\u00ab\u00a0L&rsquo;Alg\u00e9rie a investi ses ressources dans son peuple\u00a0\u00bb - La Sentinelle<\/title>\n<meta name=\"robots\" content=\"index, follow, max-snippet:-1, max-image-preview:large, max-video-preview:-1\" \/>\n<link rel=\"canonical\" href=\"https:\/\/lasentinelle.dz\/index.php\/2026\/01\/27\/le-president-tebboune-recoit-le-secretaire-general-adjoint-des-nations-unies-lalgerie-a-investi-ses-ressources-dans-son-peuple\/\" \/>\n<meta property=\"og:locale\" content=\"fr_FR\" \/>\n<meta property=\"og:type\" content=\"article\" \/>\n<meta property=\"og:title\" content=\"Le Pr\u00e9sident Tebboune re\u00e7oit le\u00a0Secr\u00e9taire g\u00e9n\u00e9ral adjoint des Nations unies\u00a0:\u00a0\u00ab\u00a0L&rsquo;Alg\u00e9rie a investi ses ressources dans son peuple\u00a0\u00bb - La Sentinelle\" \/>\n<meta property=\"og:description\" content=\"Le pr\u00e9sident de la R\u00e9publique Abdelmadjid Tebboune a re\u00e7u lundi le Secr\u00e9taire g\u00e9n\u00e9ral adjoint des Nations unies et secr\u00e9taire ex\u00e9cutif\" \/>\n<meta property=\"og:url\" content=\"https:\/\/lasentinelle.dz\/index.php\/2026\/01\/27\/le-president-tebboune-recoit-le-secretaire-general-adjoint-des-nations-unies-lalgerie-a-investi-ses-ressources-dans-son-peuple\/\" \/>\n<meta property=\"og:site_name\" content=\"La Sentinelle\" \/>\n<meta property=\"article:publisher\" content=\"https:\/\/www.facebook.com\/La-Sentinelle-104059864394773\" \/>\n<meta property=\"article:published_time\" content=\"2026-01-27T12:27:40+00:00\" \/>\n<meta property=\"article:modified_time\" content=\"2026-01-27T12:27:41+00:00\" \/>\n<meta property=\"og:image\" content=\"https:\/\/lasentinelle.dz\/wp-content\/uploads\/2026\/01\/kjdg-yfgucyreg.webp\" \/>\n\t<meta property=\"og:image:width\" content=\"900\" \/>\n\t<meta property=\"og:image:height\" content=\"675\" \/>\n\t<meta property=\"og:image:type\" content=\"image\/webp\" \/>\n<meta name=\"author\" content=\"admin\" \/>\n<meta name=\"twitter:card\" content=\"summary_large_image\" \/>\n<meta name=\"twitter:label1\" content=\"\u00c9crit par\" \/>\n\t<meta name=\"twitter:data1\" content=\"admin\" \/>\n\t<meta name=\"twitter:label2\" content=\"Dur\u00e9e de lecture estim\u00e9e\" \/>\n\t<meta name=\"twitter:data2\" content=\"3 minutes\" \/>\n<script type=\"application\/ld+json\" class=\"yoast-schema-graph\">{\"@context\":\"https:\\\/\\\/schema.org\",\"@graph\":[{\"@type\":\"Article\",\"@id\":\"https:\\\/\\\/lasentinelle.dz\\\/index.php\\\/2026\\\/01\\\/27\\\/le-president-tebboune-recoit-le-secretaire-general-adjoint-des-nations-unies-lalgerie-a-investi-ses-ressources-dans-son-peuple\\\/#article\",\"isPartOf\":{\"@id\":\"https:\\\/\\\/lasentinelle.dz\\\/index.php\\\/2026\\\/01\\\/27\\\/le-president-tebboune-recoit-le-secretaire-general-adjoint-des-nations-unies-lalgerie-a-investi-ses-ressources-dans-son-peuple\\\/\"},\"author\":{\"name\":\"admin\",\"@id\":\"https:\\\/\\\/lasentinelle.dz\\\/#\\\/schema\\\/person\\\/729ee0024f24e0b8c5ec17232f8e8b41\"},\"headline\":\"Le Pr\u00e9sident Tebboune re\u00e7oit le\u00a0Secr\u00e9taire g\u00e9n\u00e9ral adjoint des Nations unies\u00a0:\u00a0\u00ab\u00a0L&rsquo;Alg\u00e9rie a investi ses ressources dans son peuple\u00a0\u00bb\",\"datePublished\":\"2026-01-27T12:27:40+00:00\",\"dateModified\":\"2026-01-27T12:27:41+00:00\",\"mainEntityOfPage\":{\"@id\":\"https:\\\/\\\/lasentinelle.dz\\\/index.php\\\/2026\\\/01\\\/27\\\/le-president-tebboune-recoit-le-secretaire-general-adjoint-des-nations-unies-lalgerie-a-investi-ses-ressources-dans-son-peuple\\\/\"},\"wordCount\":670,\"commentCount\":0,\"publisher\":{\"@id\":\"https:\\\/\\\/lasentinelle.dz\\\/#organization\"},\"image\":{\"@id\":\"https:\\\/\\\/lasentinelle.dz\\\/index.php\\\/2026\\\/01\\\/27\\\/le-president-tebboune-recoit-le-secretaire-general-adjoint-des-nations-unies-lalgerie-a-investi-ses-ressources-dans-son-peuple\\\/#primaryimage\"},\"thumbnailUrl\":\"https:\\\/\\\/lasentinelle.dz\\\/wp-content\\\/uploads\\\/2026\\\/01\\\/kjdg-yfgucyreg.webp\",\"articleSection\":[\"Actualit\u00e9\"],\"inLanguage\":\"fr-FR\",\"potentialAction\":[{\"@type\":\"CommentAction\",\"name\":\"Comment\",\"target\":[\"https:\\\/\\\/lasentinelle.dz\\\/index.php\\\/2026\\\/01\\\/27\\\/le-president-tebboune-recoit-le-secretaire-general-adjoint-des-nations-unies-lalgerie-a-investi-ses-ressources-dans-son-peuple\\\/#respond\"]}]},{\"@type\":\"WebPage\",\"@id\":\"https:\\\/\\\/lasentinelle.dz\\\/index.php\\\/2026\\\/01\\\/27\\\/le-president-tebboune-recoit-le-secretaire-general-adjoint-des-nations-unies-lalgerie-a-investi-ses-ressources-dans-son-peuple\\\/\",\"url\":\"https:\\\/\\\/lasentinelle.dz\\\/index.php\\\/2026\\\/01\\\/27\\\/le-president-tebboune-recoit-le-secretaire-general-adjoint-des-nations-unies-lalgerie-a-investi-ses-ressources-dans-son-peuple\\\/\",\"name\":\"Le Pr\u00e9sident Tebboune re\u00e7oit le\u00a0Secr\u00e9taire g\u00e9n\u00e9ral adjoint des Nations unies\u00a0:\u00a0\u00ab\u00a0L&rsquo;Alg\u00e9rie a investi ses ressources dans son peuple\u00a0\u00bb - La Sentinelle\",\"isPartOf\":{\"@id\":\"https:\\\/\\\/lasentinelle.dz\\\/#website\"},\"primaryImageOfPage\":{\"@id\":\"https:\\\/\\\/lasentinelle.dz\\\/index.php\\\/2026\\\/01\\\/27\\\/le-president-tebboune-recoit-le-secretaire-general-adjoint-des-nations-unies-lalgerie-a-investi-ses-ressources-dans-son-peuple\\\/#primaryimage\"},\"image\":{\"@id\":\"https:\\\/\\\/lasentinelle.dz\\\/index.php\\\/2026\\\/01\\\/27\\\/le-president-tebboune-recoit-le-secretaire-general-adjoint-des-nations-unies-lalgerie-a-investi-ses-ressources-dans-son-peuple\\\/#primaryimage\"},\"thumbnailUrl\":\"https:\\\/\\\/lasentinelle.dz\\\/wp-content\\\/uploads\\\/2026\\\/01\\\/kjdg-yfgucyreg.webp\",\"datePublished\":\"2026-01-27T12:27:40+00:00\",\"dateModified\":\"2026-01-27T12:27:41+00:00\",\"breadcrumb\":{\"@id\":\"https:\\\/\\\/lasentinelle.dz\\\/index.php\\\/2026\\\/01\\\/27\\\/le-president-tebboune-recoit-le-secretaire-general-adjoint-des-nations-unies-lalgerie-a-investi-ses-ressources-dans-son-peuple\\\/#breadcrumb\"},\"inLanguage\":\"fr-FR\",\"potentialAction\":[{\"@type\":\"ReadAction\",\"target\":[\"https:\\\/\\\/lasentinelle.dz\\\/index.php\\\/2026\\\/01\\\/27\\\/le-president-tebboune-recoit-le-secretaire-general-adjoint-des-nations-unies-lalgerie-a-investi-ses-ressources-dans-son-peuple\\\/\"]}]},{\"@type\":\"ImageObject\",\"inLanguage\":\"fr-FR\",\"@id\":\"https:\\\/\\\/lasentinelle.dz\\\/index.php\\\/2026\\\/01\\\/27\\\/le-president-tebboune-recoit-le-secretaire-general-adjoint-des-nations-unies-lalgerie-a-investi-ses-ressources-dans-son-peuple\\\/#primaryimage\",\"url\":\"https:\\\/\\\/lasentinelle.dz\\\/wp-content\\\/uploads\\\/2026\\\/01\\\/kjdg-yfgucyreg.webp\",\"contentUrl\":\"https:\\\/\\\/lasentinelle.dz\\\/wp-content\\\/uploads\\\/2026\\\/01\\\/kjdg-yfgucyreg.webp\",\"width\":900,\"height\":675},{\"@type\":\"BreadcrumbList\",\"@id\":\"https:\\\/\\\/lasentinelle.dz\\\/index.php\\\/2026\\\/01\\\/27\\\/le-president-tebboune-recoit-le-secretaire-general-adjoint-des-nations-unies-lalgerie-a-investi-ses-ressources-dans-son-peuple\\\/#breadcrumb\",\"itemListElement\":[{\"@type\":\"ListItem\",\"position\":1,\"name\":\"Accueil\",\"item\":\"https:\\\/\\\/lasentinelle.dz\\\/\"},{\"@type\":\"ListItem\",\"position\":2,\"name\":\"Le Pr\u00e9sident Tebboune re\u00e7oit le\u00a0Secr\u00e9taire g\u00e9n\u00e9ral adjoint des Nations unies\u00a0:\u00a0\u00ab\u00a0L&rsquo;Alg\u00e9rie a investi ses ressources dans son peuple\u00a0\u00bb\"}]},{\"@type\":\"WebSite\",\"@id\":\"https:\\\/\\\/lasentinelle.dz\\\/#website\",\"url\":\"https:\\\/\\\/lasentinelle.dz\\\/\",\"name\":\"La Sentinelle\",\"description\":\"Quotidien national d&#039;information\",\"publisher\":{\"@id\":\"https:\\\/\\\/lasentinelle.dz\\\/#organization\"},\"potentialAction\":[{\"@type\":\"SearchAction\",\"target\":{\"@type\":\"EntryPoint\",\"urlTemplate\":\"https:\\\/\\\/lasentinelle.dz\\\/?s={search_term_string}\"},\"query-input\":{\"@type\":\"PropertyValueSpecification\",\"valueRequired\":true,\"valueName\":\"search_term_string\"}}],\"inLanguage\":\"fr-FR\"},{\"@type\":\"Organization\",\"@id\":\"https:\\\/\\\/lasentinelle.dz\\\/#organization\",\"name\":\"Quotidien La Sentinelle\",\"url\":\"https:\\\/\\\/lasentinelle.dz\\\/\",\"logo\":{\"@type\":\"ImageObject\",\"inLanguage\":\"fr-FR\",\"@id\":\"https:\\\/\\\/lasentinelle.dz\\\/#\\\/schema\\\/logo\\\/image\\\/\",\"url\":\"https:\\\/\\\/lasentinelle.dz\\\/wp-content\\\/uploads\\\/2021\\\/09\\\/logo-sentinelleSLOGAN-1.png\",\"contentUrl\":\"https:\\\/\\\/lasentinelle.dz\\\/wp-content\\\/uploads\\\/2021\\\/09\\\/logo-sentinelleSLOGAN-1.png\",\"width\":615,\"height\":142,\"caption\":\"Quotidien La Sentinelle\"},\"image\":{\"@id\":\"https:\\\/\\\/lasentinelle.dz\\\/#\\\/schema\\\/logo\\\/image\\\/\"},\"sameAs\":[\"https:\\\/\\\/www.facebook.com\\\/La-Sentinelle-104059864394773\"]},{\"@type\":\"Person\",\"@id\":\"https:\\\/\\\/lasentinelle.dz\\\/#\\\/schema\\\/person\\\/729ee0024f24e0b8c5ec17232f8e8b41\",\"name\":\"admin\",\"image\":{\"@type\":\"ImageObject\",\"inLanguage\":\"fr-FR\",\"@id\":\"https:\\\/\\\/secure.gravatar.com\\\/avatar\\\/4c81fed838786e9b53f540bf46533e750f5d292099ae3b66cfc6fb1982e29df7?s=96&d=mm&r=g\",\"url\":\"https:\\\/\\\/secure.gravatar.com\\\/avatar\\\/4c81fed838786e9b53f540bf46533e750f5d292099ae3b66cfc6fb1982e29df7?s=96&d=mm&r=g\",\"contentUrl\":\"https:\\\/\\\/secure.gravatar.com\\\/avatar\\\/4c81fed838786e9b53f540bf46533e750f5d292099ae3b66cfc6fb1982e29df7?s=96&d=mm&r=g\",\"caption\":\"admin\"},\"description\":\"admin\",\"url\":\"https:\\\/\\\/lasentinelle.dz\\\/author\\\/admin\\\/\"}]}<\/script>\n<!-- \/ Yoast SEO plugin. -->","yoast_head_json":{"title":"Le Pr\u00e9sident Tebboune re\u00e7oit le\u00a0Secr\u00e9taire g\u00e9n\u00e9ral adjoint des Nations unies\u00a0:\u00a0\u00ab\u00a0L&rsquo;Alg\u00e9rie a investi ses ressources dans son peuple\u00a0\u00bb - La Sentinelle","robots":{"index":"index","follow":"follow","max-snippet":"max-snippet:-1","max-image-preview":"max-image-preview:large","max-video-preview":"max-video-preview:-1"},"canonical":"https:\/\/lasentinelle.dz\/index.php\/2026\/01\/27\/le-president-tebboune-recoit-le-secretaire-general-adjoint-des-nations-unies-lalgerie-a-investi-ses-ressources-dans-son-peuple\/","og_locale":"fr_FR","og_type":"article","og_title":"Le Pr\u00e9sident Tebboune re\u00e7oit le\u00a0Secr\u00e9taire g\u00e9n\u00e9ral adjoint des Nations unies\u00a0:\u00a0\u00ab\u00a0L&rsquo;Alg\u00e9rie a investi ses ressources dans son peuple\u00a0\u00bb - La Sentinelle","og_description":"Le pr\u00e9sident de la R\u00e9publique Abdelmadjid Tebboune a re\u00e7u lundi le Secr\u00e9taire g\u00e9n\u00e9ral adjoint des Nations unies et secr\u00e9taire ex\u00e9cutif","og_url":"https:\/\/lasentinelle.dz\/index.php\/2026\/01\/27\/le-president-tebboune-recoit-le-secretaire-general-adjoint-des-nations-unies-lalgerie-a-investi-ses-ressources-dans-son-peuple\/","og_site_name":"La Sentinelle","article_publisher":"https:\/\/www.facebook.com\/La-Sentinelle-104059864394773","article_published_time":"2026-01-27T12:27:40+00:00","article_modified_time":"2026-01-27T12:27:41+00:00","og_image":[{"width":900,"height":675,"url":"https:\/\/lasentinelle.dz\/wp-content\/uploads\/2026\/01\/kjdg-yfgucyreg.webp","type":"image\/webp"}],"author":"admin","twitter_card":"summary_large_image","twitter_misc":{"\u00c9crit par":"admin","Dur\u00e9e de lecture estim\u00e9e":"3 minutes"},"schema":{"@context":"https:\/\/schema.org","@graph":[{"@type":"Article","@id":"https:\/\/lasentinelle.dz\/index.php\/2026\/01\/27\/le-president-tebboune-recoit-le-secretaire-general-adjoint-des-nations-unies-lalgerie-a-investi-ses-ressources-dans-son-peuple\/#article","isPartOf":{"@id":"https:\/\/lasentinelle.dz\/index.php\/2026\/01\/27\/le-president-tebboune-recoit-le-secretaire-general-adjoint-des-nations-unies-lalgerie-a-investi-ses-ressources-dans-son-peuple\/"},"author":{"name":"admin","@id":"https:\/\/lasentinelle.dz\/#\/schema\/person\/729ee0024f24e0b8c5ec17232f8e8b41"},"headline":"Le Pr\u00e9sident Tebboune re\u00e7oit le\u00a0Secr\u00e9taire g\u00e9n\u00e9ral adjoint des Nations unies\u00a0:\u00a0\u00ab\u00a0L&rsquo;Alg\u00e9rie a investi ses ressources dans son peuple\u00a0\u00bb","datePublished":"2026-01-27T12:27:40+00:00","dateModified":"2026-01-27T12:27:41+00:00","mainEntityOfPage":{"@id":"https:\/\/lasentinelle.dz\/index.php\/2026\/01\/27\/le-president-tebboune-recoit-le-secretaire-general-adjoint-des-nations-unies-lalgerie-a-investi-ses-ressources-dans-son-peuple\/"},"wordCount":670,"commentCount":0,"publisher":{"@id":"https:\/\/lasentinelle.dz\/#organization"},"image":{"@id":"https:\/\/lasentinelle.dz\/index.php\/2026\/01\/27\/le-president-tebboune-recoit-le-secretaire-general-adjoint-des-nations-unies-lalgerie-a-investi-ses-ressources-dans-son-peuple\/#primaryimage"},"thumbnailUrl":"https:\/\/lasentinelle.dz\/wp-content\/uploads\/2026\/01\/kjdg-yfgucyreg.webp","articleSection":["Actualit\u00e9"],"inLanguage":"fr-FR","potentialAction":[{"@type":"CommentAction","name":"Comment","target":["https:\/\/lasentinelle.dz\/index.php\/2026\/01\/27\/le-president-tebboune-recoit-le-secretaire-general-adjoint-des-nations-unies-lalgerie-a-investi-ses-ressources-dans-son-peuple\/#respond"]}]},{"@type":"WebPage","@id":"https:\/\/lasentinelle.dz\/index.php\/2026\/01\/27\/le-president-tebboune-recoit-le-secretaire-general-adjoint-des-nations-unies-lalgerie-a-investi-ses-ressources-dans-son-peuple\/","url":"https:\/\/lasentinelle.dz\/index.php\/2026\/01\/27\/le-president-tebboune-recoit-le-secretaire-general-adjoint-des-nations-unies-lalgerie-a-investi-ses-ressources-dans-son-peuple\/","name":"Le Pr\u00e9sident Tebboune re\u00e7oit le\u00a0Secr\u00e9taire g\u00e9n\u00e9ral adjoint des Nations unies\u00a0:\u00a0\u00ab\u00a0L&rsquo;Alg\u00e9rie a investi ses ressources dans son peuple\u00a0\u00bb - La Sentinelle","isPartOf":{"@id":"https:\/\/lasentinelle.dz\/#website"},"primaryImageOfPage":{"@id":"https:\/\/lasentinelle.dz\/index.php\/2026\/01\/27\/le-president-tebboune-recoit-le-secretaire-general-adjoint-des-nations-unies-lalgerie-a-investi-ses-ressources-dans-son-peuple\/#primaryimage"},"image":{"@id":"https:\/\/lasentinelle.dz\/index.php\/2026\/01\/27\/le-president-tebboune-recoit-le-secretaire-general-adjoint-des-nations-unies-lalgerie-a-investi-ses-ressources-dans-son-peuple\/#primaryimage"},"thumbnailUrl":"https:\/\/lasentinelle.dz\/wp-content\/uploads\/2026\/01\/kjdg-yfgucyreg.webp","datePublished":"2026-01-27T12:27:40+00:00","dateModified":"2026-01-27T12:27:41+00:00","breadcrumb":{"@id":"https:\/\/lasentinelle.dz\/index.php\/2026\/01\/27\/le-president-tebboune-recoit-le-secretaire-general-adjoint-des-nations-unies-lalgerie-a-investi-ses-ressources-dans-son-peuple\/#breadcrumb"},"inLanguage":"fr-FR","potentialAction":[{"@type":"ReadAction","target":["https:\/\/lasentinelle.dz\/index.php\/2026\/01\/27\/le-president-tebboune-recoit-le-secretaire-general-adjoint-des-nations-unies-lalgerie-a-investi-ses-ressources-dans-son-peuple\/"]}]},{"@type":"ImageObject","inLanguage":"fr-FR","@id":"https:\/\/lasentinelle.dz\/index.php\/2026\/01\/27\/le-president-tebboune-recoit-le-secretaire-general-adjoint-des-nations-unies-lalgerie-a-investi-ses-ressources-dans-son-peuple\/#primaryimage","url":"https:\/\/lasentinelle.dz\/wp-content\/uploads\/2026\/01\/kjdg-yfgucyreg.webp","contentUrl":"https:\/\/lasentinelle.dz\/wp-content\/uploads\/2026\/01\/kjdg-yfgucyreg.webp","width":900,"height":675},{"@type":"BreadcrumbList","@id":"https:\/\/lasentinelle.dz\/index.php\/2026\/01\/27\/le-president-tebboune-recoit-le-secretaire-general-adjoint-des-nations-unies-lalgerie-a-investi-ses-ressources-dans-son-peuple\/#breadcrumb","itemListElement":[{"@type":"ListItem","position":1,"name":"Accueil","item":"https:\/\/lasentinelle.dz\/"},{"@type":"ListItem","position":2,"name":"Le Pr\u00e9sident Tebboune re\u00e7oit le\u00a0Secr\u00e9taire g\u00e9n\u00e9ral adjoint des Nations unies\u00a0:\u00a0\u00ab\u00a0L&rsquo;Alg\u00e9rie a investi ses ressources dans son peuple\u00a0\u00bb"}]},{"@type":"WebSite","@id":"https:\/\/lasentinelle.dz\/#website","url":"https:\/\/lasentinelle.dz\/","name":"La Sentinelle","description":"Quotidien national d&#039;information","publisher":{"@id":"https:\/\/lasentinelle.dz\/#organization"},"potentialAction":[{"@type":"SearchAction","target":{"@type":"EntryPoint","urlTemplate":"https:\/\/lasentinelle.dz\/?s={search_term_string}"},"query-input":{"@type":"PropertyValueSpecification","valueRequired":true,"valueName":"search_term_string"}}],"inLanguage":"fr-FR"},{"@type":"Organization","@id":"https:\/\/lasentinelle.dz\/#organization","name":"Quotidien La Sentinelle","url":"https:\/\/lasentinelle.dz\/","logo":{"@type":"ImageObject","inLanguage":"fr-FR","@id":"https:\/\/lasentinelle.dz\/#\/schema\/logo\/image\/","url":"https:\/\/lasentinelle.dz\/wp-content\/uploads\/2021\/09\/logo-sentinelleSLOGAN-1.png","contentUrl":"https:\/\/lasentinelle.dz\/wp-content\/uploads\/2021\/09\/logo-sentinelleSLOGAN-1.png","width":615,"height":142,"caption":"Quotidien La Sentinelle"},"image":{"@id":"https:\/\/lasentinelle.dz\/#\/schema\/logo\/image\/"},"sameAs":["https:\/\/www.facebook.com\/La-Sentinelle-104059864394773"]},{"@type":"Person","@id":"https:\/\/lasentinelle.dz\/#\/schema\/person\/729ee0024f24e0b8c5ec17232f8e8b41","name":"admin","image":{"@type":"ImageObject","inLanguage":"fr-FR","@id":"https:\/\/secure.gravatar.com\/avatar\/4c81fed838786e9b53f540bf46533e750f5d292099ae3b66cfc6fb1982e29df7?s=96&d=mm&r=g","url":"https:\/\/secure.gravatar.com\/avatar\/4c81fed838786e9b53f540bf46533e750f5d292099ae3b66cfc6fb1982e29df7?s=96&d=mm&r=g","contentUrl":"https:\/\/secure.gravatar.com\/avatar\/4c81fed838786e9b53f540bf46533e750f5d292099ae3b66cfc6fb1982e29df7?s=96&d=mm&r=g","caption":"admin"},"description":"admin","url":"https:\/\/lasentinelle.dz\/author\/admin\/"}]}},"_links":{"self":[{"href":"https:\/\/lasentinelle.dz\/index.php\/wp-json\/wp\/v2\/posts\/80176","targetHints":{"allow":["GET"]}}],"collection":[{"href":"https:\/\/lasentinelle.dz\/index.php\/wp-json\/wp\/v2\/posts"}],"about":[{"href":"https:\/\/lasentinelle.dz\/index.php\/wp-json\/wp\/v2\/types\/post"}],"author":[{"embeddable":true,"href":"https:\/\/lasentinelle.dz\/index.php\/wp-json\/wp\/v2\/users\/6"}],"replies":[{"embeddable":true,"href":"https:\/\/lasentinelle.dz\/index.php\/wp-json\/wp\/v2\/comments?post=80176"}],"version-history":[{"count":2,"href":"https:\/\/lasentinelle.dz\/index.php\/wp-json\/wp\/v2\/posts\/80176\/revisions"}],"predecessor-version":[{"id":80179,"href":"https:\/\/lasentinelle.dz\/index.php\/wp-json\/wp\/v2\/posts\/80176\/revisions\/80179"}],"wp:featuredmedia":[{"embeddable":true,"href":"https:\/\/lasentinelle.dz\/index.php\/wp-json\/wp\/v2\/media\/80177"}],"wp:attachment":[{"href":"https:\/\/lasentinelle.dz\/index.php\/wp-json\/wp\/v2\/media?parent=80176"}],"wp:term":[{"taxonomy":"category","embeddable":true,"href":"https:\/\/lasentinelle.dz\/index.php\/wp-json\/wp\/v2\/categories?post=80176"},{"taxonomy":"post_tag","embeddable":true,"href":"https:\/\/lasentinelle.dz\/index.php\/wp-json\/wp\/v2\/tags?post=80176"}],"curies":[{"name":"wp","href":"https:\/\/api.w.org\/{rel}","templated":true}]}}