{"id":80180,"date":"2026-01-27T13:28:52","date_gmt":"2026-01-27T12:28:52","guid":{"rendered":"https:\/\/lasentinelle.dz\/?p=80180"},"modified":"2026-01-27T13:28:53","modified_gmt":"2026-01-27T12:28:53","slug":"crise-libyenne-alger-tunis-et-le-caire-reaffirment-leur-rejet-des-ingerences","status":"publish","type":"post","link":"https:\/\/lasentinelle.dz\/index.php\/2026\/01\/27\/crise-libyenne-alger-tunis-et-le-caire-reaffirment-leur-rejet-des-ingerences\/","title":{"rendered":"Crise libyenne\u00a0: Alger, Tunis et Le Caire r\u00e9affirment leur rejet des ing\u00e9rences\u00a0"},"content":{"rendered":"\n<p>Le m\u00e9canisme tripartite des pays voisins de la Libye a conclu ses travaux lundi \u00e0 Tunis par l&rsquo;adoption d&rsquo;un communiqu\u00e9 commun qui r\u00e9affirme avec fermet\u00e9 le rejet cat\u00e9gorique de toute forme d&rsquo;ing\u00e9rence \u00e9trang\u00e8re dans les affaires int\u00e9rieures libyennes et insiste sur la n\u00e9cessit\u00e9 imp\u00e9rative du retrait des mercenaires et combattants \u00e9trangers de l&rsquo;ensemble du territoire libyen. Cette position commune, exprim\u00e9e par les ministres des Affaires \u00e9trang\u00e8res d&rsquo;Alg\u00e9rie, de Tunisie et d&rsquo;\u00c9gypte, traduit la volont\u00e9 des trois pays riverains de la Libye de pr\u00e9server la souverainet\u00e9 et l&rsquo;int\u00e9grit\u00e9 territoriale de ce pays fr\u00e8re tout en soutenant le processus de r\u00e8glement politique en cours sous l&rsquo;\u00e9gide des Nations unies.<\/p>\n\n\n\n<p>Le ministre d&rsquo;\u00c9tat, ministre des Affaires \u00e9trang\u00e8res et de la Communaut\u00e9 nationale \u00e0 l&rsquo;\u00e9tranger et des Affaires africaines, Ahmed Attaf, a particip\u00e9 lundi \u00e0 Tunis aux travaux de la r\u00e9union minist\u00e9rielle du m\u00e9canisme tripartite des pays voisins de la Libye, aux c\u00f4t\u00e9s de son homologue tunisien Mohamed Ali Nafti, ministre des Affaires \u00e9trang\u00e8res, de la Migration et des Tunisiens \u00e0 l&rsquo;\u00e9tranger, et du ministre \u00e9gyptien des Affaires \u00e9trang\u00e8res, de la Migration et des \u00c9gyptiens \u00e0 l&rsquo;\u00e9tranger Badr Abdelatty, selon un communiqu\u00e9 du minist\u00e8re alg\u00e9rien des Affaires \u00e9trang\u00e8res. La rencontre s&rsquo;est d\u00e9roul\u00e9e en pr\u00e9sence de la Repr\u00e9sentante sp\u00e9ciale du Secr\u00e9taire g\u00e9n\u00e9ral des Nations unies et cheffe de la Mission d&rsquo;appui des Nations unies en Libye, Hana Serwa Teteh. Selon le communiqu\u00e9 officiel, cette r\u00e9union du m\u00e9canisme consultatif a \u00e9t\u00e9 marqu\u00e9e par \u00ab\u00a0un d\u00e9bat interactif riche et constructif entre les ministres des Affaires \u00e9trang\u00e8res des trois pays qui ont r\u00e9affirm\u00e9 leur position commune de soutien au processus de r\u00e8glement politique en cours en Libye sous les auspices des Nations unies, visant \u00e0 restaurer la s\u00e9curit\u00e9 et la stabilit\u00e9 dans ce pays fr\u00e8re d&rsquo;une mani\u00e8re qui pr\u00e9serve sa souverainet\u00e9 et son ind\u00e9pendance et prot\u00e8ge ses ressources et son unit\u00e9\u00a0\u00bb. Cette convergence de vues entre l&rsquo;Alg\u00e9rie, la Tunisie et l&rsquo;\u00c9gypte refl\u00e8te la pr\u00e9occupation partag\u00e9e des trois \u00c9tats face \u00e0 la persistance de la crise libyenne et ses r\u00e9percussions s\u00e9curitaires, politiques et \u00e9conomiques sur l&rsquo;ensemble de la r\u00e9gion.<\/p>\n\n\n\n<p>Les travaux de la r\u00e9union ont \u00e9t\u00e9 couronn\u00e9s par l&rsquo;adoption d&rsquo;un communiqu\u00e9 conjoint qui met l&rsquo;accent sur plusieurs principes fondamentaux pour la r\u00e9solution de la crise libyenne. Le document affirme \u00ab\u00a0l&rsquo;imp\u00e9ratif de la direction et de l&rsquo;appropriation libyennes du processus politique avec la participation de toutes les forces vives de la soci\u00e9t\u00e9 libyenne, et l&rsquo;importance de privil\u00e9gier le langage du dialogue et du consensus dans le but de conduire le pays \u00e0 l&rsquo;organisation d&rsquo;\u00e9lections pr\u00e9sidentielles et parlementaires, ainsi qu&rsquo;\u00e0 l&rsquo;unification des institutions politiques, militaires et \u00e9conomiques de mani\u00e8re \u00e0 r\u00e9pondre aux aspirations du peuple libyen d\u00e9sireux de vivre dans la s\u00e9curit\u00e9, la stabilit\u00e9 et la prosp\u00e9rit\u00e9\u00a0\u00bb.<\/p>\n\n\n\n<p>Cette insistance sur l&rsquo;appropriation libyenne du processus politique constitue un message clair adress\u00e9 \u00e0 tous les acteurs internationaux impliqu\u00e9s dans le dossier libyen. Les trois pays voisins r\u00e9affirment ainsi que la solution \u00e0 la crise ne peut venir que des Libyens eux-m\u00eames, \u00e0 travers un dialogue inclusif et un consensus national, loin de toute tutelle ou diktat ext\u00e9rieur. Le communiqu\u00e9 souligne par ailleurs que \u00ab\u00a0l&rsquo;engagement a \u00e9t\u00e9 r\u00e9affirm\u00e9 concernant la disposition des trois pays \u00e0 communiquer et \u00e0 se concerter avec les diff\u00e9rentes parties prenantes libyennes actives dans le but de rapprocher leurs points de vue pour le bien et l&rsquo;int\u00e9r\u00eat du peuple libyen fr\u00e8re\u00a0\u00bb. Cette d\u00e9marche diplomatique illustre le r\u00f4le de facilitateur que souhaitent jouer l&rsquo;Alg\u00e9rie, la Tunisie et l&rsquo;\u00c9gypte dans le processus de r\u00e9conciliation nationale libyenne, en mettant \u00e0 profit leur proximit\u00e9 g\u00e9ographique, leurs liens historiques et leur connaissance approfondie des r\u00e9alit\u00e9s libyennes pour contribuer au rapprochement entre les diff\u00e9rentes factions.<\/p>\n\n\n\n<p>Mais c&rsquo;est sur la question des ing\u00e9rences \u00e9trang\u00e8res et de la pr\u00e9sence de mercenaires que le communiqu\u00e9 adopte le ton le plus ferme. Dans le m\u00eame contexte, pr\u00e9cise le document, \u00ab\u00a0le communiqu\u00e9 conjoint a renouvel\u00e9 le rejet des trois pays de toutes les formes d&rsquo;ing\u00e9rences \u00e9trang\u00e8res dans les affaires int\u00e9rieures libyennes et a insist\u00e9 sur la n\u00e9cessit\u00e9 de retirer les mercenaires et les combattants \u00e9trangers de toutes les r\u00e9gions du pays\u00a0\u00bb. Cette position tranch\u00e9e refl\u00e8te les pr\u00e9occupations s\u00e9curitaires majeures des trois pays voisins face \u00e0 la militarisation de la crise libyenne et \u00e0 l&rsquo;afflux de combattants \u00e9trangers qui a transform\u00e9 le territoire libyen en th\u00e9\u00e2tre d&rsquo;affrontements r\u00e9gionaux et internationaux par procuration.<\/p>\n\n\n\n<p>La pr\u00e9sence de mercenaires et de forces \u00e9trang\u00e8res en Libye constitue en effet l&rsquo;un des principaux obstacles \u00e0 la stabilisation du pays et repr\u00e9sente une menace directe pour la s\u00e9curit\u00e9 des \u00c9tats voisins. L&rsquo;Alg\u00e9rie, la Tunisie et l&rsquo;\u00c9gypte, qui partagent pr\u00e8s de 3500 kilom\u00e8tres de fronti\u00e8res communes avec la Libye, subissent les cons\u00e9quences de l&rsquo;instabilit\u00e9 libyenne \u00e0 travers les trafics en tous genres, la circulation incontr\u00f4l\u00e9e d&rsquo;armes et la menace terroriste. D&rsquo;o\u00f9 leur insistance r\u00e9currente sur la n\u00e9cessit\u00e9 d&rsquo;un retrait complet et inconditionnel de tous les combattants \u00e9trangers, condition sine qua non pour permettre aux Libyens de reprendre en main leur destin et de reconstruire leur \u00c9tat sur des bases solides et durables.<\/p>\n\n\n\n<p>Salim Amokrane<\/p>\n","protected":false},"excerpt":{"rendered":"<p>Le m\u00e9canisme tripartite des pays voisins de la Libye a conclu ses travaux lundi \u00e0 Tunis par l&rsquo;adoption d&rsquo;un communiqu\u00e9<\/p>\n","protected":false},"author":6,"featured_media":80181,"comment_status":"open","ping_status":"closed","sticky":false,"template":"","format":"standard","meta":{"colormag_page_container_layout":"default_layout","colormag_page_sidebar_layout":"default_layout","om_disable_all_campaigns":false,"_monsterinsights_skip_tracking":false,"_monsterinsights_sitenote_active":false,"_monsterinsights_sitenote_note":"","_monsterinsights_sitenote_category":0,"footnotes":"","_wpscppro_dont_share_socialmedia":false,"_wpscppro_custom_social_share_image":0,"_facebook_share_type":"default","_twitter_share_type":"default","_linkedin_share_type":"default","_pinterest_share_type":"default","_linkedin_share_type_page":"","_instagram_share_type":"default","_medium_share_type":"default","_threads_share_type":"default","_google_business_share_type":"default","_selected_social_profile":[],"_wpsp_enable_custom_social_template":false,"_wpsp_social_scheduling":{"enabled":false,"datetime":null,"platforms":[],"status":"template_only","dateOption":"today","timeOption":"now","customDays":"","customHours":"","customDate":"","customTime":"","schedulingType":"absolute"},"_wpsp_active_default_template":true},"categories":[27],"tags":[],"class_list":["post-80180","post","type-post","status-publish","format-standard","has-post-thumbnail","hentry","category-actualite"],"aioseo_notices":[],"yoast_head":"<!-- This site is optimized with the Yoast SEO plugin v27.5 - https:\/\/yoast.com\/product\/yoast-seo-wordpress\/ -->\n<title>Crise libyenne\u00a0: Alger, Tunis et Le Caire r\u00e9affirment leur rejet des ing\u00e9rences\u00a0 - La Sentinelle<\/title>\n<meta name=\"robots\" content=\"index, follow, max-snippet:-1, max-image-preview:large, max-video-preview:-1\" \/>\n<link rel=\"canonical\" href=\"https:\/\/lasentinelle.dz\/index.php\/2026\/01\/27\/crise-libyenne-alger-tunis-et-le-caire-reaffirment-leur-rejet-des-ingerences\/\" \/>\n<meta property=\"og:locale\" content=\"fr_FR\" \/>\n<meta property=\"og:type\" content=\"article\" \/>\n<meta property=\"og:title\" content=\"Crise libyenne\u00a0: Alger, Tunis et Le Caire r\u00e9affirment leur rejet des ing\u00e9rences\u00a0 - La Sentinelle\" \/>\n<meta property=\"og:description\" content=\"Le m\u00e9canisme tripartite des pays voisins de la Libye a conclu ses travaux lundi \u00e0 Tunis par l&rsquo;adoption d&rsquo;un communiqu\u00e9\" \/>\n<meta property=\"og:url\" content=\"https:\/\/lasentinelle.dz\/index.php\/2026\/01\/27\/crise-libyenne-alger-tunis-et-le-caire-reaffirment-leur-rejet-des-ingerences\/\" \/>\n<meta property=\"og:site_name\" content=\"La Sentinelle\" \/>\n<meta property=\"article:publisher\" content=\"https:\/\/www.facebook.com\/La-Sentinelle-104059864394773\" \/>\n<meta property=\"article:published_time\" content=\"2026-01-27T12:28:52+00:00\" \/>\n<meta property=\"article:modified_time\" content=\"2026-01-27T12:28:53+00:00\" \/>\n<meta property=\"og:image\" content=\"https:\/\/lasentinelle.dz\/wp-content\/uploads\/2026\/01\/attaff_ri_ly.webp\" \/>\n\t<meta property=\"og:image:width\" content=\"900\" \/>\n\t<meta property=\"og:image:height\" content=\"675\" \/>\n\t<meta property=\"og:image:type\" content=\"image\/webp\" \/>\n<meta name=\"author\" content=\"admin\" \/>\n<meta name=\"twitter:card\" content=\"summary_large_image\" \/>\n<meta name=\"twitter:label1\" content=\"\u00c9crit par\" \/>\n\t<meta name=\"twitter:data1\" content=\"admin\" \/>\n\t<meta name=\"twitter:label2\" content=\"Dur\u00e9e de lecture estim\u00e9e\" \/>\n\t<meta name=\"twitter:data2\" content=\"5 minutes\" \/>\n<script type=\"application\/ld+json\" class=\"yoast-schema-graph\">{\"@context\":\"https:\\\/\\\/schema.org\",\"@graph\":[{\"@type\":\"Article\",\"@id\":\"https:\\\/\\\/lasentinelle.dz\\\/index.php\\\/2026\\\/01\\\/27\\\/crise-libyenne-alger-tunis-et-le-caire-reaffirment-leur-rejet-des-ingerences\\\/#article\",\"isPartOf\":{\"@id\":\"https:\\\/\\\/lasentinelle.dz\\\/index.php\\\/2026\\\/01\\\/27\\\/crise-libyenne-alger-tunis-et-le-caire-reaffirment-leur-rejet-des-ingerences\\\/\"},\"author\":{\"name\":\"admin\",\"@id\":\"https:\\\/\\\/lasentinelle.dz\\\/#\\\/schema\\\/person\\\/729ee0024f24e0b8c5ec17232f8e8b41\"},\"headline\":\"Crise libyenne\u00a0: Alger, Tunis et Le Caire r\u00e9affirment leur rejet des ing\u00e9rences\u00a0\",\"datePublished\":\"2026-01-27T12:28:52+00:00\",\"dateModified\":\"2026-01-27T12:28:53+00:00\",\"mainEntityOfPage\":{\"@id\":\"https:\\\/\\\/lasentinelle.dz\\\/index.php\\\/2026\\\/01\\\/27\\\/crise-libyenne-alger-tunis-et-le-caire-reaffirment-leur-rejet-des-ingerences\\\/\"},\"wordCount\":974,\"commentCount\":0,\"publisher\":{\"@id\":\"https:\\\/\\\/lasentinelle.dz\\\/#organization\"},\"image\":{\"@id\":\"https:\\\/\\\/lasentinelle.dz\\\/index.php\\\/2026\\\/01\\\/27\\\/crise-libyenne-alger-tunis-et-le-caire-reaffirment-leur-rejet-des-ingerences\\\/#primaryimage\"},\"thumbnailUrl\":\"https:\\\/\\\/lasentinelle.dz\\\/wp-content\\\/uploads\\\/2026\\\/01\\\/attaff_ri_ly.webp\",\"articleSection\":[\"Actualit\u00e9\"],\"inLanguage\":\"fr-FR\",\"potentialAction\":[{\"@type\":\"CommentAction\",\"name\":\"Comment\",\"target\":[\"https:\\\/\\\/lasentinelle.dz\\\/index.php\\\/2026\\\/01\\\/27\\\/crise-libyenne-alger-tunis-et-le-caire-reaffirment-leur-rejet-des-ingerences\\\/#respond\"]}]},{\"@type\":\"WebPage\",\"@id\":\"https:\\\/\\\/lasentinelle.dz\\\/index.php\\\/2026\\\/01\\\/27\\\/crise-libyenne-alger-tunis-et-le-caire-reaffirment-leur-rejet-des-ingerences\\\/\",\"url\":\"https:\\\/\\\/lasentinelle.dz\\\/index.php\\\/2026\\\/01\\\/27\\\/crise-libyenne-alger-tunis-et-le-caire-reaffirment-leur-rejet-des-ingerences\\\/\",\"name\":\"Crise libyenne\u00a0: Alger, Tunis et Le Caire r\u00e9affirment leur rejet des ing\u00e9rences\u00a0 - La Sentinelle\",\"isPartOf\":{\"@id\":\"https:\\\/\\\/lasentinelle.dz\\\/#website\"},\"primaryImageOfPage\":{\"@id\":\"https:\\\/\\\/lasentinelle.dz\\\/index.php\\\/2026\\\/01\\\/27\\\/crise-libyenne-alger-tunis-et-le-caire-reaffirment-leur-rejet-des-ingerences\\\/#primaryimage\"},\"image\":{\"@id\":\"https:\\\/\\\/lasentinelle.dz\\\/index.php\\\/2026\\\/01\\\/27\\\/crise-libyenne-alger-tunis-et-le-caire-reaffirment-leur-rejet-des-ingerences\\\/#primaryimage\"},\"thumbnailUrl\":\"https:\\\/\\\/lasentinelle.dz\\\/wp-content\\\/uploads\\\/2026\\\/01\\\/attaff_ri_ly.webp\",\"datePublished\":\"2026-01-27T12:28:52+00:00\",\"dateModified\":\"2026-01-27T12:28:53+00:00\",\"breadcrumb\":{\"@id\":\"https:\\\/\\\/lasentinelle.dz\\\/index.php\\\/2026\\\/01\\\/27\\\/crise-libyenne-alger-tunis-et-le-caire-reaffirment-leur-rejet-des-ingerences\\\/#breadcrumb\"},\"inLanguage\":\"fr-FR\",\"potentialAction\":[{\"@type\":\"ReadAction\",\"target\":[\"https:\\\/\\\/lasentinelle.dz\\\/index.php\\\/2026\\\/01\\\/27\\\/crise-libyenne-alger-tunis-et-le-caire-reaffirment-leur-rejet-des-ingerences\\\/\"]}]},{\"@type\":\"ImageObject\",\"inLanguage\":\"fr-FR\",\"@id\":\"https:\\\/\\\/lasentinelle.dz\\\/index.php\\\/2026\\\/01\\\/27\\\/crise-libyenne-alger-tunis-et-le-caire-reaffirment-leur-rejet-des-ingerences\\\/#primaryimage\",\"url\":\"https:\\\/\\\/lasentinelle.dz\\\/wp-content\\\/uploads\\\/2026\\\/01\\\/attaff_ri_ly.webp\",\"contentUrl\":\"https:\\\/\\\/lasentinelle.dz\\\/wp-content\\\/uploads\\\/2026\\\/01\\\/attaff_ri_ly.webp\",\"width\":900,\"height\":675},{\"@type\":\"BreadcrumbList\",\"@id\":\"https:\\\/\\\/lasentinelle.dz\\\/index.php\\\/2026\\\/01\\\/27\\\/crise-libyenne-alger-tunis-et-le-caire-reaffirment-leur-rejet-des-ingerences\\\/#breadcrumb\",\"itemListElement\":[{\"@type\":\"ListItem\",\"position\":1,\"name\":\"Accueil\",\"item\":\"https:\\\/\\\/lasentinelle.dz\\\/\"},{\"@type\":\"ListItem\",\"position\":2,\"name\":\"Crise libyenne\u00a0: Alger, Tunis et Le Caire r\u00e9affirment leur rejet des ing\u00e9rences\u00a0\"}]},{\"@type\":\"WebSite\",\"@id\":\"https:\\\/\\\/lasentinelle.dz\\\/#website\",\"url\":\"https:\\\/\\\/lasentinelle.dz\\\/\",\"name\":\"La Sentinelle\",\"description\":\"Quotidien national d&#039;information\",\"publisher\":{\"@id\":\"https:\\\/\\\/lasentinelle.dz\\\/#organization\"},\"potentialAction\":[{\"@type\":\"SearchAction\",\"target\":{\"@type\":\"EntryPoint\",\"urlTemplate\":\"https:\\\/\\\/lasentinelle.dz\\\/?s={search_term_string}\"},\"query-input\":{\"@type\":\"PropertyValueSpecification\",\"valueRequired\":true,\"valueName\":\"search_term_string\"}}],\"inLanguage\":\"fr-FR\"},{\"@type\":\"Organization\",\"@id\":\"https:\\\/\\\/lasentinelle.dz\\\/#organization\",\"name\":\"Quotidien La Sentinelle\",\"url\":\"https:\\\/\\\/lasentinelle.dz\\\/\",\"logo\":{\"@type\":\"ImageObject\",\"inLanguage\":\"fr-FR\",\"@id\":\"https:\\\/\\\/lasentinelle.dz\\\/#\\\/schema\\\/logo\\\/image\\\/\",\"url\":\"https:\\\/\\\/lasentinelle.dz\\\/wp-content\\\/uploads\\\/2021\\\/09\\\/logo-sentinelleSLOGAN-1.png\",\"contentUrl\":\"https:\\\/\\\/lasentinelle.dz\\\/wp-content\\\/uploads\\\/2021\\\/09\\\/logo-sentinelleSLOGAN-1.png\",\"width\":615,\"height\":142,\"caption\":\"Quotidien La Sentinelle\"},\"image\":{\"@id\":\"https:\\\/\\\/lasentinelle.dz\\\/#\\\/schema\\\/logo\\\/image\\\/\"},\"sameAs\":[\"https:\\\/\\\/www.facebook.com\\\/La-Sentinelle-104059864394773\"]},{\"@type\":\"Person\",\"@id\":\"https:\\\/\\\/lasentinelle.dz\\\/#\\\/schema\\\/person\\\/729ee0024f24e0b8c5ec17232f8e8b41\",\"name\":\"admin\",\"image\":{\"@type\":\"ImageObject\",\"inLanguage\":\"fr-FR\",\"@id\":\"https:\\\/\\\/secure.gravatar.com\\\/avatar\\\/4c81fed838786e9b53f540bf46533e750f5d292099ae3b66cfc6fb1982e29df7?s=96&d=mm&r=g\",\"url\":\"https:\\\/\\\/secure.gravatar.com\\\/avatar\\\/4c81fed838786e9b53f540bf46533e750f5d292099ae3b66cfc6fb1982e29df7?s=96&d=mm&r=g\",\"contentUrl\":\"https:\\\/\\\/secure.gravatar.com\\\/avatar\\\/4c81fed838786e9b53f540bf46533e750f5d292099ae3b66cfc6fb1982e29df7?s=96&d=mm&r=g\",\"caption\":\"admin\"},\"description\":\"admin\",\"url\":\"https:\\\/\\\/lasentinelle.dz\\\/author\\\/admin\\\/\"}]}<\/script>\n<!-- \/ Yoast SEO plugin. -->","yoast_head_json":{"title":"Crise libyenne\u00a0: Alger, Tunis et Le Caire r\u00e9affirment leur rejet des ing\u00e9rences\u00a0 - La Sentinelle","robots":{"index":"index","follow":"follow","max-snippet":"max-snippet:-1","max-image-preview":"max-image-preview:large","max-video-preview":"max-video-preview:-1"},"canonical":"https:\/\/lasentinelle.dz\/index.php\/2026\/01\/27\/crise-libyenne-alger-tunis-et-le-caire-reaffirment-leur-rejet-des-ingerences\/","og_locale":"fr_FR","og_type":"article","og_title":"Crise libyenne\u00a0: Alger, Tunis et Le Caire r\u00e9affirment leur rejet des ing\u00e9rences\u00a0 - La Sentinelle","og_description":"Le m\u00e9canisme tripartite des pays voisins de la Libye a conclu ses travaux lundi \u00e0 Tunis par l&rsquo;adoption d&rsquo;un communiqu\u00e9","og_url":"https:\/\/lasentinelle.dz\/index.php\/2026\/01\/27\/crise-libyenne-alger-tunis-et-le-caire-reaffirment-leur-rejet-des-ingerences\/","og_site_name":"La Sentinelle","article_publisher":"https:\/\/www.facebook.com\/La-Sentinelle-104059864394773","article_published_time":"2026-01-27T12:28:52+00:00","article_modified_time":"2026-01-27T12:28:53+00:00","og_image":[{"width":900,"height":675,"url":"https:\/\/lasentinelle.dz\/wp-content\/uploads\/2026\/01\/attaff_ri_ly.webp","type":"image\/webp"}],"author":"admin","twitter_card":"summary_large_image","twitter_misc":{"\u00c9crit par":"admin","Dur\u00e9e de lecture estim\u00e9e":"5 minutes"},"schema":{"@context":"https:\/\/schema.org","@graph":[{"@type":"Article","@id":"https:\/\/lasentinelle.dz\/index.php\/2026\/01\/27\/crise-libyenne-alger-tunis-et-le-caire-reaffirment-leur-rejet-des-ingerences\/#article","isPartOf":{"@id":"https:\/\/lasentinelle.dz\/index.php\/2026\/01\/27\/crise-libyenne-alger-tunis-et-le-caire-reaffirment-leur-rejet-des-ingerences\/"},"author":{"name":"admin","@id":"https:\/\/lasentinelle.dz\/#\/schema\/person\/729ee0024f24e0b8c5ec17232f8e8b41"},"headline":"Crise libyenne\u00a0: Alger, Tunis et Le Caire r\u00e9affirment leur rejet des ing\u00e9rences\u00a0","datePublished":"2026-01-27T12:28:52+00:00","dateModified":"2026-01-27T12:28:53+00:00","mainEntityOfPage":{"@id":"https:\/\/lasentinelle.dz\/index.php\/2026\/01\/27\/crise-libyenne-alger-tunis-et-le-caire-reaffirment-leur-rejet-des-ingerences\/"},"wordCount":974,"commentCount":0,"publisher":{"@id":"https:\/\/lasentinelle.dz\/#organization"},"image":{"@id":"https:\/\/lasentinelle.dz\/index.php\/2026\/01\/27\/crise-libyenne-alger-tunis-et-le-caire-reaffirment-leur-rejet-des-ingerences\/#primaryimage"},"thumbnailUrl":"https:\/\/lasentinelle.dz\/wp-content\/uploads\/2026\/01\/attaff_ri_ly.webp","articleSection":["Actualit\u00e9"],"inLanguage":"fr-FR","potentialAction":[{"@type":"CommentAction","name":"Comment","target":["https:\/\/lasentinelle.dz\/index.php\/2026\/01\/27\/crise-libyenne-alger-tunis-et-le-caire-reaffirment-leur-rejet-des-ingerences\/#respond"]}]},{"@type":"WebPage","@id":"https:\/\/lasentinelle.dz\/index.php\/2026\/01\/27\/crise-libyenne-alger-tunis-et-le-caire-reaffirment-leur-rejet-des-ingerences\/","url":"https:\/\/lasentinelle.dz\/index.php\/2026\/01\/27\/crise-libyenne-alger-tunis-et-le-caire-reaffirment-leur-rejet-des-ingerences\/","name":"Crise libyenne\u00a0: Alger, Tunis et Le Caire r\u00e9affirment leur rejet des ing\u00e9rences\u00a0 - La Sentinelle","isPartOf":{"@id":"https:\/\/lasentinelle.dz\/#website"},"primaryImageOfPage":{"@id":"https:\/\/lasentinelle.dz\/index.php\/2026\/01\/27\/crise-libyenne-alger-tunis-et-le-caire-reaffirment-leur-rejet-des-ingerences\/#primaryimage"},"image":{"@id":"https:\/\/lasentinelle.dz\/index.php\/2026\/01\/27\/crise-libyenne-alger-tunis-et-le-caire-reaffirment-leur-rejet-des-ingerences\/#primaryimage"},"thumbnailUrl":"https:\/\/lasentinelle.dz\/wp-content\/uploads\/2026\/01\/attaff_ri_ly.webp","datePublished":"2026-01-27T12:28:52+00:00","dateModified":"2026-01-27T12:28:53+00:00","breadcrumb":{"@id":"https:\/\/lasentinelle.dz\/index.php\/2026\/01\/27\/crise-libyenne-alger-tunis-et-le-caire-reaffirment-leur-rejet-des-ingerences\/#breadcrumb"},"inLanguage":"fr-FR","potentialAction":[{"@type":"ReadAction","target":["https:\/\/lasentinelle.dz\/index.php\/2026\/01\/27\/crise-libyenne-alger-tunis-et-le-caire-reaffirment-leur-rejet-des-ingerences\/"]}]},{"@type":"ImageObject","inLanguage":"fr-FR","@id":"https:\/\/lasentinelle.dz\/index.php\/2026\/01\/27\/crise-libyenne-alger-tunis-et-le-caire-reaffirment-leur-rejet-des-ingerences\/#primaryimage","url":"https:\/\/lasentinelle.dz\/wp-content\/uploads\/2026\/01\/attaff_ri_ly.webp","contentUrl":"https:\/\/lasentinelle.dz\/wp-content\/uploads\/2026\/01\/attaff_ri_ly.webp","width":900,"height":675},{"@type":"BreadcrumbList","@id":"https:\/\/lasentinelle.dz\/index.php\/2026\/01\/27\/crise-libyenne-alger-tunis-et-le-caire-reaffirment-leur-rejet-des-ingerences\/#breadcrumb","itemListElement":[{"@type":"ListItem","position":1,"name":"Accueil","item":"https:\/\/lasentinelle.dz\/"},{"@type":"ListItem","position":2,"name":"Crise libyenne\u00a0: Alger, Tunis et Le Caire r\u00e9affirment leur rejet des ing\u00e9rences\u00a0"}]},{"@type":"WebSite","@id":"https:\/\/lasentinelle.dz\/#website","url":"https:\/\/lasentinelle.dz\/","name":"La Sentinelle","description":"Quotidien national d&#039;information","publisher":{"@id":"https:\/\/lasentinelle.dz\/#organization"},"potentialAction":[{"@type":"SearchAction","target":{"@type":"EntryPoint","urlTemplate":"https:\/\/lasentinelle.dz\/?s={search_term_string}"},"query-input":{"@type":"PropertyValueSpecification","valueRequired":true,"valueName":"search_term_string"}}],"inLanguage":"fr-FR"},{"@type":"Organization","@id":"https:\/\/lasentinelle.dz\/#organization","name":"Quotidien La Sentinelle","url":"https:\/\/lasentinelle.dz\/","logo":{"@type":"ImageObject","inLanguage":"fr-FR","@id":"https:\/\/lasentinelle.dz\/#\/schema\/logo\/image\/","url":"https:\/\/lasentinelle.dz\/wp-content\/uploads\/2021\/09\/logo-sentinelleSLOGAN-1.png","contentUrl":"https:\/\/lasentinelle.dz\/wp-content\/uploads\/2021\/09\/logo-sentinelleSLOGAN-1.png","width":615,"height":142,"caption":"Quotidien La Sentinelle"},"image":{"@id":"https:\/\/lasentinelle.dz\/#\/schema\/logo\/image\/"},"sameAs":["https:\/\/www.facebook.com\/La-Sentinelle-104059864394773"]},{"@type":"Person","@id":"https:\/\/lasentinelle.dz\/#\/schema\/person\/729ee0024f24e0b8c5ec17232f8e8b41","name":"admin","image":{"@type":"ImageObject","inLanguage":"fr-FR","@id":"https:\/\/secure.gravatar.com\/avatar\/4c81fed838786e9b53f540bf46533e750f5d292099ae3b66cfc6fb1982e29df7?s=96&d=mm&r=g","url":"https:\/\/secure.gravatar.com\/avatar\/4c81fed838786e9b53f540bf46533e750f5d292099ae3b66cfc6fb1982e29df7?s=96&d=mm&r=g","contentUrl":"https:\/\/secure.gravatar.com\/avatar\/4c81fed838786e9b53f540bf46533e750f5d292099ae3b66cfc6fb1982e29df7?s=96&d=mm&r=g","caption":"admin"},"description":"admin","url":"https:\/\/lasentinelle.dz\/author\/admin\/"}]}},"_links":{"self":[{"href":"https:\/\/lasentinelle.dz\/index.php\/wp-json\/wp\/v2\/posts\/80180","targetHints":{"allow":["GET"]}}],"collection":[{"href":"https:\/\/lasentinelle.dz\/index.php\/wp-json\/wp\/v2\/posts"}],"about":[{"href":"https:\/\/lasentinelle.dz\/index.php\/wp-json\/wp\/v2\/types\/post"}],"author":[{"embeddable":true,"href":"https:\/\/lasentinelle.dz\/index.php\/wp-json\/wp\/v2\/users\/6"}],"replies":[{"embeddable":true,"href":"https:\/\/lasentinelle.dz\/index.php\/wp-json\/wp\/v2\/comments?post=80180"}],"version-history":[{"count":1,"href":"https:\/\/lasentinelle.dz\/index.php\/wp-json\/wp\/v2\/posts\/80180\/revisions"}],"predecessor-version":[{"id":80182,"href":"https:\/\/lasentinelle.dz\/index.php\/wp-json\/wp\/v2\/posts\/80180\/revisions\/80182"}],"wp:featuredmedia":[{"embeddable":true,"href":"https:\/\/lasentinelle.dz\/index.php\/wp-json\/wp\/v2\/media\/80181"}],"wp:attachment":[{"href":"https:\/\/lasentinelle.dz\/index.php\/wp-json\/wp\/v2\/media?parent=80180"}],"wp:term":[{"taxonomy":"category","embeddable":true,"href":"https:\/\/lasentinelle.dz\/index.php\/wp-json\/wp\/v2\/categories?post=80180"},{"taxonomy":"post_tag","embeddable":true,"href":"https:\/\/lasentinelle.dz\/index.php\/wp-json\/wp\/v2\/tags?post=80180"}],"curies":[{"name":"wp","href":"https:\/\/api.w.org\/{rel}","templated":true}]}}