{"id":80193,"date":"2026-01-28T12:33:44","date_gmt":"2026-01-28T11:33:44","guid":{"rendered":"https:\/\/lasentinelle.dz\/?p=80193"},"modified":"2026-01-28T12:33:46","modified_gmt":"2026-01-28T11:33:46","slug":"alerte-vents-violents-appel-a-la-vigilance-maximale","status":"publish","type":"post","link":"https:\/\/lasentinelle.dz\/index.php\/2026\/01\/28\/alerte-vents-violents-appel-a-la-vigilance-maximale\/","title":{"rendered":"Alerte vents violents\u00a0: Appel\u00a0\u00e0\u00a0la\u00a0vigilance maximale"},"content":{"rendered":"\n<p>L&rsquo;Alg\u00e9rie fait face \u00e0 un \u00e9pisode m\u00e9t\u00e9orologique particuli\u00e8rement dangereux. Mardi matin, l&rsquo;Office national de m\u00e9t\u00e9orologie a \u00e9mis un bulletin m\u00e9t\u00e9orologique sp\u00e9cial de niveau orange annon\u00e7ant des vents violents sur une large partie du territoire national. Face \u00e0 cette situation, la direction g\u00e9n\u00e9rale de la Protection civile a imm\u00e9diatement r\u00e9agi en publiant un communiqu\u00e9 pressant les citoyens \u00e0 la prudence. Selon ses termes, elle \u00ab\u00a0appelle les citoyens \u00e0 respecter les consignes de pr\u00e9vention pour \u00e9viter les accidents domestiques et les accidents de la circulation li\u00e9s aux conditions climatiques d\u00e9favorables\u00a0\u00bb, rappelant que \u00ab\u00a0des vents violents sont pr\u00e9vus pour les prochaines heures et qui vont toucher plusieurs wilayas du pays\u00a0\u00bb.&nbsp;Les pr\u00e9visions m\u00e9t\u00e9orologiques s&rsquo;av\u00e8rent particuli\u00e8rement pr\u00e9occupantes. Le bulletin annonce des rafales dont la vitesse oscillera g\u00e9n\u00e9ralement entre 60 et 80 kilom\u00e8tres par heure, avec des pointes pouvant atteindre, voire d\u00e9passer, 120 kilom\u00e8tres par heure sur certaines r\u00e9gions, notamment les zones c\u00f4ti\u00e8res et les Aur\u00e8s. Cet \u00e9pisode venteux concernera pas moins de&nbsp;36&nbsp;wilayas r\u00e9parties sur l&rsquo;ensemble du territoire, des c\u00f4tes m\u00e9diterran\u00e9ennes aux hauts plateaux, en passant par les r\u00e9gions int\u00e9rieures. Les wilayas de l&rsquo;ouest comme Tlemcen, Oran et Mostaganem sont en alerte d\u00e8s mardi apr\u00e8s-midi jusqu&rsquo;\u00e0 jeudi midi, tandis que le centre du pays, incluant Alger, Tipaza et Blida, conna\u00eetra les vents les plus violents mercredi entre 14 heures et 21 heures. L&rsquo;est du territoire ne sera pas \u00e9pargn\u00e9, avec des rafales particuli\u00e8rement intenses attendues mercredi soir dans les wilayas de Jijel, Annaba, Constantine et Batna.<\/p>\n\n\n\n<p>Face \u00e0 ces conditions exceptionnelles, la Protection civile a diffus\u00e9 une s\u00e9rie de recommandations d\u00e9taill\u00e9es visant \u00e0 limiter les risques. Les autorit\u00e9s conseillent aux habitants de s\u00e9curiser leur environnement imm\u00e9diat en rangeant et fixant tous les objets susceptibles d&rsquo;\u00eatre emport\u00e9s par le vent, de prot\u00e9ger les \u00e9l\u00e9ments vitr\u00e9s en fermant volets et persiennes, et de pr\u00e9voir des moyens d&rsquo;\u00e9clairage de secours. Il est formellement d\u00e9conseill\u00e9 de s&rsquo;approcher des fen\u00eatres, balcons, arbres et poteaux \u00e9lectriques. Les v\u00e9hicules, animaux et mat\u00e9riels doivent \u00eatre mis \u00e0 l&rsquo;abri. Sur les routes, la r\u00e9duction de vitesse est imp\u00e9rative pour maintenir une bonne visibilit\u00e9 et \u00e9viter tout obstacle. Les sorties en mer, lac ou rivi\u00e8re sont proscrites, et les professionnels du b\u00e2timent doivent mettre leurs grues en position de s\u00e9curit\u00e9. Avant tout d\u00e9placement, il convient de se renseigner sur les conditions m\u00e9t\u00e9orologiques et l&rsquo;\u00e9tat du r\u00e9seau routier, d&rsquo;\u00e9viter les secteurs bois\u00e9s et de pr\u00e9venir un proche de son itin\u00e9raire.<\/p>\n\n\n\n<p>Chokri Hafed<\/p>\n","protected":false},"excerpt":{"rendered":"<p>L&rsquo;Alg\u00e9rie fait face \u00e0 un \u00e9pisode m\u00e9t\u00e9orologique particuli\u00e8rement dangereux. Mardi matin, l&rsquo;Office national de m\u00e9t\u00e9orologie a \u00e9mis un bulletin m\u00e9t\u00e9orologique<\/p>\n","protected":false},"author":6,"featured_media":80194,"comment_status":"open","ping_status":"closed","sticky":false,"template":"","format":"standard","meta":{"colormag_page_container_layout":"default_layout","colormag_page_sidebar_layout":"default_layout","om_disable_all_campaigns":false,"_monsterinsights_skip_tracking":false,"_monsterinsights_sitenote_active":false,"_monsterinsights_sitenote_note":"","_monsterinsights_sitenote_category":0,"footnotes":"","_wpscppro_dont_share_socialmedia":false,"_wpscppro_custom_social_share_image":0,"_facebook_share_type":"default","_twitter_share_type":"default","_linkedin_share_type":"default","_pinterest_share_type":"default","_linkedin_share_type_page":"","_instagram_share_type":"default","_medium_share_type":"default","_threads_share_type":"default","_google_business_share_type":"default","_selected_social_profile":[],"_wpsp_enable_custom_social_template":false,"_wpsp_social_scheduling":{"enabled":false,"datetime":null,"platforms":[],"status":"template_only","dateOption":"today","timeOption":"now","customDays":"","customHours":"","customDate":"","customTime":"","schedulingType":"absolute"},"_wpsp_active_default_template":true},"categories":[52,27],"tags":[],"class_list":["post-80193","post","type-post","status-publish","format-standard","has-post-thumbnail","hentry","category-a-la-une","category-actualite"],"aioseo_notices":[],"yoast_head":"<!-- This site is optimized with the Yoast SEO plugin v27.5 - https:\/\/yoast.com\/product\/yoast-seo-wordpress\/ -->\n<title>Alerte vents violents\u00a0: Appel\u00a0\u00e0\u00a0la\u00a0vigilance maximale - La Sentinelle<\/title>\n<meta name=\"robots\" content=\"index, follow, max-snippet:-1, max-image-preview:large, max-video-preview:-1\" \/>\n<link rel=\"canonical\" href=\"https:\/\/lasentinelle.dz\/index.php\/2026\/01\/28\/alerte-vents-violents-appel-a-la-vigilance-maximale\/\" \/>\n<meta property=\"og:locale\" content=\"fr_FR\" \/>\n<meta property=\"og:type\" content=\"article\" \/>\n<meta property=\"og:title\" content=\"Alerte vents violents\u00a0: Appel\u00a0\u00e0\u00a0la\u00a0vigilance maximale - La Sentinelle\" \/>\n<meta property=\"og:description\" content=\"L&rsquo;Alg\u00e9rie fait face \u00e0 un \u00e9pisode m\u00e9t\u00e9orologique particuli\u00e8rement dangereux. Mardi matin, l&rsquo;Office national de m\u00e9t\u00e9orologie a \u00e9mis un bulletin m\u00e9t\u00e9orologique\" \/>\n<meta property=\"og:url\" content=\"https:\/\/lasentinelle.dz\/index.php\/2026\/01\/28\/alerte-vents-violents-appel-a-la-vigilance-maximale\/\" \/>\n<meta property=\"og:site_name\" content=\"La Sentinelle\" \/>\n<meta property=\"article:publisher\" content=\"https:\/\/www.facebook.com\/La-Sentinelle-104059864394773\" \/>\n<meta property=\"article:published_time\" content=\"2026-01-28T11:33:44+00:00\" \/>\n<meta property=\"article:modified_time\" content=\"2026-01-28T11:33:46+00:00\" \/>\n<meta property=\"og:image\" content=\"https:\/\/lasentinelle.dz\/wp-content\/uploads\/2026\/01\/alerte-vents.webp\" \/>\n\t<meta property=\"og:image:width\" content=\"658\" \/>\n\t<meta property=\"og:image:height\" content=\"370\" \/>\n\t<meta property=\"og:image:type\" content=\"image\/webp\" \/>\n<meta name=\"author\" content=\"admin\" \/>\n<meta name=\"twitter:card\" content=\"summary_large_image\" \/>\n<meta name=\"twitter:label1\" content=\"\u00c9crit par\" \/>\n\t<meta name=\"twitter:data1\" content=\"admin\" \/>\n\t<meta name=\"twitter:label2\" content=\"Dur\u00e9e de lecture estim\u00e9e\" \/>\n\t<meta name=\"twitter:data2\" content=\"3 minutes\" \/>\n<script type=\"application\/ld+json\" class=\"yoast-schema-graph\">{\"@context\":\"https:\\\/\\\/schema.org\",\"@graph\":[{\"@type\":\"Article\",\"@id\":\"https:\\\/\\\/lasentinelle.dz\\\/index.php\\\/2026\\\/01\\\/28\\\/alerte-vents-violents-appel-a-la-vigilance-maximale\\\/#article\",\"isPartOf\":{\"@id\":\"https:\\\/\\\/lasentinelle.dz\\\/index.php\\\/2026\\\/01\\\/28\\\/alerte-vents-violents-appel-a-la-vigilance-maximale\\\/\"},\"author\":{\"name\":\"admin\",\"@id\":\"https:\\\/\\\/lasentinelle.dz\\\/#\\\/schema\\\/person\\\/729ee0024f24e0b8c5ec17232f8e8b41\"},\"headline\":\"Alerte vents violents\u00a0: Appel\u00a0\u00e0\u00a0la\u00a0vigilance maximale\",\"datePublished\":\"2026-01-28T11:33:44+00:00\",\"dateModified\":\"2026-01-28T11:33:46+00:00\",\"mainEntityOfPage\":{\"@id\":\"https:\\\/\\\/lasentinelle.dz\\\/index.php\\\/2026\\\/01\\\/28\\\/alerte-vents-violents-appel-a-la-vigilance-maximale\\\/\"},\"wordCount\":477,\"commentCount\":0,\"publisher\":{\"@id\":\"https:\\\/\\\/lasentinelle.dz\\\/#organization\"},\"image\":{\"@id\":\"https:\\\/\\\/lasentinelle.dz\\\/index.php\\\/2026\\\/01\\\/28\\\/alerte-vents-violents-appel-a-la-vigilance-maximale\\\/#primaryimage\"},\"thumbnailUrl\":\"https:\\\/\\\/lasentinelle.dz\\\/wp-content\\\/uploads\\\/2026\\\/01\\\/alerte-vents.webp\",\"articleSection\":[\"\u00c0 la Une\",\"Actualit\u00e9\"],\"inLanguage\":\"fr-FR\",\"potentialAction\":[{\"@type\":\"CommentAction\",\"name\":\"Comment\",\"target\":[\"https:\\\/\\\/lasentinelle.dz\\\/index.php\\\/2026\\\/01\\\/28\\\/alerte-vents-violents-appel-a-la-vigilance-maximale\\\/#respond\"]}]},{\"@type\":\"WebPage\",\"@id\":\"https:\\\/\\\/lasentinelle.dz\\\/index.php\\\/2026\\\/01\\\/28\\\/alerte-vents-violents-appel-a-la-vigilance-maximale\\\/\",\"url\":\"https:\\\/\\\/lasentinelle.dz\\\/index.php\\\/2026\\\/01\\\/28\\\/alerte-vents-violents-appel-a-la-vigilance-maximale\\\/\",\"name\":\"Alerte vents violents\u00a0: Appel\u00a0\u00e0\u00a0la\u00a0vigilance maximale - La Sentinelle\",\"isPartOf\":{\"@id\":\"https:\\\/\\\/lasentinelle.dz\\\/#website\"},\"primaryImageOfPage\":{\"@id\":\"https:\\\/\\\/lasentinelle.dz\\\/index.php\\\/2026\\\/01\\\/28\\\/alerte-vents-violents-appel-a-la-vigilance-maximale\\\/#primaryimage\"},\"image\":{\"@id\":\"https:\\\/\\\/lasentinelle.dz\\\/index.php\\\/2026\\\/01\\\/28\\\/alerte-vents-violents-appel-a-la-vigilance-maximale\\\/#primaryimage\"},\"thumbnailUrl\":\"https:\\\/\\\/lasentinelle.dz\\\/wp-content\\\/uploads\\\/2026\\\/01\\\/alerte-vents.webp\",\"datePublished\":\"2026-01-28T11:33:44+00:00\",\"dateModified\":\"2026-01-28T11:33:46+00:00\",\"breadcrumb\":{\"@id\":\"https:\\\/\\\/lasentinelle.dz\\\/index.php\\\/2026\\\/01\\\/28\\\/alerte-vents-violents-appel-a-la-vigilance-maximale\\\/#breadcrumb\"},\"inLanguage\":\"fr-FR\",\"potentialAction\":[{\"@type\":\"ReadAction\",\"target\":[\"https:\\\/\\\/lasentinelle.dz\\\/index.php\\\/2026\\\/01\\\/28\\\/alerte-vents-violents-appel-a-la-vigilance-maximale\\\/\"]}]},{\"@type\":\"ImageObject\",\"inLanguage\":\"fr-FR\",\"@id\":\"https:\\\/\\\/lasentinelle.dz\\\/index.php\\\/2026\\\/01\\\/28\\\/alerte-vents-violents-appel-a-la-vigilance-maximale\\\/#primaryimage\",\"url\":\"https:\\\/\\\/lasentinelle.dz\\\/wp-content\\\/uploads\\\/2026\\\/01\\\/alerte-vents.webp\",\"contentUrl\":\"https:\\\/\\\/lasentinelle.dz\\\/wp-content\\\/uploads\\\/2026\\\/01\\\/alerte-vents.webp\",\"width\":658,\"height\":370},{\"@type\":\"BreadcrumbList\",\"@id\":\"https:\\\/\\\/lasentinelle.dz\\\/index.php\\\/2026\\\/01\\\/28\\\/alerte-vents-violents-appel-a-la-vigilance-maximale\\\/#breadcrumb\",\"itemListElement\":[{\"@type\":\"ListItem\",\"position\":1,\"name\":\"Accueil\",\"item\":\"https:\\\/\\\/lasentinelle.dz\\\/\"},{\"@type\":\"ListItem\",\"position\":2,\"name\":\"Alerte vents violents\u00a0: Appel\u00a0\u00e0\u00a0la\u00a0vigilance maximale\"}]},{\"@type\":\"WebSite\",\"@id\":\"https:\\\/\\\/lasentinelle.dz\\\/#website\",\"url\":\"https:\\\/\\\/lasentinelle.dz\\\/\",\"name\":\"La Sentinelle\",\"description\":\"Quotidien national d&#039;information\",\"publisher\":{\"@id\":\"https:\\\/\\\/lasentinelle.dz\\\/#organization\"},\"potentialAction\":[{\"@type\":\"SearchAction\",\"target\":{\"@type\":\"EntryPoint\",\"urlTemplate\":\"https:\\\/\\\/lasentinelle.dz\\\/?s={search_term_string}\"},\"query-input\":{\"@type\":\"PropertyValueSpecification\",\"valueRequired\":true,\"valueName\":\"search_term_string\"}}],\"inLanguage\":\"fr-FR\"},{\"@type\":\"Organization\",\"@id\":\"https:\\\/\\\/lasentinelle.dz\\\/#organization\",\"name\":\"Quotidien La Sentinelle\",\"url\":\"https:\\\/\\\/lasentinelle.dz\\\/\",\"logo\":{\"@type\":\"ImageObject\",\"inLanguage\":\"fr-FR\",\"@id\":\"https:\\\/\\\/lasentinelle.dz\\\/#\\\/schema\\\/logo\\\/image\\\/\",\"url\":\"https:\\\/\\\/lasentinelle.dz\\\/wp-content\\\/uploads\\\/2021\\\/09\\\/logo-sentinelleSLOGAN-1.png\",\"contentUrl\":\"https:\\\/\\\/lasentinelle.dz\\\/wp-content\\\/uploads\\\/2021\\\/09\\\/logo-sentinelleSLOGAN-1.png\",\"width\":615,\"height\":142,\"caption\":\"Quotidien La Sentinelle\"},\"image\":{\"@id\":\"https:\\\/\\\/lasentinelle.dz\\\/#\\\/schema\\\/logo\\\/image\\\/\"},\"sameAs\":[\"https:\\\/\\\/www.facebook.com\\\/La-Sentinelle-104059864394773\"]},{\"@type\":\"Person\",\"@id\":\"https:\\\/\\\/lasentinelle.dz\\\/#\\\/schema\\\/person\\\/729ee0024f24e0b8c5ec17232f8e8b41\",\"name\":\"admin\",\"image\":{\"@type\":\"ImageObject\",\"inLanguage\":\"fr-FR\",\"@id\":\"https:\\\/\\\/secure.gravatar.com\\\/avatar\\\/4c81fed838786e9b53f540bf46533e750f5d292099ae3b66cfc6fb1982e29df7?s=96&d=mm&r=g\",\"url\":\"https:\\\/\\\/secure.gravatar.com\\\/avatar\\\/4c81fed838786e9b53f540bf46533e750f5d292099ae3b66cfc6fb1982e29df7?s=96&d=mm&r=g\",\"contentUrl\":\"https:\\\/\\\/secure.gravatar.com\\\/avatar\\\/4c81fed838786e9b53f540bf46533e750f5d292099ae3b66cfc6fb1982e29df7?s=96&d=mm&r=g\",\"caption\":\"admin\"},\"description\":\"admin\",\"url\":\"https:\\\/\\\/lasentinelle.dz\\\/author\\\/admin\\\/\"}]}<\/script>\n<!-- \/ Yoast SEO plugin. -->","yoast_head_json":{"title":"Alerte vents violents\u00a0: Appel\u00a0\u00e0\u00a0la\u00a0vigilance maximale - La Sentinelle","robots":{"index":"index","follow":"follow","max-snippet":"max-snippet:-1","max-image-preview":"max-image-preview:large","max-video-preview":"max-video-preview:-1"},"canonical":"https:\/\/lasentinelle.dz\/index.php\/2026\/01\/28\/alerte-vents-violents-appel-a-la-vigilance-maximale\/","og_locale":"fr_FR","og_type":"article","og_title":"Alerte vents violents\u00a0: Appel\u00a0\u00e0\u00a0la\u00a0vigilance maximale - La Sentinelle","og_description":"L&rsquo;Alg\u00e9rie fait face \u00e0 un \u00e9pisode m\u00e9t\u00e9orologique particuli\u00e8rement dangereux. Mardi matin, l&rsquo;Office national de m\u00e9t\u00e9orologie a \u00e9mis un bulletin m\u00e9t\u00e9orologique","og_url":"https:\/\/lasentinelle.dz\/index.php\/2026\/01\/28\/alerte-vents-violents-appel-a-la-vigilance-maximale\/","og_site_name":"La Sentinelle","article_publisher":"https:\/\/www.facebook.com\/La-Sentinelle-104059864394773","article_published_time":"2026-01-28T11:33:44+00:00","article_modified_time":"2026-01-28T11:33:46+00:00","og_image":[{"width":658,"height":370,"url":"https:\/\/lasentinelle.dz\/wp-content\/uploads\/2026\/01\/alerte-vents.webp","type":"image\/webp"}],"author":"admin","twitter_card":"summary_large_image","twitter_misc":{"\u00c9crit par":"admin","Dur\u00e9e de lecture estim\u00e9e":"3 minutes"},"schema":{"@context":"https:\/\/schema.org","@graph":[{"@type":"Article","@id":"https:\/\/lasentinelle.dz\/index.php\/2026\/01\/28\/alerte-vents-violents-appel-a-la-vigilance-maximale\/#article","isPartOf":{"@id":"https:\/\/lasentinelle.dz\/index.php\/2026\/01\/28\/alerte-vents-violents-appel-a-la-vigilance-maximale\/"},"author":{"name":"admin","@id":"https:\/\/lasentinelle.dz\/#\/schema\/person\/729ee0024f24e0b8c5ec17232f8e8b41"},"headline":"Alerte vents violents\u00a0: Appel\u00a0\u00e0\u00a0la\u00a0vigilance maximale","datePublished":"2026-01-28T11:33:44+00:00","dateModified":"2026-01-28T11:33:46+00:00","mainEntityOfPage":{"@id":"https:\/\/lasentinelle.dz\/index.php\/2026\/01\/28\/alerte-vents-violents-appel-a-la-vigilance-maximale\/"},"wordCount":477,"commentCount":0,"publisher":{"@id":"https:\/\/lasentinelle.dz\/#organization"},"image":{"@id":"https:\/\/lasentinelle.dz\/index.php\/2026\/01\/28\/alerte-vents-violents-appel-a-la-vigilance-maximale\/#primaryimage"},"thumbnailUrl":"https:\/\/lasentinelle.dz\/wp-content\/uploads\/2026\/01\/alerte-vents.webp","articleSection":["\u00c0 la Une","Actualit\u00e9"],"inLanguage":"fr-FR","potentialAction":[{"@type":"CommentAction","name":"Comment","target":["https:\/\/lasentinelle.dz\/index.php\/2026\/01\/28\/alerte-vents-violents-appel-a-la-vigilance-maximale\/#respond"]}]},{"@type":"WebPage","@id":"https:\/\/lasentinelle.dz\/index.php\/2026\/01\/28\/alerte-vents-violents-appel-a-la-vigilance-maximale\/","url":"https:\/\/lasentinelle.dz\/index.php\/2026\/01\/28\/alerte-vents-violents-appel-a-la-vigilance-maximale\/","name":"Alerte vents violents\u00a0: Appel\u00a0\u00e0\u00a0la\u00a0vigilance maximale - La Sentinelle","isPartOf":{"@id":"https:\/\/lasentinelle.dz\/#website"},"primaryImageOfPage":{"@id":"https:\/\/lasentinelle.dz\/index.php\/2026\/01\/28\/alerte-vents-violents-appel-a-la-vigilance-maximale\/#primaryimage"},"image":{"@id":"https:\/\/lasentinelle.dz\/index.php\/2026\/01\/28\/alerte-vents-violents-appel-a-la-vigilance-maximale\/#primaryimage"},"thumbnailUrl":"https:\/\/lasentinelle.dz\/wp-content\/uploads\/2026\/01\/alerte-vents.webp","datePublished":"2026-01-28T11:33:44+00:00","dateModified":"2026-01-28T11:33:46+00:00","breadcrumb":{"@id":"https:\/\/lasentinelle.dz\/index.php\/2026\/01\/28\/alerte-vents-violents-appel-a-la-vigilance-maximale\/#breadcrumb"},"inLanguage":"fr-FR","potentialAction":[{"@type":"ReadAction","target":["https:\/\/lasentinelle.dz\/index.php\/2026\/01\/28\/alerte-vents-violents-appel-a-la-vigilance-maximale\/"]}]},{"@type":"ImageObject","inLanguage":"fr-FR","@id":"https:\/\/lasentinelle.dz\/index.php\/2026\/01\/28\/alerte-vents-violents-appel-a-la-vigilance-maximale\/#primaryimage","url":"https:\/\/lasentinelle.dz\/wp-content\/uploads\/2026\/01\/alerte-vents.webp","contentUrl":"https:\/\/lasentinelle.dz\/wp-content\/uploads\/2026\/01\/alerte-vents.webp","width":658,"height":370},{"@type":"BreadcrumbList","@id":"https:\/\/lasentinelle.dz\/index.php\/2026\/01\/28\/alerte-vents-violents-appel-a-la-vigilance-maximale\/#breadcrumb","itemListElement":[{"@type":"ListItem","position":1,"name":"Accueil","item":"https:\/\/lasentinelle.dz\/"},{"@type":"ListItem","position":2,"name":"Alerte vents violents\u00a0: Appel\u00a0\u00e0\u00a0la\u00a0vigilance maximale"}]},{"@type":"WebSite","@id":"https:\/\/lasentinelle.dz\/#website","url":"https:\/\/lasentinelle.dz\/","name":"La Sentinelle","description":"Quotidien national d&#039;information","publisher":{"@id":"https:\/\/lasentinelle.dz\/#organization"},"potentialAction":[{"@type":"SearchAction","target":{"@type":"EntryPoint","urlTemplate":"https:\/\/lasentinelle.dz\/?s={search_term_string}"},"query-input":{"@type":"PropertyValueSpecification","valueRequired":true,"valueName":"search_term_string"}}],"inLanguage":"fr-FR"},{"@type":"Organization","@id":"https:\/\/lasentinelle.dz\/#organization","name":"Quotidien La Sentinelle","url":"https:\/\/lasentinelle.dz\/","logo":{"@type":"ImageObject","inLanguage":"fr-FR","@id":"https:\/\/lasentinelle.dz\/#\/schema\/logo\/image\/","url":"https:\/\/lasentinelle.dz\/wp-content\/uploads\/2021\/09\/logo-sentinelleSLOGAN-1.png","contentUrl":"https:\/\/lasentinelle.dz\/wp-content\/uploads\/2021\/09\/logo-sentinelleSLOGAN-1.png","width":615,"height":142,"caption":"Quotidien La Sentinelle"},"image":{"@id":"https:\/\/lasentinelle.dz\/#\/schema\/logo\/image\/"},"sameAs":["https:\/\/www.facebook.com\/La-Sentinelle-104059864394773"]},{"@type":"Person","@id":"https:\/\/lasentinelle.dz\/#\/schema\/person\/729ee0024f24e0b8c5ec17232f8e8b41","name":"admin","image":{"@type":"ImageObject","inLanguage":"fr-FR","@id":"https:\/\/secure.gravatar.com\/avatar\/4c81fed838786e9b53f540bf46533e750f5d292099ae3b66cfc6fb1982e29df7?s=96&d=mm&r=g","url":"https:\/\/secure.gravatar.com\/avatar\/4c81fed838786e9b53f540bf46533e750f5d292099ae3b66cfc6fb1982e29df7?s=96&d=mm&r=g","contentUrl":"https:\/\/secure.gravatar.com\/avatar\/4c81fed838786e9b53f540bf46533e750f5d292099ae3b66cfc6fb1982e29df7?s=96&d=mm&r=g","caption":"admin"},"description":"admin","url":"https:\/\/lasentinelle.dz\/author\/admin\/"}]}},"_links":{"self":[{"href":"https:\/\/lasentinelle.dz\/index.php\/wp-json\/wp\/v2\/posts\/80193","targetHints":{"allow":["GET"]}}],"collection":[{"href":"https:\/\/lasentinelle.dz\/index.php\/wp-json\/wp\/v2\/posts"}],"about":[{"href":"https:\/\/lasentinelle.dz\/index.php\/wp-json\/wp\/v2\/types\/post"}],"author":[{"embeddable":true,"href":"https:\/\/lasentinelle.dz\/index.php\/wp-json\/wp\/v2\/users\/6"}],"replies":[{"embeddable":true,"href":"https:\/\/lasentinelle.dz\/index.php\/wp-json\/wp\/v2\/comments?post=80193"}],"version-history":[{"count":1,"href":"https:\/\/lasentinelle.dz\/index.php\/wp-json\/wp\/v2\/posts\/80193\/revisions"}],"predecessor-version":[{"id":80195,"href":"https:\/\/lasentinelle.dz\/index.php\/wp-json\/wp\/v2\/posts\/80193\/revisions\/80195"}],"wp:featuredmedia":[{"embeddable":true,"href":"https:\/\/lasentinelle.dz\/index.php\/wp-json\/wp\/v2\/media\/80194"}],"wp:attachment":[{"href":"https:\/\/lasentinelle.dz\/index.php\/wp-json\/wp\/v2\/media?parent=80193"}],"wp:term":[{"taxonomy":"category","embeddable":true,"href":"https:\/\/lasentinelle.dz\/index.php\/wp-json\/wp\/v2\/categories?post=80193"},{"taxonomy":"post_tag","embeddable":true,"href":"https:\/\/lasentinelle.dz\/index.php\/wp-json\/wp\/v2\/tags?post=80193"}],"curies":[{"name":"wp","href":"https:\/\/api.w.org\/{rel}","templated":true}]}}