{"id":80196,"date":"2026-01-28T12:35:13","date_gmt":"2026-01-28T11:35:13","guid":{"rendered":"https:\/\/lasentinelle.dz\/?p=80196"},"modified":"2026-01-28T12:35:14","modified_gmt":"2026-01-28T11:35:14","slug":"ligue-1-mobilis-le-mercato-hivernal-sanime","status":"publish","type":"post","link":"https:\/\/lasentinelle.dz\/index.php\/2026\/01\/28\/ligue-1-mobilis-le-mercato-hivernal-sanime\/","title":{"rendered":"Ligue 1 Mobilis\u00a0:\u00a0Le mercato hivernal s&rsquo;anime"},"content":{"rendered":"\n<p>La fen\u00eatre des transferts hivernale bat son plein en Alg\u00e9rie avec plusieurs mouvements significatifs dans les clubs de l&rsquo;\u00e9lite et de la deuxi\u00e8me division.&nbsp;<\/p>\n\n\n\n<p>Le mercato hivernal conna\u00eet une activit\u00e9 soutenue du c\u00f4t\u00e9 des clubs&nbsp;de la Ligue 1 Mobilis, qui profitent de cette p\u00e9riode pour restructurer leurs \u00e9quipes. La JS Kabylie, pensionnaire de la Ligue 1 Mobilis, a d\u00e9cid\u00e9 de pr\u00eater son d\u00e9fenseur Hamza Mouali \u00e0 la JS Saoura pour une dur\u00e9e de six mois, assortie d&rsquo;une option d&rsquo;achat. Arriv\u00e9 \u00e0 Tizi-Ouzou en 2025 avec un contrat courant jusqu&rsquo;en juin 2027, le joueur de&nbsp;28&nbsp;n&rsquo;aura disput\u00e9 que huit rencontres sous le maillot des Canaris, totalisant cent&nbsp;46&nbsp;minutes de temps de jeu selon les statistiques de la Ligue de football professionnel.&nbsp;Ce d\u00e9part s&rsquo;inscrit dans une vague de changements au sein de l&rsquo;effectif kabyle. Hamza Mouali devient ainsi le troisi\u00e8me joueur \u00e0 quitter le club durant cette p\u00e9riode de transferts, apr\u00e8s Mehdi Boudjema\u00e2 et Abdelaziz Aymen Lahemri, ce dernier ayant trouv\u00e9 refuge au CS Constantine. En contrepartie, la direction de la JSK a proc\u00e9d\u00e9 \u00e0 deux recrutements destin\u00e9s \u00e0 densifier les rangs de l&rsquo;\u00e9quipe. L&rsquo;Angolais Jaredi Lopes Teixeira, en provenance du Petro Atletico Luanda, et Cha\u00efb Boulkaboul, qui \u00e9voluait \u00e0 l&rsquo;ES Mostaganem, ont paraph\u00e9 des contrats de deux ans et demi avec le club de Tizi-Ouzou.<\/p>\n\n\n\n<p>Ces mouvements interviennent dans un contexte difficile pour la JSK, qui traverse une p\u00e9riode d\u00e9licate sur tous les fronts. Elimin\u00e9e par l&rsquo;USM El Harrach en Coupe d&rsquo;Alg\u00e9rie, la formation kabyle occupe la cinqui\u00e8me place du classement de la Ligue 1 Mobilis avec&nbsp;23, accusant un retard de treize longueurs sur le leader, le Mouloudia d&rsquo;Alger, qui tr\u00f4ne en t\u00eate avec&nbsp;36&nbsp;unit\u00e9s. Sur la sc\u00e8ne continentale, le parcours n&rsquo;est gu\u00e8re plus reluisant puisque les Canaris pointent \u00e0 la derni\u00e8re place du groupe B de la Ligue des champions africaine avec seulement deux points apr\u00e8s trois journ\u00e9es, \u00e0 cinq longueurs du leader Al Ahly SC. La direction esp\u00e8re que ces renforts permettront de rectifier le tir dans ce qui reste des deux comp\u00e9titions.<\/p>\n\n\n\n<p>Du c\u00f4t\u00e9 de l&rsquo;USM Alger, autre formation de l&rsquo;\u00e9lite, l&rsquo;attaquant Ghiles Guenaoui a \u00e9t\u00e9 pr\u00eat\u00e9 au CS Constantine jusqu&rsquo;\u00e0 la fin de la saison. De retour \u00e0 la comp\u00e9tition apr\u00e8s une blessure aux ligaments crois\u00e9s survenue en octobre 2024, le joueur de vingt-sept ans peine \u00e0 retrouver son niveau habituel et ne figurait plus dans les plans de l&rsquo;entra\u00eeneur Abdelhak Benchikha. Form\u00e9 au Paradou AC, Guenaoui avait rejoint l&rsquo;USMA durant l&rsquo;intersaison 2024 pour un contrat de trois saisons, en provenance du club \u00e9gyptien d&rsquo;Al-Masry SC. L&rsquo;USMA, qui partage la deuxi\u00e8me place du championnat avec le CR Belouizdad et l&rsquo;ES Ben Aknoun \u00e0&nbsp;24&nbsp;&nbsp;points, \u00e0 douze longueurs du MC Alger, esp\u00e8re ainsi lib\u00e9rer de l&rsquo;espace dans son effectif.<\/p>\n\n\n\n<p><strong>Bal des entra\u00eeneurs en Ligue 2<\/strong><\/p>\n\n\n\n<p>L&rsquo;agitation du mercato touche \u00e9galement la deuxi\u00e8me division, o\u00f9 plusieurs clubs ont d\u00e9cid\u00e9 de changer de staff technique pour relancer leurs ambitions. Le RC Kouba, pensionnaire du groupe Centre-Ouest de la Ligue 2 amateur, a nomm\u00e9 Ch\u00e9rif Hadjar \u00e0 la t\u00eate de la barre technique de l&rsquo;\u00e9quipe premi\u00e8re. Le technicien de soixante ans, qui a d\u00e9j\u00e0 entra\u00een\u00e9 cette saison deux clubs de la Ligue 1 Mobilis, le MC El-Bayadh et l&rsquo;USM Khenchela, succ\u00e8de \u00e0 Abderrahmane Meziane, dont le contrat a \u00e9t\u00e9 r\u00e9sili\u00e9 \u00e0 l&rsquo;amiable. Cette d\u00e9cision intervient une semaine apr\u00e8s la d\u00e9faite conc\u00e9d\u00e9e en d\u00e9placement face au WA Mostaganem sur le score de deux buts \u00e0 un, lors de la seizi\u00e8me journ\u00e9e. Le RCK occupe actuellement la troisi\u00e8me place de son groupe avec trente points, \u00e0 onze longueurs du leader, la JS El-Biar.<\/p>\n\n\n\n<p>L&rsquo;ASM Oran a \u00e9galement proc\u00e9d\u00e9 \u00e0 un changement d&rsquo;entra\u00eeneur en recrutant Driss Bentayeb pour remplacer Moufdi Cherdoud, remerci\u00e9 pour insuffisance de r\u00e9sultats. Le club de M&rsquo;Dina J&rsquo;Dida traverse une p\u00e9riode compliqu\u00e9e avec un match nul \u00e0 domicile contre le CR T\u00e9mouchent et une lourde d\u00e9faite de trois buts \u00e0 z\u00e9ro chez le leader, la JS El Biar. Septi\u00e8me au classement avec&nbsp;25&nbsp;points, soit seize unit\u00e9s de retard sur le leader, l&rsquo;ASMO esp\u00e8re que l&rsquo;arriv\u00e9e de Bentayeb, qui avait d\u00e9marr\u00e9 la saison aux commandes du CR T\u00e9mouchent avant d&rsquo;\u00eatre remerci\u00e9 en d\u00e9cembre, permettra de redresser la barre et de relancer le club dans la course aux premiers r\u00f4les du championnat.<\/p>\n\n\n\n<p>Moncef D.<\/p>\n","protected":false},"excerpt":{"rendered":"<p>La fen\u00eatre des transferts hivernale bat son plein en Alg\u00e9rie avec plusieurs mouvements significatifs dans les clubs de l&rsquo;\u00e9lite et<\/p>\n","protected":false},"author":6,"featured_media":43719,"comment_status":"open","ping_status":"closed","sticky":false,"template":"","format":"standard","meta":{"colormag_page_container_layout":"default_layout","colormag_page_sidebar_layout":"default_layout","om_disable_all_campaigns":false,"_monsterinsights_skip_tracking":false,"_monsterinsights_sitenote_active":false,"_monsterinsights_sitenote_note":"","_monsterinsights_sitenote_category":0,"footnotes":"","_wpscppro_dont_share_socialmedia":false,"_wpscppro_custom_social_share_image":0,"_facebook_share_type":"default","_twitter_share_type":"default","_linkedin_share_type":"default","_pinterest_share_type":"default","_linkedin_share_type_page":"","_instagram_share_type":"default","_medium_share_type":"default","_threads_share_type":"default","_google_business_share_type":"default","_selected_social_profile":[],"_wpsp_enable_custom_social_template":false,"_wpsp_social_scheduling":{"enabled":false,"datetime":null,"platforms":[],"status":"template_only","dateOption":"today","timeOption":"now","customDays":"","customHours":"","customDate":"","customTime":"","schedulingType":"absolute"},"_wpsp_active_default_template":true},"categories":[33],"tags":[],"class_list":["post-80196","post","type-post","status-publish","format-standard","has-post-thumbnail","hentry","category-sports"],"aioseo_notices":[],"yoast_head":"<!-- This site is optimized with the Yoast SEO plugin v27.5 - https:\/\/yoast.com\/product\/yoast-seo-wordpress\/ -->\n<title>Ligue 1 Mobilis\u00a0:\u00a0Le mercato hivernal s&rsquo;anime - La Sentinelle<\/title>\n<meta name=\"robots\" content=\"index, follow, max-snippet:-1, max-image-preview:large, max-video-preview:-1\" \/>\n<link rel=\"canonical\" href=\"https:\/\/lasentinelle.dz\/index.php\/2026\/01\/28\/ligue-1-mobilis-le-mercato-hivernal-sanime\/\" \/>\n<meta property=\"og:locale\" content=\"fr_FR\" \/>\n<meta property=\"og:type\" content=\"article\" \/>\n<meta property=\"og:title\" content=\"Ligue 1 Mobilis\u00a0:\u00a0Le mercato hivernal s&rsquo;anime - La Sentinelle\" \/>\n<meta property=\"og:description\" content=\"La fen\u00eatre des transferts hivernale bat son plein en Alg\u00e9rie avec plusieurs mouvements significatifs dans les clubs de l&rsquo;\u00e9lite et\" \/>\n<meta property=\"og:url\" content=\"https:\/\/lasentinelle.dz\/index.php\/2026\/01\/28\/ligue-1-mobilis-le-mercato-hivernal-sanime\/\" \/>\n<meta property=\"og:site_name\" content=\"La Sentinelle\" \/>\n<meta property=\"article:publisher\" content=\"https:\/\/www.facebook.com\/La-Sentinelle-104059864394773\" \/>\n<meta property=\"article:published_time\" content=\"2026-01-28T11:35:13+00:00\" \/>\n<meta property=\"article:modified_time\" content=\"2026-01-28T11:35:14+00:00\" \/>\n<meta property=\"og:image\" content=\"https:\/\/lasentinelle.dz\/wp-content\/uploads\/2023\/07\/Ligue-1.jpeg\" \/>\n\t<meta property=\"og:image:width\" content=\"580\" \/>\n\t<meta property=\"og:image:height\" content=\"350\" \/>\n\t<meta property=\"og:image:type\" content=\"image\/jpeg\" \/>\n<meta name=\"author\" content=\"admin\" \/>\n<meta name=\"twitter:card\" content=\"summary_large_image\" \/>\n<meta name=\"twitter:label1\" content=\"\u00c9crit par\" \/>\n\t<meta name=\"twitter:data1\" content=\"admin\" \/>\n\t<meta name=\"twitter:label2\" content=\"Dur\u00e9e de lecture estim\u00e9e\" \/>\n\t<meta name=\"twitter:data2\" content=\"4 minutes\" \/>\n<script type=\"application\/ld+json\" class=\"yoast-schema-graph\">{\"@context\":\"https:\\\/\\\/schema.org\",\"@graph\":[{\"@type\":\"Article\",\"@id\":\"https:\\\/\\\/lasentinelle.dz\\\/index.php\\\/2026\\\/01\\\/28\\\/ligue-1-mobilis-le-mercato-hivernal-sanime\\\/#article\",\"isPartOf\":{\"@id\":\"https:\\\/\\\/lasentinelle.dz\\\/index.php\\\/2026\\\/01\\\/28\\\/ligue-1-mobilis-le-mercato-hivernal-sanime\\\/\"},\"author\":{\"name\":\"admin\",\"@id\":\"https:\\\/\\\/lasentinelle.dz\\\/#\\\/schema\\\/person\\\/729ee0024f24e0b8c5ec17232f8e8b41\"},\"headline\":\"Ligue 1 Mobilis\u00a0:\u00a0Le mercato hivernal s&rsquo;anime\",\"datePublished\":\"2026-01-28T11:35:13+00:00\",\"dateModified\":\"2026-01-28T11:35:14+00:00\",\"mainEntityOfPage\":{\"@id\":\"https:\\\/\\\/lasentinelle.dz\\\/index.php\\\/2026\\\/01\\\/28\\\/ligue-1-mobilis-le-mercato-hivernal-sanime\\\/\"},\"wordCount\":807,\"commentCount\":0,\"publisher\":{\"@id\":\"https:\\\/\\\/lasentinelle.dz\\\/#organization\"},\"image\":{\"@id\":\"https:\\\/\\\/lasentinelle.dz\\\/index.php\\\/2026\\\/01\\\/28\\\/ligue-1-mobilis-le-mercato-hivernal-sanime\\\/#primaryimage\"},\"thumbnailUrl\":\"https:\\\/\\\/lasentinelle.dz\\\/wp-content\\\/uploads\\\/2023\\\/07\\\/Ligue-1.jpeg\",\"articleSection\":[\"Sports\"],\"inLanguage\":\"fr-FR\",\"potentialAction\":[{\"@type\":\"CommentAction\",\"name\":\"Comment\",\"target\":[\"https:\\\/\\\/lasentinelle.dz\\\/index.php\\\/2026\\\/01\\\/28\\\/ligue-1-mobilis-le-mercato-hivernal-sanime\\\/#respond\"]}]},{\"@type\":\"WebPage\",\"@id\":\"https:\\\/\\\/lasentinelle.dz\\\/index.php\\\/2026\\\/01\\\/28\\\/ligue-1-mobilis-le-mercato-hivernal-sanime\\\/\",\"url\":\"https:\\\/\\\/lasentinelle.dz\\\/index.php\\\/2026\\\/01\\\/28\\\/ligue-1-mobilis-le-mercato-hivernal-sanime\\\/\",\"name\":\"Ligue 1 Mobilis\u00a0:\u00a0Le mercato hivernal s&rsquo;anime - La Sentinelle\",\"isPartOf\":{\"@id\":\"https:\\\/\\\/lasentinelle.dz\\\/#website\"},\"primaryImageOfPage\":{\"@id\":\"https:\\\/\\\/lasentinelle.dz\\\/index.php\\\/2026\\\/01\\\/28\\\/ligue-1-mobilis-le-mercato-hivernal-sanime\\\/#primaryimage\"},\"image\":{\"@id\":\"https:\\\/\\\/lasentinelle.dz\\\/index.php\\\/2026\\\/01\\\/28\\\/ligue-1-mobilis-le-mercato-hivernal-sanime\\\/#primaryimage\"},\"thumbnailUrl\":\"https:\\\/\\\/lasentinelle.dz\\\/wp-content\\\/uploads\\\/2023\\\/07\\\/Ligue-1.jpeg\",\"datePublished\":\"2026-01-28T11:35:13+00:00\",\"dateModified\":\"2026-01-28T11:35:14+00:00\",\"breadcrumb\":{\"@id\":\"https:\\\/\\\/lasentinelle.dz\\\/index.php\\\/2026\\\/01\\\/28\\\/ligue-1-mobilis-le-mercato-hivernal-sanime\\\/#breadcrumb\"},\"inLanguage\":\"fr-FR\",\"potentialAction\":[{\"@type\":\"ReadAction\",\"target\":[\"https:\\\/\\\/lasentinelle.dz\\\/index.php\\\/2026\\\/01\\\/28\\\/ligue-1-mobilis-le-mercato-hivernal-sanime\\\/\"]}]},{\"@type\":\"ImageObject\",\"inLanguage\":\"fr-FR\",\"@id\":\"https:\\\/\\\/lasentinelle.dz\\\/index.php\\\/2026\\\/01\\\/28\\\/ligue-1-mobilis-le-mercato-hivernal-sanime\\\/#primaryimage\",\"url\":\"https:\\\/\\\/lasentinelle.dz\\\/wp-content\\\/uploads\\\/2023\\\/07\\\/Ligue-1.jpeg\",\"contentUrl\":\"https:\\\/\\\/lasentinelle.dz\\\/wp-content\\\/uploads\\\/2023\\\/07\\\/Ligue-1.jpeg\",\"width\":580,\"height\":350},{\"@type\":\"BreadcrumbList\",\"@id\":\"https:\\\/\\\/lasentinelle.dz\\\/index.php\\\/2026\\\/01\\\/28\\\/ligue-1-mobilis-le-mercato-hivernal-sanime\\\/#breadcrumb\",\"itemListElement\":[{\"@type\":\"ListItem\",\"position\":1,\"name\":\"Accueil\",\"item\":\"https:\\\/\\\/lasentinelle.dz\\\/\"},{\"@type\":\"ListItem\",\"position\":2,\"name\":\"Ligue 1 Mobilis\u00a0:\u00a0Le mercato hivernal s&rsquo;anime\"}]},{\"@type\":\"WebSite\",\"@id\":\"https:\\\/\\\/lasentinelle.dz\\\/#website\",\"url\":\"https:\\\/\\\/lasentinelle.dz\\\/\",\"name\":\"La Sentinelle\",\"description\":\"Quotidien national d&#039;information\",\"publisher\":{\"@id\":\"https:\\\/\\\/lasentinelle.dz\\\/#organization\"},\"potentialAction\":[{\"@type\":\"SearchAction\",\"target\":{\"@type\":\"EntryPoint\",\"urlTemplate\":\"https:\\\/\\\/lasentinelle.dz\\\/?s={search_term_string}\"},\"query-input\":{\"@type\":\"PropertyValueSpecification\",\"valueRequired\":true,\"valueName\":\"search_term_string\"}}],\"inLanguage\":\"fr-FR\"},{\"@type\":\"Organization\",\"@id\":\"https:\\\/\\\/lasentinelle.dz\\\/#organization\",\"name\":\"Quotidien La Sentinelle\",\"url\":\"https:\\\/\\\/lasentinelle.dz\\\/\",\"logo\":{\"@type\":\"ImageObject\",\"inLanguage\":\"fr-FR\",\"@id\":\"https:\\\/\\\/lasentinelle.dz\\\/#\\\/schema\\\/logo\\\/image\\\/\",\"url\":\"https:\\\/\\\/lasentinelle.dz\\\/wp-content\\\/uploads\\\/2021\\\/09\\\/logo-sentinelleSLOGAN-1.png\",\"contentUrl\":\"https:\\\/\\\/lasentinelle.dz\\\/wp-content\\\/uploads\\\/2021\\\/09\\\/logo-sentinelleSLOGAN-1.png\",\"width\":615,\"height\":142,\"caption\":\"Quotidien La Sentinelle\"},\"image\":{\"@id\":\"https:\\\/\\\/lasentinelle.dz\\\/#\\\/schema\\\/logo\\\/image\\\/\"},\"sameAs\":[\"https:\\\/\\\/www.facebook.com\\\/La-Sentinelle-104059864394773\"]},{\"@type\":\"Person\",\"@id\":\"https:\\\/\\\/lasentinelle.dz\\\/#\\\/schema\\\/person\\\/729ee0024f24e0b8c5ec17232f8e8b41\",\"name\":\"admin\",\"image\":{\"@type\":\"ImageObject\",\"inLanguage\":\"fr-FR\",\"@id\":\"https:\\\/\\\/secure.gravatar.com\\\/avatar\\\/4c81fed838786e9b53f540bf46533e750f5d292099ae3b66cfc6fb1982e29df7?s=96&d=mm&r=g\",\"url\":\"https:\\\/\\\/secure.gravatar.com\\\/avatar\\\/4c81fed838786e9b53f540bf46533e750f5d292099ae3b66cfc6fb1982e29df7?s=96&d=mm&r=g\",\"contentUrl\":\"https:\\\/\\\/secure.gravatar.com\\\/avatar\\\/4c81fed838786e9b53f540bf46533e750f5d292099ae3b66cfc6fb1982e29df7?s=96&d=mm&r=g\",\"caption\":\"admin\"},\"description\":\"admin\",\"url\":\"https:\\\/\\\/lasentinelle.dz\\\/author\\\/admin\\\/\"}]}<\/script>\n<!-- \/ Yoast SEO plugin. -->","yoast_head_json":{"title":"Ligue 1 Mobilis\u00a0:\u00a0Le mercato hivernal s&rsquo;anime - La Sentinelle","robots":{"index":"index","follow":"follow","max-snippet":"max-snippet:-1","max-image-preview":"max-image-preview:large","max-video-preview":"max-video-preview:-1"},"canonical":"https:\/\/lasentinelle.dz\/index.php\/2026\/01\/28\/ligue-1-mobilis-le-mercato-hivernal-sanime\/","og_locale":"fr_FR","og_type":"article","og_title":"Ligue 1 Mobilis\u00a0:\u00a0Le mercato hivernal s&rsquo;anime - La Sentinelle","og_description":"La fen\u00eatre des transferts hivernale bat son plein en Alg\u00e9rie avec plusieurs mouvements significatifs dans les clubs de l&rsquo;\u00e9lite et","og_url":"https:\/\/lasentinelle.dz\/index.php\/2026\/01\/28\/ligue-1-mobilis-le-mercato-hivernal-sanime\/","og_site_name":"La Sentinelle","article_publisher":"https:\/\/www.facebook.com\/La-Sentinelle-104059864394773","article_published_time":"2026-01-28T11:35:13+00:00","article_modified_time":"2026-01-28T11:35:14+00:00","og_image":[{"width":580,"height":350,"url":"https:\/\/lasentinelle.dz\/wp-content\/uploads\/2023\/07\/Ligue-1.jpeg","type":"image\/jpeg"}],"author":"admin","twitter_card":"summary_large_image","twitter_misc":{"\u00c9crit par":"admin","Dur\u00e9e de lecture estim\u00e9e":"4 minutes"},"schema":{"@context":"https:\/\/schema.org","@graph":[{"@type":"Article","@id":"https:\/\/lasentinelle.dz\/index.php\/2026\/01\/28\/ligue-1-mobilis-le-mercato-hivernal-sanime\/#article","isPartOf":{"@id":"https:\/\/lasentinelle.dz\/index.php\/2026\/01\/28\/ligue-1-mobilis-le-mercato-hivernal-sanime\/"},"author":{"name":"admin","@id":"https:\/\/lasentinelle.dz\/#\/schema\/person\/729ee0024f24e0b8c5ec17232f8e8b41"},"headline":"Ligue 1 Mobilis\u00a0:\u00a0Le mercato hivernal s&rsquo;anime","datePublished":"2026-01-28T11:35:13+00:00","dateModified":"2026-01-28T11:35:14+00:00","mainEntityOfPage":{"@id":"https:\/\/lasentinelle.dz\/index.php\/2026\/01\/28\/ligue-1-mobilis-le-mercato-hivernal-sanime\/"},"wordCount":807,"commentCount":0,"publisher":{"@id":"https:\/\/lasentinelle.dz\/#organization"},"image":{"@id":"https:\/\/lasentinelle.dz\/index.php\/2026\/01\/28\/ligue-1-mobilis-le-mercato-hivernal-sanime\/#primaryimage"},"thumbnailUrl":"https:\/\/lasentinelle.dz\/wp-content\/uploads\/2023\/07\/Ligue-1.jpeg","articleSection":["Sports"],"inLanguage":"fr-FR","potentialAction":[{"@type":"CommentAction","name":"Comment","target":["https:\/\/lasentinelle.dz\/index.php\/2026\/01\/28\/ligue-1-mobilis-le-mercato-hivernal-sanime\/#respond"]}]},{"@type":"WebPage","@id":"https:\/\/lasentinelle.dz\/index.php\/2026\/01\/28\/ligue-1-mobilis-le-mercato-hivernal-sanime\/","url":"https:\/\/lasentinelle.dz\/index.php\/2026\/01\/28\/ligue-1-mobilis-le-mercato-hivernal-sanime\/","name":"Ligue 1 Mobilis\u00a0:\u00a0Le mercato hivernal s&rsquo;anime - La Sentinelle","isPartOf":{"@id":"https:\/\/lasentinelle.dz\/#website"},"primaryImageOfPage":{"@id":"https:\/\/lasentinelle.dz\/index.php\/2026\/01\/28\/ligue-1-mobilis-le-mercato-hivernal-sanime\/#primaryimage"},"image":{"@id":"https:\/\/lasentinelle.dz\/index.php\/2026\/01\/28\/ligue-1-mobilis-le-mercato-hivernal-sanime\/#primaryimage"},"thumbnailUrl":"https:\/\/lasentinelle.dz\/wp-content\/uploads\/2023\/07\/Ligue-1.jpeg","datePublished":"2026-01-28T11:35:13+00:00","dateModified":"2026-01-28T11:35:14+00:00","breadcrumb":{"@id":"https:\/\/lasentinelle.dz\/index.php\/2026\/01\/28\/ligue-1-mobilis-le-mercato-hivernal-sanime\/#breadcrumb"},"inLanguage":"fr-FR","potentialAction":[{"@type":"ReadAction","target":["https:\/\/lasentinelle.dz\/index.php\/2026\/01\/28\/ligue-1-mobilis-le-mercato-hivernal-sanime\/"]}]},{"@type":"ImageObject","inLanguage":"fr-FR","@id":"https:\/\/lasentinelle.dz\/index.php\/2026\/01\/28\/ligue-1-mobilis-le-mercato-hivernal-sanime\/#primaryimage","url":"https:\/\/lasentinelle.dz\/wp-content\/uploads\/2023\/07\/Ligue-1.jpeg","contentUrl":"https:\/\/lasentinelle.dz\/wp-content\/uploads\/2023\/07\/Ligue-1.jpeg","width":580,"height":350},{"@type":"BreadcrumbList","@id":"https:\/\/lasentinelle.dz\/index.php\/2026\/01\/28\/ligue-1-mobilis-le-mercato-hivernal-sanime\/#breadcrumb","itemListElement":[{"@type":"ListItem","position":1,"name":"Accueil","item":"https:\/\/lasentinelle.dz\/"},{"@type":"ListItem","position":2,"name":"Ligue 1 Mobilis\u00a0:\u00a0Le mercato hivernal s&rsquo;anime"}]},{"@type":"WebSite","@id":"https:\/\/lasentinelle.dz\/#website","url":"https:\/\/lasentinelle.dz\/","name":"La Sentinelle","description":"Quotidien national d&#039;information","publisher":{"@id":"https:\/\/lasentinelle.dz\/#organization"},"potentialAction":[{"@type":"SearchAction","target":{"@type":"EntryPoint","urlTemplate":"https:\/\/lasentinelle.dz\/?s={search_term_string}"},"query-input":{"@type":"PropertyValueSpecification","valueRequired":true,"valueName":"search_term_string"}}],"inLanguage":"fr-FR"},{"@type":"Organization","@id":"https:\/\/lasentinelle.dz\/#organization","name":"Quotidien La Sentinelle","url":"https:\/\/lasentinelle.dz\/","logo":{"@type":"ImageObject","inLanguage":"fr-FR","@id":"https:\/\/lasentinelle.dz\/#\/schema\/logo\/image\/","url":"https:\/\/lasentinelle.dz\/wp-content\/uploads\/2021\/09\/logo-sentinelleSLOGAN-1.png","contentUrl":"https:\/\/lasentinelle.dz\/wp-content\/uploads\/2021\/09\/logo-sentinelleSLOGAN-1.png","width":615,"height":142,"caption":"Quotidien La Sentinelle"},"image":{"@id":"https:\/\/lasentinelle.dz\/#\/schema\/logo\/image\/"},"sameAs":["https:\/\/www.facebook.com\/La-Sentinelle-104059864394773"]},{"@type":"Person","@id":"https:\/\/lasentinelle.dz\/#\/schema\/person\/729ee0024f24e0b8c5ec17232f8e8b41","name":"admin","image":{"@type":"ImageObject","inLanguage":"fr-FR","@id":"https:\/\/secure.gravatar.com\/avatar\/4c81fed838786e9b53f540bf46533e750f5d292099ae3b66cfc6fb1982e29df7?s=96&d=mm&r=g","url":"https:\/\/secure.gravatar.com\/avatar\/4c81fed838786e9b53f540bf46533e750f5d292099ae3b66cfc6fb1982e29df7?s=96&d=mm&r=g","contentUrl":"https:\/\/secure.gravatar.com\/avatar\/4c81fed838786e9b53f540bf46533e750f5d292099ae3b66cfc6fb1982e29df7?s=96&d=mm&r=g","caption":"admin"},"description":"admin","url":"https:\/\/lasentinelle.dz\/author\/admin\/"}]}},"_links":{"self":[{"href":"https:\/\/lasentinelle.dz\/index.php\/wp-json\/wp\/v2\/posts\/80196","targetHints":{"allow":["GET"]}}],"collection":[{"href":"https:\/\/lasentinelle.dz\/index.php\/wp-json\/wp\/v2\/posts"}],"about":[{"href":"https:\/\/lasentinelle.dz\/index.php\/wp-json\/wp\/v2\/types\/post"}],"author":[{"embeddable":true,"href":"https:\/\/lasentinelle.dz\/index.php\/wp-json\/wp\/v2\/users\/6"}],"replies":[{"embeddable":true,"href":"https:\/\/lasentinelle.dz\/index.php\/wp-json\/wp\/v2\/comments?post=80196"}],"version-history":[{"count":2,"href":"https:\/\/lasentinelle.dz\/index.php\/wp-json\/wp\/v2\/posts\/80196\/revisions"}],"predecessor-version":[{"id":80198,"href":"https:\/\/lasentinelle.dz\/index.php\/wp-json\/wp\/v2\/posts\/80196\/revisions\/80198"}],"wp:featuredmedia":[{"embeddable":true,"href":"https:\/\/lasentinelle.dz\/index.php\/wp-json\/wp\/v2\/media\/43719"}],"wp:attachment":[{"href":"https:\/\/lasentinelle.dz\/index.php\/wp-json\/wp\/v2\/media?parent=80196"}],"wp:term":[{"taxonomy":"category","embeddable":true,"href":"https:\/\/lasentinelle.dz\/index.php\/wp-json\/wp\/v2\/categories?post=80196"},{"taxonomy":"post_tag","embeddable":true,"href":"https:\/\/lasentinelle.dz\/index.php\/wp-json\/wp\/v2\/tags?post=80196"}],"curies":[{"name":"wp","href":"https:\/\/api.w.org\/{rel}","templated":true}]}}