{"id":80203,"date":"2026-01-28T12:54:51","date_gmt":"2026-01-28T11:54:51","guid":{"rendered":"https:\/\/lasentinelle.dz\/?p=80203"},"modified":"2026-01-28T12:54:53","modified_gmt":"2026-01-28T11:54:53","slug":"can-de-handball-les-verts-dans-le-dernier-carre","status":"publish","type":"post","link":"https:\/\/lasentinelle.dz\/index.php\/2026\/01\/28\/can-de-handball-les-verts-dans-le-dernier-carre\/","title":{"rendered":"CAN de handball\u00a0:\u00a0Les Verts dans le dernier carr\u00e9 !"},"content":{"rendered":"\n<p>L&rsquo;Alg\u00e9rie s&rsquo;est qualifi\u00e9e pour les demi-finales de la 27e \u00e9dition du Championnat d&rsquo;Afrique des nations de handball en dominant l&rsquo;Angola 27-22, mardi \u00e0 Kigali, lors de la deuxi\u00e8me journ\u00e9e du tour principal. Une victoire obtenue avec cinq buts d&rsquo;\u00e9cart, au-del\u00e0 du minimum requis, port\u00e9e par la performance exceptionnelle d&rsquo;Amine Abdi, \u00e9lu meilleur joueur de la rencontre.<\/p>\n\n\n\n<p>Les Verts ont r\u00e9ussi leur mission. Face \u00e0 l&rsquo;Angola, adversaire coriace et habitu\u00e9 des joutes continentales, la s\u00e9lection alg\u00e9rienne masculine de handball ne s&rsquo;est pas content\u00e9e de l&#8217;emporter, elle a r\u00e9alis\u00e9 un v\u00e9ritable exploit comptable en s&rsquo;imposant avec cinq longueurs d&rsquo;avance, l\u00e0 o\u00f9 trois auraient suffi pour valider le pr\u00e9cieux s\u00e9same des demi-finales.&nbsp;Un&nbsp;succ\u00e8s net et sans bavure. La pression \u00e9tait immense, les enjeux consid\u00e9rables, mais les prot\u00e9g\u00e9s de Bouchekriou&nbsp;ont su g\u00e9rer cette rencontre couperet avec une ma\u00eetrise remarquable, inscrivant ainsi leur nom parmi les quatre meilleures formations du continent africain.&nbsp;D\u00e8s l&rsquo;entame de la partie, les Alg\u00e9riens ont affich\u00e9 leurs intentions offensives. Conscients qu&rsquo;un simple nul ou une courte victoire les condamneraient \u00e0 l&rsquo;\u00e9limination, les joueurs du Sept national ont rapidement pris le commandement des op\u00e9rations, construisant progressivement un matelas de s\u00e9curit\u00e9 qui leur permettrait d&rsquo;aborder la seconde p\u00e9riode avec davantage de s\u00e9r\u00e9nit\u00e9. \u00c0 la mi-temps, l&rsquo;\u00e9cart \u00e9tait d\u00e9j\u00e0 significatif avec un score de 14-10 en faveur des Verts. Cette avance de quatre buts constituait une excellente nouvelle pour l&rsquo;Alg\u00e9rie, qui avait parfaitement n\u00e9goci\u00e9 les trente premi\u00e8res minutes face \u00e0 des Angolais volontaires mais trop impr\u00e9cis devant les buts adverses. La d\u00e9fense alg\u00e9rienne, particuli\u00e8rement solide dans les moments cruciaux, a su neutraliser les vell\u00e9it\u00e9s offensives de l&rsquo;\u00e9quipe angolaise.<\/p>\n\n\n\n<p>Au retour des vestiaires, loin de se reposer sur leurs acquis, les co\u00e9quipiers d&rsquo;Amine Abdi ont maintenu leur niveau d&rsquo;intensit\u00e9, refusant de laisser la moindre chance \u00e0 leurs adversaires de revenir dans la partie.&nbsp;&nbsp;<\/p>\n\n\n\n<p>Cette victoire propulse d\u00e9sormais l&rsquo;Alg\u00e9rie parmi les quatre demi-finalistes de cette CAN-2026, rejoignant ainsi l&rsquo;\u00e9lite du handball africain. Les demi-finales sont programm\u00e9es pour jeudi, tandis que le match pour la troisi\u00e8me place et la grande finale cl\u00f4tureront la comp\u00e9tition samedi 31 janvier. L&rsquo;Alg\u00e9rie, port\u00e9e par cette dynamique victorieuse et cette confiance retrouv\u00e9e, aborde d\u00e9sormais le dernier carr\u00e9 avec de l\u00e9gitimes ambitions continentales, mais aussi mondiales, vu que le tournoi permettra de valider des billets pour le Mondial allemand.<\/p>\n\n\n\n<p>Moncef Dahleb<\/p>\n","protected":false},"excerpt":{"rendered":"<p>L&rsquo;Alg\u00e9rie s&rsquo;est qualifi\u00e9e pour les demi-finales de la 27e \u00e9dition du Championnat d&rsquo;Afrique des nations de handball en dominant l&rsquo;Angola<\/p>\n","protected":false},"author":6,"featured_media":80205,"comment_status":"open","ping_status":"closed","sticky":false,"template":"","format":"standard","meta":{"colormag_page_container_layout":"default_layout","colormag_page_sidebar_layout":"default_layout","om_disable_all_campaigns":false,"_monsterinsights_skip_tracking":false,"_monsterinsights_sitenote_active":false,"_monsterinsights_sitenote_note":"","_monsterinsights_sitenote_category":0,"footnotes":"","_wpscppro_dont_share_socialmedia":false,"_wpscppro_custom_social_share_image":0,"_facebook_share_type":"default","_twitter_share_type":"default","_linkedin_share_type":"default","_pinterest_share_type":"default","_linkedin_share_type_page":"","_instagram_share_type":"default","_medium_share_type":"default","_threads_share_type":"default","_google_business_share_type":"default","_selected_social_profile":[],"_wpsp_enable_custom_social_template":false,"_wpsp_social_scheduling":{"enabled":false,"datetime":null,"platforms":[],"status":"template_only","dateOption":"today","timeOption":"now","customDays":"","customHours":"","customDate":"","customTime":"","schedulingType":"absolute"},"_wpsp_active_default_template":true},"categories":[52,33],"tags":[],"class_list":["post-80203","post","type-post","status-publish","format-standard","has-post-thumbnail","hentry","category-a-la-une","category-sports"],"aioseo_notices":[],"yoast_head":"<!-- This site is optimized with the Yoast SEO plugin v27.5 - https:\/\/yoast.com\/product\/yoast-seo-wordpress\/ -->\n<title>CAN de handball\u00a0:\u00a0Les Verts dans le dernier carr\u00e9 ! - La Sentinelle<\/title>\n<meta name=\"robots\" content=\"index, follow, max-snippet:-1, max-image-preview:large, max-video-preview:-1\" \/>\n<link rel=\"canonical\" href=\"https:\/\/lasentinelle.dz\/index.php\/2026\/01\/28\/can-de-handball-les-verts-dans-le-dernier-carre\/\" \/>\n<meta property=\"og:locale\" content=\"fr_FR\" \/>\n<meta property=\"og:type\" content=\"article\" \/>\n<meta property=\"og:title\" content=\"CAN de handball\u00a0:\u00a0Les Verts dans le dernier carr\u00e9 ! - La Sentinelle\" \/>\n<meta property=\"og:description\" content=\"L&rsquo;Alg\u00e9rie s&rsquo;est qualifi\u00e9e pour les demi-finales de la 27e \u00e9dition du Championnat d&rsquo;Afrique des nations de handball en dominant l&rsquo;Angola\" \/>\n<meta property=\"og:url\" content=\"https:\/\/lasentinelle.dz\/index.php\/2026\/01\/28\/can-de-handball-les-verts-dans-le-dernier-carre\/\" \/>\n<meta property=\"og:site_name\" content=\"La Sentinelle\" \/>\n<meta property=\"article:publisher\" content=\"https:\/\/www.facebook.com\/La-Sentinelle-104059864394773\" \/>\n<meta property=\"article:published_time\" content=\"2026-01-28T11:54:51+00:00\" \/>\n<meta property=\"article:modified_time\" content=\"2026-01-28T11:54:53+00:00\" \/>\n<meta property=\"og:image\" content=\"https:\/\/lasentinelle.dz\/wp-content\/uploads\/2026\/01\/handball-4.jpeg\" \/>\n\t<meta property=\"og:image:width\" content=\"2048\" \/>\n\t<meta property=\"og:image:height\" content=\"1536\" \/>\n\t<meta property=\"og:image:type\" content=\"image\/jpeg\" \/>\n<meta name=\"author\" content=\"admin\" \/>\n<meta name=\"twitter:card\" content=\"summary_large_image\" \/>\n<meta name=\"twitter:label1\" content=\"\u00c9crit par\" \/>\n\t<meta name=\"twitter:data1\" content=\"admin\" \/>\n\t<meta name=\"twitter:label2\" content=\"Dur\u00e9e de lecture estim\u00e9e\" \/>\n\t<meta name=\"twitter:data2\" content=\"3 minutes\" \/>\n<script type=\"application\/ld+json\" class=\"yoast-schema-graph\">{\"@context\":\"https:\\\/\\\/schema.org\",\"@graph\":[{\"@type\":\"Article\",\"@id\":\"https:\\\/\\\/lasentinelle.dz\\\/index.php\\\/2026\\\/01\\\/28\\\/can-de-handball-les-verts-dans-le-dernier-carre\\\/#article\",\"isPartOf\":{\"@id\":\"https:\\\/\\\/lasentinelle.dz\\\/index.php\\\/2026\\\/01\\\/28\\\/can-de-handball-les-verts-dans-le-dernier-carre\\\/\"},\"author\":{\"name\":\"admin\",\"@id\":\"https:\\\/\\\/lasentinelle.dz\\\/#\\\/schema\\\/person\\\/729ee0024f24e0b8c5ec17232f8e8b41\"},\"headline\":\"CAN de handball\u00a0:\u00a0Les Verts dans le dernier carr\u00e9 !\",\"datePublished\":\"2026-01-28T11:54:51+00:00\",\"dateModified\":\"2026-01-28T11:54:53+00:00\",\"mainEntityOfPage\":{\"@id\":\"https:\\\/\\\/lasentinelle.dz\\\/index.php\\\/2026\\\/01\\\/28\\\/can-de-handball-les-verts-dans-le-dernier-carre\\\/\"},\"wordCount\":460,\"commentCount\":0,\"publisher\":{\"@id\":\"https:\\\/\\\/lasentinelle.dz\\\/#organization\"},\"image\":{\"@id\":\"https:\\\/\\\/lasentinelle.dz\\\/index.php\\\/2026\\\/01\\\/28\\\/can-de-handball-les-verts-dans-le-dernier-carre\\\/#primaryimage\"},\"thumbnailUrl\":\"https:\\\/\\\/lasentinelle.dz\\\/wp-content\\\/uploads\\\/2026\\\/01\\\/handball-4.jpeg\",\"articleSection\":[\"\u00c0 la Une\",\"Sports\"],\"inLanguage\":\"fr-FR\",\"potentialAction\":[{\"@type\":\"CommentAction\",\"name\":\"Comment\",\"target\":[\"https:\\\/\\\/lasentinelle.dz\\\/index.php\\\/2026\\\/01\\\/28\\\/can-de-handball-les-verts-dans-le-dernier-carre\\\/#respond\"]}]},{\"@type\":\"WebPage\",\"@id\":\"https:\\\/\\\/lasentinelle.dz\\\/index.php\\\/2026\\\/01\\\/28\\\/can-de-handball-les-verts-dans-le-dernier-carre\\\/\",\"url\":\"https:\\\/\\\/lasentinelle.dz\\\/index.php\\\/2026\\\/01\\\/28\\\/can-de-handball-les-verts-dans-le-dernier-carre\\\/\",\"name\":\"CAN de handball\u00a0:\u00a0Les Verts dans le dernier carr\u00e9 ! - La Sentinelle\",\"isPartOf\":{\"@id\":\"https:\\\/\\\/lasentinelle.dz\\\/#website\"},\"primaryImageOfPage\":{\"@id\":\"https:\\\/\\\/lasentinelle.dz\\\/index.php\\\/2026\\\/01\\\/28\\\/can-de-handball-les-verts-dans-le-dernier-carre\\\/#primaryimage\"},\"image\":{\"@id\":\"https:\\\/\\\/lasentinelle.dz\\\/index.php\\\/2026\\\/01\\\/28\\\/can-de-handball-les-verts-dans-le-dernier-carre\\\/#primaryimage\"},\"thumbnailUrl\":\"https:\\\/\\\/lasentinelle.dz\\\/wp-content\\\/uploads\\\/2026\\\/01\\\/handball-4.jpeg\",\"datePublished\":\"2026-01-28T11:54:51+00:00\",\"dateModified\":\"2026-01-28T11:54:53+00:00\",\"breadcrumb\":{\"@id\":\"https:\\\/\\\/lasentinelle.dz\\\/index.php\\\/2026\\\/01\\\/28\\\/can-de-handball-les-verts-dans-le-dernier-carre\\\/#breadcrumb\"},\"inLanguage\":\"fr-FR\",\"potentialAction\":[{\"@type\":\"ReadAction\",\"target\":[\"https:\\\/\\\/lasentinelle.dz\\\/index.php\\\/2026\\\/01\\\/28\\\/can-de-handball-les-verts-dans-le-dernier-carre\\\/\"]}]},{\"@type\":\"ImageObject\",\"inLanguage\":\"fr-FR\",\"@id\":\"https:\\\/\\\/lasentinelle.dz\\\/index.php\\\/2026\\\/01\\\/28\\\/can-de-handball-les-verts-dans-le-dernier-carre\\\/#primaryimage\",\"url\":\"https:\\\/\\\/lasentinelle.dz\\\/wp-content\\\/uploads\\\/2026\\\/01\\\/handball-4.jpeg\",\"contentUrl\":\"https:\\\/\\\/lasentinelle.dz\\\/wp-content\\\/uploads\\\/2026\\\/01\\\/handball-4.jpeg\",\"width\":2048,\"height\":1536},{\"@type\":\"BreadcrumbList\",\"@id\":\"https:\\\/\\\/lasentinelle.dz\\\/index.php\\\/2026\\\/01\\\/28\\\/can-de-handball-les-verts-dans-le-dernier-carre\\\/#breadcrumb\",\"itemListElement\":[{\"@type\":\"ListItem\",\"position\":1,\"name\":\"Accueil\",\"item\":\"https:\\\/\\\/lasentinelle.dz\\\/\"},{\"@type\":\"ListItem\",\"position\":2,\"name\":\"CAN de handball\u00a0:\u00a0Les Verts dans le dernier carr\u00e9 !\"}]},{\"@type\":\"WebSite\",\"@id\":\"https:\\\/\\\/lasentinelle.dz\\\/#website\",\"url\":\"https:\\\/\\\/lasentinelle.dz\\\/\",\"name\":\"La Sentinelle\",\"description\":\"Quotidien national d&#039;information\",\"publisher\":{\"@id\":\"https:\\\/\\\/lasentinelle.dz\\\/#organization\"},\"potentialAction\":[{\"@type\":\"SearchAction\",\"target\":{\"@type\":\"EntryPoint\",\"urlTemplate\":\"https:\\\/\\\/lasentinelle.dz\\\/?s={search_term_string}\"},\"query-input\":{\"@type\":\"PropertyValueSpecification\",\"valueRequired\":true,\"valueName\":\"search_term_string\"}}],\"inLanguage\":\"fr-FR\"},{\"@type\":\"Organization\",\"@id\":\"https:\\\/\\\/lasentinelle.dz\\\/#organization\",\"name\":\"Quotidien La Sentinelle\",\"url\":\"https:\\\/\\\/lasentinelle.dz\\\/\",\"logo\":{\"@type\":\"ImageObject\",\"inLanguage\":\"fr-FR\",\"@id\":\"https:\\\/\\\/lasentinelle.dz\\\/#\\\/schema\\\/logo\\\/image\\\/\",\"url\":\"https:\\\/\\\/lasentinelle.dz\\\/wp-content\\\/uploads\\\/2021\\\/09\\\/logo-sentinelleSLOGAN-1.png\",\"contentUrl\":\"https:\\\/\\\/lasentinelle.dz\\\/wp-content\\\/uploads\\\/2021\\\/09\\\/logo-sentinelleSLOGAN-1.png\",\"width\":615,\"height\":142,\"caption\":\"Quotidien La Sentinelle\"},\"image\":{\"@id\":\"https:\\\/\\\/lasentinelle.dz\\\/#\\\/schema\\\/logo\\\/image\\\/\"},\"sameAs\":[\"https:\\\/\\\/www.facebook.com\\\/La-Sentinelle-104059864394773\"]},{\"@type\":\"Person\",\"@id\":\"https:\\\/\\\/lasentinelle.dz\\\/#\\\/schema\\\/person\\\/729ee0024f24e0b8c5ec17232f8e8b41\",\"name\":\"admin\",\"image\":{\"@type\":\"ImageObject\",\"inLanguage\":\"fr-FR\",\"@id\":\"https:\\\/\\\/secure.gravatar.com\\\/avatar\\\/4c81fed838786e9b53f540bf46533e750f5d292099ae3b66cfc6fb1982e29df7?s=96&d=mm&r=g\",\"url\":\"https:\\\/\\\/secure.gravatar.com\\\/avatar\\\/4c81fed838786e9b53f540bf46533e750f5d292099ae3b66cfc6fb1982e29df7?s=96&d=mm&r=g\",\"contentUrl\":\"https:\\\/\\\/secure.gravatar.com\\\/avatar\\\/4c81fed838786e9b53f540bf46533e750f5d292099ae3b66cfc6fb1982e29df7?s=96&d=mm&r=g\",\"caption\":\"admin\"},\"description\":\"admin\",\"url\":\"https:\\\/\\\/lasentinelle.dz\\\/author\\\/admin\\\/\"}]}<\/script>\n<!-- \/ Yoast SEO plugin. -->","yoast_head_json":{"title":"CAN de handball\u00a0:\u00a0Les Verts dans le dernier carr\u00e9 ! - La Sentinelle","robots":{"index":"index","follow":"follow","max-snippet":"max-snippet:-1","max-image-preview":"max-image-preview:large","max-video-preview":"max-video-preview:-1"},"canonical":"https:\/\/lasentinelle.dz\/index.php\/2026\/01\/28\/can-de-handball-les-verts-dans-le-dernier-carre\/","og_locale":"fr_FR","og_type":"article","og_title":"CAN de handball\u00a0:\u00a0Les Verts dans le dernier carr\u00e9 ! - La Sentinelle","og_description":"L&rsquo;Alg\u00e9rie s&rsquo;est qualifi\u00e9e pour les demi-finales de la 27e \u00e9dition du Championnat d&rsquo;Afrique des nations de handball en dominant l&rsquo;Angola","og_url":"https:\/\/lasentinelle.dz\/index.php\/2026\/01\/28\/can-de-handball-les-verts-dans-le-dernier-carre\/","og_site_name":"La Sentinelle","article_publisher":"https:\/\/www.facebook.com\/La-Sentinelle-104059864394773","article_published_time":"2026-01-28T11:54:51+00:00","article_modified_time":"2026-01-28T11:54:53+00:00","og_image":[{"width":2048,"height":1536,"url":"https:\/\/lasentinelle.dz\/wp-content\/uploads\/2026\/01\/handball-4.jpeg","type":"image\/jpeg"}],"author":"admin","twitter_card":"summary_large_image","twitter_misc":{"\u00c9crit par":"admin","Dur\u00e9e de lecture estim\u00e9e":"3 minutes"},"schema":{"@context":"https:\/\/schema.org","@graph":[{"@type":"Article","@id":"https:\/\/lasentinelle.dz\/index.php\/2026\/01\/28\/can-de-handball-les-verts-dans-le-dernier-carre\/#article","isPartOf":{"@id":"https:\/\/lasentinelle.dz\/index.php\/2026\/01\/28\/can-de-handball-les-verts-dans-le-dernier-carre\/"},"author":{"name":"admin","@id":"https:\/\/lasentinelle.dz\/#\/schema\/person\/729ee0024f24e0b8c5ec17232f8e8b41"},"headline":"CAN de handball\u00a0:\u00a0Les Verts dans le dernier carr\u00e9 !","datePublished":"2026-01-28T11:54:51+00:00","dateModified":"2026-01-28T11:54:53+00:00","mainEntityOfPage":{"@id":"https:\/\/lasentinelle.dz\/index.php\/2026\/01\/28\/can-de-handball-les-verts-dans-le-dernier-carre\/"},"wordCount":460,"commentCount":0,"publisher":{"@id":"https:\/\/lasentinelle.dz\/#organization"},"image":{"@id":"https:\/\/lasentinelle.dz\/index.php\/2026\/01\/28\/can-de-handball-les-verts-dans-le-dernier-carre\/#primaryimage"},"thumbnailUrl":"https:\/\/lasentinelle.dz\/wp-content\/uploads\/2026\/01\/handball-4.jpeg","articleSection":["\u00c0 la Une","Sports"],"inLanguage":"fr-FR","potentialAction":[{"@type":"CommentAction","name":"Comment","target":["https:\/\/lasentinelle.dz\/index.php\/2026\/01\/28\/can-de-handball-les-verts-dans-le-dernier-carre\/#respond"]}]},{"@type":"WebPage","@id":"https:\/\/lasentinelle.dz\/index.php\/2026\/01\/28\/can-de-handball-les-verts-dans-le-dernier-carre\/","url":"https:\/\/lasentinelle.dz\/index.php\/2026\/01\/28\/can-de-handball-les-verts-dans-le-dernier-carre\/","name":"CAN de handball\u00a0:\u00a0Les Verts dans le dernier carr\u00e9 ! - La Sentinelle","isPartOf":{"@id":"https:\/\/lasentinelle.dz\/#website"},"primaryImageOfPage":{"@id":"https:\/\/lasentinelle.dz\/index.php\/2026\/01\/28\/can-de-handball-les-verts-dans-le-dernier-carre\/#primaryimage"},"image":{"@id":"https:\/\/lasentinelle.dz\/index.php\/2026\/01\/28\/can-de-handball-les-verts-dans-le-dernier-carre\/#primaryimage"},"thumbnailUrl":"https:\/\/lasentinelle.dz\/wp-content\/uploads\/2026\/01\/handball-4.jpeg","datePublished":"2026-01-28T11:54:51+00:00","dateModified":"2026-01-28T11:54:53+00:00","breadcrumb":{"@id":"https:\/\/lasentinelle.dz\/index.php\/2026\/01\/28\/can-de-handball-les-verts-dans-le-dernier-carre\/#breadcrumb"},"inLanguage":"fr-FR","potentialAction":[{"@type":"ReadAction","target":["https:\/\/lasentinelle.dz\/index.php\/2026\/01\/28\/can-de-handball-les-verts-dans-le-dernier-carre\/"]}]},{"@type":"ImageObject","inLanguage":"fr-FR","@id":"https:\/\/lasentinelle.dz\/index.php\/2026\/01\/28\/can-de-handball-les-verts-dans-le-dernier-carre\/#primaryimage","url":"https:\/\/lasentinelle.dz\/wp-content\/uploads\/2026\/01\/handball-4.jpeg","contentUrl":"https:\/\/lasentinelle.dz\/wp-content\/uploads\/2026\/01\/handball-4.jpeg","width":2048,"height":1536},{"@type":"BreadcrumbList","@id":"https:\/\/lasentinelle.dz\/index.php\/2026\/01\/28\/can-de-handball-les-verts-dans-le-dernier-carre\/#breadcrumb","itemListElement":[{"@type":"ListItem","position":1,"name":"Accueil","item":"https:\/\/lasentinelle.dz\/"},{"@type":"ListItem","position":2,"name":"CAN de handball\u00a0:\u00a0Les Verts dans le dernier carr\u00e9 !"}]},{"@type":"WebSite","@id":"https:\/\/lasentinelle.dz\/#website","url":"https:\/\/lasentinelle.dz\/","name":"La Sentinelle","description":"Quotidien national d&#039;information","publisher":{"@id":"https:\/\/lasentinelle.dz\/#organization"},"potentialAction":[{"@type":"SearchAction","target":{"@type":"EntryPoint","urlTemplate":"https:\/\/lasentinelle.dz\/?s={search_term_string}"},"query-input":{"@type":"PropertyValueSpecification","valueRequired":true,"valueName":"search_term_string"}}],"inLanguage":"fr-FR"},{"@type":"Organization","@id":"https:\/\/lasentinelle.dz\/#organization","name":"Quotidien La Sentinelle","url":"https:\/\/lasentinelle.dz\/","logo":{"@type":"ImageObject","inLanguage":"fr-FR","@id":"https:\/\/lasentinelle.dz\/#\/schema\/logo\/image\/","url":"https:\/\/lasentinelle.dz\/wp-content\/uploads\/2021\/09\/logo-sentinelleSLOGAN-1.png","contentUrl":"https:\/\/lasentinelle.dz\/wp-content\/uploads\/2021\/09\/logo-sentinelleSLOGAN-1.png","width":615,"height":142,"caption":"Quotidien La Sentinelle"},"image":{"@id":"https:\/\/lasentinelle.dz\/#\/schema\/logo\/image\/"},"sameAs":["https:\/\/www.facebook.com\/La-Sentinelle-104059864394773"]},{"@type":"Person","@id":"https:\/\/lasentinelle.dz\/#\/schema\/person\/729ee0024f24e0b8c5ec17232f8e8b41","name":"admin","image":{"@type":"ImageObject","inLanguage":"fr-FR","@id":"https:\/\/secure.gravatar.com\/avatar\/4c81fed838786e9b53f540bf46533e750f5d292099ae3b66cfc6fb1982e29df7?s=96&d=mm&r=g","url":"https:\/\/secure.gravatar.com\/avatar\/4c81fed838786e9b53f540bf46533e750f5d292099ae3b66cfc6fb1982e29df7?s=96&d=mm&r=g","contentUrl":"https:\/\/secure.gravatar.com\/avatar\/4c81fed838786e9b53f540bf46533e750f5d292099ae3b66cfc6fb1982e29df7?s=96&d=mm&r=g","caption":"admin"},"description":"admin","url":"https:\/\/lasentinelle.dz\/author\/admin\/"}]}},"_links":{"self":[{"href":"https:\/\/lasentinelle.dz\/index.php\/wp-json\/wp\/v2\/posts\/80203","targetHints":{"allow":["GET"]}}],"collection":[{"href":"https:\/\/lasentinelle.dz\/index.php\/wp-json\/wp\/v2\/posts"}],"about":[{"href":"https:\/\/lasentinelle.dz\/index.php\/wp-json\/wp\/v2\/types\/post"}],"author":[{"embeddable":true,"href":"https:\/\/lasentinelle.dz\/index.php\/wp-json\/wp\/v2\/users\/6"}],"replies":[{"embeddable":true,"href":"https:\/\/lasentinelle.dz\/index.php\/wp-json\/wp\/v2\/comments?post=80203"}],"version-history":[{"count":1,"href":"https:\/\/lasentinelle.dz\/index.php\/wp-json\/wp\/v2\/posts\/80203\/revisions"}],"predecessor-version":[{"id":80206,"href":"https:\/\/lasentinelle.dz\/index.php\/wp-json\/wp\/v2\/posts\/80203\/revisions\/80206"}],"wp:featuredmedia":[{"embeddable":true,"href":"https:\/\/lasentinelle.dz\/index.php\/wp-json\/wp\/v2\/media\/80205"}],"wp:attachment":[{"href":"https:\/\/lasentinelle.dz\/index.php\/wp-json\/wp\/v2\/media?parent=80203"}],"wp:term":[{"taxonomy":"category","embeddable":true,"href":"https:\/\/lasentinelle.dz\/index.php\/wp-json\/wp\/v2\/categories?post=80203"},{"taxonomy":"post_tag","embeddable":true,"href":"https:\/\/lasentinelle.dz\/index.php\/wp-json\/wp\/v2\/tags?post=80203"}],"curies":[{"name":"wp","href":"https:\/\/api.w.org\/{rel}","templated":true}]}}