{"id":80207,"date":"2026-01-28T12:56:02","date_gmt":"2026-01-28T11:56:02","guid":{"rendered":"https:\/\/lasentinelle.dz\/?p=80207"},"modified":"2026-01-28T12:56:03","modified_gmt":"2026-01-28T11:56:03","slug":"3e-edition-de-la-manifestation-le-theatre-au-sein-de-luniversite-un-programme-ambitieux-pour-lannee-2026","status":"publish","type":"post","link":"https:\/\/lasentinelle.dz\/index.php\/2026\/01\/28\/3e-edition-de-la-manifestation-le-theatre-au-sein-de-luniversite-un-programme-ambitieux-pour-lannee-2026\/","title":{"rendered":"3e\u00a0\u00e9dition de la manifestation\u00a0\u00ab\u00a0Le th\u00e9\u00e2tre au sein de l&rsquo;universit\u00e9\u00a0\u00bb\u00a0: Un programme ambitieux pour l\u2019ann\u00e9e 2026"},"content":{"rendered":"\n<p>L&rsquo;Universit\u00e9 d&rsquo;Oran 1 \u00ab\u00a0Ahmed Ben Bella\u00a0\u00bb a accueilli lundi soir le lancement de la troisi\u00e8me&nbsp;\u00e9dition&nbsp;de la manifestation \u00ab\u00a0Le th\u00e9\u00e2tre au sein de l&rsquo;universit\u00e9\u00a0\u00bb, dans une atmosph\u00e8re empreinte de ferveur culturelle t\u00e9moignant de l&rsquo;enracinement progressif de la cr\u00e9ation th\u00e9\u00e2trale en milieu estudiantin. Organis\u00e9e au complexe \u00ab\u00a0Docteur Taleb Mourad Selim\u00a0\u00bb, cette c\u00e9r\u00e9monie d&rsquo;ouverture a r\u00e9uni un public vari\u00e9 compos\u00e9 d&rsquo;artistes, de cadres des secteurs culturel et universitaire, ainsi qu&rsquo;une nombreuse assistance d&rsquo;\u00e9tudiants passionn\u00e9s par les arts du spectacle.&nbsp;Cette initiative, fruit d&rsquo;une collaboration entre l&rsquo;Universit\u00e9 d&rsquo;Oran 1 et la Direction de la culture et des arts de la wilaya, s&rsquo;inscrit dans le cadre d&rsquo;une convention interminist\u00e9rielle liant les minist\u00e8res de la Culture et des Arts et de l&rsquo;Enseignement sup\u00e9rieur et de la Recherche scientifique. Le recteur de l&rsquo;universit\u00e9, Amine Abdelmalek, a profit\u00e9 de l&rsquo;occasion pour r\u00e9affirmer l&rsquo;engagement de son \u00e9tablissement en faveur des initiatives culturelles et artistiques, rappelant la r\u00e9cente \u00e9l\u00e9vation du d\u00e9partement des arts au rang d&rsquo;Institut, pr\u00e9c\u00e9demment rattach\u00e9 \u00e0 la Facult\u00e9 des lettres et des arts, signe tangible de la volont\u00e9 institutionnelle de structurer et d&rsquo;accompagner la formation artistique.<\/p>\n\n\n\n<p>Noureddine Mekha\u00efssi, chef du service des activit\u00e9s culturelles et des manifestations \u00e0 la Direction de la culture et des arts d&rsquo;Oran, a pr\u00e9cis\u00e9 que cette manifestation vise \u00e0 faciliter l&rsquo;acc\u00e8s des \u00e9tudiants aux activit\u00e9s culturelles, \u00e0 favoriser leur participation aux diff\u00e9rentes manifestations, \u00e0 accompagner les \u00e9tudiants de l&rsquo;Institut des arts dans la r\u00e9alisation de leurs travaux acad\u00e9miques, et \u00e0 optimiser l&rsquo;utilisation des structures culturelles disponibles. Selon le professeur A\u00efssa Ras El Ma, directeur de l&rsquo;Institut des arts et pr\u00e9sident du comit\u00e9 d&rsquo;encadrement de l&rsquo;\u00e9v\u00e9nement, l&rsquo;initiative \u00ab\u00a0Le th\u00e9\u00e2tre au sein de l&rsquo;universit\u00e9\u00a0\u00bb s&rsquo;adresse aux \u00e9tudiants de toutes disciplines et ambitionne de r\u00e9v\u00e9ler les talents dans divers domaines de la cr\u00e9ation tout en encourageant leur engagement dans le champ culturel.<\/p>\n\n\n\n<p>La soir\u00e9e inaugurale a \u00e9t\u00e9 marqu\u00e9e par la repr\u00e9sentation de la pi\u00e8ce \u00ab\u00a0Avant la lumi\u00e8re\u00a0\u00bb, production de la troupe \u00ab\u00a0Le Nouveau Th\u00e9\u00e2tre\u00a0\u00bb rattach\u00e9e \u00e0 l&rsquo;Institut des arts, \u00e9crite et mise en sc\u00e8ne par l&rsquo;\u00e9tudiant Yahia Benhammou. Cette \u0153uvre revisite un \u00e9pisode tragique de l&rsquo;histoire nationale, l&rsquo;attentat perp\u00e9tr\u00e9 par l&rsquo;Arm\u00e9e secr\u00e8te fran\u00e7aise le 28 f\u00e9vrier 1962 place Tahtaha dans le quartier de la Ville Nouvelle \u00e0 Oran, o\u00f9 l&rsquo;explosion de deux voitures pi\u00e9g\u00e9es avait caus\u00e9 des dizaines de morts et des centaines de bless\u00e9s parmi la population alg\u00e9rienne. Une seconde cr\u00e9ation, intitul\u00e9e \u00ab\u00a0L&rsquo;art et la pourriture\u00a0\u00bb et mise en sc\u00e8ne par Ahmed Aouni, a \u00e9galement \u00e9t\u00e9 pr\u00e9sent\u00e9e au public, accompagn\u00e9e d&rsquo;une exposition de d\u00e9cors de spectacles r\u00e9alis\u00e9s par la troupe, ainsi que des distinctions obtenues lors de pr\u00e9c\u00e9dentes manifestations culturelles.&nbsp;Cette troisi\u00e8me \u00e9dition, dont les activit\u00e9s se d\u00e9ploieront jusqu&rsquo;\u00e0 la fin de l&rsquo;ann\u00e9e universitaire, pr\u00e9voit un programme ambitieux comprenant plusieurs ateliers de formation aux diff\u00e9rents m\u00e9tiers du th\u00e9\u00e2tre destin\u00e9s aux \u00e9tudiants, ainsi que des repr\u00e9sentations dans les r\u00e9sidences universitaires, les \u00e9tablissements d&rsquo;enseignement sup\u00e9rieur d&rsquo;Oran et diverses structures culturelles de la wilaya, consolidant ainsi le dialogue entre institution universitaire et cr\u00e9ation artistique.<\/p>\n\n\n\n<p>M.S.<\/p>\n","protected":false},"excerpt":{"rendered":"<p>L&rsquo;Universit\u00e9 d&rsquo;Oran 1 \u00ab\u00a0Ahmed Ben Bella\u00a0\u00bb a accueilli lundi soir le lancement de la troisi\u00e8me&nbsp;\u00e9dition&nbsp;de la manifestation \u00ab\u00a0Le th\u00e9\u00e2tre au<\/p>\n","protected":false},"author":6,"featured_media":69967,"comment_status":"open","ping_status":"closed","sticky":false,"template":"","format":"standard","meta":{"colormag_page_container_layout":"default_layout","colormag_page_sidebar_layout":"default_layout","om_disable_all_campaigns":false,"_monsterinsights_skip_tracking":false,"_monsterinsights_sitenote_active":false,"_monsterinsights_sitenote_note":"","_monsterinsights_sitenote_category":0,"footnotes":"","_wpscppro_dont_share_socialmedia":false,"_wpscppro_custom_social_share_image":0,"_facebook_share_type":"default","_twitter_share_type":"default","_linkedin_share_type":"default","_pinterest_share_type":"default","_linkedin_share_type_page":"","_instagram_share_type":"default","_medium_share_type":"default","_threads_share_type":"default","_google_business_share_type":"default","_selected_social_profile":[],"_wpsp_enable_custom_social_template":false,"_wpsp_social_scheduling":{"enabled":false,"datetime":null,"platforms":[],"status":"template_only","dateOption":"today","timeOption":"now","customDays":"","customHours":"","customDate":"","customTime":"","schedulingType":"absolute"},"_wpsp_active_default_template":true},"categories":[36],"tags":[],"class_list":["post-80207","post","type-post","status-publish","format-standard","has-post-thumbnail","hentry","category-culture"],"aioseo_notices":[],"yoast_head":"<!-- This site is optimized with the Yoast SEO plugin v27.5 - https:\/\/yoast.com\/product\/yoast-seo-wordpress\/ -->\n<title>3e\u00a0\u00e9dition de la manifestation\u00a0\u00ab\u00a0Le th\u00e9\u00e2tre au sein de l&rsquo;universit\u00e9\u00a0\u00bb\u00a0: Un programme ambitieux pour l\u2019ann\u00e9e 2026 - La Sentinelle<\/title>\n<meta name=\"robots\" content=\"index, follow, max-snippet:-1, max-image-preview:large, max-video-preview:-1\" \/>\n<link rel=\"canonical\" href=\"https:\/\/lasentinelle.dz\/index.php\/2026\/01\/28\/3e-edition-de-la-manifestation-le-theatre-au-sein-de-luniversite-un-programme-ambitieux-pour-lannee-2026\/\" \/>\n<meta property=\"og:locale\" content=\"fr_FR\" \/>\n<meta property=\"og:type\" content=\"article\" \/>\n<meta property=\"og:title\" content=\"3e\u00a0\u00e9dition de la manifestation\u00a0\u00ab\u00a0Le th\u00e9\u00e2tre au sein de l&rsquo;universit\u00e9\u00a0\u00bb\u00a0: Un programme ambitieux pour l\u2019ann\u00e9e 2026 - La Sentinelle\" \/>\n<meta property=\"og:description\" content=\"L&rsquo;Universit\u00e9 d&rsquo;Oran 1 \u00ab\u00a0Ahmed Ben Bella\u00a0\u00bb a accueilli lundi soir le lancement de la troisi\u00e8me&nbsp;\u00e9dition&nbsp;de la manifestation \u00ab\u00a0Le th\u00e9\u00e2tre au\" \/>\n<meta property=\"og:url\" content=\"https:\/\/lasentinelle.dz\/index.php\/2026\/01\/28\/3e-edition-de-la-manifestation-le-theatre-au-sein-de-luniversite-un-programme-ambitieux-pour-lannee-2026\/\" \/>\n<meta property=\"og:site_name\" content=\"La Sentinelle\" \/>\n<meta property=\"article:publisher\" content=\"https:\/\/www.facebook.com\/La-Sentinelle-104059864394773\" \/>\n<meta property=\"article:published_time\" content=\"2026-01-28T11:56:02+00:00\" \/>\n<meta property=\"article:modified_time\" content=\"2026-01-28T11:56:03+00:00\" \/>\n<meta property=\"og:image\" content=\"https:\/\/lasentinelle.dz\/wp-content\/uploads\/2025\/07\/theatre.jpeg\" \/>\n\t<meta property=\"og:image:width\" content=\"1000\" \/>\n\t<meta property=\"og:image:height\" content=\"700\" \/>\n\t<meta property=\"og:image:type\" content=\"image\/jpeg\" \/>\n<meta name=\"author\" content=\"admin\" \/>\n<meta name=\"twitter:card\" content=\"summary_large_image\" \/>\n<meta name=\"twitter:label1\" content=\"\u00c9crit par\" \/>\n\t<meta name=\"twitter:data1\" content=\"admin\" \/>\n\t<meta name=\"twitter:label2\" content=\"Dur\u00e9e de lecture estim\u00e9e\" \/>\n\t<meta name=\"twitter:data2\" content=\"3 minutes\" \/>\n<script type=\"application\/ld+json\" class=\"yoast-schema-graph\">{\"@context\":\"https:\\\/\\\/schema.org\",\"@graph\":[{\"@type\":\"Article\",\"@id\":\"https:\\\/\\\/lasentinelle.dz\\\/index.php\\\/2026\\\/01\\\/28\\\/3e-edition-de-la-manifestation-le-theatre-au-sein-de-luniversite-un-programme-ambitieux-pour-lannee-2026\\\/#article\",\"isPartOf\":{\"@id\":\"https:\\\/\\\/lasentinelle.dz\\\/index.php\\\/2026\\\/01\\\/28\\\/3e-edition-de-la-manifestation-le-theatre-au-sein-de-luniversite-un-programme-ambitieux-pour-lannee-2026\\\/\"},\"author\":{\"name\":\"admin\",\"@id\":\"https:\\\/\\\/lasentinelle.dz\\\/#\\\/schema\\\/person\\\/729ee0024f24e0b8c5ec17232f8e8b41\"},\"headline\":\"3e\u00a0\u00e9dition de la manifestation\u00a0\u00ab\u00a0Le th\u00e9\u00e2tre au sein de l&rsquo;universit\u00e9\u00a0\u00bb\u00a0: Un programme ambitieux pour l\u2019ann\u00e9e 2026\",\"datePublished\":\"2026-01-28T11:56:02+00:00\",\"dateModified\":\"2026-01-28T11:56:03+00:00\",\"mainEntityOfPage\":{\"@id\":\"https:\\\/\\\/lasentinelle.dz\\\/index.php\\\/2026\\\/01\\\/28\\\/3e-edition-de-la-manifestation-le-theatre-au-sein-de-luniversite-un-programme-ambitieux-pour-lannee-2026\\\/\"},\"wordCount\":620,\"commentCount\":0,\"publisher\":{\"@id\":\"https:\\\/\\\/lasentinelle.dz\\\/#organization\"},\"image\":{\"@id\":\"https:\\\/\\\/lasentinelle.dz\\\/index.php\\\/2026\\\/01\\\/28\\\/3e-edition-de-la-manifestation-le-theatre-au-sein-de-luniversite-un-programme-ambitieux-pour-lannee-2026\\\/#primaryimage\"},\"thumbnailUrl\":\"https:\\\/\\\/lasentinelle.dz\\\/wp-content\\\/uploads\\\/2025\\\/07\\\/theatre.jpeg\",\"articleSection\":[\"Culture\"],\"inLanguage\":\"fr-FR\",\"potentialAction\":[{\"@type\":\"CommentAction\",\"name\":\"Comment\",\"target\":[\"https:\\\/\\\/lasentinelle.dz\\\/index.php\\\/2026\\\/01\\\/28\\\/3e-edition-de-la-manifestation-le-theatre-au-sein-de-luniversite-un-programme-ambitieux-pour-lannee-2026\\\/#respond\"]}]},{\"@type\":\"WebPage\",\"@id\":\"https:\\\/\\\/lasentinelle.dz\\\/index.php\\\/2026\\\/01\\\/28\\\/3e-edition-de-la-manifestation-le-theatre-au-sein-de-luniversite-un-programme-ambitieux-pour-lannee-2026\\\/\",\"url\":\"https:\\\/\\\/lasentinelle.dz\\\/index.php\\\/2026\\\/01\\\/28\\\/3e-edition-de-la-manifestation-le-theatre-au-sein-de-luniversite-un-programme-ambitieux-pour-lannee-2026\\\/\",\"name\":\"3e\u00a0\u00e9dition de la manifestation\u00a0\u00ab\u00a0Le th\u00e9\u00e2tre au sein de l&rsquo;universit\u00e9\u00a0\u00bb\u00a0: Un programme ambitieux pour l\u2019ann\u00e9e 2026 - La Sentinelle\",\"isPartOf\":{\"@id\":\"https:\\\/\\\/lasentinelle.dz\\\/#website\"},\"primaryImageOfPage\":{\"@id\":\"https:\\\/\\\/lasentinelle.dz\\\/index.php\\\/2026\\\/01\\\/28\\\/3e-edition-de-la-manifestation-le-theatre-au-sein-de-luniversite-un-programme-ambitieux-pour-lannee-2026\\\/#primaryimage\"},\"image\":{\"@id\":\"https:\\\/\\\/lasentinelle.dz\\\/index.php\\\/2026\\\/01\\\/28\\\/3e-edition-de-la-manifestation-le-theatre-au-sein-de-luniversite-un-programme-ambitieux-pour-lannee-2026\\\/#primaryimage\"},\"thumbnailUrl\":\"https:\\\/\\\/lasentinelle.dz\\\/wp-content\\\/uploads\\\/2025\\\/07\\\/theatre.jpeg\",\"datePublished\":\"2026-01-28T11:56:02+00:00\",\"dateModified\":\"2026-01-28T11:56:03+00:00\",\"breadcrumb\":{\"@id\":\"https:\\\/\\\/lasentinelle.dz\\\/index.php\\\/2026\\\/01\\\/28\\\/3e-edition-de-la-manifestation-le-theatre-au-sein-de-luniversite-un-programme-ambitieux-pour-lannee-2026\\\/#breadcrumb\"},\"inLanguage\":\"fr-FR\",\"potentialAction\":[{\"@type\":\"ReadAction\",\"target\":[\"https:\\\/\\\/lasentinelle.dz\\\/index.php\\\/2026\\\/01\\\/28\\\/3e-edition-de-la-manifestation-le-theatre-au-sein-de-luniversite-un-programme-ambitieux-pour-lannee-2026\\\/\"]}]},{\"@type\":\"ImageObject\",\"inLanguage\":\"fr-FR\",\"@id\":\"https:\\\/\\\/lasentinelle.dz\\\/index.php\\\/2026\\\/01\\\/28\\\/3e-edition-de-la-manifestation-le-theatre-au-sein-de-luniversite-un-programme-ambitieux-pour-lannee-2026\\\/#primaryimage\",\"url\":\"https:\\\/\\\/lasentinelle.dz\\\/wp-content\\\/uploads\\\/2025\\\/07\\\/theatre.jpeg\",\"contentUrl\":\"https:\\\/\\\/lasentinelle.dz\\\/wp-content\\\/uploads\\\/2025\\\/07\\\/theatre.jpeg\",\"width\":1000,\"height\":700},{\"@type\":\"BreadcrumbList\",\"@id\":\"https:\\\/\\\/lasentinelle.dz\\\/index.php\\\/2026\\\/01\\\/28\\\/3e-edition-de-la-manifestation-le-theatre-au-sein-de-luniversite-un-programme-ambitieux-pour-lannee-2026\\\/#breadcrumb\",\"itemListElement\":[{\"@type\":\"ListItem\",\"position\":1,\"name\":\"Accueil\",\"item\":\"https:\\\/\\\/lasentinelle.dz\\\/\"},{\"@type\":\"ListItem\",\"position\":2,\"name\":\"3e\u00a0\u00e9dition de la manifestation\u00a0\u00ab\u00a0Le th\u00e9\u00e2tre au sein de l&rsquo;universit\u00e9\u00a0\u00bb\u00a0: Un programme ambitieux pour l\u2019ann\u00e9e 2026\"}]},{\"@type\":\"WebSite\",\"@id\":\"https:\\\/\\\/lasentinelle.dz\\\/#website\",\"url\":\"https:\\\/\\\/lasentinelle.dz\\\/\",\"name\":\"La Sentinelle\",\"description\":\"Quotidien national d&#039;information\",\"publisher\":{\"@id\":\"https:\\\/\\\/lasentinelle.dz\\\/#organization\"},\"potentialAction\":[{\"@type\":\"SearchAction\",\"target\":{\"@type\":\"EntryPoint\",\"urlTemplate\":\"https:\\\/\\\/lasentinelle.dz\\\/?s={search_term_string}\"},\"query-input\":{\"@type\":\"PropertyValueSpecification\",\"valueRequired\":true,\"valueName\":\"search_term_string\"}}],\"inLanguage\":\"fr-FR\"},{\"@type\":\"Organization\",\"@id\":\"https:\\\/\\\/lasentinelle.dz\\\/#organization\",\"name\":\"Quotidien La Sentinelle\",\"url\":\"https:\\\/\\\/lasentinelle.dz\\\/\",\"logo\":{\"@type\":\"ImageObject\",\"inLanguage\":\"fr-FR\",\"@id\":\"https:\\\/\\\/lasentinelle.dz\\\/#\\\/schema\\\/logo\\\/image\\\/\",\"url\":\"https:\\\/\\\/lasentinelle.dz\\\/wp-content\\\/uploads\\\/2021\\\/09\\\/logo-sentinelleSLOGAN-1.png\",\"contentUrl\":\"https:\\\/\\\/lasentinelle.dz\\\/wp-content\\\/uploads\\\/2021\\\/09\\\/logo-sentinelleSLOGAN-1.png\",\"width\":615,\"height\":142,\"caption\":\"Quotidien La Sentinelle\"},\"image\":{\"@id\":\"https:\\\/\\\/lasentinelle.dz\\\/#\\\/schema\\\/logo\\\/image\\\/\"},\"sameAs\":[\"https:\\\/\\\/www.facebook.com\\\/La-Sentinelle-104059864394773\"]},{\"@type\":\"Person\",\"@id\":\"https:\\\/\\\/lasentinelle.dz\\\/#\\\/schema\\\/person\\\/729ee0024f24e0b8c5ec17232f8e8b41\",\"name\":\"admin\",\"image\":{\"@type\":\"ImageObject\",\"inLanguage\":\"fr-FR\",\"@id\":\"https:\\\/\\\/secure.gravatar.com\\\/avatar\\\/4c81fed838786e9b53f540bf46533e750f5d292099ae3b66cfc6fb1982e29df7?s=96&d=mm&r=g\",\"url\":\"https:\\\/\\\/secure.gravatar.com\\\/avatar\\\/4c81fed838786e9b53f540bf46533e750f5d292099ae3b66cfc6fb1982e29df7?s=96&d=mm&r=g\",\"contentUrl\":\"https:\\\/\\\/secure.gravatar.com\\\/avatar\\\/4c81fed838786e9b53f540bf46533e750f5d292099ae3b66cfc6fb1982e29df7?s=96&d=mm&r=g\",\"caption\":\"admin\"},\"description\":\"admin\",\"url\":\"https:\\\/\\\/lasentinelle.dz\\\/author\\\/admin\\\/\"}]}<\/script>\n<!-- \/ Yoast SEO plugin. -->","yoast_head_json":{"title":"3e\u00a0\u00e9dition de la manifestation\u00a0\u00ab\u00a0Le th\u00e9\u00e2tre au sein de l&rsquo;universit\u00e9\u00a0\u00bb\u00a0: Un programme ambitieux pour l\u2019ann\u00e9e 2026 - La Sentinelle","robots":{"index":"index","follow":"follow","max-snippet":"max-snippet:-1","max-image-preview":"max-image-preview:large","max-video-preview":"max-video-preview:-1"},"canonical":"https:\/\/lasentinelle.dz\/index.php\/2026\/01\/28\/3e-edition-de-la-manifestation-le-theatre-au-sein-de-luniversite-un-programme-ambitieux-pour-lannee-2026\/","og_locale":"fr_FR","og_type":"article","og_title":"3e\u00a0\u00e9dition de la manifestation\u00a0\u00ab\u00a0Le th\u00e9\u00e2tre au sein de l&rsquo;universit\u00e9\u00a0\u00bb\u00a0: Un programme ambitieux pour l\u2019ann\u00e9e 2026 - La Sentinelle","og_description":"L&rsquo;Universit\u00e9 d&rsquo;Oran 1 \u00ab\u00a0Ahmed Ben Bella\u00a0\u00bb a accueilli lundi soir le lancement de la troisi\u00e8me&nbsp;\u00e9dition&nbsp;de la manifestation \u00ab\u00a0Le th\u00e9\u00e2tre au","og_url":"https:\/\/lasentinelle.dz\/index.php\/2026\/01\/28\/3e-edition-de-la-manifestation-le-theatre-au-sein-de-luniversite-un-programme-ambitieux-pour-lannee-2026\/","og_site_name":"La Sentinelle","article_publisher":"https:\/\/www.facebook.com\/La-Sentinelle-104059864394773","article_published_time":"2026-01-28T11:56:02+00:00","article_modified_time":"2026-01-28T11:56:03+00:00","og_image":[{"width":1000,"height":700,"url":"https:\/\/lasentinelle.dz\/wp-content\/uploads\/2025\/07\/theatre.jpeg","type":"image\/jpeg"}],"author":"admin","twitter_card":"summary_large_image","twitter_misc":{"\u00c9crit par":"admin","Dur\u00e9e de lecture estim\u00e9e":"3 minutes"},"schema":{"@context":"https:\/\/schema.org","@graph":[{"@type":"Article","@id":"https:\/\/lasentinelle.dz\/index.php\/2026\/01\/28\/3e-edition-de-la-manifestation-le-theatre-au-sein-de-luniversite-un-programme-ambitieux-pour-lannee-2026\/#article","isPartOf":{"@id":"https:\/\/lasentinelle.dz\/index.php\/2026\/01\/28\/3e-edition-de-la-manifestation-le-theatre-au-sein-de-luniversite-un-programme-ambitieux-pour-lannee-2026\/"},"author":{"name":"admin","@id":"https:\/\/lasentinelle.dz\/#\/schema\/person\/729ee0024f24e0b8c5ec17232f8e8b41"},"headline":"3e\u00a0\u00e9dition de la manifestation\u00a0\u00ab\u00a0Le th\u00e9\u00e2tre au sein de l&rsquo;universit\u00e9\u00a0\u00bb\u00a0: Un programme ambitieux pour l\u2019ann\u00e9e 2026","datePublished":"2026-01-28T11:56:02+00:00","dateModified":"2026-01-28T11:56:03+00:00","mainEntityOfPage":{"@id":"https:\/\/lasentinelle.dz\/index.php\/2026\/01\/28\/3e-edition-de-la-manifestation-le-theatre-au-sein-de-luniversite-un-programme-ambitieux-pour-lannee-2026\/"},"wordCount":620,"commentCount":0,"publisher":{"@id":"https:\/\/lasentinelle.dz\/#organization"},"image":{"@id":"https:\/\/lasentinelle.dz\/index.php\/2026\/01\/28\/3e-edition-de-la-manifestation-le-theatre-au-sein-de-luniversite-un-programme-ambitieux-pour-lannee-2026\/#primaryimage"},"thumbnailUrl":"https:\/\/lasentinelle.dz\/wp-content\/uploads\/2025\/07\/theatre.jpeg","articleSection":["Culture"],"inLanguage":"fr-FR","potentialAction":[{"@type":"CommentAction","name":"Comment","target":["https:\/\/lasentinelle.dz\/index.php\/2026\/01\/28\/3e-edition-de-la-manifestation-le-theatre-au-sein-de-luniversite-un-programme-ambitieux-pour-lannee-2026\/#respond"]}]},{"@type":"WebPage","@id":"https:\/\/lasentinelle.dz\/index.php\/2026\/01\/28\/3e-edition-de-la-manifestation-le-theatre-au-sein-de-luniversite-un-programme-ambitieux-pour-lannee-2026\/","url":"https:\/\/lasentinelle.dz\/index.php\/2026\/01\/28\/3e-edition-de-la-manifestation-le-theatre-au-sein-de-luniversite-un-programme-ambitieux-pour-lannee-2026\/","name":"3e\u00a0\u00e9dition de la manifestation\u00a0\u00ab\u00a0Le th\u00e9\u00e2tre au sein de l&rsquo;universit\u00e9\u00a0\u00bb\u00a0: Un programme ambitieux pour l\u2019ann\u00e9e 2026 - La Sentinelle","isPartOf":{"@id":"https:\/\/lasentinelle.dz\/#website"},"primaryImageOfPage":{"@id":"https:\/\/lasentinelle.dz\/index.php\/2026\/01\/28\/3e-edition-de-la-manifestation-le-theatre-au-sein-de-luniversite-un-programme-ambitieux-pour-lannee-2026\/#primaryimage"},"image":{"@id":"https:\/\/lasentinelle.dz\/index.php\/2026\/01\/28\/3e-edition-de-la-manifestation-le-theatre-au-sein-de-luniversite-un-programme-ambitieux-pour-lannee-2026\/#primaryimage"},"thumbnailUrl":"https:\/\/lasentinelle.dz\/wp-content\/uploads\/2025\/07\/theatre.jpeg","datePublished":"2026-01-28T11:56:02+00:00","dateModified":"2026-01-28T11:56:03+00:00","breadcrumb":{"@id":"https:\/\/lasentinelle.dz\/index.php\/2026\/01\/28\/3e-edition-de-la-manifestation-le-theatre-au-sein-de-luniversite-un-programme-ambitieux-pour-lannee-2026\/#breadcrumb"},"inLanguage":"fr-FR","potentialAction":[{"@type":"ReadAction","target":["https:\/\/lasentinelle.dz\/index.php\/2026\/01\/28\/3e-edition-de-la-manifestation-le-theatre-au-sein-de-luniversite-un-programme-ambitieux-pour-lannee-2026\/"]}]},{"@type":"ImageObject","inLanguage":"fr-FR","@id":"https:\/\/lasentinelle.dz\/index.php\/2026\/01\/28\/3e-edition-de-la-manifestation-le-theatre-au-sein-de-luniversite-un-programme-ambitieux-pour-lannee-2026\/#primaryimage","url":"https:\/\/lasentinelle.dz\/wp-content\/uploads\/2025\/07\/theatre.jpeg","contentUrl":"https:\/\/lasentinelle.dz\/wp-content\/uploads\/2025\/07\/theatre.jpeg","width":1000,"height":700},{"@type":"BreadcrumbList","@id":"https:\/\/lasentinelle.dz\/index.php\/2026\/01\/28\/3e-edition-de-la-manifestation-le-theatre-au-sein-de-luniversite-un-programme-ambitieux-pour-lannee-2026\/#breadcrumb","itemListElement":[{"@type":"ListItem","position":1,"name":"Accueil","item":"https:\/\/lasentinelle.dz\/"},{"@type":"ListItem","position":2,"name":"3e\u00a0\u00e9dition de la manifestation\u00a0\u00ab\u00a0Le th\u00e9\u00e2tre au sein de l&rsquo;universit\u00e9\u00a0\u00bb\u00a0: Un programme ambitieux pour l\u2019ann\u00e9e 2026"}]},{"@type":"WebSite","@id":"https:\/\/lasentinelle.dz\/#website","url":"https:\/\/lasentinelle.dz\/","name":"La Sentinelle","description":"Quotidien national d&#039;information","publisher":{"@id":"https:\/\/lasentinelle.dz\/#organization"},"potentialAction":[{"@type":"SearchAction","target":{"@type":"EntryPoint","urlTemplate":"https:\/\/lasentinelle.dz\/?s={search_term_string}"},"query-input":{"@type":"PropertyValueSpecification","valueRequired":true,"valueName":"search_term_string"}}],"inLanguage":"fr-FR"},{"@type":"Organization","@id":"https:\/\/lasentinelle.dz\/#organization","name":"Quotidien La Sentinelle","url":"https:\/\/lasentinelle.dz\/","logo":{"@type":"ImageObject","inLanguage":"fr-FR","@id":"https:\/\/lasentinelle.dz\/#\/schema\/logo\/image\/","url":"https:\/\/lasentinelle.dz\/wp-content\/uploads\/2021\/09\/logo-sentinelleSLOGAN-1.png","contentUrl":"https:\/\/lasentinelle.dz\/wp-content\/uploads\/2021\/09\/logo-sentinelleSLOGAN-1.png","width":615,"height":142,"caption":"Quotidien La Sentinelle"},"image":{"@id":"https:\/\/lasentinelle.dz\/#\/schema\/logo\/image\/"},"sameAs":["https:\/\/www.facebook.com\/La-Sentinelle-104059864394773"]},{"@type":"Person","@id":"https:\/\/lasentinelle.dz\/#\/schema\/person\/729ee0024f24e0b8c5ec17232f8e8b41","name":"admin","image":{"@type":"ImageObject","inLanguage":"fr-FR","@id":"https:\/\/secure.gravatar.com\/avatar\/4c81fed838786e9b53f540bf46533e750f5d292099ae3b66cfc6fb1982e29df7?s=96&d=mm&r=g","url":"https:\/\/secure.gravatar.com\/avatar\/4c81fed838786e9b53f540bf46533e750f5d292099ae3b66cfc6fb1982e29df7?s=96&d=mm&r=g","contentUrl":"https:\/\/secure.gravatar.com\/avatar\/4c81fed838786e9b53f540bf46533e750f5d292099ae3b66cfc6fb1982e29df7?s=96&d=mm&r=g","caption":"admin"},"description":"admin","url":"https:\/\/lasentinelle.dz\/author\/admin\/"}]}},"_links":{"self":[{"href":"https:\/\/lasentinelle.dz\/index.php\/wp-json\/wp\/v2\/posts\/80207","targetHints":{"allow":["GET"]}}],"collection":[{"href":"https:\/\/lasentinelle.dz\/index.php\/wp-json\/wp\/v2\/posts"}],"about":[{"href":"https:\/\/lasentinelle.dz\/index.php\/wp-json\/wp\/v2\/types\/post"}],"author":[{"embeddable":true,"href":"https:\/\/lasentinelle.dz\/index.php\/wp-json\/wp\/v2\/users\/6"}],"replies":[{"embeddable":true,"href":"https:\/\/lasentinelle.dz\/index.php\/wp-json\/wp\/v2\/comments?post=80207"}],"version-history":[{"count":2,"href":"https:\/\/lasentinelle.dz\/index.php\/wp-json\/wp\/v2\/posts\/80207\/revisions"}],"predecessor-version":[{"id":80209,"href":"https:\/\/lasentinelle.dz\/index.php\/wp-json\/wp\/v2\/posts\/80207\/revisions\/80209"}],"wp:featuredmedia":[{"embeddable":true,"href":"https:\/\/lasentinelle.dz\/index.php\/wp-json\/wp\/v2\/media\/69967"}],"wp:attachment":[{"href":"https:\/\/lasentinelle.dz\/index.php\/wp-json\/wp\/v2\/media?parent=80207"}],"wp:term":[{"taxonomy":"category","embeddable":true,"href":"https:\/\/lasentinelle.dz\/index.php\/wp-json\/wp\/v2\/categories?post=80207"},{"taxonomy":"post_tag","embeddable":true,"href":"https:\/\/lasentinelle.dz\/index.php\/wp-json\/wp\/v2\/tags?post=80207"}],"curies":[{"name":"wp","href":"https:\/\/api.w.org\/{rel}","templated":true}]}}