{"id":80210,"date":"2026-01-28T12:56:43","date_gmt":"2026-01-28T11:56:43","guid":{"rendered":"https:\/\/lasentinelle.dz\/?p=80210"},"modified":"2026-01-28T12:56:44","modified_gmt":"2026-01-28T11:56:44","slug":"cinematheque-le-mondial-a-tizi-ouzou-des-ateliers-de-formation-pour-la-nouvelle-generation-de-cineastes","status":"publish","type":"post","link":"https:\/\/lasentinelle.dz\/index.php\/2026\/01\/28\/cinematheque-le-mondial-a-tizi-ouzou-des-ateliers-de-formation-pour-la-nouvelle-generation-de-cineastes\/","title":{"rendered":"Cin\u00e9math\u00e8que \u00ab\u00a0Le Mondial\u00a0\u00bb\u00a0\u00e0\u00a0Tizi-Ouzou\u00a0: Des ateliers de formation pour la\u00a0nouvelle g\u00e9n\u00e9ration de cin\u00e9astes"},"content":{"rendered":"\n<p>La cin\u00e9math\u00e8que \u00ab\u00a0Le Mondial\u00a0\u00bb&nbsp;de Tizi-Ouzou&nbsp;accueillera, d\u00e8s les prochaines semaines une s\u00e9rie d&rsquo;ateliers d\u00e9di\u00e9s aux m\u00e9tiers du septi\u00e8me art, une initiative port\u00e9e par le r\u00e9alisateur Yazid Arab en partenariat avec le Centre alg\u00e9rien de la cin\u00e9matographie. Ce programme, qui s&rsquo;\u00e9talera sur toute l&rsquo;ann\u00e9e 2026, ambitionne de cr\u00e9er un v\u00e9ritable espace de transmission et de r\u00e9flexion autour du cin\u00e9ma, ouvert \u00e0 tous les passionn\u00e9s, qu&rsquo;ils soient d\u00e9butants, \u00e9tudiants ou simplement curieux de d\u00e9couvrir les coulisses de la cr\u00e9ation cin\u00e9matographique. L&rsquo;initiative t\u00e9moigne d&rsquo;une volont\u00e9 de d\u00e9centraliser la formation artistique et de permettre aux talents locaux d&rsquo;acc\u00e9der \u00e0 un enseignement de qualit\u00e9 sans n\u00e9cessairement quitter leur r\u00e9gion. Le dispositif pr\u00e9voit des ateliers pratiques couvrant les principaux m\u00e9tiers du cin\u00e9ma : l&rsquo;\u00e9criture de sc\u00e9nario selon les m\u00e9thodes internationales, la r\u00e9alisation cin\u00e9matographique, le jeu d&rsquo;acteur avec l&rsquo;exploration de diff\u00e9rentes approches p\u00e9dagogiques, notamment celles de Stanislavski, Lee Strasberg, Stella Adler et Michael Chekhov, ainsi que la production cin\u00e9matographique. Pour Yazid Arab, l&rsquo;objectif d\u00e9passe la simple transmission de techniques. Comme il l&rsquo;explique, il s&rsquo;agit d&rsquo;espaces de cr\u00e9ation et de r\u00e9flexion destin\u00e9s \u00e0 toutes celles et ceux qui aiment le cin\u00e9ma. \u00ab\u00a0L&rsquo;id\u00e9e, ce n&rsquo;est pas seulement de regarder des films, mais de comprendre comment ils parlent du monde et comment on peut, \u00e0 son tour, raconter des histoires avec des images\u00a0\u00bb, pr\u00e9cise le r\u00e9alisateur. Cette approche p\u00e9dagogique privil\u00e9gie donc une compr\u00e9hension globale du langage cin\u00e9matographique et de son pouvoir narratif. Mais la particularit\u00e9 de ce cycle de formation r\u00e9side dans sa dimension transdisciplinaire. Yazid Arab insiste sur le fait que \u00ab\u00a0le cin\u00e9ma ne vit pas tout seul. Il dialogue avec la litt\u00e9rature, la soci\u00e9t\u00e9, la philosophie, les cultures\u00a0\u00bb. C&rsquo;est pourquoi le programme int\u00e8gre des master classes o\u00f9 le septi\u00e8me art rencontrera d&rsquo;autres disciplines artistiques et intellectuelles. Parmi les intervenants annonc\u00e9s figurent des personnalit\u00e9s reconnues dans leurs domaines respectifs : le journaliste et \u00e9crivain Arezki Metref animera une master class sur les relations entre litt\u00e9rature et cin\u00e9ma, l&rsquo;universitaire Mohamed Houari explorera les liens entre cin\u00e9ma et philosophie, tandis que le peintre Denis Martinez abordera les connexions entre arts plastiques et cin\u00e9ma. Le sociologue Kamel Chachoua proposera une r\u00e9flexion sur la sociologie et le cin\u00e9ma, et l&rsquo;universitaire Latifa Lafer se penchera sur l&rsquo;anthropologie cin\u00e9matographique. Ces rencontres permettront aux participants de saisir la richesse des interactions entre le cin\u00e9ma et les autres champs de la connaissance et de la cr\u00e9ation. Le calendrier pr\u00e9voit deux s\u00e9ances hebdomadaires \u00e0 la cin\u00e9math\u00e8que \u00ab\u00a0Le Mondial\u00a0\u00bb, garantissant ainsi un suivi r\u00e9gulier et progressif des apprentissages. D&rsquo;autres activit\u00e9s, rencontres et master classes sont actuellement en cours de pr\u00e9paration et seront annonc\u00e9es au fur et \u00e0 mesure. Cette initiative s&rsquo;inscrit dans un mouvement plus large de valorisation du patrimoine cin\u00e9matographique et de d\u00e9veloppement de la culture audiovisuelle en Alg\u00e9rie, offrant aux jeunes de Tizi-Ouzou et de sa r\u00e9gion une opportunit\u00e9 pr\u00e9cieuse de se former aux m\u00e9tiers du cin\u00e9ma dans un cadre professionnel et exigeant.<\/p>\n\n\n\n<p>Mohand S.<\/p>\n","protected":false},"excerpt":{"rendered":"<p>La cin\u00e9math\u00e8que \u00ab\u00a0Le Mondial\u00a0\u00bb&nbsp;de Tizi-Ouzou&nbsp;accueillera, d\u00e8s les prochaines semaines une s\u00e9rie d&rsquo;ateliers d\u00e9di\u00e9s aux m\u00e9tiers du septi\u00e8me art, une initiative<\/p>\n","protected":false},"author":6,"featured_media":6223,"comment_status":"open","ping_status":"closed","sticky":false,"template":"","format":"standard","meta":{"colormag_page_container_layout":"default_layout","colormag_page_sidebar_layout":"default_layout","om_disable_all_campaigns":false,"_monsterinsights_skip_tracking":false,"_monsterinsights_sitenote_active":false,"_monsterinsights_sitenote_note":"","_monsterinsights_sitenote_category":0,"footnotes":"","_wpscppro_dont_share_socialmedia":false,"_wpscppro_custom_social_share_image":0,"_facebook_share_type":"default","_twitter_share_type":"default","_linkedin_share_type":"default","_pinterest_share_type":"default","_linkedin_share_type_page":"","_instagram_share_type":"default","_medium_share_type":"default","_threads_share_type":"default","_google_business_share_type":"default","_selected_social_profile":[],"_wpsp_enable_custom_social_template":false,"_wpsp_social_scheduling":{"enabled":false,"datetime":null,"platforms":[],"status":"template_only","dateOption":"today","timeOption":"now","customDays":"","customHours":"","customDate":"","customTime":"","schedulingType":"absolute"},"_wpsp_active_default_template":true},"categories":[36],"tags":[],"class_list":["post-80210","post","type-post","status-publish","format-standard","has-post-thumbnail","hentry","category-culture"],"aioseo_notices":[],"yoast_head":"<!-- This site is optimized with the Yoast SEO plugin v27.5 - https:\/\/yoast.com\/product\/yoast-seo-wordpress\/ -->\n<title>Cin\u00e9math\u00e8que \u00ab\u00a0Le Mondial\u00a0\u00bb\u00a0\u00e0\u00a0Tizi-Ouzou\u00a0: Des ateliers de formation pour la\u00a0nouvelle g\u00e9n\u00e9ration de cin\u00e9astes - La Sentinelle<\/title>\n<meta name=\"robots\" content=\"index, follow, max-snippet:-1, max-image-preview:large, max-video-preview:-1\" \/>\n<link rel=\"canonical\" href=\"https:\/\/lasentinelle.dz\/index.php\/2026\/01\/28\/cinematheque-le-mondial-a-tizi-ouzou-des-ateliers-de-formation-pour-la-nouvelle-generation-de-cineastes\/\" \/>\n<meta property=\"og:locale\" content=\"fr_FR\" \/>\n<meta property=\"og:type\" content=\"article\" \/>\n<meta property=\"og:title\" content=\"Cin\u00e9math\u00e8que \u00ab\u00a0Le Mondial\u00a0\u00bb\u00a0\u00e0\u00a0Tizi-Ouzou\u00a0: Des ateliers de formation pour la\u00a0nouvelle g\u00e9n\u00e9ration de cin\u00e9astes - La Sentinelle\" \/>\n<meta property=\"og:description\" content=\"La cin\u00e9math\u00e8que \u00ab\u00a0Le Mondial\u00a0\u00bb&nbsp;de Tizi-Ouzou&nbsp;accueillera, d\u00e8s les prochaines semaines une s\u00e9rie d&rsquo;ateliers d\u00e9di\u00e9s aux m\u00e9tiers du septi\u00e8me art, une initiative\" \/>\n<meta property=\"og:url\" content=\"https:\/\/lasentinelle.dz\/index.php\/2026\/01\/28\/cinematheque-le-mondial-a-tizi-ouzou-des-ateliers-de-formation-pour-la-nouvelle-generation-de-cineastes\/\" \/>\n<meta property=\"og:site_name\" content=\"La Sentinelle\" \/>\n<meta property=\"article:publisher\" content=\"https:\/\/www.facebook.com\/La-Sentinelle-104059864394773\" \/>\n<meta property=\"article:published_time\" content=\"2026-01-28T11:56:43+00:00\" \/>\n<meta property=\"article:modified_time\" content=\"2026-01-28T11:56:44+00:00\" \/>\n<meta property=\"og:image\" content=\"https:\/\/lasentinelle.dz\/wp-content\/uploads\/2021\/09\/tournage.jpeg\" \/>\n\t<meta property=\"og:image:width\" content=\"580\" \/>\n\t<meta property=\"og:image:height\" content=\"350\" \/>\n\t<meta property=\"og:image:type\" content=\"image\/jpeg\" \/>\n<meta name=\"author\" content=\"admin\" \/>\n<meta name=\"twitter:card\" content=\"summary_large_image\" \/>\n<meta name=\"twitter:label1\" content=\"\u00c9crit par\" \/>\n\t<meta name=\"twitter:data1\" content=\"admin\" \/>\n\t<meta name=\"twitter:label2\" content=\"Dur\u00e9e de lecture estim\u00e9e\" \/>\n\t<meta name=\"twitter:data2\" content=\"3 minutes\" \/>\n<script type=\"application\/ld+json\" class=\"yoast-schema-graph\">{\"@context\":\"https:\\\/\\\/schema.org\",\"@graph\":[{\"@type\":\"Article\",\"@id\":\"https:\\\/\\\/lasentinelle.dz\\\/index.php\\\/2026\\\/01\\\/28\\\/cinematheque-le-mondial-a-tizi-ouzou-des-ateliers-de-formation-pour-la-nouvelle-generation-de-cineastes\\\/#article\",\"isPartOf\":{\"@id\":\"https:\\\/\\\/lasentinelle.dz\\\/index.php\\\/2026\\\/01\\\/28\\\/cinematheque-le-mondial-a-tizi-ouzou-des-ateliers-de-formation-pour-la-nouvelle-generation-de-cineastes\\\/\"},\"author\":{\"name\":\"admin\",\"@id\":\"https:\\\/\\\/lasentinelle.dz\\\/#\\\/schema\\\/person\\\/729ee0024f24e0b8c5ec17232f8e8b41\"},\"headline\":\"Cin\u00e9math\u00e8que \u00ab\u00a0Le Mondial\u00a0\u00bb\u00a0\u00e0\u00a0Tizi-Ouzou\u00a0: Des ateliers de formation pour la\u00a0nouvelle g\u00e9n\u00e9ration de cin\u00e9astes\",\"datePublished\":\"2026-01-28T11:56:43+00:00\",\"dateModified\":\"2026-01-28T11:56:44+00:00\",\"mainEntityOfPage\":{\"@id\":\"https:\\\/\\\/lasentinelle.dz\\\/index.php\\\/2026\\\/01\\\/28\\\/cinematheque-le-mondial-a-tizi-ouzou-des-ateliers-de-formation-pour-la-nouvelle-generation-de-cineastes\\\/\"},\"wordCount\":595,\"commentCount\":0,\"publisher\":{\"@id\":\"https:\\\/\\\/lasentinelle.dz\\\/#organization\"},\"image\":{\"@id\":\"https:\\\/\\\/lasentinelle.dz\\\/index.php\\\/2026\\\/01\\\/28\\\/cinematheque-le-mondial-a-tizi-ouzou-des-ateliers-de-formation-pour-la-nouvelle-generation-de-cineastes\\\/#primaryimage\"},\"thumbnailUrl\":\"https:\\\/\\\/lasentinelle.dz\\\/wp-content\\\/uploads\\\/2021\\\/09\\\/tournage.jpeg\",\"articleSection\":[\"Culture\"],\"inLanguage\":\"fr-FR\",\"potentialAction\":[{\"@type\":\"CommentAction\",\"name\":\"Comment\",\"target\":[\"https:\\\/\\\/lasentinelle.dz\\\/index.php\\\/2026\\\/01\\\/28\\\/cinematheque-le-mondial-a-tizi-ouzou-des-ateliers-de-formation-pour-la-nouvelle-generation-de-cineastes\\\/#respond\"]}]},{\"@type\":\"WebPage\",\"@id\":\"https:\\\/\\\/lasentinelle.dz\\\/index.php\\\/2026\\\/01\\\/28\\\/cinematheque-le-mondial-a-tizi-ouzou-des-ateliers-de-formation-pour-la-nouvelle-generation-de-cineastes\\\/\",\"url\":\"https:\\\/\\\/lasentinelle.dz\\\/index.php\\\/2026\\\/01\\\/28\\\/cinematheque-le-mondial-a-tizi-ouzou-des-ateliers-de-formation-pour-la-nouvelle-generation-de-cineastes\\\/\",\"name\":\"Cin\u00e9math\u00e8que \u00ab\u00a0Le Mondial\u00a0\u00bb\u00a0\u00e0\u00a0Tizi-Ouzou\u00a0: Des ateliers de formation pour la\u00a0nouvelle g\u00e9n\u00e9ration de cin\u00e9astes - La Sentinelle\",\"isPartOf\":{\"@id\":\"https:\\\/\\\/lasentinelle.dz\\\/#website\"},\"primaryImageOfPage\":{\"@id\":\"https:\\\/\\\/lasentinelle.dz\\\/index.php\\\/2026\\\/01\\\/28\\\/cinematheque-le-mondial-a-tizi-ouzou-des-ateliers-de-formation-pour-la-nouvelle-generation-de-cineastes\\\/#primaryimage\"},\"image\":{\"@id\":\"https:\\\/\\\/lasentinelle.dz\\\/index.php\\\/2026\\\/01\\\/28\\\/cinematheque-le-mondial-a-tizi-ouzou-des-ateliers-de-formation-pour-la-nouvelle-generation-de-cineastes\\\/#primaryimage\"},\"thumbnailUrl\":\"https:\\\/\\\/lasentinelle.dz\\\/wp-content\\\/uploads\\\/2021\\\/09\\\/tournage.jpeg\",\"datePublished\":\"2026-01-28T11:56:43+00:00\",\"dateModified\":\"2026-01-28T11:56:44+00:00\",\"breadcrumb\":{\"@id\":\"https:\\\/\\\/lasentinelle.dz\\\/index.php\\\/2026\\\/01\\\/28\\\/cinematheque-le-mondial-a-tizi-ouzou-des-ateliers-de-formation-pour-la-nouvelle-generation-de-cineastes\\\/#breadcrumb\"},\"inLanguage\":\"fr-FR\",\"potentialAction\":[{\"@type\":\"ReadAction\",\"target\":[\"https:\\\/\\\/lasentinelle.dz\\\/index.php\\\/2026\\\/01\\\/28\\\/cinematheque-le-mondial-a-tizi-ouzou-des-ateliers-de-formation-pour-la-nouvelle-generation-de-cineastes\\\/\"]}]},{\"@type\":\"ImageObject\",\"inLanguage\":\"fr-FR\",\"@id\":\"https:\\\/\\\/lasentinelle.dz\\\/index.php\\\/2026\\\/01\\\/28\\\/cinematheque-le-mondial-a-tizi-ouzou-des-ateliers-de-formation-pour-la-nouvelle-generation-de-cineastes\\\/#primaryimage\",\"url\":\"https:\\\/\\\/lasentinelle.dz\\\/wp-content\\\/uploads\\\/2021\\\/09\\\/tournage.jpeg\",\"contentUrl\":\"https:\\\/\\\/lasentinelle.dz\\\/wp-content\\\/uploads\\\/2021\\\/09\\\/tournage.jpeg\",\"width\":580,\"height\":350},{\"@type\":\"BreadcrumbList\",\"@id\":\"https:\\\/\\\/lasentinelle.dz\\\/index.php\\\/2026\\\/01\\\/28\\\/cinematheque-le-mondial-a-tizi-ouzou-des-ateliers-de-formation-pour-la-nouvelle-generation-de-cineastes\\\/#breadcrumb\",\"itemListElement\":[{\"@type\":\"ListItem\",\"position\":1,\"name\":\"Accueil\",\"item\":\"https:\\\/\\\/lasentinelle.dz\\\/\"},{\"@type\":\"ListItem\",\"position\":2,\"name\":\"Cin\u00e9math\u00e8que \u00ab\u00a0Le Mondial\u00a0\u00bb\u00a0\u00e0\u00a0Tizi-Ouzou\u00a0: Des ateliers de formation pour la\u00a0nouvelle g\u00e9n\u00e9ration de cin\u00e9astes\"}]},{\"@type\":\"WebSite\",\"@id\":\"https:\\\/\\\/lasentinelle.dz\\\/#website\",\"url\":\"https:\\\/\\\/lasentinelle.dz\\\/\",\"name\":\"La Sentinelle\",\"description\":\"Quotidien national d&#039;information\",\"publisher\":{\"@id\":\"https:\\\/\\\/lasentinelle.dz\\\/#organization\"},\"potentialAction\":[{\"@type\":\"SearchAction\",\"target\":{\"@type\":\"EntryPoint\",\"urlTemplate\":\"https:\\\/\\\/lasentinelle.dz\\\/?s={search_term_string}\"},\"query-input\":{\"@type\":\"PropertyValueSpecification\",\"valueRequired\":true,\"valueName\":\"search_term_string\"}}],\"inLanguage\":\"fr-FR\"},{\"@type\":\"Organization\",\"@id\":\"https:\\\/\\\/lasentinelle.dz\\\/#organization\",\"name\":\"Quotidien La Sentinelle\",\"url\":\"https:\\\/\\\/lasentinelle.dz\\\/\",\"logo\":{\"@type\":\"ImageObject\",\"inLanguage\":\"fr-FR\",\"@id\":\"https:\\\/\\\/lasentinelle.dz\\\/#\\\/schema\\\/logo\\\/image\\\/\",\"url\":\"https:\\\/\\\/lasentinelle.dz\\\/wp-content\\\/uploads\\\/2021\\\/09\\\/logo-sentinelleSLOGAN-1.png\",\"contentUrl\":\"https:\\\/\\\/lasentinelle.dz\\\/wp-content\\\/uploads\\\/2021\\\/09\\\/logo-sentinelleSLOGAN-1.png\",\"width\":615,\"height\":142,\"caption\":\"Quotidien La Sentinelle\"},\"image\":{\"@id\":\"https:\\\/\\\/lasentinelle.dz\\\/#\\\/schema\\\/logo\\\/image\\\/\"},\"sameAs\":[\"https:\\\/\\\/www.facebook.com\\\/La-Sentinelle-104059864394773\"]},{\"@type\":\"Person\",\"@id\":\"https:\\\/\\\/lasentinelle.dz\\\/#\\\/schema\\\/person\\\/729ee0024f24e0b8c5ec17232f8e8b41\",\"name\":\"admin\",\"image\":{\"@type\":\"ImageObject\",\"inLanguage\":\"fr-FR\",\"@id\":\"https:\\\/\\\/secure.gravatar.com\\\/avatar\\\/4c81fed838786e9b53f540bf46533e750f5d292099ae3b66cfc6fb1982e29df7?s=96&d=mm&r=g\",\"url\":\"https:\\\/\\\/secure.gravatar.com\\\/avatar\\\/4c81fed838786e9b53f540bf46533e750f5d292099ae3b66cfc6fb1982e29df7?s=96&d=mm&r=g\",\"contentUrl\":\"https:\\\/\\\/secure.gravatar.com\\\/avatar\\\/4c81fed838786e9b53f540bf46533e750f5d292099ae3b66cfc6fb1982e29df7?s=96&d=mm&r=g\",\"caption\":\"admin\"},\"description\":\"admin\",\"url\":\"https:\\\/\\\/lasentinelle.dz\\\/author\\\/admin\\\/\"}]}<\/script>\n<!-- \/ Yoast SEO plugin. -->","yoast_head_json":{"title":"Cin\u00e9math\u00e8que \u00ab\u00a0Le Mondial\u00a0\u00bb\u00a0\u00e0\u00a0Tizi-Ouzou\u00a0: Des ateliers de formation pour la\u00a0nouvelle g\u00e9n\u00e9ration de cin\u00e9astes - La Sentinelle","robots":{"index":"index","follow":"follow","max-snippet":"max-snippet:-1","max-image-preview":"max-image-preview:large","max-video-preview":"max-video-preview:-1"},"canonical":"https:\/\/lasentinelle.dz\/index.php\/2026\/01\/28\/cinematheque-le-mondial-a-tizi-ouzou-des-ateliers-de-formation-pour-la-nouvelle-generation-de-cineastes\/","og_locale":"fr_FR","og_type":"article","og_title":"Cin\u00e9math\u00e8que \u00ab\u00a0Le Mondial\u00a0\u00bb\u00a0\u00e0\u00a0Tizi-Ouzou\u00a0: Des ateliers de formation pour la\u00a0nouvelle g\u00e9n\u00e9ration de cin\u00e9astes - La Sentinelle","og_description":"La cin\u00e9math\u00e8que \u00ab\u00a0Le Mondial\u00a0\u00bb&nbsp;de Tizi-Ouzou&nbsp;accueillera, d\u00e8s les prochaines semaines une s\u00e9rie d&rsquo;ateliers d\u00e9di\u00e9s aux m\u00e9tiers du septi\u00e8me art, une initiative","og_url":"https:\/\/lasentinelle.dz\/index.php\/2026\/01\/28\/cinematheque-le-mondial-a-tizi-ouzou-des-ateliers-de-formation-pour-la-nouvelle-generation-de-cineastes\/","og_site_name":"La Sentinelle","article_publisher":"https:\/\/www.facebook.com\/La-Sentinelle-104059864394773","article_published_time":"2026-01-28T11:56:43+00:00","article_modified_time":"2026-01-28T11:56:44+00:00","og_image":[{"width":580,"height":350,"url":"https:\/\/lasentinelle.dz\/wp-content\/uploads\/2021\/09\/tournage.jpeg","type":"image\/jpeg"}],"author":"admin","twitter_card":"summary_large_image","twitter_misc":{"\u00c9crit par":"admin","Dur\u00e9e de lecture estim\u00e9e":"3 minutes"},"schema":{"@context":"https:\/\/schema.org","@graph":[{"@type":"Article","@id":"https:\/\/lasentinelle.dz\/index.php\/2026\/01\/28\/cinematheque-le-mondial-a-tizi-ouzou-des-ateliers-de-formation-pour-la-nouvelle-generation-de-cineastes\/#article","isPartOf":{"@id":"https:\/\/lasentinelle.dz\/index.php\/2026\/01\/28\/cinematheque-le-mondial-a-tizi-ouzou-des-ateliers-de-formation-pour-la-nouvelle-generation-de-cineastes\/"},"author":{"name":"admin","@id":"https:\/\/lasentinelle.dz\/#\/schema\/person\/729ee0024f24e0b8c5ec17232f8e8b41"},"headline":"Cin\u00e9math\u00e8que \u00ab\u00a0Le Mondial\u00a0\u00bb\u00a0\u00e0\u00a0Tizi-Ouzou\u00a0: Des ateliers de formation pour la\u00a0nouvelle g\u00e9n\u00e9ration de cin\u00e9astes","datePublished":"2026-01-28T11:56:43+00:00","dateModified":"2026-01-28T11:56:44+00:00","mainEntityOfPage":{"@id":"https:\/\/lasentinelle.dz\/index.php\/2026\/01\/28\/cinematheque-le-mondial-a-tizi-ouzou-des-ateliers-de-formation-pour-la-nouvelle-generation-de-cineastes\/"},"wordCount":595,"commentCount":0,"publisher":{"@id":"https:\/\/lasentinelle.dz\/#organization"},"image":{"@id":"https:\/\/lasentinelle.dz\/index.php\/2026\/01\/28\/cinematheque-le-mondial-a-tizi-ouzou-des-ateliers-de-formation-pour-la-nouvelle-generation-de-cineastes\/#primaryimage"},"thumbnailUrl":"https:\/\/lasentinelle.dz\/wp-content\/uploads\/2021\/09\/tournage.jpeg","articleSection":["Culture"],"inLanguage":"fr-FR","potentialAction":[{"@type":"CommentAction","name":"Comment","target":["https:\/\/lasentinelle.dz\/index.php\/2026\/01\/28\/cinematheque-le-mondial-a-tizi-ouzou-des-ateliers-de-formation-pour-la-nouvelle-generation-de-cineastes\/#respond"]}]},{"@type":"WebPage","@id":"https:\/\/lasentinelle.dz\/index.php\/2026\/01\/28\/cinematheque-le-mondial-a-tizi-ouzou-des-ateliers-de-formation-pour-la-nouvelle-generation-de-cineastes\/","url":"https:\/\/lasentinelle.dz\/index.php\/2026\/01\/28\/cinematheque-le-mondial-a-tizi-ouzou-des-ateliers-de-formation-pour-la-nouvelle-generation-de-cineastes\/","name":"Cin\u00e9math\u00e8que \u00ab\u00a0Le Mondial\u00a0\u00bb\u00a0\u00e0\u00a0Tizi-Ouzou\u00a0: Des ateliers de formation pour la\u00a0nouvelle g\u00e9n\u00e9ration de cin\u00e9astes - La Sentinelle","isPartOf":{"@id":"https:\/\/lasentinelle.dz\/#website"},"primaryImageOfPage":{"@id":"https:\/\/lasentinelle.dz\/index.php\/2026\/01\/28\/cinematheque-le-mondial-a-tizi-ouzou-des-ateliers-de-formation-pour-la-nouvelle-generation-de-cineastes\/#primaryimage"},"image":{"@id":"https:\/\/lasentinelle.dz\/index.php\/2026\/01\/28\/cinematheque-le-mondial-a-tizi-ouzou-des-ateliers-de-formation-pour-la-nouvelle-generation-de-cineastes\/#primaryimage"},"thumbnailUrl":"https:\/\/lasentinelle.dz\/wp-content\/uploads\/2021\/09\/tournage.jpeg","datePublished":"2026-01-28T11:56:43+00:00","dateModified":"2026-01-28T11:56:44+00:00","breadcrumb":{"@id":"https:\/\/lasentinelle.dz\/index.php\/2026\/01\/28\/cinematheque-le-mondial-a-tizi-ouzou-des-ateliers-de-formation-pour-la-nouvelle-generation-de-cineastes\/#breadcrumb"},"inLanguage":"fr-FR","potentialAction":[{"@type":"ReadAction","target":["https:\/\/lasentinelle.dz\/index.php\/2026\/01\/28\/cinematheque-le-mondial-a-tizi-ouzou-des-ateliers-de-formation-pour-la-nouvelle-generation-de-cineastes\/"]}]},{"@type":"ImageObject","inLanguage":"fr-FR","@id":"https:\/\/lasentinelle.dz\/index.php\/2026\/01\/28\/cinematheque-le-mondial-a-tizi-ouzou-des-ateliers-de-formation-pour-la-nouvelle-generation-de-cineastes\/#primaryimage","url":"https:\/\/lasentinelle.dz\/wp-content\/uploads\/2021\/09\/tournage.jpeg","contentUrl":"https:\/\/lasentinelle.dz\/wp-content\/uploads\/2021\/09\/tournage.jpeg","width":580,"height":350},{"@type":"BreadcrumbList","@id":"https:\/\/lasentinelle.dz\/index.php\/2026\/01\/28\/cinematheque-le-mondial-a-tizi-ouzou-des-ateliers-de-formation-pour-la-nouvelle-generation-de-cineastes\/#breadcrumb","itemListElement":[{"@type":"ListItem","position":1,"name":"Accueil","item":"https:\/\/lasentinelle.dz\/"},{"@type":"ListItem","position":2,"name":"Cin\u00e9math\u00e8que \u00ab\u00a0Le Mondial\u00a0\u00bb\u00a0\u00e0\u00a0Tizi-Ouzou\u00a0: Des ateliers de formation pour la\u00a0nouvelle g\u00e9n\u00e9ration de cin\u00e9astes"}]},{"@type":"WebSite","@id":"https:\/\/lasentinelle.dz\/#website","url":"https:\/\/lasentinelle.dz\/","name":"La Sentinelle","description":"Quotidien national d&#039;information","publisher":{"@id":"https:\/\/lasentinelle.dz\/#organization"},"potentialAction":[{"@type":"SearchAction","target":{"@type":"EntryPoint","urlTemplate":"https:\/\/lasentinelle.dz\/?s={search_term_string}"},"query-input":{"@type":"PropertyValueSpecification","valueRequired":true,"valueName":"search_term_string"}}],"inLanguage":"fr-FR"},{"@type":"Organization","@id":"https:\/\/lasentinelle.dz\/#organization","name":"Quotidien La Sentinelle","url":"https:\/\/lasentinelle.dz\/","logo":{"@type":"ImageObject","inLanguage":"fr-FR","@id":"https:\/\/lasentinelle.dz\/#\/schema\/logo\/image\/","url":"https:\/\/lasentinelle.dz\/wp-content\/uploads\/2021\/09\/logo-sentinelleSLOGAN-1.png","contentUrl":"https:\/\/lasentinelle.dz\/wp-content\/uploads\/2021\/09\/logo-sentinelleSLOGAN-1.png","width":615,"height":142,"caption":"Quotidien La Sentinelle"},"image":{"@id":"https:\/\/lasentinelle.dz\/#\/schema\/logo\/image\/"},"sameAs":["https:\/\/www.facebook.com\/La-Sentinelle-104059864394773"]},{"@type":"Person","@id":"https:\/\/lasentinelle.dz\/#\/schema\/person\/729ee0024f24e0b8c5ec17232f8e8b41","name":"admin","image":{"@type":"ImageObject","inLanguage":"fr-FR","@id":"https:\/\/secure.gravatar.com\/avatar\/4c81fed838786e9b53f540bf46533e750f5d292099ae3b66cfc6fb1982e29df7?s=96&d=mm&r=g","url":"https:\/\/secure.gravatar.com\/avatar\/4c81fed838786e9b53f540bf46533e750f5d292099ae3b66cfc6fb1982e29df7?s=96&d=mm&r=g","contentUrl":"https:\/\/secure.gravatar.com\/avatar\/4c81fed838786e9b53f540bf46533e750f5d292099ae3b66cfc6fb1982e29df7?s=96&d=mm&r=g","caption":"admin"},"description":"admin","url":"https:\/\/lasentinelle.dz\/author\/admin\/"}]}},"_links":{"self":[{"href":"https:\/\/lasentinelle.dz\/index.php\/wp-json\/wp\/v2\/posts\/80210","targetHints":{"allow":["GET"]}}],"collection":[{"href":"https:\/\/lasentinelle.dz\/index.php\/wp-json\/wp\/v2\/posts"}],"about":[{"href":"https:\/\/lasentinelle.dz\/index.php\/wp-json\/wp\/v2\/types\/post"}],"author":[{"embeddable":true,"href":"https:\/\/lasentinelle.dz\/index.php\/wp-json\/wp\/v2\/users\/6"}],"replies":[{"embeddable":true,"href":"https:\/\/lasentinelle.dz\/index.php\/wp-json\/wp\/v2\/comments?post=80210"}],"version-history":[{"count":2,"href":"https:\/\/lasentinelle.dz\/index.php\/wp-json\/wp\/v2\/posts\/80210\/revisions"}],"predecessor-version":[{"id":80212,"href":"https:\/\/lasentinelle.dz\/index.php\/wp-json\/wp\/v2\/posts\/80210\/revisions\/80212"}],"wp:featuredmedia":[{"embeddable":true,"href":"https:\/\/lasentinelle.dz\/index.php\/wp-json\/wp\/v2\/media\/6223"}],"wp:attachment":[{"href":"https:\/\/lasentinelle.dz\/index.php\/wp-json\/wp\/v2\/media?parent=80210"}],"wp:term":[{"taxonomy":"category","embeddable":true,"href":"https:\/\/lasentinelle.dz\/index.php\/wp-json\/wp\/v2\/categories?post=80210"},{"taxonomy":"post_tag","embeddable":true,"href":"https:\/\/lasentinelle.dz\/index.php\/wp-json\/wp\/v2\/tags?post=80210"}],"curies":[{"name":"wp","href":"https:\/\/api.w.org\/{rel}","templated":true}]}}