{"id":80220,"date":"2026-01-28T13:00:41","date_gmt":"2026-01-28T12:00:41","guid":{"rendered":"https:\/\/lasentinelle.dz\/?p=80220"},"modified":"2026-01-28T13:00:42","modified_gmt":"2026-01-28T12:00:42","slug":"face-a-linitiative-trumpienne-de-creation-dun-conseil-de-la-paix-guterres-defend-la-primaute-du-conseil-de-securite","status":"publish","type":"post","link":"https:\/\/lasentinelle.dz\/index.php\/2026\/01\/28\/face-a-linitiative-trumpienne-de-creation-dun-conseil-de-la-paix-guterres-defend-la-primaute-du-conseil-de-securite\/","title":{"rendered":"Face \u00e0 l\u2019initiative trumpienne de cr\u00e9ation d\u2019un Conseil de la paix\u00a0:\u00a0Guterres d\u00e9fend la primaut\u00e9 du Conseil de s\u00e9curit\u00e9\u00a0"},"content":{"rendered":"\n<p>Le Secr\u00e9taire g\u00e9n\u00e9ral des Nations unies, Antonio Guterres, a r\u00e9affirm\u00e9 lundi avec force la primaut\u00e9 exclusive du Conseil de s\u00e9curit\u00e9 en mati\u00e8re de paix et de s\u00e9curit\u00e9 internationales, lors d&rsquo;un d\u00e9bat public de haut niveau organis\u00e9 au si\u00e8ge de l&rsquo;organisation \u00e0 New York. Une d\u00e9claration qui intervient dans un contexte marqu\u00e9 par la multiplication d&rsquo;initiatives parall\u00e8les et la proposition am\u00e9ricaine de cr\u00e9ation d&rsquo;un Conseil de la paix qui tend \u00e0 concurrencer directement l&rsquo;architecture onusienne traditionnelle.&nbsp;\u00ab\u00a0\u00c0 une \u00e9poque o\u00f9 les initiatives se multiplient, le Conseil de s\u00e9curit\u00e9 des Nations unies reste le seul \u00e0 disposer du pouvoir conf\u00e9r\u00e9 par la Charte de l&rsquo;ONU d&rsquo;agir au nom de tous les \u00c9tats membres sur les questions de paix et de s\u00e9curit\u00e9\u00a0\u00bb, a affirm\u00e9 le chef de l&rsquo;organisation mondiale devant l&rsquo;assembl\u00e9e r\u00e9unie sous l&rsquo;intitul\u00e9 \u00ab\u00a0R\u00e9affirmer la primaut\u00e9 du droit international : voies pour relancer la paix, la justice et le multilat\u00e9ralisme\u00a0\u00bb.&nbsp;&nbsp;Antonio Guterres a insist\u00e9 sur le caract\u00e8re contraignant et universel des d\u00e9cisions \u00e9manant du Conseil de s\u00e9curit\u00e9, seul organe habilit\u00e9 \u00e0 adopter des r\u00e9solutions s&rsquo;imposant juridiquement \u00e0 l&rsquo;ensemble des \u00c9tats membres des Nations unies. \u00ab\u00a0Le Conseil de s\u00e9curit\u00e9 est le seul \u00e0 adopter des d\u00e9cisions contraignantes pour tous. Aucun autre organe ou coalition ne peut l\u00e9galement exiger de tous les \u00c9tats qu&rsquo;ils se conforment \u00e0 des d\u00e9cisions li\u00e9es \u00e0 la paix et \u00e0 la s\u00e9curit\u00e9\u00a0\u00bb, a-t-il martel\u00e9, rappelant ainsi les fondements du droit international tel qu&rsquo;\u00e9tabli en 1945. Le Secr\u00e9taire g\u00e9n\u00e9ral a \u00e9galement soulign\u00e9 que seul le Conseil de s\u00e9curit\u00e9 peut autoriser le recours \u00e0 la force en vertu du droit international, comme le pr\u00e9voit explicitement la Charte des Nations unies, principe cardinal du syst\u00e8me de s\u00e9curit\u00e9 collective mis en place apr\u00e8s le conflit mondial.<\/p>\n\n\n\n<p>Cette intervention intervient alors que les \u00c9tats-Unis ont propos\u00e9 la cr\u00e9ation d&rsquo;un Conseil de la paix, initialement con\u00e7u pour superviser la reconstruction de Ghaza, mais d\u00e9sormais envisag\u00e9 comme une organisation internationale permanente charg\u00e9e&nbsp;\u00ab&nbsp;d&rsquo;assurer la paix mondiale&nbsp;\u00bb&nbsp;selon des r\u00e8gles qui rompent avec la diplomatie traditionnelle et le cadre onusien. Ce projet, qui place&nbsp;Donald Trump \u00e0 sa pr\u00e9sidence avec des pouvoirs quasi illimit\u00e9s, a suscit\u00e9 de vives controverses au sein de la communaut\u00e9 internationale, certains \u00c9tats y voyant une tentative de contourner le multilat\u00e9ralisme incarn\u00e9 par l&rsquo;ONU.<\/p>\n\n\n\n<p><strong>R\u00e9former le Conseil de s\u00e9curit\u00e9<\/strong><\/p>\n\n\n\n<p>Tout en d\u00e9fendant la l\u00e9gitimit\u00e9 unique du Conseil de s\u00e9curit\u00e9, Antonio Guterres n&rsquo;a pas \u00e9lud\u00e9 la n\u00e9cessit\u00e9 d&rsquo;une \u00e9volution de cette institution. Le chef de l&rsquo;ONU a estim\u00e9 qu&rsquo;une r\u00e9forme du Conseil de s\u00e9curit\u00e9 \u00e9tait devenue essentielle, appelant \u00e0 agir sans d\u00e9lai pour renforcer la repr\u00e9sentativit\u00e9 et l&rsquo;efficacit\u00e9 de cet organe.&nbsp;&nbsp;Dans sa d\u00e9claration, Antonio Guterres a encourag\u00e9 l&rsquo;ensemble des \u00c9tats membres \u00e0 renouveler leur engagement en faveur du droit international, les invitant \u00e0 \u00eatre \u00e0 la hauteur des promesses et des obligations \u00e9nonc\u00e9es dans la Charte des Nations unies. Cet appel prend une r\u00e9sonance particuli\u00e8re dans un contexte international troubl\u00e9, marqu\u00e9 par la multiplication des conflits, l&rsquo;affaiblissement du multilat\u00e9ralisme et la tentation de certaines puissances de privil\u00e9gier des cadres alternatifs jug\u00e9s plus conformes \u00e0 leurs int\u00e9r\u00eats nationaux. La d\u00e9fense par le Secr\u00e9taire g\u00e9n\u00e9ral du r\u00f4le central du Conseil de s\u00e9curit\u00e9 constitue ainsi un plaidoyer pour le maintien d&rsquo;un ordre international fond\u00e9 sur le droit et les institutions communes, face aux vell\u00e9it\u00e9s de fragmentation de l&rsquo;architecture de s\u00e9curit\u00e9 mondiale h\u00e9rit\u00e9e de 1945.<\/p>\n\n\n\n<p>L.S.<\/p>\n","protected":false},"excerpt":{"rendered":"<p>Le Secr\u00e9taire g\u00e9n\u00e9ral des Nations unies, Antonio Guterres, a r\u00e9affirm\u00e9 lundi avec force la primaut\u00e9 exclusive du Conseil de s\u00e9curit\u00e9<\/p>\n","protected":false},"author":6,"featured_media":25320,"comment_status":"open","ping_status":"closed","sticky":false,"template":"","format":"standard","meta":{"colormag_page_container_layout":"default_layout","colormag_page_sidebar_layout":"default_layout","om_disable_all_campaigns":false,"_monsterinsights_skip_tracking":false,"_monsterinsights_sitenote_active":false,"_monsterinsights_sitenote_note":"","_monsterinsights_sitenote_category":0,"footnotes":"","_wpscppro_dont_share_socialmedia":false,"_wpscppro_custom_social_share_image":0,"_facebook_share_type":"default","_twitter_share_type":"default","_linkedin_share_type":"default","_pinterest_share_type":"default","_linkedin_share_type_page":"","_instagram_share_type":"default","_medium_share_type":"default","_threads_share_type":"default","_google_business_share_type":"default","_selected_social_profile":[],"_wpsp_enable_custom_social_template":false,"_wpsp_social_scheduling":{"enabled":false,"datetime":null,"platforms":[],"status":"template_only","dateOption":"today","timeOption":"now","customDays":"","customHours":"","customDate":"","customTime":"","schedulingType":"absolute"},"_wpsp_active_default_template":true},"categories":[37],"tags":[],"class_list":["post-80220","post","type-post","status-publish","format-standard","has-post-thumbnail","hentry","category-monde"],"aioseo_notices":[],"yoast_head":"<!-- This site is optimized with the Yoast SEO plugin v27.5 - https:\/\/yoast.com\/product\/yoast-seo-wordpress\/ -->\n<title>Face \u00e0 l\u2019initiative trumpienne de cr\u00e9ation d\u2019un Conseil de la paix\u00a0:\u00a0Guterres d\u00e9fend la primaut\u00e9 du Conseil de s\u00e9curit\u00e9\u00a0 - La Sentinelle<\/title>\n<meta name=\"robots\" content=\"index, follow, max-snippet:-1, max-image-preview:large, max-video-preview:-1\" \/>\n<link rel=\"canonical\" href=\"https:\/\/lasentinelle.dz\/index.php\/2026\/01\/28\/face-a-linitiative-trumpienne-de-creation-dun-conseil-de-la-paix-guterres-defend-la-primaute-du-conseil-de-securite\/\" \/>\n<meta property=\"og:locale\" content=\"fr_FR\" \/>\n<meta property=\"og:type\" content=\"article\" \/>\n<meta property=\"og:title\" content=\"Face \u00e0 l\u2019initiative trumpienne de cr\u00e9ation d\u2019un Conseil de la paix\u00a0:\u00a0Guterres d\u00e9fend la primaut\u00e9 du Conseil de s\u00e9curit\u00e9\u00a0 - La Sentinelle\" \/>\n<meta property=\"og:description\" content=\"Le Secr\u00e9taire g\u00e9n\u00e9ral des Nations unies, Antonio Guterres, a r\u00e9affirm\u00e9 lundi avec force la primaut\u00e9 exclusive du Conseil de s\u00e9curit\u00e9\" \/>\n<meta property=\"og:url\" content=\"https:\/\/lasentinelle.dz\/index.php\/2026\/01\/28\/face-a-linitiative-trumpienne-de-creation-dun-conseil-de-la-paix-guterres-defend-la-primaute-du-conseil-de-securite\/\" \/>\n<meta property=\"og:site_name\" content=\"La Sentinelle\" \/>\n<meta property=\"article:publisher\" content=\"https:\/\/www.facebook.com\/La-Sentinelle-104059864394773\" \/>\n<meta property=\"article:published_time\" content=\"2026-01-28T12:00:41+00:00\" \/>\n<meta property=\"article:modified_time\" content=\"2026-01-28T12:00:42+00:00\" \/>\n<meta property=\"og:image\" content=\"https:\/\/lasentinelle.dz\/wp-content\/uploads\/2022\/08\/chalenges-tn-Antonio-Guterres-le-neuvieme-Secretaire-general-de-l-Organisation-des-Nations-Unies-696x403-1.jpg\" \/>\n\t<meta property=\"og:image:width\" content=\"696\" \/>\n\t<meta property=\"og:image:height\" content=\"403\" \/>\n\t<meta property=\"og:image:type\" content=\"image\/jpeg\" \/>\n<meta name=\"author\" content=\"admin\" \/>\n<meta name=\"twitter:card\" content=\"summary_large_image\" \/>\n<meta name=\"twitter:label1\" content=\"\u00c9crit par\" \/>\n\t<meta name=\"twitter:data1\" content=\"admin\" \/>\n\t<meta name=\"twitter:label2\" content=\"Dur\u00e9e de lecture estim\u00e9e\" \/>\n\t<meta name=\"twitter:data2\" content=\"4 minutes\" \/>\n<script type=\"application\/ld+json\" class=\"yoast-schema-graph\">{\"@context\":\"https:\\\/\\\/schema.org\",\"@graph\":[{\"@type\":\"Article\",\"@id\":\"https:\\\/\\\/lasentinelle.dz\\\/index.php\\\/2026\\\/01\\\/28\\\/face-a-linitiative-trumpienne-de-creation-dun-conseil-de-la-paix-guterres-defend-la-primaute-du-conseil-de-securite\\\/#article\",\"isPartOf\":{\"@id\":\"https:\\\/\\\/lasentinelle.dz\\\/index.php\\\/2026\\\/01\\\/28\\\/face-a-linitiative-trumpienne-de-creation-dun-conseil-de-la-paix-guterres-defend-la-primaute-du-conseil-de-securite\\\/\"},\"author\":{\"name\":\"admin\",\"@id\":\"https:\\\/\\\/lasentinelle.dz\\\/#\\\/schema\\\/person\\\/729ee0024f24e0b8c5ec17232f8e8b41\"},\"headline\":\"Face \u00e0 l\u2019initiative trumpienne de cr\u00e9ation d\u2019un Conseil de la paix\u00a0:\u00a0Guterres d\u00e9fend la primaut\u00e9 du Conseil de s\u00e9curit\u00e9\u00a0\",\"datePublished\":\"2026-01-28T12:00:41+00:00\",\"dateModified\":\"2026-01-28T12:00:42+00:00\",\"mainEntityOfPage\":{\"@id\":\"https:\\\/\\\/lasentinelle.dz\\\/index.php\\\/2026\\\/01\\\/28\\\/face-a-linitiative-trumpienne-de-creation-dun-conseil-de-la-paix-guterres-defend-la-primaute-du-conseil-de-securite\\\/\"},\"wordCount\":665,\"commentCount\":0,\"publisher\":{\"@id\":\"https:\\\/\\\/lasentinelle.dz\\\/#organization\"},\"image\":{\"@id\":\"https:\\\/\\\/lasentinelle.dz\\\/index.php\\\/2026\\\/01\\\/28\\\/face-a-linitiative-trumpienne-de-creation-dun-conseil-de-la-paix-guterres-defend-la-primaute-du-conseil-de-securite\\\/#primaryimage\"},\"thumbnailUrl\":\"https:\\\/\\\/lasentinelle.dz\\\/wp-content\\\/uploads\\\/2022\\\/08\\\/chalenges-tn-Antonio-Guterres-le-neuvieme-Secretaire-general-de-l-Organisation-des-Nations-Unies-696x403-1.jpg\",\"articleSection\":[\"Monde\"],\"inLanguage\":\"fr-FR\",\"potentialAction\":[{\"@type\":\"CommentAction\",\"name\":\"Comment\",\"target\":[\"https:\\\/\\\/lasentinelle.dz\\\/index.php\\\/2026\\\/01\\\/28\\\/face-a-linitiative-trumpienne-de-creation-dun-conseil-de-la-paix-guterres-defend-la-primaute-du-conseil-de-securite\\\/#respond\"]}]},{\"@type\":\"WebPage\",\"@id\":\"https:\\\/\\\/lasentinelle.dz\\\/index.php\\\/2026\\\/01\\\/28\\\/face-a-linitiative-trumpienne-de-creation-dun-conseil-de-la-paix-guterres-defend-la-primaute-du-conseil-de-securite\\\/\",\"url\":\"https:\\\/\\\/lasentinelle.dz\\\/index.php\\\/2026\\\/01\\\/28\\\/face-a-linitiative-trumpienne-de-creation-dun-conseil-de-la-paix-guterres-defend-la-primaute-du-conseil-de-securite\\\/\",\"name\":\"Face \u00e0 l\u2019initiative trumpienne de cr\u00e9ation d\u2019un Conseil de la paix\u00a0:\u00a0Guterres d\u00e9fend la primaut\u00e9 du Conseil de s\u00e9curit\u00e9\u00a0 - La Sentinelle\",\"isPartOf\":{\"@id\":\"https:\\\/\\\/lasentinelle.dz\\\/#website\"},\"primaryImageOfPage\":{\"@id\":\"https:\\\/\\\/lasentinelle.dz\\\/index.php\\\/2026\\\/01\\\/28\\\/face-a-linitiative-trumpienne-de-creation-dun-conseil-de-la-paix-guterres-defend-la-primaute-du-conseil-de-securite\\\/#primaryimage\"},\"image\":{\"@id\":\"https:\\\/\\\/lasentinelle.dz\\\/index.php\\\/2026\\\/01\\\/28\\\/face-a-linitiative-trumpienne-de-creation-dun-conseil-de-la-paix-guterres-defend-la-primaute-du-conseil-de-securite\\\/#primaryimage\"},\"thumbnailUrl\":\"https:\\\/\\\/lasentinelle.dz\\\/wp-content\\\/uploads\\\/2022\\\/08\\\/chalenges-tn-Antonio-Guterres-le-neuvieme-Secretaire-general-de-l-Organisation-des-Nations-Unies-696x403-1.jpg\",\"datePublished\":\"2026-01-28T12:00:41+00:00\",\"dateModified\":\"2026-01-28T12:00:42+00:00\",\"breadcrumb\":{\"@id\":\"https:\\\/\\\/lasentinelle.dz\\\/index.php\\\/2026\\\/01\\\/28\\\/face-a-linitiative-trumpienne-de-creation-dun-conseil-de-la-paix-guterres-defend-la-primaute-du-conseil-de-securite\\\/#breadcrumb\"},\"inLanguage\":\"fr-FR\",\"potentialAction\":[{\"@type\":\"ReadAction\",\"target\":[\"https:\\\/\\\/lasentinelle.dz\\\/index.php\\\/2026\\\/01\\\/28\\\/face-a-linitiative-trumpienne-de-creation-dun-conseil-de-la-paix-guterres-defend-la-primaute-du-conseil-de-securite\\\/\"]}]},{\"@type\":\"ImageObject\",\"inLanguage\":\"fr-FR\",\"@id\":\"https:\\\/\\\/lasentinelle.dz\\\/index.php\\\/2026\\\/01\\\/28\\\/face-a-linitiative-trumpienne-de-creation-dun-conseil-de-la-paix-guterres-defend-la-primaute-du-conseil-de-securite\\\/#primaryimage\",\"url\":\"https:\\\/\\\/lasentinelle.dz\\\/wp-content\\\/uploads\\\/2022\\\/08\\\/chalenges-tn-Antonio-Guterres-le-neuvieme-Secretaire-general-de-l-Organisation-des-Nations-Unies-696x403-1.jpg\",\"contentUrl\":\"https:\\\/\\\/lasentinelle.dz\\\/wp-content\\\/uploads\\\/2022\\\/08\\\/chalenges-tn-Antonio-Guterres-le-neuvieme-Secretaire-general-de-l-Organisation-des-Nations-Unies-696x403-1.jpg\",\"width\":696,\"height\":403},{\"@type\":\"BreadcrumbList\",\"@id\":\"https:\\\/\\\/lasentinelle.dz\\\/index.php\\\/2026\\\/01\\\/28\\\/face-a-linitiative-trumpienne-de-creation-dun-conseil-de-la-paix-guterres-defend-la-primaute-du-conseil-de-securite\\\/#breadcrumb\",\"itemListElement\":[{\"@type\":\"ListItem\",\"position\":1,\"name\":\"Accueil\",\"item\":\"https:\\\/\\\/lasentinelle.dz\\\/\"},{\"@type\":\"ListItem\",\"position\":2,\"name\":\"Face \u00e0 l\u2019initiative trumpienne de cr\u00e9ation d\u2019un Conseil de la paix\u00a0:\u00a0Guterres d\u00e9fend la primaut\u00e9 du Conseil de s\u00e9curit\u00e9\u00a0\"}]},{\"@type\":\"WebSite\",\"@id\":\"https:\\\/\\\/lasentinelle.dz\\\/#website\",\"url\":\"https:\\\/\\\/lasentinelle.dz\\\/\",\"name\":\"La Sentinelle\",\"description\":\"Quotidien national d&#039;information\",\"publisher\":{\"@id\":\"https:\\\/\\\/lasentinelle.dz\\\/#organization\"},\"potentialAction\":[{\"@type\":\"SearchAction\",\"target\":{\"@type\":\"EntryPoint\",\"urlTemplate\":\"https:\\\/\\\/lasentinelle.dz\\\/?s={search_term_string}\"},\"query-input\":{\"@type\":\"PropertyValueSpecification\",\"valueRequired\":true,\"valueName\":\"search_term_string\"}}],\"inLanguage\":\"fr-FR\"},{\"@type\":\"Organization\",\"@id\":\"https:\\\/\\\/lasentinelle.dz\\\/#organization\",\"name\":\"Quotidien La Sentinelle\",\"url\":\"https:\\\/\\\/lasentinelle.dz\\\/\",\"logo\":{\"@type\":\"ImageObject\",\"inLanguage\":\"fr-FR\",\"@id\":\"https:\\\/\\\/lasentinelle.dz\\\/#\\\/schema\\\/logo\\\/image\\\/\",\"url\":\"https:\\\/\\\/lasentinelle.dz\\\/wp-content\\\/uploads\\\/2021\\\/09\\\/logo-sentinelleSLOGAN-1.png\",\"contentUrl\":\"https:\\\/\\\/lasentinelle.dz\\\/wp-content\\\/uploads\\\/2021\\\/09\\\/logo-sentinelleSLOGAN-1.png\",\"width\":615,\"height\":142,\"caption\":\"Quotidien La Sentinelle\"},\"image\":{\"@id\":\"https:\\\/\\\/lasentinelle.dz\\\/#\\\/schema\\\/logo\\\/image\\\/\"},\"sameAs\":[\"https:\\\/\\\/www.facebook.com\\\/La-Sentinelle-104059864394773\"]},{\"@type\":\"Person\",\"@id\":\"https:\\\/\\\/lasentinelle.dz\\\/#\\\/schema\\\/person\\\/729ee0024f24e0b8c5ec17232f8e8b41\",\"name\":\"admin\",\"image\":{\"@type\":\"ImageObject\",\"inLanguage\":\"fr-FR\",\"@id\":\"https:\\\/\\\/secure.gravatar.com\\\/avatar\\\/4c81fed838786e9b53f540bf46533e750f5d292099ae3b66cfc6fb1982e29df7?s=96&d=mm&r=g\",\"url\":\"https:\\\/\\\/secure.gravatar.com\\\/avatar\\\/4c81fed838786e9b53f540bf46533e750f5d292099ae3b66cfc6fb1982e29df7?s=96&d=mm&r=g\",\"contentUrl\":\"https:\\\/\\\/secure.gravatar.com\\\/avatar\\\/4c81fed838786e9b53f540bf46533e750f5d292099ae3b66cfc6fb1982e29df7?s=96&d=mm&r=g\",\"caption\":\"admin\"},\"description\":\"admin\",\"url\":\"https:\\\/\\\/lasentinelle.dz\\\/author\\\/admin\\\/\"}]}<\/script>\n<!-- \/ Yoast SEO plugin. -->","yoast_head_json":{"title":"Face \u00e0 l\u2019initiative trumpienne de cr\u00e9ation d\u2019un Conseil de la paix\u00a0:\u00a0Guterres d\u00e9fend la primaut\u00e9 du Conseil de s\u00e9curit\u00e9\u00a0 - La Sentinelle","robots":{"index":"index","follow":"follow","max-snippet":"max-snippet:-1","max-image-preview":"max-image-preview:large","max-video-preview":"max-video-preview:-1"},"canonical":"https:\/\/lasentinelle.dz\/index.php\/2026\/01\/28\/face-a-linitiative-trumpienne-de-creation-dun-conseil-de-la-paix-guterres-defend-la-primaute-du-conseil-de-securite\/","og_locale":"fr_FR","og_type":"article","og_title":"Face \u00e0 l\u2019initiative trumpienne de cr\u00e9ation d\u2019un Conseil de la paix\u00a0:\u00a0Guterres d\u00e9fend la primaut\u00e9 du Conseil de s\u00e9curit\u00e9\u00a0 - La Sentinelle","og_description":"Le Secr\u00e9taire g\u00e9n\u00e9ral des Nations unies, Antonio Guterres, a r\u00e9affirm\u00e9 lundi avec force la primaut\u00e9 exclusive du Conseil de s\u00e9curit\u00e9","og_url":"https:\/\/lasentinelle.dz\/index.php\/2026\/01\/28\/face-a-linitiative-trumpienne-de-creation-dun-conseil-de-la-paix-guterres-defend-la-primaute-du-conseil-de-securite\/","og_site_name":"La Sentinelle","article_publisher":"https:\/\/www.facebook.com\/La-Sentinelle-104059864394773","article_published_time":"2026-01-28T12:00:41+00:00","article_modified_time":"2026-01-28T12:00:42+00:00","og_image":[{"width":696,"height":403,"url":"https:\/\/lasentinelle.dz\/wp-content\/uploads\/2022\/08\/chalenges-tn-Antonio-Guterres-le-neuvieme-Secretaire-general-de-l-Organisation-des-Nations-Unies-696x403-1.jpg","type":"image\/jpeg"}],"author":"admin","twitter_card":"summary_large_image","twitter_misc":{"\u00c9crit par":"admin","Dur\u00e9e de lecture estim\u00e9e":"4 minutes"},"schema":{"@context":"https:\/\/schema.org","@graph":[{"@type":"Article","@id":"https:\/\/lasentinelle.dz\/index.php\/2026\/01\/28\/face-a-linitiative-trumpienne-de-creation-dun-conseil-de-la-paix-guterres-defend-la-primaute-du-conseil-de-securite\/#article","isPartOf":{"@id":"https:\/\/lasentinelle.dz\/index.php\/2026\/01\/28\/face-a-linitiative-trumpienne-de-creation-dun-conseil-de-la-paix-guterres-defend-la-primaute-du-conseil-de-securite\/"},"author":{"name":"admin","@id":"https:\/\/lasentinelle.dz\/#\/schema\/person\/729ee0024f24e0b8c5ec17232f8e8b41"},"headline":"Face \u00e0 l\u2019initiative trumpienne de cr\u00e9ation d\u2019un Conseil de la paix\u00a0:\u00a0Guterres d\u00e9fend la primaut\u00e9 du Conseil de s\u00e9curit\u00e9\u00a0","datePublished":"2026-01-28T12:00:41+00:00","dateModified":"2026-01-28T12:00:42+00:00","mainEntityOfPage":{"@id":"https:\/\/lasentinelle.dz\/index.php\/2026\/01\/28\/face-a-linitiative-trumpienne-de-creation-dun-conseil-de-la-paix-guterres-defend-la-primaute-du-conseil-de-securite\/"},"wordCount":665,"commentCount":0,"publisher":{"@id":"https:\/\/lasentinelle.dz\/#organization"},"image":{"@id":"https:\/\/lasentinelle.dz\/index.php\/2026\/01\/28\/face-a-linitiative-trumpienne-de-creation-dun-conseil-de-la-paix-guterres-defend-la-primaute-du-conseil-de-securite\/#primaryimage"},"thumbnailUrl":"https:\/\/lasentinelle.dz\/wp-content\/uploads\/2022\/08\/chalenges-tn-Antonio-Guterres-le-neuvieme-Secretaire-general-de-l-Organisation-des-Nations-Unies-696x403-1.jpg","articleSection":["Monde"],"inLanguage":"fr-FR","potentialAction":[{"@type":"CommentAction","name":"Comment","target":["https:\/\/lasentinelle.dz\/index.php\/2026\/01\/28\/face-a-linitiative-trumpienne-de-creation-dun-conseil-de-la-paix-guterres-defend-la-primaute-du-conseil-de-securite\/#respond"]}]},{"@type":"WebPage","@id":"https:\/\/lasentinelle.dz\/index.php\/2026\/01\/28\/face-a-linitiative-trumpienne-de-creation-dun-conseil-de-la-paix-guterres-defend-la-primaute-du-conseil-de-securite\/","url":"https:\/\/lasentinelle.dz\/index.php\/2026\/01\/28\/face-a-linitiative-trumpienne-de-creation-dun-conseil-de-la-paix-guterres-defend-la-primaute-du-conseil-de-securite\/","name":"Face \u00e0 l\u2019initiative trumpienne de cr\u00e9ation d\u2019un Conseil de la paix\u00a0:\u00a0Guterres d\u00e9fend la primaut\u00e9 du Conseil de s\u00e9curit\u00e9\u00a0 - La Sentinelle","isPartOf":{"@id":"https:\/\/lasentinelle.dz\/#website"},"primaryImageOfPage":{"@id":"https:\/\/lasentinelle.dz\/index.php\/2026\/01\/28\/face-a-linitiative-trumpienne-de-creation-dun-conseil-de-la-paix-guterres-defend-la-primaute-du-conseil-de-securite\/#primaryimage"},"image":{"@id":"https:\/\/lasentinelle.dz\/index.php\/2026\/01\/28\/face-a-linitiative-trumpienne-de-creation-dun-conseil-de-la-paix-guterres-defend-la-primaute-du-conseil-de-securite\/#primaryimage"},"thumbnailUrl":"https:\/\/lasentinelle.dz\/wp-content\/uploads\/2022\/08\/chalenges-tn-Antonio-Guterres-le-neuvieme-Secretaire-general-de-l-Organisation-des-Nations-Unies-696x403-1.jpg","datePublished":"2026-01-28T12:00:41+00:00","dateModified":"2026-01-28T12:00:42+00:00","breadcrumb":{"@id":"https:\/\/lasentinelle.dz\/index.php\/2026\/01\/28\/face-a-linitiative-trumpienne-de-creation-dun-conseil-de-la-paix-guterres-defend-la-primaute-du-conseil-de-securite\/#breadcrumb"},"inLanguage":"fr-FR","potentialAction":[{"@type":"ReadAction","target":["https:\/\/lasentinelle.dz\/index.php\/2026\/01\/28\/face-a-linitiative-trumpienne-de-creation-dun-conseil-de-la-paix-guterres-defend-la-primaute-du-conseil-de-securite\/"]}]},{"@type":"ImageObject","inLanguage":"fr-FR","@id":"https:\/\/lasentinelle.dz\/index.php\/2026\/01\/28\/face-a-linitiative-trumpienne-de-creation-dun-conseil-de-la-paix-guterres-defend-la-primaute-du-conseil-de-securite\/#primaryimage","url":"https:\/\/lasentinelle.dz\/wp-content\/uploads\/2022\/08\/chalenges-tn-Antonio-Guterres-le-neuvieme-Secretaire-general-de-l-Organisation-des-Nations-Unies-696x403-1.jpg","contentUrl":"https:\/\/lasentinelle.dz\/wp-content\/uploads\/2022\/08\/chalenges-tn-Antonio-Guterres-le-neuvieme-Secretaire-general-de-l-Organisation-des-Nations-Unies-696x403-1.jpg","width":696,"height":403},{"@type":"BreadcrumbList","@id":"https:\/\/lasentinelle.dz\/index.php\/2026\/01\/28\/face-a-linitiative-trumpienne-de-creation-dun-conseil-de-la-paix-guterres-defend-la-primaute-du-conseil-de-securite\/#breadcrumb","itemListElement":[{"@type":"ListItem","position":1,"name":"Accueil","item":"https:\/\/lasentinelle.dz\/"},{"@type":"ListItem","position":2,"name":"Face \u00e0 l\u2019initiative trumpienne de cr\u00e9ation d\u2019un Conseil de la paix\u00a0:\u00a0Guterres d\u00e9fend la primaut\u00e9 du Conseil de s\u00e9curit\u00e9\u00a0"}]},{"@type":"WebSite","@id":"https:\/\/lasentinelle.dz\/#website","url":"https:\/\/lasentinelle.dz\/","name":"La Sentinelle","description":"Quotidien national d&#039;information","publisher":{"@id":"https:\/\/lasentinelle.dz\/#organization"},"potentialAction":[{"@type":"SearchAction","target":{"@type":"EntryPoint","urlTemplate":"https:\/\/lasentinelle.dz\/?s={search_term_string}"},"query-input":{"@type":"PropertyValueSpecification","valueRequired":true,"valueName":"search_term_string"}}],"inLanguage":"fr-FR"},{"@type":"Organization","@id":"https:\/\/lasentinelle.dz\/#organization","name":"Quotidien La Sentinelle","url":"https:\/\/lasentinelle.dz\/","logo":{"@type":"ImageObject","inLanguage":"fr-FR","@id":"https:\/\/lasentinelle.dz\/#\/schema\/logo\/image\/","url":"https:\/\/lasentinelle.dz\/wp-content\/uploads\/2021\/09\/logo-sentinelleSLOGAN-1.png","contentUrl":"https:\/\/lasentinelle.dz\/wp-content\/uploads\/2021\/09\/logo-sentinelleSLOGAN-1.png","width":615,"height":142,"caption":"Quotidien La Sentinelle"},"image":{"@id":"https:\/\/lasentinelle.dz\/#\/schema\/logo\/image\/"},"sameAs":["https:\/\/www.facebook.com\/La-Sentinelle-104059864394773"]},{"@type":"Person","@id":"https:\/\/lasentinelle.dz\/#\/schema\/person\/729ee0024f24e0b8c5ec17232f8e8b41","name":"admin","image":{"@type":"ImageObject","inLanguage":"fr-FR","@id":"https:\/\/secure.gravatar.com\/avatar\/4c81fed838786e9b53f540bf46533e750f5d292099ae3b66cfc6fb1982e29df7?s=96&d=mm&r=g","url":"https:\/\/secure.gravatar.com\/avatar\/4c81fed838786e9b53f540bf46533e750f5d292099ae3b66cfc6fb1982e29df7?s=96&d=mm&r=g","contentUrl":"https:\/\/secure.gravatar.com\/avatar\/4c81fed838786e9b53f540bf46533e750f5d292099ae3b66cfc6fb1982e29df7?s=96&d=mm&r=g","caption":"admin"},"description":"admin","url":"https:\/\/lasentinelle.dz\/author\/admin\/"}]}},"_links":{"self":[{"href":"https:\/\/lasentinelle.dz\/index.php\/wp-json\/wp\/v2\/posts\/80220","targetHints":{"allow":["GET"]}}],"collection":[{"href":"https:\/\/lasentinelle.dz\/index.php\/wp-json\/wp\/v2\/posts"}],"about":[{"href":"https:\/\/lasentinelle.dz\/index.php\/wp-json\/wp\/v2\/types\/post"}],"author":[{"embeddable":true,"href":"https:\/\/lasentinelle.dz\/index.php\/wp-json\/wp\/v2\/users\/6"}],"replies":[{"embeddable":true,"href":"https:\/\/lasentinelle.dz\/index.php\/wp-json\/wp\/v2\/comments?post=80220"}],"version-history":[{"count":1,"href":"https:\/\/lasentinelle.dz\/index.php\/wp-json\/wp\/v2\/posts\/80220\/revisions"}],"predecessor-version":[{"id":80221,"href":"https:\/\/lasentinelle.dz\/index.php\/wp-json\/wp\/v2\/posts\/80220\/revisions\/80221"}],"wp:featuredmedia":[{"embeddable":true,"href":"https:\/\/lasentinelle.dz\/index.php\/wp-json\/wp\/v2\/media\/25320"}],"wp:attachment":[{"href":"https:\/\/lasentinelle.dz\/index.php\/wp-json\/wp\/v2\/media?parent=80220"}],"wp:term":[{"taxonomy":"category","embeddable":true,"href":"https:\/\/lasentinelle.dz\/index.php\/wp-json\/wp\/v2\/categories?post=80220"},{"taxonomy":"post_tag","embeddable":true,"href":"https:\/\/lasentinelle.dz\/index.php\/wp-json\/wp\/v2\/tags?post=80220"}],"curies":[{"name":"wp","href":"https:\/\/api.w.org\/{rel}","templated":true}]}}