{"id":80225,"date":"2026-01-28T13:02:34","date_gmt":"2026-01-28T12:02:34","guid":{"rendered":"https:\/\/lasentinelle.dz\/?p=80225"},"modified":"2026-01-28T13:02:35","modified_gmt":"2026-01-28T12:02:35","slug":"annaba-accueille-le-forum-national-sur-la-securite-de-leau-linnovation-comme-fer-de-lance","status":"publish","type":"post","link":"https:\/\/lasentinelle.dz\/index.php\/2026\/01\/28\/annaba-accueille-le-forum-national-sur-la-securite-de-leau-linnovation-comme-fer-de-lance\/","title":{"rendered":"Annaba accueille le forum national sur la s\u00e9curit\u00e9 de l&rsquo;eau\u00a0:\u00a0L&rsquo;innovation comme fer de lance"},"content":{"rendered":"\n<p>Annaba a accueilli le Forum sur la s\u00e9curit\u00e9 hydrique,&nbsp;consacr\u00e9 \u00e0 la s\u00e9curit\u00e9 de l&rsquo;eau, \u00e0 l&rsquo;agriculture durable et surtout aux m\u00e9canismes innovants pour la promotion de l&rsquo;investissement agricole.&nbsp;Ce forum, organis\u00e9 hier \u00e0 la Maison de la Jeunesse Bouazdia Sa\u00efd, dans la commune agricole de Chorfa, a \u00e9t\u00e9 l&rsquo;occasion pour la direction de l&rsquo;hydraulique de se distinguer par la participation de ses cadres. Ces derniers, prenant part aux travaux de cette rencontre, se sont illustr\u00e9s par la pr\u00e9sentation de leurs exp\u00e9riences dans le domaine. Des exp\u00e9riences qui ont \u00e9t\u00e9 partag\u00e9es avec leurs homologues des autres directions de l&rsquo;hydraulique du pays. Au-del\u00e0, la rencontre a \u00e9galement permis aux participants de la direction de l&rsquo;hydraulique de la wilaya d&rsquo;Annaba d&rsquo;exposer leurs perspectives techniques sur les enjeux li\u00e9s \u00e0 la s\u00e9curit\u00e9&nbsp;hydrique&nbsp;et de proposer des solutions innovantes visant \u00e0 assurer un approvisionnement durable en eau potable, tout en soutenant l&rsquo;investissement agricole, notamment dans un contexte marqu\u00e9 par le changement climatique et la rar\u00e9faction des ressources hydriques.&nbsp;Organis\u00e9 sous l&rsquo;\u00e9gide de la direction de l&rsquo;hydraulique de la wilaya d&rsquo;Annaba, en coordination avec la direction des services agricoles (DSA), et avec la contribution de la commune de Chorfa, le forum s&rsquo;est voulu un espace d&rsquo;\u00e9change et de partage entre les partenaires des secteurs concern\u00e9s par la th\u00e9matique de l&rsquo;\u00e9v\u00e9nement. Ce dernier s&rsquo;est cl\u00f4tur\u00e9 par des recommandations portant essentiellement sur la protection des ressources hydriques via des m\u00e9canismes innovants devant se focaliser, entre autres, sur la gestion de l&rsquo;eau.<\/p>\n\n\n\n<p>Il est \u00e0 noter que la s\u00e9curit\u00e9&nbsp;hydrique&nbsp;constitue un enjeu crucial marqu\u00e9 par des d\u00e9fis de gestion, de pollution et de stress hydrique, bien que des efforts de modernisation soient en cours. Les probl\u00e9matiques principales incluent la v\u00e9tust\u00e9 du r\u00e9seau (fuites), la pollution des eaux souterraines et de surface, et une d\u00e9pendance aux transferts d&rsquo;eau. Il faut rappeler dans ce sens que la wilaya&nbsp;d\u2019Annaba&nbsp;a connu des p\u00e9nuries chroniques, n\u00e9cessitant des interventions d&rsquo;urgence comme la r\u00e9paration de centaines de fuites \u00e0 travers l&rsquo;ensemble du territoire de la wilaya.&nbsp;La mobilisation continue des services de l&rsquo;hydraulique&nbsp;a permis, durant des ann\u00e9es,d\u2019att\u00e9nuer la crise de l&rsquo;eau qui a caract\u00e9ris\u00e9 Annaba, gr\u00e2ce \u00e0 une gestion tr\u00e8s rationnelle, notamment en p\u00e9riode de grandes chaleurs. Une rationalisation qui, bien qu&rsquo;ayant suscit\u00e9 le m\u00e9contentement des citoyens, a toutefois permis une alimentation \u00e9quitable en eau potable pour les habitants de la wilaya. Une alimentation devenue r\u00e9guli\u00e8re depuis quelques mois, apr\u00e8s la mise en service de la station de dessalement et de transfert d&rsquo;eau de Koudiet Eddraouch, dans la commune de Berrihane (El Tarf). Un projet r\u00e9alis\u00e9, \u00e0 l&rsquo;instar d&rsquo;autres,&nbsp;gr\u00e2ce&nbsp;la volont\u00e9 des hautes instances de l&rsquo;\u00c9tat, pour s\u00e9curiser l&rsquo;approvisionnement en ce liquide pr\u00e9cieux.&nbsp;Ce projet structurant vient s&rsquo;ajouter \u00e0 celui du barrage \u00e9cr\u00eateur de Oued Bouhdid, dont la r\u00e9alisation est en cours. L&rsquo;objectif vis\u00e9 par cet ouvrage est, d&rsquo;une part, de prot\u00e9ger la ville contre les inondations et, d&rsquo;autre part, de renforcer le stockage des eaux de pluie. Au-del\u00e0, toutes les actions entreprises visent tant la s\u00e9curit\u00e9 hydrique qu&rsquo;une agriculture durable ainsi qu&rsquo;une gestion de cette ressource face au changement des conditions climatiques.<\/p>\n\n\n\n<p>La tenue de ce forum, faut-il le souligner, s&rsquo;inscrit dans une dynamique de renforcement de la coordination entre les diff\u00e9rents acteurs du secteur et de promotion des m\u00e9thodes modernes de gestion du pr\u00e9cieux liquide, avec pour objectif de soutenir le d\u00e9veloppement durable et de consolider la s\u00e9curit\u00e9 de l&rsquo;eau \u00e0 l&rsquo;\u00e9chelle nationale.<\/p>\n\n\n\n<p><strong>Sofia Chahine<\/strong><\/p>\n","protected":false},"excerpt":{"rendered":"<p>Annaba a accueilli le Forum sur la s\u00e9curit\u00e9 hydrique,&nbsp;consacr\u00e9 \u00e0 la s\u00e9curit\u00e9 de l&rsquo;eau, \u00e0 l&rsquo;agriculture durable et surtout aux<\/p>\n","protected":false},"author":6,"featured_media":79872,"comment_status":"open","ping_status":"closed","sticky":false,"template":"","format":"standard","meta":{"colormag_page_container_layout":"default_layout","colormag_page_sidebar_layout":"default_layout","om_disable_all_campaigns":false,"_monsterinsights_skip_tracking":false,"_monsterinsights_sitenote_active":false,"_monsterinsights_sitenote_note":"","_monsterinsights_sitenote_category":0,"footnotes":"","_wpscppro_dont_share_socialmedia":false,"_wpscppro_custom_social_share_image":0,"_facebook_share_type":"default","_twitter_share_type":"default","_linkedin_share_type":"default","_pinterest_share_type":"default","_linkedin_share_type_page":"","_instagram_share_type":"default","_medium_share_type":"default","_threads_share_type":"default","_google_business_share_type":"default","_selected_social_profile":[],"_wpsp_enable_custom_social_template":false,"_wpsp_social_scheduling":{"enabled":false,"datetime":null,"platforms":[],"status":"template_only","dateOption":"today","timeOption":"now","customDays":"","customHours":"","customDate":"","customTime":"","schedulingType":"absolute"},"_wpsp_active_default_template":true},"categories":[31],"tags":[],"class_list":["post-80225","post","type-post","status-publish","format-standard","has-post-thumbnail","hentry","category-regions"],"aioseo_notices":[],"yoast_head":"<!-- This site is optimized with the Yoast SEO plugin v27.5 - https:\/\/yoast.com\/product\/yoast-seo-wordpress\/ -->\n<title>Annaba accueille le forum national sur la s\u00e9curit\u00e9 de l&rsquo;eau\u00a0:\u00a0L&rsquo;innovation comme fer de lance - La Sentinelle<\/title>\n<meta name=\"robots\" content=\"index, follow, max-snippet:-1, max-image-preview:large, max-video-preview:-1\" \/>\n<link rel=\"canonical\" href=\"https:\/\/lasentinelle.dz\/index.php\/2026\/01\/28\/annaba-accueille-le-forum-national-sur-la-securite-de-leau-linnovation-comme-fer-de-lance\/\" \/>\n<meta property=\"og:locale\" content=\"fr_FR\" \/>\n<meta property=\"og:type\" content=\"article\" \/>\n<meta property=\"og:title\" content=\"Annaba accueille le forum national sur la s\u00e9curit\u00e9 de l&rsquo;eau\u00a0:\u00a0L&rsquo;innovation comme fer de lance - La Sentinelle\" \/>\n<meta property=\"og:description\" content=\"Annaba a accueilli le Forum sur la s\u00e9curit\u00e9 hydrique,&nbsp;consacr\u00e9 \u00e0 la s\u00e9curit\u00e9 de l&rsquo;eau, \u00e0 l&rsquo;agriculture durable et surtout aux\" \/>\n<meta property=\"og:url\" content=\"https:\/\/lasentinelle.dz\/index.php\/2026\/01\/28\/annaba-accueille-le-forum-national-sur-la-securite-de-leau-linnovation-comme-fer-de-lance\/\" \/>\n<meta property=\"og:site_name\" content=\"La Sentinelle\" \/>\n<meta property=\"article:publisher\" content=\"https:\/\/www.facebook.com\/La-Sentinelle-104059864394773\" \/>\n<meta property=\"article:published_time\" content=\"2026-01-28T12:02:34+00:00\" \/>\n<meta property=\"article:modified_time\" content=\"2026-01-28T12:02:35+00:00\" \/>\n<meta property=\"og:image\" content=\"https:\/\/lasentinelle.dz\/wp-content\/uploads\/2026\/01\/eau.jpeg\" \/>\n\t<meta property=\"og:image:width\" content=\"1200\" \/>\n\t<meta property=\"og:image:height\" content=\"628\" \/>\n\t<meta property=\"og:image:type\" content=\"image\/jpeg\" \/>\n<meta name=\"author\" content=\"admin\" \/>\n<meta name=\"twitter:card\" content=\"summary_large_image\" \/>\n<meta name=\"twitter:label1\" content=\"\u00c9crit par\" \/>\n\t<meta name=\"twitter:data1\" content=\"admin\" \/>\n\t<meta name=\"twitter:label2\" content=\"Dur\u00e9e de lecture estim\u00e9e\" \/>\n\t<meta name=\"twitter:data2\" content=\"4 minutes\" \/>\n<script type=\"application\/ld+json\" class=\"yoast-schema-graph\">{\"@context\":\"https:\\\/\\\/schema.org\",\"@graph\":[{\"@type\":\"Article\",\"@id\":\"https:\\\/\\\/lasentinelle.dz\\\/index.php\\\/2026\\\/01\\\/28\\\/annaba-accueille-le-forum-national-sur-la-securite-de-leau-linnovation-comme-fer-de-lance\\\/#article\",\"isPartOf\":{\"@id\":\"https:\\\/\\\/lasentinelle.dz\\\/index.php\\\/2026\\\/01\\\/28\\\/annaba-accueille-le-forum-national-sur-la-securite-de-leau-linnovation-comme-fer-de-lance\\\/\"},\"author\":{\"name\":\"admin\",\"@id\":\"https:\\\/\\\/lasentinelle.dz\\\/#\\\/schema\\\/person\\\/729ee0024f24e0b8c5ec17232f8e8b41\"},\"headline\":\"Annaba accueille le forum national sur la s\u00e9curit\u00e9 de l&rsquo;eau\u00a0:\u00a0L&rsquo;innovation comme fer de lance\",\"datePublished\":\"2026-01-28T12:02:34+00:00\",\"dateModified\":\"2026-01-28T12:02:35+00:00\",\"mainEntityOfPage\":{\"@id\":\"https:\\\/\\\/lasentinelle.dz\\\/index.php\\\/2026\\\/01\\\/28\\\/annaba-accueille-le-forum-national-sur-la-securite-de-leau-linnovation-comme-fer-de-lance\\\/\"},\"wordCount\":681,\"commentCount\":0,\"publisher\":{\"@id\":\"https:\\\/\\\/lasentinelle.dz\\\/#organization\"},\"image\":{\"@id\":\"https:\\\/\\\/lasentinelle.dz\\\/index.php\\\/2026\\\/01\\\/28\\\/annaba-accueille-le-forum-national-sur-la-securite-de-leau-linnovation-comme-fer-de-lance\\\/#primaryimage\"},\"thumbnailUrl\":\"https:\\\/\\\/lasentinelle.dz\\\/wp-content\\\/uploads\\\/2026\\\/01\\\/eau.jpeg\",\"articleSection\":[\"R\u00e9gions\"],\"inLanguage\":\"fr-FR\",\"potentialAction\":[{\"@type\":\"CommentAction\",\"name\":\"Comment\",\"target\":[\"https:\\\/\\\/lasentinelle.dz\\\/index.php\\\/2026\\\/01\\\/28\\\/annaba-accueille-le-forum-national-sur-la-securite-de-leau-linnovation-comme-fer-de-lance\\\/#respond\"]}]},{\"@type\":\"WebPage\",\"@id\":\"https:\\\/\\\/lasentinelle.dz\\\/index.php\\\/2026\\\/01\\\/28\\\/annaba-accueille-le-forum-national-sur-la-securite-de-leau-linnovation-comme-fer-de-lance\\\/\",\"url\":\"https:\\\/\\\/lasentinelle.dz\\\/index.php\\\/2026\\\/01\\\/28\\\/annaba-accueille-le-forum-national-sur-la-securite-de-leau-linnovation-comme-fer-de-lance\\\/\",\"name\":\"Annaba accueille le forum national sur la s\u00e9curit\u00e9 de l&rsquo;eau\u00a0:\u00a0L&rsquo;innovation comme fer de lance - La Sentinelle\",\"isPartOf\":{\"@id\":\"https:\\\/\\\/lasentinelle.dz\\\/#website\"},\"primaryImageOfPage\":{\"@id\":\"https:\\\/\\\/lasentinelle.dz\\\/index.php\\\/2026\\\/01\\\/28\\\/annaba-accueille-le-forum-national-sur-la-securite-de-leau-linnovation-comme-fer-de-lance\\\/#primaryimage\"},\"image\":{\"@id\":\"https:\\\/\\\/lasentinelle.dz\\\/index.php\\\/2026\\\/01\\\/28\\\/annaba-accueille-le-forum-national-sur-la-securite-de-leau-linnovation-comme-fer-de-lance\\\/#primaryimage\"},\"thumbnailUrl\":\"https:\\\/\\\/lasentinelle.dz\\\/wp-content\\\/uploads\\\/2026\\\/01\\\/eau.jpeg\",\"datePublished\":\"2026-01-28T12:02:34+00:00\",\"dateModified\":\"2026-01-28T12:02:35+00:00\",\"breadcrumb\":{\"@id\":\"https:\\\/\\\/lasentinelle.dz\\\/index.php\\\/2026\\\/01\\\/28\\\/annaba-accueille-le-forum-national-sur-la-securite-de-leau-linnovation-comme-fer-de-lance\\\/#breadcrumb\"},\"inLanguage\":\"fr-FR\",\"potentialAction\":[{\"@type\":\"ReadAction\",\"target\":[\"https:\\\/\\\/lasentinelle.dz\\\/index.php\\\/2026\\\/01\\\/28\\\/annaba-accueille-le-forum-national-sur-la-securite-de-leau-linnovation-comme-fer-de-lance\\\/\"]}]},{\"@type\":\"ImageObject\",\"inLanguage\":\"fr-FR\",\"@id\":\"https:\\\/\\\/lasentinelle.dz\\\/index.php\\\/2026\\\/01\\\/28\\\/annaba-accueille-le-forum-national-sur-la-securite-de-leau-linnovation-comme-fer-de-lance\\\/#primaryimage\",\"url\":\"https:\\\/\\\/lasentinelle.dz\\\/wp-content\\\/uploads\\\/2026\\\/01\\\/eau.jpeg\",\"contentUrl\":\"https:\\\/\\\/lasentinelle.dz\\\/wp-content\\\/uploads\\\/2026\\\/01\\\/eau.jpeg\",\"width\":1200,\"height\":628},{\"@type\":\"BreadcrumbList\",\"@id\":\"https:\\\/\\\/lasentinelle.dz\\\/index.php\\\/2026\\\/01\\\/28\\\/annaba-accueille-le-forum-national-sur-la-securite-de-leau-linnovation-comme-fer-de-lance\\\/#breadcrumb\",\"itemListElement\":[{\"@type\":\"ListItem\",\"position\":1,\"name\":\"Accueil\",\"item\":\"https:\\\/\\\/lasentinelle.dz\\\/\"},{\"@type\":\"ListItem\",\"position\":2,\"name\":\"Annaba accueille le forum national sur la s\u00e9curit\u00e9 de l&rsquo;eau\u00a0:\u00a0L&rsquo;innovation comme fer de lance\"}]},{\"@type\":\"WebSite\",\"@id\":\"https:\\\/\\\/lasentinelle.dz\\\/#website\",\"url\":\"https:\\\/\\\/lasentinelle.dz\\\/\",\"name\":\"La Sentinelle\",\"description\":\"Quotidien national d&#039;information\",\"publisher\":{\"@id\":\"https:\\\/\\\/lasentinelle.dz\\\/#organization\"},\"potentialAction\":[{\"@type\":\"SearchAction\",\"target\":{\"@type\":\"EntryPoint\",\"urlTemplate\":\"https:\\\/\\\/lasentinelle.dz\\\/?s={search_term_string}\"},\"query-input\":{\"@type\":\"PropertyValueSpecification\",\"valueRequired\":true,\"valueName\":\"search_term_string\"}}],\"inLanguage\":\"fr-FR\"},{\"@type\":\"Organization\",\"@id\":\"https:\\\/\\\/lasentinelle.dz\\\/#organization\",\"name\":\"Quotidien La Sentinelle\",\"url\":\"https:\\\/\\\/lasentinelle.dz\\\/\",\"logo\":{\"@type\":\"ImageObject\",\"inLanguage\":\"fr-FR\",\"@id\":\"https:\\\/\\\/lasentinelle.dz\\\/#\\\/schema\\\/logo\\\/image\\\/\",\"url\":\"https:\\\/\\\/lasentinelle.dz\\\/wp-content\\\/uploads\\\/2021\\\/09\\\/logo-sentinelleSLOGAN-1.png\",\"contentUrl\":\"https:\\\/\\\/lasentinelle.dz\\\/wp-content\\\/uploads\\\/2021\\\/09\\\/logo-sentinelleSLOGAN-1.png\",\"width\":615,\"height\":142,\"caption\":\"Quotidien La Sentinelle\"},\"image\":{\"@id\":\"https:\\\/\\\/lasentinelle.dz\\\/#\\\/schema\\\/logo\\\/image\\\/\"},\"sameAs\":[\"https:\\\/\\\/www.facebook.com\\\/La-Sentinelle-104059864394773\"]},{\"@type\":\"Person\",\"@id\":\"https:\\\/\\\/lasentinelle.dz\\\/#\\\/schema\\\/person\\\/729ee0024f24e0b8c5ec17232f8e8b41\",\"name\":\"admin\",\"image\":{\"@type\":\"ImageObject\",\"inLanguage\":\"fr-FR\",\"@id\":\"https:\\\/\\\/secure.gravatar.com\\\/avatar\\\/4c81fed838786e9b53f540bf46533e750f5d292099ae3b66cfc6fb1982e29df7?s=96&d=mm&r=g\",\"url\":\"https:\\\/\\\/secure.gravatar.com\\\/avatar\\\/4c81fed838786e9b53f540bf46533e750f5d292099ae3b66cfc6fb1982e29df7?s=96&d=mm&r=g\",\"contentUrl\":\"https:\\\/\\\/secure.gravatar.com\\\/avatar\\\/4c81fed838786e9b53f540bf46533e750f5d292099ae3b66cfc6fb1982e29df7?s=96&d=mm&r=g\",\"caption\":\"admin\"},\"description\":\"admin\",\"url\":\"https:\\\/\\\/lasentinelle.dz\\\/author\\\/admin\\\/\"}]}<\/script>\n<!-- \/ Yoast SEO plugin. -->","yoast_head_json":{"title":"Annaba accueille le forum national sur la s\u00e9curit\u00e9 de l&rsquo;eau\u00a0:\u00a0L&rsquo;innovation comme fer de lance - La Sentinelle","robots":{"index":"index","follow":"follow","max-snippet":"max-snippet:-1","max-image-preview":"max-image-preview:large","max-video-preview":"max-video-preview:-1"},"canonical":"https:\/\/lasentinelle.dz\/index.php\/2026\/01\/28\/annaba-accueille-le-forum-national-sur-la-securite-de-leau-linnovation-comme-fer-de-lance\/","og_locale":"fr_FR","og_type":"article","og_title":"Annaba accueille le forum national sur la s\u00e9curit\u00e9 de l&rsquo;eau\u00a0:\u00a0L&rsquo;innovation comme fer de lance - La Sentinelle","og_description":"Annaba a accueilli le Forum sur la s\u00e9curit\u00e9 hydrique,&nbsp;consacr\u00e9 \u00e0 la s\u00e9curit\u00e9 de l&rsquo;eau, \u00e0 l&rsquo;agriculture durable et surtout aux","og_url":"https:\/\/lasentinelle.dz\/index.php\/2026\/01\/28\/annaba-accueille-le-forum-national-sur-la-securite-de-leau-linnovation-comme-fer-de-lance\/","og_site_name":"La Sentinelle","article_publisher":"https:\/\/www.facebook.com\/La-Sentinelle-104059864394773","article_published_time":"2026-01-28T12:02:34+00:00","article_modified_time":"2026-01-28T12:02:35+00:00","og_image":[{"width":1200,"height":628,"url":"https:\/\/lasentinelle.dz\/wp-content\/uploads\/2026\/01\/eau.jpeg","type":"image\/jpeg"}],"author":"admin","twitter_card":"summary_large_image","twitter_misc":{"\u00c9crit par":"admin","Dur\u00e9e de lecture estim\u00e9e":"4 minutes"},"schema":{"@context":"https:\/\/schema.org","@graph":[{"@type":"Article","@id":"https:\/\/lasentinelle.dz\/index.php\/2026\/01\/28\/annaba-accueille-le-forum-national-sur-la-securite-de-leau-linnovation-comme-fer-de-lance\/#article","isPartOf":{"@id":"https:\/\/lasentinelle.dz\/index.php\/2026\/01\/28\/annaba-accueille-le-forum-national-sur-la-securite-de-leau-linnovation-comme-fer-de-lance\/"},"author":{"name":"admin","@id":"https:\/\/lasentinelle.dz\/#\/schema\/person\/729ee0024f24e0b8c5ec17232f8e8b41"},"headline":"Annaba accueille le forum national sur la s\u00e9curit\u00e9 de l&rsquo;eau\u00a0:\u00a0L&rsquo;innovation comme fer de lance","datePublished":"2026-01-28T12:02:34+00:00","dateModified":"2026-01-28T12:02:35+00:00","mainEntityOfPage":{"@id":"https:\/\/lasentinelle.dz\/index.php\/2026\/01\/28\/annaba-accueille-le-forum-national-sur-la-securite-de-leau-linnovation-comme-fer-de-lance\/"},"wordCount":681,"commentCount":0,"publisher":{"@id":"https:\/\/lasentinelle.dz\/#organization"},"image":{"@id":"https:\/\/lasentinelle.dz\/index.php\/2026\/01\/28\/annaba-accueille-le-forum-national-sur-la-securite-de-leau-linnovation-comme-fer-de-lance\/#primaryimage"},"thumbnailUrl":"https:\/\/lasentinelle.dz\/wp-content\/uploads\/2026\/01\/eau.jpeg","articleSection":["R\u00e9gions"],"inLanguage":"fr-FR","potentialAction":[{"@type":"CommentAction","name":"Comment","target":["https:\/\/lasentinelle.dz\/index.php\/2026\/01\/28\/annaba-accueille-le-forum-national-sur-la-securite-de-leau-linnovation-comme-fer-de-lance\/#respond"]}]},{"@type":"WebPage","@id":"https:\/\/lasentinelle.dz\/index.php\/2026\/01\/28\/annaba-accueille-le-forum-national-sur-la-securite-de-leau-linnovation-comme-fer-de-lance\/","url":"https:\/\/lasentinelle.dz\/index.php\/2026\/01\/28\/annaba-accueille-le-forum-national-sur-la-securite-de-leau-linnovation-comme-fer-de-lance\/","name":"Annaba accueille le forum national sur la s\u00e9curit\u00e9 de l&rsquo;eau\u00a0:\u00a0L&rsquo;innovation comme fer de lance - La Sentinelle","isPartOf":{"@id":"https:\/\/lasentinelle.dz\/#website"},"primaryImageOfPage":{"@id":"https:\/\/lasentinelle.dz\/index.php\/2026\/01\/28\/annaba-accueille-le-forum-national-sur-la-securite-de-leau-linnovation-comme-fer-de-lance\/#primaryimage"},"image":{"@id":"https:\/\/lasentinelle.dz\/index.php\/2026\/01\/28\/annaba-accueille-le-forum-national-sur-la-securite-de-leau-linnovation-comme-fer-de-lance\/#primaryimage"},"thumbnailUrl":"https:\/\/lasentinelle.dz\/wp-content\/uploads\/2026\/01\/eau.jpeg","datePublished":"2026-01-28T12:02:34+00:00","dateModified":"2026-01-28T12:02:35+00:00","breadcrumb":{"@id":"https:\/\/lasentinelle.dz\/index.php\/2026\/01\/28\/annaba-accueille-le-forum-national-sur-la-securite-de-leau-linnovation-comme-fer-de-lance\/#breadcrumb"},"inLanguage":"fr-FR","potentialAction":[{"@type":"ReadAction","target":["https:\/\/lasentinelle.dz\/index.php\/2026\/01\/28\/annaba-accueille-le-forum-national-sur-la-securite-de-leau-linnovation-comme-fer-de-lance\/"]}]},{"@type":"ImageObject","inLanguage":"fr-FR","@id":"https:\/\/lasentinelle.dz\/index.php\/2026\/01\/28\/annaba-accueille-le-forum-national-sur-la-securite-de-leau-linnovation-comme-fer-de-lance\/#primaryimage","url":"https:\/\/lasentinelle.dz\/wp-content\/uploads\/2026\/01\/eau.jpeg","contentUrl":"https:\/\/lasentinelle.dz\/wp-content\/uploads\/2026\/01\/eau.jpeg","width":1200,"height":628},{"@type":"BreadcrumbList","@id":"https:\/\/lasentinelle.dz\/index.php\/2026\/01\/28\/annaba-accueille-le-forum-national-sur-la-securite-de-leau-linnovation-comme-fer-de-lance\/#breadcrumb","itemListElement":[{"@type":"ListItem","position":1,"name":"Accueil","item":"https:\/\/lasentinelle.dz\/"},{"@type":"ListItem","position":2,"name":"Annaba accueille le forum national sur la s\u00e9curit\u00e9 de l&rsquo;eau\u00a0:\u00a0L&rsquo;innovation comme fer de lance"}]},{"@type":"WebSite","@id":"https:\/\/lasentinelle.dz\/#website","url":"https:\/\/lasentinelle.dz\/","name":"La Sentinelle","description":"Quotidien national d&#039;information","publisher":{"@id":"https:\/\/lasentinelle.dz\/#organization"},"potentialAction":[{"@type":"SearchAction","target":{"@type":"EntryPoint","urlTemplate":"https:\/\/lasentinelle.dz\/?s={search_term_string}"},"query-input":{"@type":"PropertyValueSpecification","valueRequired":true,"valueName":"search_term_string"}}],"inLanguage":"fr-FR"},{"@type":"Organization","@id":"https:\/\/lasentinelle.dz\/#organization","name":"Quotidien La Sentinelle","url":"https:\/\/lasentinelle.dz\/","logo":{"@type":"ImageObject","inLanguage":"fr-FR","@id":"https:\/\/lasentinelle.dz\/#\/schema\/logo\/image\/","url":"https:\/\/lasentinelle.dz\/wp-content\/uploads\/2021\/09\/logo-sentinelleSLOGAN-1.png","contentUrl":"https:\/\/lasentinelle.dz\/wp-content\/uploads\/2021\/09\/logo-sentinelleSLOGAN-1.png","width":615,"height":142,"caption":"Quotidien La Sentinelle"},"image":{"@id":"https:\/\/lasentinelle.dz\/#\/schema\/logo\/image\/"},"sameAs":["https:\/\/www.facebook.com\/La-Sentinelle-104059864394773"]},{"@type":"Person","@id":"https:\/\/lasentinelle.dz\/#\/schema\/person\/729ee0024f24e0b8c5ec17232f8e8b41","name":"admin","image":{"@type":"ImageObject","inLanguage":"fr-FR","@id":"https:\/\/secure.gravatar.com\/avatar\/4c81fed838786e9b53f540bf46533e750f5d292099ae3b66cfc6fb1982e29df7?s=96&d=mm&r=g","url":"https:\/\/secure.gravatar.com\/avatar\/4c81fed838786e9b53f540bf46533e750f5d292099ae3b66cfc6fb1982e29df7?s=96&d=mm&r=g","contentUrl":"https:\/\/secure.gravatar.com\/avatar\/4c81fed838786e9b53f540bf46533e750f5d292099ae3b66cfc6fb1982e29df7?s=96&d=mm&r=g","caption":"admin"},"description":"admin","url":"https:\/\/lasentinelle.dz\/author\/admin\/"}]}},"_links":{"self":[{"href":"https:\/\/lasentinelle.dz\/index.php\/wp-json\/wp\/v2\/posts\/80225","targetHints":{"allow":["GET"]}}],"collection":[{"href":"https:\/\/lasentinelle.dz\/index.php\/wp-json\/wp\/v2\/posts"}],"about":[{"href":"https:\/\/lasentinelle.dz\/index.php\/wp-json\/wp\/v2\/types\/post"}],"author":[{"embeddable":true,"href":"https:\/\/lasentinelle.dz\/index.php\/wp-json\/wp\/v2\/users\/6"}],"replies":[{"embeddable":true,"href":"https:\/\/lasentinelle.dz\/index.php\/wp-json\/wp\/v2\/comments?post=80225"}],"version-history":[{"count":2,"href":"https:\/\/lasentinelle.dz\/index.php\/wp-json\/wp\/v2\/posts\/80225\/revisions"}],"predecessor-version":[{"id":80227,"href":"https:\/\/lasentinelle.dz\/index.php\/wp-json\/wp\/v2\/posts\/80225\/revisions\/80227"}],"wp:featuredmedia":[{"embeddable":true,"href":"https:\/\/lasentinelle.dz\/index.php\/wp-json\/wp\/v2\/media\/79872"}],"wp:attachment":[{"href":"https:\/\/lasentinelle.dz\/index.php\/wp-json\/wp\/v2\/media?parent=80225"}],"wp:term":[{"taxonomy":"category","embeddable":true,"href":"https:\/\/lasentinelle.dz\/index.php\/wp-json\/wp\/v2\/categories?post=80225"},{"taxonomy":"post_tag","embeddable":true,"href":"https:\/\/lasentinelle.dz\/index.php\/wp-json\/wp\/v2\/tags?post=80225"}],"curies":[{"name":"wp","href":"https:\/\/api.w.org\/{rel}","templated":true}]}}