{"id":80228,"date":"2026-01-28T13:03:24","date_gmt":"2026-01-28T12:03:24","guid":{"rendered":"https:\/\/lasentinelle.dz\/?p=80228"},"modified":"2026-01-28T13:03:25","modified_gmt":"2026-01-28T12:03:25","slug":"jijel-les-conditions-de-scolarisation-optimisees","status":"publish","type":"post","link":"https:\/\/lasentinelle.dz\/index.php\/2026\/01\/28\/jijel-les-conditions-de-scolarisation-optimisees\/","title":{"rendered":"Jijel\u00a0:\u00a0Les conditions de scolarisation optimis\u00e9es"},"content":{"rendered":"\n<p>Le secteur de l&rsquo;\u00e9ducation dans la wilaya de Jijel semble avoir surmont\u00e9, avec beaucoup de confiance, les lacunes et les dysfonctionnements auxquels est encore confront\u00e9 le secteur dans d&rsquo;autres wilayas.<\/p>\n\n\n\n<p>En effet, dans la wilaya de Jijel,&nbsp;le secteur est parvenu, durant les derni\u00e8res ann\u00e9es, \u00e0 assurer la synergie requise entre le volet p\u00e9dagogique et les conditions de scolarisation, notamment pour les \u00e9tablissements du&nbsp;cycle&nbsp;primaire. Les chiffres sont r\u00e9v\u00e9lateurs, \u00e0 plus d&rsquo;un titre, d&rsquo;une grande \u00e9volution, notamment en ce qui concerne les cantines, le transport scolaire et le chauffage. Des domaines mis en avant par le minist\u00e8re de tutelle mais aussi par les responsables locaux pour qui cela repr\u00e9sentait un v\u00e9ritable casse-t\u00eate.&nbsp;Or, les cinq derni\u00e8res ann\u00e9es ont r\u00e9v\u00e9l\u00e9 que la direction de l&rsquo;\u00e9ducation de la wilaya de Jijel a \u0153uvr\u00e9 avec c\u00e9l\u00e9rit\u00e9 pour procurer les meilleures conditions de scolarisation \u00e0 la communaut\u00e9 des \u00e9l\u00e8ves \u00e0 travers les \u00e9tablissements d&rsquo;\u00e9ducation dans la wilaya. La feuille de route mise en place par les autorit\u00e9s locales et la direction de l&rsquo;\u00e9ducation nationale de la wilaya illustre fort bien l&rsquo;int\u00e9r\u00eat accord\u00e9 \u00e0 ce secteur.<\/p>\n\n\n\n<p>En d\u00e9pit de quelques manquements majeurs li\u00e9s au d\u00e9ficit de foncier, le secteur a fait un pas de g\u00e9ant en mati\u00e8re de restauration scolaire. Ce dernier vient de b\u00e9n\u00e9ficier, dans une premi\u00e8re phase, de l&rsquo;inscription de cantines scolaires pour 16 \u00e9tablissements du primaire, alors que 28 autres attendent \u00e9galement d&rsquo;\u00eatre dot\u00e9s de cantines scolaires. La concr\u00e9tisation de ces derniers projets est confront\u00e9e au d\u00e9ficit d&rsquo;assiette fonci\u00e8re. En d\u00e9pit de cette contrainte, les d\u00e9marches pour l&rsquo;inscription d&rsquo;autres projets se poursuivent tout de m\u00eame.&nbsp;Ces infrastructures sont d&rsquo;une importance capitale pour les \u00e9l\u00e8ves du premier palier, notamment ceux issus de familles n\u00e9cessiteuses et ceux qui r\u00e9sident dans les zones recul\u00e9es. \u00c0 cet effet, l&rsquo;\u00c9tat a pris \u00e0 sa charge le financement des repas scolaires. Une mesure qui s&rsquo;inscrit dans un cadre compl\u00e9mentaire, \u00e0 travers la contribution du budget de la commune, le budget de la wilaya et celui de l&rsquo;\u00c9tat.&nbsp;S&rsquo;agissant de la qualit\u00e9 des repas offerts aux \u00e9l\u00e8ves, le wali de Jijel veille \u00e0 ce que des repas de qualit\u00e9 et chauds soient servis aux \u00e9l\u00e8ves. Au-del\u00e0, le m\u00eame responsable n&rsquo;omet pas d&rsquo;insister, \u00e0 chaque fois et \u00e0 chaque visite, sur la poursuite des efforts afin d&rsquo;am\u00e9liorer le repas scolaire, aussi bien sur le plan quantitatif que qualitatif, devant garantir une alimentation saine et \u00e9quilibr\u00e9e aux \u00e9l\u00e8ves.<\/p>\n\n\n\n<p>S&rsquo;agissant du chauffage dans les classes, le m\u00eame responsable a annonc\u00e9 l&rsquo;\u00e9limination d\u00e9finitive du mazout. Il sera remplac\u00e9 soit par le gaz naturel, soit par le propane. Dans ce contexte, et au titre de l&rsquo;exercice 2025, pas moins de 277 \u00e9tablissements scolaires ont \u00e9t\u00e9&nbsp;\u00e9quip\u00e9s de&nbsp;chauffage central et&nbsp;raccord\u00e9s au r\u00e9seau degaz naturel, contre 147 en 2020. Le chauffage ordinaire au gaz naturel concerne 201 \u00e9tablissements en 2025, contre 161 en 2020. Pour ce qui est de l&rsquo;\u00e9nergie propane, 37 \u00e9tablissements \u00e9taient chauff\u00e9s par le propane en 2025, alors qu&rsquo;aucun \u00e9tablissement ne disposait de ce syst\u00e8me en 2020. Pour ce qui est du chauffage au mazout, il a \u00e9t\u00e9 totalement et d\u00e9finitivement supprim\u00e9 dans les \u00e9coles primaires : de 127 \u00e9tablissements chauff\u00e9s par cette \u00e9nergie en 2020 \u00e0 z\u00e9ro \u00e9tablissement en 2025.<\/p>\n\n\n\n<p>Le transport scolaire est un&nbsp;autre acquis important pour le secteur de l&rsquo;\u00e9ducation dans la wilaya de Jijel : pas moins de 440 bus, dont 180 appartenant \u00e0 des priv\u00e9s, ont \u00e9t\u00e9 mobilis\u00e9s pour transporter les \u00e9l\u00e8ves au cours de l&rsquo;ann\u00e9e scolaire \u00e9coul\u00e9e. Cette flotte de bus de transport scolaire vient \u00e0 point nomm\u00e9, notamment en cette p\u00e9riode de grand froid et de fortes pr\u00e9cipitations pluviales qui caract\u00e9risent, depuis le mois de d\u00e9cembre dernier, toutes les wilayas du pays.&nbsp;En d\u00e9pit de ces efforts, les responsables locaux persistent dans la m\u00eame dynamique pour d\u00e9crocher davantage d&rsquo;acquis en faveur du secteur de l&rsquo;\u00e9ducation nationale. Une volont\u00e9 visant \u00e0 assurer et r\u00e9unir toutes les conditions possibles pour optimiser le parcours scolaire des \u00e9l\u00e8ves, tous paliers confondus.<\/p>\n\n\n\n<p><strong>Sofia Chahine<\/strong><\/p>\n","protected":false},"excerpt":{"rendered":"<p>Le secteur de l&rsquo;\u00e9ducation dans la wilaya de Jijel semble avoir surmont\u00e9, avec beaucoup de confiance, les lacunes et les<\/p>\n","protected":false},"author":6,"featured_media":80229,"comment_status":"open","ping_status":"closed","sticky":false,"template":"","format":"standard","meta":{"colormag_page_container_layout":"default_layout","colormag_page_sidebar_layout":"default_layout","om_disable_all_campaigns":false,"_monsterinsights_skip_tracking":false,"_monsterinsights_sitenote_active":false,"_monsterinsights_sitenote_note":"","_monsterinsights_sitenote_category":0,"footnotes":"","_wpscppro_dont_share_socialmedia":false,"_wpscppro_custom_social_share_image":0,"_facebook_share_type":"default","_twitter_share_type":"default","_linkedin_share_type":"default","_pinterest_share_type":"default","_linkedin_share_type_page":"","_instagram_share_type":"default","_medium_share_type":"default","_threads_share_type":"default","_google_business_share_type":"default","_selected_social_profile":[],"_wpsp_enable_custom_social_template":false,"_wpsp_social_scheduling":{"enabled":false,"datetime":null,"platforms":[],"status":"template_only","dateOption":"today","timeOption":"now","customDays":"","customHours":"","customDate":"","customTime":"","schedulingType":"absolute"},"_wpsp_active_default_template":true},"categories":[31],"tags":[],"class_list":["post-80228","post","type-post","status-publish","format-standard","has-post-thumbnail","hentry","category-regions"],"aioseo_notices":[],"yoast_head":"<!-- This site is optimized with the Yoast SEO plugin v27.5 - https:\/\/yoast.com\/product\/yoast-seo-wordpress\/ -->\n<title>Jijel\u00a0:\u00a0Les conditions de scolarisation optimis\u00e9es - La Sentinelle<\/title>\n<meta name=\"robots\" content=\"index, follow, max-snippet:-1, max-image-preview:large, max-video-preview:-1\" \/>\n<link rel=\"canonical\" href=\"https:\/\/lasentinelle.dz\/index.php\/2026\/01\/28\/jijel-les-conditions-de-scolarisation-optimisees\/\" \/>\n<meta property=\"og:locale\" content=\"fr_FR\" \/>\n<meta property=\"og:type\" content=\"article\" \/>\n<meta property=\"og:title\" content=\"Jijel\u00a0:\u00a0Les conditions de scolarisation optimis\u00e9es - La Sentinelle\" \/>\n<meta property=\"og:description\" content=\"Le secteur de l&rsquo;\u00e9ducation dans la wilaya de Jijel semble avoir surmont\u00e9, avec beaucoup de confiance, les lacunes et les\" \/>\n<meta property=\"og:url\" content=\"https:\/\/lasentinelle.dz\/index.php\/2026\/01\/28\/jijel-les-conditions-de-scolarisation-optimisees\/\" \/>\n<meta property=\"og:site_name\" content=\"La Sentinelle\" \/>\n<meta property=\"article:publisher\" content=\"https:\/\/www.facebook.com\/La-Sentinelle-104059864394773\" \/>\n<meta property=\"article:published_time\" content=\"2026-01-28T12:03:24+00:00\" \/>\n<meta property=\"article:modified_time\" content=\"2026-01-28T12:03:25+00:00\" \/>\n<meta property=\"og:image\" content=\"https:\/\/lasentinelle.dz\/wp-content\/uploads\/2026\/01\/classe.webp\" \/>\n\t<meta property=\"og:image:width\" content=\"600\" \/>\n\t<meta property=\"og:image:height\" content=\"290\" \/>\n\t<meta property=\"og:image:type\" content=\"image\/webp\" \/>\n<meta name=\"author\" content=\"admin\" \/>\n<meta name=\"twitter:card\" content=\"summary_large_image\" \/>\n<meta name=\"twitter:label1\" content=\"\u00c9crit par\" \/>\n\t<meta name=\"twitter:data1\" content=\"admin\" \/>\n\t<meta name=\"twitter:label2\" content=\"Dur\u00e9e de lecture estim\u00e9e\" \/>\n\t<meta name=\"twitter:data2\" content=\"4 minutes\" \/>\n<script type=\"application\/ld+json\" class=\"yoast-schema-graph\">{\"@context\":\"https:\\\/\\\/schema.org\",\"@graph\":[{\"@type\":\"Article\",\"@id\":\"https:\\\/\\\/lasentinelle.dz\\\/index.php\\\/2026\\\/01\\\/28\\\/jijel-les-conditions-de-scolarisation-optimisees\\\/#article\",\"isPartOf\":{\"@id\":\"https:\\\/\\\/lasentinelle.dz\\\/index.php\\\/2026\\\/01\\\/28\\\/jijel-les-conditions-de-scolarisation-optimisees\\\/\"},\"author\":{\"name\":\"admin\",\"@id\":\"https:\\\/\\\/lasentinelle.dz\\\/#\\\/schema\\\/person\\\/729ee0024f24e0b8c5ec17232f8e8b41\"},\"headline\":\"Jijel\u00a0:\u00a0Les conditions de scolarisation optimis\u00e9es\",\"datePublished\":\"2026-01-28T12:03:24+00:00\",\"dateModified\":\"2026-01-28T12:03:25+00:00\",\"mainEntityOfPage\":{\"@id\":\"https:\\\/\\\/lasentinelle.dz\\\/index.php\\\/2026\\\/01\\\/28\\\/jijel-les-conditions-de-scolarisation-optimisees\\\/\"},\"wordCount\":740,\"commentCount\":0,\"publisher\":{\"@id\":\"https:\\\/\\\/lasentinelle.dz\\\/#organization\"},\"image\":{\"@id\":\"https:\\\/\\\/lasentinelle.dz\\\/index.php\\\/2026\\\/01\\\/28\\\/jijel-les-conditions-de-scolarisation-optimisees\\\/#primaryimage\"},\"thumbnailUrl\":\"https:\\\/\\\/lasentinelle.dz\\\/wp-content\\\/uploads\\\/2026\\\/01\\\/classe.webp\",\"articleSection\":[\"R\u00e9gions\"],\"inLanguage\":\"fr-FR\",\"potentialAction\":[{\"@type\":\"CommentAction\",\"name\":\"Comment\",\"target\":[\"https:\\\/\\\/lasentinelle.dz\\\/index.php\\\/2026\\\/01\\\/28\\\/jijel-les-conditions-de-scolarisation-optimisees\\\/#respond\"]}]},{\"@type\":\"WebPage\",\"@id\":\"https:\\\/\\\/lasentinelle.dz\\\/index.php\\\/2026\\\/01\\\/28\\\/jijel-les-conditions-de-scolarisation-optimisees\\\/\",\"url\":\"https:\\\/\\\/lasentinelle.dz\\\/index.php\\\/2026\\\/01\\\/28\\\/jijel-les-conditions-de-scolarisation-optimisees\\\/\",\"name\":\"Jijel\u00a0:\u00a0Les conditions de scolarisation optimis\u00e9es - La Sentinelle\",\"isPartOf\":{\"@id\":\"https:\\\/\\\/lasentinelle.dz\\\/#website\"},\"primaryImageOfPage\":{\"@id\":\"https:\\\/\\\/lasentinelle.dz\\\/index.php\\\/2026\\\/01\\\/28\\\/jijel-les-conditions-de-scolarisation-optimisees\\\/#primaryimage\"},\"image\":{\"@id\":\"https:\\\/\\\/lasentinelle.dz\\\/index.php\\\/2026\\\/01\\\/28\\\/jijel-les-conditions-de-scolarisation-optimisees\\\/#primaryimage\"},\"thumbnailUrl\":\"https:\\\/\\\/lasentinelle.dz\\\/wp-content\\\/uploads\\\/2026\\\/01\\\/classe.webp\",\"datePublished\":\"2026-01-28T12:03:24+00:00\",\"dateModified\":\"2026-01-28T12:03:25+00:00\",\"breadcrumb\":{\"@id\":\"https:\\\/\\\/lasentinelle.dz\\\/index.php\\\/2026\\\/01\\\/28\\\/jijel-les-conditions-de-scolarisation-optimisees\\\/#breadcrumb\"},\"inLanguage\":\"fr-FR\",\"potentialAction\":[{\"@type\":\"ReadAction\",\"target\":[\"https:\\\/\\\/lasentinelle.dz\\\/index.php\\\/2026\\\/01\\\/28\\\/jijel-les-conditions-de-scolarisation-optimisees\\\/\"]}]},{\"@type\":\"ImageObject\",\"inLanguage\":\"fr-FR\",\"@id\":\"https:\\\/\\\/lasentinelle.dz\\\/index.php\\\/2026\\\/01\\\/28\\\/jijel-les-conditions-de-scolarisation-optimisees\\\/#primaryimage\",\"url\":\"https:\\\/\\\/lasentinelle.dz\\\/wp-content\\\/uploads\\\/2026\\\/01\\\/classe.webp\",\"contentUrl\":\"https:\\\/\\\/lasentinelle.dz\\\/wp-content\\\/uploads\\\/2026\\\/01\\\/classe.webp\",\"width\":600,\"height\":290},{\"@type\":\"BreadcrumbList\",\"@id\":\"https:\\\/\\\/lasentinelle.dz\\\/index.php\\\/2026\\\/01\\\/28\\\/jijel-les-conditions-de-scolarisation-optimisees\\\/#breadcrumb\",\"itemListElement\":[{\"@type\":\"ListItem\",\"position\":1,\"name\":\"Accueil\",\"item\":\"https:\\\/\\\/lasentinelle.dz\\\/\"},{\"@type\":\"ListItem\",\"position\":2,\"name\":\"Jijel\u00a0:\u00a0Les conditions de scolarisation optimis\u00e9es\"}]},{\"@type\":\"WebSite\",\"@id\":\"https:\\\/\\\/lasentinelle.dz\\\/#website\",\"url\":\"https:\\\/\\\/lasentinelle.dz\\\/\",\"name\":\"La Sentinelle\",\"description\":\"Quotidien national d&#039;information\",\"publisher\":{\"@id\":\"https:\\\/\\\/lasentinelle.dz\\\/#organization\"},\"potentialAction\":[{\"@type\":\"SearchAction\",\"target\":{\"@type\":\"EntryPoint\",\"urlTemplate\":\"https:\\\/\\\/lasentinelle.dz\\\/?s={search_term_string}\"},\"query-input\":{\"@type\":\"PropertyValueSpecification\",\"valueRequired\":true,\"valueName\":\"search_term_string\"}}],\"inLanguage\":\"fr-FR\"},{\"@type\":\"Organization\",\"@id\":\"https:\\\/\\\/lasentinelle.dz\\\/#organization\",\"name\":\"Quotidien La Sentinelle\",\"url\":\"https:\\\/\\\/lasentinelle.dz\\\/\",\"logo\":{\"@type\":\"ImageObject\",\"inLanguage\":\"fr-FR\",\"@id\":\"https:\\\/\\\/lasentinelle.dz\\\/#\\\/schema\\\/logo\\\/image\\\/\",\"url\":\"https:\\\/\\\/lasentinelle.dz\\\/wp-content\\\/uploads\\\/2021\\\/09\\\/logo-sentinelleSLOGAN-1.png\",\"contentUrl\":\"https:\\\/\\\/lasentinelle.dz\\\/wp-content\\\/uploads\\\/2021\\\/09\\\/logo-sentinelleSLOGAN-1.png\",\"width\":615,\"height\":142,\"caption\":\"Quotidien La Sentinelle\"},\"image\":{\"@id\":\"https:\\\/\\\/lasentinelle.dz\\\/#\\\/schema\\\/logo\\\/image\\\/\"},\"sameAs\":[\"https:\\\/\\\/www.facebook.com\\\/La-Sentinelle-104059864394773\"]},{\"@type\":\"Person\",\"@id\":\"https:\\\/\\\/lasentinelle.dz\\\/#\\\/schema\\\/person\\\/729ee0024f24e0b8c5ec17232f8e8b41\",\"name\":\"admin\",\"image\":{\"@type\":\"ImageObject\",\"inLanguage\":\"fr-FR\",\"@id\":\"https:\\\/\\\/secure.gravatar.com\\\/avatar\\\/4c81fed838786e9b53f540bf46533e750f5d292099ae3b66cfc6fb1982e29df7?s=96&d=mm&r=g\",\"url\":\"https:\\\/\\\/secure.gravatar.com\\\/avatar\\\/4c81fed838786e9b53f540bf46533e750f5d292099ae3b66cfc6fb1982e29df7?s=96&d=mm&r=g\",\"contentUrl\":\"https:\\\/\\\/secure.gravatar.com\\\/avatar\\\/4c81fed838786e9b53f540bf46533e750f5d292099ae3b66cfc6fb1982e29df7?s=96&d=mm&r=g\",\"caption\":\"admin\"},\"description\":\"admin\",\"url\":\"https:\\\/\\\/lasentinelle.dz\\\/author\\\/admin\\\/\"}]}<\/script>\n<!-- \/ Yoast SEO plugin. -->","yoast_head_json":{"title":"Jijel\u00a0:\u00a0Les conditions de scolarisation optimis\u00e9es - La Sentinelle","robots":{"index":"index","follow":"follow","max-snippet":"max-snippet:-1","max-image-preview":"max-image-preview:large","max-video-preview":"max-video-preview:-1"},"canonical":"https:\/\/lasentinelle.dz\/index.php\/2026\/01\/28\/jijel-les-conditions-de-scolarisation-optimisees\/","og_locale":"fr_FR","og_type":"article","og_title":"Jijel\u00a0:\u00a0Les conditions de scolarisation optimis\u00e9es - La Sentinelle","og_description":"Le secteur de l&rsquo;\u00e9ducation dans la wilaya de Jijel semble avoir surmont\u00e9, avec beaucoup de confiance, les lacunes et les","og_url":"https:\/\/lasentinelle.dz\/index.php\/2026\/01\/28\/jijel-les-conditions-de-scolarisation-optimisees\/","og_site_name":"La Sentinelle","article_publisher":"https:\/\/www.facebook.com\/La-Sentinelle-104059864394773","article_published_time":"2026-01-28T12:03:24+00:00","article_modified_time":"2026-01-28T12:03:25+00:00","og_image":[{"width":600,"height":290,"url":"https:\/\/lasentinelle.dz\/wp-content\/uploads\/2026\/01\/classe.webp","type":"image\/webp"}],"author":"admin","twitter_card":"summary_large_image","twitter_misc":{"\u00c9crit par":"admin","Dur\u00e9e de lecture estim\u00e9e":"4 minutes"},"schema":{"@context":"https:\/\/schema.org","@graph":[{"@type":"Article","@id":"https:\/\/lasentinelle.dz\/index.php\/2026\/01\/28\/jijel-les-conditions-de-scolarisation-optimisees\/#article","isPartOf":{"@id":"https:\/\/lasentinelle.dz\/index.php\/2026\/01\/28\/jijel-les-conditions-de-scolarisation-optimisees\/"},"author":{"name":"admin","@id":"https:\/\/lasentinelle.dz\/#\/schema\/person\/729ee0024f24e0b8c5ec17232f8e8b41"},"headline":"Jijel\u00a0:\u00a0Les conditions de scolarisation optimis\u00e9es","datePublished":"2026-01-28T12:03:24+00:00","dateModified":"2026-01-28T12:03:25+00:00","mainEntityOfPage":{"@id":"https:\/\/lasentinelle.dz\/index.php\/2026\/01\/28\/jijel-les-conditions-de-scolarisation-optimisees\/"},"wordCount":740,"commentCount":0,"publisher":{"@id":"https:\/\/lasentinelle.dz\/#organization"},"image":{"@id":"https:\/\/lasentinelle.dz\/index.php\/2026\/01\/28\/jijel-les-conditions-de-scolarisation-optimisees\/#primaryimage"},"thumbnailUrl":"https:\/\/lasentinelle.dz\/wp-content\/uploads\/2026\/01\/classe.webp","articleSection":["R\u00e9gions"],"inLanguage":"fr-FR","potentialAction":[{"@type":"CommentAction","name":"Comment","target":["https:\/\/lasentinelle.dz\/index.php\/2026\/01\/28\/jijel-les-conditions-de-scolarisation-optimisees\/#respond"]}]},{"@type":"WebPage","@id":"https:\/\/lasentinelle.dz\/index.php\/2026\/01\/28\/jijel-les-conditions-de-scolarisation-optimisees\/","url":"https:\/\/lasentinelle.dz\/index.php\/2026\/01\/28\/jijel-les-conditions-de-scolarisation-optimisees\/","name":"Jijel\u00a0:\u00a0Les conditions de scolarisation optimis\u00e9es - La Sentinelle","isPartOf":{"@id":"https:\/\/lasentinelle.dz\/#website"},"primaryImageOfPage":{"@id":"https:\/\/lasentinelle.dz\/index.php\/2026\/01\/28\/jijel-les-conditions-de-scolarisation-optimisees\/#primaryimage"},"image":{"@id":"https:\/\/lasentinelle.dz\/index.php\/2026\/01\/28\/jijel-les-conditions-de-scolarisation-optimisees\/#primaryimage"},"thumbnailUrl":"https:\/\/lasentinelle.dz\/wp-content\/uploads\/2026\/01\/classe.webp","datePublished":"2026-01-28T12:03:24+00:00","dateModified":"2026-01-28T12:03:25+00:00","breadcrumb":{"@id":"https:\/\/lasentinelle.dz\/index.php\/2026\/01\/28\/jijel-les-conditions-de-scolarisation-optimisees\/#breadcrumb"},"inLanguage":"fr-FR","potentialAction":[{"@type":"ReadAction","target":["https:\/\/lasentinelle.dz\/index.php\/2026\/01\/28\/jijel-les-conditions-de-scolarisation-optimisees\/"]}]},{"@type":"ImageObject","inLanguage":"fr-FR","@id":"https:\/\/lasentinelle.dz\/index.php\/2026\/01\/28\/jijel-les-conditions-de-scolarisation-optimisees\/#primaryimage","url":"https:\/\/lasentinelle.dz\/wp-content\/uploads\/2026\/01\/classe.webp","contentUrl":"https:\/\/lasentinelle.dz\/wp-content\/uploads\/2026\/01\/classe.webp","width":600,"height":290},{"@type":"BreadcrumbList","@id":"https:\/\/lasentinelle.dz\/index.php\/2026\/01\/28\/jijel-les-conditions-de-scolarisation-optimisees\/#breadcrumb","itemListElement":[{"@type":"ListItem","position":1,"name":"Accueil","item":"https:\/\/lasentinelle.dz\/"},{"@type":"ListItem","position":2,"name":"Jijel\u00a0:\u00a0Les conditions de scolarisation optimis\u00e9es"}]},{"@type":"WebSite","@id":"https:\/\/lasentinelle.dz\/#website","url":"https:\/\/lasentinelle.dz\/","name":"La Sentinelle","description":"Quotidien national d&#039;information","publisher":{"@id":"https:\/\/lasentinelle.dz\/#organization"},"potentialAction":[{"@type":"SearchAction","target":{"@type":"EntryPoint","urlTemplate":"https:\/\/lasentinelle.dz\/?s={search_term_string}"},"query-input":{"@type":"PropertyValueSpecification","valueRequired":true,"valueName":"search_term_string"}}],"inLanguage":"fr-FR"},{"@type":"Organization","@id":"https:\/\/lasentinelle.dz\/#organization","name":"Quotidien La Sentinelle","url":"https:\/\/lasentinelle.dz\/","logo":{"@type":"ImageObject","inLanguage":"fr-FR","@id":"https:\/\/lasentinelle.dz\/#\/schema\/logo\/image\/","url":"https:\/\/lasentinelle.dz\/wp-content\/uploads\/2021\/09\/logo-sentinelleSLOGAN-1.png","contentUrl":"https:\/\/lasentinelle.dz\/wp-content\/uploads\/2021\/09\/logo-sentinelleSLOGAN-1.png","width":615,"height":142,"caption":"Quotidien La Sentinelle"},"image":{"@id":"https:\/\/lasentinelle.dz\/#\/schema\/logo\/image\/"},"sameAs":["https:\/\/www.facebook.com\/La-Sentinelle-104059864394773"]},{"@type":"Person","@id":"https:\/\/lasentinelle.dz\/#\/schema\/person\/729ee0024f24e0b8c5ec17232f8e8b41","name":"admin","image":{"@type":"ImageObject","inLanguage":"fr-FR","@id":"https:\/\/secure.gravatar.com\/avatar\/4c81fed838786e9b53f540bf46533e750f5d292099ae3b66cfc6fb1982e29df7?s=96&d=mm&r=g","url":"https:\/\/secure.gravatar.com\/avatar\/4c81fed838786e9b53f540bf46533e750f5d292099ae3b66cfc6fb1982e29df7?s=96&d=mm&r=g","contentUrl":"https:\/\/secure.gravatar.com\/avatar\/4c81fed838786e9b53f540bf46533e750f5d292099ae3b66cfc6fb1982e29df7?s=96&d=mm&r=g","caption":"admin"},"description":"admin","url":"https:\/\/lasentinelle.dz\/author\/admin\/"}]}},"_links":{"self":[{"href":"https:\/\/lasentinelle.dz\/index.php\/wp-json\/wp\/v2\/posts\/80228","targetHints":{"allow":["GET"]}}],"collection":[{"href":"https:\/\/lasentinelle.dz\/index.php\/wp-json\/wp\/v2\/posts"}],"about":[{"href":"https:\/\/lasentinelle.dz\/index.php\/wp-json\/wp\/v2\/types\/post"}],"author":[{"embeddable":true,"href":"https:\/\/lasentinelle.dz\/index.php\/wp-json\/wp\/v2\/users\/6"}],"replies":[{"embeddable":true,"href":"https:\/\/lasentinelle.dz\/index.php\/wp-json\/wp\/v2\/comments?post=80228"}],"version-history":[{"count":1,"href":"https:\/\/lasentinelle.dz\/index.php\/wp-json\/wp\/v2\/posts\/80228\/revisions"}],"predecessor-version":[{"id":80230,"href":"https:\/\/lasentinelle.dz\/index.php\/wp-json\/wp\/v2\/posts\/80228\/revisions\/80230"}],"wp:featuredmedia":[{"embeddable":true,"href":"https:\/\/lasentinelle.dz\/index.php\/wp-json\/wp\/v2\/media\/80229"}],"wp:attachment":[{"href":"https:\/\/lasentinelle.dz\/index.php\/wp-json\/wp\/v2\/media?parent=80228"}],"wp:term":[{"taxonomy":"category","embeddable":true,"href":"https:\/\/lasentinelle.dz\/index.php\/wp-json\/wp\/v2\/categories?post=80228"},{"taxonomy":"post_tag","embeddable":true,"href":"https:\/\/lasentinelle.dz\/index.php\/wp-json\/wp\/v2\/tags?post=80228"}],"curies":[{"name":"wp","href":"https:\/\/api.w.org\/{rel}","templated":true}]}}