{"id":80231,"date":"2026-01-28T13:05:43","date_gmt":"2026-01-28T12:05:43","guid":{"rendered":"https:\/\/lasentinelle.dz\/?p=80231"},"modified":"2026-01-28T13:05:44","modified_gmt":"2026-01-28T12:05:44","slug":"aapi-vers-la-creation-dun-nouveau-pole-agroalimentaire-a-ain-defla","status":"publish","type":"post","link":"https:\/\/lasentinelle.dz\/index.php\/2026\/01\/28\/aapi-vers-la-creation-dun-nouveau-pole-agroalimentaire-a-ain-defla\/","title":{"rendered":"AAPI\u00a0:\u00a0Vers la cr\u00e9ation d&rsquo;un nouveau p\u00f4le agroalimentaire \u00e0 A\u00efn Defla"},"content":{"rendered":"\n<p>L&rsquo;Agence alg\u00e9rienne de promotion de l&rsquo;investissement a annonc\u00e9 mardi le lancement d&rsquo;un projet de p\u00f4le industriel d\u00e9di\u00e9 aux industries de transformation agroalimentaire dans la wilaya d&rsquo;A\u00efn Defla. Cette initiative s&rsquo;inscrit dans la strat\u00e9gie de l&rsquo;\u00c9tat visant \u00e0 cr\u00e9er des zones d&rsquo;activit\u00e9s sp\u00e9cialis\u00e9es pour dynamiser l&rsquo;\u00e9conomie nationale et attirer les investisseurs.&nbsp;Dans un communiqu\u00e9 publi\u00e9 mardi, l&rsquo;AAPI a pr\u00e9cis\u00e9 que \u00ab\u00a0dans le cadre de ses efforts pour cr\u00e9er des p\u00f4les d&rsquo;investissement sp\u00e9cialis\u00e9s, l&rsquo;Agence alg\u00e9rienne de promotion de l&rsquo;investissement annonce le lancement d&rsquo;un p\u00f4le d\u00e9di\u00e9 aux industries de transformation agroalimentaire dans la wilaya d&rsquo;A\u00efn Defla, \u00e0 travers une op\u00e9ration de publication initiale de douze assiettes fonci\u00e8res destin\u00e9es \u00e0 l&rsquo;investissement, relevant du domaine priv\u00e9 de l&rsquo;\u00c9tat\u00a0\u00bb.&nbsp;Les assiettes fonci\u00e8res propos\u00e9es se situent au niveau de la zone d&rsquo;activit\u00e9s de Karma-Tiberkhanine, dans la wilaya d&rsquo;A\u00efn Defla. Elles s&rsquo;\u00e9tendent sur des superficies variant entre&nbsp;4.000&nbsp;et&nbsp;34.000&nbsp;m\u00e8tres carr\u00e9s. Ces terrains sont destin\u00e9s \u00e0 l&rsquo;implantation d&rsquo;un p\u00f4le industriel sp\u00e9cialis\u00e9 dans les industries de transformation agroalimentaire, incluant l&rsquo;ensemble des activit\u00e9s connexes telles que la conserverie, la transformation, le conditionnement, la conservation et la r\u00e9frig\u00e9ration.&nbsp;Le projet a \u00e9t\u00e9 \u00e9labor\u00e9 en coordination avec les services du minist\u00e8re de l&rsquo;Agriculture et du D\u00e9veloppement rural et de la P\u00eache maritime, ainsi qu&rsquo;avec les autorit\u00e9s locales de la wilaya d&rsquo;A\u00efn Defla, afin de garantir sa conformit\u00e9 avec les plans de d\u00e9veloppement et les potentialit\u00e9s locales, selon la m\u00eame source.&nbsp;&nbsp;L&rsquo;Agence a invit\u00e9 les investisseurs int\u00e9ress\u00e9s par ces assiettes fonci\u00e8res \u00e0 consulter l&rsquo;offre via la plateforme num\u00e9rique d\u00e9di\u00e9e aux investisseurs accessible \u00e0 l&rsquo;adresse https:\/\/invest.gov.dz\/land_offer\/land_consult. Cette plateforme permet aux op\u00e9rateurs \u00e9conomiques de prendre connaissance des diff\u00e9rentes informations relatives \u00e0 l&rsquo;offre fonci\u00e8re et de d\u00e9poser leurs demandes de mani\u00e8re \u00e9lectronique, simplifiant ainsi les d\u00e9marches administratives.&nbsp;L&rsquo;AAPI a \u00e9galement indiqu\u00e9 que des travaux sont en cours pour pr\u00e9parer des p\u00f4les d&rsquo;investissement similaires dans d&rsquo;autres wilayas du pays. Cette d\u00e9marche s&rsquo;inscrit dans le cadre des efforts de l&rsquo;\u00c9tat pour soutenir les investisseurs et encourager l&rsquo;investissement dans le secteur de l&rsquo;agriculture et des industries agroalimentaires, secteurs consid\u00e9r\u00e9s comme prioritaires pour la diversification de l&rsquo;\u00e9conomie nationale et la r\u00e9duction de la d\u00e9pendance aux importations.<\/p>\n\n\n\n<p>La cr\u00e9ation de ce p\u00f4le agroalimentaire \u00e0 A\u00efn Defla devrait contribuer \u00e0 valoriser les productions agricoles locales, cr\u00e9er des emplois et renforcer la cha\u00eene de valeur du secteur agroalimentaire dans une r\u00e9gion disposant d&rsquo;importantes potentialit\u00e9s agricoles. Cette initiative refl\u00e8te la volont\u00e9 des autorit\u00e9s de structurer l&rsquo;investissement industriel autour de zones sp\u00e9cialis\u00e9es offrant un environnement propice au d\u00e9veloppement des activit\u00e9s \u00e9conomiques.<\/p>\n\n\n\n<p>Sabrina Aziouez<\/p>\n","protected":false},"excerpt":{"rendered":"<p>L&rsquo;Agence alg\u00e9rienne de promotion de l&rsquo;investissement a annonc\u00e9 mardi le lancement d&rsquo;un projet de p\u00f4le industriel d\u00e9di\u00e9 aux industries de<\/p>\n","protected":false},"author":6,"featured_media":80232,"comment_status":"open","ping_status":"closed","sticky":false,"template":"","format":"standard","meta":{"colormag_page_container_layout":"default_layout","colormag_page_sidebar_layout":"default_layout","om_disable_all_campaigns":false,"_monsterinsights_skip_tracking":false,"_monsterinsights_sitenote_active":false,"_monsterinsights_sitenote_note":"","_monsterinsights_sitenote_category":0,"footnotes":"","_wpscppro_dont_share_socialmedia":false,"_wpscppro_custom_social_share_image":0,"_facebook_share_type":"default","_twitter_share_type":"default","_linkedin_share_type":"default","_pinterest_share_type":"default","_linkedin_share_type_page":"","_instagram_share_type":"default","_medium_share_type":"default","_threads_share_type":"default","_google_business_share_type":"default","_selected_social_profile":[],"_wpsp_enable_custom_social_template":false,"_wpsp_social_scheduling":{"enabled":false,"datetime":null,"platforms":[],"status":"template_only","dateOption":"today","timeOption":"now","customDays":"","customHours":"","customDate":"","customTime":"","schedulingType":"absolute"},"_wpsp_active_default_template":true},"categories":[29],"tags":[],"class_list":["post-80231","post","type-post","status-publish","format-standard","has-post-thumbnail","hentry","category-economie"],"aioseo_notices":[],"yoast_head":"<!-- This site is optimized with the Yoast SEO plugin v27.5 - https:\/\/yoast.com\/product\/yoast-seo-wordpress\/ -->\n<title>AAPI\u00a0:\u00a0Vers la cr\u00e9ation d&rsquo;un nouveau p\u00f4le agroalimentaire \u00e0 A\u00efn Defla - La Sentinelle<\/title>\n<meta name=\"robots\" content=\"index, follow, max-snippet:-1, max-image-preview:large, max-video-preview:-1\" \/>\n<link rel=\"canonical\" href=\"https:\/\/lasentinelle.dz\/index.php\/2026\/01\/28\/aapi-vers-la-creation-dun-nouveau-pole-agroalimentaire-a-ain-defla\/\" \/>\n<meta property=\"og:locale\" content=\"fr_FR\" \/>\n<meta property=\"og:type\" content=\"article\" \/>\n<meta property=\"og:title\" content=\"AAPI\u00a0:\u00a0Vers la cr\u00e9ation d&rsquo;un nouveau p\u00f4le agroalimentaire \u00e0 A\u00efn Defla - La Sentinelle\" \/>\n<meta property=\"og:description\" content=\"L&rsquo;Agence alg\u00e9rienne de promotion de l&rsquo;investissement a annonc\u00e9 mardi le lancement d&rsquo;un projet de p\u00f4le industriel d\u00e9di\u00e9 aux industries de\" \/>\n<meta property=\"og:url\" content=\"https:\/\/lasentinelle.dz\/index.php\/2026\/01\/28\/aapi-vers-la-creation-dun-nouveau-pole-agroalimentaire-a-ain-defla\/\" \/>\n<meta property=\"og:site_name\" content=\"La Sentinelle\" \/>\n<meta property=\"article:publisher\" content=\"https:\/\/www.facebook.com\/La-Sentinelle-104059864394773\" \/>\n<meta property=\"article:published_time\" content=\"2026-01-28T12:05:43+00:00\" \/>\n<meta property=\"article:modified_time\" content=\"2026-01-28T12:05:44+00:00\" \/>\n<meta property=\"og:image\" content=\"https:\/\/lasentinelle.dz\/wp-content\/uploads\/2026\/01\/zone-industrielle.jpeg\" \/>\n\t<meta property=\"og:image:width\" content=\"2048\" \/>\n\t<meta property=\"og:image:height\" content=\"1152\" \/>\n\t<meta property=\"og:image:type\" content=\"image\/jpeg\" \/>\n<meta name=\"author\" content=\"admin\" \/>\n<meta name=\"twitter:card\" content=\"summary_large_image\" \/>\n<meta name=\"twitter:label1\" content=\"\u00c9crit par\" \/>\n\t<meta name=\"twitter:data1\" content=\"admin\" \/>\n\t<meta name=\"twitter:label2\" content=\"Dur\u00e9e de lecture estim\u00e9e\" \/>\n\t<meta name=\"twitter:data2\" content=\"3 minutes\" \/>\n<script type=\"application\/ld+json\" class=\"yoast-schema-graph\">{\"@context\":\"https:\\\/\\\/schema.org\",\"@graph\":[{\"@type\":\"Article\",\"@id\":\"https:\\\/\\\/lasentinelle.dz\\\/index.php\\\/2026\\\/01\\\/28\\\/aapi-vers-la-creation-dun-nouveau-pole-agroalimentaire-a-ain-defla\\\/#article\",\"isPartOf\":{\"@id\":\"https:\\\/\\\/lasentinelle.dz\\\/index.php\\\/2026\\\/01\\\/28\\\/aapi-vers-la-creation-dun-nouveau-pole-agroalimentaire-a-ain-defla\\\/\"},\"author\":{\"name\":\"admin\",\"@id\":\"https:\\\/\\\/lasentinelle.dz\\\/#\\\/schema\\\/person\\\/729ee0024f24e0b8c5ec17232f8e8b41\"},\"headline\":\"AAPI\u00a0:\u00a0Vers la cr\u00e9ation d&rsquo;un nouveau p\u00f4le agroalimentaire \u00e0 A\u00efn Defla\",\"datePublished\":\"2026-01-28T12:05:43+00:00\",\"dateModified\":\"2026-01-28T12:05:44+00:00\",\"mainEntityOfPage\":{\"@id\":\"https:\\\/\\\/lasentinelle.dz\\\/index.php\\\/2026\\\/01\\\/28\\\/aapi-vers-la-creation-dun-nouveau-pole-agroalimentaire-a-ain-defla\\\/\"},\"wordCount\":542,\"commentCount\":0,\"publisher\":{\"@id\":\"https:\\\/\\\/lasentinelle.dz\\\/#organization\"},\"image\":{\"@id\":\"https:\\\/\\\/lasentinelle.dz\\\/index.php\\\/2026\\\/01\\\/28\\\/aapi-vers-la-creation-dun-nouveau-pole-agroalimentaire-a-ain-defla\\\/#primaryimage\"},\"thumbnailUrl\":\"https:\\\/\\\/lasentinelle.dz\\\/wp-content\\\/uploads\\\/2026\\\/01\\\/zone-industrielle.jpeg\",\"articleSection\":[\"\u00c9conomie\"],\"inLanguage\":\"fr-FR\",\"potentialAction\":[{\"@type\":\"CommentAction\",\"name\":\"Comment\",\"target\":[\"https:\\\/\\\/lasentinelle.dz\\\/index.php\\\/2026\\\/01\\\/28\\\/aapi-vers-la-creation-dun-nouveau-pole-agroalimentaire-a-ain-defla\\\/#respond\"]}]},{\"@type\":\"WebPage\",\"@id\":\"https:\\\/\\\/lasentinelle.dz\\\/index.php\\\/2026\\\/01\\\/28\\\/aapi-vers-la-creation-dun-nouveau-pole-agroalimentaire-a-ain-defla\\\/\",\"url\":\"https:\\\/\\\/lasentinelle.dz\\\/index.php\\\/2026\\\/01\\\/28\\\/aapi-vers-la-creation-dun-nouveau-pole-agroalimentaire-a-ain-defla\\\/\",\"name\":\"AAPI\u00a0:\u00a0Vers la cr\u00e9ation d&rsquo;un nouveau p\u00f4le agroalimentaire \u00e0 A\u00efn Defla - La Sentinelle\",\"isPartOf\":{\"@id\":\"https:\\\/\\\/lasentinelle.dz\\\/#website\"},\"primaryImageOfPage\":{\"@id\":\"https:\\\/\\\/lasentinelle.dz\\\/index.php\\\/2026\\\/01\\\/28\\\/aapi-vers-la-creation-dun-nouveau-pole-agroalimentaire-a-ain-defla\\\/#primaryimage\"},\"image\":{\"@id\":\"https:\\\/\\\/lasentinelle.dz\\\/index.php\\\/2026\\\/01\\\/28\\\/aapi-vers-la-creation-dun-nouveau-pole-agroalimentaire-a-ain-defla\\\/#primaryimage\"},\"thumbnailUrl\":\"https:\\\/\\\/lasentinelle.dz\\\/wp-content\\\/uploads\\\/2026\\\/01\\\/zone-industrielle.jpeg\",\"datePublished\":\"2026-01-28T12:05:43+00:00\",\"dateModified\":\"2026-01-28T12:05:44+00:00\",\"breadcrumb\":{\"@id\":\"https:\\\/\\\/lasentinelle.dz\\\/index.php\\\/2026\\\/01\\\/28\\\/aapi-vers-la-creation-dun-nouveau-pole-agroalimentaire-a-ain-defla\\\/#breadcrumb\"},\"inLanguage\":\"fr-FR\",\"potentialAction\":[{\"@type\":\"ReadAction\",\"target\":[\"https:\\\/\\\/lasentinelle.dz\\\/index.php\\\/2026\\\/01\\\/28\\\/aapi-vers-la-creation-dun-nouveau-pole-agroalimentaire-a-ain-defla\\\/\"]}]},{\"@type\":\"ImageObject\",\"inLanguage\":\"fr-FR\",\"@id\":\"https:\\\/\\\/lasentinelle.dz\\\/index.php\\\/2026\\\/01\\\/28\\\/aapi-vers-la-creation-dun-nouveau-pole-agroalimentaire-a-ain-defla\\\/#primaryimage\",\"url\":\"https:\\\/\\\/lasentinelle.dz\\\/wp-content\\\/uploads\\\/2026\\\/01\\\/zone-industrielle.jpeg\",\"contentUrl\":\"https:\\\/\\\/lasentinelle.dz\\\/wp-content\\\/uploads\\\/2026\\\/01\\\/zone-industrielle.jpeg\",\"width\":2048,\"height\":1152},{\"@type\":\"BreadcrumbList\",\"@id\":\"https:\\\/\\\/lasentinelle.dz\\\/index.php\\\/2026\\\/01\\\/28\\\/aapi-vers-la-creation-dun-nouveau-pole-agroalimentaire-a-ain-defla\\\/#breadcrumb\",\"itemListElement\":[{\"@type\":\"ListItem\",\"position\":1,\"name\":\"Accueil\",\"item\":\"https:\\\/\\\/lasentinelle.dz\\\/\"},{\"@type\":\"ListItem\",\"position\":2,\"name\":\"AAPI\u00a0:\u00a0Vers la cr\u00e9ation d&rsquo;un nouveau p\u00f4le agroalimentaire \u00e0 A\u00efn Defla\"}]},{\"@type\":\"WebSite\",\"@id\":\"https:\\\/\\\/lasentinelle.dz\\\/#website\",\"url\":\"https:\\\/\\\/lasentinelle.dz\\\/\",\"name\":\"La Sentinelle\",\"description\":\"Quotidien national d&#039;information\",\"publisher\":{\"@id\":\"https:\\\/\\\/lasentinelle.dz\\\/#organization\"},\"potentialAction\":[{\"@type\":\"SearchAction\",\"target\":{\"@type\":\"EntryPoint\",\"urlTemplate\":\"https:\\\/\\\/lasentinelle.dz\\\/?s={search_term_string}\"},\"query-input\":{\"@type\":\"PropertyValueSpecification\",\"valueRequired\":true,\"valueName\":\"search_term_string\"}}],\"inLanguage\":\"fr-FR\"},{\"@type\":\"Organization\",\"@id\":\"https:\\\/\\\/lasentinelle.dz\\\/#organization\",\"name\":\"Quotidien La Sentinelle\",\"url\":\"https:\\\/\\\/lasentinelle.dz\\\/\",\"logo\":{\"@type\":\"ImageObject\",\"inLanguage\":\"fr-FR\",\"@id\":\"https:\\\/\\\/lasentinelle.dz\\\/#\\\/schema\\\/logo\\\/image\\\/\",\"url\":\"https:\\\/\\\/lasentinelle.dz\\\/wp-content\\\/uploads\\\/2021\\\/09\\\/logo-sentinelleSLOGAN-1.png\",\"contentUrl\":\"https:\\\/\\\/lasentinelle.dz\\\/wp-content\\\/uploads\\\/2021\\\/09\\\/logo-sentinelleSLOGAN-1.png\",\"width\":615,\"height\":142,\"caption\":\"Quotidien La Sentinelle\"},\"image\":{\"@id\":\"https:\\\/\\\/lasentinelle.dz\\\/#\\\/schema\\\/logo\\\/image\\\/\"},\"sameAs\":[\"https:\\\/\\\/www.facebook.com\\\/La-Sentinelle-104059864394773\"]},{\"@type\":\"Person\",\"@id\":\"https:\\\/\\\/lasentinelle.dz\\\/#\\\/schema\\\/person\\\/729ee0024f24e0b8c5ec17232f8e8b41\",\"name\":\"admin\",\"image\":{\"@type\":\"ImageObject\",\"inLanguage\":\"fr-FR\",\"@id\":\"https:\\\/\\\/secure.gravatar.com\\\/avatar\\\/4c81fed838786e9b53f540bf46533e750f5d292099ae3b66cfc6fb1982e29df7?s=96&d=mm&r=g\",\"url\":\"https:\\\/\\\/secure.gravatar.com\\\/avatar\\\/4c81fed838786e9b53f540bf46533e750f5d292099ae3b66cfc6fb1982e29df7?s=96&d=mm&r=g\",\"contentUrl\":\"https:\\\/\\\/secure.gravatar.com\\\/avatar\\\/4c81fed838786e9b53f540bf46533e750f5d292099ae3b66cfc6fb1982e29df7?s=96&d=mm&r=g\",\"caption\":\"admin\"},\"description\":\"admin\",\"url\":\"https:\\\/\\\/lasentinelle.dz\\\/author\\\/admin\\\/\"}]}<\/script>\n<!-- \/ Yoast SEO plugin. -->","yoast_head_json":{"title":"AAPI\u00a0:\u00a0Vers la cr\u00e9ation d&rsquo;un nouveau p\u00f4le agroalimentaire \u00e0 A\u00efn Defla - La Sentinelle","robots":{"index":"index","follow":"follow","max-snippet":"max-snippet:-1","max-image-preview":"max-image-preview:large","max-video-preview":"max-video-preview:-1"},"canonical":"https:\/\/lasentinelle.dz\/index.php\/2026\/01\/28\/aapi-vers-la-creation-dun-nouveau-pole-agroalimentaire-a-ain-defla\/","og_locale":"fr_FR","og_type":"article","og_title":"AAPI\u00a0:\u00a0Vers la cr\u00e9ation d&rsquo;un nouveau p\u00f4le agroalimentaire \u00e0 A\u00efn Defla - La Sentinelle","og_description":"L&rsquo;Agence alg\u00e9rienne de promotion de l&rsquo;investissement a annonc\u00e9 mardi le lancement d&rsquo;un projet de p\u00f4le industriel d\u00e9di\u00e9 aux industries de","og_url":"https:\/\/lasentinelle.dz\/index.php\/2026\/01\/28\/aapi-vers-la-creation-dun-nouveau-pole-agroalimentaire-a-ain-defla\/","og_site_name":"La Sentinelle","article_publisher":"https:\/\/www.facebook.com\/La-Sentinelle-104059864394773","article_published_time":"2026-01-28T12:05:43+00:00","article_modified_time":"2026-01-28T12:05:44+00:00","og_image":[{"width":2048,"height":1152,"url":"https:\/\/lasentinelle.dz\/wp-content\/uploads\/2026\/01\/zone-industrielle.jpeg","type":"image\/jpeg"}],"author":"admin","twitter_card":"summary_large_image","twitter_misc":{"\u00c9crit par":"admin","Dur\u00e9e de lecture estim\u00e9e":"3 minutes"},"schema":{"@context":"https:\/\/schema.org","@graph":[{"@type":"Article","@id":"https:\/\/lasentinelle.dz\/index.php\/2026\/01\/28\/aapi-vers-la-creation-dun-nouveau-pole-agroalimentaire-a-ain-defla\/#article","isPartOf":{"@id":"https:\/\/lasentinelle.dz\/index.php\/2026\/01\/28\/aapi-vers-la-creation-dun-nouveau-pole-agroalimentaire-a-ain-defla\/"},"author":{"name":"admin","@id":"https:\/\/lasentinelle.dz\/#\/schema\/person\/729ee0024f24e0b8c5ec17232f8e8b41"},"headline":"AAPI\u00a0:\u00a0Vers la cr\u00e9ation d&rsquo;un nouveau p\u00f4le agroalimentaire \u00e0 A\u00efn Defla","datePublished":"2026-01-28T12:05:43+00:00","dateModified":"2026-01-28T12:05:44+00:00","mainEntityOfPage":{"@id":"https:\/\/lasentinelle.dz\/index.php\/2026\/01\/28\/aapi-vers-la-creation-dun-nouveau-pole-agroalimentaire-a-ain-defla\/"},"wordCount":542,"commentCount":0,"publisher":{"@id":"https:\/\/lasentinelle.dz\/#organization"},"image":{"@id":"https:\/\/lasentinelle.dz\/index.php\/2026\/01\/28\/aapi-vers-la-creation-dun-nouveau-pole-agroalimentaire-a-ain-defla\/#primaryimage"},"thumbnailUrl":"https:\/\/lasentinelle.dz\/wp-content\/uploads\/2026\/01\/zone-industrielle.jpeg","articleSection":["\u00c9conomie"],"inLanguage":"fr-FR","potentialAction":[{"@type":"CommentAction","name":"Comment","target":["https:\/\/lasentinelle.dz\/index.php\/2026\/01\/28\/aapi-vers-la-creation-dun-nouveau-pole-agroalimentaire-a-ain-defla\/#respond"]}]},{"@type":"WebPage","@id":"https:\/\/lasentinelle.dz\/index.php\/2026\/01\/28\/aapi-vers-la-creation-dun-nouveau-pole-agroalimentaire-a-ain-defla\/","url":"https:\/\/lasentinelle.dz\/index.php\/2026\/01\/28\/aapi-vers-la-creation-dun-nouveau-pole-agroalimentaire-a-ain-defla\/","name":"AAPI\u00a0:\u00a0Vers la cr\u00e9ation d&rsquo;un nouveau p\u00f4le agroalimentaire \u00e0 A\u00efn Defla - La Sentinelle","isPartOf":{"@id":"https:\/\/lasentinelle.dz\/#website"},"primaryImageOfPage":{"@id":"https:\/\/lasentinelle.dz\/index.php\/2026\/01\/28\/aapi-vers-la-creation-dun-nouveau-pole-agroalimentaire-a-ain-defla\/#primaryimage"},"image":{"@id":"https:\/\/lasentinelle.dz\/index.php\/2026\/01\/28\/aapi-vers-la-creation-dun-nouveau-pole-agroalimentaire-a-ain-defla\/#primaryimage"},"thumbnailUrl":"https:\/\/lasentinelle.dz\/wp-content\/uploads\/2026\/01\/zone-industrielle.jpeg","datePublished":"2026-01-28T12:05:43+00:00","dateModified":"2026-01-28T12:05:44+00:00","breadcrumb":{"@id":"https:\/\/lasentinelle.dz\/index.php\/2026\/01\/28\/aapi-vers-la-creation-dun-nouveau-pole-agroalimentaire-a-ain-defla\/#breadcrumb"},"inLanguage":"fr-FR","potentialAction":[{"@type":"ReadAction","target":["https:\/\/lasentinelle.dz\/index.php\/2026\/01\/28\/aapi-vers-la-creation-dun-nouveau-pole-agroalimentaire-a-ain-defla\/"]}]},{"@type":"ImageObject","inLanguage":"fr-FR","@id":"https:\/\/lasentinelle.dz\/index.php\/2026\/01\/28\/aapi-vers-la-creation-dun-nouveau-pole-agroalimentaire-a-ain-defla\/#primaryimage","url":"https:\/\/lasentinelle.dz\/wp-content\/uploads\/2026\/01\/zone-industrielle.jpeg","contentUrl":"https:\/\/lasentinelle.dz\/wp-content\/uploads\/2026\/01\/zone-industrielle.jpeg","width":2048,"height":1152},{"@type":"BreadcrumbList","@id":"https:\/\/lasentinelle.dz\/index.php\/2026\/01\/28\/aapi-vers-la-creation-dun-nouveau-pole-agroalimentaire-a-ain-defla\/#breadcrumb","itemListElement":[{"@type":"ListItem","position":1,"name":"Accueil","item":"https:\/\/lasentinelle.dz\/"},{"@type":"ListItem","position":2,"name":"AAPI\u00a0:\u00a0Vers la cr\u00e9ation d&rsquo;un nouveau p\u00f4le agroalimentaire \u00e0 A\u00efn Defla"}]},{"@type":"WebSite","@id":"https:\/\/lasentinelle.dz\/#website","url":"https:\/\/lasentinelle.dz\/","name":"La Sentinelle","description":"Quotidien national d&#039;information","publisher":{"@id":"https:\/\/lasentinelle.dz\/#organization"},"potentialAction":[{"@type":"SearchAction","target":{"@type":"EntryPoint","urlTemplate":"https:\/\/lasentinelle.dz\/?s={search_term_string}"},"query-input":{"@type":"PropertyValueSpecification","valueRequired":true,"valueName":"search_term_string"}}],"inLanguage":"fr-FR"},{"@type":"Organization","@id":"https:\/\/lasentinelle.dz\/#organization","name":"Quotidien La Sentinelle","url":"https:\/\/lasentinelle.dz\/","logo":{"@type":"ImageObject","inLanguage":"fr-FR","@id":"https:\/\/lasentinelle.dz\/#\/schema\/logo\/image\/","url":"https:\/\/lasentinelle.dz\/wp-content\/uploads\/2021\/09\/logo-sentinelleSLOGAN-1.png","contentUrl":"https:\/\/lasentinelle.dz\/wp-content\/uploads\/2021\/09\/logo-sentinelleSLOGAN-1.png","width":615,"height":142,"caption":"Quotidien La Sentinelle"},"image":{"@id":"https:\/\/lasentinelle.dz\/#\/schema\/logo\/image\/"},"sameAs":["https:\/\/www.facebook.com\/La-Sentinelle-104059864394773"]},{"@type":"Person","@id":"https:\/\/lasentinelle.dz\/#\/schema\/person\/729ee0024f24e0b8c5ec17232f8e8b41","name":"admin","image":{"@type":"ImageObject","inLanguage":"fr-FR","@id":"https:\/\/secure.gravatar.com\/avatar\/4c81fed838786e9b53f540bf46533e750f5d292099ae3b66cfc6fb1982e29df7?s=96&d=mm&r=g","url":"https:\/\/secure.gravatar.com\/avatar\/4c81fed838786e9b53f540bf46533e750f5d292099ae3b66cfc6fb1982e29df7?s=96&d=mm&r=g","contentUrl":"https:\/\/secure.gravatar.com\/avatar\/4c81fed838786e9b53f540bf46533e750f5d292099ae3b66cfc6fb1982e29df7?s=96&d=mm&r=g","caption":"admin"},"description":"admin","url":"https:\/\/lasentinelle.dz\/author\/admin\/"}]}},"_links":{"self":[{"href":"https:\/\/lasentinelle.dz\/index.php\/wp-json\/wp\/v2\/posts\/80231","targetHints":{"allow":["GET"]}}],"collection":[{"href":"https:\/\/lasentinelle.dz\/index.php\/wp-json\/wp\/v2\/posts"}],"about":[{"href":"https:\/\/lasentinelle.dz\/index.php\/wp-json\/wp\/v2\/types\/post"}],"author":[{"embeddable":true,"href":"https:\/\/lasentinelle.dz\/index.php\/wp-json\/wp\/v2\/users\/6"}],"replies":[{"embeddable":true,"href":"https:\/\/lasentinelle.dz\/index.php\/wp-json\/wp\/v2\/comments?post=80231"}],"version-history":[{"count":2,"href":"https:\/\/lasentinelle.dz\/index.php\/wp-json\/wp\/v2\/posts\/80231\/revisions"}],"predecessor-version":[{"id":80234,"href":"https:\/\/lasentinelle.dz\/index.php\/wp-json\/wp\/v2\/posts\/80231\/revisions\/80234"}],"wp:featuredmedia":[{"embeddable":true,"href":"https:\/\/lasentinelle.dz\/index.php\/wp-json\/wp\/v2\/media\/80232"}],"wp:attachment":[{"href":"https:\/\/lasentinelle.dz\/index.php\/wp-json\/wp\/v2\/media?parent=80231"}],"wp:term":[{"taxonomy":"category","embeddable":true,"href":"https:\/\/lasentinelle.dz\/index.php\/wp-json\/wp\/v2\/categories?post=80231"},{"taxonomy":"post_tag","embeddable":true,"href":"https:\/\/lasentinelle.dz\/index.php\/wp-json\/wp\/v2\/tags?post=80231"}],"curies":[{"name":"wp","href":"https:\/\/api.w.org\/{rel}","templated":true}]}}