{"id":80238,"date":"2026-01-28T13:14:08","date_gmt":"2026-01-28T12:14:08","guid":{"rendered":"https:\/\/lasentinelle.dz\/?p=80238"},"modified":"2026-01-28T13:14:09","modified_gmt":"2026-01-28T12:14:09","slug":"industrie-une-feuille-de-route-2026-2028-axee-sur-la-diversification","status":"publish","type":"post","link":"https:\/\/lasentinelle.dz\/index.php\/2026\/01\/28\/industrie-une-feuille-de-route-2026-2028-axee-sur-la-diversification\/","title":{"rendered":"Industrie\u00a0: Une feuille de route 2026-2028 ax\u00e9e sur la diversification\u00a0"},"content":{"rendered":"\n<p>Le Premier ministre Sifi Ghrieb a pr\u00e9sid\u00e9 mardi une r\u00e9union&nbsp;du Gouvernement&nbsp;centr\u00e9e sur l&rsquo;avenir industriel du pays, d\u00e9voilant les grandes lignes d&rsquo;une feuille de route sectorielle ambitieuse pour la p\u00e9riode 2026-2028. Cette strat\u00e9gie vise \u00e0 diversifier l&rsquo;appareil productif national et \u00e0 accro\u00eetre substantiellement la contribution de l&rsquo;industrie au produit int\u00e9rieur brut, marquant une \u00e9tape d\u00e9cisive dans la transformation \u00e9conomique de l&rsquo;Alg\u00e9rie.<\/p>\n\n\n\n<p>Selon le communiqu\u00e9 des services du Premier ministre, \u00ab\u00a0le Gouvernement a entendu un expos\u00e9 sur le projet de feuille de route du secteur de l&rsquo;industrie, qui porte sur la diversification de l&rsquo;industrie nationale et l&rsquo;augmentation de sa contribution au PIB ainsi que sur la vision strat\u00e9gique pour le renforcement et la consolidation de l&rsquo;\u00e9cosyst\u00e8me national d\u00e9di\u00e9 au d\u00e9veloppement du secteur de l&rsquo;industrie\u00a0\u00bb. Cette pr\u00e9sentation s&rsquo;inscrit dans le cadre de l&rsquo;examen des feuilles de route sectorielles pour 2026-2028, \u00ab\u00a0conform\u00e9ment aux directives de Monsieur le Pr\u00e9sident de la R\u00e9publique\u00a0\u00bb, avant leur soumission au Conseil des ministres pour approbation finale.&nbsp;Le Premier ministre a profit\u00e9 de cette s\u00e9ance pour rappeler les exigences m\u00e9thodologiques devant encadrer l&rsquo;\u00e9laboration de ces documents strat\u00e9giques. Le communiqu\u00e9 pr\u00e9cise que Sifi Ghrieb a insist\u00e9 sur plusieurs points fondamentaux, notamment \u00ab\u00a0l&rsquo;identification des axes strat\u00e9giques du secteur, qui doit \u00eatre bas\u00e9e sur un diagnostic objectif de l&rsquo;\u00e9tat des lieux\u00a0\u00bb, ainsi que \u00ab\u00a0la d\u00e9finition des instruments et outils op\u00e9rationnels pour la mise en \u0153uvre de cette strat\u00e9gie\u00a0\u00bb. Le chef du gouvernement a \u00e9galement soulign\u00e9 l&rsquo;importance de \u00ab\u00a0la mise en ad\u00e9quation des objectifs de la strat\u00e9gie avec les capacit\u00e9s humaines et financi\u00e8res disponibles\u00a0\u00bb, rappelant la n\u00e9cessit\u00e9 d&rsquo;un r\u00e9alisme budg\u00e9taire et organisationnel. Parmi les autres orientations figurent \u00ab\u00a0la prise en charge de l&rsquo;interaction sectorielle des mesures et projets propos\u00e9s\u00a0\u00bb et \u00ab\u00a0l&rsquo;estimation des d\u00e9lais de leur r\u00e9alisation\u00a0\u00bb, garantissant ainsi une coh\u00e9rence globale des politiques publiques.<\/p>\n\n\n\n<p><strong>Modernisation du cadre coop\u00e9ratif agricole<\/strong><\/p>\n\n\n\n<p>La r\u00e9union gouvernementale a \u00e9galement abord\u00e9 le volet agricole avec l&rsquo;examen d&rsquo;un projet de d\u00e9cret ex\u00e9cutif destin\u00e9 \u00e0 r\u00e9volutionner le fonctionnement des coop\u00e9ratives agricoles. Le texte pr\u00e9sent\u00e9 \u00ab\u00a0vise \u00e0 moderniser le cadre juridique et organisationnel des coop\u00e9ratives agricoles en Alg\u00e9rie, dans le but de renforcer leur r\u00f4le dans le d\u00e9veloppement agricole, la s\u00e9curit\u00e9 alimentaire et la promotion de l&rsquo;investissement rural\u00a0\u00bb, indique le communiqu\u00e9 officiel.&nbsp;Les innovations introduites par ce projet sont substantielles. Le document gouvernemental pr\u00e9cise que \u00ab\u00a0ce projet de d\u00e9cret ex\u00e9cutif apporte plusieurs nouveaut\u00e9s en mati\u00e8re de cr\u00e9ation et de gestion des coop\u00e9ratives agricoles, notamment en simplifiant les proc\u00e9dures de cr\u00e9ation par l&rsquo;adoption d&rsquo;un syst\u00e8me d&rsquo;enregistrement au lieu d&rsquo;agr\u00e9ment\u00a0\u00bb. Cette simplification administrative devrait lever de nombreux obstacles bureaucratiques qui freinaient jusqu&rsquo;ici l&rsquo;essor du mouvement coop\u00e9ratif rural.&nbsp;Le texte pr\u00e9voit \u00e9galement des avanc\u00e9es en mati\u00e8re de gouvernance, \u00ab\u00a0en clarifiant les statuts et la gouvernance interne, en introduisant le capital social variable, la possibilit\u00e9 de cr\u00e9er des annexes et le renforcement du r\u00f4le des unions de coop\u00e9ratives\u00a0\u00bb. Ces dispositions devraient permettre aux structures coop\u00e9ratives de gagner en flexibilit\u00e9 et en capacit\u00e9 d&rsquo;adaptation face aux \u00e9volutions du march\u00e9 agricole, tout en renfor\u00e7ant leur ancrage territorial et leur coordination \u00e0 l&rsquo;\u00e9chelle r\u00e9gionale et nationale. L&rsquo;objectif affich\u00e9 reste la consolidation de la s\u00e9curit\u00e9 alimentaire nationale tout en stimulant l&rsquo;investissement dans les zones rurales.<\/p>\n\n\n\n<p>Amar Malki<\/p>\n","protected":false},"excerpt":{"rendered":"<p>Le Premier ministre Sifi Ghrieb a pr\u00e9sid\u00e9 mardi une r\u00e9union&nbsp;du Gouvernement&nbsp;centr\u00e9e sur l&rsquo;avenir industriel du pays, d\u00e9voilant les grandes lignes<\/p>\n","protected":false},"author":6,"featured_media":69871,"comment_status":"open","ping_status":"closed","sticky":false,"template":"","format":"standard","meta":{"colormag_page_container_layout":"default_layout","colormag_page_sidebar_layout":"default_layout","om_disable_all_campaigns":false,"_monsterinsights_skip_tracking":false,"_monsterinsights_sitenote_active":false,"_monsterinsights_sitenote_note":"","_monsterinsights_sitenote_category":0,"footnotes":"","_wpscppro_dont_share_socialmedia":false,"_wpscppro_custom_social_share_image":0,"_facebook_share_type":"default","_twitter_share_type":"default","_linkedin_share_type":"default","_pinterest_share_type":"default","_linkedin_share_type_page":"","_instagram_share_type":"default","_medium_share_type":"default","_threads_share_type":"default","_google_business_share_type":"default","_selected_social_profile":[],"_wpsp_enable_custom_social_template":false,"_wpsp_social_scheduling":{"enabled":false,"datetime":null,"platforms":[],"status":"template_only","dateOption":"today","timeOption":"now","customDays":"","customHours":"","customDate":"","customTime":"","schedulingType":"absolute"},"_wpsp_active_default_template":true},"categories":[29],"tags":[],"class_list":["post-80238","post","type-post","status-publish","format-standard","has-post-thumbnail","hentry","category-economie"],"aioseo_notices":[],"yoast_head":"<!-- This site is optimized with the Yoast SEO plugin v27.5 - https:\/\/yoast.com\/product\/yoast-seo-wordpress\/ -->\n<title>Industrie\u00a0: Une feuille de route 2026-2028 ax\u00e9e sur la diversification\u00a0 - La Sentinelle<\/title>\n<meta name=\"robots\" content=\"index, follow, max-snippet:-1, max-image-preview:large, max-video-preview:-1\" \/>\n<link rel=\"canonical\" href=\"https:\/\/lasentinelle.dz\/index.php\/2026\/01\/28\/industrie-une-feuille-de-route-2026-2028-axee-sur-la-diversification\/\" \/>\n<meta property=\"og:locale\" content=\"fr_FR\" \/>\n<meta property=\"og:type\" content=\"article\" \/>\n<meta property=\"og:title\" content=\"Industrie\u00a0: Une feuille de route 2026-2028 ax\u00e9e sur la diversification\u00a0 - La Sentinelle\" \/>\n<meta property=\"og:description\" content=\"Le Premier ministre Sifi Ghrieb a pr\u00e9sid\u00e9 mardi une r\u00e9union&nbsp;du Gouvernement&nbsp;centr\u00e9e sur l&rsquo;avenir industriel du pays, d\u00e9voilant les grandes lignes\" \/>\n<meta property=\"og:url\" content=\"https:\/\/lasentinelle.dz\/index.php\/2026\/01\/28\/industrie-une-feuille-de-route-2026-2028-axee-sur-la-diversification\/\" \/>\n<meta property=\"og:site_name\" content=\"La Sentinelle\" \/>\n<meta property=\"article:publisher\" content=\"https:\/\/www.facebook.com\/La-Sentinelle-104059864394773\" \/>\n<meta property=\"article:published_time\" content=\"2026-01-28T12:14:08+00:00\" \/>\n<meta property=\"article:modified_time\" content=\"2026-01-28T12:14:09+00:00\" \/>\n<meta property=\"og:image\" content=\"https:\/\/lasentinelle.dz\/wp-content\/uploads\/2025\/07\/Palais-du-gouvernement.jpg\" \/>\n\t<meta property=\"og:image:width\" content=\"1198\" \/>\n\t<meta property=\"og:image:height\" content=\"799\" \/>\n\t<meta property=\"og:image:type\" content=\"image\/jpeg\" \/>\n<meta name=\"author\" content=\"admin\" \/>\n<meta name=\"twitter:card\" content=\"summary_large_image\" \/>\n<meta name=\"twitter:label1\" content=\"\u00c9crit par\" \/>\n\t<meta name=\"twitter:data1\" content=\"admin\" \/>\n\t<meta name=\"twitter:label2\" content=\"Dur\u00e9e de lecture estim\u00e9e\" \/>\n\t<meta name=\"twitter:data2\" content=\"3 minutes\" \/>\n<script type=\"application\/ld+json\" class=\"yoast-schema-graph\">{\"@context\":\"https:\\\/\\\/schema.org\",\"@graph\":[{\"@type\":\"Article\",\"@id\":\"https:\\\/\\\/lasentinelle.dz\\\/index.php\\\/2026\\\/01\\\/28\\\/industrie-une-feuille-de-route-2026-2028-axee-sur-la-diversification\\\/#article\",\"isPartOf\":{\"@id\":\"https:\\\/\\\/lasentinelle.dz\\\/index.php\\\/2026\\\/01\\\/28\\\/industrie-une-feuille-de-route-2026-2028-axee-sur-la-diversification\\\/\"},\"author\":{\"name\":\"admin\",\"@id\":\"https:\\\/\\\/lasentinelle.dz\\\/#\\\/schema\\\/person\\\/729ee0024f24e0b8c5ec17232f8e8b41\"},\"headline\":\"Industrie\u00a0: Une feuille de route 2026-2028 ax\u00e9e sur la diversification\u00a0\",\"datePublished\":\"2026-01-28T12:14:08+00:00\",\"dateModified\":\"2026-01-28T12:14:09+00:00\",\"mainEntityOfPage\":{\"@id\":\"https:\\\/\\\/lasentinelle.dz\\\/index.php\\\/2026\\\/01\\\/28\\\/industrie-une-feuille-de-route-2026-2028-axee-sur-la-diversification\\\/\"},\"wordCount\":633,\"commentCount\":0,\"publisher\":{\"@id\":\"https:\\\/\\\/lasentinelle.dz\\\/#organization\"},\"image\":{\"@id\":\"https:\\\/\\\/lasentinelle.dz\\\/index.php\\\/2026\\\/01\\\/28\\\/industrie-une-feuille-de-route-2026-2028-axee-sur-la-diversification\\\/#primaryimage\"},\"thumbnailUrl\":\"https:\\\/\\\/lasentinelle.dz\\\/wp-content\\\/uploads\\\/2025\\\/07\\\/Palais-du-gouvernement.jpg\",\"articleSection\":[\"\u00c9conomie\"],\"inLanguage\":\"fr-FR\",\"potentialAction\":[{\"@type\":\"CommentAction\",\"name\":\"Comment\",\"target\":[\"https:\\\/\\\/lasentinelle.dz\\\/index.php\\\/2026\\\/01\\\/28\\\/industrie-une-feuille-de-route-2026-2028-axee-sur-la-diversification\\\/#respond\"]}]},{\"@type\":\"WebPage\",\"@id\":\"https:\\\/\\\/lasentinelle.dz\\\/index.php\\\/2026\\\/01\\\/28\\\/industrie-une-feuille-de-route-2026-2028-axee-sur-la-diversification\\\/\",\"url\":\"https:\\\/\\\/lasentinelle.dz\\\/index.php\\\/2026\\\/01\\\/28\\\/industrie-une-feuille-de-route-2026-2028-axee-sur-la-diversification\\\/\",\"name\":\"Industrie\u00a0: Une feuille de route 2026-2028 ax\u00e9e sur la diversification\u00a0 - La Sentinelle\",\"isPartOf\":{\"@id\":\"https:\\\/\\\/lasentinelle.dz\\\/#website\"},\"primaryImageOfPage\":{\"@id\":\"https:\\\/\\\/lasentinelle.dz\\\/index.php\\\/2026\\\/01\\\/28\\\/industrie-une-feuille-de-route-2026-2028-axee-sur-la-diversification\\\/#primaryimage\"},\"image\":{\"@id\":\"https:\\\/\\\/lasentinelle.dz\\\/index.php\\\/2026\\\/01\\\/28\\\/industrie-une-feuille-de-route-2026-2028-axee-sur-la-diversification\\\/#primaryimage\"},\"thumbnailUrl\":\"https:\\\/\\\/lasentinelle.dz\\\/wp-content\\\/uploads\\\/2025\\\/07\\\/Palais-du-gouvernement.jpg\",\"datePublished\":\"2026-01-28T12:14:08+00:00\",\"dateModified\":\"2026-01-28T12:14:09+00:00\",\"breadcrumb\":{\"@id\":\"https:\\\/\\\/lasentinelle.dz\\\/index.php\\\/2026\\\/01\\\/28\\\/industrie-une-feuille-de-route-2026-2028-axee-sur-la-diversification\\\/#breadcrumb\"},\"inLanguage\":\"fr-FR\",\"potentialAction\":[{\"@type\":\"ReadAction\",\"target\":[\"https:\\\/\\\/lasentinelle.dz\\\/index.php\\\/2026\\\/01\\\/28\\\/industrie-une-feuille-de-route-2026-2028-axee-sur-la-diversification\\\/\"]}]},{\"@type\":\"ImageObject\",\"inLanguage\":\"fr-FR\",\"@id\":\"https:\\\/\\\/lasentinelle.dz\\\/index.php\\\/2026\\\/01\\\/28\\\/industrie-une-feuille-de-route-2026-2028-axee-sur-la-diversification\\\/#primaryimage\",\"url\":\"https:\\\/\\\/lasentinelle.dz\\\/wp-content\\\/uploads\\\/2025\\\/07\\\/Palais-du-gouvernement.jpg\",\"contentUrl\":\"https:\\\/\\\/lasentinelle.dz\\\/wp-content\\\/uploads\\\/2025\\\/07\\\/Palais-du-gouvernement.jpg\",\"width\":1198,\"height\":799},{\"@type\":\"BreadcrumbList\",\"@id\":\"https:\\\/\\\/lasentinelle.dz\\\/index.php\\\/2026\\\/01\\\/28\\\/industrie-une-feuille-de-route-2026-2028-axee-sur-la-diversification\\\/#breadcrumb\",\"itemListElement\":[{\"@type\":\"ListItem\",\"position\":1,\"name\":\"Accueil\",\"item\":\"https:\\\/\\\/lasentinelle.dz\\\/\"},{\"@type\":\"ListItem\",\"position\":2,\"name\":\"Industrie\u00a0: Une feuille de route 2026-2028 ax\u00e9e sur la diversification\u00a0\"}]},{\"@type\":\"WebSite\",\"@id\":\"https:\\\/\\\/lasentinelle.dz\\\/#website\",\"url\":\"https:\\\/\\\/lasentinelle.dz\\\/\",\"name\":\"La Sentinelle\",\"description\":\"Quotidien national d&#039;information\",\"publisher\":{\"@id\":\"https:\\\/\\\/lasentinelle.dz\\\/#organization\"},\"potentialAction\":[{\"@type\":\"SearchAction\",\"target\":{\"@type\":\"EntryPoint\",\"urlTemplate\":\"https:\\\/\\\/lasentinelle.dz\\\/?s={search_term_string}\"},\"query-input\":{\"@type\":\"PropertyValueSpecification\",\"valueRequired\":true,\"valueName\":\"search_term_string\"}}],\"inLanguage\":\"fr-FR\"},{\"@type\":\"Organization\",\"@id\":\"https:\\\/\\\/lasentinelle.dz\\\/#organization\",\"name\":\"Quotidien La Sentinelle\",\"url\":\"https:\\\/\\\/lasentinelle.dz\\\/\",\"logo\":{\"@type\":\"ImageObject\",\"inLanguage\":\"fr-FR\",\"@id\":\"https:\\\/\\\/lasentinelle.dz\\\/#\\\/schema\\\/logo\\\/image\\\/\",\"url\":\"https:\\\/\\\/lasentinelle.dz\\\/wp-content\\\/uploads\\\/2021\\\/09\\\/logo-sentinelleSLOGAN-1.png\",\"contentUrl\":\"https:\\\/\\\/lasentinelle.dz\\\/wp-content\\\/uploads\\\/2021\\\/09\\\/logo-sentinelleSLOGAN-1.png\",\"width\":615,\"height\":142,\"caption\":\"Quotidien La Sentinelle\"},\"image\":{\"@id\":\"https:\\\/\\\/lasentinelle.dz\\\/#\\\/schema\\\/logo\\\/image\\\/\"},\"sameAs\":[\"https:\\\/\\\/www.facebook.com\\\/La-Sentinelle-104059864394773\"]},{\"@type\":\"Person\",\"@id\":\"https:\\\/\\\/lasentinelle.dz\\\/#\\\/schema\\\/person\\\/729ee0024f24e0b8c5ec17232f8e8b41\",\"name\":\"admin\",\"image\":{\"@type\":\"ImageObject\",\"inLanguage\":\"fr-FR\",\"@id\":\"https:\\\/\\\/secure.gravatar.com\\\/avatar\\\/4c81fed838786e9b53f540bf46533e750f5d292099ae3b66cfc6fb1982e29df7?s=96&d=mm&r=g\",\"url\":\"https:\\\/\\\/secure.gravatar.com\\\/avatar\\\/4c81fed838786e9b53f540bf46533e750f5d292099ae3b66cfc6fb1982e29df7?s=96&d=mm&r=g\",\"contentUrl\":\"https:\\\/\\\/secure.gravatar.com\\\/avatar\\\/4c81fed838786e9b53f540bf46533e750f5d292099ae3b66cfc6fb1982e29df7?s=96&d=mm&r=g\",\"caption\":\"admin\"},\"description\":\"admin\",\"url\":\"https:\\\/\\\/lasentinelle.dz\\\/author\\\/admin\\\/\"}]}<\/script>\n<!-- \/ Yoast SEO plugin. -->","yoast_head_json":{"title":"Industrie\u00a0: Une feuille de route 2026-2028 ax\u00e9e sur la diversification\u00a0 - La Sentinelle","robots":{"index":"index","follow":"follow","max-snippet":"max-snippet:-1","max-image-preview":"max-image-preview:large","max-video-preview":"max-video-preview:-1"},"canonical":"https:\/\/lasentinelle.dz\/index.php\/2026\/01\/28\/industrie-une-feuille-de-route-2026-2028-axee-sur-la-diversification\/","og_locale":"fr_FR","og_type":"article","og_title":"Industrie\u00a0: Une feuille de route 2026-2028 ax\u00e9e sur la diversification\u00a0 - La Sentinelle","og_description":"Le Premier ministre Sifi Ghrieb a pr\u00e9sid\u00e9 mardi une r\u00e9union&nbsp;du Gouvernement&nbsp;centr\u00e9e sur l&rsquo;avenir industriel du pays, d\u00e9voilant les grandes lignes","og_url":"https:\/\/lasentinelle.dz\/index.php\/2026\/01\/28\/industrie-une-feuille-de-route-2026-2028-axee-sur-la-diversification\/","og_site_name":"La Sentinelle","article_publisher":"https:\/\/www.facebook.com\/La-Sentinelle-104059864394773","article_published_time":"2026-01-28T12:14:08+00:00","article_modified_time":"2026-01-28T12:14:09+00:00","og_image":[{"width":1198,"height":799,"url":"https:\/\/lasentinelle.dz\/wp-content\/uploads\/2025\/07\/Palais-du-gouvernement.jpg","type":"image\/jpeg"}],"author":"admin","twitter_card":"summary_large_image","twitter_misc":{"\u00c9crit par":"admin","Dur\u00e9e de lecture estim\u00e9e":"3 minutes"},"schema":{"@context":"https:\/\/schema.org","@graph":[{"@type":"Article","@id":"https:\/\/lasentinelle.dz\/index.php\/2026\/01\/28\/industrie-une-feuille-de-route-2026-2028-axee-sur-la-diversification\/#article","isPartOf":{"@id":"https:\/\/lasentinelle.dz\/index.php\/2026\/01\/28\/industrie-une-feuille-de-route-2026-2028-axee-sur-la-diversification\/"},"author":{"name":"admin","@id":"https:\/\/lasentinelle.dz\/#\/schema\/person\/729ee0024f24e0b8c5ec17232f8e8b41"},"headline":"Industrie\u00a0: Une feuille de route 2026-2028 ax\u00e9e sur la diversification\u00a0","datePublished":"2026-01-28T12:14:08+00:00","dateModified":"2026-01-28T12:14:09+00:00","mainEntityOfPage":{"@id":"https:\/\/lasentinelle.dz\/index.php\/2026\/01\/28\/industrie-une-feuille-de-route-2026-2028-axee-sur-la-diversification\/"},"wordCount":633,"commentCount":0,"publisher":{"@id":"https:\/\/lasentinelle.dz\/#organization"},"image":{"@id":"https:\/\/lasentinelle.dz\/index.php\/2026\/01\/28\/industrie-une-feuille-de-route-2026-2028-axee-sur-la-diversification\/#primaryimage"},"thumbnailUrl":"https:\/\/lasentinelle.dz\/wp-content\/uploads\/2025\/07\/Palais-du-gouvernement.jpg","articleSection":["\u00c9conomie"],"inLanguage":"fr-FR","potentialAction":[{"@type":"CommentAction","name":"Comment","target":["https:\/\/lasentinelle.dz\/index.php\/2026\/01\/28\/industrie-une-feuille-de-route-2026-2028-axee-sur-la-diversification\/#respond"]}]},{"@type":"WebPage","@id":"https:\/\/lasentinelle.dz\/index.php\/2026\/01\/28\/industrie-une-feuille-de-route-2026-2028-axee-sur-la-diversification\/","url":"https:\/\/lasentinelle.dz\/index.php\/2026\/01\/28\/industrie-une-feuille-de-route-2026-2028-axee-sur-la-diversification\/","name":"Industrie\u00a0: Une feuille de route 2026-2028 ax\u00e9e sur la diversification\u00a0 - La Sentinelle","isPartOf":{"@id":"https:\/\/lasentinelle.dz\/#website"},"primaryImageOfPage":{"@id":"https:\/\/lasentinelle.dz\/index.php\/2026\/01\/28\/industrie-une-feuille-de-route-2026-2028-axee-sur-la-diversification\/#primaryimage"},"image":{"@id":"https:\/\/lasentinelle.dz\/index.php\/2026\/01\/28\/industrie-une-feuille-de-route-2026-2028-axee-sur-la-diversification\/#primaryimage"},"thumbnailUrl":"https:\/\/lasentinelle.dz\/wp-content\/uploads\/2025\/07\/Palais-du-gouvernement.jpg","datePublished":"2026-01-28T12:14:08+00:00","dateModified":"2026-01-28T12:14:09+00:00","breadcrumb":{"@id":"https:\/\/lasentinelle.dz\/index.php\/2026\/01\/28\/industrie-une-feuille-de-route-2026-2028-axee-sur-la-diversification\/#breadcrumb"},"inLanguage":"fr-FR","potentialAction":[{"@type":"ReadAction","target":["https:\/\/lasentinelle.dz\/index.php\/2026\/01\/28\/industrie-une-feuille-de-route-2026-2028-axee-sur-la-diversification\/"]}]},{"@type":"ImageObject","inLanguage":"fr-FR","@id":"https:\/\/lasentinelle.dz\/index.php\/2026\/01\/28\/industrie-une-feuille-de-route-2026-2028-axee-sur-la-diversification\/#primaryimage","url":"https:\/\/lasentinelle.dz\/wp-content\/uploads\/2025\/07\/Palais-du-gouvernement.jpg","contentUrl":"https:\/\/lasentinelle.dz\/wp-content\/uploads\/2025\/07\/Palais-du-gouvernement.jpg","width":1198,"height":799},{"@type":"BreadcrumbList","@id":"https:\/\/lasentinelle.dz\/index.php\/2026\/01\/28\/industrie-une-feuille-de-route-2026-2028-axee-sur-la-diversification\/#breadcrumb","itemListElement":[{"@type":"ListItem","position":1,"name":"Accueil","item":"https:\/\/lasentinelle.dz\/"},{"@type":"ListItem","position":2,"name":"Industrie\u00a0: Une feuille de route 2026-2028 ax\u00e9e sur la diversification\u00a0"}]},{"@type":"WebSite","@id":"https:\/\/lasentinelle.dz\/#website","url":"https:\/\/lasentinelle.dz\/","name":"La Sentinelle","description":"Quotidien national d&#039;information","publisher":{"@id":"https:\/\/lasentinelle.dz\/#organization"},"potentialAction":[{"@type":"SearchAction","target":{"@type":"EntryPoint","urlTemplate":"https:\/\/lasentinelle.dz\/?s={search_term_string}"},"query-input":{"@type":"PropertyValueSpecification","valueRequired":true,"valueName":"search_term_string"}}],"inLanguage":"fr-FR"},{"@type":"Organization","@id":"https:\/\/lasentinelle.dz\/#organization","name":"Quotidien La Sentinelle","url":"https:\/\/lasentinelle.dz\/","logo":{"@type":"ImageObject","inLanguage":"fr-FR","@id":"https:\/\/lasentinelle.dz\/#\/schema\/logo\/image\/","url":"https:\/\/lasentinelle.dz\/wp-content\/uploads\/2021\/09\/logo-sentinelleSLOGAN-1.png","contentUrl":"https:\/\/lasentinelle.dz\/wp-content\/uploads\/2021\/09\/logo-sentinelleSLOGAN-1.png","width":615,"height":142,"caption":"Quotidien La Sentinelle"},"image":{"@id":"https:\/\/lasentinelle.dz\/#\/schema\/logo\/image\/"},"sameAs":["https:\/\/www.facebook.com\/La-Sentinelle-104059864394773"]},{"@type":"Person","@id":"https:\/\/lasentinelle.dz\/#\/schema\/person\/729ee0024f24e0b8c5ec17232f8e8b41","name":"admin","image":{"@type":"ImageObject","inLanguage":"fr-FR","@id":"https:\/\/secure.gravatar.com\/avatar\/4c81fed838786e9b53f540bf46533e750f5d292099ae3b66cfc6fb1982e29df7?s=96&d=mm&r=g","url":"https:\/\/secure.gravatar.com\/avatar\/4c81fed838786e9b53f540bf46533e750f5d292099ae3b66cfc6fb1982e29df7?s=96&d=mm&r=g","contentUrl":"https:\/\/secure.gravatar.com\/avatar\/4c81fed838786e9b53f540bf46533e750f5d292099ae3b66cfc6fb1982e29df7?s=96&d=mm&r=g","caption":"admin"},"description":"admin","url":"https:\/\/lasentinelle.dz\/author\/admin\/"}]}},"_links":{"self":[{"href":"https:\/\/lasentinelle.dz\/index.php\/wp-json\/wp\/v2\/posts\/80238","targetHints":{"allow":["GET"]}}],"collection":[{"href":"https:\/\/lasentinelle.dz\/index.php\/wp-json\/wp\/v2\/posts"}],"about":[{"href":"https:\/\/lasentinelle.dz\/index.php\/wp-json\/wp\/v2\/types\/post"}],"author":[{"embeddable":true,"href":"https:\/\/lasentinelle.dz\/index.php\/wp-json\/wp\/v2\/users\/6"}],"replies":[{"embeddable":true,"href":"https:\/\/lasentinelle.dz\/index.php\/wp-json\/wp\/v2\/comments?post=80238"}],"version-history":[{"count":1,"href":"https:\/\/lasentinelle.dz\/index.php\/wp-json\/wp\/v2\/posts\/80238\/revisions"}],"predecessor-version":[{"id":80239,"href":"https:\/\/lasentinelle.dz\/index.php\/wp-json\/wp\/v2\/posts\/80238\/revisions\/80239"}],"wp:featuredmedia":[{"embeddable":true,"href":"https:\/\/lasentinelle.dz\/index.php\/wp-json\/wp\/v2\/media\/69871"}],"wp:attachment":[{"href":"https:\/\/lasentinelle.dz\/index.php\/wp-json\/wp\/v2\/media?parent=80238"}],"wp:term":[{"taxonomy":"category","embeddable":true,"href":"https:\/\/lasentinelle.dz\/index.php\/wp-json\/wp\/v2\/categories?post=80238"},{"taxonomy":"post_tag","embeddable":true,"href":"https:\/\/lasentinelle.dz\/index.php\/wp-json\/wp\/v2\/tags?post=80238"}],"curies":[{"name":"wp","href":"https:\/\/api.w.org\/{rel}","templated":true}]}}