{"id":80243,"date":"2026-01-28T13:19:24","date_gmt":"2026-01-28T12:19:24","guid":{"rendered":"https:\/\/lasentinelle.dz\/?p=80243"},"modified":"2026-01-28T13:19:25","modified_gmt":"2026-01-28T12:19:25","slug":"retraite-anticipee-dans-leducation-nationale-le-decret-dapplication-publie","status":"publish","type":"post","link":"https:\/\/lasentinelle.dz\/index.php\/2026\/01\/28\/retraite-anticipee-dans-leducation-nationale-le-decret-dapplication-publie\/","title":{"rendered":"Retraite anticip\u00e9e dans l&rsquo;\u00c9ducation nationale\u00a0: Le\u00a0d\u00e9cret d&rsquo;application\u00a0publi\u00e9"},"content":{"rendered":"\n<p>Le d\u00e9cret ex\u00e9cutif fixant les conditions et modalit\u00e9s permettant aux fonctionnaires de certains corps sp\u00e9cifiques de l&rsquo;\u00c9ducation nationale de b\u00e9n\u00e9ficier d&rsquo;une pension de retraite avant l&rsquo;\u00e2ge l\u00e9gal a \u00e9t\u00e9 publi\u00e9 au Journal officiel num\u00e9ro 6. Cette mesure, qui s&rsquo;appuie sur l&rsquo;article 7 bis 1 de la loi de 1983 relative \u00e0 la retraite, autorise les hommes&nbsp;\u00e0 prendre leur retraite&nbsp;\u00e0 partir d\u00e8s 57 ans et les femmes d\u00e8s 52 ans, sous r\u00e9serve de remplir les conditions l\u00e9gales.&nbsp;Sont concern\u00e9s \u00ab\u00a0les corps des ma\u00eetres et professeurs d&rsquo;enseignement, censeurs, directeurs d&rsquo;\u00e9tablissements d&rsquo;\u00e9ducation et d&rsquo;enseignement, ainsi que les inspecteurs relevant des corps sp\u00e9cifiques de l&rsquo;\u00e9ducation nationale\u00a0\u00bb, pr\u00e9cise le texte publi\u00e9.&nbsp;Le d\u00e9cret \u00e9tablit un \u00e9cart d&rsquo;\u00e2ge significatif entre les deux sexes pour l&rsquo;\u00e9ligibilit\u00e9 au d\u00e9part anticip\u00e9. Les fonctionnaires hommes peuvent ainsi demander leur mise \u00e0 la retraite d\u00e8s l&rsquo;\u00e2ge de cinquante-sept ans, tandis que les femmes sont \u00e9ligibles \u00e0 partir de cinquante-deux ans. Cette diff\u00e9renciation s&rsquo;inscrit dans la continuit\u00e9 des dispositions existantes en mati\u00e8re de retraite dans la fonction publique alg\u00e9rienne. Toutefois, le texte stipule que les candidats au d\u00e9part anticip\u00e9 \u00ab\u00a0doivent remplir les conditions l\u00e9gales pour une pension de retraite et \u00eatre en position d&rsquo;activit\u00e9 lors du d\u00e9p\u00f4t de la demande\u00a0\u00bb.&nbsp;La proc\u00e9dure administrative pour b\u00e9n\u00e9ficier de ce dispositif a \u00e9t\u00e9 pr\u00e9cis\u00e9ment d\u00e9finie. Selon le d\u00e9cret, \u00ab\u00a0le fonctionnaire souhaitant b\u00e9n\u00e9ficier d&rsquo;une pension de retraite \u00e0 partir de l&rsquo;\u00e2ge mentionn\u00e9 doit d\u00e9poser une demande, dat\u00e9e et sign\u00e9e par ses soins, aupr\u00e8s de l&rsquo;\u00e9tablissement de son lieu de travail, au cours des trois premiers mois de l&rsquo;ann\u00e9e scolaire\u00a0\u00bb. Cette fen\u00eatre temporelle limit\u00e9e vise \u00e0 permettre une meilleure organisation administrative et une gestion anticip\u00e9e des effectifs dans les \u00e9tablissements scolaires.Le texte r\u00e9glementaire impose \u00e9galement des obligations \u00e0 l&#8217;employeur. Il stipule clairement que \u00ab\u00a0l&rsquo;organisme employeur ne peut refuser la demande du fonctionnaire d\u00e9sirant sa mise \u00e0 la retraite, en vertu des dispositions du pr\u00e9sent d\u00e9cret\u00a0\u00bb. Cette disposition garantit le caract\u00e8re automatique du d\u00e9part une fois la demande formul\u00e9e dans les conditions requises. Par ailleurs, le d\u00e9cret pr\u00e9voit que \u00ab\u00a0la demande du fonctionnaire souhaitant sa mise \u00e0 la retraite doit \u00eatre conserv\u00e9e dans son dossier administratif\u00a0\u00bb, assurant ainsi une tra\u00e7abilit\u00e9 compl\u00e8te de la proc\u00e9dure.<\/p>\n\n\n\n<p>Une clause importante du d\u00e9cret concerne l&rsquo;irr\u00e9vocabilit\u00e9 de la liquidation des pensions. Le texte pr\u00e9cise que \u00ab\u00a0les pensions liquid\u00e9es conform\u00e9ment aux dispositions du pr\u00e9sent d\u00e9cret ne peuvent faire l&rsquo;objet d&rsquo;une r\u00e9vision en cas de reprise de l&rsquo;exercice par le fonctionnaire d&rsquo;une activit\u00e9 salari\u00e9e apr\u00e8s sa mise \u00e0 la retraite\u00a0\u00bb. Cette disposition vise \u00e0 s\u00e9curiser les droits acquis des retrait\u00e9s tout en leur laissant la possibilit\u00e9 d&rsquo;exercer une nouvelle activit\u00e9 professionnelle sans impact sur leur pension.<\/p>\n\n\n\n<p>Cette mesure de retraite anticip\u00e9e r\u00e9pond \u00e0 une demande ancienne des personnels de l&rsquo;\u00c9ducation nationale et devrait permettre un renouvellement progressif des effectifs dans le secteur, tout en offrant aux enseignants et cadres \u00e9ducatifs la possibilit\u00e9 de terminer leur carri\u00e8re dans des conditions plus favorables.<\/p>\n\n\n\n<p>Lyna Larbi<\/p>\n\n\n\n<p><strong>Allocation ch\u00f4mage&nbsp;<\/strong><strong>: Le&nbsp;cadre affin\u00e9<\/strong><\/p>\n\n\n\n<p>Les conditions d&rsquo;attribution de l&rsquo;allocation ch\u00f4mage&nbsp;viennent d\u2019\u00eatre r\u00e9vis\u00e9e. Un d\u00e9cret ex\u00e9cutif sign\u00e9 par le Premier ministre Sifi Ghrieb et publi\u00e9 au Journal officiel fixe d\u00e9sormais les modalit\u00e9s pr\u00e9cises d&rsquo;octroi et les engagements requis des b\u00e9n\u00e9ficiaires de cette aide port\u00e9e \u00e0 18.000 dinars depuis novembre dernier.&nbsp;Le texte impose plusieurs&nbsp;conditions. Le b\u00e9n\u00e9ficiaire doit notamment \u00ab\u00a0valider l&rsquo;inscription tous les six mois\u00a0\u00bb via la plateforme num\u00e9rique d\u00e9di\u00e9e ou en se pr\u00e9sentant physiquement aupr\u00e8s des services de l&rsquo;Agence nationale de l&#8217;emploi territorialement comp\u00e9tents. Il est \u00e9galement tenu de \u00ab\u00a0r\u00e9pondre aux convocations\u00a0\u00bb de l&rsquo;Anem, de \u00ab\u00a0ne pas refuser une offre d&#8217;emploi correspondant \u00e0 ses qualifications\u00a0\u00bb et d&rsquo;effectuer \u00ab\u00a0activement une recherche d&rsquo;une formation qualifiante ou dipl\u00f4mante\u00a0\u00bb.&nbsp;La principale nouveaut\u00e9 concerne la limitation temporelle du dispositif. Le d\u00e9cret stipule que l&rsquo;allocation est \u00ab\u00a0vers\u00e9e mensuellement pendant une dur\u00e9e d&rsquo;une ann\u00e9e, renouvelable, uniquement une seule fois\u00a0\u00bb.&nbsp;&nbsp;Sur le plan social, les b\u00e9n\u00e9ficiaires acc\u00e8dent aux \u00ab\u00a0prestations en nature relatives \u00e0 l&rsquo;assurance maladie\u00a0\u00bb. Le d\u00e9cret pr\u00e9cise que \u00ab\u00a0la quote-part due au titre de la cotisation sociale pr\u00e9lev\u00e9e sur l&rsquo;allocation ch\u00f4mage des b\u00e9n\u00e9ficiaires, \u00e0 la charge de l&rsquo;\u00c9tat, est fix\u00e9e \u00e0 7% du montant de cette allocation. Les charges relatives \u00e0 la couverture sociale en mati\u00e8re d&rsquo;assurance maladie, sont \u00e0 la charge de l&rsquo;\u00c9tat\u00a0\u00bb.&nbsp;L&rsquo;Anem se voit confier la mission \u00ab\u00a0d&rsquo;identifier les primo demandeurs d&#8217;emploi dans un fichier national actualis\u00e9, afin de les orienter en toute souplesse et transparence\u00a0\u00bb. Cette mesure vise \u00e0 am\u00e9liorer l&rsquo;efficacit\u00e9 du dispositif qui b\u00e9n\u00e9ficie \u00e0 plus de 2,3 millions de personnes et mobilise un budget de 420 milliards de dinars pour 2026, selon la loi de finances.<\/p>\n\n\n\n<p>L. Larbi<\/p>\n","protected":false},"excerpt":{"rendered":"<p>Le d\u00e9cret ex\u00e9cutif fixant les conditions et modalit\u00e9s permettant aux fonctionnaires de certains corps sp\u00e9cifiques de l&rsquo;\u00c9ducation nationale de b\u00e9n\u00e9ficier<\/p>\n","protected":false},"author":6,"featured_media":73587,"comment_status":"open","ping_status":"closed","sticky":false,"template":"","format":"standard","meta":{"colormag_page_container_layout":"default_layout","colormag_page_sidebar_layout":"default_layout","om_disable_all_campaigns":false,"_monsterinsights_skip_tracking":false,"_monsterinsights_sitenote_active":false,"_monsterinsights_sitenote_note":"","_monsterinsights_sitenote_category":0,"footnotes":"","_wpscppro_dont_share_socialmedia":false,"_wpscppro_custom_social_share_image":0,"_facebook_share_type":"default","_twitter_share_type":"default","_linkedin_share_type":"default","_pinterest_share_type":"default","_linkedin_share_type_page":"","_instagram_share_type":"default","_medium_share_type":"default","_threads_share_type":"default","_google_business_share_type":"default","_selected_social_profile":[],"_wpsp_enable_custom_social_template":false,"_wpsp_social_scheduling":{"enabled":false,"datetime":null,"platforms":[],"status":"template_only","dateOption":"today","timeOption":"now","customDays":"","customHours":"","customDate":"","customTime":"","schedulingType":"absolute"},"_wpsp_active_default_template":true},"categories":[27],"tags":[],"class_list":["post-80243","post","type-post","status-publish","format-standard","has-post-thumbnail","hentry","category-actualite"],"aioseo_notices":[],"yoast_head":"<!-- This site is optimized with the Yoast SEO plugin v27.5 - https:\/\/yoast.com\/product\/yoast-seo-wordpress\/ -->\n<title>Retraite anticip\u00e9e dans l&rsquo;\u00c9ducation nationale\u00a0: Le\u00a0d\u00e9cret d&rsquo;application\u00a0publi\u00e9 - La Sentinelle<\/title>\n<meta name=\"robots\" content=\"index, follow, max-snippet:-1, max-image-preview:large, max-video-preview:-1\" \/>\n<link rel=\"canonical\" href=\"https:\/\/lasentinelle.dz\/index.php\/2026\/01\/28\/retraite-anticipee-dans-leducation-nationale-le-decret-dapplication-publie\/\" \/>\n<meta property=\"og:locale\" content=\"fr_FR\" \/>\n<meta property=\"og:type\" content=\"article\" \/>\n<meta property=\"og:title\" content=\"Retraite anticip\u00e9e dans l&rsquo;\u00c9ducation nationale\u00a0: Le\u00a0d\u00e9cret d&rsquo;application\u00a0publi\u00e9 - La Sentinelle\" \/>\n<meta property=\"og:description\" content=\"Le d\u00e9cret ex\u00e9cutif fixant les conditions et modalit\u00e9s permettant aux fonctionnaires de certains corps sp\u00e9cifiques de l&rsquo;\u00c9ducation nationale de b\u00e9n\u00e9ficier\" \/>\n<meta property=\"og:url\" content=\"https:\/\/lasentinelle.dz\/index.php\/2026\/01\/28\/retraite-anticipee-dans-leducation-nationale-le-decret-dapplication-publie\/\" \/>\n<meta property=\"og:site_name\" content=\"La Sentinelle\" \/>\n<meta property=\"article:publisher\" content=\"https:\/\/www.facebook.com\/La-Sentinelle-104059864394773\" \/>\n<meta property=\"article:published_time\" content=\"2026-01-28T12:19:24+00:00\" \/>\n<meta property=\"article:modified_time\" content=\"2026-01-28T12:19:25+00:00\" \/>\n<meta property=\"og:image\" content=\"https:\/\/lasentinelle.dz\/wp-content\/uploads\/2025\/09\/enseignants.jpg\" \/>\n\t<meta property=\"og:image:width\" content=\"640\" \/>\n\t<meta property=\"og:image:height\" content=\"360\" \/>\n\t<meta property=\"og:image:type\" content=\"image\/jpeg\" \/>\n<meta name=\"author\" content=\"admin\" \/>\n<meta name=\"twitter:card\" content=\"summary_large_image\" \/>\n<meta name=\"twitter:label1\" content=\"\u00c9crit par\" \/>\n\t<meta name=\"twitter:data1\" content=\"admin\" \/>\n\t<meta name=\"twitter:label2\" content=\"Dur\u00e9e de lecture estim\u00e9e\" \/>\n\t<meta name=\"twitter:data2\" content=\"5 minutes\" \/>\n<script type=\"application\/ld+json\" class=\"yoast-schema-graph\">{\"@context\":\"https:\\\/\\\/schema.org\",\"@graph\":[{\"@type\":\"Article\",\"@id\":\"https:\\\/\\\/lasentinelle.dz\\\/index.php\\\/2026\\\/01\\\/28\\\/retraite-anticipee-dans-leducation-nationale-le-decret-dapplication-publie\\\/#article\",\"isPartOf\":{\"@id\":\"https:\\\/\\\/lasentinelle.dz\\\/index.php\\\/2026\\\/01\\\/28\\\/retraite-anticipee-dans-leducation-nationale-le-decret-dapplication-publie\\\/\"},\"author\":{\"name\":\"admin\",\"@id\":\"https:\\\/\\\/lasentinelle.dz\\\/#\\\/schema\\\/person\\\/729ee0024f24e0b8c5ec17232f8e8b41\"},\"headline\":\"Retraite anticip\u00e9e dans l&rsquo;\u00c9ducation nationale\u00a0: Le\u00a0d\u00e9cret d&rsquo;application\u00a0publi\u00e9\",\"datePublished\":\"2026-01-28T12:19:24+00:00\",\"dateModified\":\"2026-01-28T12:19:25+00:00\",\"mainEntityOfPage\":{\"@id\":\"https:\\\/\\\/lasentinelle.dz\\\/index.php\\\/2026\\\/01\\\/28\\\/retraite-anticipee-dans-leducation-nationale-le-decret-dapplication-publie\\\/\"},\"wordCount\":908,\"commentCount\":0,\"publisher\":{\"@id\":\"https:\\\/\\\/lasentinelle.dz\\\/#organization\"},\"image\":{\"@id\":\"https:\\\/\\\/lasentinelle.dz\\\/index.php\\\/2026\\\/01\\\/28\\\/retraite-anticipee-dans-leducation-nationale-le-decret-dapplication-publie\\\/#primaryimage\"},\"thumbnailUrl\":\"https:\\\/\\\/lasentinelle.dz\\\/wp-content\\\/uploads\\\/2025\\\/09\\\/enseignants.jpg\",\"articleSection\":[\"Actualit\u00e9\"],\"inLanguage\":\"fr-FR\",\"potentialAction\":[{\"@type\":\"CommentAction\",\"name\":\"Comment\",\"target\":[\"https:\\\/\\\/lasentinelle.dz\\\/index.php\\\/2026\\\/01\\\/28\\\/retraite-anticipee-dans-leducation-nationale-le-decret-dapplication-publie\\\/#respond\"]}]},{\"@type\":\"WebPage\",\"@id\":\"https:\\\/\\\/lasentinelle.dz\\\/index.php\\\/2026\\\/01\\\/28\\\/retraite-anticipee-dans-leducation-nationale-le-decret-dapplication-publie\\\/\",\"url\":\"https:\\\/\\\/lasentinelle.dz\\\/index.php\\\/2026\\\/01\\\/28\\\/retraite-anticipee-dans-leducation-nationale-le-decret-dapplication-publie\\\/\",\"name\":\"Retraite anticip\u00e9e dans l&rsquo;\u00c9ducation nationale\u00a0: Le\u00a0d\u00e9cret d&rsquo;application\u00a0publi\u00e9 - La Sentinelle\",\"isPartOf\":{\"@id\":\"https:\\\/\\\/lasentinelle.dz\\\/#website\"},\"primaryImageOfPage\":{\"@id\":\"https:\\\/\\\/lasentinelle.dz\\\/index.php\\\/2026\\\/01\\\/28\\\/retraite-anticipee-dans-leducation-nationale-le-decret-dapplication-publie\\\/#primaryimage\"},\"image\":{\"@id\":\"https:\\\/\\\/lasentinelle.dz\\\/index.php\\\/2026\\\/01\\\/28\\\/retraite-anticipee-dans-leducation-nationale-le-decret-dapplication-publie\\\/#primaryimage\"},\"thumbnailUrl\":\"https:\\\/\\\/lasentinelle.dz\\\/wp-content\\\/uploads\\\/2025\\\/09\\\/enseignants.jpg\",\"datePublished\":\"2026-01-28T12:19:24+00:00\",\"dateModified\":\"2026-01-28T12:19:25+00:00\",\"breadcrumb\":{\"@id\":\"https:\\\/\\\/lasentinelle.dz\\\/index.php\\\/2026\\\/01\\\/28\\\/retraite-anticipee-dans-leducation-nationale-le-decret-dapplication-publie\\\/#breadcrumb\"},\"inLanguage\":\"fr-FR\",\"potentialAction\":[{\"@type\":\"ReadAction\",\"target\":[\"https:\\\/\\\/lasentinelle.dz\\\/index.php\\\/2026\\\/01\\\/28\\\/retraite-anticipee-dans-leducation-nationale-le-decret-dapplication-publie\\\/\"]}]},{\"@type\":\"ImageObject\",\"inLanguage\":\"fr-FR\",\"@id\":\"https:\\\/\\\/lasentinelle.dz\\\/index.php\\\/2026\\\/01\\\/28\\\/retraite-anticipee-dans-leducation-nationale-le-decret-dapplication-publie\\\/#primaryimage\",\"url\":\"https:\\\/\\\/lasentinelle.dz\\\/wp-content\\\/uploads\\\/2025\\\/09\\\/enseignants.jpg\",\"contentUrl\":\"https:\\\/\\\/lasentinelle.dz\\\/wp-content\\\/uploads\\\/2025\\\/09\\\/enseignants.jpg\",\"width\":640,\"height\":360},{\"@type\":\"BreadcrumbList\",\"@id\":\"https:\\\/\\\/lasentinelle.dz\\\/index.php\\\/2026\\\/01\\\/28\\\/retraite-anticipee-dans-leducation-nationale-le-decret-dapplication-publie\\\/#breadcrumb\",\"itemListElement\":[{\"@type\":\"ListItem\",\"position\":1,\"name\":\"Accueil\",\"item\":\"https:\\\/\\\/lasentinelle.dz\\\/\"},{\"@type\":\"ListItem\",\"position\":2,\"name\":\"Retraite anticip\u00e9e dans l&rsquo;\u00c9ducation nationale\u00a0: Le\u00a0d\u00e9cret d&rsquo;application\u00a0publi\u00e9\"}]},{\"@type\":\"WebSite\",\"@id\":\"https:\\\/\\\/lasentinelle.dz\\\/#website\",\"url\":\"https:\\\/\\\/lasentinelle.dz\\\/\",\"name\":\"La Sentinelle\",\"description\":\"Quotidien national d&#039;information\",\"publisher\":{\"@id\":\"https:\\\/\\\/lasentinelle.dz\\\/#organization\"},\"potentialAction\":[{\"@type\":\"SearchAction\",\"target\":{\"@type\":\"EntryPoint\",\"urlTemplate\":\"https:\\\/\\\/lasentinelle.dz\\\/?s={search_term_string}\"},\"query-input\":{\"@type\":\"PropertyValueSpecification\",\"valueRequired\":true,\"valueName\":\"search_term_string\"}}],\"inLanguage\":\"fr-FR\"},{\"@type\":\"Organization\",\"@id\":\"https:\\\/\\\/lasentinelle.dz\\\/#organization\",\"name\":\"Quotidien La Sentinelle\",\"url\":\"https:\\\/\\\/lasentinelle.dz\\\/\",\"logo\":{\"@type\":\"ImageObject\",\"inLanguage\":\"fr-FR\",\"@id\":\"https:\\\/\\\/lasentinelle.dz\\\/#\\\/schema\\\/logo\\\/image\\\/\",\"url\":\"https:\\\/\\\/lasentinelle.dz\\\/wp-content\\\/uploads\\\/2021\\\/09\\\/logo-sentinelleSLOGAN-1.png\",\"contentUrl\":\"https:\\\/\\\/lasentinelle.dz\\\/wp-content\\\/uploads\\\/2021\\\/09\\\/logo-sentinelleSLOGAN-1.png\",\"width\":615,\"height\":142,\"caption\":\"Quotidien La Sentinelle\"},\"image\":{\"@id\":\"https:\\\/\\\/lasentinelle.dz\\\/#\\\/schema\\\/logo\\\/image\\\/\"},\"sameAs\":[\"https:\\\/\\\/www.facebook.com\\\/La-Sentinelle-104059864394773\"]},{\"@type\":\"Person\",\"@id\":\"https:\\\/\\\/lasentinelle.dz\\\/#\\\/schema\\\/person\\\/729ee0024f24e0b8c5ec17232f8e8b41\",\"name\":\"admin\",\"image\":{\"@type\":\"ImageObject\",\"inLanguage\":\"fr-FR\",\"@id\":\"https:\\\/\\\/secure.gravatar.com\\\/avatar\\\/4c81fed838786e9b53f540bf46533e750f5d292099ae3b66cfc6fb1982e29df7?s=96&d=mm&r=g\",\"url\":\"https:\\\/\\\/secure.gravatar.com\\\/avatar\\\/4c81fed838786e9b53f540bf46533e750f5d292099ae3b66cfc6fb1982e29df7?s=96&d=mm&r=g\",\"contentUrl\":\"https:\\\/\\\/secure.gravatar.com\\\/avatar\\\/4c81fed838786e9b53f540bf46533e750f5d292099ae3b66cfc6fb1982e29df7?s=96&d=mm&r=g\",\"caption\":\"admin\"},\"description\":\"admin\",\"url\":\"https:\\\/\\\/lasentinelle.dz\\\/author\\\/admin\\\/\"}]}<\/script>\n<!-- \/ Yoast SEO plugin. -->","yoast_head_json":{"title":"Retraite anticip\u00e9e dans l&rsquo;\u00c9ducation nationale\u00a0: Le\u00a0d\u00e9cret d&rsquo;application\u00a0publi\u00e9 - La Sentinelle","robots":{"index":"index","follow":"follow","max-snippet":"max-snippet:-1","max-image-preview":"max-image-preview:large","max-video-preview":"max-video-preview:-1"},"canonical":"https:\/\/lasentinelle.dz\/index.php\/2026\/01\/28\/retraite-anticipee-dans-leducation-nationale-le-decret-dapplication-publie\/","og_locale":"fr_FR","og_type":"article","og_title":"Retraite anticip\u00e9e dans l&rsquo;\u00c9ducation nationale\u00a0: Le\u00a0d\u00e9cret d&rsquo;application\u00a0publi\u00e9 - La Sentinelle","og_description":"Le d\u00e9cret ex\u00e9cutif fixant les conditions et modalit\u00e9s permettant aux fonctionnaires de certains corps sp\u00e9cifiques de l&rsquo;\u00c9ducation nationale de b\u00e9n\u00e9ficier","og_url":"https:\/\/lasentinelle.dz\/index.php\/2026\/01\/28\/retraite-anticipee-dans-leducation-nationale-le-decret-dapplication-publie\/","og_site_name":"La Sentinelle","article_publisher":"https:\/\/www.facebook.com\/La-Sentinelle-104059864394773","article_published_time":"2026-01-28T12:19:24+00:00","article_modified_time":"2026-01-28T12:19:25+00:00","og_image":[{"width":640,"height":360,"url":"https:\/\/lasentinelle.dz\/wp-content\/uploads\/2025\/09\/enseignants.jpg","type":"image\/jpeg"}],"author":"admin","twitter_card":"summary_large_image","twitter_misc":{"\u00c9crit par":"admin","Dur\u00e9e de lecture estim\u00e9e":"5 minutes"},"schema":{"@context":"https:\/\/schema.org","@graph":[{"@type":"Article","@id":"https:\/\/lasentinelle.dz\/index.php\/2026\/01\/28\/retraite-anticipee-dans-leducation-nationale-le-decret-dapplication-publie\/#article","isPartOf":{"@id":"https:\/\/lasentinelle.dz\/index.php\/2026\/01\/28\/retraite-anticipee-dans-leducation-nationale-le-decret-dapplication-publie\/"},"author":{"name":"admin","@id":"https:\/\/lasentinelle.dz\/#\/schema\/person\/729ee0024f24e0b8c5ec17232f8e8b41"},"headline":"Retraite anticip\u00e9e dans l&rsquo;\u00c9ducation nationale\u00a0: Le\u00a0d\u00e9cret d&rsquo;application\u00a0publi\u00e9","datePublished":"2026-01-28T12:19:24+00:00","dateModified":"2026-01-28T12:19:25+00:00","mainEntityOfPage":{"@id":"https:\/\/lasentinelle.dz\/index.php\/2026\/01\/28\/retraite-anticipee-dans-leducation-nationale-le-decret-dapplication-publie\/"},"wordCount":908,"commentCount":0,"publisher":{"@id":"https:\/\/lasentinelle.dz\/#organization"},"image":{"@id":"https:\/\/lasentinelle.dz\/index.php\/2026\/01\/28\/retraite-anticipee-dans-leducation-nationale-le-decret-dapplication-publie\/#primaryimage"},"thumbnailUrl":"https:\/\/lasentinelle.dz\/wp-content\/uploads\/2025\/09\/enseignants.jpg","articleSection":["Actualit\u00e9"],"inLanguage":"fr-FR","potentialAction":[{"@type":"CommentAction","name":"Comment","target":["https:\/\/lasentinelle.dz\/index.php\/2026\/01\/28\/retraite-anticipee-dans-leducation-nationale-le-decret-dapplication-publie\/#respond"]}]},{"@type":"WebPage","@id":"https:\/\/lasentinelle.dz\/index.php\/2026\/01\/28\/retraite-anticipee-dans-leducation-nationale-le-decret-dapplication-publie\/","url":"https:\/\/lasentinelle.dz\/index.php\/2026\/01\/28\/retraite-anticipee-dans-leducation-nationale-le-decret-dapplication-publie\/","name":"Retraite anticip\u00e9e dans l&rsquo;\u00c9ducation nationale\u00a0: Le\u00a0d\u00e9cret d&rsquo;application\u00a0publi\u00e9 - La Sentinelle","isPartOf":{"@id":"https:\/\/lasentinelle.dz\/#website"},"primaryImageOfPage":{"@id":"https:\/\/lasentinelle.dz\/index.php\/2026\/01\/28\/retraite-anticipee-dans-leducation-nationale-le-decret-dapplication-publie\/#primaryimage"},"image":{"@id":"https:\/\/lasentinelle.dz\/index.php\/2026\/01\/28\/retraite-anticipee-dans-leducation-nationale-le-decret-dapplication-publie\/#primaryimage"},"thumbnailUrl":"https:\/\/lasentinelle.dz\/wp-content\/uploads\/2025\/09\/enseignants.jpg","datePublished":"2026-01-28T12:19:24+00:00","dateModified":"2026-01-28T12:19:25+00:00","breadcrumb":{"@id":"https:\/\/lasentinelle.dz\/index.php\/2026\/01\/28\/retraite-anticipee-dans-leducation-nationale-le-decret-dapplication-publie\/#breadcrumb"},"inLanguage":"fr-FR","potentialAction":[{"@type":"ReadAction","target":["https:\/\/lasentinelle.dz\/index.php\/2026\/01\/28\/retraite-anticipee-dans-leducation-nationale-le-decret-dapplication-publie\/"]}]},{"@type":"ImageObject","inLanguage":"fr-FR","@id":"https:\/\/lasentinelle.dz\/index.php\/2026\/01\/28\/retraite-anticipee-dans-leducation-nationale-le-decret-dapplication-publie\/#primaryimage","url":"https:\/\/lasentinelle.dz\/wp-content\/uploads\/2025\/09\/enseignants.jpg","contentUrl":"https:\/\/lasentinelle.dz\/wp-content\/uploads\/2025\/09\/enseignants.jpg","width":640,"height":360},{"@type":"BreadcrumbList","@id":"https:\/\/lasentinelle.dz\/index.php\/2026\/01\/28\/retraite-anticipee-dans-leducation-nationale-le-decret-dapplication-publie\/#breadcrumb","itemListElement":[{"@type":"ListItem","position":1,"name":"Accueil","item":"https:\/\/lasentinelle.dz\/"},{"@type":"ListItem","position":2,"name":"Retraite anticip\u00e9e dans l&rsquo;\u00c9ducation nationale\u00a0: Le\u00a0d\u00e9cret d&rsquo;application\u00a0publi\u00e9"}]},{"@type":"WebSite","@id":"https:\/\/lasentinelle.dz\/#website","url":"https:\/\/lasentinelle.dz\/","name":"La Sentinelle","description":"Quotidien national d&#039;information","publisher":{"@id":"https:\/\/lasentinelle.dz\/#organization"},"potentialAction":[{"@type":"SearchAction","target":{"@type":"EntryPoint","urlTemplate":"https:\/\/lasentinelle.dz\/?s={search_term_string}"},"query-input":{"@type":"PropertyValueSpecification","valueRequired":true,"valueName":"search_term_string"}}],"inLanguage":"fr-FR"},{"@type":"Organization","@id":"https:\/\/lasentinelle.dz\/#organization","name":"Quotidien La Sentinelle","url":"https:\/\/lasentinelle.dz\/","logo":{"@type":"ImageObject","inLanguage":"fr-FR","@id":"https:\/\/lasentinelle.dz\/#\/schema\/logo\/image\/","url":"https:\/\/lasentinelle.dz\/wp-content\/uploads\/2021\/09\/logo-sentinelleSLOGAN-1.png","contentUrl":"https:\/\/lasentinelle.dz\/wp-content\/uploads\/2021\/09\/logo-sentinelleSLOGAN-1.png","width":615,"height":142,"caption":"Quotidien La Sentinelle"},"image":{"@id":"https:\/\/lasentinelle.dz\/#\/schema\/logo\/image\/"},"sameAs":["https:\/\/www.facebook.com\/La-Sentinelle-104059864394773"]},{"@type":"Person","@id":"https:\/\/lasentinelle.dz\/#\/schema\/person\/729ee0024f24e0b8c5ec17232f8e8b41","name":"admin","image":{"@type":"ImageObject","inLanguage":"fr-FR","@id":"https:\/\/secure.gravatar.com\/avatar\/4c81fed838786e9b53f540bf46533e750f5d292099ae3b66cfc6fb1982e29df7?s=96&d=mm&r=g","url":"https:\/\/secure.gravatar.com\/avatar\/4c81fed838786e9b53f540bf46533e750f5d292099ae3b66cfc6fb1982e29df7?s=96&d=mm&r=g","contentUrl":"https:\/\/secure.gravatar.com\/avatar\/4c81fed838786e9b53f540bf46533e750f5d292099ae3b66cfc6fb1982e29df7?s=96&d=mm&r=g","caption":"admin"},"description":"admin","url":"https:\/\/lasentinelle.dz\/author\/admin\/"}]}},"_links":{"self":[{"href":"https:\/\/lasentinelle.dz\/index.php\/wp-json\/wp\/v2\/posts\/80243","targetHints":{"allow":["GET"]}}],"collection":[{"href":"https:\/\/lasentinelle.dz\/index.php\/wp-json\/wp\/v2\/posts"}],"about":[{"href":"https:\/\/lasentinelle.dz\/index.php\/wp-json\/wp\/v2\/types\/post"}],"author":[{"embeddable":true,"href":"https:\/\/lasentinelle.dz\/index.php\/wp-json\/wp\/v2\/users\/6"}],"replies":[{"embeddable":true,"href":"https:\/\/lasentinelle.dz\/index.php\/wp-json\/wp\/v2\/comments?post=80243"}],"version-history":[{"count":2,"href":"https:\/\/lasentinelle.dz\/index.php\/wp-json\/wp\/v2\/posts\/80243\/revisions"}],"predecessor-version":[{"id":80245,"href":"https:\/\/lasentinelle.dz\/index.php\/wp-json\/wp\/v2\/posts\/80243\/revisions\/80245"}],"wp:featuredmedia":[{"embeddable":true,"href":"https:\/\/lasentinelle.dz\/index.php\/wp-json\/wp\/v2\/media\/73587"}],"wp:attachment":[{"href":"https:\/\/lasentinelle.dz\/index.php\/wp-json\/wp\/v2\/media?parent=80243"}],"wp:term":[{"taxonomy":"category","embeddable":true,"href":"https:\/\/lasentinelle.dz\/index.php\/wp-json\/wp\/v2\/categories?post=80243"},{"taxonomy":"post_tag","embeddable":true,"href":"https:\/\/lasentinelle.dz\/index.php\/wp-json\/wp\/v2\/tags?post=80243"}],"curies":[{"name":"wp","href":"https:\/\/api.w.org\/{rel}","templated":true}]}}