{"id":80249,"date":"2026-01-28T13:26:51","date_gmt":"2026-01-28T12:26:51","guid":{"rendered":"https:\/\/lasentinelle.dz\/?p=80249"},"modified":"2026-01-28T13:26:52","modified_gmt":"2026-01-28T12:26:52","slug":"visite-de-mohamed-arkab-au-niger-niamey-affiche-sa-volonte-de-consolider-ses-relations-avec-alger","status":"publish","type":"post","link":"https:\/\/lasentinelle.dz\/index.php\/2026\/01\/28\/visite-de-mohamed-arkab-au-niger-niamey-affiche-sa-volonte-de-consolider-ses-relations-avec-alger\/","title":{"rendered":"Visite\u00a0de Mohamed Arkab\u00a0au Niger\u00a0: Niamey affiche sa volont\u00e9 de consolider ses relations avec Alger"},"content":{"rendered":"\n<p>La visite de travail du ministre d&rsquo;\u00c9tat, ministre des Hydrocarbures et des Mines, Mohamed Arkab, en R\u00e9publique du Niger, a confirm\u00e9 lundi&nbsp;s\u2019inscrit dans le cadre de la consolidation des liens bilat\u00e9raux entre Alger et Niamey, avec des perspectives de renforcement de la coop\u00e9ration dans les secteurs strat\u00e9giques.Re\u00e7u par le pr\u00e9sident de la R\u00e9publique du Niger, le G\u00e9n\u00e9ral d&rsquo;Arm\u00e9e Abdourahamane Tiani, M. Arkab a port\u00e9 un message de fraternit\u00e9 et de partenariat entre les deux nations, selon un communiqu\u00e9 du minist\u00e8re des Hydrocarbures et des Mines.&nbsp;Lors de cette audience, \u00ab\u00a0M. Arkab a transmis au pr\u00e9sident nig\u00e9rien les salutations fraternelles de son fr\u00e8re, le pr\u00e9sident de la R\u00e9publique, M. Abdelmadjid Tebboune, et son attachement \u00e0 raffermir les liens fraternels entre les deux peuples fr\u00e8res et \u00e0 approfondir la coop\u00e9ration bilat\u00e9rale dans divers domaines\u00a0\u00bb, pr\u00e9cise le communiqu\u00e9.<\/p>\n\n\n\n<p>En retour, le pr\u00e9sident Tiani \u00ab\u00a0a charg\u00e9 le ministre d&rsquo;\u00c9tat, ministre des Hydrocarbures et des Mines, de transmettre ses salutations fraternelles et sa haute consid\u00e9ration au pr\u00e9sident de la R\u00e9publique, M. Abdelmadjid Tebboune, r\u00e9it\u00e9rant la volont\u00e9 de son pays de renforcer les relations de coop\u00e9ration bilat\u00e9rale avec l&rsquo;Alg\u00e9rie dans divers domaines, et d&rsquo;\u0153uvrer \u00e0 la consolidation de la coop\u00e9ration africaine et au renforcement du partenariat sud-sud\u00a0\u00bb, selon la m\u00eame source.&nbsp;La rencontre, qui s&rsquo;est d\u00e9roul\u00e9e en pr\u00e9sence de hauts responsables des deux pays &#8211; dont les ministres nig\u00e9riens des Affaires \u00e9trang\u00e8res, de la Justice et du P\u00e9trole, ainsi que le PDG de Sonatrach, Nour Eddine Daoudi &#8211; a permis de r\u00e9affirmer la profondeur des liens entre les deux nations.&nbsp;Le pr\u00e9sident nig\u00e9rien a soulign\u00e9 \u00ab\u00a0la solidit\u00e9 des relations d&rsquo;amiti\u00e9 historique liant son pays \u00e0 l&rsquo;Alg\u00e9rie, fond\u00e9es sur des valeurs de confiance, de solidarit\u00e9 et de soutien mutuel, inspir\u00e9es des principes africains pr\u00f4nant l&rsquo;unit\u00e9 et l&rsquo;entraide entre les peuples du continent\u00a0\u00bb, indique le communiqu\u00e9.<\/p>\n\n\n\n<p>M. Tiani a \u00e9galement exprim\u00e9 l&rsquo;int\u00e9r\u00eat de son pays pour le savoir-faire alg\u00e9rien, particuli\u00e8rement dans le secteur \u00e9nerg\u00e9tique. Le pr\u00e9sident nig\u00e9rien \u00ab\u00a0a salu\u00e9 l&rsquo;expertise alg\u00e9rienne, notamment dans les domaines de l&rsquo;industrie p\u00e9troli\u00e8re et gazi\u00e8re, exprimant la volont\u00e9 de son pays de tirer parti de l&rsquo;expertise et de l&rsquo;exp\u00e9rience de l&rsquo;Alg\u00e9rie dans ces domaines, et plus particuli\u00e8rement \u00e0 travers le projet de recherche et d&rsquo;exploration de Sonatrach au niveau du champ p\u00e9trolier du bloc Kafra\u00a0\u00bb, pr\u00e9cise le document.&nbsp;Enfin, le pr\u00e9sident de la R\u00e9publique du Niger \u00ab\u00a0a soulign\u00e9 l&rsquo;importance du projet du gazoduc transsaharien (TSGP), saluant les efforts de l&rsquo;Alg\u00e9rie pour sa concr\u00e9tisation, au vu de son r\u00f4le pivot dans le soutien au d\u00e9veloppement socio-\u00e9conomique des pays de transit\u00a0\u00bb, conclut le communiqu\u00e9.&nbsp;Cette visite illustre la dynamique positive des relations alg\u00e9ro-nig\u00e9riennes et la volont\u00e9 commune d&rsquo;approfondir un partenariat strat\u00e9gique b\u00e9n\u00e9fique aux deux peuples fr\u00e8res et \u00e0 l&rsquo;ensemble du continent africain.<\/p>\n\n\n\n<p>Samira G.<\/p>\n","protected":false},"excerpt":{"rendered":"<p>La visite de travail du ministre d&rsquo;\u00c9tat, ministre des Hydrocarbures et des Mines, Mohamed Arkab, en R\u00e9publique du Niger, a<\/p>\n","protected":false},"author":6,"featured_media":80250,"comment_status":"open","ping_status":"closed","sticky":false,"template":"","format":"standard","meta":{"colormag_page_container_layout":"default_layout","colormag_page_sidebar_layout":"default_layout","om_disable_all_campaigns":false,"_monsterinsights_skip_tracking":false,"_monsterinsights_sitenote_active":false,"_monsterinsights_sitenote_note":"","_monsterinsights_sitenote_category":0,"footnotes":"","_wpscppro_dont_share_socialmedia":false,"_wpscppro_custom_social_share_image":0,"_facebook_share_type":"default","_twitter_share_type":"default","_linkedin_share_type":"default","_pinterest_share_type":"default","_linkedin_share_type_page":"","_instagram_share_type":"default","_medium_share_type":"default","_threads_share_type":"default","_google_business_share_type":"default","_selected_social_profile":[],"_wpsp_enable_custom_social_template":false,"_wpsp_social_scheduling":{"enabled":false,"datetime":null,"platforms":[],"status":"template_only","dateOption":"today","timeOption":"now","customDays":"","customHours":"","customDate":"","customTime":"","schedulingType":"absolute"},"_wpsp_active_default_template":true},"categories":[27],"tags":[],"class_list":["post-80249","post","type-post","status-publish","format-standard","has-post-thumbnail","hentry","category-actualite"],"aioseo_notices":[],"yoast_head":"<!-- This site is optimized with the Yoast SEO plugin v27.5 - https:\/\/yoast.com\/product\/yoast-seo-wordpress\/ -->\n<title>Visite\u00a0de Mohamed Arkab\u00a0au Niger\u00a0: Niamey affiche sa volont\u00e9 de consolider ses relations avec Alger - La Sentinelle<\/title>\n<meta name=\"robots\" content=\"index, follow, max-snippet:-1, max-image-preview:large, max-video-preview:-1\" \/>\n<link rel=\"canonical\" href=\"https:\/\/lasentinelle.dz\/index.php\/2026\/01\/28\/visite-de-mohamed-arkab-au-niger-niamey-affiche-sa-volonte-de-consolider-ses-relations-avec-alger\/\" \/>\n<meta property=\"og:locale\" content=\"fr_FR\" \/>\n<meta property=\"og:type\" content=\"article\" \/>\n<meta property=\"og:title\" content=\"Visite\u00a0de Mohamed Arkab\u00a0au Niger\u00a0: Niamey affiche sa volont\u00e9 de consolider ses relations avec Alger - La Sentinelle\" \/>\n<meta property=\"og:description\" content=\"La visite de travail du ministre d&rsquo;\u00c9tat, ministre des Hydrocarbures et des Mines, Mohamed Arkab, en R\u00e9publique du Niger, a\" \/>\n<meta property=\"og:url\" content=\"https:\/\/lasentinelle.dz\/index.php\/2026\/01\/28\/visite-de-mohamed-arkab-au-niger-niamey-affiche-sa-volonte-de-consolider-ses-relations-avec-alger\/\" \/>\n<meta property=\"og:site_name\" content=\"La Sentinelle\" \/>\n<meta property=\"article:publisher\" content=\"https:\/\/www.facebook.com\/La-Sentinelle-104059864394773\" \/>\n<meta property=\"article:published_time\" content=\"2026-01-28T12:26:51+00:00\" \/>\n<meta property=\"article:modified_time\" content=\"2026-01-28T12:26:52+00:00\" \/>\n<meta property=\"og:image\" content=\"https:\/\/lasentinelle.dz\/wp-content\/uploads\/2026\/01\/jh-jhgd-hdgs.webp\" \/>\n\t<meta property=\"og:image:width\" content=\"900\" \/>\n\t<meta property=\"og:image:height\" content=\"675\" \/>\n\t<meta property=\"og:image:type\" content=\"image\/webp\" \/>\n<meta name=\"author\" content=\"admin\" \/>\n<meta name=\"twitter:card\" content=\"summary_large_image\" \/>\n<meta name=\"twitter:label1\" content=\"\u00c9crit par\" \/>\n\t<meta name=\"twitter:data1\" content=\"admin\" \/>\n\t<meta name=\"twitter:label2\" content=\"Dur\u00e9e de lecture estim\u00e9e\" \/>\n\t<meta name=\"twitter:data2\" content=\"3 minutes\" \/>\n<script type=\"application\/ld+json\" class=\"yoast-schema-graph\">{\"@context\":\"https:\\\/\\\/schema.org\",\"@graph\":[{\"@type\":\"Article\",\"@id\":\"https:\\\/\\\/lasentinelle.dz\\\/index.php\\\/2026\\\/01\\\/28\\\/visite-de-mohamed-arkab-au-niger-niamey-affiche-sa-volonte-de-consolider-ses-relations-avec-alger\\\/#article\",\"isPartOf\":{\"@id\":\"https:\\\/\\\/lasentinelle.dz\\\/index.php\\\/2026\\\/01\\\/28\\\/visite-de-mohamed-arkab-au-niger-niamey-affiche-sa-volonte-de-consolider-ses-relations-avec-alger\\\/\"},\"author\":{\"name\":\"admin\",\"@id\":\"https:\\\/\\\/lasentinelle.dz\\\/#\\\/schema\\\/person\\\/729ee0024f24e0b8c5ec17232f8e8b41\"},\"headline\":\"Visite\u00a0de Mohamed Arkab\u00a0au Niger\u00a0: Niamey affiche sa volont\u00e9 de consolider ses relations avec Alger\",\"datePublished\":\"2026-01-28T12:26:51+00:00\",\"dateModified\":\"2026-01-28T12:26:52+00:00\",\"mainEntityOfPage\":{\"@id\":\"https:\\\/\\\/lasentinelle.dz\\\/index.php\\\/2026\\\/01\\\/28\\\/visite-de-mohamed-arkab-au-niger-niamey-affiche-sa-volonte-de-consolider-ses-relations-avec-alger\\\/\"},\"wordCount\":562,\"commentCount\":0,\"publisher\":{\"@id\":\"https:\\\/\\\/lasentinelle.dz\\\/#organization\"},\"image\":{\"@id\":\"https:\\\/\\\/lasentinelle.dz\\\/index.php\\\/2026\\\/01\\\/28\\\/visite-de-mohamed-arkab-au-niger-niamey-affiche-sa-volonte-de-consolider-ses-relations-avec-alger\\\/#primaryimage\"},\"thumbnailUrl\":\"https:\\\/\\\/lasentinelle.dz\\\/wp-content\\\/uploads\\\/2026\\\/01\\\/jh-jhgd-hdgs.webp\",\"articleSection\":[\"Actualit\u00e9\"],\"inLanguage\":\"fr-FR\",\"potentialAction\":[{\"@type\":\"CommentAction\",\"name\":\"Comment\",\"target\":[\"https:\\\/\\\/lasentinelle.dz\\\/index.php\\\/2026\\\/01\\\/28\\\/visite-de-mohamed-arkab-au-niger-niamey-affiche-sa-volonte-de-consolider-ses-relations-avec-alger\\\/#respond\"]}]},{\"@type\":\"WebPage\",\"@id\":\"https:\\\/\\\/lasentinelle.dz\\\/index.php\\\/2026\\\/01\\\/28\\\/visite-de-mohamed-arkab-au-niger-niamey-affiche-sa-volonte-de-consolider-ses-relations-avec-alger\\\/\",\"url\":\"https:\\\/\\\/lasentinelle.dz\\\/index.php\\\/2026\\\/01\\\/28\\\/visite-de-mohamed-arkab-au-niger-niamey-affiche-sa-volonte-de-consolider-ses-relations-avec-alger\\\/\",\"name\":\"Visite\u00a0de Mohamed Arkab\u00a0au Niger\u00a0: Niamey affiche sa volont\u00e9 de consolider ses relations avec Alger - La Sentinelle\",\"isPartOf\":{\"@id\":\"https:\\\/\\\/lasentinelle.dz\\\/#website\"},\"primaryImageOfPage\":{\"@id\":\"https:\\\/\\\/lasentinelle.dz\\\/index.php\\\/2026\\\/01\\\/28\\\/visite-de-mohamed-arkab-au-niger-niamey-affiche-sa-volonte-de-consolider-ses-relations-avec-alger\\\/#primaryimage\"},\"image\":{\"@id\":\"https:\\\/\\\/lasentinelle.dz\\\/index.php\\\/2026\\\/01\\\/28\\\/visite-de-mohamed-arkab-au-niger-niamey-affiche-sa-volonte-de-consolider-ses-relations-avec-alger\\\/#primaryimage\"},\"thumbnailUrl\":\"https:\\\/\\\/lasentinelle.dz\\\/wp-content\\\/uploads\\\/2026\\\/01\\\/jh-jhgd-hdgs.webp\",\"datePublished\":\"2026-01-28T12:26:51+00:00\",\"dateModified\":\"2026-01-28T12:26:52+00:00\",\"breadcrumb\":{\"@id\":\"https:\\\/\\\/lasentinelle.dz\\\/index.php\\\/2026\\\/01\\\/28\\\/visite-de-mohamed-arkab-au-niger-niamey-affiche-sa-volonte-de-consolider-ses-relations-avec-alger\\\/#breadcrumb\"},\"inLanguage\":\"fr-FR\",\"potentialAction\":[{\"@type\":\"ReadAction\",\"target\":[\"https:\\\/\\\/lasentinelle.dz\\\/index.php\\\/2026\\\/01\\\/28\\\/visite-de-mohamed-arkab-au-niger-niamey-affiche-sa-volonte-de-consolider-ses-relations-avec-alger\\\/\"]}]},{\"@type\":\"ImageObject\",\"inLanguage\":\"fr-FR\",\"@id\":\"https:\\\/\\\/lasentinelle.dz\\\/index.php\\\/2026\\\/01\\\/28\\\/visite-de-mohamed-arkab-au-niger-niamey-affiche-sa-volonte-de-consolider-ses-relations-avec-alger\\\/#primaryimage\",\"url\":\"https:\\\/\\\/lasentinelle.dz\\\/wp-content\\\/uploads\\\/2026\\\/01\\\/jh-jhgd-hdgs.webp\",\"contentUrl\":\"https:\\\/\\\/lasentinelle.dz\\\/wp-content\\\/uploads\\\/2026\\\/01\\\/jh-jhgd-hdgs.webp\",\"width\":900,\"height\":675},{\"@type\":\"BreadcrumbList\",\"@id\":\"https:\\\/\\\/lasentinelle.dz\\\/index.php\\\/2026\\\/01\\\/28\\\/visite-de-mohamed-arkab-au-niger-niamey-affiche-sa-volonte-de-consolider-ses-relations-avec-alger\\\/#breadcrumb\",\"itemListElement\":[{\"@type\":\"ListItem\",\"position\":1,\"name\":\"Accueil\",\"item\":\"https:\\\/\\\/lasentinelle.dz\\\/\"},{\"@type\":\"ListItem\",\"position\":2,\"name\":\"Visite\u00a0de Mohamed Arkab\u00a0au Niger\u00a0: Niamey affiche sa volont\u00e9 de consolider ses relations avec Alger\"}]},{\"@type\":\"WebSite\",\"@id\":\"https:\\\/\\\/lasentinelle.dz\\\/#website\",\"url\":\"https:\\\/\\\/lasentinelle.dz\\\/\",\"name\":\"La Sentinelle\",\"description\":\"Quotidien national d&#039;information\",\"publisher\":{\"@id\":\"https:\\\/\\\/lasentinelle.dz\\\/#organization\"},\"potentialAction\":[{\"@type\":\"SearchAction\",\"target\":{\"@type\":\"EntryPoint\",\"urlTemplate\":\"https:\\\/\\\/lasentinelle.dz\\\/?s={search_term_string}\"},\"query-input\":{\"@type\":\"PropertyValueSpecification\",\"valueRequired\":true,\"valueName\":\"search_term_string\"}}],\"inLanguage\":\"fr-FR\"},{\"@type\":\"Organization\",\"@id\":\"https:\\\/\\\/lasentinelle.dz\\\/#organization\",\"name\":\"Quotidien La Sentinelle\",\"url\":\"https:\\\/\\\/lasentinelle.dz\\\/\",\"logo\":{\"@type\":\"ImageObject\",\"inLanguage\":\"fr-FR\",\"@id\":\"https:\\\/\\\/lasentinelle.dz\\\/#\\\/schema\\\/logo\\\/image\\\/\",\"url\":\"https:\\\/\\\/lasentinelle.dz\\\/wp-content\\\/uploads\\\/2021\\\/09\\\/logo-sentinelleSLOGAN-1.png\",\"contentUrl\":\"https:\\\/\\\/lasentinelle.dz\\\/wp-content\\\/uploads\\\/2021\\\/09\\\/logo-sentinelleSLOGAN-1.png\",\"width\":615,\"height\":142,\"caption\":\"Quotidien La Sentinelle\"},\"image\":{\"@id\":\"https:\\\/\\\/lasentinelle.dz\\\/#\\\/schema\\\/logo\\\/image\\\/\"},\"sameAs\":[\"https:\\\/\\\/www.facebook.com\\\/La-Sentinelle-104059864394773\"]},{\"@type\":\"Person\",\"@id\":\"https:\\\/\\\/lasentinelle.dz\\\/#\\\/schema\\\/person\\\/729ee0024f24e0b8c5ec17232f8e8b41\",\"name\":\"admin\",\"image\":{\"@type\":\"ImageObject\",\"inLanguage\":\"fr-FR\",\"@id\":\"https:\\\/\\\/secure.gravatar.com\\\/avatar\\\/4c81fed838786e9b53f540bf46533e750f5d292099ae3b66cfc6fb1982e29df7?s=96&d=mm&r=g\",\"url\":\"https:\\\/\\\/secure.gravatar.com\\\/avatar\\\/4c81fed838786e9b53f540bf46533e750f5d292099ae3b66cfc6fb1982e29df7?s=96&d=mm&r=g\",\"contentUrl\":\"https:\\\/\\\/secure.gravatar.com\\\/avatar\\\/4c81fed838786e9b53f540bf46533e750f5d292099ae3b66cfc6fb1982e29df7?s=96&d=mm&r=g\",\"caption\":\"admin\"},\"description\":\"admin\",\"url\":\"https:\\\/\\\/lasentinelle.dz\\\/author\\\/admin\\\/\"}]}<\/script>\n<!-- \/ Yoast SEO plugin. -->","yoast_head_json":{"title":"Visite\u00a0de Mohamed Arkab\u00a0au Niger\u00a0: Niamey affiche sa volont\u00e9 de consolider ses relations avec Alger - La Sentinelle","robots":{"index":"index","follow":"follow","max-snippet":"max-snippet:-1","max-image-preview":"max-image-preview:large","max-video-preview":"max-video-preview:-1"},"canonical":"https:\/\/lasentinelle.dz\/index.php\/2026\/01\/28\/visite-de-mohamed-arkab-au-niger-niamey-affiche-sa-volonte-de-consolider-ses-relations-avec-alger\/","og_locale":"fr_FR","og_type":"article","og_title":"Visite\u00a0de Mohamed Arkab\u00a0au Niger\u00a0: Niamey affiche sa volont\u00e9 de consolider ses relations avec Alger - La Sentinelle","og_description":"La visite de travail du ministre d&rsquo;\u00c9tat, ministre des Hydrocarbures et des Mines, Mohamed Arkab, en R\u00e9publique du Niger, a","og_url":"https:\/\/lasentinelle.dz\/index.php\/2026\/01\/28\/visite-de-mohamed-arkab-au-niger-niamey-affiche-sa-volonte-de-consolider-ses-relations-avec-alger\/","og_site_name":"La Sentinelle","article_publisher":"https:\/\/www.facebook.com\/La-Sentinelle-104059864394773","article_published_time":"2026-01-28T12:26:51+00:00","article_modified_time":"2026-01-28T12:26:52+00:00","og_image":[{"width":900,"height":675,"url":"https:\/\/lasentinelle.dz\/wp-content\/uploads\/2026\/01\/jh-jhgd-hdgs.webp","type":"image\/webp"}],"author":"admin","twitter_card":"summary_large_image","twitter_misc":{"\u00c9crit par":"admin","Dur\u00e9e de lecture estim\u00e9e":"3 minutes"},"schema":{"@context":"https:\/\/schema.org","@graph":[{"@type":"Article","@id":"https:\/\/lasentinelle.dz\/index.php\/2026\/01\/28\/visite-de-mohamed-arkab-au-niger-niamey-affiche-sa-volonte-de-consolider-ses-relations-avec-alger\/#article","isPartOf":{"@id":"https:\/\/lasentinelle.dz\/index.php\/2026\/01\/28\/visite-de-mohamed-arkab-au-niger-niamey-affiche-sa-volonte-de-consolider-ses-relations-avec-alger\/"},"author":{"name":"admin","@id":"https:\/\/lasentinelle.dz\/#\/schema\/person\/729ee0024f24e0b8c5ec17232f8e8b41"},"headline":"Visite\u00a0de Mohamed Arkab\u00a0au Niger\u00a0: Niamey affiche sa volont\u00e9 de consolider ses relations avec Alger","datePublished":"2026-01-28T12:26:51+00:00","dateModified":"2026-01-28T12:26:52+00:00","mainEntityOfPage":{"@id":"https:\/\/lasentinelle.dz\/index.php\/2026\/01\/28\/visite-de-mohamed-arkab-au-niger-niamey-affiche-sa-volonte-de-consolider-ses-relations-avec-alger\/"},"wordCount":562,"commentCount":0,"publisher":{"@id":"https:\/\/lasentinelle.dz\/#organization"},"image":{"@id":"https:\/\/lasentinelle.dz\/index.php\/2026\/01\/28\/visite-de-mohamed-arkab-au-niger-niamey-affiche-sa-volonte-de-consolider-ses-relations-avec-alger\/#primaryimage"},"thumbnailUrl":"https:\/\/lasentinelle.dz\/wp-content\/uploads\/2026\/01\/jh-jhgd-hdgs.webp","articleSection":["Actualit\u00e9"],"inLanguage":"fr-FR","potentialAction":[{"@type":"CommentAction","name":"Comment","target":["https:\/\/lasentinelle.dz\/index.php\/2026\/01\/28\/visite-de-mohamed-arkab-au-niger-niamey-affiche-sa-volonte-de-consolider-ses-relations-avec-alger\/#respond"]}]},{"@type":"WebPage","@id":"https:\/\/lasentinelle.dz\/index.php\/2026\/01\/28\/visite-de-mohamed-arkab-au-niger-niamey-affiche-sa-volonte-de-consolider-ses-relations-avec-alger\/","url":"https:\/\/lasentinelle.dz\/index.php\/2026\/01\/28\/visite-de-mohamed-arkab-au-niger-niamey-affiche-sa-volonte-de-consolider-ses-relations-avec-alger\/","name":"Visite\u00a0de Mohamed Arkab\u00a0au Niger\u00a0: Niamey affiche sa volont\u00e9 de consolider ses relations avec Alger - La Sentinelle","isPartOf":{"@id":"https:\/\/lasentinelle.dz\/#website"},"primaryImageOfPage":{"@id":"https:\/\/lasentinelle.dz\/index.php\/2026\/01\/28\/visite-de-mohamed-arkab-au-niger-niamey-affiche-sa-volonte-de-consolider-ses-relations-avec-alger\/#primaryimage"},"image":{"@id":"https:\/\/lasentinelle.dz\/index.php\/2026\/01\/28\/visite-de-mohamed-arkab-au-niger-niamey-affiche-sa-volonte-de-consolider-ses-relations-avec-alger\/#primaryimage"},"thumbnailUrl":"https:\/\/lasentinelle.dz\/wp-content\/uploads\/2026\/01\/jh-jhgd-hdgs.webp","datePublished":"2026-01-28T12:26:51+00:00","dateModified":"2026-01-28T12:26:52+00:00","breadcrumb":{"@id":"https:\/\/lasentinelle.dz\/index.php\/2026\/01\/28\/visite-de-mohamed-arkab-au-niger-niamey-affiche-sa-volonte-de-consolider-ses-relations-avec-alger\/#breadcrumb"},"inLanguage":"fr-FR","potentialAction":[{"@type":"ReadAction","target":["https:\/\/lasentinelle.dz\/index.php\/2026\/01\/28\/visite-de-mohamed-arkab-au-niger-niamey-affiche-sa-volonte-de-consolider-ses-relations-avec-alger\/"]}]},{"@type":"ImageObject","inLanguage":"fr-FR","@id":"https:\/\/lasentinelle.dz\/index.php\/2026\/01\/28\/visite-de-mohamed-arkab-au-niger-niamey-affiche-sa-volonte-de-consolider-ses-relations-avec-alger\/#primaryimage","url":"https:\/\/lasentinelle.dz\/wp-content\/uploads\/2026\/01\/jh-jhgd-hdgs.webp","contentUrl":"https:\/\/lasentinelle.dz\/wp-content\/uploads\/2026\/01\/jh-jhgd-hdgs.webp","width":900,"height":675},{"@type":"BreadcrumbList","@id":"https:\/\/lasentinelle.dz\/index.php\/2026\/01\/28\/visite-de-mohamed-arkab-au-niger-niamey-affiche-sa-volonte-de-consolider-ses-relations-avec-alger\/#breadcrumb","itemListElement":[{"@type":"ListItem","position":1,"name":"Accueil","item":"https:\/\/lasentinelle.dz\/"},{"@type":"ListItem","position":2,"name":"Visite\u00a0de Mohamed Arkab\u00a0au Niger\u00a0: Niamey affiche sa volont\u00e9 de consolider ses relations avec Alger"}]},{"@type":"WebSite","@id":"https:\/\/lasentinelle.dz\/#website","url":"https:\/\/lasentinelle.dz\/","name":"La Sentinelle","description":"Quotidien national d&#039;information","publisher":{"@id":"https:\/\/lasentinelle.dz\/#organization"},"potentialAction":[{"@type":"SearchAction","target":{"@type":"EntryPoint","urlTemplate":"https:\/\/lasentinelle.dz\/?s={search_term_string}"},"query-input":{"@type":"PropertyValueSpecification","valueRequired":true,"valueName":"search_term_string"}}],"inLanguage":"fr-FR"},{"@type":"Organization","@id":"https:\/\/lasentinelle.dz\/#organization","name":"Quotidien La Sentinelle","url":"https:\/\/lasentinelle.dz\/","logo":{"@type":"ImageObject","inLanguage":"fr-FR","@id":"https:\/\/lasentinelle.dz\/#\/schema\/logo\/image\/","url":"https:\/\/lasentinelle.dz\/wp-content\/uploads\/2021\/09\/logo-sentinelleSLOGAN-1.png","contentUrl":"https:\/\/lasentinelle.dz\/wp-content\/uploads\/2021\/09\/logo-sentinelleSLOGAN-1.png","width":615,"height":142,"caption":"Quotidien La Sentinelle"},"image":{"@id":"https:\/\/lasentinelle.dz\/#\/schema\/logo\/image\/"},"sameAs":["https:\/\/www.facebook.com\/La-Sentinelle-104059864394773"]},{"@type":"Person","@id":"https:\/\/lasentinelle.dz\/#\/schema\/person\/729ee0024f24e0b8c5ec17232f8e8b41","name":"admin","image":{"@type":"ImageObject","inLanguage":"fr-FR","@id":"https:\/\/secure.gravatar.com\/avatar\/4c81fed838786e9b53f540bf46533e750f5d292099ae3b66cfc6fb1982e29df7?s=96&d=mm&r=g","url":"https:\/\/secure.gravatar.com\/avatar\/4c81fed838786e9b53f540bf46533e750f5d292099ae3b66cfc6fb1982e29df7?s=96&d=mm&r=g","contentUrl":"https:\/\/secure.gravatar.com\/avatar\/4c81fed838786e9b53f540bf46533e750f5d292099ae3b66cfc6fb1982e29df7?s=96&d=mm&r=g","caption":"admin"},"description":"admin","url":"https:\/\/lasentinelle.dz\/author\/admin\/"}]}},"_links":{"self":[{"href":"https:\/\/lasentinelle.dz\/index.php\/wp-json\/wp\/v2\/posts\/80249","targetHints":{"allow":["GET"]}}],"collection":[{"href":"https:\/\/lasentinelle.dz\/index.php\/wp-json\/wp\/v2\/posts"}],"about":[{"href":"https:\/\/lasentinelle.dz\/index.php\/wp-json\/wp\/v2\/types\/post"}],"author":[{"embeddable":true,"href":"https:\/\/lasentinelle.dz\/index.php\/wp-json\/wp\/v2\/users\/6"}],"replies":[{"embeddable":true,"href":"https:\/\/lasentinelle.dz\/index.php\/wp-json\/wp\/v2\/comments?post=80249"}],"version-history":[{"count":1,"href":"https:\/\/lasentinelle.dz\/index.php\/wp-json\/wp\/v2\/posts\/80249\/revisions"}],"predecessor-version":[{"id":80251,"href":"https:\/\/lasentinelle.dz\/index.php\/wp-json\/wp\/v2\/posts\/80249\/revisions\/80251"}],"wp:featuredmedia":[{"embeddable":true,"href":"https:\/\/lasentinelle.dz\/index.php\/wp-json\/wp\/v2\/media\/80250"}],"wp:attachment":[{"href":"https:\/\/lasentinelle.dz\/index.php\/wp-json\/wp\/v2\/media?parent=80249"}],"wp:term":[{"taxonomy":"category","embeddable":true,"href":"https:\/\/lasentinelle.dz\/index.php\/wp-json\/wp\/v2\/categories?post=80249"},{"taxonomy":"post_tag","embeddable":true,"href":"https:\/\/lasentinelle.dz\/index.php\/wp-json\/wp\/v2\/tags?post=80249"}],"curies":[{"name":"wp","href":"https:\/\/api.w.org\/{rel}","templated":true}]}}