{"id":80252,"date":"2026-01-28T13:27:52","date_gmt":"2026-01-28T12:27:52","guid":{"rendered":"https:\/\/lasentinelle.dz\/?p=80252"},"modified":"2026-01-28T13:27:53","modified_gmt":"2026-01-28T12:27:53","slug":"crise-libyenne-lalgerie-reaffirme-son-engagement-constant-pour-une-solution-politique","status":"publish","type":"post","link":"https:\/\/lasentinelle.dz\/index.php\/2026\/01\/28\/crise-libyenne-lalgerie-reaffirme-son-engagement-constant-pour-une-solution-politique\/","title":{"rendered":"Crise libyenne\u00a0: L&rsquo;Alg\u00e9rie r\u00e9affirme son engagement constant pour une solution politique\u00a0"},"content":{"rendered":"\n<p>Le ministre d&rsquo;\u00c9tat, ministre des Affaires \u00e9trang\u00e8res, Ahmed Attaf, a r\u00e9it\u00e9r\u00e9 lundi \u00e0 Tunis la position de principe de l&rsquo;Alg\u00e9rie en faveur d&rsquo;un r\u00e8glement politique de la crise libyenne, insistant sur l&rsquo;importance de la r\u00e9union du M\u00e9canisme tripartite des pays voisins (Alg\u00e9rie, Tunisie, \u00c9gypte) pour examiner les derniers d\u00e9veloppements du dossier libyen. Cette d\u00e9marche diplomatique s&rsquo;inscrit dans la continuit\u00e9 de l&rsquo;engagement alg\u00e9rien en faveur de la stabilit\u00e9 r\u00e9gionale et du soutien aux peuples fr\u00e8res.<\/p>\n\n\n\n<p>Re\u00e7u en audience par le pr\u00e9sident tunisien Ka\u00efs Sa\u00efed, M. Attaf a soulign\u00e9 la port\u00e9e strat\u00e9gique de cette rencontre qui intervient dans un contexte de r\u00e9activation du M\u00e9canisme tripartite, apr\u00e8s les r\u00e9unions du Caire et d&rsquo;Alger. \u00ab Au-del\u00e0 de l&rsquo;importance accord\u00e9e par le pr\u00e9sident de la R\u00e9publique, M. Abdelmadjid Tebboune, et son fr\u00e8re le pr\u00e9sident Ka\u00efs Sa\u00efed au raffermissement des relations entre l&rsquo;Alg\u00e9rie et la Tunisie, les dirigeants de nos deux pays fr\u00e8res veillent avec la plus grande rigueur \u00e0 la s\u00e9curit\u00e9 et \u00e0 la stabilit\u00e9 du voisinage de nos pays et de leur espace d&rsquo;appartenance commune et directe \u00bb, a d\u00e9clar\u00e9 le chef de la diplomatie alg\u00e9rienne \u00e0 la presse. Cette session tripartite rev\u00eat une importance particuli\u00e8re dans la mesure o\u00f9 elle vise \u00e0 \u00ab affirmer d&rsquo;une seule et m\u00eame voix l&rsquo;imp\u00e9ratif de mettre fin \u00e0 cette crise qui n&rsquo;a que trop dur\u00e9 \u00bb, a pr\u00e9cis\u00e9 M. Attaf, rappelant que l&rsquo;objectif unique de cette initiative est \u00ab le d\u00e9sir d&rsquo;apporter un soutien \u00e0 nos fr\u00e8res libyens, de les aider \u00e0 surmonter leur crise, \u00e0 resserrer leurs rangs et \u00e0 unifier leur parole, afin de parvenir au r\u00e8glement politique escompt\u00e9 \u00bb.<\/p>\n\n\n\n<p>Le ministre d&rsquo;\u00c9tat a justifi\u00e9 la l\u00e9gitimit\u00e9 de l&rsquo;action commune des trois pays voisins par leur exposition directe aux r\u00e9percussions de la crise. \u00ab Nos trois pays sont les plus expos\u00e9s aux r\u00e9percussions et complexit\u00e9s de la crise libyenne, nos trois pays sont les plus proches de la r\u00e9alit\u00e9 de la crise libyenne et de ses diff\u00e9rentes parties, et nos trois pays sont les plus fervents et les plus sinc\u00e8res dans leur volont\u00e9 de mettre fin \u00e0 la crise libyenne et de pr\u00e9server la souverainet\u00e9 de la Libye et l&rsquo;unit\u00e9 de ses terres, de son peuple et de ses institutions \u00bb, a-t-il expliqu\u00e9. M. Attaf a salu\u00e9 l&rsquo;initiative tunisienne d&rsquo;organiser cette r\u00e9union importante. Il a exprim\u00e9 la \u00abprofonde conviction que la s\u00e9curit\u00e9 de la Libye est indissociable de la s\u00e9curit\u00e9 de nos trois pays, et de la stabilit\u00e9 de notre espace commun dans son ensemble \u00bb.<\/p>\n\n\n\n<p><strong>Une solution libyenne aux mains des Libyens<\/strong><\/p>\n\n\n\n<p>Fid\u00e8le aux principes constants de la diplomatie alg\u00e9rienne, le chef de la diplomatie a insist\u00e9 sur la n\u00e9cessit\u00e9 de \u00ab contribuer \u00e0 r\u00e9unir les conditions d&rsquo;un r\u00e8glement appropri\u00e9 de la crise libyenne \u00bb tout en \u0153uvrant \u00ab \u00e0 permettre aux Libyens de s&rsquo;approprier la solution politique \u00e0 la crise libyenne, et de participer \u00e0 la mise de cette solution \u00e0 l&rsquo;abri des ing\u00e9rences, des tiraillements et des polarisations qui compliquent, voire emp\u00eachent l&rsquo;aboutissement rapide \u00e0 un accord sur la solution escompt\u00e9e \u00e0 la crise libyenne \u00bb. Cette position r\u00e9affirme le rejet de toute ing\u00e9rence \u00e9trang\u00e8re dans les affaires libyennes et la conviction que seul un dialogue inter-libyen inclusif peut aboutir \u00e0 une sortie de crise durable.<\/p>\n\n\n\n<p>La visite de M. Attaf \u00e0 Tunis rev\u00eat \u00e9galement une dimension symbolique particuli\u00e8re, intervenant \u00e0 la veille de la comm\u00e9moration du bombardement de Sakiet Sidi Youssef, \u00e9v\u00e9nement historique illustrant la solidarit\u00e9 ind\u00e9fectible entre les deux peuples. \u00ab Il s&rsquo;agit de l&rsquo;anniversaire des \u00e9v\u00e9nements de Sakiet Sidi Youssef que nos deux pays s&rsquo;appr\u00eatent \u00e0 comm\u00e9morer d&rsquo;une mani\u00e8re qui sied \u00e0 leur valeur et \u00e0 leur symbolique \u00bb, a soulign\u00e9 le ministre d&rsquo;\u00c9tat. M. Attaf a transmis au pr\u00e9sident Sa\u00efed les salutations de son homologue alg\u00e9rien ainsi que \u00ab ses v\u0153ux les plus sinc\u00e8res \u00e0 l&rsquo;occasion de ce cher anniversaire, profond\u00e9ment grav\u00e9 dans notre m\u00e9moire commune \u00bb. Le chef de la diplomatie alg\u00e9rienne a par ailleurs exprim\u00e9 \u00ab l&rsquo;int\u00e9r\u00eat particulier et l&rsquo;attachement constant \u00bb du pr\u00e9sident Tebboune \u00e0 poursuivre le travail commun en vue de consolider davantage les relations bilat\u00e9rales \u00ab au mieux des int\u00e9r\u00eats de nos deux pays, de nos deux peuples, et de l&rsquo;ensemble des espaces de notre appartenance arabe, africaine, islamique et m\u00e9diterran\u00e9enne \u00bb.<\/p>\n\n\n\n<p>La rencontre a \u00e9galement permis d&rsquo;exprimer \u00ab notre satisfaction commune quant aux conclusions importantes et aux r\u00e9sultats qualitatifs issus des travaux de la 23e session de la Grande Commission mixte alg\u00e9ro-tunisienne \u00bb, tenue le mois dernier \u00e0 Tunis. M. Attaf s&rsquo;est dit attentif aux \u00ab analyses profondes \u00bb du pr\u00e9sident tunisien concernant \u00ab les perspectives de concr\u00e9tisation de ces conclusions et r\u00e9sultats sur le terrain, et leur transformation en projets pratiques et en r\u00e9alisations tangibles pour le rayonnement des relations alg\u00e9ro-tunisiennes \u00bb. Le pr\u00e9sident Sa\u00efed a r\u00e9it\u00e9r\u00e9 \u00ab sa vision strat\u00e9gique du pr\u00e9sent et de l&rsquo;avenir des relations entre nos deux pays fr\u00e8res, une vision int\u00e9gr\u00e9e et inclusive dont il partage pleinement la conviction et la volont\u00e9 de la concr\u00e9tiser avec son fr\u00e8re, le pr\u00e9sident Abdelmadjid Tebboune \u00bb, a conclu le ministre d&rsquo;\u00c9tat.<\/p>\n\n\n\n<p>Chokri Hafed<\/p>\n","protected":false},"excerpt":{"rendered":"<p>Le ministre d&rsquo;\u00c9tat, ministre des Affaires \u00e9trang\u00e8res, Ahmed Attaf, a r\u00e9it\u00e9r\u00e9 lundi \u00e0 Tunis la position de principe de l&rsquo;Alg\u00e9rie<\/p>\n","protected":false},"author":6,"featured_media":80253,"comment_status":"open","ping_status":"closed","sticky":false,"template":"","format":"standard","meta":{"colormag_page_container_layout":"default_layout","colormag_page_sidebar_layout":"default_layout","om_disable_all_campaigns":false,"_monsterinsights_skip_tracking":false,"_monsterinsights_sitenote_active":false,"_monsterinsights_sitenote_note":"","_monsterinsights_sitenote_category":0,"footnotes":"","_wpscppro_dont_share_socialmedia":false,"_wpscppro_custom_social_share_image":0,"_facebook_share_type":"default","_twitter_share_type":"default","_linkedin_share_type":"default","_pinterest_share_type":"default","_linkedin_share_type_page":"","_instagram_share_type":"default","_medium_share_type":"default","_threads_share_type":"default","_google_business_share_type":"default","_selected_social_profile":[],"_wpsp_enable_custom_social_template":false,"_wpsp_social_scheduling":{"enabled":false,"datetime":null,"platforms":[],"status":"template_only","dateOption":"today","timeOption":"now","customDays":"","customHours":"","customDate":"","customTime":"","schedulingType":"absolute"},"_wpsp_active_default_template":true},"categories":[27],"tags":[],"class_list":["post-80252","post","type-post","status-publish","format-standard","has-post-thumbnail","hentry","category-actualite"],"aioseo_notices":[],"yoast_head":"<!-- This site is optimized with the Yoast SEO plugin v27.5 - https:\/\/yoast.com\/product\/yoast-seo-wordpress\/ -->\n<title>Crise libyenne\u00a0: L&rsquo;Alg\u00e9rie r\u00e9affirme son engagement constant pour une solution politique\u00a0 - La Sentinelle<\/title>\n<meta name=\"robots\" content=\"index, follow, max-snippet:-1, max-image-preview:large, max-video-preview:-1\" \/>\n<link rel=\"canonical\" href=\"https:\/\/lasentinelle.dz\/index.php\/2026\/01\/28\/crise-libyenne-lalgerie-reaffirme-son-engagement-constant-pour-une-solution-politique\/\" \/>\n<meta property=\"og:locale\" content=\"fr_FR\" \/>\n<meta property=\"og:type\" content=\"article\" \/>\n<meta property=\"og:title\" content=\"Crise libyenne\u00a0: L&rsquo;Alg\u00e9rie r\u00e9affirme son engagement constant pour une solution politique\u00a0 - La Sentinelle\" \/>\n<meta property=\"og:description\" content=\"Le ministre d&rsquo;\u00c9tat, ministre des Affaires \u00e9trang\u00e8res, Ahmed Attaf, a r\u00e9it\u00e9r\u00e9 lundi \u00e0 Tunis la position de principe de l&rsquo;Alg\u00e9rie\" \/>\n<meta property=\"og:url\" content=\"https:\/\/lasentinelle.dz\/index.php\/2026\/01\/28\/crise-libyenne-lalgerie-reaffirme-son-engagement-constant-pour-une-solution-politique\/\" \/>\n<meta property=\"og:site_name\" content=\"La Sentinelle\" \/>\n<meta property=\"article:publisher\" content=\"https:\/\/www.facebook.com\/La-Sentinelle-104059864394773\" \/>\n<meta property=\"article:published_time\" content=\"2026-01-28T12:27:52+00:00\" \/>\n<meta property=\"article:modified_time\" content=\"2026-01-28T12:27:53+00:00\" \/>\n<meta property=\"og:image\" content=\"https:\/\/lasentinelle.dz\/wp-content\/uploads\/2026\/01\/attaf.jpeg\" \/>\n\t<meta property=\"og:image:width\" content=\"1280\" \/>\n\t<meta property=\"og:image:height\" content=\"854\" \/>\n\t<meta property=\"og:image:type\" content=\"image\/jpeg\" \/>\n<meta name=\"author\" content=\"admin\" \/>\n<meta name=\"twitter:card\" content=\"summary_large_image\" \/>\n<meta name=\"twitter:label1\" content=\"\u00c9crit par\" \/>\n\t<meta name=\"twitter:data1\" content=\"admin\" \/>\n\t<meta name=\"twitter:label2\" content=\"Dur\u00e9e de lecture estim\u00e9e\" \/>\n\t<meta name=\"twitter:data2\" content=\"5 minutes\" \/>\n<script type=\"application\/ld+json\" class=\"yoast-schema-graph\">{\"@context\":\"https:\\\/\\\/schema.org\",\"@graph\":[{\"@type\":\"Article\",\"@id\":\"https:\\\/\\\/lasentinelle.dz\\\/index.php\\\/2026\\\/01\\\/28\\\/crise-libyenne-lalgerie-reaffirme-son-engagement-constant-pour-une-solution-politique\\\/#article\",\"isPartOf\":{\"@id\":\"https:\\\/\\\/lasentinelle.dz\\\/index.php\\\/2026\\\/01\\\/28\\\/crise-libyenne-lalgerie-reaffirme-son-engagement-constant-pour-une-solution-politique\\\/\"},\"author\":{\"name\":\"admin\",\"@id\":\"https:\\\/\\\/lasentinelle.dz\\\/#\\\/schema\\\/person\\\/729ee0024f24e0b8c5ec17232f8e8b41\"},\"headline\":\"Crise libyenne\u00a0: L&rsquo;Alg\u00e9rie r\u00e9affirme son engagement constant pour une solution politique\u00a0\",\"datePublished\":\"2026-01-28T12:27:52+00:00\",\"dateModified\":\"2026-01-28T12:27:53+00:00\",\"mainEntityOfPage\":{\"@id\":\"https:\\\/\\\/lasentinelle.dz\\\/index.php\\\/2026\\\/01\\\/28\\\/crise-libyenne-lalgerie-reaffirme-son-engagement-constant-pour-une-solution-politique\\\/\"},\"wordCount\":940,\"commentCount\":0,\"publisher\":{\"@id\":\"https:\\\/\\\/lasentinelle.dz\\\/#organization\"},\"image\":{\"@id\":\"https:\\\/\\\/lasentinelle.dz\\\/index.php\\\/2026\\\/01\\\/28\\\/crise-libyenne-lalgerie-reaffirme-son-engagement-constant-pour-une-solution-politique\\\/#primaryimage\"},\"thumbnailUrl\":\"https:\\\/\\\/lasentinelle.dz\\\/wp-content\\\/uploads\\\/2026\\\/01\\\/attaf.jpeg\",\"articleSection\":[\"Actualit\u00e9\"],\"inLanguage\":\"fr-FR\",\"potentialAction\":[{\"@type\":\"CommentAction\",\"name\":\"Comment\",\"target\":[\"https:\\\/\\\/lasentinelle.dz\\\/index.php\\\/2026\\\/01\\\/28\\\/crise-libyenne-lalgerie-reaffirme-son-engagement-constant-pour-une-solution-politique\\\/#respond\"]}]},{\"@type\":\"WebPage\",\"@id\":\"https:\\\/\\\/lasentinelle.dz\\\/index.php\\\/2026\\\/01\\\/28\\\/crise-libyenne-lalgerie-reaffirme-son-engagement-constant-pour-une-solution-politique\\\/\",\"url\":\"https:\\\/\\\/lasentinelle.dz\\\/index.php\\\/2026\\\/01\\\/28\\\/crise-libyenne-lalgerie-reaffirme-son-engagement-constant-pour-une-solution-politique\\\/\",\"name\":\"Crise libyenne\u00a0: L&rsquo;Alg\u00e9rie r\u00e9affirme son engagement constant pour une solution politique\u00a0 - La Sentinelle\",\"isPartOf\":{\"@id\":\"https:\\\/\\\/lasentinelle.dz\\\/#website\"},\"primaryImageOfPage\":{\"@id\":\"https:\\\/\\\/lasentinelle.dz\\\/index.php\\\/2026\\\/01\\\/28\\\/crise-libyenne-lalgerie-reaffirme-son-engagement-constant-pour-une-solution-politique\\\/#primaryimage\"},\"image\":{\"@id\":\"https:\\\/\\\/lasentinelle.dz\\\/index.php\\\/2026\\\/01\\\/28\\\/crise-libyenne-lalgerie-reaffirme-son-engagement-constant-pour-une-solution-politique\\\/#primaryimage\"},\"thumbnailUrl\":\"https:\\\/\\\/lasentinelle.dz\\\/wp-content\\\/uploads\\\/2026\\\/01\\\/attaf.jpeg\",\"datePublished\":\"2026-01-28T12:27:52+00:00\",\"dateModified\":\"2026-01-28T12:27:53+00:00\",\"breadcrumb\":{\"@id\":\"https:\\\/\\\/lasentinelle.dz\\\/index.php\\\/2026\\\/01\\\/28\\\/crise-libyenne-lalgerie-reaffirme-son-engagement-constant-pour-une-solution-politique\\\/#breadcrumb\"},\"inLanguage\":\"fr-FR\",\"potentialAction\":[{\"@type\":\"ReadAction\",\"target\":[\"https:\\\/\\\/lasentinelle.dz\\\/index.php\\\/2026\\\/01\\\/28\\\/crise-libyenne-lalgerie-reaffirme-son-engagement-constant-pour-une-solution-politique\\\/\"]}]},{\"@type\":\"ImageObject\",\"inLanguage\":\"fr-FR\",\"@id\":\"https:\\\/\\\/lasentinelle.dz\\\/index.php\\\/2026\\\/01\\\/28\\\/crise-libyenne-lalgerie-reaffirme-son-engagement-constant-pour-une-solution-politique\\\/#primaryimage\",\"url\":\"https:\\\/\\\/lasentinelle.dz\\\/wp-content\\\/uploads\\\/2026\\\/01\\\/attaf.jpeg\",\"contentUrl\":\"https:\\\/\\\/lasentinelle.dz\\\/wp-content\\\/uploads\\\/2026\\\/01\\\/attaf.jpeg\",\"width\":1280,\"height\":854},{\"@type\":\"BreadcrumbList\",\"@id\":\"https:\\\/\\\/lasentinelle.dz\\\/index.php\\\/2026\\\/01\\\/28\\\/crise-libyenne-lalgerie-reaffirme-son-engagement-constant-pour-une-solution-politique\\\/#breadcrumb\",\"itemListElement\":[{\"@type\":\"ListItem\",\"position\":1,\"name\":\"Accueil\",\"item\":\"https:\\\/\\\/lasentinelle.dz\\\/\"},{\"@type\":\"ListItem\",\"position\":2,\"name\":\"Crise libyenne\u00a0: L&rsquo;Alg\u00e9rie r\u00e9affirme son engagement constant pour une solution politique\u00a0\"}]},{\"@type\":\"WebSite\",\"@id\":\"https:\\\/\\\/lasentinelle.dz\\\/#website\",\"url\":\"https:\\\/\\\/lasentinelle.dz\\\/\",\"name\":\"La Sentinelle\",\"description\":\"Quotidien national d&#039;information\",\"publisher\":{\"@id\":\"https:\\\/\\\/lasentinelle.dz\\\/#organization\"},\"potentialAction\":[{\"@type\":\"SearchAction\",\"target\":{\"@type\":\"EntryPoint\",\"urlTemplate\":\"https:\\\/\\\/lasentinelle.dz\\\/?s={search_term_string}\"},\"query-input\":{\"@type\":\"PropertyValueSpecification\",\"valueRequired\":true,\"valueName\":\"search_term_string\"}}],\"inLanguage\":\"fr-FR\"},{\"@type\":\"Organization\",\"@id\":\"https:\\\/\\\/lasentinelle.dz\\\/#organization\",\"name\":\"Quotidien La Sentinelle\",\"url\":\"https:\\\/\\\/lasentinelle.dz\\\/\",\"logo\":{\"@type\":\"ImageObject\",\"inLanguage\":\"fr-FR\",\"@id\":\"https:\\\/\\\/lasentinelle.dz\\\/#\\\/schema\\\/logo\\\/image\\\/\",\"url\":\"https:\\\/\\\/lasentinelle.dz\\\/wp-content\\\/uploads\\\/2021\\\/09\\\/logo-sentinelleSLOGAN-1.png\",\"contentUrl\":\"https:\\\/\\\/lasentinelle.dz\\\/wp-content\\\/uploads\\\/2021\\\/09\\\/logo-sentinelleSLOGAN-1.png\",\"width\":615,\"height\":142,\"caption\":\"Quotidien La Sentinelle\"},\"image\":{\"@id\":\"https:\\\/\\\/lasentinelle.dz\\\/#\\\/schema\\\/logo\\\/image\\\/\"},\"sameAs\":[\"https:\\\/\\\/www.facebook.com\\\/La-Sentinelle-104059864394773\"]},{\"@type\":\"Person\",\"@id\":\"https:\\\/\\\/lasentinelle.dz\\\/#\\\/schema\\\/person\\\/729ee0024f24e0b8c5ec17232f8e8b41\",\"name\":\"admin\",\"image\":{\"@type\":\"ImageObject\",\"inLanguage\":\"fr-FR\",\"@id\":\"https:\\\/\\\/secure.gravatar.com\\\/avatar\\\/4c81fed838786e9b53f540bf46533e750f5d292099ae3b66cfc6fb1982e29df7?s=96&d=mm&r=g\",\"url\":\"https:\\\/\\\/secure.gravatar.com\\\/avatar\\\/4c81fed838786e9b53f540bf46533e750f5d292099ae3b66cfc6fb1982e29df7?s=96&d=mm&r=g\",\"contentUrl\":\"https:\\\/\\\/secure.gravatar.com\\\/avatar\\\/4c81fed838786e9b53f540bf46533e750f5d292099ae3b66cfc6fb1982e29df7?s=96&d=mm&r=g\",\"caption\":\"admin\"},\"description\":\"admin\",\"url\":\"https:\\\/\\\/lasentinelle.dz\\\/author\\\/admin\\\/\"}]}<\/script>\n<!-- \/ Yoast SEO plugin. -->","yoast_head_json":{"title":"Crise libyenne\u00a0: L&rsquo;Alg\u00e9rie r\u00e9affirme son engagement constant pour une solution politique\u00a0 - La Sentinelle","robots":{"index":"index","follow":"follow","max-snippet":"max-snippet:-1","max-image-preview":"max-image-preview:large","max-video-preview":"max-video-preview:-1"},"canonical":"https:\/\/lasentinelle.dz\/index.php\/2026\/01\/28\/crise-libyenne-lalgerie-reaffirme-son-engagement-constant-pour-une-solution-politique\/","og_locale":"fr_FR","og_type":"article","og_title":"Crise libyenne\u00a0: L&rsquo;Alg\u00e9rie r\u00e9affirme son engagement constant pour une solution politique\u00a0 - La Sentinelle","og_description":"Le ministre d&rsquo;\u00c9tat, ministre des Affaires \u00e9trang\u00e8res, Ahmed Attaf, a r\u00e9it\u00e9r\u00e9 lundi \u00e0 Tunis la position de principe de l&rsquo;Alg\u00e9rie","og_url":"https:\/\/lasentinelle.dz\/index.php\/2026\/01\/28\/crise-libyenne-lalgerie-reaffirme-son-engagement-constant-pour-une-solution-politique\/","og_site_name":"La Sentinelle","article_publisher":"https:\/\/www.facebook.com\/La-Sentinelle-104059864394773","article_published_time":"2026-01-28T12:27:52+00:00","article_modified_time":"2026-01-28T12:27:53+00:00","og_image":[{"width":1280,"height":854,"url":"https:\/\/lasentinelle.dz\/wp-content\/uploads\/2026\/01\/attaf.jpeg","type":"image\/jpeg"}],"author":"admin","twitter_card":"summary_large_image","twitter_misc":{"\u00c9crit par":"admin","Dur\u00e9e de lecture estim\u00e9e":"5 minutes"},"schema":{"@context":"https:\/\/schema.org","@graph":[{"@type":"Article","@id":"https:\/\/lasentinelle.dz\/index.php\/2026\/01\/28\/crise-libyenne-lalgerie-reaffirme-son-engagement-constant-pour-une-solution-politique\/#article","isPartOf":{"@id":"https:\/\/lasentinelle.dz\/index.php\/2026\/01\/28\/crise-libyenne-lalgerie-reaffirme-son-engagement-constant-pour-une-solution-politique\/"},"author":{"name":"admin","@id":"https:\/\/lasentinelle.dz\/#\/schema\/person\/729ee0024f24e0b8c5ec17232f8e8b41"},"headline":"Crise libyenne\u00a0: L&rsquo;Alg\u00e9rie r\u00e9affirme son engagement constant pour une solution politique\u00a0","datePublished":"2026-01-28T12:27:52+00:00","dateModified":"2026-01-28T12:27:53+00:00","mainEntityOfPage":{"@id":"https:\/\/lasentinelle.dz\/index.php\/2026\/01\/28\/crise-libyenne-lalgerie-reaffirme-son-engagement-constant-pour-une-solution-politique\/"},"wordCount":940,"commentCount":0,"publisher":{"@id":"https:\/\/lasentinelle.dz\/#organization"},"image":{"@id":"https:\/\/lasentinelle.dz\/index.php\/2026\/01\/28\/crise-libyenne-lalgerie-reaffirme-son-engagement-constant-pour-une-solution-politique\/#primaryimage"},"thumbnailUrl":"https:\/\/lasentinelle.dz\/wp-content\/uploads\/2026\/01\/attaf.jpeg","articleSection":["Actualit\u00e9"],"inLanguage":"fr-FR","potentialAction":[{"@type":"CommentAction","name":"Comment","target":["https:\/\/lasentinelle.dz\/index.php\/2026\/01\/28\/crise-libyenne-lalgerie-reaffirme-son-engagement-constant-pour-une-solution-politique\/#respond"]}]},{"@type":"WebPage","@id":"https:\/\/lasentinelle.dz\/index.php\/2026\/01\/28\/crise-libyenne-lalgerie-reaffirme-son-engagement-constant-pour-une-solution-politique\/","url":"https:\/\/lasentinelle.dz\/index.php\/2026\/01\/28\/crise-libyenne-lalgerie-reaffirme-son-engagement-constant-pour-une-solution-politique\/","name":"Crise libyenne\u00a0: L&rsquo;Alg\u00e9rie r\u00e9affirme son engagement constant pour une solution politique\u00a0 - La Sentinelle","isPartOf":{"@id":"https:\/\/lasentinelle.dz\/#website"},"primaryImageOfPage":{"@id":"https:\/\/lasentinelle.dz\/index.php\/2026\/01\/28\/crise-libyenne-lalgerie-reaffirme-son-engagement-constant-pour-une-solution-politique\/#primaryimage"},"image":{"@id":"https:\/\/lasentinelle.dz\/index.php\/2026\/01\/28\/crise-libyenne-lalgerie-reaffirme-son-engagement-constant-pour-une-solution-politique\/#primaryimage"},"thumbnailUrl":"https:\/\/lasentinelle.dz\/wp-content\/uploads\/2026\/01\/attaf.jpeg","datePublished":"2026-01-28T12:27:52+00:00","dateModified":"2026-01-28T12:27:53+00:00","breadcrumb":{"@id":"https:\/\/lasentinelle.dz\/index.php\/2026\/01\/28\/crise-libyenne-lalgerie-reaffirme-son-engagement-constant-pour-une-solution-politique\/#breadcrumb"},"inLanguage":"fr-FR","potentialAction":[{"@type":"ReadAction","target":["https:\/\/lasentinelle.dz\/index.php\/2026\/01\/28\/crise-libyenne-lalgerie-reaffirme-son-engagement-constant-pour-une-solution-politique\/"]}]},{"@type":"ImageObject","inLanguage":"fr-FR","@id":"https:\/\/lasentinelle.dz\/index.php\/2026\/01\/28\/crise-libyenne-lalgerie-reaffirme-son-engagement-constant-pour-une-solution-politique\/#primaryimage","url":"https:\/\/lasentinelle.dz\/wp-content\/uploads\/2026\/01\/attaf.jpeg","contentUrl":"https:\/\/lasentinelle.dz\/wp-content\/uploads\/2026\/01\/attaf.jpeg","width":1280,"height":854},{"@type":"BreadcrumbList","@id":"https:\/\/lasentinelle.dz\/index.php\/2026\/01\/28\/crise-libyenne-lalgerie-reaffirme-son-engagement-constant-pour-une-solution-politique\/#breadcrumb","itemListElement":[{"@type":"ListItem","position":1,"name":"Accueil","item":"https:\/\/lasentinelle.dz\/"},{"@type":"ListItem","position":2,"name":"Crise libyenne\u00a0: L&rsquo;Alg\u00e9rie r\u00e9affirme son engagement constant pour une solution politique\u00a0"}]},{"@type":"WebSite","@id":"https:\/\/lasentinelle.dz\/#website","url":"https:\/\/lasentinelle.dz\/","name":"La Sentinelle","description":"Quotidien national d&#039;information","publisher":{"@id":"https:\/\/lasentinelle.dz\/#organization"},"potentialAction":[{"@type":"SearchAction","target":{"@type":"EntryPoint","urlTemplate":"https:\/\/lasentinelle.dz\/?s={search_term_string}"},"query-input":{"@type":"PropertyValueSpecification","valueRequired":true,"valueName":"search_term_string"}}],"inLanguage":"fr-FR"},{"@type":"Organization","@id":"https:\/\/lasentinelle.dz\/#organization","name":"Quotidien La Sentinelle","url":"https:\/\/lasentinelle.dz\/","logo":{"@type":"ImageObject","inLanguage":"fr-FR","@id":"https:\/\/lasentinelle.dz\/#\/schema\/logo\/image\/","url":"https:\/\/lasentinelle.dz\/wp-content\/uploads\/2021\/09\/logo-sentinelleSLOGAN-1.png","contentUrl":"https:\/\/lasentinelle.dz\/wp-content\/uploads\/2021\/09\/logo-sentinelleSLOGAN-1.png","width":615,"height":142,"caption":"Quotidien La Sentinelle"},"image":{"@id":"https:\/\/lasentinelle.dz\/#\/schema\/logo\/image\/"},"sameAs":["https:\/\/www.facebook.com\/La-Sentinelle-104059864394773"]},{"@type":"Person","@id":"https:\/\/lasentinelle.dz\/#\/schema\/person\/729ee0024f24e0b8c5ec17232f8e8b41","name":"admin","image":{"@type":"ImageObject","inLanguage":"fr-FR","@id":"https:\/\/secure.gravatar.com\/avatar\/4c81fed838786e9b53f540bf46533e750f5d292099ae3b66cfc6fb1982e29df7?s=96&d=mm&r=g","url":"https:\/\/secure.gravatar.com\/avatar\/4c81fed838786e9b53f540bf46533e750f5d292099ae3b66cfc6fb1982e29df7?s=96&d=mm&r=g","contentUrl":"https:\/\/secure.gravatar.com\/avatar\/4c81fed838786e9b53f540bf46533e750f5d292099ae3b66cfc6fb1982e29df7?s=96&d=mm&r=g","caption":"admin"},"description":"admin","url":"https:\/\/lasentinelle.dz\/author\/admin\/"}]}},"_links":{"self":[{"href":"https:\/\/lasentinelle.dz\/index.php\/wp-json\/wp\/v2\/posts\/80252","targetHints":{"allow":["GET"]}}],"collection":[{"href":"https:\/\/lasentinelle.dz\/index.php\/wp-json\/wp\/v2\/posts"}],"about":[{"href":"https:\/\/lasentinelle.dz\/index.php\/wp-json\/wp\/v2\/types\/post"}],"author":[{"embeddable":true,"href":"https:\/\/lasentinelle.dz\/index.php\/wp-json\/wp\/v2\/users\/6"}],"replies":[{"embeddable":true,"href":"https:\/\/lasentinelle.dz\/index.php\/wp-json\/wp\/v2\/comments?post=80252"}],"version-history":[{"count":2,"href":"https:\/\/lasentinelle.dz\/index.php\/wp-json\/wp\/v2\/posts\/80252\/revisions"}],"predecessor-version":[{"id":80255,"href":"https:\/\/lasentinelle.dz\/index.php\/wp-json\/wp\/v2\/posts\/80252\/revisions\/80255"}],"wp:featuredmedia":[{"embeddable":true,"href":"https:\/\/lasentinelle.dz\/index.php\/wp-json\/wp\/v2\/media\/80253"}],"wp:attachment":[{"href":"https:\/\/lasentinelle.dz\/index.php\/wp-json\/wp\/v2\/media?parent=80252"}],"wp:term":[{"taxonomy":"category","embeddable":true,"href":"https:\/\/lasentinelle.dz\/index.php\/wp-json\/wp\/v2\/categories?post=80252"},{"taxonomy":"post_tag","embeddable":true,"href":"https:\/\/lasentinelle.dz\/index.php\/wp-json\/wp\/v2\/tags?post=80252"}],"curies":[{"name":"wp","href":"https:\/\/api.w.org\/{rel}","templated":true}]}}