{"id":80263,"date":"2026-01-28T13:42:54","date_gmt":"2026-01-28T12:42:54","guid":{"rendered":"https:\/\/lasentinelle.dz\/?p=80263"},"modified":"2026-01-28T13:42:55","modified_gmt":"2026-01-28T12:42:55","slug":"le-president-tebboune-recoit-segolene-royal-une-visite-pour-relancer-le-dialogue","status":"publish","type":"post","link":"https:\/\/lasentinelle.dz\/index.php\/2026\/01\/28\/le-president-tebboune-recoit-segolene-royal-une-visite-pour-relancer-le-dialogue\/","title":{"rendered":"Le pr\u00e9sident Tebboune re\u00e7oit S\u00e9gol\u00e8ne Royal\u00a0: Une visite pour relancer le dialogue"},"content":{"rendered":"\n<p>Le pr\u00e9sident de la R\u00e9publique, Abdelmadjid Tebboune, a re\u00e7u mardi en audience la pr\u00e9sidente de l&rsquo;Association France-Alg\u00e9rie, S\u00e9gol\u00e8ne Royal, laquelle effectue une visite de quatre jours \u00e0 Alger visant \u00e0 contribuer \u00e0 la relance du dialogue bilat\u00e9ral. Cette rencontre, qui s&rsquo;est d\u00e9roul\u00e9e en t\u00eate-\u00e0-t\u00eate avant d&rsquo;\u00eatre \u00e9largie \u00e0 plusieurs responsables alg\u00e9riens, intervient dans un contexte de tensions diplomatiques persistantes entre Paris et Alger.<\/p>\n\n\n\n<p>L&rsquo;audience accord\u00e9e par le chef de l&rsquo;\u00c9tat \u00e0 l&rsquo;ancienne ministre fran\u00e7aise et ex-candidate \u00e0 l&rsquo;\u00e9lection pr\u00e9sidentielle de 2007 s&rsquo;est d\u00e9roul\u00e9e en pr\u00e9sence de Boualem Boualem, directeur de Cabinet de la Pr\u00e9sidence de la R\u00e9publique, de Malika Bendouda, ministre de la Culture et des Arts, et d&rsquo;Amar Abba, conseiller aupr\u00e8s du pr\u00e9sident de la R\u00e9publique charg\u00e9 des affaires diplomatiques.&nbsp;<br>Arriv\u00e9e lundi soir \u00e0 Alger, S\u00e9gol\u00e8ne Royal effectue ce d\u00e9placement en r\u00e9ponse \u00e0 la double invitation de la chambre alg\u00e9rienne de commerce et d&rsquo;industrie et de la chambre de commerce et d&rsquo;industrie alg\u00e9ro-fran\u00e7aise. \u00c9lue le 18 d\u00e9cembre dernier \u00e0 la pr\u00e9sidence de l&rsquo;Association France-Alg\u00e9rie, structure fond\u00e9e en 1963 pour promouvoir le dialogue et l&rsquo;amiti\u00e9 entre les peuples fran\u00e7ais et alg\u00e9rien, elle a pr\u00e9sent\u00e9 ses premi\u00e8res propositions avant d&rsquo;entreprendre ce d\u00e9placement dans ses nouvelles fonctions. Le programme de la visite pr\u00e9voit plusieurs rencontres avec des responsables alg\u00e9riens dans les secteurs gouvernementaux et les instances \u00e9conomiques. L&rsquo;objectif affich\u00e9 est de favoriser le dialogue et la coop\u00e9ration sur des projets d&rsquo;investissement et d&rsquo;\u00e9changes commerciaux, tout en consolidant les liens politiques entre les deux pays. Les discussions devraient porter sur l&rsquo;am\u00e9lioration du climat des affaires, le soutien aux initiatives de d\u00e9veloppement durable et la cr\u00e9ation d&rsquo;opportunit\u00e9s pour les entreprises fran\u00e7aises et alg\u00e9riennes, notamment dans l&rsquo;\u00e9nergie, l&rsquo;agroalimentaire, la technologie et les infrastructures.<br>Cette mission intervient alors que les relations franco-alg\u00e9riennes traversent une p\u00e9riode difficile depuis l&rsquo;\u00e9t\u00e9 2024. Dans une d\u00e9claration au quotidien fran\u00e7ais Le Monde, S\u00e9gol\u00e8ne Royal a fait le constat que la crise est profonde et que certains crimes de la colonisation, certaines blessures, n&rsquo;ont pas \u00e9t\u00e9 nomm\u00e9s, ni r\u00e9par\u00e9s, ni excus\u00e9s, et qu&rsquo;ils doivent l&rsquo;\u00eatre par la France comme l&rsquo;ont fait d&rsquo;autres pays. Elle affirme que l&rsquo;Association France-Alg\u00e9rie l&rsquo;a sollicit\u00e9e en raison de sa libert\u00e9 de parole et de la solidit\u00e9 de ses convictions. La visite survient dans un contexte diplomatique particuli\u00e8rement tendu. Samedi dernier, le charg\u00e9 d&rsquo;affaires de l&rsquo;ambassade de France \u00e0 Alger a \u00e9t\u00e9 convoqu\u00e9 au minist\u00e8re des Affaires \u00e9trang\u00e8res apr\u00e8s la diffusion jeudi sur France 2 d&rsquo;un num\u00e9ro de l&rsquo;\u00e9mission Compl\u00e9ment d&rsquo;enqu\u00eate consacr\u00e9 \u00e0 la crise franco-alg\u00e9rienne, \u00e9pisode qui a relanc\u00e9 les tensions apr\u00e8s un d\u00e9but de d\u00e9gel en raison d\u2019affirmations diffamantes et offensantes envers l\u2019Alg\u00e9rie. Malgr\u00e9 ce climat difficile, S\u00e9gol\u00e8ne Royal s&rsquo;est d\u00e9clar\u00e9e d\u00e9termin\u00e9e \u00e0 construire du positif. Sur son compte X, elle a \u00e9crit dimanche que \u00ab&nbsp;nous devons la r\u00e9conciliation aux jeunes des deux rives de la M\u00e9diterran\u00e9e, entre la France et l&rsquo;Alg\u00e9rie, le plus vaste pays du continent africain, afin de construire des projets fructueux dans les secteurs productifs porteurs d&rsquo;avenir&nbsp;\u00bb. L&rsquo;approche de S\u00e9gol\u00e8ne Royal, qui succ\u00e8de \u00e0 Arnaud Montebourg \u00e0 la t\u00eate de l&rsquo;Association France-Alg\u00e9rie, se veut pragmatique et tourn\u00e9e vers l&rsquo;avenir, tout en reconnaissant la n\u00e9cessit\u00e9 d&rsquo;un travail de m\u00e9moire. Cette visite t\u00e9moigne ainsi de la volont\u00e9 des deux parties d&rsquo;explorer de nouvelles voies pour stimuler l&rsquo;investissement et l&rsquo;innovation, malgr\u00e9 les obstacles diplomatiques persistants.<\/p>\n\n\n\n<p>Hocine Fadheli<\/p>\n","protected":false},"excerpt":{"rendered":"<p>Le pr\u00e9sident de la R\u00e9publique, Abdelmadjid Tebboune, a re\u00e7u mardi en audience la pr\u00e9sidente de l&rsquo;Association France-Alg\u00e9rie, S\u00e9gol\u00e8ne Royal, laquelle<\/p>\n","protected":false},"author":6,"featured_media":80264,"comment_status":"open","ping_status":"closed","sticky":false,"template":"","format":"standard","meta":{"colormag_page_container_layout":"default_layout","colormag_page_sidebar_layout":"default_layout","om_disable_all_campaigns":false,"_monsterinsights_skip_tracking":false,"_monsterinsights_sitenote_active":false,"_monsterinsights_sitenote_note":"","_monsterinsights_sitenote_category":0,"footnotes":"","_wpscppro_dont_share_socialmedia":false,"_wpscppro_custom_social_share_image":0,"_facebook_share_type":"default","_twitter_share_type":"default","_linkedin_share_type":"default","_pinterest_share_type":"default","_linkedin_share_type_page":"","_instagram_share_type":"default","_medium_share_type":"default","_threads_share_type":"default","_google_business_share_type":"default","_selected_social_profile":[],"_wpsp_enable_custom_social_template":false,"_wpsp_social_scheduling":{"enabled":false,"datetime":null,"platforms":[],"status":"template_only","dateOption":"today","timeOption":"now","customDays":"","customHours":"","customDate":"","customTime":"","schedulingType":"absolute"},"_wpsp_active_default_template":true},"categories":[27],"tags":[],"class_list":["post-80263","post","type-post","status-publish","format-standard","has-post-thumbnail","hentry","category-actualite"],"aioseo_notices":[],"yoast_head":"<!-- This site is optimized with the Yoast SEO plugin v27.5 - https:\/\/yoast.com\/product\/yoast-seo-wordpress\/ -->\n<title>Le pr\u00e9sident Tebboune re\u00e7oit S\u00e9gol\u00e8ne Royal\u00a0: Une visite pour relancer le dialogue - La Sentinelle<\/title>\n<meta name=\"robots\" content=\"index, follow, max-snippet:-1, max-image-preview:large, max-video-preview:-1\" \/>\n<link rel=\"canonical\" href=\"https:\/\/lasentinelle.dz\/index.php\/2026\/01\/28\/le-president-tebboune-recoit-segolene-royal-une-visite-pour-relancer-le-dialogue\/\" \/>\n<meta property=\"og:locale\" content=\"fr_FR\" \/>\n<meta property=\"og:type\" content=\"article\" \/>\n<meta property=\"og:title\" content=\"Le pr\u00e9sident Tebboune re\u00e7oit S\u00e9gol\u00e8ne Royal\u00a0: Une visite pour relancer le dialogue - La Sentinelle\" \/>\n<meta property=\"og:description\" content=\"Le pr\u00e9sident de la R\u00e9publique, Abdelmadjid Tebboune, a re\u00e7u mardi en audience la pr\u00e9sidente de l&rsquo;Association France-Alg\u00e9rie, S\u00e9gol\u00e8ne Royal, laquelle\" \/>\n<meta property=\"og:url\" content=\"https:\/\/lasentinelle.dz\/index.php\/2026\/01\/28\/le-president-tebboune-recoit-segolene-royal-une-visite-pour-relancer-le-dialogue\/\" \/>\n<meta property=\"og:site_name\" content=\"La Sentinelle\" \/>\n<meta property=\"article:publisher\" content=\"https:\/\/www.facebook.com\/La-Sentinelle-104059864394773\" \/>\n<meta property=\"article:published_time\" content=\"2026-01-28T12:42:54+00:00\" \/>\n<meta property=\"article:modified_time\" content=\"2026-01-28T12:42:55+00:00\" \/>\n<meta property=\"og:image\" content=\"https:\/\/lasentinelle.dz\/wp-content\/uploads\/2026\/01\/623078558_1325947096233681_8829420505260537887_n.jpeg\" \/>\n\t<meta property=\"og:image:width\" content=\"2048\" \/>\n\t<meta property=\"og:image:height\" content=\"1838\" \/>\n\t<meta property=\"og:image:type\" content=\"image\/jpeg\" \/>\n<meta name=\"author\" content=\"admin\" \/>\n<meta name=\"twitter:card\" content=\"summary_large_image\" \/>\n<meta name=\"twitter:label1\" content=\"\u00c9crit par\" \/>\n\t<meta name=\"twitter:data1\" content=\"admin\" \/>\n\t<meta name=\"twitter:label2\" content=\"Dur\u00e9e de lecture estim\u00e9e\" \/>\n\t<meta name=\"twitter:data2\" content=\"3 minutes\" \/>\n<script type=\"application\/ld+json\" class=\"yoast-schema-graph\">{\"@context\":\"https:\\\/\\\/schema.org\",\"@graph\":[{\"@type\":\"Article\",\"@id\":\"https:\\\/\\\/lasentinelle.dz\\\/index.php\\\/2026\\\/01\\\/28\\\/le-president-tebboune-recoit-segolene-royal-une-visite-pour-relancer-le-dialogue\\\/#article\",\"isPartOf\":{\"@id\":\"https:\\\/\\\/lasentinelle.dz\\\/index.php\\\/2026\\\/01\\\/28\\\/le-president-tebboune-recoit-segolene-royal-une-visite-pour-relancer-le-dialogue\\\/\"},\"author\":{\"name\":\"admin\",\"@id\":\"https:\\\/\\\/lasentinelle.dz\\\/#\\\/schema\\\/person\\\/729ee0024f24e0b8c5ec17232f8e8b41\"},\"headline\":\"Le pr\u00e9sident Tebboune re\u00e7oit S\u00e9gol\u00e8ne Royal\u00a0: Une visite pour relancer le dialogue\",\"datePublished\":\"2026-01-28T12:42:54+00:00\",\"dateModified\":\"2026-01-28T12:42:55+00:00\",\"mainEntityOfPage\":{\"@id\":\"https:\\\/\\\/lasentinelle.dz\\\/index.php\\\/2026\\\/01\\\/28\\\/le-president-tebboune-recoit-segolene-royal-une-visite-pour-relancer-le-dialogue\\\/\"},\"wordCount\":682,\"commentCount\":0,\"publisher\":{\"@id\":\"https:\\\/\\\/lasentinelle.dz\\\/#organization\"},\"image\":{\"@id\":\"https:\\\/\\\/lasentinelle.dz\\\/index.php\\\/2026\\\/01\\\/28\\\/le-president-tebboune-recoit-segolene-royal-une-visite-pour-relancer-le-dialogue\\\/#primaryimage\"},\"thumbnailUrl\":\"https:\\\/\\\/lasentinelle.dz\\\/wp-content\\\/uploads\\\/2026\\\/01\\\/623078558_1325947096233681_8829420505260537887_n.jpeg\",\"articleSection\":[\"Actualit\u00e9\"],\"inLanguage\":\"fr-FR\",\"potentialAction\":[{\"@type\":\"CommentAction\",\"name\":\"Comment\",\"target\":[\"https:\\\/\\\/lasentinelle.dz\\\/index.php\\\/2026\\\/01\\\/28\\\/le-president-tebboune-recoit-segolene-royal-une-visite-pour-relancer-le-dialogue\\\/#respond\"]}]},{\"@type\":\"WebPage\",\"@id\":\"https:\\\/\\\/lasentinelle.dz\\\/index.php\\\/2026\\\/01\\\/28\\\/le-president-tebboune-recoit-segolene-royal-une-visite-pour-relancer-le-dialogue\\\/\",\"url\":\"https:\\\/\\\/lasentinelle.dz\\\/index.php\\\/2026\\\/01\\\/28\\\/le-president-tebboune-recoit-segolene-royal-une-visite-pour-relancer-le-dialogue\\\/\",\"name\":\"Le pr\u00e9sident Tebboune re\u00e7oit S\u00e9gol\u00e8ne Royal\u00a0: Une visite pour relancer le dialogue - La Sentinelle\",\"isPartOf\":{\"@id\":\"https:\\\/\\\/lasentinelle.dz\\\/#website\"},\"primaryImageOfPage\":{\"@id\":\"https:\\\/\\\/lasentinelle.dz\\\/index.php\\\/2026\\\/01\\\/28\\\/le-president-tebboune-recoit-segolene-royal-une-visite-pour-relancer-le-dialogue\\\/#primaryimage\"},\"image\":{\"@id\":\"https:\\\/\\\/lasentinelle.dz\\\/index.php\\\/2026\\\/01\\\/28\\\/le-president-tebboune-recoit-segolene-royal-une-visite-pour-relancer-le-dialogue\\\/#primaryimage\"},\"thumbnailUrl\":\"https:\\\/\\\/lasentinelle.dz\\\/wp-content\\\/uploads\\\/2026\\\/01\\\/623078558_1325947096233681_8829420505260537887_n.jpeg\",\"datePublished\":\"2026-01-28T12:42:54+00:00\",\"dateModified\":\"2026-01-28T12:42:55+00:00\",\"breadcrumb\":{\"@id\":\"https:\\\/\\\/lasentinelle.dz\\\/index.php\\\/2026\\\/01\\\/28\\\/le-president-tebboune-recoit-segolene-royal-une-visite-pour-relancer-le-dialogue\\\/#breadcrumb\"},\"inLanguage\":\"fr-FR\",\"potentialAction\":[{\"@type\":\"ReadAction\",\"target\":[\"https:\\\/\\\/lasentinelle.dz\\\/index.php\\\/2026\\\/01\\\/28\\\/le-president-tebboune-recoit-segolene-royal-une-visite-pour-relancer-le-dialogue\\\/\"]}]},{\"@type\":\"ImageObject\",\"inLanguage\":\"fr-FR\",\"@id\":\"https:\\\/\\\/lasentinelle.dz\\\/index.php\\\/2026\\\/01\\\/28\\\/le-president-tebboune-recoit-segolene-royal-une-visite-pour-relancer-le-dialogue\\\/#primaryimage\",\"url\":\"https:\\\/\\\/lasentinelle.dz\\\/wp-content\\\/uploads\\\/2026\\\/01\\\/623078558_1325947096233681_8829420505260537887_n.jpeg\",\"contentUrl\":\"https:\\\/\\\/lasentinelle.dz\\\/wp-content\\\/uploads\\\/2026\\\/01\\\/623078558_1325947096233681_8829420505260537887_n.jpeg\",\"width\":2048,\"height\":1838},{\"@type\":\"BreadcrumbList\",\"@id\":\"https:\\\/\\\/lasentinelle.dz\\\/index.php\\\/2026\\\/01\\\/28\\\/le-president-tebboune-recoit-segolene-royal-une-visite-pour-relancer-le-dialogue\\\/#breadcrumb\",\"itemListElement\":[{\"@type\":\"ListItem\",\"position\":1,\"name\":\"Accueil\",\"item\":\"https:\\\/\\\/lasentinelle.dz\\\/\"},{\"@type\":\"ListItem\",\"position\":2,\"name\":\"Le pr\u00e9sident Tebboune re\u00e7oit S\u00e9gol\u00e8ne Royal\u00a0: Une visite pour relancer le dialogue\"}]},{\"@type\":\"WebSite\",\"@id\":\"https:\\\/\\\/lasentinelle.dz\\\/#website\",\"url\":\"https:\\\/\\\/lasentinelle.dz\\\/\",\"name\":\"La Sentinelle\",\"description\":\"Quotidien national d&#039;information\",\"publisher\":{\"@id\":\"https:\\\/\\\/lasentinelle.dz\\\/#organization\"},\"potentialAction\":[{\"@type\":\"SearchAction\",\"target\":{\"@type\":\"EntryPoint\",\"urlTemplate\":\"https:\\\/\\\/lasentinelle.dz\\\/?s={search_term_string}\"},\"query-input\":{\"@type\":\"PropertyValueSpecification\",\"valueRequired\":true,\"valueName\":\"search_term_string\"}}],\"inLanguage\":\"fr-FR\"},{\"@type\":\"Organization\",\"@id\":\"https:\\\/\\\/lasentinelle.dz\\\/#organization\",\"name\":\"Quotidien La Sentinelle\",\"url\":\"https:\\\/\\\/lasentinelle.dz\\\/\",\"logo\":{\"@type\":\"ImageObject\",\"inLanguage\":\"fr-FR\",\"@id\":\"https:\\\/\\\/lasentinelle.dz\\\/#\\\/schema\\\/logo\\\/image\\\/\",\"url\":\"https:\\\/\\\/lasentinelle.dz\\\/wp-content\\\/uploads\\\/2021\\\/09\\\/logo-sentinelleSLOGAN-1.png\",\"contentUrl\":\"https:\\\/\\\/lasentinelle.dz\\\/wp-content\\\/uploads\\\/2021\\\/09\\\/logo-sentinelleSLOGAN-1.png\",\"width\":615,\"height\":142,\"caption\":\"Quotidien La Sentinelle\"},\"image\":{\"@id\":\"https:\\\/\\\/lasentinelle.dz\\\/#\\\/schema\\\/logo\\\/image\\\/\"},\"sameAs\":[\"https:\\\/\\\/www.facebook.com\\\/La-Sentinelle-104059864394773\"]},{\"@type\":\"Person\",\"@id\":\"https:\\\/\\\/lasentinelle.dz\\\/#\\\/schema\\\/person\\\/729ee0024f24e0b8c5ec17232f8e8b41\",\"name\":\"admin\",\"image\":{\"@type\":\"ImageObject\",\"inLanguage\":\"fr-FR\",\"@id\":\"https:\\\/\\\/secure.gravatar.com\\\/avatar\\\/4c81fed838786e9b53f540bf46533e750f5d292099ae3b66cfc6fb1982e29df7?s=96&d=mm&r=g\",\"url\":\"https:\\\/\\\/secure.gravatar.com\\\/avatar\\\/4c81fed838786e9b53f540bf46533e750f5d292099ae3b66cfc6fb1982e29df7?s=96&d=mm&r=g\",\"contentUrl\":\"https:\\\/\\\/secure.gravatar.com\\\/avatar\\\/4c81fed838786e9b53f540bf46533e750f5d292099ae3b66cfc6fb1982e29df7?s=96&d=mm&r=g\",\"caption\":\"admin\"},\"description\":\"admin\",\"url\":\"https:\\\/\\\/lasentinelle.dz\\\/author\\\/admin\\\/\"}]}<\/script>\n<!-- \/ Yoast SEO plugin. -->","yoast_head_json":{"title":"Le pr\u00e9sident Tebboune re\u00e7oit S\u00e9gol\u00e8ne Royal\u00a0: Une visite pour relancer le dialogue - La Sentinelle","robots":{"index":"index","follow":"follow","max-snippet":"max-snippet:-1","max-image-preview":"max-image-preview:large","max-video-preview":"max-video-preview:-1"},"canonical":"https:\/\/lasentinelle.dz\/index.php\/2026\/01\/28\/le-president-tebboune-recoit-segolene-royal-une-visite-pour-relancer-le-dialogue\/","og_locale":"fr_FR","og_type":"article","og_title":"Le pr\u00e9sident Tebboune re\u00e7oit S\u00e9gol\u00e8ne Royal\u00a0: Une visite pour relancer le dialogue - La Sentinelle","og_description":"Le pr\u00e9sident de la R\u00e9publique, Abdelmadjid Tebboune, a re\u00e7u mardi en audience la pr\u00e9sidente de l&rsquo;Association France-Alg\u00e9rie, S\u00e9gol\u00e8ne Royal, laquelle","og_url":"https:\/\/lasentinelle.dz\/index.php\/2026\/01\/28\/le-president-tebboune-recoit-segolene-royal-une-visite-pour-relancer-le-dialogue\/","og_site_name":"La Sentinelle","article_publisher":"https:\/\/www.facebook.com\/La-Sentinelle-104059864394773","article_published_time":"2026-01-28T12:42:54+00:00","article_modified_time":"2026-01-28T12:42:55+00:00","og_image":[{"width":2048,"height":1838,"url":"https:\/\/lasentinelle.dz\/wp-content\/uploads\/2026\/01\/623078558_1325947096233681_8829420505260537887_n.jpeg","type":"image\/jpeg"}],"author":"admin","twitter_card":"summary_large_image","twitter_misc":{"\u00c9crit par":"admin","Dur\u00e9e de lecture estim\u00e9e":"3 minutes"},"schema":{"@context":"https:\/\/schema.org","@graph":[{"@type":"Article","@id":"https:\/\/lasentinelle.dz\/index.php\/2026\/01\/28\/le-president-tebboune-recoit-segolene-royal-une-visite-pour-relancer-le-dialogue\/#article","isPartOf":{"@id":"https:\/\/lasentinelle.dz\/index.php\/2026\/01\/28\/le-president-tebboune-recoit-segolene-royal-une-visite-pour-relancer-le-dialogue\/"},"author":{"name":"admin","@id":"https:\/\/lasentinelle.dz\/#\/schema\/person\/729ee0024f24e0b8c5ec17232f8e8b41"},"headline":"Le pr\u00e9sident Tebboune re\u00e7oit S\u00e9gol\u00e8ne Royal\u00a0: Une visite pour relancer le dialogue","datePublished":"2026-01-28T12:42:54+00:00","dateModified":"2026-01-28T12:42:55+00:00","mainEntityOfPage":{"@id":"https:\/\/lasentinelle.dz\/index.php\/2026\/01\/28\/le-president-tebboune-recoit-segolene-royal-une-visite-pour-relancer-le-dialogue\/"},"wordCount":682,"commentCount":0,"publisher":{"@id":"https:\/\/lasentinelle.dz\/#organization"},"image":{"@id":"https:\/\/lasentinelle.dz\/index.php\/2026\/01\/28\/le-president-tebboune-recoit-segolene-royal-une-visite-pour-relancer-le-dialogue\/#primaryimage"},"thumbnailUrl":"https:\/\/lasentinelle.dz\/wp-content\/uploads\/2026\/01\/623078558_1325947096233681_8829420505260537887_n.jpeg","articleSection":["Actualit\u00e9"],"inLanguage":"fr-FR","potentialAction":[{"@type":"CommentAction","name":"Comment","target":["https:\/\/lasentinelle.dz\/index.php\/2026\/01\/28\/le-president-tebboune-recoit-segolene-royal-une-visite-pour-relancer-le-dialogue\/#respond"]}]},{"@type":"WebPage","@id":"https:\/\/lasentinelle.dz\/index.php\/2026\/01\/28\/le-president-tebboune-recoit-segolene-royal-une-visite-pour-relancer-le-dialogue\/","url":"https:\/\/lasentinelle.dz\/index.php\/2026\/01\/28\/le-president-tebboune-recoit-segolene-royal-une-visite-pour-relancer-le-dialogue\/","name":"Le pr\u00e9sident Tebboune re\u00e7oit S\u00e9gol\u00e8ne Royal\u00a0: Une visite pour relancer le dialogue - La Sentinelle","isPartOf":{"@id":"https:\/\/lasentinelle.dz\/#website"},"primaryImageOfPage":{"@id":"https:\/\/lasentinelle.dz\/index.php\/2026\/01\/28\/le-president-tebboune-recoit-segolene-royal-une-visite-pour-relancer-le-dialogue\/#primaryimage"},"image":{"@id":"https:\/\/lasentinelle.dz\/index.php\/2026\/01\/28\/le-president-tebboune-recoit-segolene-royal-une-visite-pour-relancer-le-dialogue\/#primaryimage"},"thumbnailUrl":"https:\/\/lasentinelle.dz\/wp-content\/uploads\/2026\/01\/623078558_1325947096233681_8829420505260537887_n.jpeg","datePublished":"2026-01-28T12:42:54+00:00","dateModified":"2026-01-28T12:42:55+00:00","breadcrumb":{"@id":"https:\/\/lasentinelle.dz\/index.php\/2026\/01\/28\/le-president-tebboune-recoit-segolene-royal-une-visite-pour-relancer-le-dialogue\/#breadcrumb"},"inLanguage":"fr-FR","potentialAction":[{"@type":"ReadAction","target":["https:\/\/lasentinelle.dz\/index.php\/2026\/01\/28\/le-president-tebboune-recoit-segolene-royal-une-visite-pour-relancer-le-dialogue\/"]}]},{"@type":"ImageObject","inLanguage":"fr-FR","@id":"https:\/\/lasentinelle.dz\/index.php\/2026\/01\/28\/le-president-tebboune-recoit-segolene-royal-une-visite-pour-relancer-le-dialogue\/#primaryimage","url":"https:\/\/lasentinelle.dz\/wp-content\/uploads\/2026\/01\/623078558_1325947096233681_8829420505260537887_n.jpeg","contentUrl":"https:\/\/lasentinelle.dz\/wp-content\/uploads\/2026\/01\/623078558_1325947096233681_8829420505260537887_n.jpeg","width":2048,"height":1838},{"@type":"BreadcrumbList","@id":"https:\/\/lasentinelle.dz\/index.php\/2026\/01\/28\/le-president-tebboune-recoit-segolene-royal-une-visite-pour-relancer-le-dialogue\/#breadcrumb","itemListElement":[{"@type":"ListItem","position":1,"name":"Accueil","item":"https:\/\/lasentinelle.dz\/"},{"@type":"ListItem","position":2,"name":"Le pr\u00e9sident Tebboune re\u00e7oit S\u00e9gol\u00e8ne Royal\u00a0: Une visite pour relancer le dialogue"}]},{"@type":"WebSite","@id":"https:\/\/lasentinelle.dz\/#website","url":"https:\/\/lasentinelle.dz\/","name":"La Sentinelle","description":"Quotidien national d&#039;information","publisher":{"@id":"https:\/\/lasentinelle.dz\/#organization"},"potentialAction":[{"@type":"SearchAction","target":{"@type":"EntryPoint","urlTemplate":"https:\/\/lasentinelle.dz\/?s={search_term_string}"},"query-input":{"@type":"PropertyValueSpecification","valueRequired":true,"valueName":"search_term_string"}}],"inLanguage":"fr-FR"},{"@type":"Organization","@id":"https:\/\/lasentinelle.dz\/#organization","name":"Quotidien La Sentinelle","url":"https:\/\/lasentinelle.dz\/","logo":{"@type":"ImageObject","inLanguage":"fr-FR","@id":"https:\/\/lasentinelle.dz\/#\/schema\/logo\/image\/","url":"https:\/\/lasentinelle.dz\/wp-content\/uploads\/2021\/09\/logo-sentinelleSLOGAN-1.png","contentUrl":"https:\/\/lasentinelle.dz\/wp-content\/uploads\/2021\/09\/logo-sentinelleSLOGAN-1.png","width":615,"height":142,"caption":"Quotidien La Sentinelle"},"image":{"@id":"https:\/\/lasentinelle.dz\/#\/schema\/logo\/image\/"},"sameAs":["https:\/\/www.facebook.com\/La-Sentinelle-104059864394773"]},{"@type":"Person","@id":"https:\/\/lasentinelle.dz\/#\/schema\/person\/729ee0024f24e0b8c5ec17232f8e8b41","name":"admin","image":{"@type":"ImageObject","inLanguage":"fr-FR","@id":"https:\/\/secure.gravatar.com\/avatar\/4c81fed838786e9b53f540bf46533e750f5d292099ae3b66cfc6fb1982e29df7?s=96&d=mm&r=g","url":"https:\/\/secure.gravatar.com\/avatar\/4c81fed838786e9b53f540bf46533e750f5d292099ae3b66cfc6fb1982e29df7?s=96&d=mm&r=g","contentUrl":"https:\/\/secure.gravatar.com\/avatar\/4c81fed838786e9b53f540bf46533e750f5d292099ae3b66cfc6fb1982e29df7?s=96&d=mm&r=g","caption":"admin"},"description":"admin","url":"https:\/\/lasentinelle.dz\/author\/admin\/"}]}},"_links":{"self":[{"href":"https:\/\/lasentinelle.dz\/index.php\/wp-json\/wp\/v2\/posts\/80263","targetHints":{"allow":["GET"]}}],"collection":[{"href":"https:\/\/lasentinelle.dz\/index.php\/wp-json\/wp\/v2\/posts"}],"about":[{"href":"https:\/\/lasentinelle.dz\/index.php\/wp-json\/wp\/v2\/types\/post"}],"author":[{"embeddable":true,"href":"https:\/\/lasentinelle.dz\/index.php\/wp-json\/wp\/v2\/users\/6"}],"replies":[{"embeddable":true,"href":"https:\/\/lasentinelle.dz\/index.php\/wp-json\/wp\/v2\/comments?post=80263"}],"version-history":[{"count":1,"href":"https:\/\/lasentinelle.dz\/index.php\/wp-json\/wp\/v2\/posts\/80263\/revisions"}],"predecessor-version":[{"id":80265,"href":"https:\/\/lasentinelle.dz\/index.php\/wp-json\/wp\/v2\/posts\/80263\/revisions\/80265"}],"wp:featuredmedia":[{"embeddable":true,"href":"https:\/\/lasentinelle.dz\/index.php\/wp-json\/wp\/v2\/media\/80264"}],"wp:attachment":[{"href":"https:\/\/lasentinelle.dz\/index.php\/wp-json\/wp\/v2\/media?parent=80263"}],"wp:term":[{"taxonomy":"category","embeddable":true,"href":"https:\/\/lasentinelle.dz\/index.php\/wp-json\/wp\/v2\/categories?post=80263"},{"taxonomy":"post_tag","embeddable":true,"href":"https:\/\/lasentinelle.dz\/index.php\/wp-json\/wp\/v2\/tags?post=80263"}],"curies":[{"name":"wp","href":"https:\/\/api.w.org\/{rel}","templated":true}]}}