{"id":80266,"date":"2026-01-28T13:43:39","date_gmt":"2026-01-28T12:43:39","guid":{"rendered":"https:\/\/lasentinelle.dz\/?p=80266"},"modified":"2026-01-28T13:43:41","modified_gmt":"2026-01-28T12:43:41","slug":"le-president-tebboune-recoit-massad-boulos-alger-et-washington-reaffirment-leur-volonte-de-renforcer-le-dialogue-strategique","status":"publish","type":"post","link":"https:\/\/lasentinelle.dz\/index.php\/2026\/01\/28\/le-president-tebboune-recoit-massad-boulos-alger-et-washington-reaffirment-leur-volonte-de-renforcer-le-dialogue-strategique\/","title":{"rendered":"Le pr\u00e9sident Tebboune re\u00e7oit Massad Boulos\u00a0: Alger\u00a0et\u00a0Washington\u00a0r\u00e9affirment leur volont\u00e9 de renforcer le dialogue strat\u00e9gique\u00a0"},"content":{"rendered":"\n<p><strong>Le pr\u00e9sident&nbsp;<\/strong><strong>de la R\u00e9publique&nbsp;Abdelmadjid Tebboune a re\u00e7u mardi \u00e0 Alger Massad Boulos, haut conseiller du pr\u00e9sident am\u00e9ricain Donald Trump pour l&rsquo;Afrique, les affaires arabes et le Moyen-Orient, dans le cadre d&rsquo;une visite officielle visant \u00e0 consolider le partenariat entre les deux pays, notamment dans les domaines \u00e9conomiques, et \u00e0 \u00e9changer sur les dossiers r\u00e9gionaux sensibles comme la Libye et le Sahara occidental.<\/strong><\/p>\n\n\n\n<p>Massad Boulos effectue sa deuxi\u00e8me visite en Alg\u00e9rie en moins d&rsquo;un an, t\u00e9moignant ainsi de l&rsquo;importance que la nouvelle administration am\u00e9ricaine accorde aux relations avec Alger. Le conseiller principal du pr\u00e9sident Trump avait d\u00e9j\u00e0 \u00e9t\u00e9 re\u00e7u par le chef de l&rsquo;\u00c9tat en juillet dernier. Cette nouvelle audience s&rsquo;est d\u00e9roul\u00e9e en pr\u00e9sence de personnalit\u00e9s de haut rang des deux c\u00f4t\u00e9s, illustrant le caract\u00e8re strat\u00e9gique de ces \u00e9changes. Du c\u00f4t\u00e9 alg\u00e9rien, participaient notamment Boualem Boualem, directeur de Cabinet de la Pr\u00e9sidence de la R\u00e9publique, Ahmed Attaf, ministre d&rsquo;\u00c9tat charg\u00e9 des Affaires \u00e9trang\u00e8res, Mohamed Arkab, ministre d&rsquo;\u00c9tat aux Hydrocarbures et Mines, Amar Abba, conseiller pr\u00e9sidentiel pour les affaires diplomatiques, ainsi que Sabri Boukadoum, ambassadeur d&rsquo;Alg\u00e9rie \u00e0 Washington.<\/p>\n\n\n\n<p>Avant cette audience pr\u00e9sidentielle, le ministre d&rsquo;\u00c9tat Ahmed Attaf avait re\u00e7u Massad Boulos au si\u00e8ge du minist\u00e8re des Affaires \u00e9trang\u00e8res pour un entretien approfondi sur l&rsquo;\u00e9tat des relations bilat\u00e9rales. Selon le communiqu\u00e9 du minist\u00e8re, cette rencontre, qui a d\u00e9but\u00e9 en t\u00eate-\u00e0-t\u00eate avant de s&rsquo;\u00e9largir aux membres des d\u00e9l\u00e9gations alg\u00e9rienne et am\u00e9ricaine, a \u00e9t\u00e9 l&rsquo;occasion de passer en revue les diff\u00e9rents aspects des relations alg\u00e9ro-am\u00e9ricaines et d&rsquo;examiner les moyens de les renforcer et de les hisser aux plus hauts niveaux possibles.<\/p>\n\n\n\n<p>Le communiqu\u00e9 pr\u00e9cise que les deux parties ont soulign\u00e9 l&rsquo;importance du renforcement du dialogue strat\u00e9gique \u00e9tabli entre l&rsquo;Alg\u00e9rie et les \u00c9tats-Unis d&rsquo;Am\u00e9rique, et r\u00e9affirm\u00e9 la n\u00e9cessit\u00e9 de poursuivre la dynamique positive que conna\u00eet le partenariat bilat\u00e9ral, notamment dans les domaines \u00e9conomiques. Cette insistance sur le volet \u00e9conomique intervient dans un contexte o\u00f9 l&rsquo;Alg\u00e9rie cherche \u00e0 diversifier ses partenariats internationaux et \u00e0 attirer davantage d&rsquo;investissements am\u00e9ricains, particuli\u00e8rement dans les secteurs de l&rsquo;\u00e9nergie et des technologies.<\/p>\n\n\n\n<p>Au-del\u00e0 des questions bilat\u00e9rales, les discussions ont \u00e9galement port\u00e9 sur les grands dossiers r\u00e9gionaux. Les deux parties ont proc\u00e9d\u00e9 \u00e0 un \u00e9change de vues sur les principales questions d&rsquo;actualit\u00e9 dans le monde arabe et en Afrique, notamment les d\u00e9veloppements de la situation en Libye, dans la r\u00e9gion sah\u00e9lo-saharienne et au Sahara occidental, indique le communiqu\u00e9 du minist\u00e8re des Affaires \u00e9trang\u00e8res. Ces trois dossiers constituent des pr\u00e9occupations majeures pour l&rsquo;Alg\u00e9rie, qui joue un r\u00f4le de m\u00e9diateur actif dans la crise libyenne et d\u00e9fend fermement le droit \u00e0 l&rsquo;autod\u00e9termination du peuple sahraoui.<\/p>\n\n\n\n<p>Dans un entretien r\u00e9cent accord\u00e9 au journal libanais Annahar, Massad Boulos avait soulign\u00e9 la solidit\u00e9 des relations entre les deux pays en d\u00e9clarant que les \u00c9tats-Unis et l&rsquo;Alg\u00e9rie entretiennent un partenariat solide pour promouvoir la paix r\u00e9gionale, la s\u00e9curit\u00e9 et la prosp\u00e9rit\u00e9 sous la direction du pr\u00e9sident Trump et du pr\u00e9sident Tebboune. De son c\u00f4t\u00e9, l&rsquo;ambassade am\u00e9ricaine \u00e0 Alger a indiqu\u00e9&nbsp;lundi&nbsp;que cette visite s&rsquo;inscrivait dans l&rsquo;objectif de renforcer&nbsp;le&nbsp;partenariat et travailler ensemble pour la paix et la prosp\u00e9rit\u00e9 dans la r\u00e9gion.<\/p>\n\n\n\n<p>La visite de Massad Boulos en Alg\u00e9rie s&rsquo;inscrit dans une tourn\u00e9e qui l&rsquo;a \u00e9galement conduit en Libye et en Tunisie. Il \u00e9tait accompagn\u00e9 de Kyle Liston, sous-secr\u00e9taire d&rsquo;\u00c9tat adjoint par int\u00e9rim pour l&rsquo;Afrique du Nord et la p\u00e9ninsule arabique, et de David Linfield, son chef de Cabinet.<\/p>\n\n\n\n<p>Salim Amokrane<\/p>\n","protected":false},"excerpt":{"rendered":"<p>Le pr\u00e9sident&nbsp;de la R\u00e9publique&nbsp;Abdelmadjid Tebboune a re\u00e7u mardi \u00e0 Alger Massad Boulos, haut conseiller du pr\u00e9sident am\u00e9ricain Donald Trump pour<\/p>\n","protected":false},"author":6,"featured_media":80267,"comment_status":"open","ping_status":"closed","sticky":false,"template":"","format":"standard","meta":{"colormag_page_container_layout":"default_layout","colormag_page_sidebar_layout":"default_layout","om_disable_all_campaigns":false,"_monsterinsights_skip_tracking":false,"_monsterinsights_sitenote_active":false,"_monsterinsights_sitenote_note":"","_monsterinsights_sitenote_category":0,"footnotes":"","_wpscppro_dont_share_socialmedia":false,"_wpscppro_custom_social_share_image":0,"_facebook_share_type":"default","_twitter_share_type":"default","_linkedin_share_type":"default","_pinterest_share_type":"default","_linkedin_share_type_page":"","_instagram_share_type":"default","_medium_share_type":"default","_threads_share_type":"default","_google_business_share_type":"default","_selected_social_profile":[],"_wpsp_enable_custom_social_template":false,"_wpsp_social_scheduling":{"enabled":false,"datetime":null,"platforms":[],"status":"template_only","dateOption":"today","timeOption":"now","customDays":"","customHours":"","customDate":"","customTime":"","schedulingType":"absolute"},"_wpsp_active_default_template":true},"categories":[52,27],"tags":[],"class_list":["post-80266","post","type-post","status-publish","format-standard","has-post-thumbnail","hentry","category-a-la-une","category-actualite"],"aioseo_notices":[],"yoast_head":"<!-- This site is optimized with the Yoast SEO plugin v27.5 - https:\/\/yoast.com\/product\/yoast-seo-wordpress\/ -->\n<title>Le pr\u00e9sident Tebboune re\u00e7oit Massad Boulos\u00a0: Alger\u00a0et\u00a0Washington\u00a0r\u00e9affirment leur volont\u00e9 de renforcer le dialogue strat\u00e9gique\u00a0 - La Sentinelle<\/title>\n<meta name=\"robots\" content=\"index, follow, max-snippet:-1, max-image-preview:large, max-video-preview:-1\" \/>\n<link rel=\"canonical\" href=\"https:\/\/lasentinelle.dz\/index.php\/2026\/01\/28\/le-president-tebboune-recoit-massad-boulos-alger-et-washington-reaffirment-leur-volonte-de-renforcer-le-dialogue-strategique\/\" \/>\n<meta property=\"og:locale\" content=\"fr_FR\" \/>\n<meta property=\"og:type\" content=\"article\" \/>\n<meta property=\"og:title\" content=\"Le pr\u00e9sident Tebboune re\u00e7oit Massad Boulos\u00a0: Alger\u00a0et\u00a0Washington\u00a0r\u00e9affirment leur volont\u00e9 de renforcer le dialogue strat\u00e9gique\u00a0 - La Sentinelle\" \/>\n<meta property=\"og:description\" content=\"Le pr\u00e9sident&nbsp;de la R\u00e9publique&nbsp;Abdelmadjid Tebboune a re\u00e7u mardi \u00e0 Alger Massad Boulos, haut conseiller du pr\u00e9sident am\u00e9ricain Donald Trump pour\" \/>\n<meta property=\"og:url\" content=\"https:\/\/lasentinelle.dz\/index.php\/2026\/01\/28\/le-president-tebboune-recoit-massad-boulos-alger-et-washington-reaffirment-leur-volonte-de-renforcer-le-dialogue-strategique\/\" \/>\n<meta property=\"og:site_name\" content=\"La Sentinelle\" \/>\n<meta property=\"article:publisher\" content=\"https:\/\/www.facebook.com\/La-Sentinelle-104059864394773\" \/>\n<meta property=\"article:published_time\" content=\"2026-01-28T12:43:39+00:00\" \/>\n<meta property=\"article:modified_time\" content=\"2026-01-28T12:43:41+00:00\" \/>\n<meta property=\"og:image\" content=\"https:\/\/lasentinelle.dz\/wp-content\/uploads\/2026\/01\/Tebboune-Boulos.jpeg\" \/>\n\t<meta property=\"og:image:width\" content=\"2048\" \/>\n\t<meta property=\"og:image:height\" content=\"1366\" \/>\n\t<meta property=\"og:image:type\" content=\"image\/jpeg\" \/>\n<meta name=\"author\" content=\"admin\" \/>\n<meta name=\"twitter:card\" content=\"summary_large_image\" \/>\n<meta name=\"twitter:label1\" content=\"\u00c9crit par\" \/>\n\t<meta name=\"twitter:data1\" content=\"admin\" \/>\n\t<meta name=\"twitter:label2\" content=\"Dur\u00e9e de lecture estim\u00e9e\" \/>\n\t<meta name=\"twitter:data2\" content=\"4 minutes\" \/>\n<script type=\"application\/ld+json\" class=\"yoast-schema-graph\">{\"@context\":\"https:\\\/\\\/schema.org\",\"@graph\":[{\"@type\":\"Article\",\"@id\":\"https:\\\/\\\/lasentinelle.dz\\\/index.php\\\/2026\\\/01\\\/28\\\/le-president-tebboune-recoit-massad-boulos-alger-et-washington-reaffirment-leur-volonte-de-renforcer-le-dialogue-strategique\\\/#article\",\"isPartOf\":{\"@id\":\"https:\\\/\\\/lasentinelle.dz\\\/index.php\\\/2026\\\/01\\\/28\\\/le-president-tebboune-recoit-massad-boulos-alger-et-washington-reaffirment-leur-volonte-de-renforcer-le-dialogue-strategique\\\/\"},\"author\":{\"name\":\"admin\",\"@id\":\"https:\\\/\\\/lasentinelle.dz\\\/#\\\/schema\\\/person\\\/729ee0024f24e0b8c5ec17232f8e8b41\"},\"headline\":\"Le pr\u00e9sident Tebboune re\u00e7oit Massad Boulos\u00a0: Alger\u00a0et\u00a0Washington\u00a0r\u00e9affirment leur volont\u00e9 de renforcer le dialogue strat\u00e9gique\u00a0\",\"datePublished\":\"2026-01-28T12:43:39+00:00\",\"dateModified\":\"2026-01-28T12:43:41+00:00\",\"mainEntityOfPage\":{\"@id\":\"https:\\\/\\\/lasentinelle.dz\\\/index.php\\\/2026\\\/01\\\/28\\\/le-president-tebboune-recoit-massad-boulos-alger-et-washington-reaffirment-leur-volonte-de-renforcer-le-dialogue-strategique\\\/\"},\"wordCount\":692,\"commentCount\":0,\"publisher\":{\"@id\":\"https:\\\/\\\/lasentinelle.dz\\\/#organization\"},\"image\":{\"@id\":\"https:\\\/\\\/lasentinelle.dz\\\/index.php\\\/2026\\\/01\\\/28\\\/le-president-tebboune-recoit-massad-boulos-alger-et-washington-reaffirment-leur-volonte-de-renforcer-le-dialogue-strategique\\\/#primaryimage\"},\"thumbnailUrl\":\"https:\\\/\\\/lasentinelle.dz\\\/wp-content\\\/uploads\\\/2026\\\/01\\\/Tebboune-Boulos.jpeg\",\"articleSection\":[\"\u00c0 la Une\",\"Actualit\u00e9\"],\"inLanguage\":\"fr-FR\",\"potentialAction\":[{\"@type\":\"CommentAction\",\"name\":\"Comment\",\"target\":[\"https:\\\/\\\/lasentinelle.dz\\\/index.php\\\/2026\\\/01\\\/28\\\/le-president-tebboune-recoit-massad-boulos-alger-et-washington-reaffirment-leur-volonte-de-renforcer-le-dialogue-strategique\\\/#respond\"]}]},{\"@type\":\"WebPage\",\"@id\":\"https:\\\/\\\/lasentinelle.dz\\\/index.php\\\/2026\\\/01\\\/28\\\/le-president-tebboune-recoit-massad-boulos-alger-et-washington-reaffirment-leur-volonte-de-renforcer-le-dialogue-strategique\\\/\",\"url\":\"https:\\\/\\\/lasentinelle.dz\\\/index.php\\\/2026\\\/01\\\/28\\\/le-president-tebboune-recoit-massad-boulos-alger-et-washington-reaffirment-leur-volonte-de-renforcer-le-dialogue-strategique\\\/\",\"name\":\"Le pr\u00e9sident Tebboune re\u00e7oit Massad Boulos\u00a0: Alger\u00a0et\u00a0Washington\u00a0r\u00e9affirment leur volont\u00e9 de renforcer le dialogue strat\u00e9gique\u00a0 - La Sentinelle\",\"isPartOf\":{\"@id\":\"https:\\\/\\\/lasentinelle.dz\\\/#website\"},\"primaryImageOfPage\":{\"@id\":\"https:\\\/\\\/lasentinelle.dz\\\/index.php\\\/2026\\\/01\\\/28\\\/le-president-tebboune-recoit-massad-boulos-alger-et-washington-reaffirment-leur-volonte-de-renforcer-le-dialogue-strategique\\\/#primaryimage\"},\"image\":{\"@id\":\"https:\\\/\\\/lasentinelle.dz\\\/index.php\\\/2026\\\/01\\\/28\\\/le-president-tebboune-recoit-massad-boulos-alger-et-washington-reaffirment-leur-volonte-de-renforcer-le-dialogue-strategique\\\/#primaryimage\"},\"thumbnailUrl\":\"https:\\\/\\\/lasentinelle.dz\\\/wp-content\\\/uploads\\\/2026\\\/01\\\/Tebboune-Boulos.jpeg\",\"datePublished\":\"2026-01-28T12:43:39+00:00\",\"dateModified\":\"2026-01-28T12:43:41+00:00\",\"breadcrumb\":{\"@id\":\"https:\\\/\\\/lasentinelle.dz\\\/index.php\\\/2026\\\/01\\\/28\\\/le-president-tebboune-recoit-massad-boulos-alger-et-washington-reaffirment-leur-volonte-de-renforcer-le-dialogue-strategique\\\/#breadcrumb\"},\"inLanguage\":\"fr-FR\",\"potentialAction\":[{\"@type\":\"ReadAction\",\"target\":[\"https:\\\/\\\/lasentinelle.dz\\\/index.php\\\/2026\\\/01\\\/28\\\/le-president-tebboune-recoit-massad-boulos-alger-et-washington-reaffirment-leur-volonte-de-renforcer-le-dialogue-strategique\\\/\"]}]},{\"@type\":\"ImageObject\",\"inLanguage\":\"fr-FR\",\"@id\":\"https:\\\/\\\/lasentinelle.dz\\\/index.php\\\/2026\\\/01\\\/28\\\/le-president-tebboune-recoit-massad-boulos-alger-et-washington-reaffirment-leur-volonte-de-renforcer-le-dialogue-strategique\\\/#primaryimage\",\"url\":\"https:\\\/\\\/lasentinelle.dz\\\/wp-content\\\/uploads\\\/2026\\\/01\\\/Tebboune-Boulos.jpeg\",\"contentUrl\":\"https:\\\/\\\/lasentinelle.dz\\\/wp-content\\\/uploads\\\/2026\\\/01\\\/Tebboune-Boulos.jpeg\",\"width\":2048,\"height\":1366},{\"@type\":\"BreadcrumbList\",\"@id\":\"https:\\\/\\\/lasentinelle.dz\\\/index.php\\\/2026\\\/01\\\/28\\\/le-president-tebboune-recoit-massad-boulos-alger-et-washington-reaffirment-leur-volonte-de-renforcer-le-dialogue-strategique\\\/#breadcrumb\",\"itemListElement\":[{\"@type\":\"ListItem\",\"position\":1,\"name\":\"Accueil\",\"item\":\"https:\\\/\\\/lasentinelle.dz\\\/\"},{\"@type\":\"ListItem\",\"position\":2,\"name\":\"Le pr\u00e9sident Tebboune re\u00e7oit Massad Boulos\u00a0: Alger\u00a0et\u00a0Washington\u00a0r\u00e9affirment leur volont\u00e9 de renforcer le dialogue strat\u00e9gique\u00a0\"}]},{\"@type\":\"WebSite\",\"@id\":\"https:\\\/\\\/lasentinelle.dz\\\/#website\",\"url\":\"https:\\\/\\\/lasentinelle.dz\\\/\",\"name\":\"La Sentinelle\",\"description\":\"Quotidien national d&#039;information\",\"publisher\":{\"@id\":\"https:\\\/\\\/lasentinelle.dz\\\/#organization\"},\"potentialAction\":[{\"@type\":\"SearchAction\",\"target\":{\"@type\":\"EntryPoint\",\"urlTemplate\":\"https:\\\/\\\/lasentinelle.dz\\\/?s={search_term_string}\"},\"query-input\":{\"@type\":\"PropertyValueSpecification\",\"valueRequired\":true,\"valueName\":\"search_term_string\"}}],\"inLanguage\":\"fr-FR\"},{\"@type\":\"Organization\",\"@id\":\"https:\\\/\\\/lasentinelle.dz\\\/#organization\",\"name\":\"Quotidien La Sentinelle\",\"url\":\"https:\\\/\\\/lasentinelle.dz\\\/\",\"logo\":{\"@type\":\"ImageObject\",\"inLanguage\":\"fr-FR\",\"@id\":\"https:\\\/\\\/lasentinelle.dz\\\/#\\\/schema\\\/logo\\\/image\\\/\",\"url\":\"https:\\\/\\\/lasentinelle.dz\\\/wp-content\\\/uploads\\\/2021\\\/09\\\/logo-sentinelleSLOGAN-1.png\",\"contentUrl\":\"https:\\\/\\\/lasentinelle.dz\\\/wp-content\\\/uploads\\\/2021\\\/09\\\/logo-sentinelleSLOGAN-1.png\",\"width\":615,\"height\":142,\"caption\":\"Quotidien La Sentinelle\"},\"image\":{\"@id\":\"https:\\\/\\\/lasentinelle.dz\\\/#\\\/schema\\\/logo\\\/image\\\/\"},\"sameAs\":[\"https:\\\/\\\/www.facebook.com\\\/La-Sentinelle-104059864394773\"]},{\"@type\":\"Person\",\"@id\":\"https:\\\/\\\/lasentinelle.dz\\\/#\\\/schema\\\/person\\\/729ee0024f24e0b8c5ec17232f8e8b41\",\"name\":\"admin\",\"image\":{\"@type\":\"ImageObject\",\"inLanguage\":\"fr-FR\",\"@id\":\"https:\\\/\\\/secure.gravatar.com\\\/avatar\\\/4c81fed838786e9b53f540bf46533e750f5d292099ae3b66cfc6fb1982e29df7?s=96&d=mm&r=g\",\"url\":\"https:\\\/\\\/secure.gravatar.com\\\/avatar\\\/4c81fed838786e9b53f540bf46533e750f5d292099ae3b66cfc6fb1982e29df7?s=96&d=mm&r=g\",\"contentUrl\":\"https:\\\/\\\/secure.gravatar.com\\\/avatar\\\/4c81fed838786e9b53f540bf46533e750f5d292099ae3b66cfc6fb1982e29df7?s=96&d=mm&r=g\",\"caption\":\"admin\"},\"description\":\"admin\",\"url\":\"https:\\\/\\\/lasentinelle.dz\\\/author\\\/admin\\\/\"}]}<\/script>\n<!-- \/ Yoast SEO plugin. -->","yoast_head_json":{"title":"Le pr\u00e9sident Tebboune re\u00e7oit Massad Boulos\u00a0: Alger\u00a0et\u00a0Washington\u00a0r\u00e9affirment leur volont\u00e9 de renforcer le dialogue strat\u00e9gique\u00a0 - La Sentinelle","robots":{"index":"index","follow":"follow","max-snippet":"max-snippet:-1","max-image-preview":"max-image-preview:large","max-video-preview":"max-video-preview:-1"},"canonical":"https:\/\/lasentinelle.dz\/index.php\/2026\/01\/28\/le-president-tebboune-recoit-massad-boulos-alger-et-washington-reaffirment-leur-volonte-de-renforcer-le-dialogue-strategique\/","og_locale":"fr_FR","og_type":"article","og_title":"Le pr\u00e9sident Tebboune re\u00e7oit Massad Boulos\u00a0: Alger\u00a0et\u00a0Washington\u00a0r\u00e9affirment leur volont\u00e9 de renforcer le dialogue strat\u00e9gique\u00a0 - La Sentinelle","og_description":"Le pr\u00e9sident&nbsp;de la R\u00e9publique&nbsp;Abdelmadjid Tebboune a re\u00e7u mardi \u00e0 Alger Massad Boulos, haut conseiller du pr\u00e9sident am\u00e9ricain Donald Trump pour","og_url":"https:\/\/lasentinelle.dz\/index.php\/2026\/01\/28\/le-president-tebboune-recoit-massad-boulos-alger-et-washington-reaffirment-leur-volonte-de-renforcer-le-dialogue-strategique\/","og_site_name":"La Sentinelle","article_publisher":"https:\/\/www.facebook.com\/La-Sentinelle-104059864394773","article_published_time":"2026-01-28T12:43:39+00:00","article_modified_time":"2026-01-28T12:43:41+00:00","og_image":[{"width":2048,"height":1366,"url":"https:\/\/lasentinelle.dz\/wp-content\/uploads\/2026\/01\/Tebboune-Boulos.jpeg","type":"image\/jpeg"}],"author":"admin","twitter_card":"summary_large_image","twitter_misc":{"\u00c9crit par":"admin","Dur\u00e9e de lecture estim\u00e9e":"4 minutes"},"schema":{"@context":"https:\/\/schema.org","@graph":[{"@type":"Article","@id":"https:\/\/lasentinelle.dz\/index.php\/2026\/01\/28\/le-president-tebboune-recoit-massad-boulos-alger-et-washington-reaffirment-leur-volonte-de-renforcer-le-dialogue-strategique\/#article","isPartOf":{"@id":"https:\/\/lasentinelle.dz\/index.php\/2026\/01\/28\/le-president-tebboune-recoit-massad-boulos-alger-et-washington-reaffirment-leur-volonte-de-renforcer-le-dialogue-strategique\/"},"author":{"name":"admin","@id":"https:\/\/lasentinelle.dz\/#\/schema\/person\/729ee0024f24e0b8c5ec17232f8e8b41"},"headline":"Le pr\u00e9sident Tebboune re\u00e7oit Massad Boulos\u00a0: Alger\u00a0et\u00a0Washington\u00a0r\u00e9affirment leur volont\u00e9 de renforcer le dialogue strat\u00e9gique\u00a0","datePublished":"2026-01-28T12:43:39+00:00","dateModified":"2026-01-28T12:43:41+00:00","mainEntityOfPage":{"@id":"https:\/\/lasentinelle.dz\/index.php\/2026\/01\/28\/le-president-tebboune-recoit-massad-boulos-alger-et-washington-reaffirment-leur-volonte-de-renforcer-le-dialogue-strategique\/"},"wordCount":692,"commentCount":0,"publisher":{"@id":"https:\/\/lasentinelle.dz\/#organization"},"image":{"@id":"https:\/\/lasentinelle.dz\/index.php\/2026\/01\/28\/le-president-tebboune-recoit-massad-boulos-alger-et-washington-reaffirment-leur-volonte-de-renforcer-le-dialogue-strategique\/#primaryimage"},"thumbnailUrl":"https:\/\/lasentinelle.dz\/wp-content\/uploads\/2026\/01\/Tebboune-Boulos.jpeg","articleSection":["\u00c0 la Une","Actualit\u00e9"],"inLanguage":"fr-FR","potentialAction":[{"@type":"CommentAction","name":"Comment","target":["https:\/\/lasentinelle.dz\/index.php\/2026\/01\/28\/le-president-tebboune-recoit-massad-boulos-alger-et-washington-reaffirment-leur-volonte-de-renforcer-le-dialogue-strategique\/#respond"]}]},{"@type":"WebPage","@id":"https:\/\/lasentinelle.dz\/index.php\/2026\/01\/28\/le-president-tebboune-recoit-massad-boulos-alger-et-washington-reaffirment-leur-volonte-de-renforcer-le-dialogue-strategique\/","url":"https:\/\/lasentinelle.dz\/index.php\/2026\/01\/28\/le-president-tebboune-recoit-massad-boulos-alger-et-washington-reaffirment-leur-volonte-de-renforcer-le-dialogue-strategique\/","name":"Le pr\u00e9sident Tebboune re\u00e7oit Massad Boulos\u00a0: Alger\u00a0et\u00a0Washington\u00a0r\u00e9affirment leur volont\u00e9 de renforcer le dialogue strat\u00e9gique\u00a0 - La Sentinelle","isPartOf":{"@id":"https:\/\/lasentinelle.dz\/#website"},"primaryImageOfPage":{"@id":"https:\/\/lasentinelle.dz\/index.php\/2026\/01\/28\/le-president-tebboune-recoit-massad-boulos-alger-et-washington-reaffirment-leur-volonte-de-renforcer-le-dialogue-strategique\/#primaryimage"},"image":{"@id":"https:\/\/lasentinelle.dz\/index.php\/2026\/01\/28\/le-president-tebboune-recoit-massad-boulos-alger-et-washington-reaffirment-leur-volonte-de-renforcer-le-dialogue-strategique\/#primaryimage"},"thumbnailUrl":"https:\/\/lasentinelle.dz\/wp-content\/uploads\/2026\/01\/Tebboune-Boulos.jpeg","datePublished":"2026-01-28T12:43:39+00:00","dateModified":"2026-01-28T12:43:41+00:00","breadcrumb":{"@id":"https:\/\/lasentinelle.dz\/index.php\/2026\/01\/28\/le-president-tebboune-recoit-massad-boulos-alger-et-washington-reaffirment-leur-volonte-de-renforcer-le-dialogue-strategique\/#breadcrumb"},"inLanguage":"fr-FR","potentialAction":[{"@type":"ReadAction","target":["https:\/\/lasentinelle.dz\/index.php\/2026\/01\/28\/le-president-tebboune-recoit-massad-boulos-alger-et-washington-reaffirment-leur-volonte-de-renforcer-le-dialogue-strategique\/"]}]},{"@type":"ImageObject","inLanguage":"fr-FR","@id":"https:\/\/lasentinelle.dz\/index.php\/2026\/01\/28\/le-president-tebboune-recoit-massad-boulos-alger-et-washington-reaffirment-leur-volonte-de-renforcer-le-dialogue-strategique\/#primaryimage","url":"https:\/\/lasentinelle.dz\/wp-content\/uploads\/2026\/01\/Tebboune-Boulos.jpeg","contentUrl":"https:\/\/lasentinelle.dz\/wp-content\/uploads\/2026\/01\/Tebboune-Boulos.jpeg","width":2048,"height":1366},{"@type":"BreadcrumbList","@id":"https:\/\/lasentinelle.dz\/index.php\/2026\/01\/28\/le-president-tebboune-recoit-massad-boulos-alger-et-washington-reaffirment-leur-volonte-de-renforcer-le-dialogue-strategique\/#breadcrumb","itemListElement":[{"@type":"ListItem","position":1,"name":"Accueil","item":"https:\/\/lasentinelle.dz\/"},{"@type":"ListItem","position":2,"name":"Le pr\u00e9sident Tebboune re\u00e7oit Massad Boulos\u00a0: Alger\u00a0et\u00a0Washington\u00a0r\u00e9affirment leur volont\u00e9 de renforcer le dialogue strat\u00e9gique\u00a0"}]},{"@type":"WebSite","@id":"https:\/\/lasentinelle.dz\/#website","url":"https:\/\/lasentinelle.dz\/","name":"La Sentinelle","description":"Quotidien national d&#039;information","publisher":{"@id":"https:\/\/lasentinelle.dz\/#organization"},"potentialAction":[{"@type":"SearchAction","target":{"@type":"EntryPoint","urlTemplate":"https:\/\/lasentinelle.dz\/?s={search_term_string}"},"query-input":{"@type":"PropertyValueSpecification","valueRequired":true,"valueName":"search_term_string"}}],"inLanguage":"fr-FR"},{"@type":"Organization","@id":"https:\/\/lasentinelle.dz\/#organization","name":"Quotidien La Sentinelle","url":"https:\/\/lasentinelle.dz\/","logo":{"@type":"ImageObject","inLanguage":"fr-FR","@id":"https:\/\/lasentinelle.dz\/#\/schema\/logo\/image\/","url":"https:\/\/lasentinelle.dz\/wp-content\/uploads\/2021\/09\/logo-sentinelleSLOGAN-1.png","contentUrl":"https:\/\/lasentinelle.dz\/wp-content\/uploads\/2021\/09\/logo-sentinelleSLOGAN-1.png","width":615,"height":142,"caption":"Quotidien La Sentinelle"},"image":{"@id":"https:\/\/lasentinelle.dz\/#\/schema\/logo\/image\/"},"sameAs":["https:\/\/www.facebook.com\/La-Sentinelle-104059864394773"]},{"@type":"Person","@id":"https:\/\/lasentinelle.dz\/#\/schema\/person\/729ee0024f24e0b8c5ec17232f8e8b41","name":"admin","image":{"@type":"ImageObject","inLanguage":"fr-FR","@id":"https:\/\/secure.gravatar.com\/avatar\/4c81fed838786e9b53f540bf46533e750f5d292099ae3b66cfc6fb1982e29df7?s=96&d=mm&r=g","url":"https:\/\/secure.gravatar.com\/avatar\/4c81fed838786e9b53f540bf46533e750f5d292099ae3b66cfc6fb1982e29df7?s=96&d=mm&r=g","contentUrl":"https:\/\/secure.gravatar.com\/avatar\/4c81fed838786e9b53f540bf46533e750f5d292099ae3b66cfc6fb1982e29df7?s=96&d=mm&r=g","caption":"admin"},"description":"admin","url":"https:\/\/lasentinelle.dz\/author\/admin\/"}]}},"_links":{"self":[{"href":"https:\/\/lasentinelle.dz\/index.php\/wp-json\/wp\/v2\/posts\/80266","targetHints":{"allow":["GET"]}}],"collection":[{"href":"https:\/\/lasentinelle.dz\/index.php\/wp-json\/wp\/v2\/posts"}],"about":[{"href":"https:\/\/lasentinelle.dz\/index.php\/wp-json\/wp\/v2\/types\/post"}],"author":[{"embeddable":true,"href":"https:\/\/lasentinelle.dz\/index.php\/wp-json\/wp\/v2\/users\/6"}],"replies":[{"embeddable":true,"href":"https:\/\/lasentinelle.dz\/index.php\/wp-json\/wp\/v2\/comments?post=80266"}],"version-history":[{"count":1,"href":"https:\/\/lasentinelle.dz\/index.php\/wp-json\/wp\/v2\/posts\/80266\/revisions"}],"predecessor-version":[{"id":80268,"href":"https:\/\/lasentinelle.dz\/index.php\/wp-json\/wp\/v2\/posts\/80266\/revisions\/80268"}],"wp:featuredmedia":[{"embeddable":true,"href":"https:\/\/lasentinelle.dz\/index.php\/wp-json\/wp\/v2\/media\/80267"}],"wp:attachment":[{"href":"https:\/\/lasentinelle.dz\/index.php\/wp-json\/wp\/v2\/media?parent=80266"}],"wp:term":[{"taxonomy":"category","embeddable":true,"href":"https:\/\/lasentinelle.dz\/index.php\/wp-json\/wp\/v2\/categories?post=80266"},{"taxonomy":"post_tag","embeddable":true,"href":"https:\/\/lasentinelle.dz\/index.php\/wp-json\/wp\/v2\/tags?post=80266"}],"curies":[{"name":"wp","href":"https:\/\/api.w.org\/{rel}","templated":true}]}}