{"id":80269,"date":"2026-01-28T13:44:37","date_gmt":"2026-01-28T12:44:37","guid":{"rendered":"https:\/\/lasentinelle.dz\/?p=80269"},"modified":"2026-01-28T13:44:38","modified_gmt":"2026-01-28T12:44:38","slug":"ligne-miniere-ouest-et-mine-gara-djebilet-le-reve-devient-realite","status":"publish","type":"post","link":"https:\/\/lasentinelle.dz\/index.php\/2026\/01\/28\/ligne-miniere-ouest-et-mine-gara-djebilet-le-reve-devient-realite\/","title":{"rendered":"Ligne mini\u00e8re Ouest et mine Gara Djebilet\u00a0:\u00a0Le r\u00eave devient r\u00e9alit\u00e9 !"},"content":{"rendered":"\n<p>Apr\u00e8s plus de cinquante ans d\u2019attente,&nbsp;le projet d\u2019exploitation de&nbsp;la mine de Gara Djebilet&nbsp;prend forme avec la mise en service&nbsp;de la ligne ferroviaire mini\u00e8re Ouest reliant B\u00e9char, Tindouf et Gara Djebilet. Ce projet strat\u00e9gique, dont la premi\u00e8re pierre avait \u00e9t\u00e9 pos\u00e9e fin 2023 par le pr\u00e9sident de la R\u00e9publique Abdelmadjid Tebboune, marque un tournant historique dans la diversification de l\u2019\u00e9conomie nationale hors hydrocarbures et consacre l\u2019ambition du pays de valoriser ses richesses mini\u00e8res pour renforcer sa souverainet\u00e9 \u00e9conomique et industrielle.<\/p>\n\n\n\n<p>La concr\u00e9tisation de ce projet embl\u00e9matique, consid\u00e9r\u00e9 comme le \u00ab\u00a0projet du si\u00e8cle\u00a0\u00bb, repr\u00e9sente bien plus qu&rsquo;une simple infrastructure de transport. Elle incarne la volont\u00e9 politique de transformer le secteur minier alg\u00e9rien d&rsquo;une activit\u00e9 traditionnelle en un pilier strat\u00e9gique de l&rsquo;\u00e9conomie nationale.&nbsp;Dans ce sens, une d\u00e9l\u00e9gation minist\u00e9rielle men\u00e9e par le ministre de l\u2019Int\u00e9rieur, des Collectivit\u00e9s locales et des Transports, Sa\u00efd Sayoud, le ministre des Travaux publics et des Infrastructures de base, Abdelkader Djellaoui, ainsi que la Secr\u00e9taire d\u2019\u00c9tat charg\u00e9 des Mines aupr\u00e8s du ministre des Hydrocarbures et des Mines, s\u2019est rendue mardi \u00e0 Tindouf et supervis\u00e9 l\u2019inauguration de la nouvelle ligne mini\u00e8re, concr\u00e9tisant ainsi l\u2019engagement de mettre en service cette infrastructure strat\u00e9gique avant la fin de ce mois de janvier.&nbsp;<\/p>\n\n\n\n<p>Dans ce sens, le docteur Ahmed Bekhouch, conseiller du pr\u00e9sident-directeur g\u00e9n\u00e9ral de l&rsquo;Entreprise nationale de recherche et d&rsquo;exploitation mini\u00e8re Sonarem, a soulign\u00e9 que la r\u00e9alisation&nbsp;de cette ligne ferroviaire&nbsp;pour transporter la premi\u00e8re cargaison de minerai de fer depuis la mine de Gara Djebilet \u00e0 Tindouf repr\u00e9sente \u00ab\u00a0une \u00e9tape historique dans le processus de renaissance du secteur minier et de r\u00e9alisation d&rsquo;une v\u00e9ritable diversification de l&rsquo;\u00e9conomie nationale hors hydrocarbures\u00a0\u00bb.<\/p>\n\n\n\n<p>Lors de son intervention&nbsp;sur les ondes de la Radio alg\u00e9rienne, Bekhouch a expliqu\u00e9 que cette r\u00e9alisation s&rsquo;inscrit dans une nouvelle vision strat\u00e9gique adopt\u00e9e par l&rsquo;Alg\u00e9rie au cours des derni\u00e8res ann\u00e9es, fond\u00e9e sur la valorisation locale des ressources mini\u00e8res et leur int\u00e9gration dans les cha\u00eenes de valeur industrielles. Cette approche, a-t-il pr\u00e9cis\u00e9, permet de transformer les richesses naturelles en produits \u00e0 haute valeur ajout\u00e9e, au lieu de les exporter \u00e0 l&rsquo;\u00e9tat brut. Le responsable a consid\u00e9r\u00e9 que le projet consacre la transition du secteur minier d&rsquo;un secteur traditionnel vers un secteur comp\u00e9titif soutenant la s\u00e9curit\u00e9 industrielle nationale.&nbsp;Selon Bekhouch, le gouvernement a mis en place depuis 2020 un plan d&rsquo;action sp\u00e9cifique pour le secteur minier, comprenant le lancement de trois grands projets strat\u00e9giques, en t\u00eate desquels figure le projet de Gara Djebilet pour le fer, le projet du phosphate int\u00e9gr\u00e9 \u00e0 Bled El Hadba \u00e0 T\u00e9bessa, et le projet du zinc et du plomb \u00e0 Tala Hamza-Oued Amizour \u00e0 B\u00e9ja\u00efa, parall\u00e8lement \u00e0 la r\u00e9vision du code minier pour en faire un outil d&rsquo;attraction des investissements et de renforcement des partenariats technologiques.<\/p>\n\n\n\n<p><strong>Chaine de valeur<\/strong><\/p>\n\n\n\n<p>Le projet de Gara Djebilet ne se limite pas \u00e0 l&rsquo;extraction, a soulign\u00e9 le conseiller de Sonarem, mais comprend des phases int\u00e9gr\u00e9es de valorisation, commen\u00e7ant par le traitement primaire sur site avec une capacit\u00e9 de huit millions de tonnes par an, puis la transformation du fer en concentr\u00e9s et en boulettes dans le complexe de Toumiat avec une capacit\u00e9 de quatre millions de tonnes, avant d&rsquo;orienter la production vers la satisfaction des besoins des industries nationales et l&rsquo;exportation via le port d&rsquo;Oran. L&rsquo;objectif strat\u00e9gique \u00e0 l&rsquo;horizon 2040, a-t-il affirm\u00e9, consiste \u00e0 atteindre une production de&nbsp;50&nbsp;millions de tonnes par an de minerai de fer, et \u00e0 transformer&nbsp;25&nbsp;millions de tonnes en mat\u00e9riaux destin\u00e9s \u00e0 l&rsquo;industrie sid\u00e9rurgique, r\u00e9partis entre les complexes de B\u00e9char et Na\u00e2ma, ce qui renforcera le positionnement de l&rsquo;Alg\u00e9rie sur les march\u00e9s mondiaux et lui conf\u00e9rera des atouts de n\u00e9gociation dans les partenariats \u00e9conomiques.<\/p>\n\n\n\n<p>Bekhouch a ajout\u00e9 que les retomb\u00e9es du projet ne se limitent pas \u00e0 l&rsquo;aspect industriel, mais s&rsquo;\u00e9tendent \u00e0 la cr\u00e9ation d&rsquo;une dynamique \u00e9conomique, sociale, culturelle et touristique dans le Sud-Ouest, reliant ces r\u00e9gions au Nord et aux ports, tout en ouvrant des perspectives pour relier l&rsquo;Alg\u00e9rie \u00e0 la profondeur africaine et renforcer son r\u00f4le r\u00e9gional dans les \u00e9changes commerciaux. Il a conclu en affirmant que le choix de la transformation locale des ressources mini\u00e8res repr\u00e9sente la pierre angulaire du succ\u00e8s de la nouvelle vision, car il garantit que la valeur ajout\u00e9e reste \u00e0 l&rsquo;int\u00e9rieur du pays et met fin \u00e0 l&rsquo;\u00e8re de l&rsquo;exportation de mati\u00e8res premi\u00e8res et de leur r\u00e9importation transform\u00e9es.<\/p>\n\n\n\n<p>Pour sa part, Bela\u00efd Chafa\u00e2, directeur de l&#8217;emploi de la wilaya de B\u00e9char, a confirm\u00e9 que le \u00ab\u00a0projet du si\u00e8cle\u00a0\u00bb de Gara Djebilet ouvre d&rsquo;importantes perspectives \u00e9conomiques et sociales pour la r\u00e9gion du Sud-Ouest alg\u00e9rien et pour le pays dans son ensemble. Il s&rsquo;agit d&rsquo;un projet gigantesque qui contribuera \u00e0 renforcer les sources de revenus, \u00e0 stimuler l&rsquo;industrie de transformation mini\u00e8re et \u00e0 renforcer le principe de souverainet\u00e9 \u00e9conomique et de diversification des ressources du pays hors hydrocarbures.<\/p>\n\n\n\n<p>Lors de son intervention dans l&rsquo;\u00e9mission \u00ab\u00a0Bonjour\u00a0\u00bb de Radio Alg\u00e9rie depuis B\u00e9char et B\u00e9ni Abb\u00e8s, Chafa\u00e2 a r\u00e9v\u00e9l\u00e9 que l&rsquo;importance \u00e9conomique du projet de Gara Djebilet r\u00e9side \u00e9galement dans le d\u00e9veloppement social et la dynamique de d\u00e9veloppement qu&rsquo;il cr\u00e9era \u00e0 travers la cr\u00e9ation d&rsquo;environ&nbsp;5.000&nbsp;opportunit\u00e9s d&#8217;emploi directs et vingt mille indirects, ainsi que la stimulation des investissements dans d&rsquo;autres secteurs tels que le transport, l&rsquo;agriculture, le commerce et m\u00eame les infrastructures.&nbsp;D&rsquo;autre part, Chafa\u00e2 a indiqu\u00e9 que la ligne mini\u00e8re Ouest du chemin de fer Gara Djebilet-B\u00e9char-Tindouf-Oran d\u00e9senclaver a toutes les r\u00e9gions du Sud-Ouest du pays et cr\u00e9era une dynamique \u00e9conomique, sociale et de d\u00e9veloppement. Elle offrira \u00e9galement de plus grandes opportunit\u00e9s aux jeunes de ces r\u00e9gions pour la formation, l&#8217;emploi et l&rsquo;acquisition d&rsquo;expertise.<\/p>\n\n\n\n<p><strong>Un exploit technique<\/strong><\/p>\n\n\n\n<p>La r\u00e9alisation de cette ligne ferroviaire de 950 kilom\u00e8tres en moins de deux ans constitue un v\u00e9ritable exploit technique qui t\u00e9moigne de la mont\u00e9e en puissance des capacit\u00e9s nationales en mati\u00e8re de grands travaux d&rsquo;infrastructure. Le projet a n\u00e9cessit\u00e9 la construction de 1.431 ouvrages d&rsquo;art, dont 45 ponts ferroviaires pour franchir les oueds, 48 ponts routiers et 1.338 ouvrages hydrauliques, tous r\u00e9alis\u00e9s selon les normes nationales et internationales les plus rigoureuses. Le volume de terrassement effectu\u00e9 atteint le chiffre record de 75 millions de m\u00e8tres cubes, avec des rendements sans pr\u00e9c\u00e9dent d\u00e9passant les 5 millions de m\u00e8tres cubes par mois, d\u00e9montrant ainsi la capacit\u00e9 des entreprises alg\u00e9riennes \u00e0 relever des d\u00e9fis techniques majeurs dans des d\u00e9lais contraints.Les essais techniques men\u00e9s ces derniers jours ont permis de valider l&rsquo;infrastructure sur l&rsquo;ensemble du trac\u00e9, en v\u00e9rifiant le roulement du train et son interaction avec la voie ferr\u00e9e, le syst\u00e8me de signalisation, les ouvrages hydrauliques et les autres installations n\u00e9cessaires au bon fonctionnement de la ligne. Ces tests ont confirm\u00e9 que l&rsquo;exploitation pourra se faire \u00e0 une vitesse de 80 kilom\u00e8tres par heure pour le transport de marchandises et de 160 kilom\u00e8tres par heure pour le transport de voyageurs, garantissant ainsi des conditions optimales de s\u00e9curit\u00e9 et d&rsquo;efficacit\u00e9 op\u00e9rationnelle.La ligne desservira les gares d&rsquo;El Abadla, Hammaghuir, Tabelbala, Hassi Kh\u00e9bi et Oum El Assel, contribuant ainsi \u00e0 d\u00e9senclaver des zones qui souffraient jusqu&rsquo;alors d&rsquo;un isolement g\u00e9ographique p\u00e9nalisant pour leur d\u00e9veloppement \u00e9conomique et social. L&rsquo;exploitation commerciale de la ligne pr\u00e9voit deux trains quotidiens pour le transport de voyageurs, avec des d\u00e9parts programm\u00e9s de B\u00e9char \u00e0 8h30 et de Tindouf \u00e0 9h15, offrant une capacit\u00e9 de 246 si\u00e8ges r\u00e9partis entre une voiture de premi\u00e8re classe, deux voitures de deuxi\u00e8me classe et une voiture de restauration.&nbsp;Cette ligne permettra surtout de transporter le minerai de fer de Gara Djebilet et permettra l\u2019entr\u00e9e en exploitation effective de l\u2019une des plus grandes mines de fer au monde avec des r\u00e9serve sde Plus de 3,5 milliards de tonnes.&nbsp;<\/p>\n\n\n\n<p><strong>L\u2019usine de traitement bient\u00f4t op\u00e9rationnelle<\/strong><\/p>\n\n\n\n<p>La premi\u00e8re unit\u00e9 de traitement primaire du minerai de fer extrait de la mine de Gara Djebilet, d&rsquo;une capacit\u00e9 de production de 4 millions de tonnes par an, sera&nbsp;d\u2019ailleurs bient\u00f4t&nbsp;op\u00e9rationnelle.&nbsp;Cette usine, r\u00e9alis\u00e9e au niveau de la mine avec une capacit\u00e9 de 4 millions de tonnes par an, proc\u00e9dera au concassage et au criblage de la mati\u00e8re premi\u00e8re extraite et \u00e0 sa s\u00e9paration \u00e0 sec pour \u00eatre ensuite stock\u00e9e puis transport\u00e9e,&nbsp;alors queles techniques adopt\u00e9es permettent d&rsquo;atteindre un taux de r\u00e9cup\u00e9ration d\u00e9passant 85%. L&rsquo;exploitation de cette mine r\u00e9pond \u00e0 un double objectif strat\u00e9gique. D&rsquo;une part, elle permettra d&rsquo;approvisionner l&rsquo;industrie sid\u00e9rurgique nationale, \u00e0 l&rsquo;exemple du complexe Tosyali d&rsquo;Oran, en mati\u00e8res premi\u00e8res de qualit\u00e9, r\u00e9duisant ainsi consid\u00e9rablement la facture d&rsquo;importation et renfor\u00e7ant la souverainet\u00e9 \u00e9conomique du pays. D&rsquo;autre part, elle offrira la possibilit\u00e9 de d\u00e9velopper une v\u00e9ritable industrie de transformation locale \u00e0 travers la construction de complexes sid\u00e9rurgiques et m\u00e9tallurgiques dans les wilayas de B\u00e9char, Tindouf et Na\u00e2ma, cr\u00e9ant ainsi une cha\u00eene de valeur ajout\u00e9e compl\u00e8te sur le territoire national.Cette infrastructure ferroviaire est con\u00e7ue pour transporter annuellement jusqu&rsquo;\u00e0 50 millions de tonnes de minerai de fer brut depuis Gara Djebilet, auxquelles s&rsquo;ajouteront 25 millions de tonnes de produits transform\u00e9s issus des usines de traitement et de valorisation que le secteur des mines s&rsquo;attelle \u00e0 r\u00e9aliser dans la r\u00e9gion. Ces capacit\u00e9s de transport exceptionnelles, rendues possibles par une conception technique permettant une charge sup\u00e9rieure \u00e0 32,5 tonnes par essieu, placent cette ligne parmi les infrastructures ferroviaires les plus performantes d&rsquo;Afrique en mati\u00e8re de transport de pond\u00e9reux.<\/p>\n\n\n\n<p>Samir Benisid<\/p>\n","protected":false},"excerpt":{"rendered":"<p>Apr\u00e8s plus de cinquante ans d\u2019attente,&nbsp;le projet d\u2019exploitation de&nbsp;la mine de Gara Djebilet&nbsp;prend forme avec la mise en service&nbsp;de la<\/p>\n","protected":false},"author":6,"featured_media":80270,"comment_status":"open","ping_status":"closed","sticky":false,"template":"","format":"standard","meta":{"colormag_page_container_layout":"default_layout","colormag_page_sidebar_layout":"default_layout","om_disable_all_campaigns":false,"_monsterinsights_skip_tracking":false,"_monsterinsights_sitenote_active":false,"_monsterinsights_sitenote_note":"","_monsterinsights_sitenote_category":0,"footnotes":"","_wpscppro_dont_share_socialmedia":false,"_wpscppro_custom_social_share_image":0,"_facebook_share_type":"default","_twitter_share_type":"default","_linkedin_share_type":"default","_pinterest_share_type":"default","_linkedin_share_type_page":"","_instagram_share_type":"default","_medium_share_type":"default","_threads_share_type":"default","_google_business_share_type":"default","_selected_social_profile":[],"_wpsp_enable_custom_social_template":false,"_wpsp_social_scheduling":{"enabled":false,"datetime":null,"platforms":[],"status":"template_only","dateOption":"today","timeOption":"now","customDays":"","customHours":"","customDate":"","customTime":"","schedulingType":"absolute"},"_wpsp_active_default_template":true},"categories":[52,27],"tags":[],"class_list":["post-80269","post","type-post","status-publish","format-standard","has-post-thumbnail","hentry","category-a-la-une","category-actualite"],"aioseo_notices":[],"yoast_head":"<!-- This site is optimized with the Yoast SEO plugin v27.5 - https:\/\/yoast.com\/product\/yoast-seo-wordpress\/ -->\n<title>Ligne mini\u00e8re Ouest et mine Gara Djebilet\u00a0:\u00a0Le r\u00eave devient r\u00e9alit\u00e9 ! - La Sentinelle<\/title>\n<meta name=\"robots\" content=\"index, follow, max-snippet:-1, max-image-preview:large, max-video-preview:-1\" \/>\n<link rel=\"canonical\" href=\"https:\/\/lasentinelle.dz\/index.php\/2026\/01\/28\/ligne-miniere-ouest-et-mine-gara-djebilet-le-reve-devient-realite\/\" \/>\n<meta property=\"og:locale\" content=\"fr_FR\" \/>\n<meta property=\"og:type\" content=\"article\" \/>\n<meta property=\"og:title\" content=\"Ligne mini\u00e8re Ouest et mine Gara Djebilet\u00a0:\u00a0Le r\u00eave devient r\u00e9alit\u00e9 ! - La Sentinelle\" \/>\n<meta property=\"og:description\" content=\"Apr\u00e8s plus de cinquante ans d\u2019attente,&nbsp;le projet d\u2019exploitation de&nbsp;la mine de Gara Djebilet&nbsp;prend forme avec la mise en service&nbsp;de la\" \/>\n<meta property=\"og:url\" content=\"https:\/\/lasentinelle.dz\/index.php\/2026\/01\/28\/ligne-miniere-ouest-et-mine-gara-djebilet-le-reve-devient-realite\/\" \/>\n<meta property=\"og:site_name\" content=\"La Sentinelle\" \/>\n<meta property=\"article:publisher\" content=\"https:\/\/www.facebook.com\/La-Sentinelle-104059864394773\" \/>\n<meta property=\"article:published_time\" content=\"2026-01-28T12:44:37+00:00\" \/>\n<meta property=\"article:modified_time\" content=\"2026-01-28T12:44:38+00:00\" \/>\n<meta property=\"og:image\" content=\"https:\/\/lasentinelle.dz\/wp-content\/uploads\/2026\/01\/train.jpeg\" \/>\n\t<meta property=\"og:image:width\" content=\"960\" \/>\n\t<meta property=\"og:image:height\" content=\"540\" \/>\n\t<meta property=\"og:image:type\" content=\"image\/jpeg\" \/>\n<meta name=\"author\" content=\"admin\" \/>\n<meta name=\"twitter:card\" content=\"summary_large_image\" \/>\n<meta name=\"twitter:label1\" content=\"\u00c9crit par\" \/>\n\t<meta name=\"twitter:data1\" content=\"admin\" \/>\n\t<meta name=\"twitter:label2\" content=\"Dur\u00e9e de lecture estim\u00e9e\" \/>\n\t<meta name=\"twitter:data2\" content=\"8 minutes\" \/>\n<script type=\"application\/ld+json\" class=\"yoast-schema-graph\">{\"@context\":\"https:\\\/\\\/schema.org\",\"@graph\":[{\"@type\":\"Article\",\"@id\":\"https:\\\/\\\/lasentinelle.dz\\\/index.php\\\/2026\\\/01\\\/28\\\/ligne-miniere-ouest-et-mine-gara-djebilet-le-reve-devient-realite\\\/#article\",\"isPartOf\":{\"@id\":\"https:\\\/\\\/lasentinelle.dz\\\/index.php\\\/2026\\\/01\\\/28\\\/ligne-miniere-ouest-et-mine-gara-djebilet-le-reve-devient-realite\\\/\"},\"author\":{\"name\":\"admin\",\"@id\":\"https:\\\/\\\/lasentinelle.dz\\\/#\\\/schema\\\/person\\\/729ee0024f24e0b8c5ec17232f8e8b41\"},\"headline\":\"Ligne mini\u00e8re Ouest et mine Gara Djebilet\u00a0:\u00a0Le r\u00eave devient r\u00e9alit\u00e9 !\",\"datePublished\":\"2026-01-28T12:44:37+00:00\",\"dateModified\":\"2026-01-28T12:44:38+00:00\",\"mainEntityOfPage\":{\"@id\":\"https:\\\/\\\/lasentinelle.dz\\\/index.php\\\/2026\\\/01\\\/28\\\/ligne-miniere-ouest-et-mine-gara-djebilet-le-reve-devient-realite\\\/\"},\"wordCount\":1778,\"commentCount\":0,\"publisher\":{\"@id\":\"https:\\\/\\\/lasentinelle.dz\\\/#organization\"},\"image\":{\"@id\":\"https:\\\/\\\/lasentinelle.dz\\\/index.php\\\/2026\\\/01\\\/28\\\/ligne-miniere-ouest-et-mine-gara-djebilet-le-reve-devient-realite\\\/#primaryimage\"},\"thumbnailUrl\":\"https:\\\/\\\/lasentinelle.dz\\\/wp-content\\\/uploads\\\/2026\\\/01\\\/train.jpeg\",\"articleSection\":[\"\u00c0 la Une\",\"Actualit\u00e9\"],\"inLanguage\":\"fr-FR\",\"potentialAction\":[{\"@type\":\"CommentAction\",\"name\":\"Comment\",\"target\":[\"https:\\\/\\\/lasentinelle.dz\\\/index.php\\\/2026\\\/01\\\/28\\\/ligne-miniere-ouest-et-mine-gara-djebilet-le-reve-devient-realite\\\/#respond\"]}]},{\"@type\":\"WebPage\",\"@id\":\"https:\\\/\\\/lasentinelle.dz\\\/index.php\\\/2026\\\/01\\\/28\\\/ligne-miniere-ouest-et-mine-gara-djebilet-le-reve-devient-realite\\\/\",\"url\":\"https:\\\/\\\/lasentinelle.dz\\\/index.php\\\/2026\\\/01\\\/28\\\/ligne-miniere-ouest-et-mine-gara-djebilet-le-reve-devient-realite\\\/\",\"name\":\"Ligne mini\u00e8re Ouest et mine Gara Djebilet\u00a0:\u00a0Le r\u00eave devient r\u00e9alit\u00e9 ! - La Sentinelle\",\"isPartOf\":{\"@id\":\"https:\\\/\\\/lasentinelle.dz\\\/#website\"},\"primaryImageOfPage\":{\"@id\":\"https:\\\/\\\/lasentinelle.dz\\\/index.php\\\/2026\\\/01\\\/28\\\/ligne-miniere-ouest-et-mine-gara-djebilet-le-reve-devient-realite\\\/#primaryimage\"},\"image\":{\"@id\":\"https:\\\/\\\/lasentinelle.dz\\\/index.php\\\/2026\\\/01\\\/28\\\/ligne-miniere-ouest-et-mine-gara-djebilet-le-reve-devient-realite\\\/#primaryimage\"},\"thumbnailUrl\":\"https:\\\/\\\/lasentinelle.dz\\\/wp-content\\\/uploads\\\/2026\\\/01\\\/train.jpeg\",\"datePublished\":\"2026-01-28T12:44:37+00:00\",\"dateModified\":\"2026-01-28T12:44:38+00:00\",\"breadcrumb\":{\"@id\":\"https:\\\/\\\/lasentinelle.dz\\\/index.php\\\/2026\\\/01\\\/28\\\/ligne-miniere-ouest-et-mine-gara-djebilet-le-reve-devient-realite\\\/#breadcrumb\"},\"inLanguage\":\"fr-FR\",\"potentialAction\":[{\"@type\":\"ReadAction\",\"target\":[\"https:\\\/\\\/lasentinelle.dz\\\/index.php\\\/2026\\\/01\\\/28\\\/ligne-miniere-ouest-et-mine-gara-djebilet-le-reve-devient-realite\\\/\"]}]},{\"@type\":\"ImageObject\",\"inLanguage\":\"fr-FR\",\"@id\":\"https:\\\/\\\/lasentinelle.dz\\\/index.php\\\/2026\\\/01\\\/28\\\/ligne-miniere-ouest-et-mine-gara-djebilet-le-reve-devient-realite\\\/#primaryimage\",\"url\":\"https:\\\/\\\/lasentinelle.dz\\\/wp-content\\\/uploads\\\/2026\\\/01\\\/train.jpeg\",\"contentUrl\":\"https:\\\/\\\/lasentinelle.dz\\\/wp-content\\\/uploads\\\/2026\\\/01\\\/train.jpeg\",\"width\":960,\"height\":540},{\"@type\":\"BreadcrumbList\",\"@id\":\"https:\\\/\\\/lasentinelle.dz\\\/index.php\\\/2026\\\/01\\\/28\\\/ligne-miniere-ouest-et-mine-gara-djebilet-le-reve-devient-realite\\\/#breadcrumb\",\"itemListElement\":[{\"@type\":\"ListItem\",\"position\":1,\"name\":\"Accueil\",\"item\":\"https:\\\/\\\/lasentinelle.dz\\\/\"},{\"@type\":\"ListItem\",\"position\":2,\"name\":\"Ligne mini\u00e8re Ouest et mine Gara Djebilet\u00a0:\u00a0Le r\u00eave devient r\u00e9alit\u00e9 !\"}]},{\"@type\":\"WebSite\",\"@id\":\"https:\\\/\\\/lasentinelle.dz\\\/#website\",\"url\":\"https:\\\/\\\/lasentinelle.dz\\\/\",\"name\":\"La Sentinelle\",\"description\":\"Quotidien national d&#039;information\",\"publisher\":{\"@id\":\"https:\\\/\\\/lasentinelle.dz\\\/#organization\"},\"potentialAction\":[{\"@type\":\"SearchAction\",\"target\":{\"@type\":\"EntryPoint\",\"urlTemplate\":\"https:\\\/\\\/lasentinelle.dz\\\/?s={search_term_string}\"},\"query-input\":{\"@type\":\"PropertyValueSpecification\",\"valueRequired\":true,\"valueName\":\"search_term_string\"}}],\"inLanguage\":\"fr-FR\"},{\"@type\":\"Organization\",\"@id\":\"https:\\\/\\\/lasentinelle.dz\\\/#organization\",\"name\":\"Quotidien La Sentinelle\",\"url\":\"https:\\\/\\\/lasentinelle.dz\\\/\",\"logo\":{\"@type\":\"ImageObject\",\"inLanguage\":\"fr-FR\",\"@id\":\"https:\\\/\\\/lasentinelle.dz\\\/#\\\/schema\\\/logo\\\/image\\\/\",\"url\":\"https:\\\/\\\/lasentinelle.dz\\\/wp-content\\\/uploads\\\/2021\\\/09\\\/logo-sentinelleSLOGAN-1.png\",\"contentUrl\":\"https:\\\/\\\/lasentinelle.dz\\\/wp-content\\\/uploads\\\/2021\\\/09\\\/logo-sentinelleSLOGAN-1.png\",\"width\":615,\"height\":142,\"caption\":\"Quotidien La Sentinelle\"},\"image\":{\"@id\":\"https:\\\/\\\/lasentinelle.dz\\\/#\\\/schema\\\/logo\\\/image\\\/\"},\"sameAs\":[\"https:\\\/\\\/www.facebook.com\\\/La-Sentinelle-104059864394773\"]},{\"@type\":\"Person\",\"@id\":\"https:\\\/\\\/lasentinelle.dz\\\/#\\\/schema\\\/person\\\/729ee0024f24e0b8c5ec17232f8e8b41\",\"name\":\"admin\",\"image\":{\"@type\":\"ImageObject\",\"inLanguage\":\"fr-FR\",\"@id\":\"https:\\\/\\\/secure.gravatar.com\\\/avatar\\\/4c81fed838786e9b53f540bf46533e750f5d292099ae3b66cfc6fb1982e29df7?s=96&d=mm&r=g\",\"url\":\"https:\\\/\\\/secure.gravatar.com\\\/avatar\\\/4c81fed838786e9b53f540bf46533e750f5d292099ae3b66cfc6fb1982e29df7?s=96&d=mm&r=g\",\"contentUrl\":\"https:\\\/\\\/secure.gravatar.com\\\/avatar\\\/4c81fed838786e9b53f540bf46533e750f5d292099ae3b66cfc6fb1982e29df7?s=96&d=mm&r=g\",\"caption\":\"admin\"},\"description\":\"admin\",\"url\":\"https:\\\/\\\/lasentinelle.dz\\\/author\\\/admin\\\/\"}]}<\/script>\n<!-- \/ Yoast SEO plugin. -->","yoast_head_json":{"title":"Ligne mini\u00e8re Ouest et mine Gara Djebilet\u00a0:\u00a0Le r\u00eave devient r\u00e9alit\u00e9 ! - La Sentinelle","robots":{"index":"index","follow":"follow","max-snippet":"max-snippet:-1","max-image-preview":"max-image-preview:large","max-video-preview":"max-video-preview:-1"},"canonical":"https:\/\/lasentinelle.dz\/index.php\/2026\/01\/28\/ligne-miniere-ouest-et-mine-gara-djebilet-le-reve-devient-realite\/","og_locale":"fr_FR","og_type":"article","og_title":"Ligne mini\u00e8re Ouest et mine Gara Djebilet\u00a0:\u00a0Le r\u00eave devient r\u00e9alit\u00e9 ! - La Sentinelle","og_description":"Apr\u00e8s plus de cinquante ans d\u2019attente,&nbsp;le projet d\u2019exploitation de&nbsp;la mine de Gara Djebilet&nbsp;prend forme avec la mise en service&nbsp;de la","og_url":"https:\/\/lasentinelle.dz\/index.php\/2026\/01\/28\/ligne-miniere-ouest-et-mine-gara-djebilet-le-reve-devient-realite\/","og_site_name":"La Sentinelle","article_publisher":"https:\/\/www.facebook.com\/La-Sentinelle-104059864394773","article_published_time":"2026-01-28T12:44:37+00:00","article_modified_time":"2026-01-28T12:44:38+00:00","og_image":[{"width":960,"height":540,"url":"https:\/\/lasentinelle.dz\/wp-content\/uploads\/2026\/01\/train.jpeg","type":"image\/jpeg"}],"author":"admin","twitter_card":"summary_large_image","twitter_misc":{"\u00c9crit par":"admin","Dur\u00e9e de lecture estim\u00e9e":"8 minutes"},"schema":{"@context":"https:\/\/schema.org","@graph":[{"@type":"Article","@id":"https:\/\/lasentinelle.dz\/index.php\/2026\/01\/28\/ligne-miniere-ouest-et-mine-gara-djebilet-le-reve-devient-realite\/#article","isPartOf":{"@id":"https:\/\/lasentinelle.dz\/index.php\/2026\/01\/28\/ligne-miniere-ouest-et-mine-gara-djebilet-le-reve-devient-realite\/"},"author":{"name":"admin","@id":"https:\/\/lasentinelle.dz\/#\/schema\/person\/729ee0024f24e0b8c5ec17232f8e8b41"},"headline":"Ligne mini\u00e8re Ouest et mine Gara Djebilet\u00a0:\u00a0Le r\u00eave devient r\u00e9alit\u00e9 !","datePublished":"2026-01-28T12:44:37+00:00","dateModified":"2026-01-28T12:44:38+00:00","mainEntityOfPage":{"@id":"https:\/\/lasentinelle.dz\/index.php\/2026\/01\/28\/ligne-miniere-ouest-et-mine-gara-djebilet-le-reve-devient-realite\/"},"wordCount":1778,"commentCount":0,"publisher":{"@id":"https:\/\/lasentinelle.dz\/#organization"},"image":{"@id":"https:\/\/lasentinelle.dz\/index.php\/2026\/01\/28\/ligne-miniere-ouest-et-mine-gara-djebilet-le-reve-devient-realite\/#primaryimage"},"thumbnailUrl":"https:\/\/lasentinelle.dz\/wp-content\/uploads\/2026\/01\/train.jpeg","articleSection":["\u00c0 la Une","Actualit\u00e9"],"inLanguage":"fr-FR","potentialAction":[{"@type":"CommentAction","name":"Comment","target":["https:\/\/lasentinelle.dz\/index.php\/2026\/01\/28\/ligne-miniere-ouest-et-mine-gara-djebilet-le-reve-devient-realite\/#respond"]}]},{"@type":"WebPage","@id":"https:\/\/lasentinelle.dz\/index.php\/2026\/01\/28\/ligne-miniere-ouest-et-mine-gara-djebilet-le-reve-devient-realite\/","url":"https:\/\/lasentinelle.dz\/index.php\/2026\/01\/28\/ligne-miniere-ouest-et-mine-gara-djebilet-le-reve-devient-realite\/","name":"Ligne mini\u00e8re Ouest et mine Gara Djebilet\u00a0:\u00a0Le r\u00eave devient r\u00e9alit\u00e9 ! - La Sentinelle","isPartOf":{"@id":"https:\/\/lasentinelle.dz\/#website"},"primaryImageOfPage":{"@id":"https:\/\/lasentinelle.dz\/index.php\/2026\/01\/28\/ligne-miniere-ouest-et-mine-gara-djebilet-le-reve-devient-realite\/#primaryimage"},"image":{"@id":"https:\/\/lasentinelle.dz\/index.php\/2026\/01\/28\/ligne-miniere-ouest-et-mine-gara-djebilet-le-reve-devient-realite\/#primaryimage"},"thumbnailUrl":"https:\/\/lasentinelle.dz\/wp-content\/uploads\/2026\/01\/train.jpeg","datePublished":"2026-01-28T12:44:37+00:00","dateModified":"2026-01-28T12:44:38+00:00","breadcrumb":{"@id":"https:\/\/lasentinelle.dz\/index.php\/2026\/01\/28\/ligne-miniere-ouest-et-mine-gara-djebilet-le-reve-devient-realite\/#breadcrumb"},"inLanguage":"fr-FR","potentialAction":[{"@type":"ReadAction","target":["https:\/\/lasentinelle.dz\/index.php\/2026\/01\/28\/ligne-miniere-ouest-et-mine-gara-djebilet-le-reve-devient-realite\/"]}]},{"@type":"ImageObject","inLanguage":"fr-FR","@id":"https:\/\/lasentinelle.dz\/index.php\/2026\/01\/28\/ligne-miniere-ouest-et-mine-gara-djebilet-le-reve-devient-realite\/#primaryimage","url":"https:\/\/lasentinelle.dz\/wp-content\/uploads\/2026\/01\/train.jpeg","contentUrl":"https:\/\/lasentinelle.dz\/wp-content\/uploads\/2026\/01\/train.jpeg","width":960,"height":540},{"@type":"BreadcrumbList","@id":"https:\/\/lasentinelle.dz\/index.php\/2026\/01\/28\/ligne-miniere-ouest-et-mine-gara-djebilet-le-reve-devient-realite\/#breadcrumb","itemListElement":[{"@type":"ListItem","position":1,"name":"Accueil","item":"https:\/\/lasentinelle.dz\/"},{"@type":"ListItem","position":2,"name":"Ligne mini\u00e8re Ouest et mine Gara Djebilet\u00a0:\u00a0Le r\u00eave devient r\u00e9alit\u00e9 !"}]},{"@type":"WebSite","@id":"https:\/\/lasentinelle.dz\/#website","url":"https:\/\/lasentinelle.dz\/","name":"La Sentinelle","description":"Quotidien national d&#039;information","publisher":{"@id":"https:\/\/lasentinelle.dz\/#organization"},"potentialAction":[{"@type":"SearchAction","target":{"@type":"EntryPoint","urlTemplate":"https:\/\/lasentinelle.dz\/?s={search_term_string}"},"query-input":{"@type":"PropertyValueSpecification","valueRequired":true,"valueName":"search_term_string"}}],"inLanguage":"fr-FR"},{"@type":"Organization","@id":"https:\/\/lasentinelle.dz\/#organization","name":"Quotidien La Sentinelle","url":"https:\/\/lasentinelle.dz\/","logo":{"@type":"ImageObject","inLanguage":"fr-FR","@id":"https:\/\/lasentinelle.dz\/#\/schema\/logo\/image\/","url":"https:\/\/lasentinelle.dz\/wp-content\/uploads\/2021\/09\/logo-sentinelleSLOGAN-1.png","contentUrl":"https:\/\/lasentinelle.dz\/wp-content\/uploads\/2021\/09\/logo-sentinelleSLOGAN-1.png","width":615,"height":142,"caption":"Quotidien La Sentinelle"},"image":{"@id":"https:\/\/lasentinelle.dz\/#\/schema\/logo\/image\/"},"sameAs":["https:\/\/www.facebook.com\/La-Sentinelle-104059864394773"]},{"@type":"Person","@id":"https:\/\/lasentinelle.dz\/#\/schema\/person\/729ee0024f24e0b8c5ec17232f8e8b41","name":"admin","image":{"@type":"ImageObject","inLanguage":"fr-FR","@id":"https:\/\/secure.gravatar.com\/avatar\/4c81fed838786e9b53f540bf46533e750f5d292099ae3b66cfc6fb1982e29df7?s=96&d=mm&r=g","url":"https:\/\/secure.gravatar.com\/avatar\/4c81fed838786e9b53f540bf46533e750f5d292099ae3b66cfc6fb1982e29df7?s=96&d=mm&r=g","contentUrl":"https:\/\/secure.gravatar.com\/avatar\/4c81fed838786e9b53f540bf46533e750f5d292099ae3b66cfc6fb1982e29df7?s=96&d=mm&r=g","caption":"admin"},"description":"admin","url":"https:\/\/lasentinelle.dz\/author\/admin\/"}]}},"_links":{"self":[{"href":"https:\/\/lasentinelle.dz\/index.php\/wp-json\/wp\/v2\/posts\/80269","targetHints":{"allow":["GET"]}}],"collection":[{"href":"https:\/\/lasentinelle.dz\/index.php\/wp-json\/wp\/v2\/posts"}],"about":[{"href":"https:\/\/lasentinelle.dz\/index.php\/wp-json\/wp\/v2\/types\/post"}],"author":[{"embeddable":true,"href":"https:\/\/lasentinelle.dz\/index.php\/wp-json\/wp\/v2\/users\/6"}],"replies":[{"embeddable":true,"href":"https:\/\/lasentinelle.dz\/index.php\/wp-json\/wp\/v2\/comments?post=80269"}],"version-history":[{"count":1,"href":"https:\/\/lasentinelle.dz\/index.php\/wp-json\/wp\/v2\/posts\/80269\/revisions"}],"predecessor-version":[{"id":80271,"href":"https:\/\/lasentinelle.dz\/index.php\/wp-json\/wp\/v2\/posts\/80269\/revisions\/80271"}],"wp:featuredmedia":[{"embeddable":true,"href":"https:\/\/lasentinelle.dz\/index.php\/wp-json\/wp\/v2\/media\/80270"}],"wp:attachment":[{"href":"https:\/\/lasentinelle.dz\/index.php\/wp-json\/wp\/v2\/media?parent=80269"}],"wp:term":[{"taxonomy":"category","embeddable":true,"href":"https:\/\/lasentinelle.dz\/index.php\/wp-json\/wp\/v2\/categories?post=80269"},{"taxonomy":"post_tag","embeddable":true,"href":"https:\/\/lasentinelle.dz\/index.php\/wp-json\/wp\/v2\/tags?post=80269"}],"curies":[{"name":"wp","href":"https:\/\/api.w.org\/{rel}","templated":true}]}}