{"id":80302,"date":"2026-01-29T11:43:14","date_gmt":"2026-01-29T10:43:14","guid":{"rendered":"https:\/\/lasentinelle.dz\/?p=80302"},"modified":"2026-01-31T11:44:09","modified_gmt":"2026-01-31T10:44:09","slug":"sahara-occidental-pas-de-solution-juste-sans-autodetermination","status":"publish","type":"post","link":"https:\/\/lasentinelle.dz\/index.php\/2026\/01\/29\/sahara-occidental-pas-de-solution-juste-sans-autodetermination\/","title":{"rendered":"Sahara occidental\u00a0:\u00a0\u00ab\u00a0Pas de solution juste sans autod\u00e9termination\u00a0\u00bb\u00a0"},"content":{"rendered":"\n<p>Des avocats et \u00e9crivains sahraouis mettent en garde contre les tentatives de soustraire la question du Sahara occidental au champ de la d\u00e9colonisation et du droit international, affirmant que sans autod\u00e9termination et sans le cadre des Nations unies, il n&rsquo;y a pas de solution juste ni durable.&nbsp;\u00ab\u00a0Toute d\u00e9viation, m\u00eame minime, de la qualification de la question sahraouie comme processus de d\u00e9colonisation et de sa r\u00e9solution dans le cadre du droit international et sous l&rsquo;\u00e9gide des Nations unies aura de graves cons\u00e9quences\u00a0\u00bb, avertit l&rsquo;\u00e9crivain sahraoui Mohamed Fadel El Hait, dans un article publi\u00e9 sur les r\u00e9seaux sociaux.&nbsp;Alors que les Nations unies continuent de qualifier le conflit au Sahara occidental de question de d\u00e9colonisation, l&rsquo;occupant marocain intensifie ses efforts pour le pr\u00e9senter comme un \u00ab\u00a0conflit politique r\u00e9gional\u00a0\u00bb, rel\u00e8ve cet \u00e9crivain dans un article intitul\u00e9 \u00ab\u00a0La question du Sahara occidental: entre d\u00e9colonisation et solution politique\u00a0\u00bb. Pour El Hait, ce changement \u00ab\u00a0comporte de profondes implications juridiques et politiques\u00a0\u00bb.&nbsp;Selon l&rsquo;auteur, en droit international, la qualification d&rsquo;un conflit n&rsquo;est \u00ab\u00a0pas une simple formalit\u00e9\u00a0\u00bb. \u00ab\u00a0Sa d\u00e9finition d\u00e9termine le cadre de sa r\u00e9solution, les droits reconnus et les m\u00e9canismes mis en \u0153uvre pour y mettre fin. Lorsqu&rsquo;une cause est d\u00e9finie comme un processus de d\u00e9colonisation, le droit des peuples \u00e0 l&rsquo;autod\u00e9termination devient un principe fondamental incontournable\u00a0\u00bb, explique-t-il.&nbsp;Il souligne \u00e0 ce propos, que l&rsquo;histoire r\u00e9cente montre que modifier la classification d&rsquo;un conflit n&rsquo;est \u00ab\u00a0pas un geste neutre\u00a0\u00bb, mais un outil politique utilis\u00e9 \u00e0 maintes reprises pour \u00ab\u00a0restreindre ou reporter le droit des peuples \u00e0 l&rsquo;autod\u00e9termination\u00a0\u00bb.&nbsp;\u00ab\u00a0Le d\u00e9bat sur la classification de la question du Sahara occidental n&rsquo;est pas, comme certains le pensent, un simple exercice s\u00e9mantique, mais une discussion sur son avenir politique et juridique\u00a0\u00bb, insiste-t-il, soutenant que toute initiative pr\u00e9sent\u00e9e comme \u00ab\u00a0mesure pratique\u00a0\u00bb perdra son caract\u00e8re volontaire si elle est dissoci\u00e9e du \u00ab\u00a0droit fondamental du peuple sahraoui de choisir librement son avenir\u00a0\u00bb.<\/p>\n\n\n\n<p>Citant les cas du Timor oriental, de l&rsquo;Erythr\u00e9e, de la Namibie et de la Palestine, El Hait affirme que \u00ab\u00a0les causes qui ont su pr\u00e9server leur d\u00e9finition juridique de processus de d\u00e9colonisation, m\u00eame dans les moments de faiblesse, sont celles qui ont le mieux r\u00e9ussi \u00e0 recouvrer leurs droits par la suite\u00a0\u00bb.&nbsp;Il exhorte, dans ce contexte, les \u00e9lites sahraouies \u00e0 \u00ab\u00a0d\u00e9fendre la cause contre toute tentative de la vider de sa substance\u00a0\u00bb.&nbsp;De son c\u00f4t\u00e9, l&rsquo;avocat sahraoui et d\u00e9fenseur des droits de l&rsquo;homme Mhamed Hali explique, dans un langage clair et juridique, que \u00ab\u00a0toute solution sans le consentement pr\u00e9alable et explicite du peuple sahraoui est ill\u00e9gitime\u00a0\u00bb.Dans un entretient accord\u00e9 au quotidien espagnol \u00ab\u00a0El Pais\u00a0\u00bb, cet avocat \u00e9tablit un lien direct entre les tentatives de modifier la classification du conflit et la d\u00e9t\u00e9rioration manifeste de la situation des droits humains dans les territoires sahraouis occup\u00e9s. Interrog\u00e9 sur la situation des prisonniers politiques sahraouis dans les ge\u00f4les marocaines, Hali, membre de Ligue pour la protection des prisonniers politiques sahraouis, organisation essentielle pour documenter les arrestations, les conditions de d\u00e9tention et les violations des droits humains dans les territoires occup\u00e9s, d\u00e9crit des conditions \u00ab\u00a0inhumaines\u00a0\u00bb : l&rsquo;isolement, des probl\u00e8mes de sant\u00e9 et des peines extr\u00eamement s\u00e9v\u00e8res qu&rsquo;ils doivent purger pour avoir exerc\u00e9 leurs droits fondamentaux. Le journal pr\u00e9sente ces t\u00e9moignages comme un \u00e9l\u00e9ment central du r\u00e9cit, soulignant qu&rsquo;il ne s&rsquo;agit \u00ab\u00a0pas de cas isol\u00e9s\u00a0\u00bb, mais bien d&rsquo;un \u00ab\u00a0ph\u00e9nom\u00e8ne r\u00e9current\u00a0\u00bb touchant aussi bien les militants que les \u00e9tudiants et les manifestants pacifiques.<\/p>\n\n\n\n<p>APS<\/p>\n","protected":false},"excerpt":{"rendered":"<p>Des avocats et \u00e9crivains sahraouis mettent en garde contre les tentatives de soustraire la question du Sahara occidental au champ<\/p>\n","protected":false},"author":6,"featured_media":57408,"comment_status":"open","ping_status":"closed","sticky":false,"template":"","format":"standard","meta":{"colormag_page_container_layout":"default_layout","colormag_page_sidebar_layout":"default_layout","om_disable_all_campaigns":false,"_monsterinsights_skip_tracking":false,"_monsterinsights_sitenote_active":false,"_monsterinsights_sitenote_note":"","_monsterinsights_sitenote_category":0,"footnotes":"","_wpscppro_dont_share_socialmedia":false,"_wpscppro_custom_social_share_image":0,"_facebook_share_type":"default","_twitter_share_type":"default","_linkedin_share_type":"default","_pinterest_share_type":"default","_linkedin_share_type_page":"","_instagram_share_type":"default","_medium_share_type":"default","_threads_share_type":"default","_google_business_share_type":"default","_selected_social_profile":[],"_wpsp_enable_custom_social_template":false,"_wpsp_social_scheduling":{"enabled":false,"datetime":null,"platforms":[],"status":"template_only","dateOption":"today","timeOption":"now","customDays":"","customHours":"","customDate":"","customTime":"","schedulingType":"absolute"},"_wpsp_active_default_template":true},"categories":[37],"tags":[],"class_list":["post-80302","post","type-post","status-publish","format-standard","has-post-thumbnail","hentry","category-monde"],"aioseo_notices":[],"yoast_head":"<!-- This site is optimized with the Yoast SEO plugin v27.5 - https:\/\/yoast.com\/product\/yoast-seo-wordpress\/ -->\n<title>Sahara occidental\u00a0:\u00a0\u00ab\u00a0Pas de solution juste sans autod\u00e9termination\u00a0\u00bb\u00a0 - La Sentinelle<\/title>\n<meta name=\"robots\" content=\"index, follow, max-snippet:-1, max-image-preview:large, max-video-preview:-1\" \/>\n<link rel=\"canonical\" href=\"https:\/\/lasentinelle.dz\/index.php\/2026\/01\/29\/sahara-occidental-pas-de-solution-juste-sans-autodetermination\/\" \/>\n<meta property=\"og:locale\" content=\"fr_FR\" \/>\n<meta property=\"og:type\" content=\"article\" \/>\n<meta property=\"og:title\" content=\"Sahara occidental\u00a0:\u00a0\u00ab\u00a0Pas de solution juste sans autod\u00e9termination\u00a0\u00bb\u00a0 - La Sentinelle\" \/>\n<meta property=\"og:description\" content=\"Des avocats et \u00e9crivains sahraouis mettent en garde contre les tentatives de soustraire la question du Sahara occidental au champ\" \/>\n<meta property=\"og:url\" content=\"https:\/\/lasentinelle.dz\/index.php\/2026\/01\/29\/sahara-occidental-pas-de-solution-juste-sans-autodetermination\/\" \/>\n<meta property=\"og:site_name\" content=\"La Sentinelle\" \/>\n<meta property=\"article:publisher\" content=\"https:\/\/www.facebook.com\/La-Sentinelle-104059864394773\" \/>\n<meta property=\"article:published_time\" content=\"2026-01-29T10:43:14+00:00\" \/>\n<meta property=\"article:modified_time\" content=\"2026-01-31T10:44:09+00:00\" \/>\n<meta property=\"og:image\" content=\"https:\/\/lasentinelle.dz\/wp-content\/uploads\/2024\/09\/sahara-occidental.jpg\" \/>\n\t<meta property=\"og:image:width\" content=\"580\" \/>\n\t<meta property=\"og:image:height\" content=\"350\" \/>\n\t<meta property=\"og:image:type\" content=\"image\/jpeg\" \/>\n<meta name=\"author\" content=\"admin\" \/>\n<meta name=\"twitter:card\" content=\"summary_large_image\" \/>\n<meta name=\"twitter:label1\" content=\"\u00c9crit par\" \/>\n\t<meta name=\"twitter:data1\" content=\"admin\" \/>\n\t<meta name=\"twitter:label2\" content=\"Dur\u00e9e de lecture estim\u00e9e\" \/>\n\t<meta name=\"twitter:data2\" content=\"4 minutes\" \/>\n<script type=\"application\/ld+json\" class=\"yoast-schema-graph\">{\"@context\":\"https:\\\/\\\/schema.org\",\"@graph\":[{\"@type\":\"Article\",\"@id\":\"https:\\\/\\\/lasentinelle.dz\\\/index.php\\\/2026\\\/01\\\/29\\\/sahara-occidental-pas-de-solution-juste-sans-autodetermination\\\/#article\",\"isPartOf\":{\"@id\":\"https:\\\/\\\/lasentinelle.dz\\\/index.php\\\/2026\\\/01\\\/29\\\/sahara-occidental-pas-de-solution-juste-sans-autodetermination\\\/\"},\"author\":{\"name\":\"admin\",\"@id\":\"https:\\\/\\\/lasentinelle.dz\\\/#\\\/schema\\\/person\\\/729ee0024f24e0b8c5ec17232f8e8b41\"},\"headline\":\"Sahara occidental\u00a0:\u00a0\u00ab\u00a0Pas de solution juste sans autod\u00e9termination\u00a0\u00bb\u00a0\",\"datePublished\":\"2026-01-29T10:43:14+00:00\",\"dateModified\":\"2026-01-31T10:44:09+00:00\",\"mainEntityOfPage\":{\"@id\":\"https:\\\/\\\/lasentinelle.dz\\\/index.php\\\/2026\\\/01\\\/29\\\/sahara-occidental-pas-de-solution-juste-sans-autodetermination\\\/\"},\"wordCount\":647,\"commentCount\":0,\"publisher\":{\"@id\":\"https:\\\/\\\/lasentinelle.dz\\\/#organization\"},\"image\":{\"@id\":\"https:\\\/\\\/lasentinelle.dz\\\/index.php\\\/2026\\\/01\\\/29\\\/sahara-occidental-pas-de-solution-juste-sans-autodetermination\\\/#primaryimage\"},\"thumbnailUrl\":\"https:\\\/\\\/lasentinelle.dz\\\/wp-content\\\/uploads\\\/2024\\\/09\\\/sahara-occidental.jpg\",\"articleSection\":[\"Monde\"],\"inLanguage\":\"fr-FR\",\"potentialAction\":[{\"@type\":\"CommentAction\",\"name\":\"Comment\",\"target\":[\"https:\\\/\\\/lasentinelle.dz\\\/index.php\\\/2026\\\/01\\\/29\\\/sahara-occidental-pas-de-solution-juste-sans-autodetermination\\\/#respond\"]}]},{\"@type\":\"WebPage\",\"@id\":\"https:\\\/\\\/lasentinelle.dz\\\/index.php\\\/2026\\\/01\\\/29\\\/sahara-occidental-pas-de-solution-juste-sans-autodetermination\\\/\",\"url\":\"https:\\\/\\\/lasentinelle.dz\\\/index.php\\\/2026\\\/01\\\/29\\\/sahara-occidental-pas-de-solution-juste-sans-autodetermination\\\/\",\"name\":\"Sahara occidental\u00a0:\u00a0\u00ab\u00a0Pas de solution juste sans autod\u00e9termination\u00a0\u00bb\u00a0 - La Sentinelle\",\"isPartOf\":{\"@id\":\"https:\\\/\\\/lasentinelle.dz\\\/#website\"},\"primaryImageOfPage\":{\"@id\":\"https:\\\/\\\/lasentinelle.dz\\\/index.php\\\/2026\\\/01\\\/29\\\/sahara-occidental-pas-de-solution-juste-sans-autodetermination\\\/#primaryimage\"},\"image\":{\"@id\":\"https:\\\/\\\/lasentinelle.dz\\\/index.php\\\/2026\\\/01\\\/29\\\/sahara-occidental-pas-de-solution-juste-sans-autodetermination\\\/#primaryimage\"},\"thumbnailUrl\":\"https:\\\/\\\/lasentinelle.dz\\\/wp-content\\\/uploads\\\/2024\\\/09\\\/sahara-occidental.jpg\",\"datePublished\":\"2026-01-29T10:43:14+00:00\",\"dateModified\":\"2026-01-31T10:44:09+00:00\",\"breadcrumb\":{\"@id\":\"https:\\\/\\\/lasentinelle.dz\\\/index.php\\\/2026\\\/01\\\/29\\\/sahara-occidental-pas-de-solution-juste-sans-autodetermination\\\/#breadcrumb\"},\"inLanguage\":\"fr-FR\",\"potentialAction\":[{\"@type\":\"ReadAction\",\"target\":[\"https:\\\/\\\/lasentinelle.dz\\\/index.php\\\/2026\\\/01\\\/29\\\/sahara-occidental-pas-de-solution-juste-sans-autodetermination\\\/\"]}]},{\"@type\":\"ImageObject\",\"inLanguage\":\"fr-FR\",\"@id\":\"https:\\\/\\\/lasentinelle.dz\\\/index.php\\\/2026\\\/01\\\/29\\\/sahara-occidental-pas-de-solution-juste-sans-autodetermination\\\/#primaryimage\",\"url\":\"https:\\\/\\\/lasentinelle.dz\\\/wp-content\\\/uploads\\\/2024\\\/09\\\/sahara-occidental.jpg\",\"contentUrl\":\"https:\\\/\\\/lasentinelle.dz\\\/wp-content\\\/uploads\\\/2024\\\/09\\\/sahara-occidental.jpg\",\"width\":580,\"height\":350},{\"@type\":\"BreadcrumbList\",\"@id\":\"https:\\\/\\\/lasentinelle.dz\\\/index.php\\\/2026\\\/01\\\/29\\\/sahara-occidental-pas-de-solution-juste-sans-autodetermination\\\/#breadcrumb\",\"itemListElement\":[{\"@type\":\"ListItem\",\"position\":1,\"name\":\"Accueil\",\"item\":\"https:\\\/\\\/lasentinelle.dz\\\/\"},{\"@type\":\"ListItem\",\"position\":2,\"name\":\"Sahara occidental\u00a0:\u00a0\u00ab\u00a0Pas de solution juste sans autod\u00e9termination\u00a0\u00bb\u00a0\"}]},{\"@type\":\"WebSite\",\"@id\":\"https:\\\/\\\/lasentinelle.dz\\\/#website\",\"url\":\"https:\\\/\\\/lasentinelle.dz\\\/\",\"name\":\"La Sentinelle\",\"description\":\"Quotidien national d&#039;information\",\"publisher\":{\"@id\":\"https:\\\/\\\/lasentinelle.dz\\\/#organization\"},\"potentialAction\":[{\"@type\":\"SearchAction\",\"target\":{\"@type\":\"EntryPoint\",\"urlTemplate\":\"https:\\\/\\\/lasentinelle.dz\\\/?s={search_term_string}\"},\"query-input\":{\"@type\":\"PropertyValueSpecification\",\"valueRequired\":true,\"valueName\":\"search_term_string\"}}],\"inLanguage\":\"fr-FR\"},{\"@type\":\"Organization\",\"@id\":\"https:\\\/\\\/lasentinelle.dz\\\/#organization\",\"name\":\"Quotidien La Sentinelle\",\"url\":\"https:\\\/\\\/lasentinelle.dz\\\/\",\"logo\":{\"@type\":\"ImageObject\",\"inLanguage\":\"fr-FR\",\"@id\":\"https:\\\/\\\/lasentinelle.dz\\\/#\\\/schema\\\/logo\\\/image\\\/\",\"url\":\"https:\\\/\\\/lasentinelle.dz\\\/wp-content\\\/uploads\\\/2021\\\/09\\\/logo-sentinelleSLOGAN-1.png\",\"contentUrl\":\"https:\\\/\\\/lasentinelle.dz\\\/wp-content\\\/uploads\\\/2021\\\/09\\\/logo-sentinelleSLOGAN-1.png\",\"width\":615,\"height\":142,\"caption\":\"Quotidien La Sentinelle\"},\"image\":{\"@id\":\"https:\\\/\\\/lasentinelle.dz\\\/#\\\/schema\\\/logo\\\/image\\\/\"},\"sameAs\":[\"https:\\\/\\\/www.facebook.com\\\/La-Sentinelle-104059864394773\"]},{\"@type\":\"Person\",\"@id\":\"https:\\\/\\\/lasentinelle.dz\\\/#\\\/schema\\\/person\\\/729ee0024f24e0b8c5ec17232f8e8b41\",\"name\":\"admin\",\"image\":{\"@type\":\"ImageObject\",\"inLanguage\":\"fr-FR\",\"@id\":\"https:\\\/\\\/secure.gravatar.com\\\/avatar\\\/4c81fed838786e9b53f540bf46533e750f5d292099ae3b66cfc6fb1982e29df7?s=96&d=mm&r=g\",\"url\":\"https:\\\/\\\/secure.gravatar.com\\\/avatar\\\/4c81fed838786e9b53f540bf46533e750f5d292099ae3b66cfc6fb1982e29df7?s=96&d=mm&r=g\",\"contentUrl\":\"https:\\\/\\\/secure.gravatar.com\\\/avatar\\\/4c81fed838786e9b53f540bf46533e750f5d292099ae3b66cfc6fb1982e29df7?s=96&d=mm&r=g\",\"caption\":\"admin\"},\"description\":\"admin\",\"url\":\"https:\\\/\\\/lasentinelle.dz\\\/author\\\/admin\\\/\"}]}<\/script>\n<!-- \/ Yoast SEO plugin. -->","yoast_head_json":{"title":"Sahara occidental\u00a0:\u00a0\u00ab\u00a0Pas de solution juste sans autod\u00e9termination\u00a0\u00bb\u00a0 - La Sentinelle","robots":{"index":"index","follow":"follow","max-snippet":"max-snippet:-1","max-image-preview":"max-image-preview:large","max-video-preview":"max-video-preview:-1"},"canonical":"https:\/\/lasentinelle.dz\/index.php\/2026\/01\/29\/sahara-occidental-pas-de-solution-juste-sans-autodetermination\/","og_locale":"fr_FR","og_type":"article","og_title":"Sahara occidental\u00a0:\u00a0\u00ab\u00a0Pas de solution juste sans autod\u00e9termination\u00a0\u00bb\u00a0 - La Sentinelle","og_description":"Des avocats et \u00e9crivains sahraouis mettent en garde contre les tentatives de soustraire la question du Sahara occidental au champ","og_url":"https:\/\/lasentinelle.dz\/index.php\/2026\/01\/29\/sahara-occidental-pas-de-solution-juste-sans-autodetermination\/","og_site_name":"La Sentinelle","article_publisher":"https:\/\/www.facebook.com\/La-Sentinelle-104059864394773","article_published_time":"2026-01-29T10:43:14+00:00","article_modified_time":"2026-01-31T10:44:09+00:00","og_image":[{"width":580,"height":350,"url":"https:\/\/lasentinelle.dz\/wp-content\/uploads\/2024\/09\/sahara-occidental.jpg","type":"image\/jpeg"}],"author":"admin","twitter_card":"summary_large_image","twitter_misc":{"\u00c9crit par":"admin","Dur\u00e9e de lecture estim\u00e9e":"4 minutes"},"schema":{"@context":"https:\/\/schema.org","@graph":[{"@type":"Article","@id":"https:\/\/lasentinelle.dz\/index.php\/2026\/01\/29\/sahara-occidental-pas-de-solution-juste-sans-autodetermination\/#article","isPartOf":{"@id":"https:\/\/lasentinelle.dz\/index.php\/2026\/01\/29\/sahara-occidental-pas-de-solution-juste-sans-autodetermination\/"},"author":{"name":"admin","@id":"https:\/\/lasentinelle.dz\/#\/schema\/person\/729ee0024f24e0b8c5ec17232f8e8b41"},"headline":"Sahara occidental\u00a0:\u00a0\u00ab\u00a0Pas de solution juste sans autod\u00e9termination\u00a0\u00bb\u00a0","datePublished":"2026-01-29T10:43:14+00:00","dateModified":"2026-01-31T10:44:09+00:00","mainEntityOfPage":{"@id":"https:\/\/lasentinelle.dz\/index.php\/2026\/01\/29\/sahara-occidental-pas-de-solution-juste-sans-autodetermination\/"},"wordCount":647,"commentCount":0,"publisher":{"@id":"https:\/\/lasentinelle.dz\/#organization"},"image":{"@id":"https:\/\/lasentinelle.dz\/index.php\/2026\/01\/29\/sahara-occidental-pas-de-solution-juste-sans-autodetermination\/#primaryimage"},"thumbnailUrl":"https:\/\/lasentinelle.dz\/wp-content\/uploads\/2024\/09\/sahara-occidental.jpg","articleSection":["Monde"],"inLanguage":"fr-FR","potentialAction":[{"@type":"CommentAction","name":"Comment","target":["https:\/\/lasentinelle.dz\/index.php\/2026\/01\/29\/sahara-occidental-pas-de-solution-juste-sans-autodetermination\/#respond"]}]},{"@type":"WebPage","@id":"https:\/\/lasentinelle.dz\/index.php\/2026\/01\/29\/sahara-occidental-pas-de-solution-juste-sans-autodetermination\/","url":"https:\/\/lasentinelle.dz\/index.php\/2026\/01\/29\/sahara-occidental-pas-de-solution-juste-sans-autodetermination\/","name":"Sahara occidental\u00a0:\u00a0\u00ab\u00a0Pas de solution juste sans autod\u00e9termination\u00a0\u00bb\u00a0 - La Sentinelle","isPartOf":{"@id":"https:\/\/lasentinelle.dz\/#website"},"primaryImageOfPage":{"@id":"https:\/\/lasentinelle.dz\/index.php\/2026\/01\/29\/sahara-occidental-pas-de-solution-juste-sans-autodetermination\/#primaryimage"},"image":{"@id":"https:\/\/lasentinelle.dz\/index.php\/2026\/01\/29\/sahara-occidental-pas-de-solution-juste-sans-autodetermination\/#primaryimage"},"thumbnailUrl":"https:\/\/lasentinelle.dz\/wp-content\/uploads\/2024\/09\/sahara-occidental.jpg","datePublished":"2026-01-29T10:43:14+00:00","dateModified":"2026-01-31T10:44:09+00:00","breadcrumb":{"@id":"https:\/\/lasentinelle.dz\/index.php\/2026\/01\/29\/sahara-occidental-pas-de-solution-juste-sans-autodetermination\/#breadcrumb"},"inLanguage":"fr-FR","potentialAction":[{"@type":"ReadAction","target":["https:\/\/lasentinelle.dz\/index.php\/2026\/01\/29\/sahara-occidental-pas-de-solution-juste-sans-autodetermination\/"]}]},{"@type":"ImageObject","inLanguage":"fr-FR","@id":"https:\/\/lasentinelle.dz\/index.php\/2026\/01\/29\/sahara-occidental-pas-de-solution-juste-sans-autodetermination\/#primaryimage","url":"https:\/\/lasentinelle.dz\/wp-content\/uploads\/2024\/09\/sahara-occidental.jpg","contentUrl":"https:\/\/lasentinelle.dz\/wp-content\/uploads\/2024\/09\/sahara-occidental.jpg","width":580,"height":350},{"@type":"BreadcrumbList","@id":"https:\/\/lasentinelle.dz\/index.php\/2026\/01\/29\/sahara-occidental-pas-de-solution-juste-sans-autodetermination\/#breadcrumb","itemListElement":[{"@type":"ListItem","position":1,"name":"Accueil","item":"https:\/\/lasentinelle.dz\/"},{"@type":"ListItem","position":2,"name":"Sahara occidental\u00a0:\u00a0\u00ab\u00a0Pas de solution juste sans autod\u00e9termination\u00a0\u00bb\u00a0"}]},{"@type":"WebSite","@id":"https:\/\/lasentinelle.dz\/#website","url":"https:\/\/lasentinelle.dz\/","name":"La Sentinelle","description":"Quotidien national d&#039;information","publisher":{"@id":"https:\/\/lasentinelle.dz\/#organization"},"potentialAction":[{"@type":"SearchAction","target":{"@type":"EntryPoint","urlTemplate":"https:\/\/lasentinelle.dz\/?s={search_term_string}"},"query-input":{"@type":"PropertyValueSpecification","valueRequired":true,"valueName":"search_term_string"}}],"inLanguage":"fr-FR"},{"@type":"Organization","@id":"https:\/\/lasentinelle.dz\/#organization","name":"Quotidien La Sentinelle","url":"https:\/\/lasentinelle.dz\/","logo":{"@type":"ImageObject","inLanguage":"fr-FR","@id":"https:\/\/lasentinelle.dz\/#\/schema\/logo\/image\/","url":"https:\/\/lasentinelle.dz\/wp-content\/uploads\/2021\/09\/logo-sentinelleSLOGAN-1.png","contentUrl":"https:\/\/lasentinelle.dz\/wp-content\/uploads\/2021\/09\/logo-sentinelleSLOGAN-1.png","width":615,"height":142,"caption":"Quotidien La Sentinelle"},"image":{"@id":"https:\/\/lasentinelle.dz\/#\/schema\/logo\/image\/"},"sameAs":["https:\/\/www.facebook.com\/La-Sentinelle-104059864394773"]},{"@type":"Person","@id":"https:\/\/lasentinelle.dz\/#\/schema\/person\/729ee0024f24e0b8c5ec17232f8e8b41","name":"admin","image":{"@type":"ImageObject","inLanguage":"fr-FR","@id":"https:\/\/secure.gravatar.com\/avatar\/4c81fed838786e9b53f540bf46533e750f5d292099ae3b66cfc6fb1982e29df7?s=96&d=mm&r=g","url":"https:\/\/secure.gravatar.com\/avatar\/4c81fed838786e9b53f540bf46533e750f5d292099ae3b66cfc6fb1982e29df7?s=96&d=mm&r=g","contentUrl":"https:\/\/secure.gravatar.com\/avatar\/4c81fed838786e9b53f540bf46533e750f5d292099ae3b66cfc6fb1982e29df7?s=96&d=mm&r=g","caption":"admin"},"description":"admin","url":"https:\/\/lasentinelle.dz\/author\/admin\/"}]}},"_links":{"self":[{"href":"https:\/\/lasentinelle.dz\/index.php\/wp-json\/wp\/v2\/posts\/80302","targetHints":{"allow":["GET"]}}],"collection":[{"href":"https:\/\/lasentinelle.dz\/index.php\/wp-json\/wp\/v2\/posts"}],"about":[{"href":"https:\/\/lasentinelle.dz\/index.php\/wp-json\/wp\/v2\/types\/post"}],"author":[{"embeddable":true,"href":"https:\/\/lasentinelle.dz\/index.php\/wp-json\/wp\/v2\/users\/6"}],"replies":[{"embeddable":true,"href":"https:\/\/lasentinelle.dz\/index.php\/wp-json\/wp\/v2\/comments?post=80302"}],"version-history":[{"count":2,"href":"https:\/\/lasentinelle.dz\/index.php\/wp-json\/wp\/v2\/posts\/80302\/revisions"}],"predecessor-version":[{"id":80304,"href":"https:\/\/lasentinelle.dz\/index.php\/wp-json\/wp\/v2\/posts\/80302\/revisions\/80304"}],"wp:featuredmedia":[{"embeddable":true,"href":"https:\/\/lasentinelle.dz\/index.php\/wp-json\/wp\/v2\/media\/57408"}],"wp:attachment":[{"href":"https:\/\/lasentinelle.dz\/index.php\/wp-json\/wp\/v2\/media?parent=80302"}],"wp:term":[{"taxonomy":"category","embeddable":true,"href":"https:\/\/lasentinelle.dz\/index.php\/wp-json\/wp\/v2\/categories?post=80302"},{"taxonomy":"post_tag","embeddable":true,"href":"https:\/\/lasentinelle.dz\/index.php\/wp-json\/wp\/v2\/tags?post=80302"}],"curies":[{"name":"wp","href":"https:\/\/api.w.org\/{rel}","templated":true}]}}