{"id":80311,"date":"2026-01-29T11:47:26","date_gmt":"2026-01-29T10:47:26","guid":{"rendered":"https:\/\/lasentinelle.dz\/?p=80311"},"modified":"2026-01-31T11:48:06","modified_gmt":"2026-01-31T10:48:06","slug":"interferences-etrangeres-et-destabilisation-de-la-region-sahelienne","status":"publish","type":"post","link":"https:\/\/lasentinelle.dz\/index.php\/2026\/01\/29\/interferences-etrangeres-et-destabilisation-de-la-region-sahelienne\/","title":{"rendered":"Interf\u00e9rences \u00e9trang\u00e8res et d\u00e9stabilisation de la r\u00e9gion sah\u00e9lienne"},"content":{"rendered":"\n<p><strong>Par&nbsp;Abderrahmane Mebtoul&nbsp;<\/strong><\/p>\n\n\n\n<p><strong>Professeur des universit\u00e9s, expert international&nbsp;<\/strong><\/p>\n\n\n\n<p>L&rsquo;Afrique est un enjeu majeur du XXIe si\u00e8cle, ce qui explique les convoitises. Les turbulences au niveau du Sahel peuvent provoquer des impacts n\u00e9gatifs sur tout le continent.<\/p>\n\n\n\n<p>L&rsquo;espace sah\u00e9lien, avec ses diff\u00e9rentes ethnies in\u00e9galement r\u00e9parties dont les Touaregs et d&rsquo;importants flux migratoires intra-r\u00e9gionaux, couvre enti\u00e8rement ou en partie le Cap-Vert, le S\u00e9n\u00e9gal, la Mauritanie (le Sud), le Mali, le Burkina Faso (l&rsquo;extr\u00eame nord), l&rsquo;Alg\u00e9rie (l&rsquo;extr\u00eame sud), le Niger, le Nigeria (l&rsquo;extr\u00eame nord), le Tchad (le Centre), le Cameroun (l&rsquo;extr\u00eame nord), le Soudan (le Centre, notamment le Darfour et le Kordofan), l&rsquo;\u00c9rythr\u00e9e, et l&rsquo;on y ajoute parfois les pays de la Corne d&rsquo;Afrique : Djibouti, l&rsquo;\u00c9thiopie et la Somalie, soit un territoire de plus de 5,5 fois la superficie de la France.<\/p>\n\n\n\n<p>1.- Globalement, l&rsquo;espace sah\u00e9lien est caract\u00e9ris\u00e9 par des \u00e9changes \u00e9conomiques formels minoritaires et des \u00e9changes informels dominants tissant des relations complexes entre les populations de cet espace, par des flux migratoires en direction de l&rsquo;Europe mais \u00e9galement intra-africains dominants, et par des migrants subsahariens qui s&rsquo;installent d\u00e9sormais dans les pays du Maghreb. Les enjeux g\u00e9ostrat\u00e9giques au niveau de cet espace renvoient \u00e0 des logiques g\u00e9opolitiques divergentes tenant compte de l&rsquo;histoire et des anthropologies culturelles, devant \u00e9viter la vision europ\u00e9ocentr\u00e9e, car le monde depuis qu&rsquo;il est monde a connu diff\u00e9rentes formes de civilisation, comme l&rsquo;ont mis en relief deux ouvrages r\u00e9alis\u00e9s sous ma direction et celle du docteur Camille Sari, sur \u00ab le Maghreb face aux enjeux g\u00e9ostrat\u00e9giques \u00bb (\u00c9ditions Harmattan, Paris 2014\/2015, 2 tomes, 1050 pages). Bien avant et surtout depuis la chute du r\u00e9gime de Kadhafi, le Sahel est l&rsquo;un de ces espaces \u00e9chappant \u00e0 toute autorit\u00e9 centrale, o\u00f9 se sont install\u00e9s groupes arm\u00e9s et contrebandiers. Aussit\u00f4t Kadhafi disparu, des centaines de milliers d&rsquo;armes, dont 15 000 missiles sol-air qui se trouvaient dans les entrep\u00f4ts de l&rsquo;arm\u00e9e libyenne, ont \u00e9quip\u00e9 les rebelles au fur et \u00e0 mesure de leur avanc\u00e9e. Une partie a \u00e9t\u00e9 accapar\u00e9e par diff\u00e9rents groupes qui op\u00e8rent au Sahel, puis par d&rsquo;autres groupes terroristes venus d&rsquo;autres r\u00e9gions. Le probl\u00e8me s&rsquo;est aggrav\u00e9 puisqu&rsquo;existent deux camps qui s&rsquo;opposent, chacun \u00e9tant soutenu par des forces \u00e9trang\u00e8res.<\/p>\n\n\n\n<p>2.- L&rsquo;Afrique est un enjeu majeur du XXIe si\u00e8cle, ce qui explique les convoitises. Les turbulences au niveau du Sahel peuvent provoquer des impacts n\u00e9gatifs sur tout le continent. Dans ce cadre, la plupart des dirigeants de l&rsquo;Europe, des \u00c9tats-Unis d&rsquo;Am\u00e9rique, de la Russie et de la Chine s&rsquo;accordent dor\u00e9navant sur la n\u00e9cessit\u00e9 de coop\u00e9rer davantage face \u00e0 la menace de l&rsquo;ins\u00e9curit\u00e9 et du crime organis\u00e9, insistant sur une coop\u00e9ration \u00e9troite des pays frontaliers du Sahel. L&rsquo;accent doit \u00eatre mis sur l&rsquo;obligation de mettre en application une strat\u00e9gie interr\u00e9gionale qui associe l&rsquo;ensemble des pays de la zone et sur l&rsquo;urgence d&rsquo;une coop\u00e9ration tant africaine que r\u00e9gionale dans la lutte contre la criminalit\u00e9 transnationale. Cela n\u00e9cessite une am\u00e9lioration des bases de donn\u00e9es et de lever les contraintes li\u00e9es au fait que la corruptibilit\u00e9 g\u00e9n\u00e9ralis\u00e9e des institutions p\u00e8se lourdement sur les syst\u00e8mes charg\u00e9s de l&rsquo;application des lois et la justice p\u00e9nale en g\u00e9n\u00e9ral, qui ont des difficult\u00e9s \u00e0 s&rsquo;adapter aux nouveaux d\u00e9fis pos\u00e9s par la sophistication des r\u00e9seaux du crime organis\u00e9. La collaboration inter-juridictionnelle est ralentie par l&rsquo;h\u00e9t\u00e9rog\u00e9n\u00e9it\u00e9 des syst\u00e8mes juridiques. De plus, la porosit\u00e9 des fronti\u00e8res ainsi que la coordination entre un grand nombre d&rsquo;agences charg\u00e9es de la s\u00e9curit\u00e9 aux fronti\u00e8res posent de grands probl\u00e8mes. \u00c0 terme, la strat\u00e9gie vise \u00e0 attirer graduellement les utilisateurs du syst\u00e8me informel vers le r\u00e9seau formel et ainsi isoler les \u00e9l\u00e9ments criminels pour mieux les cibler, tout en diminuant les dommages collat\u00e9raux pour les utilisateurs l\u00e9gitimes.<\/p>\n\n\n\n<p>3.- C&rsquo;est que les nouvelles technologies de l&rsquo;information et de la communication (NTIC) ont des implications au niveau de la gouvernance s\u00e9curitaire, politique, de la gestion des entreprises et des administrations, et un impact \u00e9galement sur notre nouveau mode de vie renvoyant au savoir et \u00e0 l&rsquo;innovation permanente. Politiques, militaires, entrepreneurs, citoyens, nous vivons tous aujourd&rsquo;hui dans une soci\u00e9t\u00e9 de la communication \u00e9lectronique, plurielle et imm\u00e9diate qui nous contraint \u00e0 prendre des d\u00e9cisions en temps r\u00e9el. La ma\u00eetrise du temps \u00e9tant le d\u00e9fi principal du si\u00e8cle, en ce XXIe si\u00e8cle engageant la s\u00e9curit\u00e9 nationale, toute inadaptation \u00e0 ces mutations isolerait encore plus les pays les plus fragiles. Car une Nation n&rsquo;est forte et \u00e9cout\u00e9e que si son \u00e9conomie est forte, existant un lien dialectique entre s\u00e9curit\u00e9 et d\u00e9veloppement : le non-d\u00e9veloppement accro\u00eet l&rsquo;ins\u00e9curit\u00e9 et l&rsquo;ins\u00e9curit\u00e9 freine le d\u00e9veloppement. C&rsquo;est que la solution durable implique une refonte des nouvelles relations internationales nous orientant vers de profondes mutations g\u00e9ostrat\u00e9giques et \u00e9conomiques se fondant sur un monde multipolaire. Cela implique de s&rsquo;attaquer \u00e0 l&rsquo;essence, c&rsquo;est-\u00e0-dire un co-d\u00e9veloppement, et non aux apparences. Car le monde actuel est fortement secou\u00e9 par des crises politiques et \u00e9conomiques \u00e0 r\u00e9p\u00e9tition, source d&rsquo;inqui\u00e9tudes. Le foss\u00e9 entre les riches et les pauvres devient de plus en plus grand et tandis que l&rsquo;\u00e9cart de revenus renforce les in\u00e9galit\u00e9s en mati\u00e8re de richesses, l&rsquo;\u00e9ducation, la sant\u00e9 et la mobilit\u00e9 sociale sont toutes menac\u00e9es, avec des cicatrices profondes, sp\u00e9cialement parmi la jeunesse. Aussi, il y a urgence d&rsquo;un sursaut mondial qui d\u00e9passe les politiques internes, car il y a maintenant un consensus selon lequel la r\u00e9gion (Mena, Proche-Orient, Afrique) et d&rsquo;une mani\u00e8re g\u00e9n\u00e9rale tous les espaces mondiaux sont \u00e0 l&rsquo;or\u00e9e d&rsquo;une p\u00e9riode d&rsquo;incertitude croissante, aux racines ancr\u00e9es dans la polarisation des soci\u00e9t\u00e9s.<\/p>\n\n\n\n<p>4.- Pour sa part, l&rsquo;Alg\u00e9rie, fortement concern\u00e9e par la stabilisation de cet espace sah\u00e9lien face aux nouveaux enjeux g\u00e9ostrat\u00e9giques \u00e0 travers le monde, partage avec la Libye 982 km de fronti\u00e8re, avec le Mali 1329 km, avec la Mauritanie 461 km, avec le Niger 951 km, avec la Tunisie 1010 km et avec le Sahara occidental dont le dossier est au niveau de l&rsquo;ONU, 39 km, soit au total 6511 km. L&rsquo;objectif de l&rsquo;ANP et des forces de s\u00e9curit\u00e9 alg\u00e9riennes est la protection du territoire et \u00e9galement d&rsquo;\u00e9viter une d\u00e9stabilisation qui favoriserait le terrorisme, qui est une menace plan\u00e9taire. Je rappelle que dans une contribution sous ma direction parue en d\u00e9cembre 2011 \u00e0 l&rsquo;Institut fran\u00e7ais des relations internationales IFRI \u00ab l&rsquo;Afrique du Nord face aux enjeux g\u00e9ostrat\u00e9giques \u00bb, j&rsquo;avais soulev\u00e9 certains questionnements, \u00e0 savoir la s\u00e9curit\u00e9 au niveau du Sahel et de l&rsquo;Europe. \u00c0 ce titre, par la suite entre 1999 et 2022, j&rsquo;ai mis particuli\u00e8rement en relief les dangers de la d\u00e9stabilisation de l&rsquo;espace sah\u00e9lien, d\u00e9velopp\u00e9 les liens dialectiques entre tensions g\u00e9ostrat\u00e9giques, s\u00e9curit\u00e9\/d\u00e9veloppement et le r\u00f4le strat\u00e9gique de l&rsquo;ANP et des forces de s\u00e9curit\u00e9 alg\u00e9riennes dans des interviews pour des m\u00e9dias am\u00e9ricains, europ\u00e9ens, chinois, russes, et lors de diff\u00e9rentes conf\u00e9rences devant les ambassadeurs \u00e9trangers accr\u00e9dit\u00e9s \u00e0 Alger, devant les cadres de la DGSN, de l&rsquo;\u00c9cole sup\u00e9rieure de Guerre, de l&rsquo;Institut de documentation et de prospective IMDEP et de l&rsquo;\u00c9tat-major de la gendarmerie nationale relevant du MDN.<\/p>\n\n\n\n<p>A.M.<\/p>\n","protected":false},"excerpt":{"rendered":"<p>Par&nbsp;Abderrahmane Mebtoul&nbsp; Professeur des universit\u00e9s, expert international&nbsp; L&rsquo;Afrique est un enjeu majeur du XXIe si\u00e8cle, ce qui explique les convoitises.<\/p>\n","protected":false},"author":6,"featured_media":7876,"comment_status":"open","ping_status":"closed","sticky":false,"template":"","format":"standard","meta":{"colormag_page_container_layout":"default_layout","colormag_page_sidebar_layout":"default_layout","om_disable_all_campaigns":false,"_monsterinsights_skip_tracking":false,"_monsterinsights_sitenote_active":false,"_monsterinsights_sitenote_note":"","_monsterinsights_sitenote_category":0,"footnotes":"","_wpscppro_dont_share_socialmedia":false,"_wpscppro_custom_social_share_image":0,"_facebook_share_type":"default","_twitter_share_type":"default","_linkedin_share_type":"default","_pinterest_share_type":"default","_linkedin_share_type_page":"","_instagram_share_type":"default","_medium_share_type":"default","_threads_share_type":"default","_google_business_share_type":"default","_selected_social_profile":[],"_wpsp_enable_custom_social_template":false,"_wpsp_social_scheduling":{"enabled":false,"datetime":null,"platforms":[],"status":"template_only","dateOption":"today","timeOption":"now","customDays":"","customHours":"","customDate":"","customTime":"","schedulingType":"absolute"},"_wpsp_active_default_template":true},"categories":[56,38],"tags":[],"class_list":["post-80311","post","type-post","status-publish","format-standard","has-post-thumbnail","hentry","category-contribution","category-debats"],"aioseo_notices":[],"yoast_head":"<!-- This site is optimized with the Yoast SEO plugin v27.5 - https:\/\/yoast.com\/product\/yoast-seo-wordpress\/ -->\n<title>Interf\u00e9rences \u00e9trang\u00e8res et d\u00e9stabilisation de la r\u00e9gion sah\u00e9lienne - La Sentinelle<\/title>\n<meta name=\"robots\" content=\"index, follow, max-snippet:-1, max-image-preview:large, max-video-preview:-1\" \/>\n<link rel=\"canonical\" href=\"https:\/\/lasentinelle.dz\/index.php\/2026\/01\/29\/interferences-etrangeres-et-destabilisation-de-la-region-sahelienne\/\" \/>\n<meta property=\"og:locale\" content=\"fr_FR\" \/>\n<meta property=\"og:type\" content=\"article\" \/>\n<meta property=\"og:title\" content=\"Interf\u00e9rences \u00e9trang\u00e8res et d\u00e9stabilisation de la r\u00e9gion sah\u00e9lienne - La Sentinelle\" \/>\n<meta property=\"og:description\" content=\"Par&nbsp;Abderrahmane Mebtoul&nbsp; Professeur des universit\u00e9s, expert international&nbsp; L&rsquo;Afrique est un enjeu majeur du XXIe si\u00e8cle, ce qui explique les convoitises.\" \/>\n<meta property=\"og:url\" content=\"https:\/\/lasentinelle.dz\/index.php\/2026\/01\/29\/interferences-etrangeres-et-destabilisation-de-la-region-sahelienne\/\" \/>\n<meta property=\"og:site_name\" content=\"La Sentinelle\" \/>\n<meta property=\"article:publisher\" content=\"https:\/\/www.facebook.com\/La-Sentinelle-104059864394773\" \/>\n<meta property=\"article:published_time\" content=\"2026-01-29T10:47:26+00:00\" \/>\n<meta property=\"article:modified_time\" content=\"2026-01-31T10:48:06+00:00\" \/>\n<meta property=\"og:image\" content=\"https:\/\/lasentinelle.dz\/wp-content\/uploads\/2021\/09\/contribution.png\" \/>\n\t<meta property=\"og:image:width\" content=\"1600\" \/>\n\t<meta property=\"og:image:height\" content=\"900\" \/>\n\t<meta property=\"og:image:type\" content=\"image\/png\" \/>\n<meta name=\"author\" content=\"admin\" \/>\n<meta name=\"twitter:card\" content=\"summary_large_image\" \/>\n<meta name=\"twitter:label1\" content=\"\u00c9crit par\" \/>\n\t<meta name=\"twitter:data1\" content=\"admin\" \/>\n\t<meta name=\"twitter:label2\" content=\"Dur\u00e9e de lecture estim\u00e9e\" \/>\n\t<meta name=\"twitter:data2\" content=\"6 minutes\" \/>\n<script type=\"application\/ld+json\" class=\"yoast-schema-graph\">{\"@context\":\"https:\\\/\\\/schema.org\",\"@graph\":[{\"@type\":\"Article\",\"@id\":\"https:\\\/\\\/lasentinelle.dz\\\/index.php\\\/2026\\\/01\\\/29\\\/interferences-etrangeres-et-destabilisation-de-la-region-sahelienne\\\/#article\",\"isPartOf\":{\"@id\":\"https:\\\/\\\/lasentinelle.dz\\\/index.php\\\/2026\\\/01\\\/29\\\/interferences-etrangeres-et-destabilisation-de-la-region-sahelienne\\\/\"},\"author\":{\"name\":\"admin\",\"@id\":\"https:\\\/\\\/lasentinelle.dz\\\/#\\\/schema\\\/person\\\/729ee0024f24e0b8c5ec17232f8e8b41\"},\"headline\":\"Interf\u00e9rences \u00e9trang\u00e8res et d\u00e9stabilisation de la r\u00e9gion sah\u00e9lienne\",\"datePublished\":\"2026-01-29T10:47:26+00:00\",\"dateModified\":\"2026-01-31T10:48:06+00:00\",\"mainEntityOfPage\":{\"@id\":\"https:\\\/\\\/lasentinelle.dz\\\/index.php\\\/2026\\\/01\\\/29\\\/interferences-etrangeres-et-destabilisation-de-la-region-sahelienne\\\/\"},\"wordCount\":1341,\"commentCount\":0,\"publisher\":{\"@id\":\"https:\\\/\\\/lasentinelle.dz\\\/#organization\"},\"image\":{\"@id\":\"https:\\\/\\\/lasentinelle.dz\\\/index.php\\\/2026\\\/01\\\/29\\\/interferences-etrangeres-et-destabilisation-de-la-region-sahelienne\\\/#primaryimage\"},\"thumbnailUrl\":\"https:\\\/\\\/lasentinelle.dz\\\/wp-content\\\/uploads\\\/2021\\\/09\\\/contribution.png\",\"articleSection\":[\"Contribution\",\"D\u00e9bats\"],\"inLanguage\":\"fr-FR\",\"potentialAction\":[{\"@type\":\"CommentAction\",\"name\":\"Comment\",\"target\":[\"https:\\\/\\\/lasentinelle.dz\\\/index.php\\\/2026\\\/01\\\/29\\\/interferences-etrangeres-et-destabilisation-de-la-region-sahelienne\\\/#respond\"]}]},{\"@type\":\"WebPage\",\"@id\":\"https:\\\/\\\/lasentinelle.dz\\\/index.php\\\/2026\\\/01\\\/29\\\/interferences-etrangeres-et-destabilisation-de-la-region-sahelienne\\\/\",\"url\":\"https:\\\/\\\/lasentinelle.dz\\\/index.php\\\/2026\\\/01\\\/29\\\/interferences-etrangeres-et-destabilisation-de-la-region-sahelienne\\\/\",\"name\":\"Interf\u00e9rences \u00e9trang\u00e8res et d\u00e9stabilisation de la r\u00e9gion sah\u00e9lienne - La Sentinelle\",\"isPartOf\":{\"@id\":\"https:\\\/\\\/lasentinelle.dz\\\/#website\"},\"primaryImageOfPage\":{\"@id\":\"https:\\\/\\\/lasentinelle.dz\\\/index.php\\\/2026\\\/01\\\/29\\\/interferences-etrangeres-et-destabilisation-de-la-region-sahelienne\\\/#primaryimage\"},\"image\":{\"@id\":\"https:\\\/\\\/lasentinelle.dz\\\/index.php\\\/2026\\\/01\\\/29\\\/interferences-etrangeres-et-destabilisation-de-la-region-sahelienne\\\/#primaryimage\"},\"thumbnailUrl\":\"https:\\\/\\\/lasentinelle.dz\\\/wp-content\\\/uploads\\\/2021\\\/09\\\/contribution.png\",\"datePublished\":\"2026-01-29T10:47:26+00:00\",\"dateModified\":\"2026-01-31T10:48:06+00:00\",\"breadcrumb\":{\"@id\":\"https:\\\/\\\/lasentinelle.dz\\\/index.php\\\/2026\\\/01\\\/29\\\/interferences-etrangeres-et-destabilisation-de-la-region-sahelienne\\\/#breadcrumb\"},\"inLanguage\":\"fr-FR\",\"potentialAction\":[{\"@type\":\"ReadAction\",\"target\":[\"https:\\\/\\\/lasentinelle.dz\\\/index.php\\\/2026\\\/01\\\/29\\\/interferences-etrangeres-et-destabilisation-de-la-region-sahelienne\\\/\"]}]},{\"@type\":\"ImageObject\",\"inLanguage\":\"fr-FR\",\"@id\":\"https:\\\/\\\/lasentinelle.dz\\\/index.php\\\/2026\\\/01\\\/29\\\/interferences-etrangeres-et-destabilisation-de-la-region-sahelienne\\\/#primaryimage\",\"url\":\"https:\\\/\\\/lasentinelle.dz\\\/wp-content\\\/uploads\\\/2021\\\/09\\\/contribution.png\",\"contentUrl\":\"https:\\\/\\\/lasentinelle.dz\\\/wp-content\\\/uploads\\\/2021\\\/09\\\/contribution.png\",\"width\":1600,\"height\":900},{\"@type\":\"BreadcrumbList\",\"@id\":\"https:\\\/\\\/lasentinelle.dz\\\/index.php\\\/2026\\\/01\\\/29\\\/interferences-etrangeres-et-destabilisation-de-la-region-sahelienne\\\/#breadcrumb\",\"itemListElement\":[{\"@type\":\"ListItem\",\"position\":1,\"name\":\"Accueil\",\"item\":\"https:\\\/\\\/lasentinelle.dz\\\/\"},{\"@type\":\"ListItem\",\"position\":2,\"name\":\"Interf\u00e9rences \u00e9trang\u00e8res et d\u00e9stabilisation de la r\u00e9gion sah\u00e9lienne\"}]},{\"@type\":\"WebSite\",\"@id\":\"https:\\\/\\\/lasentinelle.dz\\\/#website\",\"url\":\"https:\\\/\\\/lasentinelle.dz\\\/\",\"name\":\"La Sentinelle\",\"description\":\"Quotidien national d&#039;information\",\"publisher\":{\"@id\":\"https:\\\/\\\/lasentinelle.dz\\\/#organization\"},\"potentialAction\":[{\"@type\":\"SearchAction\",\"target\":{\"@type\":\"EntryPoint\",\"urlTemplate\":\"https:\\\/\\\/lasentinelle.dz\\\/?s={search_term_string}\"},\"query-input\":{\"@type\":\"PropertyValueSpecification\",\"valueRequired\":true,\"valueName\":\"search_term_string\"}}],\"inLanguage\":\"fr-FR\"},{\"@type\":\"Organization\",\"@id\":\"https:\\\/\\\/lasentinelle.dz\\\/#organization\",\"name\":\"Quotidien La Sentinelle\",\"url\":\"https:\\\/\\\/lasentinelle.dz\\\/\",\"logo\":{\"@type\":\"ImageObject\",\"inLanguage\":\"fr-FR\",\"@id\":\"https:\\\/\\\/lasentinelle.dz\\\/#\\\/schema\\\/logo\\\/image\\\/\",\"url\":\"https:\\\/\\\/lasentinelle.dz\\\/wp-content\\\/uploads\\\/2021\\\/09\\\/logo-sentinelleSLOGAN-1.png\",\"contentUrl\":\"https:\\\/\\\/lasentinelle.dz\\\/wp-content\\\/uploads\\\/2021\\\/09\\\/logo-sentinelleSLOGAN-1.png\",\"width\":615,\"height\":142,\"caption\":\"Quotidien La Sentinelle\"},\"image\":{\"@id\":\"https:\\\/\\\/lasentinelle.dz\\\/#\\\/schema\\\/logo\\\/image\\\/\"},\"sameAs\":[\"https:\\\/\\\/www.facebook.com\\\/La-Sentinelle-104059864394773\"]},{\"@type\":\"Person\",\"@id\":\"https:\\\/\\\/lasentinelle.dz\\\/#\\\/schema\\\/person\\\/729ee0024f24e0b8c5ec17232f8e8b41\",\"name\":\"admin\",\"image\":{\"@type\":\"ImageObject\",\"inLanguage\":\"fr-FR\",\"@id\":\"https:\\\/\\\/secure.gravatar.com\\\/avatar\\\/4c81fed838786e9b53f540bf46533e750f5d292099ae3b66cfc6fb1982e29df7?s=96&d=mm&r=g\",\"url\":\"https:\\\/\\\/secure.gravatar.com\\\/avatar\\\/4c81fed838786e9b53f540bf46533e750f5d292099ae3b66cfc6fb1982e29df7?s=96&d=mm&r=g\",\"contentUrl\":\"https:\\\/\\\/secure.gravatar.com\\\/avatar\\\/4c81fed838786e9b53f540bf46533e750f5d292099ae3b66cfc6fb1982e29df7?s=96&d=mm&r=g\",\"caption\":\"admin\"},\"description\":\"admin\",\"url\":\"https:\\\/\\\/lasentinelle.dz\\\/author\\\/admin\\\/\"}]}<\/script>\n<!-- \/ Yoast SEO plugin. -->","yoast_head_json":{"title":"Interf\u00e9rences \u00e9trang\u00e8res et d\u00e9stabilisation de la r\u00e9gion sah\u00e9lienne - La Sentinelle","robots":{"index":"index","follow":"follow","max-snippet":"max-snippet:-1","max-image-preview":"max-image-preview:large","max-video-preview":"max-video-preview:-1"},"canonical":"https:\/\/lasentinelle.dz\/index.php\/2026\/01\/29\/interferences-etrangeres-et-destabilisation-de-la-region-sahelienne\/","og_locale":"fr_FR","og_type":"article","og_title":"Interf\u00e9rences \u00e9trang\u00e8res et d\u00e9stabilisation de la r\u00e9gion sah\u00e9lienne - La Sentinelle","og_description":"Par&nbsp;Abderrahmane Mebtoul&nbsp; Professeur des universit\u00e9s, expert international&nbsp; L&rsquo;Afrique est un enjeu majeur du XXIe si\u00e8cle, ce qui explique les convoitises.","og_url":"https:\/\/lasentinelle.dz\/index.php\/2026\/01\/29\/interferences-etrangeres-et-destabilisation-de-la-region-sahelienne\/","og_site_name":"La Sentinelle","article_publisher":"https:\/\/www.facebook.com\/La-Sentinelle-104059864394773","article_published_time":"2026-01-29T10:47:26+00:00","article_modified_time":"2026-01-31T10:48:06+00:00","og_image":[{"width":1600,"height":900,"url":"https:\/\/lasentinelle.dz\/wp-content\/uploads\/2021\/09\/contribution.png","type":"image\/png"}],"author":"admin","twitter_card":"summary_large_image","twitter_misc":{"\u00c9crit par":"admin","Dur\u00e9e de lecture estim\u00e9e":"6 minutes"},"schema":{"@context":"https:\/\/schema.org","@graph":[{"@type":"Article","@id":"https:\/\/lasentinelle.dz\/index.php\/2026\/01\/29\/interferences-etrangeres-et-destabilisation-de-la-region-sahelienne\/#article","isPartOf":{"@id":"https:\/\/lasentinelle.dz\/index.php\/2026\/01\/29\/interferences-etrangeres-et-destabilisation-de-la-region-sahelienne\/"},"author":{"name":"admin","@id":"https:\/\/lasentinelle.dz\/#\/schema\/person\/729ee0024f24e0b8c5ec17232f8e8b41"},"headline":"Interf\u00e9rences \u00e9trang\u00e8res et d\u00e9stabilisation de la r\u00e9gion sah\u00e9lienne","datePublished":"2026-01-29T10:47:26+00:00","dateModified":"2026-01-31T10:48:06+00:00","mainEntityOfPage":{"@id":"https:\/\/lasentinelle.dz\/index.php\/2026\/01\/29\/interferences-etrangeres-et-destabilisation-de-la-region-sahelienne\/"},"wordCount":1341,"commentCount":0,"publisher":{"@id":"https:\/\/lasentinelle.dz\/#organization"},"image":{"@id":"https:\/\/lasentinelle.dz\/index.php\/2026\/01\/29\/interferences-etrangeres-et-destabilisation-de-la-region-sahelienne\/#primaryimage"},"thumbnailUrl":"https:\/\/lasentinelle.dz\/wp-content\/uploads\/2021\/09\/contribution.png","articleSection":["Contribution","D\u00e9bats"],"inLanguage":"fr-FR","potentialAction":[{"@type":"CommentAction","name":"Comment","target":["https:\/\/lasentinelle.dz\/index.php\/2026\/01\/29\/interferences-etrangeres-et-destabilisation-de-la-region-sahelienne\/#respond"]}]},{"@type":"WebPage","@id":"https:\/\/lasentinelle.dz\/index.php\/2026\/01\/29\/interferences-etrangeres-et-destabilisation-de-la-region-sahelienne\/","url":"https:\/\/lasentinelle.dz\/index.php\/2026\/01\/29\/interferences-etrangeres-et-destabilisation-de-la-region-sahelienne\/","name":"Interf\u00e9rences \u00e9trang\u00e8res et d\u00e9stabilisation de la r\u00e9gion sah\u00e9lienne - La Sentinelle","isPartOf":{"@id":"https:\/\/lasentinelle.dz\/#website"},"primaryImageOfPage":{"@id":"https:\/\/lasentinelle.dz\/index.php\/2026\/01\/29\/interferences-etrangeres-et-destabilisation-de-la-region-sahelienne\/#primaryimage"},"image":{"@id":"https:\/\/lasentinelle.dz\/index.php\/2026\/01\/29\/interferences-etrangeres-et-destabilisation-de-la-region-sahelienne\/#primaryimage"},"thumbnailUrl":"https:\/\/lasentinelle.dz\/wp-content\/uploads\/2021\/09\/contribution.png","datePublished":"2026-01-29T10:47:26+00:00","dateModified":"2026-01-31T10:48:06+00:00","breadcrumb":{"@id":"https:\/\/lasentinelle.dz\/index.php\/2026\/01\/29\/interferences-etrangeres-et-destabilisation-de-la-region-sahelienne\/#breadcrumb"},"inLanguage":"fr-FR","potentialAction":[{"@type":"ReadAction","target":["https:\/\/lasentinelle.dz\/index.php\/2026\/01\/29\/interferences-etrangeres-et-destabilisation-de-la-region-sahelienne\/"]}]},{"@type":"ImageObject","inLanguage":"fr-FR","@id":"https:\/\/lasentinelle.dz\/index.php\/2026\/01\/29\/interferences-etrangeres-et-destabilisation-de-la-region-sahelienne\/#primaryimage","url":"https:\/\/lasentinelle.dz\/wp-content\/uploads\/2021\/09\/contribution.png","contentUrl":"https:\/\/lasentinelle.dz\/wp-content\/uploads\/2021\/09\/contribution.png","width":1600,"height":900},{"@type":"BreadcrumbList","@id":"https:\/\/lasentinelle.dz\/index.php\/2026\/01\/29\/interferences-etrangeres-et-destabilisation-de-la-region-sahelienne\/#breadcrumb","itemListElement":[{"@type":"ListItem","position":1,"name":"Accueil","item":"https:\/\/lasentinelle.dz\/"},{"@type":"ListItem","position":2,"name":"Interf\u00e9rences \u00e9trang\u00e8res et d\u00e9stabilisation de la r\u00e9gion sah\u00e9lienne"}]},{"@type":"WebSite","@id":"https:\/\/lasentinelle.dz\/#website","url":"https:\/\/lasentinelle.dz\/","name":"La Sentinelle","description":"Quotidien national d&#039;information","publisher":{"@id":"https:\/\/lasentinelle.dz\/#organization"},"potentialAction":[{"@type":"SearchAction","target":{"@type":"EntryPoint","urlTemplate":"https:\/\/lasentinelle.dz\/?s={search_term_string}"},"query-input":{"@type":"PropertyValueSpecification","valueRequired":true,"valueName":"search_term_string"}}],"inLanguage":"fr-FR"},{"@type":"Organization","@id":"https:\/\/lasentinelle.dz\/#organization","name":"Quotidien La Sentinelle","url":"https:\/\/lasentinelle.dz\/","logo":{"@type":"ImageObject","inLanguage":"fr-FR","@id":"https:\/\/lasentinelle.dz\/#\/schema\/logo\/image\/","url":"https:\/\/lasentinelle.dz\/wp-content\/uploads\/2021\/09\/logo-sentinelleSLOGAN-1.png","contentUrl":"https:\/\/lasentinelle.dz\/wp-content\/uploads\/2021\/09\/logo-sentinelleSLOGAN-1.png","width":615,"height":142,"caption":"Quotidien La Sentinelle"},"image":{"@id":"https:\/\/lasentinelle.dz\/#\/schema\/logo\/image\/"},"sameAs":["https:\/\/www.facebook.com\/La-Sentinelle-104059864394773"]},{"@type":"Person","@id":"https:\/\/lasentinelle.dz\/#\/schema\/person\/729ee0024f24e0b8c5ec17232f8e8b41","name":"admin","image":{"@type":"ImageObject","inLanguage":"fr-FR","@id":"https:\/\/secure.gravatar.com\/avatar\/4c81fed838786e9b53f540bf46533e750f5d292099ae3b66cfc6fb1982e29df7?s=96&d=mm&r=g","url":"https:\/\/secure.gravatar.com\/avatar\/4c81fed838786e9b53f540bf46533e750f5d292099ae3b66cfc6fb1982e29df7?s=96&d=mm&r=g","contentUrl":"https:\/\/secure.gravatar.com\/avatar\/4c81fed838786e9b53f540bf46533e750f5d292099ae3b66cfc6fb1982e29df7?s=96&d=mm&r=g","caption":"admin"},"description":"admin","url":"https:\/\/lasentinelle.dz\/author\/admin\/"}]}},"_links":{"self":[{"href":"https:\/\/lasentinelle.dz\/index.php\/wp-json\/wp\/v2\/posts\/80311","targetHints":{"allow":["GET"]}}],"collection":[{"href":"https:\/\/lasentinelle.dz\/index.php\/wp-json\/wp\/v2\/posts"}],"about":[{"href":"https:\/\/lasentinelle.dz\/index.php\/wp-json\/wp\/v2\/types\/post"}],"author":[{"embeddable":true,"href":"https:\/\/lasentinelle.dz\/index.php\/wp-json\/wp\/v2\/users\/6"}],"replies":[{"embeddable":true,"href":"https:\/\/lasentinelle.dz\/index.php\/wp-json\/wp\/v2\/comments?post=80311"}],"version-history":[{"count":1,"href":"https:\/\/lasentinelle.dz\/index.php\/wp-json\/wp\/v2\/posts\/80311\/revisions"}],"predecessor-version":[{"id":80312,"href":"https:\/\/lasentinelle.dz\/index.php\/wp-json\/wp\/v2\/posts\/80311\/revisions\/80312"}],"wp:featuredmedia":[{"embeddable":true,"href":"https:\/\/lasentinelle.dz\/index.php\/wp-json\/wp\/v2\/media\/7876"}],"wp:attachment":[{"href":"https:\/\/lasentinelle.dz\/index.php\/wp-json\/wp\/v2\/media?parent=80311"}],"wp:term":[{"taxonomy":"category","embeddable":true,"href":"https:\/\/lasentinelle.dz\/index.php\/wp-json\/wp\/v2\/categories?post=80311"},{"taxonomy":"post_tag","embeddable":true,"href":"https:\/\/lasentinelle.dz\/index.php\/wp-json\/wp\/v2\/tags?post=80311"}],"curies":[{"name":"wp","href":"https:\/\/api.w.org\/{rel}","templated":true}]}}