{"id":80313,"date":"2026-01-29T11:48:17","date_gmt":"2026-01-29T10:48:17","guid":{"rendered":"https:\/\/lasentinelle.dz\/?p=80313"},"modified":"2026-01-31T11:50:37","modified_gmt":"2026-01-31T10:50:37","slug":"annaba-batimex-un-carrefour-dechanges-et-dopportunites","status":"publish","type":"post","link":"https:\/\/lasentinelle.dz\/index.php\/2026\/01\/29\/annaba-batimex-un-carrefour-dechanges-et-dopportunites\/","title":{"rendered":"Annaba\u00a0:\u00a0\u00ab\u00a0Batimex\u00a0\u00bb, un carrefour d&rsquo;\u00e9changes et d&rsquo;opportunit\u00e9s"},"content":{"rendered":"\n<p>La 5e \u00e9dition du salon international \u00ab\u00a0Batimex\u00a0\u00bbs\u2019est ouverte mercredi au Sheraton Annaba.&nbsp;L&rsquo;\u00e9v\u00e9nement s&rsquo;impose d\u00e9sormais comme l&rsquo;un des rendez-vous majeurs du secteur du b\u00e2timent et des mat\u00e9riaux de construction \u00e0 l&rsquo;\u00e9chelle nationale et continentale.&nbsp;&nbsp;L&rsquo;\u00e9v\u00e9nement, qui se tiendra jusqu&rsquo;au 31 janvier en cours, s&rsquo;inscrit dans une dynamique de promotion des m\u00e9tiers du b\u00e2timent et de valorisation des solutions innovantes, faisant ainsi de la wilaya d&rsquo;Annaba la capitale du b\u00e2timent. En plus des 10 000 visiteurs attendus \u00e0 ce salon organis\u00e9 par \u00ab Eleven Event \u00bb, plus de 100 exposants repr\u00e9sentant plus de 40 fili\u00e8res ont \u00e9t\u00e9 pr\u00e9sents \u00e0 cette \u00e9dition. Celle-ci a \u00e9t\u00e9 marqu\u00e9e par la pr\u00e9sence de professionnels du b\u00e2timent et des travaux publics (BTP) venus d\u00e9couvrir les innovations qui dessinent l&rsquo;avenir de la construction. Le salon a r\u00e9uni des entreprises nationales et internationales, des industriels, des bureaux d&rsquo;\u00e9tudes, ainsi que des acteurs \u00e9conomiques sp\u00e9cialis\u00e9s dans la construction, l&rsquo;am\u00e9nagement et les mat\u00e9riaux de construction. Ont \u00e9galement \u00e9t\u00e9 pr\u00e9sents des sp\u00e9cialistes de l&rsquo;ing\u00e9nierie et de l&rsquo;\u00e9quipement. En somme, toute la cha\u00eene de valeur du b\u00e2timent \u00e9tait repr\u00e9sent\u00e9e dans cet espace qui se veut \u00eatre un carrefour d&rsquo;\u00e9changes, d&rsquo;opportunit\u00e9s et de partenariats. Cette 5\u00e8me \u00e9dition s&rsquo;est distingu\u00e9e cette ann\u00e9e par le lancement de \u00ab\u00a0Bati Days\u00a0\u00bb, une plateforme scientifique qui propose plus de 30 conf\u00e9rences et symposiums, anim\u00e9s par des experts nationaux et internationaux. Autre axe majeur de cet \u00e9v\u00e9nement : la durabilit\u00e9, les technologies intelligentes dans le secteur du b\u00e2timent et l&rsquo;export vers l&rsquo;Afrique. R\u00e9solument ouverte sur l&rsquo;Afrique, l&rsquo;\u00e9dition de cette ann\u00e9e a \u00e9galement mis en avant la plateforme \u00ab\u00a0Bati Africa\u00a0\u00bb, d\u00e9di\u00e9e aux rencontres B2B (\u00e9changes entre entreprises) et \u00e0 l&rsquo;exportation des produits alg\u00e9riens vers les march\u00e9s africains. D&rsquo;ailleurs, des d\u00e9l\u00e9gations officielles et diplomatiques de plusieurs pays, dont le Mozambique, le Nigeria, la C\u00f4te d&rsquo;Ivoire, la Tanzanie, le S\u00e9n\u00e9gal et l&rsquo;\u00c9gypte, ont \u00e9t\u00e9 annonc\u00e9es. Soutenu par de prestigieux partenaires institutionnels et professionnels, Batimex 2026 s&rsquo;annonce comme un \u00e9v\u00e9nement phare pour accompagner le d\u00e9veloppement urbain et industriel du pays. En conclusion, cette \u00e9dition ambitionne d&rsquo;offrir une plateforme d&rsquo;\u00e9changes et de partenariats, favorisant le partage d&rsquo;expertises, la pr\u00e9sentation des derni\u00e8res innovations technologiques et la mise en relation entre professionnels du secteur. Elle constitue \u00e9galement une opportunit\u00e9 pour les op\u00e9rateurs \u00e9conomiques de d\u00e9couvrir les nouvelles tendances du march\u00e9 et de renforcer leur pr\u00e9sence dans un secteur en constante \u00e9volution. \u00c0 travers BATIMEX, les organisateurs entendent contribuer au d\u00e9veloppement du tissu \u00e9conomique local et national, tout en accompagnant la modernisation du secteur du BTP en Alg\u00e9rie. Le salon s&rsquo;impose ainsi comme un espace privil\u00e9gi\u00e9 de dialogue, de visibilit\u00e9 et de coop\u00e9ration entre les diff\u00e9rents acteurs de la cha\u00eene de valeur du b\u00e2timent et de l&rsquo;am\u00e9nagement. Organis\u00e9 sous le haut patronage d&rsquo;Abdelkader Laamouri, wali d&rsquo;Annaba, le salon international \u00ab\u00a0Batimex\u00a0\u00bb s&rsquo;impose d\u00e9sormais comme l&rsquo;un des rendez-vous majeurs du secteur du b\u00e2timent en Alg\u00e9rie et en Afrique.<\/p>\n\n\n\n<p><strong>Sofia Chahine<\/strong><\/p>\n","protected":false},"excerpt":{"rendered":"<p>La 5e \u00e9dition du salon international \u00ab\u00a0Batimex\u00a0\u00bbs\u2019est ouverte mercredi au Sheraton Annaba.&nbsp;L&rsquo;\u00e9v\u00e9nement s&rsquo;impose d\u00e9sormais comme l&rsquo;un des rendez-vous majeurs du<\/p>\n","protected":false},"author":6,"featured_media":80314,"comment_status":"open","ping_status":"closed","sticky":false,"template":"","format":"standard","meta":{"colormag_page_container_layout":"default_layout","colormag_page_sidebar_layout":"default_layout","om_disable_all_campaigns":false,"_monsterinsights_skip_tracking":false,"_monsterinsights_sitenote_active":false,"_monsterinsights_sitenote_note":"","_monsterinsights_sitenote_category":0,"footnotes":"","_wpscppro_dont_share_socialmedia":false,"_wpscppro_custom_social_share_image":0,"_facebook_share_type":"default","_twitter_share_type":"default","_linkedin_share_type":"default","_pinterest_share_type":"default","_linkedin_share_type_page":"","_instagram_share_type":"default","_medium_share_type":"default","_threads_share_type":"default","_google_business_share_type":"default","_selected_social_profile":[],"_wpsp_enable_custom_social_template":false,"_wpsp_social_scheduling":{"enabled":false,"datetime":null,"platforms":[],"status":"template_only","dateOption":"today","timeOption":"now","customDays":"","customHours":"","customDate":"","customTime":"","schedulingType":"absolute"},"_wpsp_active_default_template":true},"categories":[31],"tags":[],"class_list":["post-80313","post","type-post","status-publish","format-standard","has-post-thumbnail","hentry","category-regions"],"aioseo_notices":[],"yoast_head":"<!-- This site is optimized with the Yoast SEO plugin v27.5 - https:\/\/yoast.com\/product\/yoast-seo-wordpress\/ -->\n<title>Annaba\u00a0:\u00a0\u00ab\u00a0Batimex\u00a0\u00bb, un carrefour d&rsquo;\u00e9changes et d&rsquo;opportunit\u00e9s - La Sentinelle<\/title>\n<meta name=\"robots\" content=\"index, follow, max-snippet:-1, max-image-preview:large, max-video-preview:-1\" \/>\n<link rel=\"canonical\" href=\"https:\/\/lasentinelle.dz\/index.php\/2026\/01\/29\/annaba-batimex-un-carrefour-dechanges-et-dopportunites\/\" \/>\n<meta property=\"og:locale\" content=\"fr_FR\" \/>\n<meta property=\"og:type\" content=\"article\" \/>\n<meta property=\"og:title\" content=\"Annaba\u00a0:\u00a0\u00ab\u00a0Batimex\u00a0\u00bb, un carrefour d&rsquo;\u00e9changes et d&rsquo;opportunit\u00e9s - La Sentinelle\" \/>\n<meta property=\"og:description\" content=\"La 5e \u00e9dition du salon international \u00ab\u00a0Batimex\u00a0\u00bbs\u2019est ouverte mercredi au Sheraton Annaba.&nbsp;L&rsquo;\u00e9v\u00e9nement s&rsquo;impose d\u00e9sormais comme l&rsquo;un des rendez-vous majeurs du\" \/>\n<meta property=\"og:url\" content=\"https:\/\/lasentinelle.dz\/index.php\/2026\/01\/29\/annaba-batimex-un-carrefour-dechanges-et-dopportunites\/\" \/>\n<meta property=\"og:site_name\" content=\"La Sentinelle\" \/>\n<meta property=\"article:publisher\" content=\"https:\/\/www.facebook.com\/La-Sentinelle-104059864394773\" \/>\n<meta property=\"article:published_time\" content=\"2026-01-29T10:48:17+00:00\" \/>\n<meta property=\"article:modified_time\" content=\"2026-01-31T10:50:37+00:00\" \/>\n<meta property=\"og:image\" content=\"https:\/\/lasentinelle.dz\/wp-content\/uploads\/2026\/01\/batimex.webp\" \/>\n\t<meta property=\"og:image:width\" content=\"526\" \/>\n\t<meta property=\"og:image:height\" content=\"526\" \/>\n\t<meta property=\"og:image:type\" content=\"image\/webp\" \/>\n<meta name=\"author\" content=\"admin\" \/>\n<meta name=\"twitter:card\" content=\"summary_large_image\" \/>\n<meta name=\"twitter:label1\" content=\"\u00c9crit par\" \/>\n\t<meta name=\"twitter:data1\" content=\"admin\" \/>\n\t<meta name=\"twitter:label2\" content=\"Dur\u00e9e de lecture estim\u00e9e\" \/>\n\t<meta name=\"twitter:data2\" content=\"3 minutes\" \/>\n<script type=\"application\/ld+json\" class=\"yoast-schema-graph\">{\"@context\":\"https:\\\/\\\/schema.org\",\"@graph\":[{\"@type\":\"Article\",\"@id\":\"https:\\\/\\\/lasentinelle.dz\\\/index.php\\\/2026\\\/01\\\/29\\\/annaba-batimex-un-carrefour-dechanges-et-dopportunites\\\/#article\",\"isPartOf\":{\"@id\":\"https:\\\/\\\/lasentinelle.dz\\\/index.php\\\/2026\\\/01\\\/29\\\/annaba-batimex-un-carrefour-dechanges-et-dopportunites\\\/\"},\"author\":{\"name\":\"admin\",\"@id\":\"https:\\\/\\\/lasentinelle.dz\\\/#\\\/schema\\\/person\\\/729ee0024f24e0b8c5ec17232f8e8b41\"},\"headline\":\"Annaba\u00a0:\u00a0\u00ab\u00a0Batimex\u00a0\u00bb, un carrefour d&rsquo;\u00e9changes et d&rsquo;opportunit\u00e9s\",\"datePublished\":\"2026-01-29T10:48:17+00:00\",\"dateModified\":\"2026-01-31T10:50:37+00:00\",\"mainEntityOfPage\":{\"@id\":\"https:\\\/\\\/lasentinelle.dz\\\/index.php\\\/2026\\\/01\\\/29\\\/annaba-batimex-un-carrefour-dechanges-et-dopportunites\\\/\"},\"wordCount\":572,\"commentCount\":0,\"publisher\":{\"@id\":\"https:\\\/\\\/lasentinelle.dz\\\/#organization\"},\"image\":{\"@id\":\"https:\\\/\\\/lasentinelle.dz\\\/index.php\\\/2026\\\/01\\\/29\\\/annaba-batimex-un-carrefour-dechanges-et-dopportunites\\\/#primaryimage\"},\"thumbnailUrl\":\"https:\\\/\\\/lasentinelle.dz\\\/wp-content\\\/uploads\\\/2026\\\/01\\\/batimex.webp\",\"articleSection\":[\"R\u00e9gions\"],\"inLanguage\":\"fr-FR\",\"potentialAction\":[{\"@type\":\"CommentAction\",\"name\":\"Comment\",\"target\":[\"https:\\\/\\\/lasentinelle.dz\\\/index.php\\\/2026\\\/01\\\/29\\\/annaba-batimex-un-carrefour-dechanges-et-dopportunites\\\/#respond\"]}]},{\"@type\":\"WebPage\",\"@id\":\"https:\\\/\\\/lasentinelle.dz\\\/index.php\\\/2026\\\/01\\\/29\\\/annaba-batimex-un-carrefour-dechanges-et-dopportunites\\\/\",\"url\":\"https:\\\/\\\/lasentinelle.dz\\\/index.php\\\/2026\\\/01\\\/29\\\/annaba-batimex-un-carrefour-dechanges-et-dopportunites\\\/\",\"name\":\"Annaba\u00a0:\u00a0\u00ab\u00a0Batimex\u00a0\u00bb, un carrefour d&rsquo;\u00e9changes et d&rsquo;opportunit\u00e9s - La Sentinelle\",\"isPartOf\":{\"@id\":\"https:\\\/\\\/lasentinelle.dz\\\/#website\"},\"primaryImageOfPage\":{\"@id\":\"https:\\\/\\\/lasentinelle.dz\\\/index.php\\\/2026\\\/01\\\/29\\\/annaba-batimex-un-carrefour-dechanges-et-dopportunites\\\/#primaryimage\"},\"image\":{\"@id\":\"https:\\\/\\\/lasentinelle.dz\\\/index.php\\\/2026\\\/01\\\/29\\\/annaba-batimex-un-carrefour-dechanges-et-dopportunites\\\/#primaryimage\"},\"thumbnailUrl\":\"https:\\\/\\\/lasentinelle.dz\\\/wp-content\\\/uploads\\\/2026\\\/01\\\/batimex.webp\",\"datePublished\":\"2026-01-29T10:48:17+00:00\",\"dateModified\":\"2026-01-31T10:50:37+00:00\",\"breadcrumb\":{\"@id\":\"https:\\\/\\\/lasentinelle.dz\\\/index.php\\\/2026\\\/01\\\/29\\\/annaba-batimex-un-carrefour-dechanges-et-dopportunites\\\/#breadcrumb\"},\"inLanguage\":\"fr-FR\",\"potentialAction\":[{\"@type\":\"ReadAction\",\"target\":[\"https:\\\/\\\/lasentinelle.dz\\\/index.php\\\/2026\\\/01\\\/29\\\/annaba-batimex-un-carrefour-dechanges-et-dopportunites\\\/\"]}]},{\"@type\":\"ImageObject\",\"inLanguage\":\"fr-FR\",\"@id\":\"https:\\\/\\\/lasentinelle.dz\\\/index.php\\\/2026\\\/01\\\/29\\\/annaba-batimex-un-carrefour-dechanges-et-dopportunites\\\/#primaryimage\",\"url\":\"https:\\\/\\\/lasentinelle.dz\\\/wp-content\\\/uploads\\\/2026\\\/01\\\/batimex.webp\",\"contentUrl\":\"https:\\\/\\\/lasentinelle.dz\\\/wp-content\\\/uploads\\\/2026\\\/01\\\/batimex.webp\",\"width\":526,\"height\":526},{\"@type\":\"BreadcrumbList\",\"@id\":\"https:\\\/\\\/lasentinelle.dz\\\/index.php\\\/2026\\\/01\\\/29\\\/annaba-batimex-un-carrefour-dechanges-et-dopportunites\\\/#breadcrumb\",\"itemListElement\":[{\"@type\":\"ListItem\",\"position\":1,\"name\":\"Accueil\",\"item\":\"https:\\\/\\\/lasentinelle.dz\\\/\"},{\"@type\":\"ListItem\",\"position\":2,\"name\":\"Annaba\u00a0:\u00a0\u00ab\u00a0Batimex\u00a0\u00bb, un carrefour d&rsquo;\u00e9changes et d&rsquo;opportunit\u00e9s\"}]},{\"@type\":\"WebSite\",\"@id\":\"https:\\\/\\\/lasentinelle.dz\\\/#website\",\"url\":\"https:\\\/\\\/lasentinelle.dz\\\/\",\"name\":\"La Sentinelle\",\"description\":\"Quotidien national d&#039;information\",\"publisher\":{\"@id\":\"https:\\\/\\\/lasentinelle.dz\\\/#organization\"},\"potentialAction\":[{\"@type\":\"SearchAction\",\"target\":{\"@type\":\"EntryPoint\",\"urlTemplate\":\"https:\\\/\\\/lasentinelle.dz\\\/?s={search_term_string}\"},\"query-input\":{\"@type\":\"PropertyValueSpecification\",\"valueRequired\":true,\"valueName\":\"search_term_string\"}}],\"inLanguage\":\"fr-FR\"},{\"@type\":\"Organization\",\"@id\":\"https:\\\/\\\/lasentinelle.dz\\\/#organization\",\"name\":\"Quotidien La Sentinelle\",\"url\":\"https:\\\/\\\/lasentinelle.dz\\\/\",\"logo\":{\"@type\":\"ImageObject\",\"inLanguage\":\"fr-FR\",\"@id\":\"https:\\\/\\\/lasentinelle.dz\\\/#\\\/schema\\\/logo\\\/image\\\/\",\"url\":\"https:\\\/\\\/lasentinelle.dz\\\/wp-content\\\/uploads\\\/2021\\\/09\\\/logo-sentinelleSLOGAN-1.png\",\"contentUrl\":\"https:\\\/\\\/lasentinelle.dz\\\/wp-content\\\/uploads\\\/2021\\\/09\\\/logo-sentinelleSLOGAN-1.png\",\"width\":615,\"height\":142,\"caption\":\"Quotidien La Sentinelle\"},\"image\":{\"@id\":\"https:\\\/\\\/lasentinelle.dz\\\/#\\\/schema\\\/logo\\\/image\\\/\"},\"sameAs\":[\"https:\\\/\\\/www.facebook.com\\\/La-Sentinelle-104059864394773\"]},{\"@type\":\"Person\",\"@id\":\"https:\\\/\\\/lasentinelle.dz\\\/#\\\/schema\\\/person\\\/729ee0024f24e0b8c5ec17232f8e8b41\",\"name\":\"admin\",\"image\":{\"@type\":\"ImageObject\",\"inLanguage\":\"fr-FR\",\"@id\":\"https:\\\/\\\/secure.gravatar.com\\\/avatar\\\/4c81fed838786e9b53f540bf46533e750f5d292099ae3b66cfc6fb1982e29df7?s=96&d=mm&r=g\",\"url\":\"https:\\\/\\\/secure.gravatar.com\\\/avatar\\\/4c81fed838786e9b53f540bf46533e750f5d292099ae3b66cfc6fb1982e29df7?s=96&d=mm&r=g\",\"contentUrl\":\"https:\\\/\\\/secure.gravatar.com\\\/avatar\\\/4c81fed838786e9b53f540bf46533e750f5d292099ae3b66cfc6fb1982e29df7?s=96&d=mm&r=g\",\"caption\":\"admin\"},\"description\":\"admin\",\"url\":\"https:\\\/\\\/lasentinelle.dz\\\/author\\\/admin\\\/\"}]}<\/script>\n<!-- \/ Yoast SEO plugin. -->","yoast_head_json":{"title":"Annaba\u00a0:\u00a0\u00ab\u00a0Batimex\u00a0\u00bb, un carrefour d&rsquo;\u00e9changes et d&rsquo;opportunit\u00e9s - La Sentinelle","robots":{"index":"index","follow":"follow","max-snippet":"max-snippet:-1","max-image-preview":"max-image-preview:large","max-video-preview":"max-video-preview:-1"},"canonical":"https:\/\/lasentinelle.dz\/index.php\/2026\/01\/29\/annaba-batimex-un-carrefour-dechanges-et-dopportunites\/","og_locale":"fr_FR","og_type":"article","og_title":"Annaba\u00a0:\u00a0\u00ab\u00a0Batimex\u00a0\u00bb, un carrefour d&rsquo;\u00e9changes et d&rsquo;opportunit\u00e9s - La Sentinelle","og_description":"La 5e \u00e9dition du salon international \u00ab\u00a0Batimex\u00a0\u00bbs\u2019est ouverte mercredi au Sheraton Annaba.&nbsp;L&rsquo;\u00e9v\u00e9nement s&rsquo;impose d\u00e9sormais comme l&rsquo;un des rendez-vous majeurs du","og_url":"https:\/\/lasentinelle.dz\/index.php\/2026\/01\/29\/annaba-batimex-un-carrefour-dechanges-et-dopportunites\/","og_site_name":"La Sentinelle","article_publisher":"https:\/\/www.facebook.com\/La-Sentinelle-104059864394773","article_published_time":"2026-01-29T10:48:17+00:00","article_modified_time":"2026-01-31T10:50:37+00:00","og_image":[{"width":526,"height":526,"url":"https:\/\/lasentinelle.dz\/wp-content\/uploads\/2026\/01\/batimex.webp","type":"image\/webp"}],"author":"admin","twitter_card":"summary_large_image","twitter_misc":{"\u00c9crit par":"admin","Dur\u00e9e de lecture estim\u00e9e":"3 minutes"},"schema":{"@context":"https:\/\/schema.org","@graph":[{"@type":"Article","@id":"https:\/\/lasentinelle.dz\/index.php\/2026\/01\/29\/annaba-batimex-un-carrefour-dechanges-et-dopportunites\/#article","isPartOf":{"@id":"https:\/\/lasentinelle.dz\/index.php\/2026\/01\/29\/annaba-batimex-un-carrefour-dechanges-et-dopportunites\/"},"author":{"name":"admin","@id":"https:\/\/lasentinelle.dz\/#\/schema\/person\/729ee0024f24e0b8c5ec17232f8e8b41"},"headline":"Annaba\u00a0:\u00a0\u00ab\u00a0Batimex\u00a0\u00bb, un carrefour d&rsquo;\u00e9changes et d&rsquo;opportunit\u00e9s","datePublished":"2026-01-29T10:48:17+00:00","dateModified":"2026-01-31T10:50:37+00:00","mainEntityOfPage":{"@id":"https:\/\/lasentinelle.dz\/index.php\/2026\/01\/29\/annaba-batimex-un-carrefour-dechanges-et-dopportunites\/"},"wordCount":572,"commentCount":0,"publisher":{"@id":"https:\/\/lasentinelle.dz\/#organization"},"image":{"@id":"https:\/\/lasentinelle.dz\/index.php\/2026\/01\/29\/annaba-batimex-un-carrefour-dechanges-et-dopportunites\/#primaryimage"},"thumbnailUrl":"https:\/\/lasentinelle.dz\/wp-content\/uploads\/2026\/01\/batimex.webp","articleSection":["R\u00e9gions"],"inLanguage":"fr-FR","potentialAction":[{"@type":"CommentAction","name":"Comment","target":["https:\/\/lasentinelle.dz\/index.php\/2026\/01\/29\/annaba-batimex-un-carrefour-dechanges-et-dopportunites\/#respond"]}]},{"@type":"WebPage","@id":"https:\/\/lasentinelle.dz\/index.php\/2026\/01\/29\/annaba-batimex-un-carrefour-dechanges-et-dopportunites\/","url":"https:\/\/lasentinelle.dz\/index.php\/2026\/01\/29\/annaba-batimex-un-carrefour-dechanges-et-dopportunites\/","name":"Annaba\u00a0:\u00a0\u00ab\u00a0Batimex\u00a0\u00bb, un carrefour d&rsquo;\u00e9changes et d&rsquo;opportunit\u00e9s - La Sentinelle","isPartOf":{"@id":"https:\/\/lasentinelle.dz\/#website"},"primaryImageOfPage":{"@id":"https:\/\/lasentinelle.dz\/index.php\/2026\/01\/29\/annaba-batimex-un-carrefour-dechanges-et-dopportunites\/#primaryimage"},"image":{"@id":"https:\/\/lasentinelle.dz\/index.php\/2026\/01\/29\/annaba-batimex-un-carrefour-dechanges-et-dopportunites\/#primaryimage"},"thumbnailUrl":"https:\/\/lasentinelle.dz\/wp-content\/uploads\/2026\/01\/batimex.webp","datePublished":"2026-01-29T10:48:17+00:00","dateModified":"2026-01-31T10:50:37+00:00","breadcrumb":{"@id":"https:\/\/lasentinelle.dz\/index.php\/2026\/01\/29\/annaba-batimex-un-carrefour-dechanges-et-dopportunites\/#breadcrumb"},"inLanguage":"fr-FR","potentialAction":[{"@type":"ReadAction","target":["https:\/\/lasentinelle.dz\/index.php\/2026\/01\/29\/annaba-batimex-un-carrefour-dechanges-et-dopportunites\/"]}]},{"@type":"ImageObject","inLanguage":"fr-FR","@id":"https:\/\/lasentinelle.dz\/index.php\/2026\/01\/29\/annaba-batimex-un-carrefour-dechanges-et-dopportunites\/#primaryimage","url":"https:\/\/lasentinelle.dz\/wp-content\/uploads\/2026\/01\/batimex.webp","contentUrl":"https:\/\/lasentinelle.dz\/wp-content\/uploads\/2026\/01\/batimex.webp","width":526,"height":526},{"@type":"BreadcrumbList","@id":"https:\/\/lasentinelle.dz\/index.php\/2026\/01\/29\/annaba-batimex-un-carrefour-dechanges-et-dopportunites\/#breadcrumb","itemListElement":[{"@type":"ListItem","position":1,"name":"Accueil","item":"https:\/\/lasentinelle.dz\/"},{"@type":"ListItem","position":2,"name":"Annaba\u00a0:\u00a0\u00ab\u00a0Batimex\u00a0\u00bb, un carrefour d&rsquo;\u00e9changes et d&rsquo;opportunit\u00e9s"}]},{"@type":"WebSite","@id":"https:\/\/lasentinelle.dz\/#website","url":"https:\/\/lasentinelle.dz\/","name":"La Sentinelle","description":"Quotidien national d&#039;information","publisher":{"@id":"https:\/\/lasentinelle.dz\/#organization"},"potentialAction":[{"@type":"SearchAction","target":{"@type":"EntryPoint","urlTemplate":"https:\/\/lasentinelle.dz\/?s={search_term_string}"},"query-input":{"@type":"PropertyValueSpecification","valueRequired":true,"valueName":"search_term_string"}}],"inLanguage":"fr-FR"},{"@type":"Organization","@id":"https:\/\/lasentinelle.dz\/#organization","name":"Quotidien La Sentinelle","url":"https:\/\/lasentinelle.dz\/","logo":{"@type":"ImageObject","inLanguage":"fr-FR","@id":"https:\/\/lasentinelle.dz\/#\/schema\/logo\/image\/","url":"https:\/\/lasentinelle.dz\/wp-content\/uploads\/2021\/09\/logo-sentinelleSLOGAN-1.png","contentUrl":"https:\/\/lasentinelle.dz\/wp-content\/uploads\/2021\/09\/logo-sentinelleSLOGAN-1.png","width":615,"height":142,"caption":"Quotidien La Sentinelle"},"image":{"@id":"https:\/\/lasentinelle.dz\/#\/schema\/logo\/image\/"},"sameAs":["https:\/\/www.facebook.com\/La-Sentinelle-104059864394773"]},{"@type":"Person","@id":"https:\/\/lasentinelle.dz\/#\/schema\/person\/729ee0024f24e0b8c5ec17232f8e8b41","name":"admin","image":{"@type":"ImageObject","inLanguage":"fr-FR","@id":"https:\/\/secure.gravatar.com\/avatar\/4c81fed838786e9b53f540bf46533e750f5d292099ae3b66cfc6fb1982e29df7?s=96&d=mm&r=g","url":"https:\/\/secure.gravatar.com\/avatar\/4c81fed838786e9b53f540bf46533e750f5d292099ae3b66cfc6fb1982e29df7?s=96&d=mm&r=g","contentUrl":"https:\/\/secure.gravatar.com\/avatar\/4c81fed838786e9b53f540bf46533e750f5d292099ae3b66cfc6fb1982e29df7?s=96&d=mm&r=g","caption":"admin"},"description":"admin","url":"https:\/\/lasentinelle.dz\/author\/admin\/"}]}},"_links":{"self":[{"href":"https:\/\/lasentinelle.dz\/index.php\/wp-json\/wp\/v2\/posts\/80313","targetHints":{"allow":["GET"]}}],"collection":[{"href":"https:\/\/lasentinelle.dz\/index.php\/wp-json\/wp\/v2\/posts"}],"about":[{"href":"https:\/\/lasentinelle.dz\/index.php\/wp-json\/wp\/v2\/types\/post"}],"author":[{"embeddable":true,"href":"https:\/\/lasentinelle.dz\/index.php\/wp-json\/wp\/v2\/users\/6"}],"replies":[{"embeddable":true,"href":"https:\/\/lasentinelle.dz\/index.php\/wp-json\/wp\/v2\/comments?post=80313"}],"version-history":[{"count":2,"href":"https:\/\/lasentinelle.dz\/index.php\/wp-json\/wp\/v2\/posts\/80313\/revisions"}],"predecessor-version":[{"id":80316,"href":"https:\/\/lasentinelle.dz\/index.php\/wp-json\/wp\/v2\/posts\/80313\/revisions\/80316"}],"wp:featuredmedia":[{"embeddable":true,"href":"https:\/\/lasentinelle.dz\/index.php\/wp-json\/wp\/v2\/media\/80314"}],"wp:attachment":[{"href":"https:\/\/lasentinelle.dz\/index.php\/wp-json\/wp\/v2\/media?parent=80313"}],"wp:term":[{"taxonomy":"category","embeddable":true,"href":"https:\/\/lasentinelle.dz\/index.php\/wp-json\/wp\/v2\/categories?post=80313"},{"taxonomy":"post_tag","embeddable":true,"href":"https:\/\/lasentinelle.dz\/index.php\/wp-json\/wp\/v2\/tags?post=80313"}],"curies":[{"name":"wp","href":"https:\/\/api.w.org\/{rel}","templated":true}]}}