{"id":80320,"date":"2026-01-29T11:51:35","date_gmt":"2026-01-29T10:51:35","guid":{"rendered":"https:\/\/lasentinelle.dz\/?p=80320"},"modified":"2026-01-31T11:53:17","modified_gmt":"2026-01-31T10:53:17","slug":"groupe-saidal-installation-de-mourad-belkhelfa-au-poste-de-directeur-general-par-interim","status":"publish","type":"post","link":"https:\/\/lasentinelle.dz\/index.php\/2026\/01\/29\/groupe-saidal-installation-de-mourad-belkhelfa-au-poste-de-directeur-general-par-interim\/","title":{"rendered":"Groupe\u00a0Saidal\u00a0:\u00a0Installation de Mourad Belkhelfa au poste de directeur g\u00e9n\u00e9ral par int\u00e9rim\u00a0"},"content":{"rendered":"\n<p>Le professeur Mourad Belkhelfa a \u00e9t\u00e9 install\u00e9, mercredi \u00e0 Alger, en qualit\u00e9 de directeur g\u00e9n\u00e9ral par int\u00e9rim du Groupe&nbsp;Saidal, en remplacement de Mme Nabila Benygzer, a indiqu\u00e9 un communiqu\u00e9 du minist\u00e8re de l&rsquo;Industrie pharmaceutique.&nbsp;M. Belkhelfa est titulaire de plusieurs dipl\u00f4mes sup\u00e9rieurs dans le domaine des sciences biologiques et de la biotechnologie, ainsi que d&rsquo;un magist\u00e8re en biotechnologie, pr\u00e9cise le communiqu\u00e9.&nbsp;Il a \u00e9galement occup\u00e9 le poste de conseiller scientifique et de chef de projets scientifiques au sein du Groupe&nbsp;Saidal, outre plusieurs hautes fonctions dans les domaines de l&rsquo;enseignement, de la recherche scientifique et du d\u00e9veloppement industriel, ajoute le communiqu\u00e9.&nbsp;<\/p>\n\n\n\n<p>APS<\/p>\n","protected":false},"excerpt":{"rendered":"<p>Le professeur Mourad Belkhelfa a \u00e9t\u00e9 install\u00e9, mercredi \u00e0 Alger, en qualit\u00e9 de directeur g\u00e9n\u00e9ral par int\u00e9rim du Groupe&nbsp;Saidal, en<\/p>\n","protected":false},"author":6,"featured_media":80321,"comment_status":"open","ping_status":"closed","sticky":false,"template":"","format":"standard","meta":{"colormag_page_container_layout":"default_layout","colormag_page_sidebar_layout":"default_layout","om_disable_all_campaigns":false,"_monsterinsights_skip_tracking":false,"_monsterinsights_sitenote_active":false,"_monsterinsights_sitenote_note":"","_monsterinsights_sitenote_category":0,"footnotes":"","_wpscppro_dont_share_socialmedia":false,"_wpscppro_custom_social_share_image":0,"_facebook_share_type":"default","_twitter_share_type":"default","_linkedin_share_type":"default","_pinterest_share_type":"default","_linkedin_share_type_page":"","_instagram_share_type":"default","_medium_share_type":"default","_threads_share_type":"default","_google_business_share_type":"default","_selected_social_profile":[],"_wpsp_enable_custom_social_template":false,"_wpsp_social_scheduling":{"enabled":false,"datetime":null,"platforms":[],"status":"template_only","dateOption":"today","timeOption":"now","customDays":"","customHours":"","customDate":"","customTime":"","schedulingType":"absolute"},"_wpsp_active_default_template":true},"categories":[29],"tags":[],"class_list":["post-80320","post","type-post","status-publish","format-standard","has-post-thumbnail","hentry","category-economie"],"aioseo_notices":[],"yoast_head":"<!-- This site is optimized with the Yoast SEO plugin v27.5 - https:\/\/yoast.com\/product\/yoast-seo-wordpress\/ -->\n<title>Groupe\u00a0Saidal\u00a0:\u00a0Installation de Mourad Belkhelfa au poste de directeur g\u00e9n\u00e9ral par int\u00e9rim\u00a0 - La Sentinelle<\/title>\n<meta name=\"robots\" content=\"index, follow, max-snippet:-1, max-image-preview:large, max-video-preview:-1\" \/>\n<link rel=\"canonical\" href=\"https:\/\/lasentinelle.dz\/index.php\/2026\/01\/29\/groupe-saidal-installation-de-mourad-belkhelfa-au-poste-de-directeur-general-par-interim\/\" \/>\n<meta property=\"og:locale\" content=\"fr_FR\" \/>\n<meta property=\"og:type\" content=\"article\" \/>\n<meta property=\"og:title\" content=\"Groupe\u00a0Saidal\u00a0:\u00a0Installation de Mourad Belkhelfa au poste de directeur g\u00e9n\u00e9ral par int\u00e9rim\u00a0 - La Sentinelle\" \/>\n<meta property=\"og:description\" content=\"Le professeur Mourad Belkhelfa a \u00e9t\u00e9 install\u00e9, mercredi \u00e0 Alger, en qualit\u00e9 de directeur g\u00e9n\u00e9ral par int\u00e9rim du Groupe&nbsp;Saidal, en\" \/>\n<meta property=\"og:url\" content=\"https:\/\/lasentinelle.dz\/index.php\/2026\/01\/29\/groupe-saidal-installation-de-mourad-belkhelfa-au-poste-de-directeur-general-par-interim\/\" \/>\n<meta property=\"og:site_name\" content=\"La Sentinelle\" \/>\n<meta property=\"article:publisher\" content=\"https:\/\/www.facebook.com\/La-Sentinelle-104059864394773\" \/>\n<meta property=\"article:published_time\" content=\"2026-01-29T10:51:35+00:00\" \/>\n<meta property=\"article:modified_time\" content=\"2026-01-31T10:53:17+00:00\" \/>\n<meta property=\"og:image\" content=\"https:\/\/lasentinelle.dz\/wp-content\/uploads\/2026\/01\/Mourad-Belkhelfa-.jpeg\" \/>\n\t<meta property=\"og:image:width\" content=\"745\" \/>\n\t<meta property=\"og:image:height\" content=\"470\" \/>\n\t<meta property=\"og:image:type\" content=\"image\/jpeg\" \/>\n<meta name=\"author\" content=\"admin\" \/>\n<meta name=\"twitter:card\" content=\"summary_large_image\" \/>\n<meta name=\"twitter:label1\" content=\"\u00c9crit par\" \/>\n\t<meta name=\"twitter:data1\" content=\"admin\" \/>\n\t<meta name=\"twitter:label2\" content=\"Dur\u00e9e de lecture estim\u00e9e\" \/>\n\t<meta name=\"twitter:data2\" content=\"1 minute\" \/>\n<script type=\"application\/ld+json\" class=\"yoast-schema-graph\">{\"@context\":\"https:\\\/\\\/schema.org\",\"@graph\":[{\"@type\":\"Article\",\"@id\":\"https:\\\/\\\/lasentinelle.dz\\\/index.php\\\/2026\\\/01\\\/29\\\/groupe-saidal-installation-de-mourad-belkhelfa-au-poste-de-directeur-general-par-interim\\\/#article\",\"isPartOf\":{\"@id\":\"https:\\\/\\\/lasentinelle.dz\\\/index.php\\\/2026\\\/01\\\/29\\\/groupe-saidal-installation-de-mourad-belkhelfa-au-poste-de-directeur-general-par-interim\\\/\"},\"author\":{\"name\":\"admin\",\"@id\":\"https:\\\/\\\/lasentinelle.dz\\\/#\\\/schema\\\/person\\\/729ee0024f24e0b8c5ec17232f8e8b41\"},\"headline\":\"Groupe\u00a0Saidal\u00a0:\u00a0Installation de Mourad Belkhelfa au poste de directeur g\u00e9n\u00e9ral par int\u00e9rim\u00a0\",\"datePublished\":\"2026-01-29T10:51:35+00:00\",\"dateModified\":\"2026-01-31T10:53:17+00:00\",\"mainEntityOfPage\":{\"@id\":\"https:\\\/\\\/lasentinelle.dz\\\/index.php\\\/2026\\\/01\\\/29\\\/groupe-saidal-installation-de-mourad-belkhelfa-au-poste-de-directeur-general-par-interim\\\/\"},\"wordCount\":135,\"commentCount\":0,\"publisher\":{\"@id\":\"https:\\\/\\\/lasentinelle.dz\\\/#organization\"},\"image\":{\"@id\":\"https:\\\/\\\/lasentinelle.dz\\\/index.php\\\/2026\\\/01\\\/29\\\/groupe-saidal-installation-de-mourad-belkhelfa-au-poste-de-directeur-general-par-interim\\\/#primaryimage\"},\"thumbnailUrl\":\"https:\\\/\\\/lasentinelle.dz\\\/wp-content\\\/uploads\\\/2026\\\/01\\\/Mourad-Belkhelfa-.jpeg\",\"articleSection\":[\"\u00c9conomie\"],\"inLanguage\":\"fr-FR\",\"potentialAction\":[{\"@type\":\"CommentAction\",\"name\":\"Comment\",\"target\":[\"https:\\\/\\\/lasentinelle.dz\\\/index.php\\\/2026\\\/01\\\/29\\\/groupe-saidal-installation-de-mourad-belkhelfa-au-poste-de-directeur-general-par-interim\\\/#respond\"]}]},{\"@type\":\"WebPage\",\"@id\":\"https:\\\/\\\/lasentinelle.dz\\\/index.php\\\/2026\\\/01\\\/29\\\/groupe-saidal-installation-de-mourad-belkhelfa-au-poste-de-directeur-general-par-interim\\\/\",\"url\":\"https:\\\/\\\/lasentinelle.dz\\\/index.php\\\/2026\\\/01\\\/29\\\/groupe-saidal-installation-de-mourad-belkhelfa-au-poste-de-directeur-general-par-interim\\\/\",\"name\":\"Groupe\u00a0Saidal\u00a0:\u00a0Installation de Mourad Belkhelfa au poste de directeur g\u00e9n\u00e9ral par int\u00e9rim\u00a0 - La Sentinelle\",\"isPartOf\":{\"@id\":\"https:\\\/\\\/lasentinelle.dz\\\/#website\"},\"primaryImageOfPage\":{\"@id\":\"https:\\\/\\\/lasentinelle.dz\\\/index.php\\\/2026\\\/01\\\/29\\\/groupe-saidal-installation-de-mourad-belkhelfa-au-poste-de-directeur-general-par-interim\\\/#primaryimage\"},\"image\":{\"@id\":\"https:\\\/\\\/lasentinelle.dz\\\/index.php\\\/2026\\\/01\\\/29\\\/groupe-saidal-installation-de-mourad-belkhelfa-au-poste-de-directeur-general-par-interim\\\/#primaryimage\"},\"thumbnailUrl\":\"https:\\\/\\\/lasentinelle.dz\\\/wp-content\\\/uploads\\\/2026\\\/01\\\/Mourad-Belkhelfa-.jpeg\",\"datePublished\":\"2026-01-29T10:51:35+00:00\",\"dateModified\":\"2026-01-31T10:53:17+00:00\",\"breadcrumb\":{\"@id\":\"https:\\\/\\\/lasentinelle.dz\\\/index.php\\\/2026\\\/01\\\/29\\\/groupe-saidal-installation-de-mourad-belkhelfa-au-poste-de-directeur-general-par-interim\\\/#breadcrumb\"},\"inLanguage\":\"fr-FR\",\"potentialAction\":[{\"@type\":\"ReadAction\",\"target\":[\"https:\\\/\\\/lasentinelle.dz\\\/index.php\\\/2026\\\/01\\\/29\\\/groupe-saidal-installation-de-mourad-belkhelfa-au-poste-de-directeur-general-par-interim\\\/\"]}]},{\"@type\":\"ImageObject\",\"inLanguage\":\"fr-FR\",\"@id\":\"https:\\\/\\\/lasentinelle.dz\\\/index.php\\\/2026\\\/01\\\/29\\\/groupe-saidal-installation-de-mourad-belkhelfa-au-poste-de-directeur-general-par-interim\\\/#primaryimage\",\"url\":\"https:\\\/\\\/lasentinelle.dz\\\/wp-content\\\/uploads\\\/2026\\\/01\\\/Mourad-Belkhelfa-.jpeg\",\"contentUrl\":\"https:\\\/\\\/lasentinelle.dz\\\/wp-content\\\/uploads\\\/2026\\\/01\\\/Mourad-Belkhelfa-.jpeg\",\"width\":745,\"height\":470},{\"@type\":\"BreadcrumbList\",\"@id\":\"https:\\\/\\\/lasentinelle.dz\\\/index.php\\\/2026\\\/01\\\/29\\\/groupe-saidal-installation-de-mourad-belkhelfa-au-poste-de-directeur-general-par-interim\\\/#breadcrumb\",\"itemListElement\":[{\"@type\":\"ListItem\",\"position\":1,\"name\":\"Accueil\",\"item\":\"https:\\\/\\\/lasentinelle.dz\\\/\"},{\"@type\":\"ListItem\",\"position\":2,\"name\":\"Groupe\u00a0Saidal\u00a0:\u00a0Installation de Mourad Belkhelfa au poste de directeur g\u00e9n\u00e9ral par int\u00e9rim\u00a0\"}]},{\"@type\":\"WebSite\",\"@id\":\"https:\\\/\\\/lasentinelle.dz\\\/#website\",\"url\":\"https:\\\/\\\/lasentinelle.dz\\\/\",\"name\":\"La Sentinelle\",\"description\":\"Quotidien national d&#039;information\",\"publisher\":{\"@id\":\"https:\\\/\\\/lasentinelle.dz\\\/#organization\"},\"potentialAction\":[{\"@type\":\"SearchAction\",\"target\":{\"@type\":\"EntryPoint\",\"urlTemplate\":\"https:\\\/\\\/lasentinelle.dz\\\/?s={search_term_string}\"},\"query-input\":{\"@type\":\"PropertyValueSpecification\",\"valueRequired\":true,\"valueName\":\"search_term_string\"}}],\"inLanguage\":\"fr-FR\"},{\"@type\":\"Organization\",\"@id\":\"https:\\\/\\\/lasentinelle.dz\\\/#organization\",\"name\":\"Quotidien La Sentinelle\",\"url\":\"https:\\\/\\\/lasentinelle.dz\\\/\",\"logo\":{\"@type\":\"ImageObject\",\"inLanguage\":\"fr-FR\",\"@id\":\"https:\\\/\\\/lasentinelle.dz\\\/#\\\/schema\\\/logo\\\/image\\\/\",\"url\":\"https:\\\/\\\/lasentinelle.dz\\\/wp-content\\\/uploads\\\/2021\\\/09\\\/logo-sentinelleSLOGAN-1.png\",\"contentUrl\":\"https:\\\/\\\/lasentinelle.dz\\\/wp-content\\\/uploads\\\/2021\\\/09\\\/logo-sentinelleSLOGAN-1.png\",\"width\":615,\"height\":142,\"caption\":\"Quotidien La Sentinelle\"},\"image\":{\"@id\":\"https:\\\/\\\/lasentinelle.dz\\\/#\\\/schema\\\/logo\\\/image\\\/\"},\"sameAs\":[\"https:\\\/\\\/www.facebook.com\\\/La-Sentinelle-104059864394773\"]},{\"@type\":\"Person\",\"@id\":\"https:\\\/\\\/lasentinelle.dz\\\/#\\\/schema\\\/person\\\/729ee0024f24e0b8c5ec17232f8e8b41\",\"name\":\"admin\",\"image\":{\"@type\":\"ImageObject\",\"inLanguage\":\"fr-FR\",\"@id\":\"https:\\\/\\\/secure.gravatar.com\\\/avatar\\\/4c81fed838786e9b53f540bf46533e750f5d292099ae3b66cfc6fb1982e29df7?s=96&d=mm&r=g\",\"url\":\"https:\\\/\\\/secure.gravatar.com\\\/avatar\\\/4c81fed838786e9b53f540bf46533e750f5d292099ae3b66cfc6fb1982e29df7?s=96&d=mm&r=g\",\"contentUrl\":\"https:\\\/\\\/secure.gravatar.com\\\/avatar\\\/4c81fed838786e9b53f540bf46533e750f5d292099ae3b66cfc6fb1982e29df7?s=96&d=mm&r=g\",\"caption\":\"admin\"},\"description\":\"admin\",\"url\":\"https:\\\/\\\/lasentinelle.dz\\\/author\\\/admin\\\/\"}]}<\/script>\n<!-- \/ Yoast SEO plugin. -->","yoast_head_json":{"title":"Groupe\u00a0Saidal\u00a0:\u00a0Installation de Mourad Belkhelfa au poste de directeur g\u00e9n\u00e9ral par int\u00e9rim\u00a0 - La Sentinelle","robots":{"index":"index","follow":"follow","max-snippet":"max-snippet:-1","max-image-preview":"max-image-preview:large","max-video-preview":"max-video-preview:-1"},"canonical":"https:\/\/lasentinelle.dz\/index.php\/2026\/01\/29\/groupe-saidal-installation-de-mourad-belkhelfa-au-poste-de-directeur-general-par-interim\/","og_locale":"fr_FR","og_type":"article","og_title":"Groupe\u00a0Saidal\u00a0:\u00a0Installation de Mourad Belkhelfa au poste de directeur g\u00e9n\u00e9ral par int\u00e9rim\u00a0 - La Sentinelle","og_description":"Le professeur Mourad Belkhelfa a \u00e9t\u00e9 install\u00e9, mercredi \u00e0 Alger, en qualit\u00e9 de directeur g\u00e9n\u00e9ral par int\u00e9rim du Groupe&nbsp;Saidal, en","og_url":"https:\/\/lasentinelle.dz\/index.php\/2026\/01\/29\/groupe-saidal-installation-de-mourad-belkhelfa-au-poste-de-directeur-general-par-interim\/","og_site_name":"La Sentinelle","article_publisher":"https:\/\/www.facebook.com\/La-Sentinelle-104059864394773","article_published_time":"2026-01-29T10:51:35+00:00","article_modified_time":"2026-01-31T10:53:17+00:00","og_image":[{"width":745,"height":470,"url":"https:\/\/lasentinelle.dz\/wp-content\/uploads\/2026\/01\/Mourad-Belkhelfa-.jpeg","type":"image\/jpeg"}],"author":"admin","twitter_card":"summary_large_image","twitter_misc":{"\u00c9crit par":"admin","Dur\u00e9e de lecture estim\u00e9e":"1 minute"},"schema":{"@context":"https:\/\/schema.org","@graph":[{"@type":"Article","@id":"https:\/\/lasentinelle.dz\/index.php\/2026\/01\/29\/groupe-saidal-installation-de-mourad-belkhelfa-au-poste-de-directeur-general-par-interim\/#article","isPartOf":{"@id":"https:\/\/lasentinelle.dz\/index.php\/2026\/01\/29\/groupe-saidal-installation-de-mourad-belkhelfa-au-poste-de-directeur-general-par-interim\/"},"author":{"name":"admin","@id":"https:\/\/lasentinelle.dz\/#\/schema\/person\/729ee0024f24e0b8c5ec17232f8e8b41"},"headline":"Groupe\u00a0Saidal\u00a0:\u00a0Installation de Mourad Belkhelfa au poste de directeur g\u00e9n\u00e9ral par int\u00e9rim\u00a0","datePublished":"2026-01-29T10:51:35+00:00","dateModified":"2026-01-31T10:53:17+00:00","mainEntityOfPage":{"@id":"https:\/\/lasentinelle.dz\/index.php\/2026\/01\/29\/groupe-saidal-installation-de-mourad-belkhelfa-au-poste-de-directeur-general-par-interim\/"},"wordCount":135,"commentCount":0,"publisher":{"@id":"https:\/\/lasentinelle.dz\/#organization"},"image":{"@id":"https:\/\/lasentinelle.dz\/index.php\/2026\/01\/29\/groupe-saidal-installation-de-mourad-belkhelfa-au-poste-de-directeur-general-par-interim\/#primaryimage"},"thumbnailUrl":"https:\/\/lasentinelle.dz\/wp-content\/uploads\/2026\/01\/Mourad-Belkhelfa-.jpeg","articleSection":["\u00c9conomie"],"inLanguage":"fr-FR","potentialAction":[{"@type":"CommentAction","name":"Comment","target":["https:\/\/lasentinelle.dz\/index.php\/2026\/01\/29\/groupe-saidal-installation-de-mourad-belkhelfa-au-poste-de-directeur-general-par-interim\/#respond"]}]},{"@type":"WebPage","@id":"https:\/\/lasentinelle.dz\/index.php\/2026\/01\/29\/groupe-saidal-installation-de-mourad-belkhelfa-au-poste-de-directeur-general-par-interim\/","url":"https:\/\/lasentinelle.dz\/index.php\/2026\/01\/29\/groupe-saidal-installation-de-mourad-belkhelfa-au-poste-de-directeur-general-par-interim\/","name":"Groupe\u00a0Saidal\u00a0:\u00a0Installation de Mourad Belkhelfa au poste de directeur g\u00e9n\u00e9ral par int\u00e9rim\u00a0 - La Sentinelle","isPartOf":{"@id":"https:\/\/lasentinelle.dz\/#website"},"primaryImageOfPage":{"@id":"https:\/\/lasentinelle.dz\/index.php\/2026\/01\/29\/groupe-saidal-installation-de-mourad-belkhelfa-au-poste-de-directeur-general-par-interim\/#primaryimage"},"image":{"@id":"https:\/\/lasentinelle.dz\/index.php\/2026\/01\/29\/groupe-saidal-installation-de-mourad-belkhelfa-au-poste-de-directeur-general-par-interim\/#primaryimage"},"thumbnailUrl":"https:\/\/lasentinelle.dz\/wp-content\/uploads\/2026\/01\/Mourad-Belkhelfa-.jpeg","datePublished":"2026-01-29T10:51:35+00:00","dateModified":"2026-01-31T10:53:17+00:00","breadcrumb":{"@id":"https:\/\/lasentinelle.dz\/index.php\/2026\/01\/29\/groupe-saidal-installation-de-mourad-belkhelfa-au-poste-de-directeur-general-par-interim\/#breadcrumb"},"inLanguage":"fr-FR","potentialAction":[{"@type":"ReadAction","target":["https:\/\/lasentinelle.dz\/index.php\/2026\/01\/29\/groupe-saidal-installation-de-mourad-belkhelfa-au-poste-de-directeur-general-par-interim\/"]}]},{"@type":"ImageObject","inLanguage":"fr-FR","@id":"https:\/\/lasentinelle.dz\/index.php\/2026\/01\/29\/groupe-saidal-installation-de-mourad-belkhelfa-au-poste-de-directeur-general-par-interim\/#primaryimage","url":"https:\/\/lasentinelle.dz\/wp-content\/uploads\/2026\/01\/Mourad-Belkhelfa-.jpeg","contentUrl":"https:\/\/lasentinelle.dz\/wp-content\/uploads\/2026\/01\/Mourad-Belkhelfa-.jpeg","width":745,"height":470},{"@type":"BreadcrumbList","@id":"https:\/\/lasentinelle.dz\/index.php\/2026\/01\/29\/groupe-saidal-installation-de-mourad-belkhelfa-au-poste-de-directeur-general-par-interim\/#breadcrumb","itemListElement":[{"@type":"ListItem","position":1,"name":"Accueil","item":"https:\/\/lasentinelle.dz\/"},{"@type":"ListItem","position":2,"name":"Groupe\u00a0Saidal\u00a0:\u00a0Installation de Mourad Belkhelfa au poste de directeur g\u00e9n\u00e9ral par int\u00e9rim\u00a0"}]},{"@type":"WebSite","@id":"https:\/\/lasentinelle.dz\/#website","url":"https:\/\/lasentinelle.dz\/","name":"La Sentinelle","description":"Quotidien national d&#039;information","publisher":{"@id":"https:\/\/lasentinelle.dz\/#organization"},"potentialAction":[{"@type":"SearchAction","target":{"@type":"EntryPoint","urlTemplate":"https:\/\/lasentinelle.dz\/?s={search_term_string}"},"query-input":{"@type":"PropertyValueSpecification","valueRequired":true,"valueName":"search_term_string"}}],"inLanguage":"fr-FR"},{"@type":"Organization","@id":"https:\/\/lasentinelle.dz\/#organization","name":"Quotidien La Sentinelle","url":"https:\/\/lasentinelle.dz\/","logo":{"@type":"ImageObject","inLanguage":"fr-FR","@id":"https:\/\/lasentinelle.dz\/#\/schema\/logo\/image\/","url":"https:\/\/lasentinelle.dz\/wp-content\/uploads\/2021\/09\/logo-sentinelleSLOGAN-1.png","contentUrl":"https:\/\/lasentinelle.dz\/wp-content\/uploads\/2021\/09\/logo-sentinelleSLOGAN-1.png","width":615,"height":142,"caption":"Quotidien La Sentinelle"},"image":{"@id":"https:\/\/lasentinelle.dz\/#\/schema\/logo\/image\/"},"sameAs":["https:\/\/www.facebook.com\/La-Sentinelle-104059864394773"]},{"@type":"Person","@id":"https:\/\/lasentinelle.dz\/#\/schema\/person\/729ee0024f24e0b8c5ec17232f8e8b41","name":"admin","image":{"@type":"ImageObject","inLanguage":"fr-FR","@id":"https:\/\/secure.gravatar.com\/avatar\/4c81fed838786e9b53f540bf46533e750f5d292099ae3b66cfc6fb1982e29df7?s=96&d=mm&r=g","url":"https:\/\/secure.gravatar.com\/avatar\/4c81fed838786e9b53f540bf46533e750f5d292099ae3b66cfc6fb1982e29df7?s=96&d=mm&r=g","contentUrl":"https:\/\/secure.gravatar.com\/avatar\/4c81fed838786e9b53f540bf46533e750f5d292099ae3b66cfc6fb1982e29df7?s=96&d=mm&r=g","caption":"admin"},"description":"admin","url":"https:\/\/lasentinelle.dz\/author\/admin\/"}]}},"_links":{"self":[{"href":"https:\/\/lasentinelle.dz\/index.php\/wp-json\/wp\/v2\/posts\/80320","targetHints":{"allow":["GET"]}}],"collection":[{"href":"https:\/\/lasentinelle.dz\/index.php\/wp-json\/wp\/v2\/posts"}],"about":[{"href":"https:\/\/lasentinelle.dz\/index.php\/wp-json\/wp\/v2\/types\/post"}],"author":[{"embeddable":true,"href":"https:\/\/lasentinelle.dz\/index.php\/wp-json\/wp\/v2\/users\/6"}],"replies":[{"embeddable":true,"href":"https:\/\/lasentinelle.dz\/index.php\/wp-json\/wp\/v2\/comments?post=80320"}],"version-history":[{"count":1,"href":"https:\/\/lasentinelle.dz\/index.php\/wp-json\/wp\/v2\/posts\/80320\/revisions"}],"predecessor-version":[{"id":80322,"href":"https:\/\/lasentinelle.dz\/index.php\/wp-json\/wp\/v2\/posts\/80320\/revisions\/80322"}],"wp:featuredmedia":[{"embeddable":true,"href":"https:\/\/lasentinelle.dz\/index.php\/wp-json\/wp\/v2\/media\/80321"}],"wp:attachment":[{"href":"https:\/\/lasentinelle.dz\/index.php\/wp-json\/wp\/v2\/media?parent=80320"}],"wp:term":[{"taxonomy":"category","embeddable":true,"href":"https:\/\/lasentinelle.dz\/index.php\/wp-json\/wp\/v2\/categories?post=80320"},{"taxonomy":"post_tag","embeddable":true,"href":"https:\/\/lasentinelle.dz\/index.php\/wp-json\/wp\/v2\/tags?post=80320"}],"curies":[{"name":"wp","href":"https:\/\/api.w.org\/{rel}","templated":true}]}}