{"id":80323,"date":"2026-01-29T11:53:29","date_gmt":"2026-01-29T10:53:29","guid":{"rendered":"https:\/\/lasentinelle.dz\/?p=80323"},"modified":"2026-01-31T12:06:57","modified_gmt":"2026-01-31T11:06:57","slug":"avec-un-taux-de-couverture-electrique-proche-de-100-lalgerie-simpose-comme-un-modele-delectrification-en-afrique","status":"publish","type":"post","link":"https:\/\/lasentinelle.dz\/index.php\/2026\/01\/29\/avec-un-taux-de-couverture-electrique-proche-de-100-lalgerie-simpose-comme-un-modele-delectrification-en-afrique\/","title":{"rendered":"\u00a0L&rsquo;Alg\u00e9rie s&rsquo;impose comme un mod\u00e8le d&rsquo;\u00e9lectrification en Afrique"},"content":{"rendered":"\n<p>Dans un continent africain o\u00f9 pr\u00e8s de 563 millions de personnes demeurent priv\u00e9es d&rsquo;\u00e9lectricit\u00e9, l&rsquo;Alg\u00e9rie fait figure d&rsquo;exception. Selon un rapport de la Commission africaine de l&rsquo;\u00e9nergie (AFREC), l&rsquo;agence sp\u00e9cialis\u00e9e de l&rsquo;Union africaine,&nbsp;l\u2019Alg\u00e9rie&nbsp;compte parmi les rares nations du continent \u00e0 avoir atteint un taux de couverture \u00e9lectrique proche de 100%, t\u00e9moignant d&rsquo;une politique \u00e9nerg\u00e9tique volontariste et d&rsquo;infrastructures performantes.&nbsp;L&rsquo;AFREC souligne que \u00ab\u00a0l&rsquo;Alg\u00e9rie a maintenu un taux de couverture de 100 % d&rsquo;acc\u00e8s \u00e0 l&rsquo;\u00e9nergie, malgr\u00e9 la croissance d\u00e9mographique, principalement gr\u00e2ce \u00e0 ses infrastructures \u00e9nerg\u00e9tiques bien \u00e9tablies et aux subventions publiques soutenues\u00a0\u00bb. La \u00ab\u00a0cha\u00eene d&rsquo;approvisionnement en \u00e9nergie bien d\u00e9velopp\u00e9e\u00a0\u00bb et \u00ab\u00a0l&rsquo;engagement du gouvernement alg\u00e9rien ont permis aux nouveaux m\u00e9nages de s&rsquo;int\u00e9grer sans heurts dans les syst\u00e8mes \u00e9nerg\u00e9tiques modernes\u00a0\u00bb, pr\u00e9cise le document consacr\u00e9 \u00e0 l&rsquo;objectif de d\u00e9veloppement durable num\u00e9ro 7.&nbsp;Cette&nbsp;r\u00e9ussite ne se limite pas \u00e0 l&rsquo;\u00e9lectricit\u00e9. Le pays affiche \u00e9galement des performances exceptionnelles en mati\u00e8re d&rsquo;acc\u00e8s au gaz naturel, avec plus de 90% des besoins des m\u00e9nages couverts pour la cuisson propre. Cette double excellence contraste fortement avec la situation continentale, o\u00f9 seulement 35% de la population africaine b\u00e9n\u00e9ficie de solutions de cuisson propres, laissant plus de 940 millions de personnes d\u00e9pendantes de combustibles polluants aux cons\u00e9quences sanitaires pr\u00e9occupantes.&nbsp;\u00c0 l&rsquo;\u00e9chelle de l&rsquo;Afrique du Nord, l&rsquo;Alg\u00e9rie se distingue de ses voisins gr\u00e2ce \u00e0 \u00ab\u00a0des programmes de subventions bien structur\u00e9s et \u00e0 un r\u00e9seau de distribution performant\u00a0\u00bb, selon l&rsquo;AFREC.<\/p>\n\n\n\n<p><strong>Le d\u00e9fi de la transition<\/strong><\/p>\n\n\n\n<p>Le rapport souligne, toutefois,&nbsp;que des d\u00e9fis persistent concernant la transition \u00e9nerg\u00e9tique, notamment l&rsquo;augmentation de la part des renouvelables et la r\u00e9duction de la d\u00e9pendance aux combustibles fossiles.&nbsp;Car si l&rsquo;Alg\u00e9rie brille par ses performances, le tableau continental demeure pr\u00e9occupant. Avec un taux d&rsquo;\u00e9lectrification de 61%, l&rsquo;Afrique accuse un retard consid\u00e9rable, particuli\u00e8rement dans les r\u00e9gions de l&rsquo;Est, de l&rsquo;Ouest et du Centre, o\u00f9 seuls 28% de la population ont acc\u00e8s \u00e0 l&rsquo;\u00e9lectricit\u00e9. Les zones rurales et p\u00e9riurbaines concentrent l&rsquo;essentiel de ce d\u00e9ficit \u00e9nerg\u00e9tique.&nbsp;L&rsquo;obstacle financier reste majeur. L&rsquo;AFREC estime \u00e0 50 milliards de dollars les investissements annuels n\u00e9cessaires pour atteindre l&rsquo;acc\u00e8s universel \u00e0 l&rsquo;\u00e9lectricit\u00e9 d&rsquo;ici 2030, auxquels s&rsquo;ajoutent 4 milliards pour les modes de cuisson propres. L&rsquo;agence appelle \u00e0 une mobilisation accrue des investissements via des partenariats public-priv\u00e9.&nbsp;L&rsquo;exp\u00e9rience alg\u00e9rienne d\u00e9montre qu&rsquo;une politique publique ambitieuse, soutenue par des investissements cons\u00e9quents dans les infrastructures et des m\u00e9canismes de subvention adapt\u00e9s, peut permettre d&rsquo;atteindre l&rsquo;acc\u00e8s universel \u00e0 l&rsquo;\u00e9nergie moderne, leviers essentiels du d\u00e9veloppement \u00e9conomique et de l&rsquo;am\u00e9lioration des conditions de vie des populations africaines.<\/p>\n\n\n\n<p>Amar Malki<\/p>\n","protected":false},"excerpt":{"rendered":"<p>Dans un continent africain o\u00f9 pr\u00e8s de 563 millions de personnes demeurent priv\u00e9es d&rsquo;\u00e9lectricit\u00e9, l&rsquo;Alg\u00e9rie fait figure d&rsquo;exception. Selon un<\/p>\n","protected":false},"author":6,"featured_media":39460,"comment_status":"open","ping_status":"closed","sticky":false,"template":"","format":"standard","meta":{"colormag_page_container_layout":"default_layout","colormag_page_sidebar_layout":"default_layout","om_disable_all_campaigns":false,"_monsterinsights_skip_tracking":false,"_monsterinsights_sitenote_active":false,"_monsterinsights_sitenote_note":"","_monsterinsights_sitenote_category":0,"footnotes":"","_wpscppro_dont_share_socialmedia":false,"_wpscppro_custom_social_share_image":0,"_facebook_share_type":"default","_twitter_share_type":"default","_linkedin_share_type":"default","_pinterest_share_type":"default","_linkedin_share_type_page":"","_instagram_share_type":"default","_medium_share_type":"default","_threads_share_type":"default","_google_business_share_type":"default","_selected_social_profile":[],"_wpsp_enable_custom_social_template":false,"_wpsp_social_scheduling":{"enabled":false,"datetime":null,"platforms":[],"status":"template_only","dateOption":"today","timeOption":"now","customDays":"","customHours":"","customDate":"","customTime":"","schedulingType":"absolute"},"_wpsp_active_default_template":true},"categories":[29],"tags":[],"class_list":["post-80323","post","type-post","status-publish","format-standard","has-post-thumbnail","hentry","category-economie"],"aioseo_notices":[],"yoast_head":"<!-- This site is optimized with the Yoast SEO plugin v27.5 - https:\/\/yoast.com\/product\/yoast-seo-wordpress\/ -->\n<title>\u00a0L&rsquo;Alg\u00e9rie s&rsquo;impose comme un mod\u00e8le d&rsquo;\u00e9lectrification en Afrique - La Sentinelle<\/title>\n<meta name=\"robots\" content=\"index, follow, max-snippet:-1, max-image-preview:large, max-video-preview:-1\" \/>\n<link rel=\"canonical\" href=\"https:\/\/lasentinelle.dz\/index.php\/2026\/01\/29\/avec-un-taux-de-couverture-electrique-proche-de-100-lalgerie-simpose-comme-un-modele-delectrification-en-afrique\/\" \/>\n<meta property=\"og:locale\" content=\"fr_FR\" \/>\n<meta property=\"og:type\" content=\"article\" \/>\n<meta property=\"og:title\" content=\"\u00a0L&rsquo;Alg\u00e9rie s&rsquo;impose comme un mod\u00e8le d&rsquo;\u00e9lectrification en Afrique - La Sentinelle\" \/>\n<meta property=\"og:description\" content=\"Dans un continent africain o\u00f9 pr\u00e8s de 563 millions de personnes demeurent priv\u00e9es d&rsquo;\u00e9lectricit\u00e9, l&rsquo;Alg\u00e9rie fait figure d&rsquo;exception. Selon un\" \/>\n<meta property=\"og:url\" content=\"https:\/\/lasentinelle.dz\/index.php\/2026\/01\/29\/avec-un-taux-de-couverture-electrique-proche-de-100-lalgerie-simpose-comme-un-modele-delectrification-en-afrique\/\" \/>\n<meta property=\"og:site_name\" content=\"La Sentinelle\" \/>\n<meta property=\"article:publisher\" content=\"https:\/\/www.facebook.com\/La-Sentinelle-104059864394773\" \/>\n<meta property=\"article:published_time\" content=\"2026-01-29T10:53:29+00:00\" \/>\n<meta property=\"article:modified_time\" content=\"2026-01-31T11:06:57+00:00\" \/>\n<meta property=\"og:image\" content=\"https:\/\/lasentinelle.dz\/wp-content\/uploads\/2023\/04\/electricite.png\" \/>\n\t<meta property=\"og:image:width\" content=\"1600\" \/>\n\t<meta property=\"og:image:height\" content=\"900\" \/>\n\t<meta property=\"og:image:type\" content=\"image\/png\" \/>\n<meta name=\"author\" content=\"admin\" \/>\n<meta name=\"twitter:card\" content=\"summary_large_image\" \/>\n<meta name=\"twitter:label1\" content=\"\u00c9crit par\" \/>\n\t<meta name=\"twitter:data1\" content=\"admin\" \/>\n\t<meta name=\"twitter:label2\" content=\"Dur\u00e9e de lecture estim\u00e9e\" \/>\n\t<meta name=\"twitter:data2\" content=\"3 minutes\" \/>\n<script type=\"application\/ld+json\" class=\"yoast-schema-graph\">{\"@context\":\"https:\\\/\\\/schema.org\",\"@graph\":[{\"@type\":\"Article\",\"@id\":\"https:\\\/\\\/lasentinelle.dz\\\/index.php\\\/2026\\\/01\\\/29\\\/avec-un-taux-de-couverture-electrique-proche-de-100-lalgerie-simpose-comme-un-modele-delectrification-en-afrique\\\/#article\",\"isPartOf\":{\"@id\":\"https:\\\/\\\/lasentinelle.dz\\\/index.php\\\/2026\\\/01\\\/29\\\/avec-un-taux-de-couverture-electrique-proche-de-100-lalgerie-simpose-comme-un-modele-delectrification-en-afrique\\\/\"},\"author\":{\"name\":\"admin\",\"@id\":\"https:\\\/\\\/lasentinelle.dz\\\/#\\\/schema\\\/person\\\/729ee0024f24e0b8c5ec17232f8e8b41\"},\"headline\":\"\u00a0L&rsquo;Alg\u00e9rie s&rsquo;impose comme un mod\u00e8le d&rsquo;\u00e9lectrification en Afrique\",\"datePublished\":\"2026-01-29T10:53:29+00:00\",\"dateModified\":\"2026-01-31T11:06:57+00:00\",\"mainEntityOfPage\":{\"@id\":\"https:\\\/\\\/lasentinelle.dz\\\/index.php\\\/2026\\\/01\\\/29\\\/avec-un-taux-de-couverture-electrique-proche-de-100-lalgerie-simpose-comme-un-modele-delectrification-en-afrique\\\/\"},\"wordCount\":515,\"commentCount\":0,\"publisher\":{\"@id\":\"https:\\\/\\\/lasentinelle.dz\\\/#organization\"},\"image\":{\"@id\":\"https:\\\/\\\/lasentinelle.dz\\\/index.php\\\/2026\\\/01\\\/29\\\/avec-un-taux-de-couverture-electrique-proche-de-100-lalgerie-simpose-comme-un-modele-delectrification-en-afrique\\\/#primaryimage\"},\"thumbnailUrl\":\"https:\\\/\\\/lasentinelle.dz\\\/wp-content\\\/uploads\\\/2023\\\/04\\\/electricite.png\",\"articleSection\":[\"\u00c9conomie\"],\"inLanguage\":\"fr-FR\",\"potentialAction\":[{\"@type\":\"CommentAction\",\"name\":\"Comment\",\"target\":[\"https:\\\/\\\/lasentinelle.dz\\\/index.php\\\/2026\\\/01\\\/29\\\/avec-un-taux-de-couverture-electrique-proche-de-100-lalgerie-simpose-comme-un-modele-delectrification-en-afrique\\\/#respond\"]}]},{\"@type\":\"WebPage\",\"@id\":\"https:\\\/\\\/lasentinelle.dz\\\/index.php\\\/2026\\\/01\\\/29\\\/avec-un-taux-de-couverture-electrique-proche-de-100-lalgerie-simpose-comme-un-modele-delectrification-en-afrique\\\/\",\"url\":\"https:\\\/\\\/lasentinelle.dz\\\/index.php\\\/2026\\\/01\\\/29\\\/avec-un-taux-de-couverture-electrique-proche-de-100-lalgerie-simpose-comme-un-modele-delectrification-en-afrique\\\/\",\"name\":\"\u00a0L&rsquo;Alg\u00e9rie s&rsquo;impose comme un mod\u00e8le d&rsquo;\u00e9lectrification en Afrique - La Sentinelle\",\"isPartOf\":{\"@id\":\"https:\\\/\\\/lasentinelle.dz\\\/#website\"},\"primaryImageOfPage\":{\"@id\":\"https:\\\/\\\/lasentinelle.dz\\\/index.php\\\/2026\\\/01\\\/29\\\/avec-un-taux-de-couverture-electrique-proche-de-100-lalgerie-simpose-comme-un-modele-delectrification-en-afrique\\\/#primaryimage\"},\"image\":{\"@id\":\"https:\\\/\\\/lasentinelle.dz\\\/index.php\\\/2026\\\/01\\\/29\\\/avec-un-taux-de-couverture-electrique-proche-de-100-lalgerie-simpose-comme-un-modele-delectrification-en-afrique\\\/#primaryimage\"},\"thumbnailUrl\":\"https:\\\/\\\/lasentinelle.dz\\\/wp-content\\\/uploads\\\/2023\\\/04\\\/electricite.png\",\"datePublished\":\"2026-01-29T10:53:29+00:00\",\"dateModified\":\"2026-01-31T11:06:57+00:00\",\"breadcrumb\":{\"@id\":\"https:\\\/\\\/lasentinelle.dz\\\/index.php\\\/2026\\\/01\\\/29\\\/avec-un-taux-de-couverture-electrique-proche-de-100-lalgerie-simpose-comme-un-modele-delectrification-en-afrique\\\/#breadcrumb\"},\"inLanguage\":\"fr-FR\",\"potentialAction\":[{\"@type\":\"ReadAction\",\"target\":[\"https:\\\/\\\/lasentinelle.dz\\\/index.php\\\/2026\\\/01\\\/29\\\/avec-un-taux-de-couverture-electrique-proche-de-100-lalgerie-simpose-comme-un-modele-delectrification-en-afrique\\\/\"]}]},{\"@type\":\"ImageObject\",\"inLanguage\":\"fr-FR\",\"@id\":\"https:\\\/\\\/lasentinelle.dz\\\/index.php\\\/2026\\\/01\\\/29\\\/avec-un-taux-de-couverture-electrique-proche-de-100-lalgerie-simpose-comme-un-modele-delectrification-en-afrique\\\/#primaryimage\",\"url\":\"https:\\\/\\\/lasentinelle.dz\\\/wp-content\\\/uploads\\\/2023\\\/04\\\/electricite.png\",\"contentUrl\":\"https:\\\/\\\/lasentinelle.dz\\\/wp-content\\\/uploads\\\/2023\\\/04\\\/electricite.png\",\"width\":1600,\"height\":900},{\"@type\":\"BreadcrumbList\",\"@id\":\"https:\\\/\\\/lasentinelle.dz\\\/index.php\\\/2026\\\/01\\\/29\\\/avec-un-taux-de-couverture-electrique-proche-de-100-lalgerie-simpose-comme-un-modele-delectrification-en-afrique\\\/#breadcrumb\",\"itemListElement\":[{\"@type\":\"ListItem\",\"position\":1,\"name\":\"Accueil\",\"item\":\"https:\\\/\\\/lasentinelle.dz\\\/\"},{\"@type\":\"ListItem\",\"position\":2,\"name\":\"\u00a0L&rsquo;Alg\u00e9rie s&rsquo;impose comme un mod\u00e8le d&rsquo;\u00e9lectrification en Afrique\"}]},{\"@type\":\"WebSite\",\"@id\":\"https:\\\/\\\/lasentinelle.dz\\\/#website\",\"url\":\"https:\\\/\\\/lasentinelle.dz\\\/\",\"name\":\"La Sentinelle\",\"description\":\"Quotidien national d&#039;information\",\"publisher\":{\"@id\":\"https:\\\/\\\/lasentinelle.dz\\\/#organization\"},\"potentialAction\":[{\"@type\":\"SearchAction\",\"target\":{\"@type\":\"EntryPoint\",\"urlTemplate\":\"https:\\\/\\\/lasentinelle.dz\\\/?s={search_term_string}\"},\"query-input\":{\"@type\":\"PropertyValueSpecification\",\"valueRequired\":true,\"valueName\":\"search_term_string\"}}],\"inLanguage\":\"fr-FR\"},{\"@type\":\"Organization\",\"@id\":\"https:\\\/\\\/lasentinelle.dz\\\/#organization\",\"name\":\"Quotidien La Sentinelle\",\"url\":\"https:\\\/\\\/lasentinelle.dz\\\/\",\"logo\":{\"@type\":\"ImageObject\",\"inLanguage\":\"fr-FR\",\"@id\":\"https:\\\/\\\/lasentinelle.dz\\\/#\\\/schema\\\/logo\\\/image\\\/\",\"url\":\"https:\\\/\\\/lasentinelle.dz\\\/wp-content\\\/uploads\\\/2021\\\/09\\\/logo-sentinelleSLOGAN-1.png\",\"contentUrl\":\"https:\\\/\\\/lasentinelle.dz\\\/wp-content\\\/uploads\\\/2021\\\/09\\\/logo-sentinelleSLOGAN-1.png\",\"width\":615,\"height\":142,\"caption\":\"Quotidien La Sentinelle\"},\"image\":{\"@id\":\"https:\\\/\\\/lasentinelle.dz\\\/#\\\/schema\\\/logo\\\/image\\\/\"},\"sameAs\":[\"https:\\\/\\\/www.facebook.com\\\/La-Sentinelle-104059864394773\"]},{\"@type\":\"Person\",\"@id\":\"https:\\\/\\\/lasentinelle.dz\\\/#\\\/schema\\\/person\\\/729ee0024f24e0b8c5ec17232f8e8b41\",\"name\":\"admin\",\"image\":{\"@type\":\"ImageObject\",\"inLanguage\":\"fr-FR\",\"@id\":\"https:\\\/\\\/secure.gravatar.com\\\/avatar\\\/4c81fed838786e9b53f540bf46533e750f5d292099ae3b66cfc6fb1982e29df7?s=96&d=mm&r=g\",\"url\":\"https:\\\/\\\/secure.gravatar.com\\\/avatar\\\/4c81fed838786e9b53f540bf46533e750f5d292099ae3b66cfc6fb1982e29df7?s=96&d=mm&r=g\",\"contentUrl\":\"https:\\\/\\\/secure.gravatar.com\\\/avatar\\\/4c81fed838786e9b53f540bf46533e750f5d292099ae3b66cfc6fb1982e29df7?s=96&d=mm&r=g\",\"caption\":\"admin\"},\"description\":\"admin\",\"url\":\"https:\\\/\\\/lasentinelle.dz\\\/author\\\/admin\\\/\"}]}<\/script>\n<!-- \/ Yoast SEO plugin. -->","yoast_head_json":{"title":"\u00a0L&rsquo;Alg\u00e9rie s&rsquo;impose comme un mod\u00e8le d&rsquo;\u00e9lectrification en Afrique - La Sentinelle","robots":{"index":"index","follow":"follow","max-snippet":"max-snippet:-1","max-image-preview":"max-image-preview:large","max-video-preview":"max-video-preview:-1"},"canonical":"https:\/\/lasentinelle.dz\/index.php\/2026\/01\/29\/avec-un-taux-de-couverture-electrique-proche-de-100-lalgerie-simpose-comme-un-modele-delectrification-en-afrique\/","og_locale":"fr_FR","og_type":"article","og_title":"\u00a0L&rsquo;Alg\u00e9rie s&rsquo;impose comme un mod\u00e8le d&rsquo;\u00e9lectrification en Afrique - La Sentinelle","og_description":"Dans un continent africain o\u00f9 pr\u00e8s de 563 millions de personnes demeurent priv\u00e9es d&rsquo;\u00e9lectricit\u00e9, l&rsquo;Alg\u00e9rie fait figure d&rsquo;exception. Selon un","og_url":"https:\/\/lasentinelle.dz\/index.php\/2026\/01\/29\/avec-un-taux-de-couverture-electrique-proche-de-100-lalgerie-simpose-comme-un-modele-delectrification-en-afrique\/","og_site_name":"La Sentinelle","article_publisher":"https:\/\/www.facebook.com\/La-Sentinelle-104059864394773","article_published_time":"2026-01-29T10:53:29+00:00","article_modified_time":"2026-01-31T11:06:57+00:00","og_image":[{"width":1600,"height":900,"url":"https:\/\/lasentinelle.dz\/wp-content\/uploads\/2023\/04\/electricite.png","type":"image\/png"}],"author":"admin","twitter_card":"summary_large_image","twitter_misc":{"\u00c9crit par":"admin","Dur\u00e9e de lecture estim\u00e9e":"3 minutes"},"schema":{"@context":"https:\/\/schema.org","@graph":[{"@type":"Article","@id":"https:\/\/lasentinelle.dz\/index.php\/2026\/01\/29\/avec-un-taux-de-couverture-electrique-proche-de-100-lalgerie-simpose-comme-un-modele-delectrification-en-afrique\/#article","isPartOf":{"@id":"https:\/\/lasentinelle.dz\/index.php\/2026\/01\/29\/avec-un-taux-de-couverture-electrique-proche-de-100-lalgerie-simpose-comme-un-modele-delectrification-en-afrique\/"},"author":{"name":"admin","@id":"https:\/\/lasentinelle.dz\/#\/schema\/person\/729ee0024f24e0b8c5ec17232f8e8b41"},"headline":"\u00a0L&rsquo;Alg\u00e9rie s&rsquo;impose comme un mod\u00e8le d&rsquo;\u00e9lectrification en Afrique","datePublished":"2026-01-29T10:53:29+00:00","dateModified":"2026-01-31T11:06:57+00:00","mainEntityOfPage":{"@id":"https:\/\/lasentinelle.dz\/index.php\/2026\/01\/29\/avec-un-taux-de-couverture-electrique-proche-de-100-lalgerie-simpose-comme-un-modele-delectrification-en-afrique\/"},"wordCount":515,"commentCount":0,"publisher":{"@id":"https:\/\/lasentinelle.dz\/#organization"},"image":{"@id":"https:\/\/lasentinelle.dz\/index.php\/2026\/01\/29\/avec-un-taux-de-couverture-electrique-proche-de-100-lalgerie-simpose-comme-un-modele-delectrification-en-afrique\/#primaryimage"},"thumbnailUrl":"https:\/\/lasentinelle.dz\/wp-content\/uploads\/2023\/04\/electricite.png","articleSection":["\u00c9conomie"],"inLanguage":"fr-FR","potentialAction":[{"@type":"CommentAction","name":"Comment","target":["https:\/\/lasentinelle.dz\/index.php\/2026\/01\/29\/avec-un-taux-de-couverture-electrique-proche-de-100-lalgerie-simpose-comme-un-modele-delectrification-en-afrique\/#respond"]}]},{"@type":"WebPage","@id":"https:\/\/lasentinelle.dz\/index.php\/2026\/01\/29\/avec-un-taux-de-couverture-electrique-proche-de-100-lalgerie-simpose-comme-un-modele-delectrification-en-afrique\/","url":"https:\/\/lasentinelle.dz\/index.php\/2026\/01\/29\/avec-un-taux-de-couverture-electrique-proche-de-100-lalgerie-simpose-comme-un-modele-delectrification-en-afrique\/","name":"\u00a0L&rsquo;Alg\u00e9rie s&rsquo;impose comme un mod\u00e8le d&rsquo;\u00e9lectrification en Afrique - La Sentinelle","isPartOf":{"@id":"https:\/\/lasentinelle.dz\/#website"},"primaryImageOfPage":{"@id":"https:\/\/lasentinelle.dz\/index.php\/2026\/01\/29\/avec-un-taux-de-couverture-electrique-proche-de-100-lalgerie-simpose-comme-un-modele-delectrification-en-afrique\/#primaryimage"},"image":{"@id":"https:\/\/lasentinelle.dz\/index.php\/2026\/01\/29\/avec-un-taux-de-couverture-electrique-proche-de-100-lalgerie-simpose-comme-un-modele-delectrification-en-afrique\/#primaryimage"},"thumbnailUrl":"https:\/\/lasentinelle.dz\/wp-content\/uploads\/2023\/04\/electricite.png","datePublished":"2026-01-29T10:53:29+00:00","dateModified":"2026-01-31T11:06:57+00:00","breadcrumb":{"@id":"https:\/\/lasentinelle.dz\/index.php\/2026\/01\/29\/avec-un-taux-de-couverture-electrique-proche-de-100-lalgerie-simpose-comme-un-modele-delectrification-en-afrique\/#breadcrumb"},"inLanguage":"fr-FR","potentialAction":[{"@type":"ReadAction","target":["https:\/\/lasentinelle.dz\/index.php\/2026\/01\/29\/avec-un-taux-de-couverture-electrique-proche-de-100-lalgerie-simpose-comme-un-modele-delectrification-en-afrique\/"]}]},{"@type":"ImageObject","inLanguage":"fr-FR","@id":"https:\/\/lasentinelle.dz\/index.php\/2026\/01\/29\/avec-un-taux-de-couverture-electrique-proche-de-100-lalgerie-simpose-comme-un-modele-delectrification-en-afrique\/#primaryimage","url":"https:\/\/lasentinelle.dz\/wp-content\/uploads\/2023\/04\/electricite.png","contentUrl":"https:\/\/lasentinelle.dz\/wp-content\/uploads\/2023\/04\/electricite.png","width":1600,"height":900},{"@type":"BreadcrumbList","@id":"https:\/\/lasentinelle.dz\/index.php\/2026\/01\/29\/avec-un-taux-de-couverture-electrique-proche-de-100-lalgerie-simpose-comme-un-modele-delectrification-en-afrique\/#breadcrumb","itemListElement":[{"@type":"ListItem","position":1,"name":"Accueil","item":"https:\/\/lasentinelle.dz\/"},{"@type":"ListItem","position":2,"name":"\u00a0L&rsquo;Alg\u00e9rie s&rsquo;impose comme un mod\u00e8le d&rsquo;\u00e9lectrification en Afrique"}]},{"@type":"WebSite","@id":"https:\/\/lasentinelle.dz\/#website","url":"https:\/\/lasentinelle.dz\/","name":"La Sentinelle","description":"Quotidien national d&#039;information","publisher":{"@id":"https:\/\/lasentinelle.dz\/#organization"},"potentialAction":[{"@type":"SearchAction","target":{"@type":"EntryPoint","urlTemplate":"https:\/\/lasentinelle.dz\/?s={search_term_string}"},"query-input":{"@type":"PropertyValueSpecification","valueRequired":true,"valueName":"search_term_string"}}],"inLanguage":"fr-FR"},{"@type":"Organization","@id":"https:\/\/lasentinelle.dz\/#organization","name":"Quotidien La Sentinelle","url":"https:\/\/lasentinelle.dz\/","logo":{"@type":"ImageObject","inLanguage":"fr-FR","@id":"https:\/\/lasentinelle.dz\/#\/schema\/logo\/image\/","url":"https:\/\/lasentinelle.dz\/wp-content\/uploads\/2021\/09\/logo-sentinelleSLOGAN-1.png","contentUrl":"https:\/\/lasentinelle.dz\/wp-content\/uploads\/2021\/09\/logo-sentinelleSLOGAN-1.png","width":615,"height":142,"caption":"Quotidien La Sentinelle"},"image":{"@id":"https:\/\/lasentinelle.dz\/#\/schema\/logo\/image\/"},"sameAs":["https:\/\/www.facebook.com\/La-Sentinelle-104059864394773"]},{"@type":"Person","@id":"https:\/\/lasentinelle.dz\/#\/schema\/person\/729ee0024f24e0b8c5ec17232f8e8b41","name":"admin","image":{"@type":"ImageObject","inLanguage":"fr-FR","@id":"https:\/\/secure.gravatar.com\/avatar\/4c81fed838786e9b53f540bf46533e750f5d292099ae3b66cfc6fb1982e29df7?s=96&d=mm&r=g","url":"https:\/\/secure.gravatar.com\/avatar\/4c81fed838786e9b53f540bf46533e750f5d292099ae3b66cfc6fb1982e29df7?s=96&d=mm&r=g","contentUrl":"https:\/\/secure.gravatar.com\/avatar\/4c81fed838786e9b53f540bf46533e750f5d292099ae3b66cfc6fb1982e29df7?s=96&d=mm&r=g","caption":"admin"},"description":"admin","url":"https:\/\/lasentinelle.dz\/author\/admin\/"}]}},"_links":{"self":[{"href":"https:\/\/lasentinelle.dz\/index.php\/wp-json\/wp\/v2\/posts\/80323","targetHints":{"allow":["GET"]}}],"collection":[{"href":"https:\/\/lasentinelle.dz\/index.php\/wp-json\/wp\/v2\/posts"}],"about":[{"href":"https:\/\/lasentinelle.dz\/index.php\/wp-json\/wp\/v2\/types\/post"}],"author":[{"embeddable":true,"href":"https:\/\/lasentinelle.dz\/index.php\/wp-json\/wp\/v2\/users\/6"}],"replies":[{"embeddable":true,"href":"https:\/\/lasentinelle.dz\/index.php\/wp-json\/wp\/v2\/comments?post=80323"}],"version-history":[{"count":3,"href":"https:\/\/lasentinelle.dz\/index.php\/wp-json\/wp\/v2\/posts\/80323\/revisions"}],"predecessor-version":[{"id":80358,"href":"https:\/\/lasentinelle.dz\/index.php\/wp-json\/wp\/v2\/posts\/80323\/revisions\/80358"}],"wp:featuredmedia":[{"embeddable":true,"href":"https:\/\/lasentinelle.dz\/index.php\/wp-json\/wp\/v2\/media\/39460"}],"wp:attachment":[{"href":"https:\/\/lasentinelle.dz\/index.php\/wp-json\/wp\/v2\/media?parent=80323"}],"wp:term":[{"taxonomy":"category","embeddable":true,"href":"https:\/\/lasentinelle.dz\/index.php\/wp-json\/wp\/v2\/categories?post=80323"},{"taxonomy":"post_tag","embeddable":true,"href":"https:\/\/lasentinelle.dz\/index.php\/wp-json\/wp\/v2\/tags?post=80323"}],"curies":[{"name":"wp","href":"https:\/\/api.w.org\/{rel}","templated":true}]}}