{"id":80326,"date":"2026-01-29T11:54:31","date_gmt":"2026-01-29T10:54:31","guid":{"rendered":"https:\/\/lasentinelle.dz\/?p=80326"},"modified":"2026-01-31T11:55:04","modified_gmt":"2026-01-31T10:55:04","slug":"semences-hybrides-production-de-plants-et-developpement-de-lelevage-les-imperatifs-de-la-securite-alimentaire","status":"publish","type":"post","link":"https:\/\/lasentinelle.dz\/index.php\/2026\/01\/29\/semences-hybrides-production-de-plants-et-developpement-de-lelevage-les-imperatifs-de-la-securite-alimentaire\/","title":{"rendered":"Semences hybrides, production de plants et d\u00e9veloppement de l&rsquo;\u00e9levage\u00a0:\u00a0Les imp\u00e9ratifs de la s\u00e9curit\u00e9 alimentaire"},"content":{"rendered":"\n<p>Le ministre de l&rsquo;Agriculture, du D\u00e9veloppement rural et de la P\u00eache, Yacine El-Mahdi Oualid, a d\u00e9voil\u00e9 mardi \u00e0 Alger les contours d&rsquo;une strat\u00e9gie nationale ambitieuse visant \u00e0 renforcer la souverainet\u00e9 alimentaire de l&rsquo;Alg\u00e9rie. S&rsquo;exprimant lors de la premi\u00e8re r\u00e9union du Conseil scientifique national de la s\u00e9curit\u00e9 alimentaire, tenue au si\u00e8ge de la Chambre nationale d&rsquo;agriculture, le ministre a insist\u00e9 sur la n\u00e9cessit\u00e9 de r\u00e9duire la d\u00e9pendance du pays aux importations agricoles en misant sur les capacit\u00e9s locales de recherche et de production.<\/p>\n\n\n\n<p>Au c\u0153ur de cette strat\u00e9gie figure la production locale de semences hybrides, un enjeu majeur pour l&rsquo;autonomie agricole du pays. Le ministre a expliqu\u00e9 que ses services \u0153uvraient \u00e0 lancer des projets concrets dans ce domaine, pr\u00e9cisant que l&rsquo;objectif \u00e9tait de \u00ab\u00a0r\u00e9duire la d\u00e9pendance quasi totale aux semences import\u00e9es\u00a0\u00bb tout en valorisant \u00ab\u00a0les recherches et exp\u00e9riences r\u00e9ussies r\u00e9alis\u00e9es au niveau de plusieurs instituts et universit\u00e9s\u00a0\u00bb. Parmi les initiatives cit\u00e9es, le projet pilot\u00e9 par l&rsquo;Universit\u00e9 de Tiaret pour d\u00e9velopper les semences hybrides du ma\u00efs et de plusieurs l\u00e9gumes, ainsi que les travaux du Centre de recherche en biotechnologie de Constantine, illustrent la volont\u00e9 de transformer les r\u00e9sultats scientifiques en applications concr\u00e8tes.&nbsp;La production de plants constitue le deuxi\u00e8me pilier de cette strat\u00e9gie. Le minist\u00e8re pr\u00e9voit un renforcement significatif dans ce domaine, notamment pour \u00e9largir les cultures arboricoles comme l&rsquo;arganier. Plus innovant encore, le Centre de recherche en biotechnologie travaille actuellement \u00e0 assurer des plants de bananier avec \u00ab\u00a0une haute capacit\u00e9 de production\u00a0\u00bb, ce qui permettrait, selon le ministre, \u00ab\u00a0de lancer cette culture localement \u00e0 une plus grande \u00e9tendue\u00a0\u00bb. Ces nouvelles cultures, fruits d&rsquo;\u00e9tudes approfondies, devraient contribuer \u00e0 r\u00e9duire substantiellement la facture d&rsquo;importation du pays.<\/p>\n\n\n\n<p>Le d\u00e9veloppement de l&rsquo;\u00e9levage repr\u00e9sente le troisi\u00e8me axe strat\u00e9gique pr\u00e9sent\u00e9 par Yacine El-Mahdi Oualid. Le ministre a insist\u00e9 sur \u00ab\u00a0la n\u00e9cessit\u00e9 d&rsquo;utiliser des m\u00e9thodes scientifiques pour r\u00e9duire le co\u00fbt de production en ma\u00eetrisant la cha\u00eene de production, notamment en ce qui concerne les aliments du b\u00e9tail\u00a0\u00bb. Il a soulign\u00e9 l&rsquo;importance d&rsquo;adopter des formules sanitaires dans la production d&rsquo;aliments pour animaux, int\u00e9grant des mati\u00e8res agricoles produites localement, permettant ainsi d&rsquo;augmenter la production \u00e0 moindre co\u00fbt. Concernant sp\u00e9cifiquement les viandes blanches, le ministre a mis l&rsquo;accent sur la n\u00e9cessit\u00e9 de r\u00e9duire la d\u00e9pendance aux g\u00e9n\u00e9tiques import\u00e9es et de favoriser la production locale de poules reproductrices, rappelant que l&rsquo;Alg\u00e9rie dispose d\u00e9j\u00e0 de plusieurs complexes de production int\u00e9gr\u00e9s.<\/p>\n\n\n\n<p><strong>Soutien public \u00e0 la m\u00e9canisation<\/strong><\/p>\n\n\n\n<p>La modernisation du secteur passe \u00e9galement par la m\u00e9canisation et l&rsquo;adoption de technologies de pointe. Le ministre a affirm\u00e9 que les services du minist\u00e8re \u00e9taient \u00ab\u00a0d\u00e9sormais pr\u00eats \u00e0 soutenir tous les agriculteurs dans ce domaine\u00a0\u00bb pour am\u00e9liorer le rendement des terres. Il a \u00e9galement \u00e9voqu\u00e9 la n\u00e9cessit\u00e9 d&rsquo;am\u00e9liorer l&rsquo;efficacit\u00e9 du soutien apport\u00e9 au secteur agricole et d&rsquo;optimiser l&rsquo;utilisation des ressources, pr\u00e9cisant que \u00ab\u00a0le minist\u00e8re \u0153uvre pour que chaque dinar investi dans le secteur ait un rendement en termes de production\u00a0\u00bb.&nbsp;Sur le plan r\u00e9glementaire, le ministre a annonc\u00e9 la r\u00e9vision de la loi d&rsquo;orientation agricole, conform\u00e9ment aux instructions du pr\u00e9sident de la R\u00e9publique, Abdelmadjid Tebboune. Cette r\u00e9vision vise \u00e0 \u00ab\u00a0lib\u00e9rer l&rsquo;esprit d&rsquo;initiative et \u00e0 permettre \u00e0 tous les acteurs du secteur agricole de mener leurs activit\u00e9s en toute s\u00e9r\u00e9nit\u00e9, tout en limitant le r\u00f4le de l&rsquo;administration \u00e0 l&rsquo;accompagnement et \u00e0 la facilitation\u00a0\u00bb. Le ministre a \u00e9galement affirm\u00e9 que la r\u00e9alisation des objectifs fix\u00e9s dans le secteur \u00e9tait tributaire d&rsquo;un changement du mode de gestion, qui requiert l&rsquo;adoption d&rsquo;une vision scientifique et la rupture avec l&rsquo;approche administrative.&nbsp;Pour accompagner cette transformation, le Conseil scientifique national pour la s\u00e9curit\u00e9 alimentaire, install\u00e9 en octobre dernier et compos\u00e9 de trente-trois membres, joue un r\u00f4le central. Son pr\u00e9sident, Ammar Azioune, a pr\u00e9cis\u00e9 que ce Conseil, compos\u00e9 \u00ab\u00a0des \u00e9lites alg\u00e9riennes, de l&rsquo;int\u00e9rieur et de l&rsquo;ext\u00e9rieur du pays, dans diverses sp\u00e9cialit\u00e9s, constitue une base technique solide \u00e0 m\u00eame d&rsquo;accompagner la strat\u00e9gie du secteur pour la r\u00e9alisation de la s\u00e9curit\u00e9 alimentaire, au vu des transformations actuelles, particuli\u00e8rement g\u00e9opolitiques et climatiques\u00a0\u00bb. Les recommandations de la Conf\u00e9rence nationale pour la r\u00e9forme du secteur agricole ont \u00e9t\u00e9 publi\u00e9es sur le site officiel du minist\u00e8re pour servir de base au d\u00e9bat au sein de cette instance.<\/p>\n\n\n\n<p>Sabrina Aziouez<\/p>\n","protected":false},"excerpt":{"rendered":"<p>Le ministre de l&rsquo;Agriculture, du D\u00e9veloppement rural et de la P\u00eache, Yacine El-Mahdi Oualid, a d\u00e9voil\u00e9 mardi \u00e0 Alger les<\/p>\n","protected":false},"author":6,"featured_media":75354,"comment_status":"open","ping_status":"closed","sticky":false,"template":"","format":"standard","meta":{"colormag_page_container_layout":"default_layout","colormag_page_sidebar_layout":"default_layout","om_disable_all_campaigns":false,"_monsterinsights_skip_tracking":false,"_monsterinsights_sitenote_active":false,"_monsterinsights_sitenote_note":"","_monsterinsights_sitenote_category":0,"footnotes":"","_wpscppro_dont_share_socialmedia":false,"_wpscppro_custom_social_share_image":0,"_facebook_share_type":"default","_twitter_share_type":"default","_linkedin_share_type":"default","_pinterest_share_type":"default","_linkedin_share_type_page":"","_instagram_share_type":"default","_medium_share_type":"default","_threads_share_type":"default","_google_business_share_type":"default","_selected_social_profile":[],"_wpsp_enable_custom_social_template":false,"_wpsp_social_scheduling":{"enabled":false,"datetime":null,"platforms":[],"status":"template_only","dateOption":"today","timeOption":"now","customDays":"","customHours":"","customDate":"","customTime":"","schedulingType":"absolute"},"_wpsp_active_default_template":true},"categories":[29],"tags":[],"class_list":["post-80326","post","type-post","status-publish","format-standard","has-post-thumbnail","hentry","category-economie"],"aioseo_notices":[],"yoast_head":"<!-- This site is optimized with the Yoast SEO plugin v27.5 - https:\/\/yoast.com\/product\/yoast-seo-wordpress\/ -->\n<title>Semences hybrides, production de plants et d\u00e9veloppement de l&rsquo;\u00e9levage\u00a0:\u00a0Les imp\u00e9ratifs de la s\u00e9curit\u00e9 alimentaire - La Sentinelle<\/title>\n<meta name=\"robots\" content=\"index, follow, max-snippet:-1, max-image-preview:large, max-video-preview:-1\" \/>\n<link rel=\"canonical\" href=\"https:\/\/lasentinelle.dz\/index.php\/2026\/01\/29\/semences-hybrides-production-de-plants-et-developpement-de-lelevage-les-imperatifs-de-la-securite-alimentaire\/\" \/>\n<meta property=\"og:locale\" content=\"fr_FR\" \/>\n<meta property=\"og:type\" content=\"article\" \/>\n<meta property=\"og:title\" content=\"Semences hybrides, production de plants et d\u00e9veloppement de l&rsquo;\u00e9levage\u00a0:\u00a0Les imp\u00e9ratifs de la s\u00e9curit\u00e9 alimentaire - La Sentinelle\" \/>\n<meta property=\"og:description\" content=\"Le ministre de l&rsquo;Agriculture, du D\u00e9veloppement rural et de la P\u00eache, Yacine El-Mahdi Oualid, a d\u00e9voil\u00e9 mardi \u00e0 Alger les\" \/>\n<meta property=\"og:url\" content=\"https:\/\/lasentinelle.dz\/index.php\/2026\/01\/29\/semences-hybrides-production-de-plants-et-developpement-de-lelevage-les-imperatifs-de-la-securite-alimentaire\/\" \/>\n<meta property=\"og:site_name\" content=\"La Sentinelle\" \/>\n<meta property=\"article:publisher\" content=\"https:\/\/www.facebook.com\/La-Sentinelle-104059864394773\" \/>\n<meta property=\"article:published_time\" content=\"2026-01-29T10:54:31+00:00\" \/>\n<meta property=\"article:modified_time\" content=\"2026-01-31T10:55:04+00:00\" \/>\n<meta property=\"og:image\" content=\"https:\/\/lasentinelle.dz\/wp-content\/uploads\/2025\/10\/agri-1024x611.png\" \/>\n\t<meta property=\"og:image:width\" content=\"1024\" \/>\n\t<meta property=\"og:image:height\" content=\"611\" \/>\n\t<meta property=\"og:image:type\" content=\"image\/png\" \/>\n<meta name=\"author\" content=\"admin\" \/>\n<meta name=\"twitter:card\" content=\"summary_large_image\" \/>\n<meta name=\"twitter:label1\" content=\"\u00c9crit par\" \/>\n\t<meta name=\"twitter:data1\" content=\"admin\" \/>\n\t<meta name=\"twitter:label2\" content=\"Dur\u00e9e de lecture estim\u00e9e\" \/>\n\t<meta name=\"twitter:data2\" content=\"4 minutes\" \/>\n<script type=\"application\/ld+json\" class=\"yoast-schema-graph\">{\"@context\":\"https:\\\/\\\/schema.org\",\"@graph\":[{\"@type\":\"Article\",\"@id\":\"https:\\\/\\\/lasentinelle.dz\\\/index.php\\\/2026\\\/01\\\/29\\\/semences-hybrides-production-de-plants-et-developpement-de-lelevage-les-imperatifs-de-la-securite-alimentaire\\\/#article\",\"isPartOf\":{\"@id\":\"https:\\\/\\\/lasentinelle.dz\\\/index.php\\\/2026\\\/01\\\/29\\\/semences-hybrides-production-de-plants-et-developpement-de-lelevage-les-imperatifs-de-la-securite-alimentaire\\\/\"},\"author\":{\"name\":\"admin\",\"@id\":\"https:\\\/\\\/lasentinelle.dz\\\/#\\\/schema\\\/person\\\/729ee0024f24e0b8c5ec17232f8e8b41\"},\"headline\":\"Semences hybrides, production de plants et d\u00e9veloppement de l&rsquo;\u00e9levage\u00a0:\u00a0Les imp\u00e9ratifs de la s\u00e9curit\u00e9 alimentaire\",\"datePublished\":\"2026-01-29T10:54:31+00:00\",\"dateModified\":\"2026-01-31T10:55:04+00:00\",\"mainEntityOfPage\":{\"@id\":\"https:\\\/\\\/lasentinelle.dz\\\/index.php\\\/2026\\\/01\\\/29\\\/semences-hybrides-production-de-plants-et-developpement-de-lelevage-les-imperatifs-de-la-securite-alimentaire\\\/\"},\"wordCount\":828,\"commentCount\":0,\"publisher\":{\"@id\":\"https:\\\/\\\/lasentinelle.dz\\\/#organization\"},\"image\":{\"@id\":\"https:\\\/\\\/lasentinelle.dz\\\/index.php\\\/2026\\\/01\\\/29\\\/semences-hybrides-production-de-plants-et-developpement-de-lelevage-les-imperatifs-de-la-securite-alimentaire\\\/#primaryimage\"},\"thumbnailUrl\":\"https:\\\/\\\/lasentinelle.dz\\\/wp-content\\\/uploads\\\/2025\\\/10\\\/agri.png\",\"articleSection\":[\"\u00c9conomie\"],\"inLanguage\":\"fr-FR\",\"potentialAction\":[{\"@type\":\"CommentAction\",\"name\":\"Comment\",\"target\":[\"https:\\\/\\\/lasentinelle.dz\\\/index.php\\\/2026\\\/01\\\/29\\\/semences-hybrides-production-de-plants-et-developpement-de-lelevage-les-imperatifs-de-la-securite-alimentaire\\\/#respond\"]}]},{\"@type\":\"WebPage\",\"@id\":\"https:\\\/\\\/lasentinelle.dz\\\/index.php\\\/2026\\\/01\\\/29\\\/semences-hybrides-production-de-plants-et-developpement-de-lelevage-les-imperatifs-de-la-securite-alimentaire\\\/\",\"url\":\"https:\\\/\\\/lasentinelle.dz\\\/index.php\\\/2026\\\/01\\\/29\\\/semences-hybrides-production-de-plants-et-developpement-de-lelevage-les-imperatifs-de-la-securite-alimentaire\\\/\",\"name\":\"Semences hybrides, production de plants et d\u00e9veloppement de l&rsquo;\u00e9levage\u00a0:\u00a0Les imp\u00e9ratifs de la s\u00e9curit\u00e9 alimentaire - La Sentinelle\",\"isPartOf\":{\"@id\":\"https:\\\/\\\/lasentinelle.dz\\\/#website\"},\"primaryImageOfPage\":{\"@id\":\"https:\\\/\\\/lasentinelle.dz\\\/index.php\\\/2026\\\/01\\\/29\\\/semences-hybrides-production-de-plants-et-developpement-de-lelevage-les-imperatifs-de-la-securite-alimentaire\\\/#primaryimage\"},\"image\":{\"@id\":\"https:\\\/\\\/lasentinelle.dz\\\/index.php\\\/2026\\\/01\\\/29\\\/semences-hybrides-production-de-plants-et-developpement-de-lelevage-les-imperatifs-de-la-securite-alimentaire\\\/#primaryimage\"},\"thumbnailUrl\":\"https:\\\/\\\/lasentinelle.dz\\\/wp-content\\\/uploads\\\/2025\\\/10\\\/agri.png\",\"datePublished\":\"2026-01-29T10:54:31+00:00\",\"dateModified\":\"2026-01-31T10:55:04+00:00\",\"breadcrumb\":{\"@id\":\"https:\\\/\\\/lasentinelle.dz\\\/index.php\\\/2026\\\/01\\\/29\\\/semences-hybrides-production-de-plants-et-developpement-de-lelevage-les-imperatifs-de-la-securite-alimentaire\\\/#breadcrumb\"},\"inLanguage\":\"fr-FR\",\"potentialAction\":[{\"@type\":\"ReadAction\",\"target\":[\"https:\\\/\\\/lasentinelle.dz\\\/index.php\\\/2026\\\/01\\\/29\\\/semences-hybrides-production-de-plants-et-developpement-de-lelevage-les-imperatifs-de-la-securite-alimentaire\\\/\"]}]},{\"@type\":\"ImageObject\",\"inLanguage\":\"fr-FR\",\"@id\":\"https:\\\/\\\/lasentinelle.dz\\\/index.php\\\/2026\\\/01\\\/29\\\/semences-hybrides-production-de-plants-et-developpement-de-lelevage-les-imperatifs-de-la-securite-alimentaire\\\/#primaryimage\",\"url\":\"https:\\\/\\\/lasentinelle.dz\\\/wp-content\\\/uploads\\\/2025\\\/10\\\/agri.png\",\"contentUrl\":\"https:\\\/\\\/lasentinelle.dz\\\/wp-content\\\/uploads\\\/2025\\\/10\\\/agri.png\",\"width\":2016,\"height\":1202},{\"@type\":\"BreadcrumbList\",\"@id\":\"https:\\\/\\\/lasentinelle.dz\\\/index.php\\\/2026\\\/01\\\/29\\\/semences-hybrides-production-de-plants-et-developpement-de-lelevage-les-imperatifs-de-la-securite-alimentaire\\\/#breadcrumb\",\"itemListElement\":[{\"@type\":\"ListItem\",\"position\":1,\"name\":\"Accueil\",\"item\":\"https:\\\/\\\/lasentinelle.dz\\\/\"},{\"@type\":\"ListItem\",\"position\":2,\"name\":\"Semences hybrides, production de plants et d\u00e9veloppement de l&rsquo;\u00e9levage\u00a0:\u00a0Les imp\u00e9ratifs de la s\u00e9curit\u00e9 alimentaire\"}]},{\"@type\":\"WebSite\",\"@id\":\"https:\\\/\\\/lasentinelle.dz\\\/#website\",\"url\":\"https:\\\/\\\/lasentinelle.dz\\\/\",\"name\":\"La Sentinelle\",\"description\":\"Quotidien national d&#039;information\",\"publisher\":{\"@id\":\"https:\\\/\\\/lasentinelle.dz\\\/#organization\"},\"potentialAction\":[{\"@type\":\"SearchAction\",\"target\":{\"@type\":\"EntryPoint\",\"urlTemplate\":\"https:\\\/\\\/lasentinelle.dz\\\/?s={search_term_string}\"},\"query-input\":{\"@type\":\"PropertyValueSpecification\",\"valueRequired\":true,\"valueName\":\"search_term_string\"}}],\"inLanguage\":\"fr-FR\"},{\"@type\":\"Organization\",\"@id\":\"https:\\\/\\\/lasentinelle.dz\\\/#organization\",\"name\":\"Quotidien La Sentinelle\",\"url\":\"https:\\\/\\\/lasentinelle.dz\\\/\",\"logo\":{\"@type\":\"ImageObject\",\"inLanguage\":\"fr-FR\",\"@id\":\"https:\\\/\\\/lasentinelle.dz\\\/#\\\/schema\\\/logo\\\/image\\\/\",\"url\":\"https:\\\/\\\/lasentinelle.dz\\\/wp-content\\\/uploads\\\/2021\\\/09\\\/logo-sentinelleSLOGAN-1.png\",\"contentUrl\":\"https:\\\/\\\/lasentinelle.dz\\\/wp-content\\\/uploads\\\/2021\\\/09\\\/logo-sentinelleSLOGAN-1.png\",\"width\":615,\"height\":142,\"caption\":\"Quotidien La Sentinelle\"},\"image\":{\"@id\":\"https:\\\/\\\/lasentinelle.dz\\\/#\\\/schema\\\/logo\\\/image\\\/\"},\"sameAs\":[\"https:\\\/\\\/www.facebook.com\\\/La-Sentinelle-104059864394773\"]},{\"@type\":\"Person\",\"@id\":\"https:\\\/\\\/lasentinelle.dz\\\/#\\\/schema\\\/person\\\/729ee0024f24e0b8c5ec17232f8e8b41\",\"name\":\"admin\",\"image\":{\"@type\":\"ImageObject\",\"inLanguage\":\"fr-FR\",\"@id\":\"https:\\\/\\\/secure.gravatar.com\\\/avatar\\\/4c81fed838786e9b53f540bf46533e750f5d292099ae3b66cfc6fb1982e29df7?s=96&d=mm&r=g\",\"url\":\"https:\\\/\\\/secure.gravatar.com\\\/avatar\\\/4c81fed838786e9b53f540bf46533e750f5d292099ae3b66cfc6fb1982e29df7?s=96&d=mm&r=g\",\"contentUrl\":\"https:\\\/\\\/secure.gravatar.com\\\/avatar\\\/4c81fed838786e9b53f540bf46533e750f5d292099ae3b66cfc6fb1982e29df7?s=96&d=mm&r=g\",\"caption\":\"admin\"},\"description\":\"admin\",\"url\":\"https:\\\/\\\/lasentinelle.dz\\\/author\\\/admin\\\/\"}]}<\/script>\n<!-- \/ Yoast SEO plugin. -->","yoast_head_json":{"title":"Semences hybrides, production de plants et d\u00e9veloppement de l&rsquo;\u00e9levage\u00a0:\u00a0Les imp\u00e9ratifs de la s\u00e9curit\u00e9 alimentaire - La Sentinelle","robots":{"index":"index","follow":"follow","max-snippet":"max-snippet:-1","max-image-preview":"max-image-preview:large","max-video-preview":"max-video-preview:-1"},"canonical":"https:\/\/lasentinelle.dz\/index.php\/2026\/01\/29\/semences-hybrides-production-de-plants-et-developpement-de-lelevage-les-imperatifs-de-la-securite-alimentaire\/","og_locale":"fr_FR","og_type":"article","og_title":"Semences hybrides, production de plants et d\u00e9veloppement de l&rsquo;\u00e9levage\u00a0:\u00a0Les imp\u00e9ratifs de la s\u00e9curit\u00e9 alimentaire - La Sentinelle","og_description":"Le ministre de l&rsquo;Agriculture, du D\u00e9veloppement rural et de la P\u00eache, Yacine El-Mahdi Oualid, a d\u00e9voil\u00e9 mardi \u00e0 Alger les","og_url":"https:\/\/lasentinelle.dz\/index.php\/2026\/01\/29\/semences-hybrides-production-de-plants-et-developpement-de-lelevage-les-imperatifs-de-la-securite-alimentaire\/","og_site_name":"La Sentinelle","article_publisher":"https:\/\/www.facebook.com\/La-Sentinelle-104059864394773","article_published_time":"2026-01-29T10:54:31+00:00","article_modified_time":"2026-01-31T10:55:04+00:00","og_image":[{"width":1024,"height":611,"url":"https:\/\/lasentinelle.dz\/wp-content\/uploads\/2025\/10\/agri-1024x611.png","type":"image\/png"}],"author":"admin","twitter_card":"summary_large_image","twitter_misc":{"\u00c9crit par":"admin","Dur\u00e9e de lecture estim\u00e9e":"4 minutes"},"schema":{"@context":"https:\/\/schema.org","@graph":[{"@type":"Article","@id":"https:\/\/lasentinelle.dz\/index.php\/2026\/01\/29\/semences-hybrides-production-de-plants-et-developpement-de-lelevage-les-imperatifs-de-la-securite-alimentaire\/#article","isPartOf":{"@id":"https:\/\/lasentinelle.dz\/index.php\/2026\/01\/29\/semences-hybrides-production-de-plants-et-developpement-de-lelevage-les-imperatifs-de-la-securite-alimentaire\/"},"author":{"name":"admin","@id":"https:\/\/lasentinelle.dz\/#\/schema\/person\/729ee0024f24e0b8c5ec17232f8e8b41"},"headline":"Semences hybrides, production de plants et d\u00e9veloppement de l&rsquo;\u00e9levage\u00a0:\u00a0Les imp\u00e9ratifs de la s\u00e9curit\u00e9 alimentaire","datePublished":"2026-01-29T10:54:31+00:00","dateModified":"2026-01-31T10:55:04+00:00","mainEntityOfPage":{"@id":"https:\/\/lasentinelle.dz\/index.php\/2026\/01\/29\/semences-hybrides-production-de-plants-et-developpement-de-lelevage-les-imperatifs-de-la-securite-alimentaire\/"},"wordCount":828,"commentCount":0,"publisher":{"@id":"https:\/\/lasentinelle.dz\/#organization"},"image":{"@id":"https:\/\/lasentinelle.dz\/index.php\/2026\/01\/29\/semences-hybrides-production-de-plants-et-developpement-de-lelevage-les-imperatifs-de-la-securite-alimentaire\/#primaryimage"},"thumbnailUrl":"https:\/\/lasentinelle.dz\/wp-content\/uploads\/2025\/10\/agri.png","articleSection":["\u00c9conomie"],"inLanguage":"fr-FR","potentialAction":[{"@type":"CommentAction","name":"Comment","target":["https:\/\/lasentinelle.dz\/index.php\/2026\/01\/29\/semences-hybrides-production-de-plants-et-developpement-de-lelevage-les-imperatifs-de-la-securite-alimentaire\/#respond"]}]},{"@type":"WebPage","@id":"https:\/\/lasentinelle.dz\/index.php\/2026\/01\/29\/semences-hybrides-production-de-plants-et-developpement-de-lelevage-les-imperatifs-de-la-securite-alimentaire\/","url":"https:\/\/lasentinelle.dz\/index.php\/2026\/01\/29\/semences-hybrides-production-de-plants-et-developpement-de-lelevage-les-imperatifs-de-la-securite-alimentaire\/","name":"Semences hybrides, production de plants et d\u00e9veloppement de l&rsquo;\u00e9levage\u00a0:\u00a0Les imp\u00e9ratifs de la s\u00e9curit\u00e9 alimentaire - La Sentinelle","isPartOf":{"@id":"https:\/\/lasentinelle.dz\/#website"},"primaryImageOfPage":{"@id":"https:\/\/lasentinelle.dz\/index.php\/2026\/01\/29\/semences-hybrides-production-de-plants-et-developpement-de-lelevage-les-imperatifs-de-la-securite-alimentaire\/#primaryimage"},"image":{"@id":"https:\/\/lasentinelle.dz\/index.php\/2026\/01\/29\/semences-hybrides-production-de-plants-et-developpement-de-lelevage-les-imperatifs-de-la-securite-alimentaire\/#primaryimage"},"thumbnailUrl":"https:\/\/lasentinelle.dz\/wp-content\/uploads\/2025\/10\/agri.png","datePublished":"2026-01-29T10:54:31+00:00","dateModified":"2026-01-31T10:55:04+00:00","breadcrumb":{"@id":"https:\/\/lasentinelle.dz\/index.php\/2026\/01\/29\/semences-hybrides-production-de-plants-et-developpement-de-lelevage-les-imperatifs-de-la-securite-alimentaire\/#breadcrumb"},"inLanguage":"fr-FR","potentialAction":[{"@type":"ReadAction","target":["https:\/\/lasentinelle.dz\/index.php\/2026\/01\/29\/semences-hybrides-production-de-plants-et-developpement-de-lelevage-les-imperatifs-de-la-securite-alimentaire\/"]}]},{"@type":"ImageObject","inLanguage":"fr-FR","@id":"https:\/\/lasentinelle.dz\/index.php\/2026\/01\/29\/semences-hybrides-production-de-plants-et-developpement-de-lelevage-les-imperatifs-de-la-securite-alimentaire\/#primaryimage","url":"https:\/\/lasentinelle.dz\/wp-content\/uploads\/2025\/10\/agri.png","contentUrl":"https:\/\/lasentinelle.dz\/wp-content\/uploads\/2025\/10\/agri.png","width":2016,"height":1202},{"@type":"BreadcrumbList","@id":"https:\/\/lasentinelle.dz\/index.php\/2026\/01\/29\/semences-hybrides-production-de-plants-et-developpement-de-lelevage-les-imperatifs-de-la-securite-alimentaire\/#breadcrumb","itemListElement":[{"@type":"ListItem","position":1,"name":"Accueil","item":"https:\/\/lasentinelle.dz\/"},{"@type":"ListItem","position":2,"name":"Semences hybrides, production de plants et d\u00e9veloppement de l&rsquo;\u00e9levage\u00a0:\u00a0Les imp\u00e9ratifs de la s\u00e9curit\u00e9 alimentaire"}]},{"@type":"WebSite","@id":"https:\/\/lasentinelle.dz\/#website","url":"https:\/\/lasentinelle.dz\/","name":"La Sentinelle","description":"Quotidien national d&#039;information","publisher":{"@id":"https:\/\/lasentinelle.dz\/#organization"},"potentialAction":[{"@type":"SearchAction","target":{"@type":"EntryPoint","urlTemplate":"https:\/\/lasentinelle.dz\/?s={search_term_string}"},"query-input":{"@type":"PropertyValueSpecification","valueRequired":true,"valueName":"search_term_string"}}],"inLanguage":"fr-FR"},{"@type":"Organization","@id":"https:\/\/lasentinelle.dz\/#organization","name":"Quotidien La Sentinelle","url":"https:\/\/lasentinelle.dz\/","logo":{"@type":"ImageObject","inLanguage":"fr-FR","@id":"https:\/\/lasentinelle.dz\/#\/schema\/logo\/image\/","url":"https:\/\/lasentinelle.dz\/wp-content\/uploads\/2021\/09\/logo-sentinelleSLOGAN-1.png","contentUrl":"https:\/\/lasentinelle.dz\/wp-content\/uploads\/2021\/09\/logo-sentinelleSLOGAN-1.png","width":615,"height":142,"caption":"Quotidien La Sentinelle"},"image":{"@id":"https:\/\/lasentinelle.dz\/#\/schema\/logo\/image\/"},"sameAs":["https:\/\/www.facebook.com\/La-Sentinelle-104059864394773"]},{"@type":"Person","@id":"https:\/\/lasentinelle.dz\/#\/schema\/person\/729ee0024f24e0b8c5ec17232f8e8b41","name":"admin","image":{"@type":"ImageObject","inLanguage":"fr-FR","@id":"https:\/\/secure.gravatar.com\/avatar\/4c81fed838786e9b53f540bf46533e750f5d292099ae3b66cfc6fb1982e29df7?s=96&d=mm&r=g","url":"https:\/\/secure.gravatar.com\/avatar\/4c81fed838786e9b53f540bf46533e750f5d292099ae3b66cfc6fb1982e29df7?s=96&d=mm&r=g","contentUrl":"https:\/\/secure.gravatar.com\/avatar\/4c81fed838786e9b53f540bf46533e750f5d292099ae3b66cfc6fb1982e29df7?s=96&d=mm&r=g","caption":"admin"},"description":"admin","url":"https:\/\/lasentinelle.dz\/author\/admin\/"}]}},"_links":{"self":[{"href":"https:\/\/lasentinelle.dz\/index.php\/wp-json\/wp\/v2\/posts\/80326","targetHints":{"allow":["GET"]}}],"collection":[{"href":"https:\/\/lasentinelle.dz\/index.php\/wp-json\/wp\/v2\/posts"}],"about":[{"href":"https:\/\/lasentinelle.dz\/index.php\/wp-json\/wp\/v2\/types\/post"}],"author":[{"embeddable":true,"href":"https:\/\/lasentinelle.dz\/index.php\/wp-json\/wp\/v2\/users\/6"}],"replies":[{"embeddable":true,"href":"https:\/\/lasentinelle.dz\/index.php\/wp-json\/wp\/v2\/comments?post=80326"}],"version-history":[{"count":2,"href":"https:\/\/lasentinelle.dz\/index.php\/wp-json\/wp\/v2\/posts\/80326\/revisions"}],"predecessor-version":[{"id":80328,"href":"https:\/\/lasentinelle.dz\/index.php\/wp-json\/wp\/v2\/posts\/80326\/revisions\/80328"}],"wp:featuredmedia":[{"embeddable":true,"href":"https:\/\/lasentinelle.dz\/index.php\/wp-json\/wp\/v2\/media\/75354"}],"wp:attachment":[{"href":"https:\/\/lasentinelle.dz\/index.php\/wp-json\/wp\/v2\/media?parent=80326"}],"wp:term":[{"taxonomy":"category","embeddable":true,"href":"https:\/\/lasentinelle.dz\/index.php\/wp-json\/wp\/v2\/categories?post=80326"},{"taxonomy":"post_tag","embeddable":true,"href":"https:\/\/lasentinelle.dz\/index.php\/wp-json\/wp\/v2\/tags?post=80326"}],"curies":[{"name":"wp","href":"https:\/\/api.w.org\/{rel}","templated":true}]}}