{"id":80359,"date":"2026-02-01T12:12:57","date_gmt":"2026-02-01T11:12:57","guid":{"rendered":"https:\/\/lasentinelle.dz\/?p=80359"},"modified":"2026-02-01T12:12:58","modified_gmt":"2026-02-01T11:12:58","slug":"la-protection-civile-dresse-le-bilan-des-intemperies-deux-morts-recenses","status":"publish","type":"post","link":"https:\/\/lasentinelle.dz\/index.php\/2026\/02\/01\/la-protection-civile-dresse-le-bilan-des-intemperies-deux-morts-recenses\/","title":{"rendered":"La Protection civile dresse le bilan des intemp\u00e9ries\u00a0: Deux morts recens\u00e9s"},"content":{"rendered":"\n<p>Les violentes intemp\u00e9ries qui balaient l&rsquo;Alg\u00e9rie depuis mardi dernier continuent de mobiliser les services de la Protection civile \u00e0 travers le territoire national. Au cours des derni\u00e8res 24 heures, 62 nouvelles interventions ont \u00e9t\u00e9 men\u00e9es dans 35 wilayas touch\u00e9es par des vents violents et des pluies torrentielles, portant le bilan total \u00e0 592 op\u00e9rations depuis l&rsquo;\u00e9mission de l&rsquo;alerte m\u00e9t\u00e9orologique le 27 janvier 2026. Ces intemp\u00e9ries ont caus\u00e9 la mort de deux personnes et fait 19 bless\u00e9s dans plusieurs r\u00e9gions du pays.&nbsp;Dans une d\u00e9claration \u00e0 l&rsquo;APS samedi, le Commandant Nassim Bernaoui, sous-directeur de l&rsquo;information et des statistiques \u00e0 la Direction g\u00e9n\u00e9rale de la Protection civile, a d\u00e9taill\u00e9 l&rsquo;ampleur des d\u00e9g\u00e2ts. \u00ab\u00a0Au cours des derni\u00e8res 24 heures, 62 interventions ont \u00e9t\u00e9 men\u00e9es \u00e0 la suite de la chute d&rsquo;arbres, de poteaux et de lignes \u00e9lectriques, ainsi que d&rsquo;effondrements partiels enregistr\u00e9s au niveau de 35 wilayas touch\u00e9es par des vents violents\u00a0\u00bb, a-t-il pr\u00e9cis\u00e9. Ces op\u00e9rations ont concern\u00e9 notamment les wilayas d&rsquo;Alger, Oran, Tiaret, Tissemsilt, Boumerd\u00e8s, Sa\u00efda, Tipaza, Blida, B\u00e9ja\u00efa, Bouira, Tizi Ouzou, A\u00efn T\u00e9mouchent, Sidi Bel Abb\u00e8s, M\u00e9d\u00e9a, Relizane, Biskra, Skikda, Annaba, Jijel, Mila, El Tarf, Bordj Bou Arreridj et Chlef.<\/p>\n\n\n\n<p>Le bilan humain s&rsquo;est alourdi jeudi avec le d\u00e9c\u00e8s tragique d&rsquo;un homme de 73 ans \u00e0 Alger, mortellement \u00e9cras\u00e9 apr\u00e8s l&rsquo;effondrement d&rsquo;un balcon dans le quartier populaire de Bab el Oued. La victime se trouvait dans sa voiture en stationnement rue Mohamed Ouris lorsque la structure s&rsquo;est effondr\u00e9e sur le v\u00e9hicule. Gravement bless\u00e9 \u00e0 la t\u00eate, l&rsquo;homme a \u00e9t\u00e9 \u00e9vacu\u00e9 par les pompiers vers l&rsquo;h\u00f4pital de Bab el Oued mais n&rsquo;a pas surv\u00e9cu \u00e0 ses blessures. Durant la derni\u00e8re journ\u00e9e, un deuxi\u00e8me d\u00e9c\u00e8s a \u00e9t\u00e9 enregistr\u00e9 : un enfant de 12 ans est mort suite \u00e0 l&rsquo;effondrement du mur d&rsquo;une b\u00e2tisse en construction rue Toula Hamou El Derb dans la commune et da\u00efra d&rsquo;Oran. Un autre enfant a \u00e9t\u00e9 bless\u00e9 dans le m\u00eame incident.<\/p>\n\n\n\n<p>Depuis le d\u00e9but du bulletin m\u00e9t\u00e9orologique sp\u00e9cial \u00e9mis le 27 janvier, les services de la Protection civile ont recens\u00e9 38 chutes d&rsquo;arbres, 12 poteaux et c\u00e2bles \u00e9lectriques arrach\u00e9s, 11 effondrements partiels de murs ext\u00e9rieurs ou de toitures et la chute d&rsquo;un objet au cours des derni\u00e8res 24 heures. Sur l&rsquo;ensemble de la p\u00e9riode, ce sont 354 arbres qui ont \u00e9t\u00e9 d\u00e9racin\u00e9s, 119 poteaux et c\u00e2bles \u00e9lectriques qui sont tomb\u00e9s, 99 effondrements partiels de murs, toitures ou fissures qui ont \u00e9t\u00e9 constat\u00e9s, et 20 chutes d&rsquo;objets divers comme des plaques de signalisation ou des panneaux publicitaires.&nbsp;Les 19 personnes bless\u00e9es depuis mardi se r\u00e9partissent g\u00e9ographiquement comme suit : 7 \u00e0 Alger, 3 \u00e0 Chlef, 3 \u00e0 Oran, 2 \u00e0 Mostaganem, et une personne respectivement \u00e0 Blida, Skikda, Guelma et Boumerd\u00e8s. Cette derni\u00e8re victime a \u00e9t\u00e9 bless\u00e9e suite \u00e0 la chute d&rsquo;un panneau de signalisation dans la commune de Naciria. L&rsquo;ensemble des bless\u00e9s ont \u00e9t\u00e9 pris en charge sur place puis \u00e9vacu\u00e9s vers les structures sanitaires locales par les secours de la Protection civile.<\/p>\n\n\n\n<p>Face \u00e0 la persistance du bulletin m\u00e9t\u00e9orologique sp\u00e9cial concernant les fortes rafales de vent, le Commandant Bernaoui a insist\u00e9 sur \u00ab\u00a0la n\u00e9cessit\u00e9 de respecter les consignes de prudence li\u00e9es aux intemp\u00e9ries et de suivre les mesures pr\u00e9ventives pour \u00e9viter tout accident\u00a0\u00bb. La Protection civile appelle les citoyens \u00e0 renforcer leur vigilance et \u00e0 respecter les conseils et consignes pr\u00e9ventives, tout en leur rappelant de composer les num\u00e9ros d&rsquo;urgence 1021 ou 14 en cas de survenue de tout incident.<\/p>\n\n\n\n<p>Malik Meziane<\/p>\n","protected":false},"excerpt":{"rendered":"<p>Les violentes intemp\u00e9ries qui balaient l&rsquo;Alg\u00e9rie depuis mardi dernier continuent de mobiliser les services de la Protection civile \u00e0 travers<\/p>\n","protected":false},"author":6,"featured_media":80360,"comment_status":"open","ping_status":"closed","sticky":false,"template":"","format":"standard","meta":{"colormag_page_container_layout":"default_layout","colormag_page_sidebar_layout":"default_layout","om_disable_all_campaigns":false,"_monsterinsights_skip_tracking":false,"_monsterinsights_sitenote_active":false,"_monsterinsights_sitenote_note":"","_monsterinsights_sitenote_category":0,"footnotes":"","_wpscppro_dont_share_socialmedia":false,"_wpscppro_custom_social_share_image":0,"_facebook_share_type":"default","_twitter_share_type":"default","_linkedin_share_type":"default","_pinterest_share_type":"default","_linkedin_share_type_page":"","_instagram_share_type":"default","_medium_share_type":"default","_threads_share_type":"default","_google_business_share_type":"default","_selected_social_profile":[],"_wpsp_enable_custom_social_template":false,"_wpsp_social_scheduling":{"enabled":false,"datetime":null,"platforms":[],"status":"template_only","dateOption":"today","timeOption":"now","customDays":"","customHours":"","customDate":"","customTime":"","schedulingType":"absolute"},"_wpsp_active_default_template":true},"categories":[27],"tags":[],"class_list":["post-80359","post","type-post","status-publish","format-standard","has-post-thumbnail","hentry","category-actualite"],"aioseo_notices":[],"yoast_head":"<!-- This site is optimized with the Yoast SEO plugin v27.5 - https:\/\/yoast.com\/product\/yoast-seo-wordpress\/ -->\n<title>La Protection civile dresse le bilan des intemp\u00e9ries\u00a0: Deux morts recens\u00e9s - La Sentinelle<\/title>\n<meta name=\"robots\" content=\"index, follow, max-snippet:-1, max-image-preview:large, max-video-preview:-1\" \/>\n<link rel=\"canonical\" href=\"https:\/\/lasentinelle.dz\/index.php\/2026\/02\/01\/la-protection-civile-dresse-le-bilan-des-intemperies-deux-morts-recenses\/\" \/>\n<meta property=\"og:locale\" content=\"fr_FR\" \/>\n<meta property=\"og:type\" content=\"article\" \/>\n<meta property=\"og:title\" content=\"La Protection civile dresse le bilan des intemp\u00e9ries\u00a0: Deux morts recens\u00e9s - La Sentinelle\" \/>\n<meta property=\"og:description\" content=\"Les violentes intemp\u00e9ries qui balaient l&rsquo;Alg\u00e9rie depuis mardi dernier continuent de mobiliser les services de la Protection civile \u00e0 travers\" \/>\n<meta property=\"og:url\" content=\"https:\/\/lasentinelle.dz\/index.php\/2026\/02\/01\/la-protection-civile-dresse-le-bilan-des-intemperies-deux-morts-recenses\/\" \/>\n<meta property=\"og:site_name\" content=\"La Sentinelle\" \/>\n<meta property=\"article:publisher\" content=\"https:\/\/www.facebook.com\/La-Sentinelle-104059864394773\" \/>\n<meta property=\"article:published_time\" content=\"2026-02-01T11:12:57+00:00\" \/>\n<meta property=\"article:modified_time\" content=\"2026-02-01T11:12:58+00:00\" \/>\n<meta property=\"og:image\" content=\"https:\/\/lasentinelle.dz\/wp-content\/uploads\/2026\/02\/protection-civile.jpeg\" \/>\n\t<meta property=\"og:image:width\" content=\"960\" \/>\n\t<meta property=\"og:image:height\" content=\"1280\" \/>\n\t<meta property=\"og:image:type\" content=\"image\/jpeg\" \/>\n<meta name=\"author\" content=\"admin\" \/>\n<meta name=\"twitter:card\" content=\"summary_large_image\" \/>\n<meta name=\"twitter:label1\" content=\"\u00c9crit par\" \/>\n\t<meta name=\"twitter:data1\" content=\"admin\" \/>\n\t<meta name=\"twitter:label2\" content=\"Dur\u00e9e de lecture estim\u00e9e\" \/>\n\t<meta name=\"twitter:data2\" content=\"4 minutes\" \/>\n<script type=\"application\/ld+json\" class=\"yoast-schema-graph\">{\"@context\":\"https:\\\/\\\/schema.org\",\"@graph\":[{\"@type\":\"Article\",\"@id\":\"https:\\\/\\\/lasentinelle.dz\\\/index.php\\\/2026\\\/02\\\/01\\\/la-protection-civile-dresse-le-bilan-des-intemperies-deux-morts-recenses\\\/#article\",\"isPartOf\":{\"@id\":\"https:\\\/\\\/lasentinelle.dz\\\/index.php\\\/2026\\\/02\\\/01\\\/la-protection-civile-dresse-le-bilan-des-intemperies-deux-morts-recenses\\\/\"},\"author\":{\"name\":\"admin\",\"@id\":\"https:\\\/\\\/lasentinelle.dz\\\/#\\\/schema\\\/person\\\/729ee0024f24e0b8c5ec17232f8e8b41\"},\"headline\":\"La Protection civile dresse le bilan des intemp\u00e9ries\u00a0: Deux morts recens\u00e9s\",\"datePublished\":\"2026-02-01T11:12:57+00:00\",\"dateModified\":\"2026-02-01T11:12:58+00:00\",\"mainEntityOfPage\":{\"@id\":\"https:\\\/\\\/lasentinelle.dz\\\/index.php\\\/2026\\\/02\\\/01\\\/la-protection-civile-dresse-le-bilan-des-intemperies-deux-morts-recenses\\\/\"},\"wordCount\":638,\"commentCount\":0,\"publisher\":{\"@id\":\"https:\\\/\\\/lasentinelle.dz\\\/#organization\"},\"image\":{\"@id\":\"https:\\\/\\\/lasentinelle.dz\\\/index.php\\\/2026\\\/02\\\/01\\\/la-protection-civile-dresse-le-bilan-des-intemperies-deux-morts-recenses\\\/#primaryimage\"},\"thumbnailUrl\":\"https:\\\/\\\/lasentinelle.dz\\\/wp-content\\\/uploads\\\/2026\\\/02\\\/protection-civile.jpeg\",\"articleSection\":[\"Actualit\u00e9\"],\"inLanguage\":\"fr-FR\",\"potentialAction\":[{\"@type\":\"CommentAction\",\"name\":\"Comment\",\"target\":[\"https:\\\/\\\/lasentinelle.dz\\\/index.php\\\/2026\\\/02\\\/01\\\/la-protection-civile-dresse-le-bilan-des-intemperies-deux-morts-recenses\\\/#respond\"]}]},{\"@type\":\"WebPage\",\"@id\":\"https:\\\/\\\/lasentinelle.dz\\\/index.php\\\/2026\\\/02\\\/01\\\/la-protection-civile-dresse-le-bilan-des-intemperies-deux-morts-recenses\\\/\",\"url\":\"https:\\\/\\\/lasentinelle.dz\\\/index.php\\\/2026\\\/02\\\/01\\\/la-protection-civile-dresse-le-bilan-des-intemperies-deux-morts-recenses\\\/\",\"name\":\"La Protection civile dresse le bilan des intemp\u00e9ries\u00a0: Deux morts recens\u00e9s - La Sentinelle\",\"isPartOf\":{\"@id\":\"https:\\\/\\\/lasentinelle.dz\\\/#website\"},\"primaryImageOfPage\":{\"@id\":\"https:\\\/\\\/lasentinelle.dz\\\/index.php\\\/2026\\\/02\\\/01\\\/la-protection-civile-dresse-le-bilan-des-intemperies-deux-morts-recenses\\\/#primaryimage\"},\"image\":{\"@id\":\"https:\\\/\\\/lasentinelle.dz\\\/index.php\\\/2026\\\/02\\\/01\\\/la-protection-civile-dresse-le-bilan-des-intemperies-deux-morts-recenses\\\/#primaryimage\"},\"thumbnailUrl\":\"https:\\\/\\\/lasentinelle.dz\\\/wp-content\\\/uploads\\\/2026\\\/02\\\/protection-civile.jpeg\",\"datePublished\":\"2026-02-01T11:12:57+00:00\",\"dateModified\":\"2026-02-01T11:12:58+00:00\",\"breadcrumb\":{\"@id\":\"https:\\\/\\\/lasentinelle.dz\\\/index.php\\\/2026\\\/02\\\/01\\\/la-protection-civile-dresse-le-bilan-des-intemperies-deux-morts-recenses\\\/#breadcrumb\"},\"inLanguage\":\"fr-FR\",\"potentialAction\":[{\"@type\":\"ReadAction\",\"target\":[\"https:\\\/\\\/lasentinelle.dz\\\/index.php\\\/2026\\\/02\\\/01\\\/la-protection-civile-dresse-le-bilan-des-intemperies-deux-morts-recenses\\\/\"]}]},{\"@type\":\"ImageObject\",\"inLanguage\":\"fr-FR\",\"@id\":\"https:\\\/\\\/lasentinelle.dz\\\/index.php\\\/2026\\\/02\\\/01\\\/la-protection-civile-dresse-le-bilan-des-intemperies-deux-morts-recenses\\\/#primaryimage\",\"url\":\"https:\\\/\\\/lasentinelle.dz\\\/wp-content\\\/uploads\\\/2026\\\/02\\\/protection-civile.jpeg\",\"contentUrl\":\"https:\\\/\\\/lasentinelle.dz\\\/wp-content\\\/uploads\\\/2026\\\/02\\\/protection-civile.jpeg\",\"width\":960,\"height\":1280},{\"@type\":\"BreadcrumbList\",\"@id\":\"https:\\\/\\\/lasentinelle.dz\\\/index.php\\\/2026\\\/02\\\/01\\\/la-protection-civile-dresse-le-bilan-des-intemperies-deux-morts-recenses\\\/#breadcrumb\",\"itemListElement\":[{\"@type\":\"ListItem\",\"position\":1,\"name\":\"Accueil\",\"item\":\"https:\\\/\\\/lasentinelle.dz\\\/\"},{\"@type\":\"ListItem\",\"position\":2,\"name\":\"La Protection civile dresse le bilan des intemp\u00e9ries\u00a0: Deux morts recens\u00e9s\"}]},{\"@type\":\"WebSite\",\"@id\":\"https:\\\/\\\/lasentinelle.dz\\\/#website\",\"url\":\"https:\\\/\\\/lasentinelle.dz\\\/\",\"name\":\"La Sentinelle\",\"description\":\"Quotidien national d&#039;information\",\"publisher\":{\"@id\":\"https:\\\/\\\/lasentinelle.dz\\\/#organization\"},\"potentialAction\":[{\"@type\":\"SearchAction\",\"target\":{\"@type\":\"EntryPoint\",\"urlTemplate\":\"https:\\\/\\\/lasentinelle.dz\\\/?s={search_term_string}\"},\"query-input\":{\"@type\":\"PropertyValueSpecification\",\"valueRequired\":true,\"valueName\":\"search_term_string\"}}],\"inLanguage\":\"fr-FR\"},{\"@type\":\"Organization\",\"@id\":\"https:\\\/\\\/lasentinelle.dz\\\/#organization\",\"name\":\"Quotidien La Sentinelle\",\"url\":\"https:\\\/\\\/lasentinelle.dz\\\/\",\"logo\":{\"@type\":\"ImageObject\",\"inLanguage\":\"fr-FR\",\"@id\":\"https:\\\/\\\/lasentinelle.dz\\\/#\\\/schema\\\/logo\\\/image\\\/\",\"url\":\"https:\\\/\\\/lasentinelle.dz\\\/wp-content\\\/uploads\\\/2021\\\/09\\\/logo-sentinelleSLOGAN-1.png\",\"contentUrl\":\"https:\\\/\\\/lasentinelle.dz\\\/wp-content\\\/uploads\\\/2021\\\/09\\\/logo-sentinelleSLOGAN-1.png\",\"width\":615,\"height\":142,\"caption\":\"Quotidien La Sentinelle\"},\"image\":{\"@id\":\"https:\\\/\\\/lasentinelle.dz\\\/#\\\/schema\\\/logo\\\/image\\\/\"},\"sameAs\":[\"https:\\\/\\\/www.facebook.com\\\/La-Sentinelle-104059864394773\"]},{\"@type\":\"Person\",\"@id\":\"https:\\\/\\\/lasentinelle.dz\\\/#\\\/schema\\\/person\\\/729ee0024f24e0b8c5ec17232f8e8b41\",\"name\":\"admin\",\"image\":{\"@type\":\"ImageObject\",\"inLanguage\":\"fr-FR\",\"@id\":\"https:\\\/\\\/secure.gravatar.com\\\/avatar\\\/4c81fed838786e9b53f540bf46533e750f5d292099ae3b66cfc6fb1982e29df7?s=96&d=mm&r=g\",\"url\":\"https:\\\/\\\/secure.gravatar.com\\\/avatar\\\/4c81fed838786e9b53f540bf46533e750f5d292099ae3b66cfc6fb1982e29df7?s=96&d=mm&r=g\",\"contentUrl\":\"https:\\\/\\\/secure.gravatar.com\\\/avatar\\\/4c81fed838786e9b53f540bf46533e750f5d292099ae3b66cfc6fb1982e29df7?s=96&d=mm&r=g\",\"caption\":\"admin\"},\"description\":\"admin\",\"url\":\"https:\\\/\\\/lasentinelle.dz\\\/author\\\/admin\\\/\"}]}<\/script>\n<!-- \/ Yoast SEO plugin. -->","yoast_head_json":{"title":"La Protection civile dresse le bilan des intemp\u00e9ries\u00a0: Deux morts recens\u00e9s - La Sentinelle","robots":{"index":"index","follow":"follow","max-snippet":"max-snippet:-1","max-image-preview":"max-image-preview:large","max-video-preview":"max-video-preview:-1"},"canonical":"https:\/\/lasentinelle.dz\/index.php\/2026\/02\/01\/la-protection-civile-dresse-le-bilan-des-intemperies-deux-morts-recenses\/","og_locale":"fr_FR","og_type":"article","og_title":"La Protection civile dresse le bilan des intemp\u00e9ries\u00a0: Deux morts recens\u00e9s - La Sentinelle","og_description":"Les violentes intemp\u00e9ries qui balaient l&rsquo;Alg\u00e9rie depuis mardi dernier continuent de mobiliser les services de la Protection civile \u00e0 travers","og_url":"https:\/\/lasentinelle.dz\/index.php\/2026\/02\/01\/la-protection-civile-dresse-le-bilan-des-intemperies-deux-morts-recenses\/","og_site_name":"La Sentinelle","article_publisher":"https:\/\/www.facebook.com\/La-Sentinelle-104059864394773","article_published_time":"2026-02-01T11:12:57+00:00","article_modified_time":"2026-02-01T11:12:58+00:00","og_image":[{"width":960,"height":1280,"url":"https:\/\/lasentinelle.dz\/wp-content\/uploads\/2026\/02\/protection-civile.jpeg","type":"image\/jpeg"}],"author":"admin","twitter_card":"summary_large_image","twitter_misc":{"\u00c9crit par":"admin","Dur\u00e9e de lecture estim\u00e9e":"4 minutes"},"schema":{"@context":"https:\/\/schema.org","@graph":[{"@type":"Article","@id":"https:\/\/lasentinelle.dz\/index.php\/2026\/02\/01\/la-protection-civile-dresse-le-bilan-des-intemperies-deux-morts-recenses\/#article","isPartOf":{"@id":"https:\/\/lasentinelle.dz\/index.php\/2026\/02\/01\/la-protection-civile-dresse-le-bilan-des-intemperies-deux-morts-recenses\/"},"author":{"name":"admin","@id":"https:\/\/lasentinelle.dz\/#\/schema\/person\/729ee0024f24e0b8c5ec17232f8e8b41"},"headline":"La Protection civile dresse le bilan des intemp\u00e9ries\u00a0: Deux morts recens\u00e9s","datePublished":"2026-02-01T11:12:57+00:00","dateModified":"2026-02-01T11:12:58+00:00","mainEntityOfPage":{"@id":"https:\/\/lasentinelle.dz\/index.php\/2026\/02\/01\/la-protection-civile-dresse-le-bilan-des-intemperies-deux-morts-recenses\/"},"wordCount":638,"commentCount":0,"publisher":{"@id":"https:\/\/lasentinelle.dz\/#organization"},"image":{"@id":"https:\/\/lasentinelle.dz\/index.php\/2026\/02\/01\/la-protection-civile-dresse-le-bilan-des-intemperies-deux-morts-recenses\/#primaryimage"},"thumbnailUrl":"https:\/\/lasentinelle.dz\/wp-content\/uploads\/2026\/02\/protection-civile.jpeg","articleSection":["Actualit\u00e9"],"inLanguage":"fr-FR","potentialAction":[{"@type":"CommentAction","name":"Comment","target":["https:\/\/lasentinelle.dz\/index.php\/2026\/02\/01\/la-protection-civile-dresse-le-bilan-des-intemperies-deux-morts-recenses\/#respond"]}]},{"@type":"WebPage","@id":"https:\/\/lasentinelle.dz\/index.php\/2026\/02\/01\/la-protection-civile-dresse-le-bilan-des-intemperies-deux-morts-recenses\/","url":"https:\/\/lasentinelle.dz\/index.php\/2026\/02\/01\/la-protection-civile-dresse-le-bilan-des-intemperies-deux-morts-recenses\/","name":"La Protection civile dresse le bilan des intemp\u00e9ries\u00a0: Deux morts recens\u00e9s - La Sentinelle","isPartOf":{"@id":"https:\/\/lasentinelle.dz\/#website"},"primaryImageOfPage":{"@id":"https:\/\/lasentinelle.dz\/index.php\/2026\/02\/01\/la-protection-civile-dresse-le-bilan-des-intemperies-deux-morts-recenses\/#primaryimage"},"image":{"@id":"https:\/\/lasentinelle.dz\/index.php\/2026\/02\/01\/la-protection-civile-dresse-le-bilan-des-intemperies-deux-morts-recenses\/#primaryimage"},"thumbnailUrl":"https:\/\/lasentinelle.dz\/wp-content\/uploads\/2026\/02\/protection-civile.jpeg","datePublished":"2026-02-01T11:12:57+00:00","dateModified":"2026-02-01T11:12:58+00:00","breadcrumb":{"@id":"https:\/\/lasentinelle.dz\/index.php\/2026\/02\/01\/la-protection-civile-dresse-le-bilan-des-intemperies-deux-morts-recenses\/#breadcrumb"},"inLanguage":"fr-FR","potentialAction":[{"@type":"ReadAction","target":["https:\/\/lasentinelle.dz\/index.php\/2026\/02\/01\/la-protection-civile-dresse-le-bilan-des-intemperies-deux-morts-recenses\/"]}]},{"@type":"ImageObject","inLanguage":"fr-FR","@id":"https:\/\/lasentinelle.dz\/index.php\/2026\/02\/01\/la-protection-civile-dresse-le-bilan-des-intemperies-deux-morts-recenses\/#primaryimage","url":"https:\/\/lasentinelle.dz\/wp-content\/uploads\/2026\/02\/protection-civile.jpeg","contentUrl":"https:\/\/lasentinelle.dz\/wp-content\/uploads\/2026\/02\/protection-civile.jpeg","width":960,"height":1280},{"@type":"BreadcrumbList","@id":"https:\/\/lasentinelle.dz\/index.php\/2026\/02\/01\/la-protection-civile-dresse-le-bilan-des-intemperies-deux-morts-recenses\/#breadcrumb","itemListElement":[{"@type":"ListItem","position":1,"name":"Accueil","item":"https:\/\/lasentinelle.dz\/"},{"@type":"ListItem","position":2,"name":"La Protection civile dresse le bilan des intemp\u00e9ries\u00a0: Deux morts recens\u00e9s"}]},{"@type":"WebSite","@id":"https:\/\/lasentinelle.dz\/#website","url":"https:\/\/lasentinelle.dz\/","name":"La Sentinelle","description":"Quotidien national d&#039;information","publisher":{"@id":"https:\/\/lasentinelle.dz\/#organization"},"potentialAction":[{"@type":"SearchAction","target":{"@type":"EntryPoint","urlTemplate":"https:\/\/lasentinelle.dz\/?s={search_term_string}"},"query-input":{"@type":"PropertyValueSpecification","valueRequired":true,"valueName":"search_term_string"}}],"inLanguage":"fr-FR"},{"@type":"Organization","@id":"https:\/\/lasentinelle.dz\/#organization","name":"Quotidien La Sentinelle","url":"https:\/\/lasentinelle.dz\/","logo":{"@type":"ImageObject","inLanguage":"fr-FR","@id":"https:\/\/lasentinelle.dz\/#\/schema\/logo\/image\/","url":"https:\/\/lasentinelle.dz\/wp-content\/uploads\/2021\/09\/logo-sentinelleSLOGAN-1.png","contentUrl":"https:\/\/lasentinelle.dz\/wp-content\/uploads\/2021\/09\/logo-sentinelleSLOGAN-1.png","width":615,"height":142,"caption":"Quotidien La Sentinelle"},"image":{"@id":"https:\/\/lasentinelle.dz\/#\/schema\/logo\/image\/"},"sameAs":["https:\/\/www.facebook.com\/La-Sentinelle-104059864394773"]},{"@type":"Person","@id":"https:\/\/lasentinelle.dz\/#\/schema\/person\/729ee0024f24e0b8c5ec17232f8e8b41","name":"admin","image":{"@type":"ImageObject","inLanguage":"fr-FR","@id":"https:\/\/secure.gravatar.com\/avatar\/4c81fed838786e9b53f540bf46533e750f5d292099ae3b66cfc6fb1982e29df7?s=96&d=mm&r=g","url":"https:\/\/secure.gravatar.com\/avatar\/4c81fed838786e9b53f540bf46533e750f5d292099ae3b66cfc6fb1982e29df7?s=96&d=mm&r=g","contentUrl":"https:\/\/secure.gravatar.com\/avatar\/4c81fed838786e9b53f540bf46533e750f5d292099ae3b66cfc6fb1982e29df7?s=96&d=mm&r=g","caption":"admin"},"description":"admin","url":"https:\/\/lasentinelle.dz\/author\/admin\/"}]}},"_links":{"self":[{"href":"https:\/\/lasentinelle.dz\/index.php\/wp-json\/wp\/v2\/posts\/80359","targetHints":{"allow":["GET"]}}],"collection":[{"href":"https:\/\/lasentinelle.dz\/index.php\/wp-json\/wp\/v2\/posts"}],"about":[{"href":"https:\/\/lasentinelle.dz\/index.php\/wp-json\/wp\/v2\/types\/post"}],"author":[{"embeddable":true,"href":"https:\/\/lasentinelle.dz\/index.php\/wp-json\/wp\/v2\/users\/6"}],"replies":[{"embeddable":true,"href":"https:\/\/lasentinelle.dz\/index.php\/wp-json\/wp\/v2\/comments?post=80359"}],"version-history":[{"count":1,"href":"https:\/\/lasentinelle.dz\/index.php\/wp-json\/wp\/v2\/posts\/80359\/revisions"}],"predecessor-version":[{"id":80361,"href":"https:\/\/lasentinelle.dz\/index.php\/wp-json\/wp\/v2\/posts\/80359\/revisions\/80361"}],"wp:featuredmedia":[{"embeddable":true,"href":"https:\/\/lasentinelle.dz\/index.php\/wp-json\/wp\/v2\/media\/80360"}],"wp:attachment":[{"href":"https:\/\/lasentinelle.dz\/index.php\/wp-json\/wp\/v2\/media?parent=80359"}],"wp:term":[{"taxonomy":"category","embeddable":true,"href":"https:\/\/lasentinelle.dz\/index.php\/wp-json\/wp\/v2\/categories?post=80359"},{"taxonomy":"post_tag","embeddable":true,"href":"https:\/\/lasentinelle.dz\/index.php\/wp-json\/wp\/v2\/tags?post=80359"}],"curies":[{"name":"wp","href":"https:\/\/api.w.org\/{rel}","templated":true}]}}