{"id":80362,"date":"2026-02-01T12:15:18","date_gmt":"2026-02-01T11:15:18","guid":{"rendered":"https:\/\/lasentinelle.dz\/?p=80362"},"modified":"2026-02-01T12:15:21","modified_gmt":"2026-02-01T11:15:21","slug":"tunisie-letat-durgence-prolonge-jusquau-31-decembre-2026","status":"publish","type":"post","link":"https:\/\/lasentinelle.dz\/index.php\/2026\/02\/01\/tunisie-letat-durgence-prolonge-jusquau-31-decembre-2026\/","title":{"rendered":"Tunisie\u00a0: L&rsquo;\u00e9tat d&rsquo;urgence prolong\u00e9 jusqu&rsquo;au 31 d\u00e9cembre 2026"},"content":{"rendered":"\n<p>L&rsquo;\u00e9tat d&rsquo;urgence a \u00e9t\u00e9 prolong\u00e9 jusqu&rsquo;au 31 d\u00e9cembre 2026, sur l&rsquo;ensemble du territoire national en Tunisie, a rapport\u00e9 l&rsquo;agence de presse tunisienne (TAP), citant le Journal officiel tunisien.&nbsp;\u00ab\u00a0Le d\u00e9cret n15 du 30 janvier 2026, portant prolongation de l&rsquo;\u00e9tat d&rsquo;urgence sur l&rsquo;ensemble du territoire national jusqu&rsquo;au 31 d\u00e9cembre 2026, a \u00e9t\u00e9 publi\u00e9 au Journal officiel de la R\u00e9publique tunisienne, dans son num\u00e9ro 14 de l&rsquo;ann\u00e9e 2026\u00a0\u00bb, a pr\u00e9cis\u00e9 la m\u00eame source.&nbsp;La pr\u00e9c\u00e9dente prolongation de l&rsquo;\u00e9tat d&rsquo;urgence avait \u00e9t\u00e9 d\u00e9cr\u00e9t\u00e9e le 29 d\u00e9cembre dernier pour une dur\u00e9e d&rsquo;un mois.&nbsp;Il convient de rappeler que l&rsquo;\u00e9tat d&rsquo;urgence est reconduit sans interruption en Tunisie depuis le 24 novembre 2015, \u00e0 la suite de l&rsquo;attentat terroriste ayant vis\u00e9 un bus de la garde pr\u00e9sidentielle en plein centre de Tunis, ayant co\u00fbt\u00e9 la vie \u00e0 12 agents et fait 16 bless\u00e9s parmi les forces de s\u00e9curit\u00e9 et les civils.<\/p>\n\n\n\n<p>APS<\/p>\n","protected":false},"excerpt":{"rendered":"<p>L&rsquo;\u00e9tat d&rsquo;urgence a \u00e9t\u00e9 prolong\u00e9 jusqu&rsquo;au 31 d\u00e9cembre 2026, sur l&rsquo;ensemble du territoire national en Tunisie, a rapport\u00e9 l&rsquo;agence de<\/p>\n","protected":false},"author":6,"featured_media":80363,"comment_status":"open","ping_status":"closed","sticky":false,"template":"","format":"standard","meta":{"colormag_page_container_layout":"default_layout","colormag_page_sidebar_layout":"default_layout","om_disable_all_campaigns":false,"_monsterinsights_skip_tracking":false,"_monsterinsights_sitenote_active":false,"_monsterinsights_sitenote_note":"","_monsterinsights_sitenote_category":0,"footnotes":"","_wpscppro_dont_share_socialmedia":false,"_wpscppro_custom_social_share_image":0,"_facebook_share_type":"default","_twitter_share_type":"default","_linkedin_share_type":"default","_pinterest_share_type":"default","_linkedin_share_type_page":"","_instagram_share_type":"default","_medium_share_type":"default","_threads_share_type":"default","_google_business_share_type":"default","_selected_social_profile":[],"_wpsp_enable_custom_social_template":false,"_wpsp_social_scheduling":{"enabled":false,"datetime":null,"platforms":[],"status":"template_only","dateOption":"today","timeOption":"now","customDays":"","customHours":"","customDate":"","customTime":"","schedulingType":"absolute"},"_wpsp_active_default_template":true},"categories":[37],"tags":[],"class_list":["post-80362","post","type-post","status-publish","format-standard","has-post-thumbnail","hentry","category-monde"],"aioseo_notices":[],"yoast_head":"<!-- This site is optimized with the Yoast SEO plugin v27.5 - https:\/\/yoast.com\/product\/yoast-seo-wordpress\/ -->\n<title>Tunisie\u00a0: L&rsquo;\u00e9tat d&rsquo;urgence prolong\u00e9 jusqu&rsquo;au 31 d\u00e9cembre 2026 - La Sentinelle<\/title>\n<meta name=\"robots\" content=\"index, follow, max-snippet:-1, max-image-preview:large, max-video-preview:-1\" \/>\n<link rel=\"canonical\" href=\"https:\/\/lasentinelle.dz\/index.php\/2026\/02\/01\/tunisie-letat-durgence-prolonge-jusquau-31-decembre-2026\/\" \/>\n<meta property=\"og:locale\" content=\"fr_FR\" \/>\n<meta property=\"og:type\" content=\"article\" \/>\n<meta property=\"og:title\" content=\"Tunisie\u00a0: L&rsquo;\u00e9tat d&rsquo;urgence prolong\u00e9 jusqu&rsquo;au 31 d\u00e9cembre 2026 - La Sentinelle\" \/>\n<meta property=\"og:description\" content=\"L&rsquo;\u00e9tat d&rsquo;urgence a \u00e9t\u00e9 prolong\u00e9 jusqu&rsquo;au 31 d\u00e9cembre 2026, sur l&rsquo;ensemble du territoire national en Tunisie, a rapport\u00e9 l&rsquo;agence de\" \/>\n<meta property=\"og:url\" content=\"https:\/\/lasentinelle.dz\/index.php\/2026\/02\/01\/tunisie-letat-durgence-prolonge-jusquau-31-decembre-2026\/\" \/>\n<meta property=\"og:site_name\" content=\"La Sentinelle\" \/>\n<meta property=\"article:publisher\" content=\"https:\/\/www.facebook.com\/La-Sentinelle-104059864394773\" \/>\n<meta property=\"article:published_time\" content=\"2026-02-01T11:15:18+00:00\" \/>\n<meta property=\"article:modified_time\" content=\"2026-02-01T11:15:21+00:00\" \/>\n<meta property=\"og:image\" content=\"https:\/\/lasentinelle.dz\/wp-content\/uploads\/2026\/02\/tunisie.jpeg\" \/>\n\t<meta property=\"og:image:width\" content=\"864\" \/>\n\t<meta property=\"og:image:height\" content=\"486\" \/>\n\t<meta property=\"og:image:type\" content=\"image\/jpeg\" \/>\n<meta name=\"author\" content=\"admin\" \/>\n<meta name=\"twitter:card\" content=\"summary_large_image\" \/>\n<meta name=\"twitter:label1\" content=\"\u00c9crit par\" \/>\n\t<meta name=\"twitter:data1\" content=\"admin\" \/>\n\t<meta name=\"twitter:label2\" content=\"Dur\u00e9e de lecture estim\u00e9e\" \/>\n\t<meta name=\"twitter:data2\" content=\"1 minute\" \/>\n<script type=\"application\/ld+json\" class=\"yoast-schema-graph\">{\"@context\":\"https:\\\/\\\/schema.org\",\"@graph\":[{\"@type\":\"Article\",\"@id\":\"https:\\\/\\\/lasentinelle.dz\\\/index.php\\\/2026\\\/02\\\/01\\\/tunisie-letat-durgence-prolonge-jusquau-31-decembre-2026\\\/#article\",\"isPartOf\":{\"@id\":\"https:\\\/\\\/lasentinelle.dz\\\/index.php\\\/2026\\\/02\\\/01\\\/tunisie-letat-durgence-prolonge-jusquau-31-decembre-2026\\\/\"},\"author\":{\"name\":\"admin\",\"@id\":\"https:\\\/\\\/lasentinelle.dz\\\/#\\\/schema\\\/person\\\/729ee0024f24e0b8c5ec17232f8e8b41\"},\"headline\":\"Tunisie\u00a0: L&rsquo;\u00e9tat d&rsquo;urgence prolong\u00e9 jusqu&rsquo;au 31 d\u00e9cembre 2026\",\"datePublished\":\"2026-02-01T11:15:18+00:00\",\"dateModified\":\"2026-02-01T11:15:21+00:00\",\"mainEntityOfPage\":{\"@id\":\"https:\\\/\\\/lasentinelle.dz\\\/index.php\\\/2026\\\/02\\\/01\\\/tunisie-letat-durgence-prolonge-jusquau-31-decembre-2026\\\/\"},\"wordCount\":182,\"commentCount\":0,\"publisher\":{\"@id\":\"https:\\\/\\\/lasentinelle.dz\\\/#organization\"},\"image\":{\"@id\":\"https:\\\/\\\/lasentinelle.dz\\\/index.php\\\/2026\\\/02\\\/01\\\/tunisie-letat-durgence-prolonge-jusquau-31-decembre-2026\\\/#primaryimage\"},\"thumbnailUrl\":\"https:\\\/\\\/lasentinelle.dz\\\/wp-content\\\/uploads\\\/2026\\\/02\\\/tunisie.jpeg\",\"articleSection\":[\"Monde\"],\"inLanguage\":\"fr-FR\",\"potentialAction\":[{\"@type\":\"CommentAction\",\"name\":\"Comment\",\"target\":[\"https:\\\/\\\/lasentinelle.dz\\\/index.php\\\/2026\\\/02\\\/01\\\/tunisie-letat-durgence-prolonge-jusquau-31-decembre-2026\\\/#respond\"]}]},{\"@type\":\"WebPage\",\"@id\":\"https:\\\/\\\/lasentinelle.dz\\\/index.php\\\/2026\\\/02\\\/01\\\/tunisie-letat-durgence-prolonge-jusquau-31-decembre-2026\\\/\",\"url\":\"https:\\\/\\\/lasentinelle.dz\\\/index.php\\\/2026\\\/02\\\/01\\\/tunisie-letat-durgence-prolonge-jusquau-31-decembre-2026\\\/\",\"name\":\"Tunisie\u00a0: L&rsquo;\u00e9tat d&rsquo;urgence prolong\u00e9 jusqu&rsquo;au 31 d\u00e9cembre 2026 - La Sentinelle\",\"isPartOf\":{\"@id\":\"https:\\\/\\\/lasentinelle.dz\\\/#website\"},\"primaryImageOfPage\":{\"@id\":\"https:\\\/\\\/lasentinelle.dz\\\/index.php\\\/2026\\\/02\\\/01\\\/tunisie-letat-durgence-prolonge-jusquau-31-decembre-2026\\\/#primaryimage\"},\"image\":{\"@id\":\"https:\\\/\\\/lasentinelle.dz\\\/index.php\\\/2026\\\/02\\\/01\\\/tunisie-letat-durgence-prolonge-jusquau-31-decembre-2026\\\/#primaryimage\"},\"thumbnailUrl\":\"https:\\\/\\\/lasentinelle.dz\\\/wp-content\\\/uploads\\\/2026\\\/02\\\/tunisie.jpeg\",\"datePublished\":\"2026-02-01T11:15:18+00:00\",\"dateModified\":\"2026-02-01T11:15:21+00:00\",\"breadcrumb\":{\"@id\":\"https:\\\/\\\/lasentinelle.dz\\\/index.php\\\/2026\\\/02\\\/01\\\/tunisie-letat-durgence-prolonge-jusquau-31-decembre-2026\\\/#breadcrumb\"},\"inLanguage\":\"fr-FR\",\"potentialAction\":[{\"@type\":\"ReadAction\",\"target\":[\"https:\\\/\\\/lasentinelle.dz\\\/index.php\\\/2026\\\/02\\\/01\\\/tunisie-letat-durgence-prolonge-jusquau-31-decembre-2026\\\/\"]}]},{\"@type\":\"ImageObject\",\"inLanguage\":\"fr-FR\",\"@id\":\"https:\\\/\\\/lasentinelle.dz\\\/index.php\\\/2026\\\/02\\\/01\\\/tunisie-letat-durgence-prolonge-jusquau-31-decembre-2026\\\/#primaryimage\",\"url\":\"https:\\\/\\\/lasentinelle.dz\\\/wp-content\\\/uploads\\\/2026\\\/02\\\/tunisie.jpeg\",\"contentUrl\":\"https:\\\/\\\/lasentinelle.dz\\\/wp-content\\\/uploads\\\/2026\\\/02\\\/tunisie.jpeg\",\"width\":864,\"height\":486},{\"@type\":\"BreadcrumbList\",\"@id\":\"https:\\\/\\\/lasentinelle.dz\\\/index.php\\\/2026\\\/02\\\/01\\\/tunisie-letat-durgence-prolonge-jusquau-31-decembre-2026\\\/#breadcrumb\",\"itemListElement\":[{\"@type\":\"ListItem\",\"position\":1,\"name\":\"Accueil\",\"item\":\"https:\\\/\\\/lasentinelle.dz\\\/\"},{\"@type\":\"ListItem\",\"position\":2,\"name\":\"Tunisie\u00a0: L&rsquo;\u00e9tat d&rsquo;urgence prolong\u00e9 jusqu&rsquo;au 31 d\u00e9cembre 2026\"}]},{\"@type\":\"WebSite\",\"@id\":\"https:\\\/\\\/lasentinelle.dz\\\/#website\",\"url\":\"https:\\\/\\\/lasentinelle.dz\\\/\",\"name\":\"La Sentinelle\",\"description\":\"Quotidien national d&#039;information\",\"publisher\":{\"@id\":\"https:\\\/\\\/lasentinelle.dz\\\/#organization\"},\"potentialAction\":[{\"@type\":\"SearchAction\",\"target\":{\"@type\":\"EntryPoint\",\"urlTemplate\":\"https:\\\/\\\/lasentinelle.dz\\\/?s={search_term_string}\"},\"query-input\":{\"@type\":\"PropertyValueSpecification\",\"valueRequired\":true,\"valueName\":\"search_term_string\"}}],\"inLanguage\":\"fr-FR\"},{\"@type\":\"Organization\",\"@id\":\"https:\\\/\\\/lasentinelle.dz\\\/#organization\",\"name\":\"Quotidien La Sentinelle\",\"url\":\"https:\\\/\\\/lasentinelle.dz\\\/\",\"logo\":{\"@type\":\"ImageObject\",\"inLanguage\":\"fr-FR\",\"@id\":\"https:\\\/\\\/lasentinelle.dz\\\/#\\\/schema\\\/logo\\\/image\\\/\",\"url\":\"https:\\\/\\\/lasentinelle.dz\\\/wp-content\\\/uploads\\\/2021\\\/09\\\/logo-sentinelleSLOGAN-1.png\",\"contentUrl\":\"https:\\\/\\\/lasentinelle.dz\\\/wp-content\\\/uploads\\\/2021\\\/09\\\/logo-sentinelleSLOGAN-1.png\",\"width\":615,\"height\":142,\"caption\":\"Quotidien La Sentinelle\"},\"image\":{\"@id\":\"https:\\\/\\\/lasentinelle.dz\\\/#\\\/schema\\\/logo\\\/image\\\/\"},\"sameAs\":[\"https:\\\/\\\/www.facebook.com\\\/La-Sentinelle-104059864394773\"]},{\"@type\":\"Person\",\"@id\":\"https:\\\/\\\/lasentinelle.dz\\\/#\\\/schema\\\/person\\\/729ee0024f24e0b8c5ec17232f8e8b41\",\"name\":\"admin\",\"image\":{\"@type\":\"ImageObject\",\"inLanguage\":\"fr-FR\",\"@id\":\"https:\\\/\\\/secure.gravatar.com\\\/avatar\\\/4c81fed838786e9b53f540bf46533e750f5d292099ae3b66cfc6fb1982e29df7?s=96&d=mm&r=g\",\"url\":\"https:\\\/\\\/secure.gravatar.com\\\/avatar\\\/4c81fed838786e9b53f540bf46533e750f5d292099ae3b66cfc6fb1982e29df7?s=96&d=mm&r=g\",\"contentUrl\":\"https:\\\/\\\/secure.gravatar.com\\\/avatar\\\/4c81fed838786e9b53f540bf46533e750f5d292099ae3b66cfc6fb1982e29df7?s=96&d=mm&r=g\",\"caption\":\"admin\"},\"description\":\"admin\",\"url\":\"https:\\\/\\\/lasentinelle.dz\\\/author\\\/admin\\\/\"}]}<\/script>\n<!-- \/ Yoast SEO plugin. -->","yoast_head_json":{"title":"Tunisie\u00a0: L&rsquo;\u00e9tat d&rsquo;urgence prolong\u00e9 jusqu&rsquo;au 31 d\u00e9cembre 2026 - La Sentinelle","robots":{"index":"index","follow":"follow","max-snippet":"max-snippet:-1","max-image-preview":"max-image-preview:large","max-video-preview":"max-video-preview:-1"},"canonical":"https:\/\/lasentinelle.dz\/index.php\/2026\/02\/01\/tunisie-letat-durgence-prolonge-jusquau-31-decembre-2026\/","og_locale":"fr_FR","og_type":"article","og_title":"Tunisie\u00a0: L&rsquo;\u00e9tat d&rsquo;urgence prolong\u00e9 jusqu&rsquo;au 31 d\u00e9cembre 2026 - La Sentinelle","og_description":"L&rsquo;\u00e9tat d&rsquo;urgence a \u00e9t\u00e9 prolong\u00e9 jusqu&rsquo;au 31 d\u00e9cembre 2026, sur l&rsquo;ensemble du territoire national en Tunisie, a rapport\u00e9 l&rsquo;agence de","og_url":"https:\/\/lasentinelle.dz\/index.php\/2026\/02\/01\/tunisie-letat-durgence-prolonge-jusquau-31-decembre-2026\/","og_site_name":"La Sentinelle","article_publisher":"https:\/\/www.facebook.com\/La-Sentinelle-104059864394773","article_published_time":"2026-02-01T11:15:18+00:00","article_modified_time":"2026-02-01T11:15:21+00:00","og_image":[{"width":864,"height":486,"url":"https:\/\/lasentinelle.dz\/wp-content\/uploads\/2026\/02\/tunisie.jpeg","type":"image\/jpeg"}],"author":"admin","twitter_card":"summary_large_image","twitter_misc":{"\u00c9crit par":"admin","Dur\u00e9e de lecture estim\u00e9e":"1 minute"},"schema":{"@context":"https:\/\/schema.org","@graph":[{"@type":"Article","@id":"https:\/\/lasentinelle.dz\/index.php\/2026\/02\/01\/tunisie-letat-durgence-prolonge-jusquau-31-decembre-2026\/#article","isPartOf":{"@id":"https:\/\/lasentinelle.dz\/index.php\/2026\/02\/01\/tunisie-letat-durgence-prolonge-jusquau-31-decembre-2026\/"},"author":{"name":"admin","@id":"https:\/\/lasentinelle.dz\/#\/schema\/person\/729ee0024f24e0b8c5ec17232f8e8b41"},"headline":"Tunisie\u00a0: L&rsquo;\u00e9tat d&rsquo;urgence prolong\u00e9 jusqu&rsquo;au 31 d\u00e9cembre 2026","datePublished":"2026-02-01T11:15:18+00:00","dateModified":"2026-02-01T11:15:21+00:00","mainEntityOfPage":{"@id":"https:\/\/lasentinelle.dz\/index.php\/2026\/02\/01\/tunisie-letat-durgence-prolonge-jusquau-31-decembre-2026\/"},"wordCount":182,"commentCount":0,"publisher":{"@id":"https:\/\/lasentinelle.dz\/#organization"},"image":{"@id":"https:\/\/lasentinelle.dz\/index.php\/2026\/02\/01\/tunisie-letat-durgence-prolonge-jusquau-31-decembre-2026\/#primaryimage"},"thumbnailUrl":"https:\/\/lasentinelle.dz\/wp-content\/uploads\/2026\/02\/tunisie.jpeg","articleSection":["Monde"],"inLanguage":"fr-FR","potentialAction":[{"@type":"CommentAction","name":"Comment","target":["https:\/\/lasentinelle.dz\/index.php\/2026\/02\/01\/tunisie-letat-durgence-prolonge-jusquau-31-decembre-2026\/#respond"]}]},{"@type":"WebPage","@id":"https:\/\/lasentinelle.dz\/index.php\/2026\/02\/01\/tunisie-letat-durgence-prolonge-jusquau-31-decembre-2026\/","url":"https:\/\/lasentinelle.dz\/index.php\/2026\/02\/01\/tunisie-letat-durgence-prolonge-jusquau-31-decembre-2026\/","name":"Tunisie\u00a0: L&rsquo;\u00e9tat d&rsquo;urgence prolong\u00e9 jusqu&rsquo;au 31 d\u00e9cembre 2026 - La Sentinelle","isPartOf":{"@id":"https:\/\/lasentinelle.dz\/#website"},"primaryImageOfPage":{"@id":"https:\/\/lasentinelle.dz\/index.php\/2026\/02\/01\/tunisie-letat-durgence-prolonge-jusquau-31-decembre-2026\/#primaryimage"},"image":{"@id":"https:\/\/lasentinelle.dz\/index.php\/2026\/02\/01\/tunisie-letat-durgence-prolonge-jusquau-31-decembre-2026\/#primaryimage"},"thumbnailUrl":"https:\/\/lasentinelle.dz\/wp-content\/uploads\/2026\/02\/tunisie.jpeg","datePublished":"2026-02-01T11:15:18+00:00","dateModified":"2026-02-01T11:15:21+00:00","breadcrumb":{"@id":"https:\/\/lasentinelle.dz\/index.php\/2026\/02\/01\/tunisie-letat-durgence-prolonge-jusquau-31-decembre-2026\/#breadcrumb"},"inLanguage":"fr-FR","potentialAction":[{"@type":"ReadAction","target":["https:\/\/lasentinelle.dz\/index.php\/2026\/02\/01\/tunisie-letat-durgence-prolonge-jusquau-31-decembre-2026\/"]}]},{"@type":"ImageObject","inLanguage":"fr-FR","@id":"https:\/\/lasentinelle.dz\/index.php\/2026\/02\/01\/tunisie-letat-durgence-prolonge-jusquau-31-decembre-2026\/#primaryimage","url":"https:\/\/lasentinelle.dz\/wp-content\/uploads\/2026\/02\/tunisie.jpeg","contentUrl":"https:\/\/lasentinelle.dz\/wp-content\/uploads\/2026\/02\/tunisie.jpeg","width":864,"height":486},{"@type":"BreadcrumbList","@id":"https:\/\/lasentinelle.dz\/index.php\/2026\/02\/01\/tunisie-letat-durgence-prolonge-jusquau-31-decembre-2026\/#breadcrumb","itemListElement":[{"@type":"ListItem","position":1,"name":"Accueil","item":"https:\/\/lasentinelle.dz\/"},{"@type":"ListItem","position":2,"name":"Tunisie\u00a0: L&rsquo;\u00e9tat d&rsquo;urgence prolong\u00e9 jusqu&rsquo;au 31 d\u00e9cembre 2026"}]},{"@type":"WebSite","@id":"https:\/\/lasentinelle.dz\/#website","url":"https:\/\/lasentinelle.dz\/","name":"La Sentinelle","description":"Quotidien national d&#039;information","publisher":{"@id":"https:\/\/lasentinelle.dz\/#organization"},"potentialAction":[{"@type":"SearchAction","target":{"@type":"EntryPoint","urlTemplate":"https:\/\/lasentinelle.dz\/?s={search_term_string}"},"query-input":{"@type":"PropertyValueSpecification","valueRequired":true,"valueName":"search_term_string"}}],"inLanguage":"fr-FR"},{"@type":"Organization","@id":"https:\/\/lasentinelle.dz\/#organization","name":"Quotidien La Sentinelle","url":"https:\/\/lasentinelle.dz\/","logo":{"@type":"ImageObject","inLanguage":"fr-FR","@id":"https:\/\/lasentinelle.dz\/#\/schema\/logo\/image\/","url":"https:\/\/lasentinelle.dz\/wp-content\/uploads\/2021\/09\/logo-sentinelleSLOGAN-1.png","contentUrl":"https:\/\/lasentinelle.dz\/wp-content\/uploads\/2021\/09\/logo-sentinelleSLOGAN-1.png","width":615,"height":142,"caption":"Quotidien La Sentinelle"},"image":{"@id":"https:\/\/lasentinelle.dz\/#\/schema\/logo\/image\/"},"sameAs":["https:\/\/www.facebook.com\/La-Sentinelle-104059864394773"]},{"@type":"Person","@id":"https:\/\/lasentinelle.dz\/#\/schema\/person\/729ee0024f24e0b8c5ec17232f8e8b41","name":"admin","image":{"@type":"ImageObject","inLanguage":"fr-FR","@id":"https:\/\/secure.gravatar.com\/avatar\/4c81fed838786e9b53f540bf46533e750f5d292099ae3b66cfc6fb1982e29df7?s=96&d=mm&r=g","url":"https:\/\/secure.gravatar.com\/avatar\/4c81fed838786e9b53f540bf46533e750f5d292099ae3b66cfc6fb1982e29df7?s=96&d=mm&r=g","contentUrl":"https:\/\/secure.gravatar.com\/avatar\/4c81fed838786e9b53f540bf46533e750f5d292099ae3b66cfc6fb1982e29df7?s=96&d=mm&r=g","caption":"admin"},"description":"admin","url":"https:\/\/lasentinelle.dz\/author\/admin\/"}]}},"_links":{"self":[{"href":"https:\/\/lasentinelle.dz\/index.php\/wp-json\/wp\/v2\/posts\/80362","targetHints":{"allow":["GET"]}}],"collection":[{"href":"https:\/\/lasentinelle.dz\/index.php\/wp-json\/wp\/v2\/posts"}],"about":[{"href":"https:\/\/lasentinelle.dz\/index.php\/wp-json\/wp\/v2\/types\/post"}],"author":[{"embeddable":true,"href":"https:\/\/lasentinelle.dz\/index.php\/wp-json\/wp\/v2\/users\/6"}],"replies":[{"embeddable":true,"href":"https:\/\/lasentinelle.dz\/index.php\/wp-json\/wp\/v2\/comments?post=80362"}],"version-history":[{"count":2,"href":"https:\/\/lasentinelle.dz\/index.php\/wp-json\/wp\/v2\/posts\/80362\/revisions"}],"predecessor-version":[{"id":80365,"href":"https:\/\/lasentinelle.dz\/index.php\/wp-json\/wp\/v2\/posts\/80362\/revisions\/80365"}],"wp:featuredmedia":[{"embeddable":true,"href":"https:\/\/lasentinelle.dz\/index.php\/wp-json\/wp\/v2\/media\/80363"}],"wp:attachment":[{"href":"https:\/\/lasentinelle.dz\/index.php\/wp-json\/wp\/v2\/media?parent=80362"}],"wp:term":[{"taxonomy":"category","embeddable":true,"href":"https:\/\/lasentinelle.dz\/index.php\/wp-json\/wp\/v2\/categories?post=80362"},{"taxonomy":"post_tag","embeddable":true,"href":"https:\/\/lasentinelle.dz\/index.php\/wp-json\/wp\/v2\/tags?post=80362"}],"curies":[{"name":"wp","href":"https:\/\/api.w.org\/{rel}","templated":true}]}}