{"id":80371,"date":"2026-02-01T12:18:14","date_gmt":"2026-02-01T11:18:14","guid":{"rendered":"https:\/\/lasentinelle.dz\/?p=80371"},"modified":"2026-02-01T12:18:15","modified_gmt":"2026-02-01T11:18:15","slug":"liran-annonce-que-ses-forces-armees-sont-en-etat-dalerte-la-tension-monte-dans-le-golfe","status":"publish","type":"post","link":"https:\/\/lasentinelle.dz\/index.php\/2026\/02\/01\/liran-annonce-que-ses-forces-armees-sont-en-etat-dalerte-la-tension-monte-dans-le-golfe\/","title":{"rendered":"L&rsquo;Iran annonce que ses forces arm\u00e9es sont en \u00e9tat d&rsquo;alerte\u00a0: La tension monte dans le Golfe\u00a0!"},"content":{"rendered":"\n<p>L&rsquo;Iran a plac\u00e9 samedi ses forces arm\u00e9es en \u00ab\u00a0\u00e9tat d&rsquo;alerte maximale\u00a0\u00bb et mis en garde les \u00c9tats-Unis et&nbsp;l\u2019entit\u00e9 sioniste&nbsp;contre toute attaque, alors que Washington a d\u00e9ploy\u00e9 cette semaine d&rsquo;importantes forces militaires dans le Golfe, portant la tension r\u00e9gionale \u00e0 son paroxysme. Ces avertissements interviennent dans un contexte de pressions am\u00e9ricaines accrues pour contraindre T\u00e9h\u00e9ran \u00e0 accepter un accord sur le nucl\u00e9aire, sur fond de menaces d&rsquo;intervention militaire brandies par le pr\u00e9sident Donald Trump.<\/p>\n\n\n\n<p>Le chef de l&rsquo;arm\u00e9e iranienne, Amir Hatami, a adopt\u00e9 samedi un ton d\u00e9fiant lors d&rsquo;un \u00e9v\u00e9nement militaire. \u00ab\u00a0Si l&rsquo;ennemi commet une erreur, cela mettra sans aucun doute en danger sa propre s\u00e9curit\u00e9, celle de la r\u00e9gion et celle du r\u00e9gime sioniste\u00a0\u00bb, a-t-il averti, pr\u00e9cisant que les forces arm\u00e9es iraniennes \u00e9taient \u00ab\u00a0en \u00e9tat d&rsquo;alerte maximale\u00a0\u00bb. Le g\u00e9n\u00e9ral a ajout\u00e9 que \u00ab\u00a0le savoir et la technologie nucl\u00e9aires de la R\u00e9publique islamique d&rsquo;Iran ne peuvent \u00eatre \u00e9limin\u00e9s, m\u00eame si les scientifiques et les fils de la nation tombent en martyrs\u00a0\u00bb, en r\u00e9f\u00e9rence aux bombardements&nbsp;am\u00e9ricains et isra\u00e9liens&nbsp;qui avaient vis\u00e9 des sites nucl\u00e9aires ainsi que des scientifiques iraniens lors de la guerre de 12 jours lanc\u00e9e en juin par&nbsp;l\u2019entit\u00e9 sioniste. Selon l&rsquo;agence de presse semi-officielle Tasnim, Hatami a \u00e9galement affirm\u00e9 que l&rsquo;Iran se trouve \u00e0 \u00ab\u00a0un haut niveau de pr\u00e9paration d\u00e9fensive et militaire\u00a0\u00bb et qu&rsquo;il surveille les mouvements adverses. \u00ab\u00a0\u00c9tant donn\u00e9 que nous sommes conscients de leurs intentions malveillantes, notre main est sur la g\u00e2chette\u00a0\u00bb, a-t-il d\u00e9clar\u00e9.<\/p>\n\n\n\n<p>Le chef de la diplomatie iranienne, Abbas Araghchi, a pour sa part indiqu\u00e9 vendredi \u00e0 Istanbul, lors d&rsquo;entretiens avec le pr\u00e9sident turc Recep Tayyip Erdogan et le ministre des Affaires \u00e9trang\u00e8res&nbsp;turc&nbsp;Hakan Fidan, que T\u00e9h\u00e9ran n&rsquo;excluait pas de participer \u00e0 des discussions si elles \u00e9taient \u00ab\u00a0justes et \u00e9quitables\u00a0\u00bb. \u00ab\u00a0L&rsquo;Iran n&rsquo;a jamais cherch\u00e9 \u00e0 obtenir l&rsquo;arme nucl\u00e9aire et il est pr\u00eat \u00e0 accepter un accord nucl\u00e9aire juste et \u00e9quitable qui r\u00e9ponde aux int\u00e9r\u00eats l\u00e9gitimes de notre peuple\u00a0\u00bb, a \u00e9crit samedi le ministre sur le r\u00e9seau social X, r\u00e9it\u00e9rant la position officielle de son pays. Il a toutefois ajout\u00e9 que les capacit\u00e9s de d\u00e9fense et les missiles iraniens \u00ab\u00a0ne feraient jamais l&rsquo;objet de n\u00e9gociations\u00a0\u00bb.<\/p>\n\n\n\n<p>Du c\u00f4t\u00e9 am\u00e9ricain, Donald Trump a multipli\u00e9 les d\u00e9clarations mena\u00e7antes depuis la vague de contestation r\u00e9prim\u00e9e d\u00e9but janvier en Iran. Le pr\u00e9sident am\u00e9ricain a menac\u00e9 cette semaine la R\u00e9publique islamique d&rsquo;une attaque \u00ab\u00a0bien pire\u00a0\u00bb que les frappes men\u00e9es contre ses sites nucl\u00e9aires en juin, lorsque Washington s&rsquo;\u00e9tait joint \u00e0&nbsp;l\u2019entit\u00e9&nbsp;dans son&nbsp;agression&nbsp;contre l&rsquo;Iran. Trump presse d\u00e9sormais T\u00e9h\u00e9ran d&rsquo;accepter un accord sur le nucl\u00e9aire et a estim\u00e9 vendredi que la R\u00e9publique islamique voulait en conclure un, sans divulguer le d\u00e9lai fix\u00e9. Pour appuyer ses menaces, Washington a d\u00e9ploy\u00e9 une dizaine de navires dans le Golfe, dont le porte-avions Abraham Lincoln, ce qu&rsquo;il a lui-m\u00eame qualifi\u00e9 d'\u00a0\u00bb\u00e9norme armada\u00a0\u00bb.<\/p>\n\n\n\n<p>Ali Shamkhani, conseiller principal du guide supr\u00eame iranien, l&rsquo;ayatollah Ali Khamenei, a averti samedi que la riposte de T\u00e9h\u00e9ran \u00e0 toute attaque contre l&rsquo;Iran ne serait pas limit\u00e9e, mais inclurait \u00e9galement des \u00ab\u00a0attaques en profondeur contre le r\u00e9gime isra\u00e9lien\u00a0\u00bb, selon l&rsquo;agence de presse officielle IRNA. \u00ab\u00a0Tout mouvement indiquant une intention hostile de l&rsquo;ennemi sera confront\u00e9 \u00e0 une r\u00e9ponse proportionn\u00e9e, efficace et dissuasive\u00a0\u00bb, a-t-il d\u00e9clar\u00e9, ajoutant que l&rsquo;Iran \u00ab\u00a0a d\u00e9couvert le plan op\u00e9rationnel de l&rsquo;ennemi et dispose d&rsquo;une domination totale du renseignement \u00e0 son sujet\u00a0\u00bb. T\u00e9h\u00e9ran a \u00e9galement averti d&rsquo;une riposte imm\u00e9diate en cas d&rsquo;attaque, rappelant que de \u00ab\u00a0nombreuses\u00a0\u00bb bases am\u00e9ricaines dans la r\u00e9gion se trouvaient \u00e0 port\u00e9e de missiles iraniens, et a menac\u00e9 de bloquer le d\u00e9troit d&rsquo;Ormuz, point de transit cl\u00e9 pour les approvisionnements \u00e9nerg\u00e9tiques mondiaux.<\/p>\n\n\n\n<p>La pression s&rsquo;est encore intensifi\u00e9e ces derniers jours avec l&rsquo;inscription par l&rsquo;Union europ\u00e9enne des Gardiens de la R\u00e9volution, l&rsquo;arm\u00e9e id\u00e9ologique de la R\u00e9publique islamique, sur la liste des \u00ab\u00a0organisations terroristes\u00a0\u00bb, une d\u00e9cision qualifi\u00e9e d'\u00a0\u00bbinsens\u00e9e\u00a0\u00bb par T\u00e9h\u00e9ran.&nbsp;&nbsp;Les Gardiens de la R\u00e9volution vont mener \u00e0 partir de dimanche \u00ab\u00a0un exercice naval de tir r\u00e9el de deux jours\u00a0\u00bb dans le Golfe, a indiqu\u00e9 le Commandement militaire am\u00e9ricain pour le Moyen-Orient (Centcom), mettant en garde dans un communiqu\u00e9 contre \u00ab\u00a0tout comportement dangereux ou non professionnel \u00e0 proximit\u00e9 des forces am\u00e9ricaines\u00a0\u00bb. Par ailleurs, l&rsquo;Iran pr\u00e9voit d&rsquo;organiser \u00e0 la mi-f\u00e9vrier des exercices navals conjoints avec la Chine et la Russie dans le nord de l&rsquo;oc\u00e9an Indien, a rapport\u00e9 samedi l&rsquo;agence de presse semi-officielle Tasnim. La huiti\u00e8me \u00e9dition de ces man\u0153uvres, baptis\u00e9es \u00ab\u00a0Maritime Security Belt\u00a0\u00bb, r\u00e9unira des unit\u00e9s de la marine r\u00e9guli\u00e8re iranienne et des forces navales du Corps des gardiens de la r\u00e9volution islamique, ainsi que des forces navales chinoises et russes.<\/p>\n\n\n\n<p>Alors que certains analystes n&rsquo;excluent pas que les \u00c9tats-Unis visent l&rsquo;\u00e9limination des plus hauts dirigeants iraniens, le guide supr\u00eame, l&rsquo;ayatollah Ali Khamenei, a visit\u00e9 samedi le mausol\u00e9e de Rouhollah Khomeini, le fondateur de la R\u00e9publique islamique, dans le sud de T\u00e9h\u00e9ran. Dans une vid\u00e9o publi\u00e9e sur son site officiel, Khamenei, qui n&rsquo;\u00e9tait pas apparu en public depuis le 17 janvier, appara\u00eet en train de prier.<\/p>\n\n\n\n<p>Les pays du Golfe appellent \u00e0 la retenue, tout comme la Turquie voisine. Cette explosion des tensions survient \u00e9galement au moment o\u00f9 samedi, une explosion dont l&rsquo;origine reste inconnue a secou\u00e9 un b\u00e2timent de Bandar Abbas, un port du sud de l&rsquo;Iran sur le Golfe. L&rsquo;agence officielle Irna a fait \u00e9tat de bless\u00e9s transf\u00e9r\u00e9s \u00e0 l&rsquo;h\u00f4pital, sans signaler de d\u00e9c\u00e8s. L&rsquo;explosion a d\u00e9truit deux \u00e9tages d&rsquo;un b\u00e2timent de 8 \u00e9tages, plusieurs v\u00e9hicules et des commerces. Une enqu\u00eate a \u00e9t\u00e9 ouverte pour d\u00e9terminer la cause, a pr\u00e9cis\u00e9 Mehrdad Hassanzadeh, directeur g\u00e9n\u00e9ral de la gestion des crises de la province d&rsquo;Hormozgan. Les Gardiens de la r\u00e9volution ont d\u00e9menti que des immeubles de leurs forces navales dans cette province aient \u00e9t\u00e9 vis\u00e9s.<\/p>\n\n\n\n<p>Lyes Sa\u00efdi<\/p>\n","protected":false},"excerpt":{"rendered":"<p>L&rsquo;Iran a plac\u00e9 samedi ses forces arm\u00e9es en \u00ab\u00a0\u00e9tat d&rsquo;alerte maximale\u00a0\u00bb et mis en garde les \u00c9tats-Unis et&nbsp;l\u2019entit\u00e9 sioniste&nbsp;contre toute<\/p>\n","protected":false},"author":6,"featured_media":65196,"comment_status":"open","ping_status":"closed","sticky":false,"template":"","format":"standard","meta":{"colormag_page_container_layout":"default_layout","colormag_page_sidebar_layout":"default_layout","om_disable_all_campaigns":false,"_monsterinsights_skip_tracking":false,"_monsterinsights_sitenote_active":false,"_monsterinsights_sitenote_note":"","_monsterinsights_sitenote_category":0,"footnotes":"","_wpscppro_dont_share_socialmedia":false,"_wpscppro_custom_social_share_image":0,"_facebook_share_type":"default","_twitter_share_type":"default","_linkedin_share_type":"default","_pinterest_share_type":"default","_linkedin_share_type_page":"","_instagram_share_type":"default","_medium_share_type":"default","_threads_share_type":"default","_google_business_share_type":"default","_selected_social_profile":[],"_wpsp_enable_custom_social_template":false,"_wpsp_social_scheduling":{"enabled":false,"datetime":null,"platforms":[],"status":"template_only","dateOption":"today","timeOption":"now","customDays":"","customHours":"","customDate":"","customTime":"","schedulingType":"absolute"},"_wpsp_active_default_template":true},"categories":[52,37],"tags":[],"class_list":["post-80371","post","type-post","status-publish","format-standard","has-post-thumbnail","hentry","category-a-la-une","category-monde"],"aioseo_notices":[],"yoast_head":"<!-- This site is optimized with the Yoast SEO plugin v27.5 - https:\/\/yoast.com\/product\/yoast-seo-wordpress\/ -->\n<title>L&rsquo;Iran annonce que ses forces arm\u00e9es sont en \u00e9tat d&rsquo;alerte\u00a0: La tension monte dans le Golfe\u00a0! - La Sentinelle<\/title>\n<meta name=\"robots\" content=\"index, follow, max-snippet:-1, max-image-preview:large, max-video-preview:-1\" \/>\n<link rel=\"canonical\" href=\"https:\/\/lasentinelle.dz\/index.php\/2026\/02\/01\/liran-annonce-que-ses-forces-armees-sont-en-etat-dalerte-la-tension-monte-dans-le-golfe\/\" \/>\n<meta property=\"og:locale\" content=\"fr_FR\" \/>\n<meta property=\"og:type\" content=\"article\" \/>\n<meta property=\"og:title\" content=\"L&rsquo;Iran annonce que ses forces arm\u00e9es sont en \u00e9tat d&rsquo;alerte\u00a0: La tension monte dans le Golfe\u00a0! - La Sentinelle\" \/>\n<meta property=\"og:description\" content=\"L&rsquo;Iran a plac\u00e9 samedi ses forces arm\u00e9es en \u00ab\u00a0\u00e9tat d&rsquo;alerte maximale\u00a0\u00bb et mis en garde les \u00c9tats-Unis et&nbsp;l\u2019entit\u00e9 sioniste&nbsp;contre toute\" \/>\n<meta property=\"og:url\" content=\"https:\/\/lasentinelle.dz\/index.php\/2026\/02\/01\/liran-annonce-que-ses-forces-armees-sont-en-etat-dalerte-la-tension-monte-dans-le-golfe\/\" \/>\n<meta property=\"og:site_name\" content=\"La Sentinelle\" \/>\n<meta property=\"article:publisher\" content=\"https:\/\/www.facebook.com\/La-Sentinelle-104059864394773\" \/>\n<meta property=\"article:published_time\" content=\"2026-02-01T11:18:14+00:00\" \/>\n<meta property=\"article:modified_time\" content=\"2026-02-01T11:18:15+00:00\" \/>\n<meta property=\"og:image\" content=\"https:\/\/lasentinelle.dz\/wp-content\/uploads\/2025\/04\/araghchi.webp\" \/>\n\t<meta property=\"og:image:width\" content=\"760\" \/>\n\t<meta property=\"og:image:height\" content=\"506\" \/>\n\t<meta property=\"og:image:type\" content=\"image\/webp\" \/>\n<meta name=\"author\" content=\"admin\" \/>\n<meta name=\"twitter:card\" content=\"summary_large_image\" \/>\n<meta name=\"twitter:label1\" content=\"\u00c9crit par\" \/>\n\t<meta name=\"twitter:data1\" content=\"admin\" \/>\n\t<meta name=\"twitter:label2\" content=\"Dur\u00e9e de lecture estim\u00e9e\" \/>\n\t<meta name=\"twitter:data2\" content=\"5 minutes\" \/>\n<script type=\"application\/ld+json\" class=\"yoast-schema-graph\">{\"@context\":\"https:\\\/\\\/schema.org\",\"@graph\":[{\"@type\":\"Article\",\"@id\":\"https:\\\/\\\/lasentinelle.dz\\\/index.php\\\/2026\\\/02\\\/01\\\/liran-annonce-que-ses-forces-armees-sont-en-etat-dalerte-la-tension-monte-dans-le-golfe\\\/#article\",\"isPartOf\":{\"@id\":\"https:\\\/\\\/lasentinelle.dz\\\/index.php\\\/2026\\\/02\\\/01\\\/liran-annonce-que-ses-forces-armees-sont-en-etat-dalerte-la-tension-monte-dans-le-golfe\\\/\"},\"author\":{\"name\":\"admin\",\"@id\":\"https:\\\/\\\/lasentinelle.dz\\\/#\\\/schema\\\/person\\\/729ee0024f24e0b8c5ec17232f8e8b41\"},\"headline\":\"L&rsquo;Iran annonce que ses forces arm\u00e9es sont en \u00e9tat d&rsquo;alerte\u00a0: La tension monte dans le Golfe\u00a0!\",\"datePublished\":\"2026-02-01T11:18:14+00:00\",\"dateModified\":\"2026-02-01T11:18:15+00:00\",\"mainEntityOfPage\":{\"@id\":\"https:\\\/\\\/lasentinelle.dz\\\/index.php\\\/2026\\\/02\\\/01\\\/liran-annonce-que-ses-forces-armees-sont-en-etat-dalerte-la-tension-monte-dans-le-golfe\\\/\"},\"wordCount\":1143,\"commentCount\":0,\"publisher\":{\"@id\":\"https:\\\/\\\/lasentinelle.dz\\\/#organization\"},\"image\":{\"@id\":\"https:\\\/\\\/lasentinelle.dz\\\/index.php\\\/2026\\\/02\\\/01\\\/liran-annonce-que-ses-forces-armees-sont-en-etat-dalerte-la-tension-monte-dans-le-golfe\\\/#primaryimage\"},\"thumbnailUrl\":\"https:\\\/\\\/lasentinelle.dz\\\/wp-content\\\/uploads\\\/2025\\\/04\\\/araghchi.webp\",\"articleSection\":[\"\u00c0 la Une\",\"Monde\"],\"inLanguage\":\"fr-FR\",\"potentialAction\":[{\"@type\":\"CommentAction\",\"name\":\"Comment\",\"target\":[\"https:\\\/\\\/lasentinelle.dz\\\/index.php\\\/2026\\\/02\\\/01\\\/liran-annonce-que-ses-forces-armees-sont-en-etat-dalerte-la-tension-monte-dans-le-golfe\\\/#respond\"]}]},{\"@type\":\"WebPage\",\"@id\":\"https:\\\/\\\/lasentinelle.dz\\\/index.php\\\/2026\\\/02\\\/01\\\/liran-annonce-que-ses-forces-armees-sont-en-etat-dalerte-la-tension-monte-dans-le-golfe\\\/\",\"url\":\"https:\\\/\\\/lasentinelle.dz\\\/index.php\\\/2026\\\/02\\\/01\\\/liran-annonce-que-ses-forces-armees-sont-en-etat-dalerte-la-tension-monte-dans-le-golfe\\\/\",\"name\":\"L&rsquo;Iran annonce que ses forces arm\u00e9es sont en \u00e9tat d&rsquo;alerte\u00a0: La tension monte dans le Golfe\u00a0! - La Sentinelle\",\"isPartOf\":{\"@id\":\"https:\\\/\\\/lasentinelle.dz\\\/#website\"},\"primaryImageOfPage\":{\"@id\":\"https:\\\/\\\/lasentinelle.dz\\\/index.php\\\/2026\\\/02\\\/01\\\/liran-annonce-que-ses-forces-armees-sont-en-etat-dalerte-la-tension-monte-dans-le-golfe\\\/#primaryimage\"},\"image\":{\"@id\":\"https:\\\/\\\/lasentinelle.dz\\\/index.php\\\/2026\\\/02\\\/01\\\/liran-annonce-que-ses-forces-armees-sont-en-etat-dalerte-la-tension-monte-dans-le-golfe\\\/#primaryimage\"},\"thumbnailUrl\":\"https:\\\/\\\/lasentinelle.dz\\\/wp-content\\\/uploads\\\/2025\\\/04\\\/araghchi.webp\",\"datePublished\":\"2026-02-01T11:18:14+00:00\",\"dateModified\":\"2026-02-01T11:18:15+00:00\",\"breadcrumb\":{\"@id\":\"https:\\\/\\\/lasentinelle.dz\\\/index.php\\\/2026\\\/02\\\/01\\\/liran-annonce-que-ses-forces-armees-sont-en-etat-dalerte-la-tension-monte-dans-le-golfe\\\/#breadcrumb\"},\"inLanguage\":\"fr-FR\",\"potentialAction\":[{\"@type\":\"ReadAction\",\"target\":[\"https:\\\/\\\/lasentinelle.dz\\\/index.php\\\/2026\\\/02\\\/01\\\/liran-annonce-que-ses-forces-armees-sont-en-etat-dalerte-la-tension-monte-dans-le-golfe\\\/\"]}]},{\"@type\":\"ImageObject\",\"inLanguage\":\"fr-FR\",\"@id\":\"https:\\\/\\\/lasentinelle.dz\\\/index.php\\\/2026\\\/02\\\/01\\\/liran-annonce-que-ses-forces-armees-sont-en-etat-dalerte-la-tension-monte-dans-le-golfe\\\/#primaryimage\",\"url\":\"https:\\\/\\\/lasentinelle.dz\\\/wp-content\\\/uploads\\\/2025\\\/04\\\/araghchi.webp\",\"contentUrl\":\"https:\\\/\\\/lasentinelle.dz\\\/wp-content\\\/uploads\\\/2025\\\/04\\\/araghchi.webp\",\"width\":760,\"height\":506},{\"@type\":\"BreadcrumbList\",\"@id\":\"https:\\\/\\\/lasentinelle.dz\\\/index.php\\\/2026\\\/02\\\/01\\\/liran-annonce-que-ses-forces-armees-sont-en-etat-dalerte-la-tension-monte-dans-le-golfe\\\/#breadcrumb\",\"itemListElement\":[{\"@type\":\"ListItem\",\"position\":1,\"name\":\"Accueil\",\"item\":\"https:\\\/\\\/lasentinelle.dz\\\/\"},{\"@type\":\"ListItem\",\"position\":2,\"name\":\"L&rsquo;Iran annonce que ses forces arm\u00e9es sont en \u00e9tat d&rsquo;alerte\u00a0: La tension monte dans le Golfe\u00a0!\"}]},{\"@type\":\"WebSite\",\"@id\":\"https:\\\/\\\/lasentinelle.dz\\\/#website\",\"url\":\"https:\\\/\\\/lasentinelle.dz\\\/\",\"name\":\"La Sentinelle\",\"description\":\"Quotidien national d&#039;information\",\"publisher\":{\"@id\":\"https:\\\/\\\/lasentinelle.dz\\\/#organization\"},\"potentialAction\":[{\"@type\":\"SearchAction\",\"target\":{\"@type\":\"EntryPoint\",\"urlTemplate\":\"https:\\\/\\\/lasentinelle.dz\\\/?s={search_term_string}\"},\"query-input\":{\"@type\":\"PropertyValueSpecification\",\"valueRequired\":true,\"valueName\":\"search_term_string\"}}],\"inLanguage\":\"fr-FR\"},{\"@type\":\"Organization\",\"@id\":\"https:\\\/\\\/lasentinelle.dz\\\/#organization\",\"name\":\"Quotidien La Sentinelle\",\"url\":\"https:\\\/\\\/lasentinelle.dz\\\/\",\"logo\":{\"@type\":\"ImageObject\",\"inLanguage\":\"fr-FR\",\"@id\":\"https:\\\/\\\/lasentinelle.dz\\\/#\\\/schema\\\/logo\\\/image\\\/\",\"url\":\"https:\\\/\\\/lasentinelle.dz\\\/wp-content\\\/uploads\\\/2021\\\/09\\\/logo-sentinelleSLOGAN-1.png\",\"contentUrl\":\"https:\\\/\\\/lasentinelle.dz\\\/wp-content\\\/uploads\\\/2021\\\/09\\\/logo-sentinelleSLOGAN-1.png\",\"width\":615,\"height\":142,\"caption\":\"Quotidien La Sentinelle\"},\"image\":{\"@id\":\"https:\\\/\\\/lasentinelle.dz\\\/#\\\/schema\\\/logo\\\/image\\\/\"},\"sameAs\":[\"https:\\\/\\\/www.facebook.com\\\/La-Sentinelle-104059864394773\"]},{\"@type\":\"Person\",\"@id\":\"https:\\\/\\\/lasentinelle.dz\\\/#\\\/schema\\\/person\\\/729ee0024f24e0b8c5ec17232f8e8b41\",\"name\":\"admin\",\"image\":{\"@type\":\"ImageObject\",\"inLanguage\":\"fr-FR\",\"@id\":\"https:\\\/\\\/secure.gravatar.com\\\/avatar\\\/4c81fed838786e9b53f540bf46533e750f5d292099ae3b66cfc6fb1982e29df7?s=96&d=mm&r=g\",\"url\":\"https:\\\/\\\/secure.gravatar.com\\\/avatar\\\/4c81fed838786e9b53f540bf46533e750f5d292099ae3b66cfc6fb1982e29df7?s=96&d=mm&r=g\",\"contentUrl\":\"https:\\\/\\\/secure.gravatar.com\\\/avatar\\\/4c81fed838786e9b53f540bf46533e750f5d292099ae3b66cfc6fb1982e29df7?s=96&d=mm&r=g\",\"caption\":\"admin\"},\"description\":\"admin\",\"url\":\"https:\\\/\\\/lasentinelle.dz\\\/author\\\/admin\\\/\"}]}<\/script>\n<!-- \/ Yoast SEO plugin. -->","yoast_head_json":{"title":"L&rsquo;Iran annonce que ses forces arm\u00e9es sont en \u00e9tat d&rsquo;alerte\u00a0: La tension monte dans le Golfe\u00a0! - La Sentinelle","robots":{"index":"index","follow":"follow","max-snippet":"max-snippet:-1","max-image-preview":"max-image-preview:large","max-video-preview":"max-video-preview:-1"},"canonical":"https:\/\/lasentinelle.dz\/index.php\/2026\/02\/01\/liran-annonce-que-ses-forces-armees-sont-en-etat-dalerte-la-tension-monte-dans-le-golfe\/","og_locale":"fr_FR","og_type":"article","og_title":"L&rsquo;Iran annonce que ses forces arm\u00e9es sont en \u00e9tat d&rsquo;alerte\u00a0: La tension monte dans le Golfe\u00a0! - La Sentinelle","og_description":"L&rsquo;Iran a plac\u00e9 samedi ses forces arm\u00e9es en \u00ab\u00a0\u00e9tat d&rsquo;alerte maximale\u00a0\u00bb et mis en garde les \u00c9tats-Unis et&nbsp;l\u2019entit\u00e9 sioniste&nbsp;contre toute","og_url":"https:\/\/lasentinelle.dz\/index.php\/2026\/02\/01\/liran-annonce-que-ses-forces-armees-sont-en-etat-dalerte-la-tension-monte-dans-le-golfe\/","og_site_name":"La Sentinelle","article_publisher":"https:\/\/www.facebook.com\/La-Sentinelle-104059864394773","article_published_time":"2026-02-01T11:18:14+00:00","article_modified_time":"2026-02-01T11:18:15+00:00","og_image":[{"width":760,"height":506,"url":"https:\/\/lasentinelle.dz\/wp-content\/uploads\/2025\/04\/araghchi.webp","type":"image\/webp"}],"author":"admin","twitter_card":"summary_large_image","twitter_misc":{"\u00c9crit par":"admin","Dur\u00e9e de lecture estim\u00e9e":"5 minutes"},"schema":{"@context":"https:\/\/schema.org","@graph":[{"@type":"Article","@id":"https:\/\/lasentinelle.dz\/index.php\/2026\/02\/01\/liran-annonce-que-ses-forces-armees-sont-en-etat-dalerte-la-tension-monte-dans-le-golfe\/#article","isPartOf":{"@id":"https:\/\/lasentinelle.dz\/index.php\/2026\/02\/01\/liran-annonce-que-ses-forces-armees-sont-en-etat-dalerte-la-tension-monte-dans-le-golfe\/"},"author":{"name":"admin","@id":"https:\/\/lasentinelle.dz\/#\/schema\/person\/729ee0024f24e0b8c5ec17232f8e8b41"},"headline":"L&rsquo;Iran annonce que ses forces arm\u00e9es sont en \u00e9tat d&rsquo;alerte\u00a0: La tension monte dans le Golfe\u00a0!","datePublished":"2026-02-01T11:18:14+00:00","dateModified":"2026-02-01T11:18:15+00:00","mainEntityOfPage":{"@id":"https:\/\/lasentinelle.dz\/index.php\/2026\/02\/01\/liran-annonce-que-ses-forces-armees-sont-en-etat-dalerte-la-tension-monte-dans-le-golfe\/"},"wordCount":1143,"commentCount":0,"publisher":{"@id":"https:\/\/lasentinelle.dz\/#organization"},"image":{"@id":"https:\/\/lasentinelle.dz\/index.php\/2026\/02\/01\/liran-annonce-que-ses-forces-armees-sont-en-etat-dalerte-la-tension-monte-dans-le-golfe\/#primaryimage"},"thumbnailUrl":"https:\/\/lasentinelle.dz\/wp-content\/uploads\/2025\/04\/araghchi.webp","articleSection":["\u00c0 la Une","Monde"],"inLanguage":"fr-FR","potentialAction":[{"@type":"CommentAction","name":"Comment","target":["https:\/\/lasentinelle.dz\/index.php\/2026\/02\/01\/liran-annonce-que-ses-forces-armees-sont-en-etat-dalerte-la-tension-monte-dans-le-golfe\/#respond"]}]},{"@type":"WebPage","@id":"https:\/\/lasentinelle.dz\/index.php\/2026\/02\/01\/liran-annonce-que-ses-forces-armees-sont-en-etat-dalerte-la-tension-monte-dans-le-golfe\/","url":"https:\/\/lasentinelle.dz\/index.php\/2026\/02\/01\/liran-annonce-que-ses-forces-armees-sont-en-etat-dalerte-la-tension-monte-dans-le-golfe\/","name":"L&rsquo;Iran annonce que ses forces arm\u00e9es sont en \u00e9tat d&rsquo;alerte\u00a0: La tension monte dans le Golfe\u00a0! - La Sentinelle","isPartOf":{"@id":"https:\/\/lasentinelle.dz\/#website"},"primaryImageOfPage":{"@id":"https:\/\/lasentinelle.dz\/index.php\/2026\/02\/01\/liran-annonce-que-ses-forces-armees-sont-en-etat-dalerte-la-tension-monte-dans-le-golfe\/#primaryimage"},"image":{"@id":"https:\/\/lasentinelle.dz\/index.php\/2026\/02\/01\/liran-annonce-que-ses-forces-armees-sont-en-etat-dalerte-la-tension-monte-dans-le-golfe\/#primaryimage"},"thumbnailUrl":"https:\/\/lasentinelle.dz\/wp-content\/uploads\/2025\/04\/araghchi.webp","datePublished":"2026-02-01T11:18:14+00:00","dateModified":"2026-02-01T11:18:15+00:00","breadcrumb":{"@id":"https:\/\/lasentinelle.dz\/index.php\/2026\/02\/01\/liran-annonce-que-ses-forces-armees-sont-en-etat-dalerte-la-tension-monte-dans-le-golfe\/#breadcrumb"},"inLanguage":"fr-FR","potentialAction":[{"@type":"ReadAction","target":["https:\/\/lasentinelle.dz\/index.php\/2026\/02\/01\/liran-annonce-que-ses-forces-armees-sont-en-etat-dalerte-la-tension-monte-dans-le-golfe\/"]}]},{"@type":"ImageObject","inLanguage":"fr-FR","@id":"https:\/\/lasentinelle.dz\/index.php\/2026\/02\/01\/liran-annonce-que-ses-forces-armees-sont-en-etat-dalerte-la-tension-monte-dans-le-golfe\/#primaryimage","url":"https:\/\/lasentinelle.dz\/wp-content\/uploads\/2025\/04\/araghchi.webp","contentUrl":"https:\/\/lasentinelle.dz\/wp-content\/uploads\/2025\/04\/araghchi.webp","width":760,"height":506},{"@type":"BreadcrumbList","@id":"https:\/\/lasentinelle.dz\/index.php\/2026\/02\/01\/liran-annonce-que-ses-forces-armees-sont-en-etat-dalerte-la-tension-monte-dans-le-golfe\/#breadcrumb","itemListElement":[{"@type":"ListItem","position":1,"name":"Accueil","item":"https:\/\/lasentinelle.dz\/"},{"@type":"ListItem","position":2,"name":"L&rsquo;Iran annonce que ses forces arm\u00e9es sont en \u00e9tat d&rsquo;alerte\u00a0: La tension monte dans le Golfe\u00a0!"}]},{"@type":"WebSite","@id":"https:\/\/lasentinelle.dz\/#website","url":"https:\/\/lasentinelle.dz\/","name":"La Sentinelle","description":"Quotidien national d&#039;information","publisher":{"@id":"https:\/\/lasentinelle.dz\/#organization"},"potentialAction":[{"@type":"SearchAction","target":{"@type":"EntryPoint","urlTemplate":"https:\/\/lasentinelle.dz\/?s={search_term_string}"},"query-input":{"@type":"PropertyValueSpecification","valueRequired":true,"valueName":"search_term_string"}}],"inLanguage":"fr-FR"},{"@type":"Organization","@id":"https:\/\/lasentinelle.dz\/#organization","name":"Quotidien La Sentinelle","url":"https:\/\/lasentinelle.dz\/","logo":{"@type":"ImageObject","inLanguage":"fr-FR","@id":"https:\/\/lasentinelle.dz\/#\/schema\/logo\/image\/","url":"https:\/\/lasentinelle.dz\/wp-content\/uploads\/2021\/09\/logo-sentinelleSLOGAN-1.png","contentUrl":"https:\/\/lasentinelle.dz\/wp-content\/uploads\/2021\/09\/logo-sentinelleSLOGAN-1.png","width":615,"height":142,"caption":"Quotidien La Sentinelle"},"image":{"@id":"https:\/\/lasentinelle.dz\/#\/schema\/logo\/image\/"},"sameAs":["https:\/\/www.facebook.com\/La-Sentinelle-104059864394773"]},{"@type":"Person","@id":"https:\/\/lasentinelle.dz\/#\/schema\/person\/729ee0024f24e0b8c5ec17232f8e8b41","name":"admin","image":{"@type":"ImageObject","inLanguage":"fr-FR","@id":"https:\/\/secure.gravatar.com\/avatar\/4c81fed838786e9b53f540bf46533e750f5d292099ae3b66cfc6fb1982e29df7?s=96&d=mm&r=g","url":"https:\/\/secure.gravatar.com\/avatar\/4c81fed838786e9b53f540bf46533e750f5d292099ae3b66cfc6fb1982e29df7?s=96&d=mm&r=g","contentUrl":"https:\/\/secure.gravatar.com\/avatar\/4c81fed838786e9b53f540bf46533e750f5d292099ae3b66cfc6fb1982e29df7?s=96&d=mm&r=g","caption":"admin"},"description":"admin","url":"https:\/\/lasentinelle.dz\/author\/admin\/"}]}},"_links":{"self":[{"href":"https:\/\/lasentinelle.dz\/index.php\/wp-json\/wp\/v2\/posts\/80371","targetHints":{"allow":["GET"]}}],"collection":[{"href":"https:\/\/lasentinelle.dz\/index.php\/wp-json\/wp\/v2\/posts"}],"about":[{"href":"https:\/\/lasentinelle.dz\/index.php\/wp-json\/wp\/v2\/types\/post"}],"author":[{"embeddable":true,"href":"https:\/\/lasentinelle.dz\/index.php\/wp-json\/wp\/v2\/users\/6"}],"replies":[{"embeddable":true,"href":"https:\/\/lasentinelle.dz\/index.php\/wp-json\/wp\/v2\/comments?post=80371"}],"version-history":[{"count":2,"href":"https:\/\/lasentinelle.dz\/index.php\/wp-json\/wp\/v2\/posts\/80371\/revisions"}],"predecessor-version":[{"id":80373,"href":"https:\/\/lasentinelle.dz\/index.php\/wp-json\/wp\/v2\/posts\/80371\/revisions\/80373"}],"wp:featuredmedia":[{"embeddable":true,"href":"https:\/\/lasentinelle.dz\/index.php\/wp-json\/wp\/v2\/media\/65196"}],"wp:attachment":[{"href":"https:\/\/lasentinelle.dz\/index.php\/wp-json\/wp\/v2\/media?parent=80371"}],"wp:term":[{"taxonomy":"category","embeddable":true,"href":"https:\/\/lasentinelle.dz\/index.php\/wp-json\/wp\/v2\/categories?post=80371"},{"taxonomy":"post_tag","embeddable":true,"href":"https:\/\/lasentinelle.dz\/index.php\/wp-json\/wp\/v2\/tags?post=80371"}],"curies":[{"name":"wp","href":"https:\/\/api.w.org\/{rel}","templated":true}]}}