{"id":80394,"date":"2026-02-01T12:32:27","date_gmt":"2026-02-01T11:32:27","guid":{"rendered":"https:\/\/lasentinelle.dz\/?p=80394"},"modified":"2026-02-01T12:32:28","modified_gmt":"2026-02-01T11:32:28","slug":"coupe-de-la-confederation-africaine-lusma-pour-assurer-la-qualif-le-crb-pour-confirmer","status":"publish","type":"post","link":"https:\/\/lasentinelle.dz\/index.php\/2026\/02\/01\/coupe-de-la-confederation-africaine-lusma-pour-assurer-la-qualif-le-crb-pour-confirmer\/","title":{"rendered":"Coupe de la Conf\u00e9d\u00e9ration africaine\u00a0: L\u2019USMA pour assurer la qualif\u2019, le CRB pour confirmer"},"content":{"rendered":"\n<p>\u00c0 l\u2019occasion de la quatri\u00e8me journ\u00e9e des phases de groupes de la Coupe de la Conf\u00e9d\u00e9ration, pr\u00e9vue ce&nbsp;dimanche, les repr\u00e9sentants alg\u00e9riens affrontent des rendez-vous aux enjeux contrast\u00e9s. Alors que l\u2019USM Alger, solide leader de son groupe en Coupe de la Conf\u00e9d\u00e9ration avec neuf points, peut valider son billet pour les quarts de finale d\u00e8s dimanche \u00e0 Bamako face au Djoliba AC, le CR Belouizdad devra confirmer sa prise de commandement du groupe C en se d\u00e9pla\u00e7ant \u00e0 Cape Town pour affronter Stellenbosch.&nbsp;<\/p>\n\n\n\n<p>L\u2019USM Alger aborde cette quatri\u00e8me journ\u00e9e en position de force. Auteurs de trois victoires cons\u00e9cutives, dont un succ\u00e8s contre le Djoliba AC au stade du 5 Juillet le 24 janvier dernier, les Rouge et Noir totalisent neuf points et dominent le groupe A. Une victoire dimanche \u00e0 Bamako leur permettrait de valider officiellement leur qualification pour les quarts de finale avec deux journ\u00e9es d\u2019avance. Face \u00e0 eux, un Djoliba AC lanterne rouge avec z\u00e9ro point, qui a quasiment compromis ses chances mais esp\u00e8re un sursaut d\u2019orgueil devant son public.Ce d\u00e9placement intervient toutefois dans un contexte particulier. Le 27 janvier, l\u2019USMA a annonc\u00e9 la rupture \u00e0 l\u2019amiable du contrat avec son entra\u00eeneur Abdelhak Benchikha. L\u2019int\u00e9rim a \u00e9t\u00e9 confi\u00e9 \u00e0 Hadj Adlane, son adjoint, appel\u00e9 \u00e0 assurer la continuit\u00e9 et \u00e0 pr\u00e9server la dynamique positive de l\u2019\u00e9quipe. Ce changement brutal en pleine campagne africaine constitue un pari risqu\u00e9, m\u00eame si la solidit\u00e9 du collectif et l\u2019avance confortable laissent pr\u00e9sager une transition sans trop de heurts. Dans l\u2019autre rencontre du groupe, l\u2019Olympique Safi, deuxi\u00e8me avec six points, recevra San Pedro FC, troisi\u00e8me avec trois points, dans un match d\u00e9cisif pour les Ivoiriens.<\/p>\n\n\n\n<p><strong>Le CRB en qu\u00eate de confirmation<\/strong><\/p>\n\n\n\n<p>Le CR Belouizdad aura une mission plus d\u00e9licate \u00e0 Cape Town face \u00e0 Stellenbosch. Le club de La\u00e2quiba a r\u00e9alis\u00e9 une excellente op\u00e9ration le 25 janvier en prenant la t\u00eate du groupe C gr\u00e2ce \u00e0 sa victoire face aux Sud-Africains au stade Nelson-Mandela de Baraki. Ce succ\u00e8s permet aux Belouizdadis de totaliser six points et de devancer d\u2019une courte t\u00eate Stellenbosch et les Tanzaniens de Singida Black Stars, tous deux \u00e0 quatre points. Otoho d\u2019Oyo ferme la marche avec trois points.<\/p>\n\n\n\n<p>Battus au match aller, les Sud-Africains tenteront de prendre leur revanche \u00e0 domicile et de relancer leurs chances. Le Chabab doit \u00e9viter une d\u00e9faite qui serait lourde de cons\u00e9quences, d\u2019autant qu\u2019il encha\u00eenera ensuite avec un d\u00e9placement en Tanzanie face \u00e0 Singida Black Stars. La t\u00e2che s\u2019annonce ardue sur la pelouse de Cape Town, mais le CR Belouizdad dispose des moyens pour revenir avec un r\u00e9sultat positif, \u00e0 condition de rester solide dans tous les compartiments du jeu. Dans l\u2019autre rencontre du groupe, Otoho d\u2019Oyo n\u2019aura plus le droit \u00e0 l\u2019erreur \u00e0 domicile face \u00e0 Singida Black Stars.<\/p>\n\n\n\n<p><strong>Le MCA condamn\u00e9 \u00e0 gagner<\/strong><strong>&nbsp;en Ligue des champions<\/strong><\/p>\n\n\n\n<p>En Ligue des champions, le MC Alger se trouve dans une situation critique. Dimanche \u00e0&nbsp;2\u00e0h00, le Doyen accueillera Saint-\u00c9loi Lupopo \u00e0 Douera dans un match \u00e0 quitte ou double. Dos au mur apr\u00e8s un d\u00e9but calamiteux, les Vert et Rouge n\u2019ont r\u00e9colt\u00e9 qu\u2019un seul point en trois sorties et doivent imp\u00e9rativement s\u2019imposer pour rester en vie dans la course aux quarts de finale.&nbsp;Face \u00e0 Lupopo, cr\u00e9dit\u00e9 de quatre points, le double champion d\u2019Alg\u00e9rie en titre n\u2019a plus droit \u00e0 l\u2019erreur. Seule une victoire lui permettra de conserver un espoir math\u00e9matique de qualification, alors qu\u2019un match nul ou une d\u00e9faite serait synonyme d\u2019\u00e9limination pr\u00e9coce. Cette rencontre s\u2019annonce sous haute pression, le MCA devant composer avec plusieurs absences notables en d\u00e9fense. Le lat\u00e9ral Mohamed R\u00e9da Hala\u00efmia est forfait pour blessure, Ayoub Ghezala est suspendu, tandis que le milieu offensif Larbi Tabti demeure incertain.&nbsp;Malgr\u00e9 ces contraintes, les partenaires du capitaine Ayoub Abdellaoui tenteront de s\u2019appuyer sur le soutien de leur public pour renverser la tendance. Le stade de Douera devra se transformer en forteresse. Dans l\u2019autre match du groupe C, Al-Hilal SC recevra Mamelodi Sundowns \u00e0 Kigali dans un duel au sommet. Les deux \u00e9quipes partagent la t\u00eate avec cinq points chacune et se disputent la premi\u00e8re place, synonyme d\u2019un tirage potentiellement plus favorable en quarts de finale.<\/p>\n\n\n\n<p>Moncef Dahleb<\/p>\n","protected":false},"excerpt":{"rendered":"<p>\u00c0 l\u2019occasion de la quatri\u00e8me journ\u00e9e des phases de groupes de la Coupe de la Conf\u00e9d\u00e9ration, pr\u00e9vue ce&nbsp;dimanche, les repr\u00e9sentants<\/p>\n","protected":false},"author":6,"featured_media":80395,"comment_status":"open","ping_status":"closed","sticky":false,"template":"","format":"standard","meta":{"colormag_page_container_layout":"default_layout","colormag_page_sidebar_layout":"default_layout","om_disable_all_campaigns":false,"_monsterinsights_skip_tracking":false,"_monsterinsights_sitenote_active":false,"_monsterinsights_sitenote_note":"","_monsterinsights_sitenote_category":0,"footnotes":"","_wpscppro_dont_share_socialmedia":false,"_wpscppro_custom_social_share_image":0,"_facebook_share_type":"default","_twitter_share_type":"default","_linkedin_share_type":"default","_pinterest_share_type":"default","_linkedin_share_type_page":"","_instagram_share_type":"default","_medium_share_type":"default","_threads_share_type":"default","_google_business_share_type":"default","_selected_social_profile":[],"_wpsp_enable_custom_social_template":false,"_wpsp_social_scheduling":{"enabled":false,"datetime":null,"platforms":[],"status":"template_only","dateOption":"today","timeOption":"now","customDays":"","customHours":"","customDate":"","customTime":"","schedulingType":"absolute"},"_wpsp_active_default_template":true},"categories":[52,33],"tags":[],"class_list":["post-80394","post","type-post","status-publish","format-standard","has-post-thumbnail","hentry","category-a-la-une","category-sports"],"aioseo_notices":[],"yoast_head":"<!-- This site is optimized with the Yoast SEO plugin v27.5 - https:\/\/yoast.com\/product\/yoast-seo-wordpress\/ -->\n<title>Coupe de la Conf\u00e9d\u00e9ration africaine\u00a0: L\u2019USMA pour assurer la qualif\u2019, le CRB pour confirmer - La Sentinelle<\/title>\n<meta name=\"robots\" content=\"index, follow, max-snippet:-1, max-image-preview:large, max-video-preview:-1\" \/>\n<link rel=\"canonical\" href=\"https:\/\/lasentinelle.dz\/index.php\/2026\/02\/01\/coupe-de-la-confederation-africaine-lusma-pour-assurer-la-qualif-le-crb-pour-confirmer\/\" \/>\n<meta property=\"og:locale\" content=\"fr_FR\" \/>\n<meta property=\"og:type\" content=\"article\" \/>\n<meta property=\"og:title\" content=\"Coupe de la Conf\u00e9d\u00e9ration africaine\u00a0: L\u2019USMA pour assurer la qualif\u2019, le CRB pour confirmer - La Sentinelle\" \/>\n<meta property=\"og:description\" content=\"\u00c0 l\u2019occasion de la quatri\u00e8me journ\u00e9e des phases de groupes de la Coupe de la Conf\u00e9d\u00e9ration, pr\u00e9vue ce&nbsp;dimanche, les repr\u00e9sentants\" \/>\n<meta property=\"og:url\" content=\"https:\/\/lasentinelle.dz\/index.php\/2026\/02\/01\/coupe-de-la-confederation-africaine-lusma-pour-assurer-la-qualif-le-crb-pour-confirmer\/\" \/>\n<meta property=\"og:site_name\" content=\"La Sentinelle\" \/>\n<meta property=\"article:publisher\" content=\"https:\/\/www.facebook.com\/La-Sentinelle-104059864394773\" \/>\n<meta property=\"article:published_time\" content=\"2026-02-01T11:32:27+00:00\" \/>\n<meta property=\"article:modified_time\" content=\"2026-02-01T11:32:28+00:00\" \/>\n<meta property=\"og:image\" content=\"https:\/\/lasentinelle.dz\/wp-content\/uploads\/2026\/02\/USMA.jpeg\" \/>\n\t<meta property=\"og:image:width\" content=\"1440\" \/>\n\t<meta property=\"og:image:height\" content=\"1800\" \/>\n\t<meta property=\"og:image:type\" content=\"image\/jpeg\" \/>\n<meta name=\"author\" content=\"admin\" \/>\n<meta name=\"twitter:card\" content=\"summary_large_image\" \/>\n<meta name=\"twitter:label1\" content=\"\u00c9crit par\" \/>\n\t<meta name=\"twitter:data1\" content=\"admin\" \/>\n\t<meta name=\"twitter:label2\" content=\"Dur\u00e9e de lecture estim\u00e9e\" \/>\n\t<meta name=\"twitter:data2\" content=\"4 minutes\" \/>\n<script type=\"application\/ld+json\" class=\"yoast-schema-graph\">{\"@context\":\"https:\\\/\\\/schema.org\",\"@graph\":[{\"@type\":\"Article\",\"@id\":\"https:\\\/\\\/lasentinelle.dz\\\/index.php\\\/2026\\\/02\\\/01\\\/coupe-de-la-confederation-africaine-lusma-pour-assurer-la-qualif-le-crb-pour-confirmer\\\/#article\",\"isPartOf\":{\"@id\":\"https:\\\/\\\/lasentinelle.dz\\\/index.php\\\/2026\\\/02\\\/01\\\/coupe-de-la-confederation-africaine-lusma-pour-assurer-la-qualif-le-crb-pour-confirmer\\\/\"},\"author\":{\"name\":\"admin\",\"@id\":\"https:\\\/\\\/lasentinelle.dz\\\/#\\\/schema\\\/person\\\/729ee0024f24e0b8c5ec17232f8e8b41\"},\"headline\":\"Coupe de la Conf\u00e9d\u00e9ration africaine\u00a0: L\u2019USMA pour assurer la qualif\u2019, le CRB pour confirmer\",\"datePublished\":\"2026-02-01T11:32:27+00:00\",\"dateModified\":\"2026-02-01T11:32:28+00:00\",\"mainEntityOfPage\":{\"@id\":\"https:\\\/\\\/lasentinelle.dz\\\/index.php\\\/2026\\\/02\\\/01\\\/coupe-de-la-confederation-africaine-lusma-pour-assurer-la-qualif-le-crb-pour-confirmer\\\/\"},\"wordCount\":772,\"commentCount\":0,\"publisher\":{\"@id\":\"https:\\\/\\\/lasentinelle.dz\\\/#organization\"},\"image\":{\"@id\":\"https:\\\/\\\/lasentinelle.dz\\\/index.php\\\/2026\\\/02\\\/01\\\/coupe-de-la-confederation-africaine-lusma-pour-assurer-la-qualif-le-crb-pour-confirmer\\\/#primaryimage\"},\"thumbnailUrl\":\"https:\\\/\\\/lasentinelle.dz\\\/wp-content\\\/uploads\\\/2026\\\/02\\\/USMA.jpeg\",\"articleSection\":[\"\u00c0 la Une\",\"Sports\"],\"inLanguage\":\"fr-FR\",\"potentialAction\":[{\"@type\":\"CommentAction\",\"name\":\"Comment\",\"target\":[\"https:\\\/\\\/lasentinelle.dz\\\/index.php\\\/2026\\\/02\\\/01\\\/coupe-de-la-confederation-africaine-lusma-pour-assurer-la-qualif-le-crb-pour-confirmer\\\/#respond\"]}]},{\"@type\":\"WebPage\",\"@id\":\"https:\\\/\\\/lasentinelle.dz\\\/index.php\\\/2026\\\/02\\\/01\\\/coupe-de-la-confederation-africaine-lusma-pour-assurer-la-qualif-le-crb-pour-confirmer\\\/\",\"url\":\"https:\\\/\\\/lasentinelle.dz\\\/index.php\\\/2026\\\/02\\\/01\\\/coupe-de-la-confederation-africaine-lusma-pour-assurer-la-qualif-le-crb-pour-confirmer\\\/\",\"name\":\"Coupe de la Conf\u00e9d\u00e9ration africaine\u00a0: L\u2019USMA pour assurer la qualif\u2019, le CRB pour confirmer - La Sentinelle\",\"isPartOf\":{\"@id\":\"https:\\\/\\\/lasentinelle.dz\\\/#website\"},\"primaryImageOfPage\":{\"@id\":\"https:\\\/\\\/lasentinelle.dz\\\/index.php\\\/2026\\\/02\\\/01\\\/coupe-de-la-confederation-africaine-lusma-pour-assurer-la-qualif-le-crb-pour-confirmer\\\/#primaryimage\"},\"image\":{\"@id\":\"https:\\\/\\\/lasentinelle.dz\\\/index.php\\\/2026\\\/02\\\/01\\\/coupe-de-la-confederation-africaine-lusma-pour-assurer-la-qualif-le-crb-pour-confirmer\\\/#primaryimage\"},\"thumbnailUrl\":\"https:\\\/\\\/lasentinelle.dz\\\/wp-content\\\/uploads\\\/2026\\\/02\\\/USMA.jpeg\",\"datePublished\":\"2026-02-01T11:32:27+00:00\",\"dateModified\":\"2026-02-01T11:32:28+00:00\",\"breadcrumb\":{\"@id\":\"https:\\\/\\\/lasentinelle.dz\\\/index.php\\\/2026\\\/02\\\/01\\\/coupe-de-la-confederation-africaine-lusma-pour-assurer-la-qualif-le-crb-pour-confirmer\\\/#breadcrumb\"},\"inLanguage\":\"fr-FR\",\"potentialAction\":[{\"@type\":\"ReadAction\",\"target\":[\"https:\\\/\\\/lasentinelle.dz\\\/index.php\\\/2026\\\/02\\\/01\\\/coupe-de-la-confederation-africaine-lusma-pour-assurer-la-qualif-le-crb-pour-confirmer\\\/\"]}]},{\"@type\":\"ImageObject\",\"inLanguage\":\"fr-FR\",\"@id\":\"https:\\\/\\\/lasentinelle.dz\\\/index.php\\\/2026\\\/02\\\/01\\\/coupe-de-la-confederation-africaine-lusma-pour-assurer-la-qualif-le-crb-pour-confirmer\\\/#primaryimage\",\"url\":\"https:\\\/\\\/lasentinelle.dz\\\/wp-content\\\/uploads\\\/2026\\\/02\\\/USMA.jpeg\",\"contentUrl\":\"https:\\\/\\\/lasentinelle.dz\\\/wp-content\\\/uploads\\\/2026\\\/02\\\/USMA.jpeg\",\"width\":1440,\"height\":1800},{\"@type\":\"BreadcrumbList\",\"@id\":\"https:\\\/\\\/lasentinelle.dz\\\/index.php\\\/2026\\\/02\\\/01\\\/coupe-de-la-confederation-africaine-lusma-pour-assurer-la-qualif-le-crb-pour-confirmer\\\/#breadcrumb\",\"itemListElement\":[{\"@type\":\"ListItem\",\"position\":1,\"name\":\"Accueil\",\"item\":\"https:\\\/\\\/lasentinelle.dz\\\/\"},{\"@type\":\"ListItem\",\"position\":2,\"name\":\"Coupe de la Conf\u00e9d\u00e9ration africaine\u00a0: L\u2019USMA pour assurer la qualif\u2019, le CRB pour confirmer\"}]},{\"@type\":\"WebSite\",\"@id\":\"https:\\\/\\\/lasentinelle.dz\\\/#website\",\"url\":\"https:\\\/\\\/lasentinelle.dz\\\/\",\"name\":\"La Sentinelle\",\"description\":\"Quotidien national d&#039;information\",\"publisher\":{\"@id\":\"https:\\\/\\\/lasentinelle.dz\\\/#organization\"},\"potentialAction\":[{\"@type\":\"SearchAction\",\"target\":{\"@type\":\"EntryPoint\",\"urlTemplate\":\"https:\\\/\\\/lasentinelle.dz\\\/?s={search_term_string}\"},\"query-input\":{\"@type\":\"PropertyValueSpecification\",\"valueRequired\":true,\"valueName\":\"search_term_string\"}}],\"inLanguage\":\"fr-FR\"},{\"@type\":\"Organization\",\"@id\":\"https:\\\/\\\/lasentinelle.dz\\\/#organization\",\"name\":\"Quotidien La Sentinelle\",\"url\":\"https:\\\/\\\/lasentinelle.dz\\\/\",\"logo\":{\"@type\":\"ImageObject\",\"inLanguage\":\"fr-FR\",\"@id\":\"https:\\\/\\\/lasentinelle.dz\\\/#\\\/schema\\\/logo\\\/image\\\/\",\"url\":\"https:\\\/\\\/lasentinelle.dz\\\/wp-content\\\/uploads\\\/2021\\\/09\\\/logo-sentinelleSLOGAN-1.png\",\"contentUrl\":\"https:\\\/\\\/lasentinelle.dz\\\/wp-content\\\/uploads\\\/2021\\\/09\\\/logo-sentinelleSLOGAN-1.png\",\"width\":615,\"height\":142,\"caption\":\"Quotidien La Sentinelle\"},\"image\":{\"@id\":\"https:\\\/\\\/lasentinelle.dz\\\/#\\\/schema\\\/logo\\\/image\\\/\"},\"sameAs\":[\"https:\\\/\\\/www.facebook.com\\\/La-Sentinelle-104059864394773\"]},{\"@type\":\"Person\",\"@id\":\"https:\\\/\\\/lasentinelle.dz\\\/#\\\/schema\\\/person\\\/729ee0024f24e0b8c5ec17232f8e8b41\",\"name\":\"admin\",\"image\":{\"@type\":\"ImageObject\",\"inLanguage\":\"fr-FR\",\"@id\":\"https:\\\/\\\/secure.gravatar.com\\\/avatar\\\/4c81fed838786e9b53f540bf46533e750f5d292099ae3b66cfc6fb1982e29df7?s=96&d=mm&r=g\",\"url\":\"https:\\\/\\\/secure.gravatar.com\\\/avatar\\\/4c81fed838786e9b53f540bf46533e750f5d292099ae3b66cfc6fb1982e29df7?s=96&d=mm&r=g\",\"contentUrl\":\"https:\\\/\\\/secure.gravatar.com\\\/avatar\\\/4c81fed838786e9b53f540bf46533e750f5d292099ae3b66cfc6fb1982e29df7?s=96&d=mm&r=g\",\"caption\":\"admin\"},\"description\":\"admin\",\"url\":\"https:\\\/\\\/lasentinelle.dz\\\/author\\\/admin\\\/\"}]}<\/script>\n<!-- \/ Yoast SEO plugin. -->","yoast_head_json":{"title":"Coupe de la Conf\u00e9d\u00e9ration africaine\u00a0: L\u2019USMA pour assurer la qualif\u2019, le CRB pour confirmer - La Sentinelle","robots":{"index":"index","follow":"follow","max-snippet":"max-snippet:-1","max-image-preview":"max-image-preview:large","max-video-preview":"max-video-preview:-1"},"canonical":"https:\/\/lasentinelle.dz\/index.php\/2026\/02\/01\/coupe-de-la-confederation-africaine-lusma-pour-assurer-la-qualif-le-crb-pour-confirmer\/","og_locale":"fr_FR","og_type":"article","og_title":"Coupe de la Conf\u00e9d\u00e9ration africaine\u00a0: L\u2019USMA pour assurer la qualif\u2019, le CRB pour confirmer - La Sentinelle","og_description":"\u00c0 l\u2019occasion de la quatri\u00e8me journ\u00e9e des phases de groupes de la Coupe de la Conf\u00e9d\u00e9ration, pr\u00e9vue ce&nbsp;dimanche, les repr\u00e9sentants","og_url":"https:\/\/lasentinelle.dz\/index.php\/2026\/02\/01\/coupe-de-la-confederation-africaine-lusma-pour-assurer-la-qualif-le-crb-pour-confirmer\/","og_site_name":"La Sentinelle","article_publisher":"https:\/\/www.facebook.com\/La-Sentinelle-104059864394773","article_published_time":"2026-02-01T11:32:27+00:00","article_modified_time":"2026-02-01T11:32:28+00:00","og_image":[{"width":1440,"height":1800,"url":"https:\/\/lasentinelle.dz\/wp-content\/uploads\/2026\/02\/USMA.jpeg","type":"image\/jpeg"}],"author":"admin","twitter_card":"summary_large_image","twitter_misc":{"\u00c9crit par":"admin","Dur\u00e9e de lecture estim\u00e9e":"4 minutes"},"schema":{"@context":"https:\/\/schema.org","@graph":[{"@type":"Article","@id":"https:\/\/lasentinelle.dz\/index.php\/2026\/02\/01\/coupe-de-la-confederation-africaine-lusma-pour-assurer-la-qualif-le-crb-pour-confirmer\/#article","isPartOf":{"@id":"https:\/\/lasentinelle.dz\/index.php\/2026\/02\/01\/coupe-de-la-confederation-africaine-lusma-pour-assurer-la-qualif-le-crb-pour-confirmer\/"},"author":{"name":"admin","@id":"https:\/\/lasentinelle.dz\/#\/schema\/person\/729ee0024f24e0b8c5ec17232f8e8b41"},"headline":"Coupe de la Conf\u00e9d\u00e9ration africaine\u00a0: L\u2019USMA pour assurer la qualif\u2019, le CRB pour confirmer","datePublished":"2026-02-01T11:32:27+00:00","dateModified":"2026-02-01T11:32:28+00:00","mainEntityOfPage":{"@id":"https:\/\/lasentinelle.dz\/index.php\/2026\/02\/01\/coupe-de-la-confederation-africaine-lusma-pour-assurer-la-qualif-le-crb-pour-confirmer\/"},"wordCount":772,"commentCount":0,"publisher":{"@id":"https:\/\/lasentinelle.dz\/#organization"},"image":{"@id":"https:\/\/lasentinelle.dz\/index.php\/2026\/02\/01\/coupe-de-la-confederation-africaine-lusma-pour-assurer-la-qualif-le-crb-pour-confirmer\/#primaryimage"},"thumbnailUrl":"https:\/\/lasentinelle.dz\/wp-content\/uploads\/2026\/02\/USMA.jpeg","articleSection":["\u00c0 la Une","Sports"],"inLanguage":"fr-FR","potentialAction":[{"@type":"CommentAction","name":"Comment","target":["https:\/\/lasentinelle.dz\/index.php\/2026\/02\/01\/coupe-de-la-confederation-africaine-lusma-pour-assurer-la-qualif-le-crb-pour-confirmer\/#respond"]}]},{"@type":"WebPage","@id":"https:\/\/lasentinelle.dz\/index.php\/2026\/02\/01\/coupe-de-la-confederation-africaine-lusma-pour-assurer-la-qualif-le-crb-pour-confirmer\/","url":"https:\/\/lasentinelle.dz\/index.php\/2026\/02\/01\/coupe-de-la-confederation-africaine-lusma-pour-assurer-la-qualif-le-crb-pour-confirmer\/","name":"Coupe de la Conf\u00e9d\u00e9ration africaine\u00a0: L\u2019USMA pour assurer la qualif\u2019, le CRB pour confirmer - La Sentinelle","isPartOf":{"@id":"https:\/\/lasentinelle.dz\/#website"},"primaryImageOfPage":{"@id":"https:\/\/lasentinelle.dz\/index.php\/2026\/02\/01\/coupe-de-la-confederation-africaine-lusma-pour-assurer-la-qualif-le-crb-pour-confirmer\/#primaryimage"},"image":{"@id":"https:\/\/lasentinelle.dz\/index.php\/2026\/02\/01\/coupe-de-la-confederation-africaine-lusma-pour-assurer-la-qualif-le-crb-pour-confirmer\/#primaryimage"},"thumbnailUrl":"https:\/\/lasentinelle.dz\/wp-content\/uploads\/2026\/02\/USMA.jpeg","datePublished":"2026-02-01T11:32:27+00:00","dateModified":"2026-02-01T11:32:28+00:00","breadcrumb":{"@id":"https:\/\/lasentinelle.dz\/index.php\/2026\/02\/01\/coupe-de-la-confederation-africaine-lusma-pour-assurer-la-qualif-le-crb-pour-confirmer\/#breadcrumb"},"inLanguage":"fr-FR","potentialAction":[{"@type":"ReadAction","target":["https:\/\/lasentinelle.dz\/index.php\/2026\/02\/01\/coupe-de-la-confederation-africaine-lusma-pour-assurer-la-qualif-le-crb-pour-confirmer\/"]}]},{"@type":"ImageObject","inLanguage":"fr-FR","@id":"https:\/\/lasentinelle.dz\/index.php\/2026\/02\/01\/coupe-de-la-confederation-africaine-lusma-pour-assurer-la-qualif-le-crb-pour-confirmer\/#primaryimage","url":"https:\/\/lasentinelle.dz\/wp-content\/uploads\/2026\/02\/USMA.jpeg","contentUrl":"https:\/\/lasentinelle.dz\/wp-content\/uploads\/2026\/02\/USMA.jpeg","width":1440,"height":1800},{"@type":"BreadcrumbList","@id":"https:\/\/lasentinelle.dz\/index.php\/2026\/02\/01\/coupe-de-la-confederation-africaine-lusma-pour-assurer-la-qualif-le-crb-pour-confirmer\/#breadcrumb","itemListElement":[{"@type":"ListItem","position":1,"name":"Accueil","item":"https:\/\/lasentinelle.dz\/"},{"@type":"ListItem","position":2,"name":"Coupe de la Conf\u00e9d\u00e9ration africaine\u00a0: L\u2019USMA pour assurer la qualif\u2019, le CRB pour confirmer"}]},{"@type":"WebSite","@id":"https:\/\/lasentinelle.dz\/#website","url":"https:\/\/lasentinelle.dz\/","name":"La Sentinelle","description":"Quotidien national d&#039;information","publisher":{"@id":"https:\/\/lasentinelle.dz\/#organization"},"potentialAction":[{"@type":"SearchAction","target":{"@type":"EntryPoint","urlTemplate":"https:\/\/lasentinelle.dz\/?s={search_term_string}"},"query-input":{"@type":"PropertyValueSpecification","valueRequired":true,"valueName":"search_term_string"}}],"inLanguage":"fr-FR"},{"@type":"Organization","@id":"https:\/\/lasentinelle.dz\/#organization","name":"Quotidien La Sentinelle","url":"https:\/\/lasentinelle.dz\/","logo":{"@type":"ImageObject","inLanguage":"fr-FR","@id":"https:\/\/lasentinelle.dz\/#\/schema\/logo\/image\/","url":"https:\/\/lasentinelle.dz\/wp-content\/uploads\/2021\/09\/logo-sentinelleSLOGAN-1.png","contentUrl":"https:\/\/lasentinelle.dz\/wp-content\/uploads\/2021\/09\/logo-sentinelleSLOGAN-1.png","width":615,"height":142,"caption":"Quotidien La Sentinelle"},"image":{"@id":"https:\/\/lasentinelle.dz\/#\/schema\/logo\/image\/"},"sameAs":["https:\/\/www.facebook.com\/La-Sentinelle-104059864394773"]},{"@type":"Person","@id":"https:\/\/lasentinelle.dz\/#\/schema\/person\/729ee0024f24e0b8c5ec17232f8e8b41","name":"admin","image":{"@type":"ImageObject","inLanguage":"fr-FR","@id":"https:\/\/secure.gravatar.com\/avatar\/4c81fed838786e9b53f540bf46533e750f5d292099ae3b66cfc6fb1982e29df7?s=96&d=mm&r=g","url":"https:\/\/secure.gravatar.com\/avatar\/4c81fed838786e9b53f540bf46533e750f5d292099ae3b66cfc6fb1982e29df7?s=96&d=mm&r=g","contentUrl":"https:\/\/secure.gravatar.com\/avatar\/4c81fed838786e9b53f540bf46533e750f5d292099ae3b66cfc6fb1982e29df7?s=96&d=mm&r=g","caption":"admin"},"description":"admin","url":"https:\/\/lasentinelle.dz\/author\/admin\/"}]}},"_links":{"self":[{"href":"https:\/\/lasentinelle.dz\/index.php\/wp-json\/wp\/v2\/posts\/80394","targetHints":{"allow":["GET"]}}],"collection":[{"href":"https:\/\/lasentinelle.dz\/index.php\/wp-json\/wp\/v2\/posts"}],"about":[{"href":"https:\/\/lasentinelle.dz\/index.php\/wp-json\/wp\/v2\/types\/post"}],"author":[{"embeddable":true,"href":"https:\/\/lasentinelle.dz\/index.php\/wp-json\/wp\/v2\/users\/6"}],"replies":[{"embeddable":true,"href":"https:\/\/lasentinelle.dz\/index.php\/wp-json\/wp\/v2\/comments?post=80394"}],"version-history":[{"count":1,"href":"https:\/\/lasentinelle.dz\/index.php\/wp-json\/wp\/v2\/posts\/80394\/revisions"}],"predecessor-version":[{"id":80396,"href":"https:\/\/lasentinelle.dz\/index.php\/wp-json\/wp\/v2\/posts\/80394\/revisions\/80396"}],"wp:featuredmedia":[{"embeddable":true,"href":"https:\/\/lasentinelle.dz\/index.php\/wp-json\/wp\/v2\/media\/80395"}],"wp:attachment":[{"href":"https:\/\/lasentinelle.dz\/index.php\/wp-json\/wp\/v2\/media?parent=80394"}],"wp:term":[{"taxonomy":"category","embeddable":true,"href":"https:\/\/lasentinelle.dz\/index.php\/wp-json\/wp\/v2\/categories?post=80394"},{"taxonomy":"post_tag","embeddable":true,"href":"https:\/\/lasentinelle.dz\/index.php\/wp-json\/wp\/v2\/tags?post=80394"}],"curies":[{"name":"wp","href":"https:\/\/api.w.org\/{rel}","templated":true}]}}