{"id":80399,"date":"2026-02-01T12:36:26","date_gmt":"2026-02-01T11:36:26","guid":{"rendered":"https:\/\/lasentinelle.dz\/?p=80399"},"modified":"2026-02-01T12:36:27","modified_gmt":"2026-02-01T11:36:27","slug":"annaba-le-wali-inspecte-le-port-de-peche-apres-les-intemperies","status":"publish","type":"post","link":"https:\/\/lasentinelle.dz\/index.php\/2026\/02\/01\/annaba-le-wali-inspecte-le-port-de-peche-apres-les-intemperies\/","title":{"rendered":"Annaba\u00a0: Le wali inspecte le port de p\u00eache apr\u00e8s les intemp\u00e9ries"},"content":{"rendered":"\n<p>Le wali d\u2019Annaba, Abdelkader Laamouri, a effectu\u00e9 vendredi une visite d\u2019inspection au port de p\u00eache de La Grenouill\u00e8re, au lendemain des violentes intemp\u00e9ries qui ont frapp\u00e9 la wilaya. Bien qu\u2019aucun d\u00e9g\u00e2t majeur n\u2019ait \u00e9t\u00e9 signal\u00e9 dans ce secteur, les autorit\u00e9s locales ont tenu \u00e0 s\u2019enqu\u00e9rir de la situation des \u00e9quipements et \u00e0 rencontrer les professionnels de la mer, alors que les rafales de vent ont caus\u00e9 plusieurs dommages dans d\u2019autres localit\u00e9s de la wilaya, dont le d\u00e9c\u00e8s tragique d\u2019un enfant de dix ans \u00e0 Boukhadra.&nbsp;Apr\u00e8s les mauvaises conditions climatiques et les vents violents qui se sont abattus sur la wilaya, le premier responsable de l\u2019ex\u00e9cutif local a inspect\u00e9 ce vendredi le port de p\u00eache de La Grenouill\u00e8re. Hormis une mer fortement agit\u00e9e, le pire a \u00e9t\u00e9 \u00e9vit\u00e9 pour les professionnels du secteur \u00e0 Annaba. Depuis l\u2019alerte m\u00e9t\u00e9orologique annon\u00e7ant des vents pouvant atteindre 120 km\/h, ces derniers avaient pris les dispositions n\u00e9cessaires pour prot\u00e9ger leurs embarcations et \u00e9quipements. M\u00eame si aucun d\u00e9g\u00e2t majeur n\u2019a \u00e9t\u00e9 enregistr\u00e9 dans le secteur de la p\u00eache, le wali a tenu \u00e0 inspecter personnellement cet espace maritime et l\u2019\u00e9tat des \u00e9quipements.<\/p>\n\n\n\n<p>Sur place, Abdelkader Laamouri s\u2019est longuement entretenu avec les professionnels de la mer, pr\u00eatant une oreille attentive \u00e0 leurs pr\u00e9occupations. Cette initiative a \u00e9t\u00e9 fortement salu\u00e9e par les p\u00eacheurs, qui ont \u00e9t\u00e9 \u00e0 leur tour conseill\u00e9s par le wali de prendre toutes les pr\u00e9cautions n\u00e9cessaires pour assurer leur s\u00e9curit\u00e9. Le premier responsable de la wilaya a soulign\u00e9 la n\u00e9cessit\u00e9 de suspendre les activit\u00e9s maritimes en raison des fluctuations m\u00e9t\u00e9orologiques que conna\u00eet Annaba depuis jeudi, avec une mer agit\u00e9e \u00e0 l\u2019instar d\u2019autres wilayas du pays. Il a \u00e9galement insist\u00e9 sur l\u2019importance des mesures de pr\u00e9caution et d\u2019une coordination \u00e9troite en pr\u00e9vision des perturbations m\u00e9t\u00e9orologiques \u00e0 venir.<\/p>\n\n\n\n<p>Si aucun incident majeur n\u2019a \u00e9t\u00e9 signal\u00e9 au port de p\u00eache de La Grenouill\u00e8re, tel n\u2019a pas \u00e9t\u00e9 le cas dans l\u2019ensemble de la wilaya. Les vents violents qui ont marqu\u00e9 la nuit de mercredi \u00e0 jeudi ont laiss\u00e9 des traces. Les rafales atteignant 80 km\/h ont occasionn\u00e9 des d\u00e9g\u00e2ts, notamment dans la nouvelle ville de Dra\u00e2 Errich o\u00f9 des panneaux de signalisation ont \u00e9t\u00e9 arrach\u00e9s et des arbres d\u00e9racin\u00e9s. Le m\u00eame sc\u00e9nario a \u00e9t\u00e9 constat\u00e9 \u00e0 Berrahal et El Hadjar. Malheureusement, un drame a endeuill\u00e9 la wilaya dans la localit\u00e9 de Boukhadra, commune d\u2019El Bouni, o\u00f9 un gar\u00e7onnet de dix ans a \u00e9t\u00e9 tu\u00e9 par la chute d\u2019un arbre. Ce tragique accident rappelle la n\u00e9cessit\u00e9 de redoubler de prudence et de limiter les d\u00e9placements, notamment pour les enfants, afin d\u2019\u00e9viter de nouveaux drames. Les arbres fragilis\u00e9s, les pyl\u00f4nes \u00e9lectriques et les cl\u00f4tures m\u00e9talliques constituent autant de menaces en p\u00e9riode de vents violents.&nbsp;\u00c0 la cit\u00e9 Seybouse, c\u2019est la grande panique qui a pr\u00e9valu. Les bourrasques ont occasionn\u00e9 d\u2019importants dommages mat\u00e9riels. Selon le bilan de la Protection civile, un arbre s\u2019est effondr\u00e9 sur plusieurs habitations, entra\u00eenant une mobilisation imm\u00e9diate des services techniques et des autorit\u00e9s locales. Les \u00e9quipes d\u2019intervention ont proc\u00e9d\u00e9 au d\u00e9gagement des toitures \u00e0 l\u2019aide de tron\u00e7onneuses, tandis que les services communaux ont assur\u00e9 l\u2019\u00e9vacuation des branches et d\u00e9bris avec des camions mobilis\u00e9s pour l\u2019op\u00e9ration. Par ailleurs, des habitants ont signal\u00e9 la pr\u00e9sence d\u2019autres arbres d\u00e9racin\u00e9s et adoss\u00e9s aux murs d\u2019enceinte des cit\u00e9s de 450 et 500 logements, suscitant de vives inqui\u00e9tudes quant aux risques persistants li\u00e9s aux intemp\u00e9ries.<\/p>\n\n\n\n<p>Ces incidents, survenus dans un contexte de vents violents g\u00e9n\u00e9ralis\u00e9s, mettent en lumi\u00e8re l\u2019urgence d\u2019une vigilance accrue et d\u2019une meilleure pr\u00e9vention face aux al\u00e9as climatiques, afin de prot\u00e9ger les populations et leurs biens. Suite \u00e0 l\u2019alerte rouge \u00e9mise par M\u00e9t\u00e9o Alg\u00e9rie en raison de vents violents pouvant atteindre 120 km\/h mercredi, les autorit\u00e9s de la wilaya d\u2019Annaba avaient mis en place un dispositif de crise de grande envergure avec d\u2019importants moyens humains et logistiques mobilis\u00e9s. Le wali s\u2019\u00e9tait \u00e9galement rendu le m\u00eame jour au centre de commandement mobile situ\u00e9 au stade du 19 Mai 1956, accompagn\u00e9 du conseil de s\u00e9curit\u00e9, pour inspecter les mesures de s\u00e9curit\u00e9 et les moyens d\u00e9ploy\u00e9s. L\u2019objectif \u00e9tait de s\u2019assurer de la r\u00e9activit\u00e9 des services face \u00e0 l\u2019alerte, en insistant sur l\u2019importance d\u2019une coordination \u00e9troite entre les diff\u00e9rents acteurs pour intervenir rapidement et efficacement en cas d\u2019urgence.<\/p>\n\n\n\n<p><strong>S<\/strong><strong>.&nbsp;C<\/strong><strong>hahine<\/strong><\/p>\n","protected":false},"excerpt":{"rendered":"<p>Le wali d\u2019Annaba, Abdelkader Laamouri, a effectu\u00e9 vendredi une visite d\u2019inspection au port de p\u00eache de La Grenouill\u00e8re, au lendemain<\/p>\n","protected":false},"author":6,"featured_media":80400,"comment_status":"open","ping_status":"closed","sticky":false,"template":"","format":"standard","meta":{"colormag_page_container_layout":"default_layout","colormag_page_sidebar_layout":"default_layout","om_disable_all_campaigns":false,"_monsterinsights_skip_tracking":false,"_monsterinsights_sitenote_active":false,"_monsterinsights_sitenote_note":"","_monsterinsights_sitenote_category":0,"footnotes":"","_wpscppro_dont_share_socialmedia":false,"_wpscppro_custom_social_share_image":0,"_facebook_share_type":"default","_twitter_share_type":"default","_linkedin_share_type":"default","_pinterest_share_type":"default","_linkedin_share_type_page":"","_instagram_share_type":"default","_medium_share_type":"default","_threads_share_type":"default","_google_business_share_type":"default","_selected_social_profile":[],"_wpsp_enable_custom_social_template":false,"_wpsp_social_scheduling":{"enabled":false,"datetime":null,"platforms":[],"status":"template_only","dateOption":"today","timeOption":"now","customDays":"","customHours":"","customDate":"","customTime":"","schedulingType":"absolute"},"_wpsp_active_default_template":true},"categories":[31],"tags":[],"class_list":["post-80399","post","type-post","status-publish","format-standard","has-post-thumbnail","hentry","category-regions"],"aioseo_notices":[],"yoast_head":"<!-- This site is optimized with the Yoast SEO plugin v27.5 - https:\/\/yoast.com\/product\/yoast-seo-wordpress\/ -->\n<title>Annaba\u00a0: Le wali inspecte le port de p\u00eache apr\u00e8s les intemp\u00e9ries - La Sentinelle<\/title>\n<meta name=\"robots\" content=\"index, follow, max-snippet:-1, max-image-preview:large, max-video-preview:-1\" \/>\n<link rel=\"canonical\" href=\"https:\/\/lasentinelle.dz\/index.php\/2026\/02\/01\/annaba-le-wali-inspecte-le-port-de-peche-apres-les-intemperies\/\" \/>\n<meta property=\"og:locale\" content=\"fr_FR\" \/>\n<meta property=\"og:type\" content=\"article\" \/>\n<meta property=\"og:title\" content=\"Annaba\u00a0: Le wali inspecte le port de p\u00eache apr\u00e8s les intemp\u00e9ries - La Sentinelle\" \/>\n<meta property=\"og:description\" content=\"Le wali d\u2019Annaba, Abdelkader Laamouri, a effectu\u00e9 vendredi une visite d\u2019inspection au port de p\u00eache de La Grenouill\u00e8re, au lendemain\" \/>\n<meta property=\"og:url\" content=\"https:\/\/lasentinelle.dz\/index.php\/2026\/02\/01\/annaba-le-wali-inspecte-le-port-de-peche-apres-les-intemperies\/\" \/>\n<meta property=\"og:site_name\" content=\"La Sentinelle\" \/>\n<meta property=\"article:publisher\" content=\"https:\/\/www.facebook.com\/La-Sentinelle-104059864394773\" \/>\n<meta property=\"article:published_time\" content=\"2026-02-01T11:36:26+00:00\" \/>\n<meta property=\"article:modified_time\" content=\"2026-02-01T11:36:27+00:00\" \/>\n<meta property=\"og:image\" content=\"https:\/\/lasentinelle.dz\/wp-content\/uploads\/2026\/02\/622905466_1340791238087105_2992546659797066840_n.jpeg\" \/>\n\t<meta property=\"og:image:width\" content=\"810\" \/>\n\t<meta property=\"og:image:height\" content=\"1080\" \/>\n\t<meta property=\"og:image:type\" content=\"image\/jpeg\" \/>\n<meta name=\"author\" content=\"admin\" \/>\n<meta name=\"twitter:card\" content=\"summary_large_image\" \/>\n<meta name=\"twitter:label1\" content=\"\u00c9crit par\" \/>\n\t<meta name=\"twitter:data1\" content=\"admin\" \/>\n\t<meta name=\"twitter:label2\" content=\"Dur\u00e9e de lecture estim\u00e9e\" \/>\n\t<meta name=\"twitter:data2\" content=\"4 minutes\" \/>\n<script type=\"application\/ld+json\" class=\"yoast-schema-graph\">{\"@context\":\"https:\\\/\\\/schema.org\",\"@graph\":[{\"@type\":\"Article\",\"@id\":\"https:\\\/\\\/lasentinelle.dz\\\/index.php\\\/2026\\\/02\\\/01\\\/annaba-le-wali-inspecte-le-port-de-peche-apres-les-intemperies\\\/#article\",\"isPartOf\":{\"@id\":\"https:\\\/\\\/lasentinelle.dz\\\/index.php\\\/2026\\\/02\\\/01\\\/annaba-le-wali-inspecte-le-port-de-peche-apres-les-intemperies\\\/\"},\"author\":{\"name\":\"admin\",\"@id\":\"https:\\\/\\\/lasentinelle.dz\\\/#\\\/schema\\\/person\\\/729ee0024f24e0b8c5ec17232f8e8b41\"},\"headline\":\"Annaba\u00a0: Le wali inspecte le port de p\u00eache apr\u00e8s les intemp\u00e9ries\",\"datePublished\":\"2026-02-01T11:36:26+00:00\",\"dateModified\":\"2026-02-01T11:36:27+00:00\",\"mainEntityOfPage\":{\"@id\":\"https:\\\/\\\/lasentinelle.dz\\\/index.php\\\/2026\\\/02\\\/01\\\/annaba-le-wali-inspecte-le-port-de-peche-apres-les-intemperies\\\/\"},\"wordCount\":835,\"commentCount\":0,\"publisher\":{\"@id\":\"https:\\\/\\\/lasentinelle.dz\\\/#organization\"},\"image\":{\"@id\":\"https:\\\/\\\/lasentinelle.dz\\\/index.php\\\/2026\\\/02\\\/01\\\/annaba-le-wali-inspecte-le-port-de-peche-apres-les-intemperies\\\/#primaryimage\"},\"thumbnailUrl\":\"https:\\\/\\\/lasentinelle.dz\\\/wp-content\\\/uploads\\\/2026\\\/02\\\/622905466_1340791238087105_2992546659797066840_n.jpeg\",\"articleSection\":[\"R\u00e9gions\"],\"inLanguage\":\"fr-FR\",\"potentialAction\":[{\"@type\":\"CommentAction\",\"name\":\"Comment\",\"target\":[\"https:\\\/\\\/lasentinelle.dz\\\/index.php\\\/2026\\\/02\\\/01\\\/annaba-le-wali-inspecte-le-port-de-peche-apres-les-intemperies\\\/#respond\"]}]},{\"@type\":\"WebPage\",\"@id\":\"https:\\\/\\\/lasentinelle.dz\\\/index.php\\\/2026\\\/02\\\/01\\\/annaba-le-wali-inspecte-le-port-de-peche-apres-les-intemperies\\\/\",\"url\":\"https:\\\/\\\/lasentinelle.dz\\\/index.php\\\/2026\\\/02\\\/01\\\/annaba-le-wali-inspecte-le-port-de-peche-apres-les-intemperies\\\/\",\"name\":\"Annaba\u00a0: Le wali inspecte le port de p\u00eache apr\u00e8s les intemp\u00e9ries - La Sentinelle\",\"isPartOf\":{\"@id\":\"https:\\\/\\\/lasentinelle.dz\\\/#website\"},\"primaryImageOfPage\":{\"@id\":\"https:\\\/\\\/lasentinelle.dz\\\/index.php\\\/2026\\\/02\\\/01\\\/annaba-le-wali-inspecte-le-port-de-peche-apres-les-intemperies\\\/#primaryimage\"},\"image\":{\"@id\":\"https:\\\/\\\/lasentinelle.dz\\\/index.php\\\/2026\\\/02\\\/01\\\/annaba-le-wali-inspecte-le-port-de-peche-apres-les-intemperies\\\/#primaryimage\"},\"thumbnailUrl\":\"https:\\\/\\\/lasentinelle.dz\\\/wp-content\\\/uploads\\\/2026\\\/02\\\/622905466_1340791238087105_2992546659797066840_n.jpeg\",\"datePublished\":\"2026-02-01T11:36:26+00:00\",\"dateModified\":\"2026-02-01T11:36:27+00:00\",\"breadcrumb\":{\"@id\":\"https:\\\/\\\/lasentinelle.dz\\\/index.php\\\/2026\\\/02\\\/01\\\/annaba-le-wali-inspecte-le-port-de-peche-apres-les-intemperies\\\/#breadcrumb\"},\"inLanguage\":\"fr-FR\",\"potentialAction\":[{\"@type\":\"ReadAction\",\"target\":[\"https:\\\/\\\/lasentinelle.dz\\\/index.php\\\/2026\\\/02\\\/01\\\/annaba-le-wali-inspecte-le-port-de-peche-apres-les-intemperies\\\/\"]}]},{\"@type\":\"ImageObject\",\"inLanguage\":\"fr-FR\",\"@id\":\"https:\\\/\\\/lasentinelle.dz\\\/index.php\\\/2026\\\/02\\\/01\\\/annaba-le-wali-inspecte-le-port-de-peche-apres-les-intemperies\\\/#primaryimage\",\"url\":\"https:\\\/\\\/lasentinelle.dz\\\/wp-content\\\/uploads\\\/2026\\\/02\\\/622905466_1340791238087105_2992546659797066840_n.jpeg\",\"contentUrl\":\"https:\\\/\\\/lasentinelle.dz\\\/wp-content\\\/uploads\\\/2026\\\/02\\\/622905466_1340791238087105_2992546659797066840_n.jpeg\",\"width\":810,\"height\":1080},{\"@type\":\"BreadcrumbList\",\"@id\":\"https:\\\/\\\/lasentinelle.dz\\\/index.php\\\/2026\\\/02\\\/01\\\/annaba-le-wali-inspecte-le-port-de-peche-apres-les-intemperies\\\/#breadcrumb\",\"itemListElement\":[{\"@type\":\"ListItem\",\"position\":1,\"name\":\"Accueil\",\"item\":\"https:\\\/\\\/lasentinelle.dz\\\/\"},{\"@type\":\"ListItem\",\"position\":2,\"name\":\"Annaba\u00a0: Le wali inspecte le port de p\u00eache apr\u00e8s les intemp\u00e9ries\"}]},{\"@type\":\"WebSite\",\"@id\":\"https:\\\/\\\/lasentinelle.dz\\\/#website\",\"url\":\"https:\\\/\\\/lasentinelle.dz\\\/\",\"name\":\"La Sentinelle\",\"description\":\"Quotidien national d&#039;information\",\"publisher\":{\"@id\":\"https:\\\/\\\/lasentinelle.dz\\\/#organization\"},\"potentialAction\":[{\"@type\":\"SearchAction\",\"target\":{\"@type\":\"EntryPoint\",\"urlTemplate\":\"https:\\\/\\\/lasentinelle.dz\\\/?s={search_term_string}\"},\"query-input\":{\"@type\":\"PropertyValueSpecification\",\"valueRequired\":true,\"valueName\":\"search_term_string\"}}],\"inLanguage\":\"fr-FR\"},{\"@type\":\"Organization\",\"@id\":\"https:\\\/\\\/lasentinelle.dz\\\/#organization\",\"name\":\"Quotidien La Sentinelle\",\"url\":\"https:\\\/\\\/lasentinelle.dz\\\/\",\"logo\":{\"@type\":\"ImageObject\",\"inLanguage\":\"fr-FR\",\"@id\":\"https:\\\/\\\/lasentinelle.dz\\\/#\\\/schema\\\/logo\\\/image\\\/\",\"url\":\"https:\\\/\\\/lasentinelle.dz\\\/wp-content\\\/uploads\\\/2021\\\/09\\\/logo-sentinelleSLOGAN-1.png\",\"contentUrl\":\"https:\\\/\\\/lasentinelle.dz\\\/wp-content\\\/uploads\\\/2021\\\/09\\\/logo-sentinelleSLOGAN-1.png\",\"width\":615,\"height\":142,\"caption\":\"Quotidien La Sentinelle\"},\"image\":{\"@id\":\"https:\\\/\\\/lasentinelle.dz\\\/#\\\/schema\\\/logo\\\/image\\\/\"},\"sameAs\":[\"https:\\\/\\\/www.facebook.com\\\/La-Sentinelle-104059864394773\"]},{\"@type\":\"Person\",\"@id\":\"https:\\\/\\\/lasentinelle.dz\\\/#\\\/schema\\\/person\\\/729ee0024f24e0b8c5ec17232f8e8b41\",\"name\":\"admin\",\"image\":{\"@type\":\"ImageObject\",\"inLanguage\":\"fr-FR\",\"@id\":\"https:\\\/\\\/secure.gravatar.com\\\/avatar\\\/4c81fed838786e9b53f540bf46533e750f5d292099ae3b66cfc6fb1982e29df7?s=96&d=mm&r=g\",\"url\":\"https:\\\/\\\/secure.gravatar.com\\\/avatar\\\/4c81fed838786e9b53f540bf46533e750f5d292099ae3b66cfc6fb1982e29df7?s=96&d=mm&r=g\",\"contentUrl\":\"https:\\\/\\\/secure.gravatar.com\\\/avatar\\\/4c81fed838786e9b53f540bf46533e750f5d292099ae3b66cfc6fb1982e29df7?s=96&d=mm&r=g\",\"caption\":\"admin\"},\"description\":\"admin\",\"url\":\"https:\\\/\\\/lasentinelle.dz\\\/author\\\/admin\\\/\"}]}<\/script>\n<!-- \/ Yoast SEO plugin. -->","yoast_head_json":{"title":"Annaba\u00a0: Le wali inspecte le port de p\u00eache apr\u00e8s les intemp\u00e9ries - La Sentinelle","robots":{"index":"index","follow":"follow","max-snippet":"max-snippet:-1","max-image-preview":"max-image-preview:large","max-video-preview":"max-video-preview:-1"},"canonical":"https:\/\/lasentinelle.dz\/index.php\/2026\/02\/01\/annaba-le-wali-inspecte-le-port-de-peche-apres-les-intemperies\/","og_locale":"fr_FR","og_type":"article","og_title":"Annaba\u00a0: Le wali inspecte le port de p\u00eache apr\u00e8s les intemp\u00e9ries - La Sentinelle","og_description":"Le wali d\u2019Annaba, Abdelkader Laamouri, a effectu\u00e9 vendredi une visite d\u2019inspection au port de p\u00eache de La Grenouill\u00e8re, au lendemain","og_url":"https:\/\/lasentinelle.dz\/index.php\/2026\/02\/01\/annaba-le-wali-inspecte-le-port-de-peche-apres-les-intemperies\/","og_site_name":"La Sentinelle","article_publisher":"https:\/\/www.facebook.com\/La-Sentinelle-104059864394773","article_published_time":"2026-02-01T11:36:26+00:00","article_modified_time":"2026-02-01T11:36:27+00:00","og_image":[{"width":810,"height":1080,"url":"https:\/\/lasentinelle.dz\/wp-content\/uploads\/2026\/02\/622905466_1340791238087105_2992546659797066840_n.jpeg","type":"image\/jpeg"}],"author":"admin","twitter_card":"summary_large_image","twitter_misc":{"\u00c9crit par":"admin","Dur\u00e9e de lecture estim\u00e9e":"4 minutes"},"schema":{"@context":"https:\/\/schema.org","@graph":[{"@type":"Article","@id":"https:\/\/lasentinelle.dz\/index.php\/2026\/02\/01\/annaba-le-wali-inspecte-le-port-de-peche-apres-les-intemperies\/#article","isPartOf":{"@id":"https:\/\/lasentinelle.dz\/index.php\/2026\/02\/01\/annaba-le-wali-inspecte-le-port-de-peche-apres-les-intemperies\/"},"author":{"name":"admin","@id":"https:\/\/lasentinelle.dz\/#\/schema\/person\/729ee0024f24e0b8c5ec17232f8e8b41"},"headline":"Annaba\u00a0: Le wali inspecte le port de p\u00eache apr\u00e8s les intemp\u00e9ries","datePublished":"2026-02-01T11:36:26+00:00","dateModified":"2026-02-01T11:36:27+00:00","mainEntityOfPage":{"@id":"https:\/\/lasentinelle.dz\/index.php\/2026\/02\/01\/annaba-le-wali-inspecte-le-port-de-peche-apres-les-intemperies\/"},"wordCount":835,"commentCount":0,"publisher":{"@id":"https:\/\/lasentinelle.dz\/#organization"},"image":{"@id":"https:\/\/lasentinelle.dz\/index.php\/2026\/02\/01\/annaba-le-wali-inspecte-le-port-de-peche-apres-les-intemperies\/#primaryimage"},"thumbnailUrl":"https:\/\/lasentinelle.dz\/wp-content\/uploads\/2026\/02\/622905466_1340791238087105_2992546659797066840_n.jpeg","articleSection":["R\u00e9gions"],"inLanguage":"fr-FR","potentialAction":[{"@type":"CommentAction","name":"Comment","target":["https:\/\/lasentinelle.dz\/index.php\/2026\/02\/01\/annaba-le-wali-inspecte-le-port-de-peche-apres-les-intemperies\/#respond"]}]},{"@type":"WebPage","@id":"https:\/\/lasentinelle.dz\/index.php\/2026\/02\/01\/annaba-le-wali-inspecte-le-port-de-peche-apres-les-intemperies\/","url":"https:\/\/lasentinelle.dz\/index.php\/2026\/02\/01\/annaba-le-wali-inspecte-le-port-de-peche-apres-les-intemperies\/","name":"Annaba\u00a0: Le wali inspecte le port de p\u00eache apr\u00e8s les intemp\u00e9ries - La Sentinelle","isPartOf":{"@id":"https:\/\/lasentinelle.dz\/#website"},"primaryImageOfPage":{"@id":"https:\/\/lasentinelle.dz\/index.php\/2026\/02\/01\/annaba-le-wali-inspecte-le-port-de-peche-apres-les-intemperies\/#primaryimage"},"image":{"@id":"https:\/\/lasentinelle.dz\/index.php\/2026\/02\/01\/annaba-le-wali-inspecte-le-port-de-peche-apres-les-intemperies\/#primaryimage"},"thumbnailUrl":"https:\/\/lasentinelle.dz\/wp-content\/uploads\/2026\/02\/622905466_1340791238087105_2992546659797066840_n.jpeg","datePublished":"2026-02-01T11:36:26+00:00","dateModified":"2026-02-01T11:36:27+00:00","breadcrumb":{"@id":"https:\/\/lasentinelle.dz\/index.php\/2026\/02\/01\/annaba-le-wali-inspecte-le-port-de-peche-apres-les-intemperies\/#breadcrumb"},"inLanguage":"fr-FR","potentialAction":[{"@type":"ReadAction","target":["https:\/\/lasentinelle.dz\/index.php\/2026\/02\/01\/annaba-le-wali-inspecte-le-port-de-peche-apres-les-intemperies\/"]}]},{"@type":"ImageObject","inLanguage":"fr-FR","@id":"https:\/\/lasentinelle.dz\/index.php\/2026\/02\/01\/annaba-le-wali-inspecte-le-port-de-peche-apres-les-intemperies\/#primaryimage","url":"https:\/\/lasentinelle.dz\/wp-content\/uploads\/2026\/02\/622905466_1340791238087105_2992546659797066840_n.jpeg","contentUrl":"https:\/\/lasentinelle.dz\/wp-content\/uploads\/2026\/02\/622905466_1340791238087105_2992546659797066840_n.jpeg","width":810,"height":1080},{"@type":"BreadcrumbList","@id":"https:\/\/lasentinelle.dz\/index.php\/2026\/02\/01\/annaba-le-wali-inspecte-le-port-de-peche-apres-les-intemperies\/#breadcrumb","itemListElement":[{"@type":"ListItem","position":1,"name":"Accueil","item":"https:\/\/lasentinelle.dz\/"},{"@type":"ListItem","position":2,"name":"Annaba\u00a0: Le wali inspecte le port de p\u00eache apr\u00e8s les intemp\u00e9ries"}]},{"@type":"WebSite","@id":"https:\/\/lasentinelle.dz\/#website","url":"https:\/\/lasentinelle.dz\/","name":"La Sentinelle","description":"Quotidien national d&#039;information","publisher":{"@id":"https:\/\/lasentinelle.dz\/#organization"},"potentialAction":[{"@type":"SearchAction","target":{"@type":"EntryPoint","urlTemplate":"https:\/\/lasentinelle.dz\/?s={search_term_string}"},"query-input":{"@type":"PropertyValueSpecification","valueRequired":true,"valueName":"search_term_string"}}],"inLanguage":"fr-FR"},{"@type":"Organization","@id":"https:\/\/lasentinelle.dz\/#organization","name":"Quotidien La Sentinelle","url":"https:\/\/lasentinelle.dz\/","logo":{"@type":"ImageObject","inLanguage":"fr-FR","@id":"https:\/\/lasentinelle.dz\/#\/schema\/logo\/image\/","url":"https:\/\/lasentinelle.dz\/wp-content\/uploads\/2021\/09\/logo-sentinelleSLOGAN-1.png","contentUrl":"https:\/\/lasentinelle.dz\/wp-content\/uploads\/2021\/09\/logo-sentinelleSLOGAN-1.png","width":615,"height":142,"caption":"Quotidien La Sentinelle"},"image":{"@id":"https:\/\/lasentinelle.dz\/#\/schema\/logo\/image\/"},"sameAs":["https:\/\/www.facebook.com\/La-Sentinelle-104059864394773"]},{"@type":"Person","@id":"https:\/\/lasentinelle.dz\/#\/schema\/person\/729ee0024f24e0b8c5ec17232f8e8b41","name":"admin","image":{"@type":"ImageObject","inLanguage":"fr-FR","@id":"https:\/\/secure.gravatar.com\/avatar\/4c81fed838786e9b53f540bf46533e750f5d292099ae3b66cfc6fb1982e29df7?s=96&d=mm&r=g","url":"https:\/\/secure.gravatar.com\/avatar\/4c81fed838786e9b53f540bf46533e750f5d292099ae3b66cfc6fb1982e29df7?s=96&d=mm&r=g","contentUrl":"https:\/\/secure.gravatar.com\/avatar\/4c81fed838786e9b53f540bf46533e750f5d292099ae3b66cfc6fb1982e29df7?s=96&d=mm&r=g","caption":"admin"},"description":"admin","url":"https:\/\/lasentinelle.dz\/author\/admin\/"}]}},"_links":{"self":[{"href":"https:\/\/lasentinelle.dz\/index.php\/wp-json\/wp\/v2\/posts\/80399","targetHints":{"allow":["GET"]}}],"collection":[{"href":"https:\/\/lasentinelle.dz\/index.php\/wp-json\/wp\/v2\/posts"}],"about":[{"href":"https:\/\/lasentinelle.dz\/index.php\/wp-json\/wp\/v2\/types\/post"}],"author":[{"embeddable":true,"href":"https:\/\/lasentinelle.dz\/index.php\/wp-json\/wp\/v2\/users\/6"}],"replies":[{"embeddable":true,"href":"https:\/\/lasentinelle.dz\/index.php\/wp-json\/wp\/v2\/comments?post=80399"}],"version-history":[{"count":1,"href":"https:\/\/lasentinelle.dz\/index.php\/wp-json\/wp\/v2\/posts\/80399\/revisions"}],"predecessor-version":[{"id":80401,"href":"https:\/\/lasentinelle.dz\/index.php\/wp-json\/wp\/v2\/posts\/80399\/revisions\/80401"}],"wp:featuredmedia":[{"embeddable":true,"href":"https:\/\/lasentinelle.dz\/index.php\/wp-json\/wp\/v2\/media\/80400"}],"wp:attachment":[{"href":"https:\/\/lasentinelle.dz\/index.php\/wp-json\/wp\/v2\/media?parent=80399"}],"wp:term":[{"taxonomy":"category","embeddable":true,"href":"https:\/\/lasentinelle.dz\/index.php\/wp-json\/wp\/v2\/categories?post=80399"},{"taxonomy":"post_tag","embeddable":true,"href":"https:\/\/lasentinelle.dz\/index.php\/wp-json\/wp\/v2\/tags?post=80399"}],"curies":[{"name":"wp","href":"https:\/\/api.w.org\/{rel}","templated":true}]}}