{"id":80402,"date":"2026-02-01T12:37:15","date_gmt":"2026-02-01T11:37:15","guid":{"rendered":"https:\/\/lasentinelle.dz\/?p=80402"},"modified":"2026-02-01T12:37:16","modified_gmt":"2026-02-01T11:37:16","slug":"suppose-blocage-du-dedouanement-des-vehicules-importes-le-dementi-du-port-de-skikda","status":"publish","type":"post","link":"https:\/\/lasentinelle.dz\/index.php\/2026\/02\/01\/suppose-blocage-du-dedouanement-des-vehicules-importes-le-dementi-du-port-de-skikda\/","title":{"rendered":"Suppos\u00e9 blocage du d\u00e9douanement des v\u00e9hicules import\u00e9s\u00a0: Le d\u00e9menti du Port de\u00a0Skikda"},"content":{"rendered":"\n<p>L\u2019Entreprise portuaire de Skikda a d\u00e9menti mercredi toute information faisant \u00e9tat d\u2019un blocage dans le processus de d\u00e9douanement des v\u00e9hicules import\u00e9s, affirmant qu\u2019une moyenne de 200 v\u00e9hicules est trait\u00e9e quotidiennement au port. Dans un communiqu\u00e9, l\u2019\u00e9tablissement a pr\u00e9cis\u00e9 que les op\u00e9rations de contr\u00f4le et de d\u00e9douanement se d\u00e9roulent \u00e0 un rythme soutenu dans le cadre d\u2019une coordination continue avec les diff\u00e9rents intervenants, notamment les services des Douanes, assurant ainsi la fluidit\u00e9 du traitement et la sortie r\u00e9guli\u00e8re des v\u00e9hicules.&nbsp;En d\u00e9pit du travail consid\u00e9rable effectu\u00e9 par les diff\u00e9rents services portuaires, dont les Douanes alg\u00e9riennes, la cadence de traitement des v\u00e9hicules import\u00e9s n\u2019a enregistr\u00e9 aucun ralentissement, contrairement aux all\u00e9gations de certains concessionnaires automobiles. Dans son communiqu\u00e9 rendu public mercredi, l\u2019Entreprise portuaire de la wilaya de Skikda a formellement d\u00e9menti toute information sur un quelconque blocage. La m\u00eame source a fait \u00e9tat d\u2019une moyenne de 200 v\u00e9hicules import\u00e9s trait\u00e9s par jour au port de Skikda.&nbsp;Apr\u00e8s ach\u00e8vement du processus de contr\u00f4le et de traitement op\u00e9r\u00e9 par les diff\u00e9rents intervenants, en moyenne 200 v\u00e9hicules import\u00e9s quittent chaque jour le port de Skikda, a rapport\u00e9 l\u2019entreprise portuaire qui a d\u00e9menti, via le m\u00eame document, toute perturbation dans le processus de d\u00e9douanement et d\u2019\u00e9vacuation des v\u00e9hicules. L\u2019\u00e9tablissement a pr\u00e9cis\u00e9 que les op\u00e9rations se d\u00e9roulent \u00e0 un rythme normal dans le cadre d\u2019une coordination continue avec les diff\u00e9rents intervenants, notamment les services des Douanes, assurant ainsi la fluidit\u00e9 du traitement des conteneurs et la sortie r\u00e9guli\u00e8re des v\u00e9hicules par la zone de d\u00e9douanement qui leur est r\u00e9serv\u00e9e.&nbsp;Dans ce contexte, l\u2019\u00e9tablissement portuaire a appel\u00e9 les agents et concessionnaires automobiles \u00e0 acc\u00e9l\u00e9rer l\u2019enl\u00e8vement des voitures apr\u00e8s leur sortie des conteneurs et \u00e0 ne pas les maintenir longtemps sur les quais, afin d\u2019optimiser l\u2019utilisation des espaces et de permettre le traitement d\u2019un plus grand nombre de cargaisons. Selon la m\u00eame source, la direction de l\u2019Entreprise portuaire a \u00e9galement invit\u00e9 les op\u00e9rateurs concern\u00e9s \u00e0 se rapprocher de ses services pour toute information commerciale relative au statut de leurs v\u00e9hicules. La direction portuaire de Skikda a r\u00e9affirm\u00e9 son engagement \u00e0 am\u00e9liorer la qualit\u00e9 des services et \u00e0 fluidifier le trafic de marchandises, au service de l\u2019\u00e9conomie nationale et en r\u00e9ponse aux attentes des citoyens, a conclu le communiqu\u00e9.<\/p>\n\n\n\n<p>Par ailleurs, le pr\u00e9sident-directeur g\u00e9n\u00e9ral du groupe SERPORT, Riyad Hadjal, avait effectu\u00e9 la semaine derni\u00e8re une visite de travail au port marchand de Skikda. Cette visite s\u2019inscrivait dans le cadre du suivi r\u00e9gulier des op\u00e9rations de contr\u00f4le et de traitement des conteneurs, marchandises et v\u00e9hicules. Le PDG de SERPORT a notamment contr\u00f4l\u00e9 le fonctionnement du syst\u00e8me en continu, \u00e0 savoir 24 heures sur 24 et 7 jours sur 7. Il a \u00e9galement pris connaissance des conditions de travail et de la mise en \u0153uvre des directives minist\u00e9rielles relatives \u00e0 la manutention optimale et rapide des navires transportant notamment des c\u00e9r\u00e9ales et des produits de consommation, en pr\u00e9vision du mois sacr\u00e9 de Ramadhan. Au terme de sa visite, Riyad Hadjal a inspect\u00e9 la salle de contr\u00f4le du trafic des marchandises et des conteneurs, ainsi que les installations plac\u00e9es sous contr\u00f4le douanier.<\/p>\n\n\n\n<p><strong>S<\/strong><strong>ofia&nbsp;C<\/strong><strong>hahine<\/strong><\/p>\n","protected":false},"excerpt":{"rendered":"<p>L\u2019Entreprise portuaire de Skikda a d\u00e9menti mercredi toute information faisant \u00e9tat d\u2019un blocage dans le processus de d\u00e9douanement des v\u00e9hicules<\/p>\n","protected":false},"author":6,"featured_media":80403,"comment_status":"open","ping_status":"closed","sticky":false,"template":"","format":"standard","meta":{"colormag_page_container_layout":"default_layout","colormag_page_sidebar_layout":"default_layout","om_disable_all_campaigns":false,"_monsterinsights_skip_tracking":false,"_monsterinsights_sitenote_active":false,"_monsterinsights_sitenote_note":"","_monsterinsights_sitenote_category":0,"footnotes":"","_wpscppro_dont_share_socialmedia":false,"_wpscppro_custom_social_share_image":0,"_facebook_share_type":"default","_twitter_share_type":"default","_linkedin_share_type":"default","_pinterest_share_type":"default","_linkedin_share_type_page":"","_instagram_share_type":"default","_medium_share_type":"default","_threads_share_type":"default","_google_business_share_type":"default","_selected_social_profile":[],"_wpsp_enable_custom_social_template":false,"_wpsp_social_scheduling":{"enabled":false,"datetime":null,"platforms":[],"status":"template_only","dateOption":"today","timeOption":"now","customDays":"","customHours":"","customDate":"","customTime":"","schedulingType":"absolute"},"_wpsp_active_default_template":true},"categories":[31],"tags":[],"class_list":["post-80402","post","type-post","status-publish","format-standard","has-post-thumbnail","hentry","category-regions"],"aioseo_notices":[],"yoast_head":"<!-- This site is optimized with the Yoast SEO plugin v27.5 - https:\/\/yoast.com\/product\/yoast-seo-wordpress\/ -->\n<title>Suppos\u00e9 blocage du d\u00e9douanement des v\u00e9hicules import\u00e9s\u00a0: Le d\u00e9menti du Port de\u00a0Skikda - La Sentinelle<\/title>\n<meta name=\"robots\" content=\"index, follow, max-snippet:-1, max-image-preview:large, max-video-preview:-1\" \/>\n<link rel=\"canonical\" href=\"https:\/\/lasentinelle.dz\/index.php\/2026\/02\/01\/suppose-blocage-du-dedouanement-des-vehicules-importes-le-dementi-du-port-de-skikda\/\" \/>\n<meta property=\"og:locale\" content=\"fr_FR\" \/>\n<meta property=\"og:type\" content=\"article\" \/>\n<meta property=\"og:title\" content=\"Suppos\u00e9 blocage du d\u00e9douanement des v\u00e9hicules import\u00e9s\u00a0: Le d\u00e9menti du Port de\u00a0Skikda - La Sentinelle\" \/>\n<meta property=\"og:description\" content=\"L\u2019Entreprise portuaire de Skikda a d\u00e9menti mercredi toute information faisant \u00e9tat d\u2019un blocage dans le processus de d\u00e9douanement des v\u00e9hicules\" \/>\n<meta property=\"og:url\" content=\"https:\/\/lasentinelle.dz\/index.php\/2026\/02\/01\/suppose-blocage-du-dedouanement-des-vehicules-importes-le-dementi-du-port-de-skikda\/\" \/>\n<meta property=\"og:site_name\" content=\"La Sentinelle\" \/>\n<meta property=\"article:publisher\" content=\"https:\/\/www.facebook.com\/La-Sentinelle-104059864394773\" \/>\n<meta property=\"article:published_time\" content=\"2026-02-01T11:37:15+00:00\" \/>\n<meta property=\"article:modified_time\" content=\"2026-02-01T11:37:16+00:00\" \/>\n<meta property=\"og:image\" content=\"https:\/\/lasentinelle.dz\/wp-content\/uploads\/2026\/02\/Port-skikda.jpeg\" \/>\n\t<meta property=\"og:image:width\" content=\"967\" \/>\n\t<meta property=\"og:image:height\" content=\"574\" \/>\n\t<meta property=\"og:image:type\" content=\"image\/jpeg\" \/>\n<meta name=\"author\" content=\"admin\" \/>\n<meta name=\"twitter:card\" content=\"summary_large_image\" \/>\n<meta name=\"twitter:label1\" content=\"\u00c9crit par\" \/>\n\t<meta name=\"twitter:data1\" content=\"admin\" \/>\n\t<meta name=\"twitter:label2\" content=\"Dur\u00e9e de lecture estim\u00e9e\" \/>\n\t<meta name=\"twitter:data2\" content=\"3 minutes\" \/>\n<script type=\"application\/ld+json\" class=\"yoast-schema-graph\">{\"@context\":\"https:\\\/\\\/schema.org\",\"@graph\":[{\"@type\":\"Article\",\"@id\":\"https:\\\/\\\/lasentinelle.dz\\\/index.php\\\/2026\\\/02\\\/01\\\/suppose-blocage-du-dedouanement-des-vehicules-importes-le-dementi-du-port-de-skikda\\\/#article\",\"isPartOf\":{\"@id\":\"https:\\\/\\\/lasentinelle.dz\\\/index.php\\\/2026\\\/02\\\/01\\\/suppose-blocage-du-dedouanement-des-vehicules-importes-le-dementi-du-port-de-skikda\\\/\"},\"author\":{\"name\":\"admin\",\"@id\":\"https:\\\/\\\/lasentinelle.dz\\\/#\\\/schema\\\/person\\\/729ee0024f24e0b8c5ec17232f8e8b41\"},\"headline\":\"Suppos\u00e9 blocage du d\u00e9douanement des v\u00e9hicules import\u00e9s\u00a0: Le d\u00e9menti du Port de\u00a0Skikda\",\"datePublished\":\"2026-02-01T11:37:15+00:00\",\"dateModified\":\"2026-02-01T11:37:16+00:00\",\"mainEntityOfPage\":{\"@id\":\"https:\\\/\\\/lasentinelle.dz\\\/index.php\\\/2026\\\/02\\\/01\\\/suppose-blocage-du-dedouanement-des-vehicules-importes-le-dementi-du-port-de-skikda\\\/\"},\"wordCount\":613,\"commentCount\":0,\"publisher\":{\"@id\":\"https:\\\/\\\/lasentinelle.dz\\\/#organization\"},\"image\":{\"@id\":\"https:\\\/\\\/lasentinelle.dz\\\/index.php\\\/2026\\\/02\\\/01\\\/suppose-blocage-du-dedouanement-des-vehicules-importes-le-dementi-du-port-de-skikda\\\/#primaryimage\"},\"thumbnailUrl\":\"https:\\\/\\\/lasentinelle.dz\\\/wp-content\\\/uploads\\\/2026\\\/02\\\/Port-skikda.jpeg\",\"articleSection\":[\"R\u00e9gions\"],\"inLanguage\":\"fr-FR\",\"potentialAction\":[{\"@type\":\"CommentAction\",\"name\":\"Comment\",\"target\":[\"https:\\\/\\\/lasentinelle.dz\\\/index.php\\\/2026\\\/02\\\/01\\\/suppose-blocage-du-dedouanement-des-vehicules-importes-le-dementi-du-port-de-skikda\\\/#respond\"]}]},{\"@type\":\"WebPage\",\"@id\":\"https:\\\/\\\/lasentinelle.dz\\\/index.php\\\/2026\\\/02\\\/01\\\/suppose-blocage-du-dedouanement-des-vehicules-importes-le-dementi-du-port-de-skikda\\\/\",\"url\":\"https:\\\/\\\/lasentinelle.dz\\\/index.php\\\/2026\\\/02\\\/01\\\/suppose-blocage-du-dedouanement-des-vehicules-importes-le-dementi-du-port-de-skikda\\\/\",\"name\":\"Suppos\u00e9 blocage du d\u00e9douanement des v\u00e9hicules import\u00e9s\u00a0: Le d\u00e9menti du Port de\u00a0Skikda - La Sentinelle\",\"isPartOf\":{\"@id\":\"https:\\\/\\\/lasentinelle.dz\\\/#website\"},\"primaryImageOfPage\":{\"@id\":\"https:\\\/\\\/lasentinelle.dz\\\/index.php\\\/2026\\\/02\\\/01\\\/suppose-blocage-du-dedouanement-des-vehicules-importes-le-dementi-du-port-de-skikda\\\/#primaryimage\"},\"image\":{\"@id\":\"https:\\\/\\\/lasentinelle.dz\\\/index.php\\\/2026\\\/02\\\/01\\\/suppose-blocage-du-dedouanement-des-vehicules-importes-le-dementi-du-port-de-skikda\\\/#primaryimage\"},\"thumbnailUrl\":\"https:\\\/\\\/lasentinelle.dz\\\/wp-content\\\/uploads\\\/2026\\\/02\\\/Port-skikda.jpeg\",\"datePublished\":\"2026-02-01T11:37:15+00:00\",\"dateModified\":\"2026-02-01T11:37:16+00:00\",\"breadcrumb\":{\"@id\":\"https:\\\/\\\/lasentinelle.dz\\\/index.php\\\/2026\\\/02\\\/01\\\/suppose-blocage-du-dedouanement-des-vehicules-importes-le-dementi-du-port-de-skikda\\\/#breadcrumb\"},\"inLanguage\":\"fr-FR\",\"potentialAction\":[{\"@type\":\"ReadAction\",\"target\":[\"https:\\\/\\\/lasentinelle.dz\\\/index.php\\\/2026\\\/02\\\/01\\\/suppose-blocage-du-dedouanement-des-vehicules-importes-le-dementi-du-port-de-skikda\\\/\"]}]},{\"@type\":\"ImageObject\",\"inLanguage\":\"fr-FR\",\"@id\":\"https:\\\/\\\/lasentinelle.dz\\\/index.php\\\/2026\\\/02\\\/01\\\/suppose-blocage-du-dedouanement-des-vehicules-importes-le-dementi-du-port-de-skikda\\\/#primaryimage\",\"url\":\"https:\\\/\\\/lasentinelle.dz\\\/wp-content\\\/uploads\\\/2026\\\/02\\\/Port-skikda.jpeg\",\"contentUrl\":\"https:\\\/\\\/lasentinelle.dz\\\/wp-content\\\/uploads\\\/2026\\\/02\\\/Port-skikda.jpeg\",\"width\":967,\"height\":574},{\"@type\":\"BreadcrumbList\",\"@id\":\"https:\\\/\\\/lasentinelle.dz\\\/index.php\\\/2026\\\/02\\\/01\\\/suppose-blocage-du-dedouanement-des-vehicules-importes-le-dementi-du-port-de-skikda\\\/#breadcrumb\",\"itemListElement\":[{\"@type\":\"ListItem\",\"position\":1,\"name\":\"Accueil\",\"item\":\"https:\\\/\\\/lasentinelle.dz\\\/\"},{\"@type\":\"ListItem\",\"position\":2,\"name\":\"Suppos\u00e9 blocage du d\u00e9douanement des v\u00e9hicules import\u00e9s\u00a0: Le d\u00e9menti du Port de\u00a0Skikda\"}]},{\"@type\":\"WebSite\",\"@id\":\"https:\\\/\\\/lasentinelle.dz\\\/#website\",\"url\":\"https:\\\/\\\/lasentinelle.dz\\\/\",\"name\":\"La Sentinelle\",\"description\":\"Quotidien national d&#039;information\",\"publisher\":{\"@id\":\"https:\\\/\\\/lasentinelle.dz\\\/#organization\"},\"potentialAction\":[{\"@type\":\"SearchAction\",\"target\":{\"@type\":\"EntryPoint\",\"urlTemplate\":\"https:\\\/\\\/lasentinelle.dz\\\/?s={search_term_string}\"},\"query-input\":{\"@type\":\"PropertyValueSpecification\",\"valueRequired\":true,\"valueName\":\"search_term_string\"}}],\"inLanguage\":\"fr-FR\"},{\"@type\":\"Organization\",\"@id\":\"https:\\\/\\\/lasentinelle.dz\\\/#organization\",\"name\":\"Quotidien La Sentinelle\",\"url\":\"https:\\\/\\\/lasentinelle.dz\\\/\",\"logo\":{\"@type\":\"ImageObject\",\"inLanguage\":\"fr-FR\",\"@id\":\"https:\\\/\\\/lasentinelle.dz\\\/#\\\/schema\\\/logo\\\/image\\\/\",\"url\":\"https:\\\/\\\/lasentinelle.dz\\\/wp-content\\\/uploads\\\/2021\\\/09\\\/logo-sentinelleSLOGAN-1.png\",\"contentUrl\":\"https:\\\/\\\/lasentinelle.dz\\\/wp-content\\\/uploads\\\/2021\\\/09\\\/logo-sentinelleSLOGAN-1.png\",\"width\":615,\"height\":142,\"caption\":\"Quotidien La Sentinelle\"},\"image\":{\"@id\":\"https:\\\/\\\/lasentinelle.dz\\\/#\\\/schema\\\/logo\\\/image\\\/\"},\"sameAs\":[\"https:\\\/\\\/www.facebook.com\\\/La-Sentinelle-104059864394773\"]},{\"@type\":\"Person\",\"@id\":\"https:\\\/\\\/lasentinelle.dz\\\/#\\\/schema\\\/person\\\/729ee0024f24e0b8c5ec17232f8e8b41\",\"name\":\"admin\",\"image\":{\"@type\":\"ImageObject\",\"inLanguage\":\"fr-FR\",\"@id\":\"https:\\\/\\\/secure.gravatar.com\\\/avatar\\\/4c81fed838786e9b53f540bf46533e750f5d292099ae3b66cfc6fb1982e29df7?s=96&d=mm&r=g\",\"url\":\"https:\\\/\\\/secure.gravatar.com\\\/avatar\\\/4c81fed838786e9b53f540bf46533e750f5d292099ae3b66cfc6fb1982e29df7?s=96&d=mm&r=g\",\"contentUrl\":\"https:\\\/\\\/secure.gravatar.com\\\/avatar\\\/4c81fed838786e9b53f540bf46533e750f5d292099ae3b66cfc6fb1982e29df7?s=96&d=mm&r=g\",\"caption\":\"admin\"},\"description\":\"admin\",\"url\":\"https:\\\/\\\/lasentinelle.dz\\\/author\\\/admin\\\/\"}]}<\/script>\n<!-- \/ Yoast SEO plugin. -->","yoast_head_json":{"title":"Suppos\u00e9 blocage du d\u00e9douanement des v\u00e9hicules import\u00e9s\u00a0: Le d\u00e9menti du Port de\u00a0Skikda - La Sentinelle","robots":{"index":"index","follow":"follow","max-snippet":"max-snippet:-1","max-image-preview":"max-image-preview:large","max-video-preview":"max-video-preview:-1"},"canonical":"https:\/\/lasentinelle.dz\/index.php\/2026\/02\/01\/suppose-blocage-du-dedouanement-des-vehicules-importes-le-dementi-du-port-de-skikda\/","og_locale":"fr_FR","og_type":"article","og_title":"Suppos\u00e9 blocage du d\u00e9douanement des v\u00e9hicules import\u00e9s\u00a0: Le d\u00e9menti du Port de\u00a0Skikda - La Sentinelle","og_description":"L\u2019Entreprise portuaire de Skikda a d\u00e9menti mercredi toute information faisant \u00e9tat d\u2019un blocage dans le processus de d\u00e9douanement des v\u00e9hicules","og_url":"https:\/\/lasentinelle.dz\/index.php\/2026\/02\/01\/suppose-blocage-du-dedouanement-des-vehicules-importes-le-dementi-du-port-de-skikda\/","og_site_name":"La Sentinelle","article_publisher":"https:\/\/www.facebook.com\/La-Sentinelle-104059864394773","article_published_time":"2026-02-01T11:37:15+00:00","article_modified_time":"2026-02-01T11:37:16+00:00","og_image":[{"width":967,"height":574,"url":"https:\/\/lasentinelle.dz\/wp-content\/uploads\/2026\/02\/Port-skikda.jpeg","type":"image\/jpeg"}],"author":"admin","twitter_card":"summary_large_image","twitter_misc":{"\u00c9crit par":"admin","Dur\u00e9e de lecture estim\u00e9e":"3 minutes"},"schema":{"@context":"https:\/\/schema.org","@graph":[{"@type":"Article","@id":"https:\/\/lasentinelle.dz\/index.php\/2026\/02\/01\/suppose-blocage-du-dedouanement-des-vehicules-importes-le-dementi-du-port-de-skikda\/#article","isPartOf":{"@id":"https:\/\/lasentinelle.dz\/index.php\/2026\/02\/01\/suppose-blocage-du-dedouanement-des-vehicules-importes-le-dementi-du-port-de-skikda\/"},"author":{"name":"admin","@id":"https:\/\/lasentinelle.dz\/#\/schema\/person\/729ee0024f24e0b8c5ec17232f8e8b41"},"headline":"Suppos\u00e9 blocage du d\u00e9douanement des v\u00e9hicules import\u00e9s\u00a0: Le d\u00e9menti du Port de\u00a0Skikda","datePublished":"2026-02-01T11:37:15+00:00","dateModified":"2026-02-01T11:37:16+00:00","mainEntityOfPage":{"@id":"https:\/\/lasentinelle.dz\/index.php\/2026\/02\/01\/suppose-blocage-du-dedouanement-des-vehicules-importes-le-dementi-du-port-de-skikda\/"},"wordCount":613,"commentCount":0,"publisher":{"@id":"https:\/\/lasentinelle.dz\/#organization"},"image":{"@id":"https:\/\/lasentinelle.dz\/index.php\/2026\/02\/01\/suppose-blocage-du-dedouanement-des-vehicules-importes-le-dementi-du-port-de-skikda\/#primaryimage"},"thumbnailUrl":"https:\/\/lasentinelle.dz\/wp-content\/uploads\/2026\/02\/Port-skikda.jpeg","articleSection":["R\u00e9gions"],"inLanguage":"fr-FR","potentialAction":[{"@type":"CommentAction","name":"Comment","target":["https:\/\/lasentinelle.dz\/index.php\/2026\/02\/01\/suppose-blocage-du-dedouanement-des-vehicules-importes-le-dementi-du-port-de-skikda\/#respond"]}]},{"@type":"WebPage","@id":"https:\/\/lasentinelle.dz\/index.php\/2026\/02\/01\/suppose-blocage-du-dedouanement-des-vehicules-importes-le-dementi-du-port-de-skikda\/","url":"https:\/\/lasentinelle.dz\/index.php\/2026\/02\/01\/suppose-blocage-du-dedouanement-des-vehicules-importes-le-dementi-du-port-de-skikda\/","name":"Suppos\u00e9 blocage du d\u00e9douanement des v\u00e9hicules import\u00e9s\u00a0: Le d\u00e9menti du Port de\u00a0Skikda - La Sentinelle","isPartOf":{"@id":"https:\/\/lasentinelle.dz\/#website"},"primaryImageOfPage":{"@id":"https:\/\/lasentinelle.dz\/index.php\/2026\/02\/01\/suppose-blocage-du-dedouanement-des-vehicules-importes-le-dementi-du-port-de-skikda\/#primaryimage"},"image":{"@id":"https:\/\/lasentinelle.dz\/index.php\/2026\/02\/01\/suppose-blocage-du-dedouanement-des-vehicules-importes-le-dementi-du-port-de-skikda\/#primaryimage"},"thumbnailUrl":"https:\/\/lasentinelle.dz\/wp-content\/uploads\/2026\/02\/Port-skikda.jpeg","datePublished":"2026-02-01T11:37:15+00:00","dateModified":"2026-02-01T11:37:16+00:00","breadcrumb":{"@id":"https:\/\/lasentinelle.dz\/index.php\/2026\/02\/01\/suppose-blocage-du-dedouanement-des-vehicules-importes-le-dementi-du-port-de-skikda\/#breadcrumb"},"inLanguage":"fr-FR","potentialAction":[{"@type":"ReadAction","target":["https:\/\/lasentinelle.dz\/index.php\/2026\/02\/01\/suppose-blocage-du-dedouanement-des-vehicules-importes-le-dementi-du-port-de-skikda\/"]}]},{"@type":"ImageObject","inLanguage":"fr-FR","@id":"https:\/\/lasentinelle.dz\/index.php\/2026\/02\/01\/suppose-blocage-du-dedouanement-des-vehicules-importes-le-dementi-du-port-de-skikda\/#primaryimage","url":"https:\/\/lasentinelle.dz\/wp-content\/uploads\/2026\/02\/Port-skikda.jpeg","contentUrl":"https:\/\/lasentinelle.dz\/wp-content\/uploads\/2026\/02\/Port-skikda.jpeg","width":967,"height":574},{"@type":"BreadcrumbList","@id":"https:\/\/lasentinelle.dz\/index.php\/2026\/02\/01\/suppose-blocage-du-dedouanement-des-vehicules-importes-le-dementi-du-port-de-skikda\/#breadcrumb","itemListElement":[{"@type":"ListItem","position":1,"name":"Accueil","item":"https:\/\/lasentinelle.dz\/"},{"@type":"ListItem","position":2,"name":"Suppos\u00e9 blocage du d\u00e9douanement des v\u00e9hicules import\u00e9s\u00a0: Le d\u00e9menti du Port de\u00a0Skikda"}]},{"@type":"WebSite","@id":"https:\/\/lasentinelle.dz\/#website","url":"https:\/\/lasentinelle.dz\/","name":"La Sentinelle","description":"Quotidien national d&#039;information","publisher":{"@id":"https:\/\/lasentinelle.dz\/#organization"},"potentialAction":[{"@type":"SearchAction","target":{"@type":"EntryPoint","urlTemplate":"https:\/\/lasentinelle.dz\/?s={search_term_string}"},"query-input":{"@type":"PropertyValueSpecification","valueRequired":true,"valueName":"search_term_string"}}],"inLanguage":"fr-FR"},{"@type":"Organization","@id":"https:\/\/lasentinelle.dz\/#organization","name":"Quotidien La Sentinelle","url":"https:\/\/lasentinelle.dz\/","logo":{"@type":"ImageObject","inLanguage":"fr-FR","@id":"https:\/\/lasentinelle.dz\/#\/schema\/logo\/image\/","url":"https:\/\/lasentinelle.dz\/wp-content\/uploads\/2021\/09\/logo-sentinelleSLOGAN-1.png","contentUrl":"https:\/\/lasentinelle.dz\/wp-content\/uploads\/2021\/09\/logo-sentinelleSLOGAN-1.png","width":615,"height":142,"caption":"Quotidien La Sentinelle"},"image":{"@id":"https:\/\/lasentinelle.dz\/#\/schema\/logo\/image\/"},"sameAs":["https:\/\/www.facebook.com\/La-Sentinelle-104059864394773"]},{"@type":"Person","@id":"https:\/\/lasentinelle.dz\/#\/schema\/person\/729ee0024f24e0b8c5ec17232f8e8b41","name":"admin","image":{"@type":"ImageObject","inLanguage":"fr-FR","@id":"https:\/\/secure.gravatar.com\/avatar\/4c81fed838786e9b53f540bf46533e750f5d292099ae3b66cfc6fb1982e29df7?s=96&d=mm&r=g","url":"https:\/\/secure.gravatar.com\/avatar\/4c81fed838786e9b53f540bf46533e750f5d292099ae3b66cfc6fb1982e29df7?s=96&d=mm&r=g","contentUrl":"https:\/\/secure.gravatar.com\/avatar\/4c81fed838786e9b53f540bf46533e750f5d292099ae3b66cfc6fb1982e29df7?s=96&d=mm&r=g","caption":"admin"},"description":"admin","url":"https:\/\/lasentinelle.dz\/author\/admin\/"}]}},"_links":{"self":[{"href":"https:\/\/lasentinelle.dz\/index.php\/wp-json\/wp\/v2\/posts\/80402","targetHints":{"allow":["GET"]}}],"collection":[{"href":"https:\/\/lasentinelle.dz\/index.php\/wp-json\/wp\/v2\/posts"}],"about":[{"href":"https:\/\/lasentinelle.dz\/index.php\/wp-json\/wp\/v2\/types\/post"}],"author":[{"embeddable":true,"href":"https:\/\/lasentinelle.dz\/index.php\/wp-json\/wp\/v2\/users\/6"}],"replies":[{"embeddable":true,"href":"https:\/\/lasentinelle.dz\/index.php\/wp-json\/wp\/v2\/comments?post=80402"}],"version-history":[{"count":1,"href":"https:\/\/lasentinelle.dz\/index.php\/wp-json\/wp\/v2\/posts\/80402\/revisions"}],"predecessor-version":[{"id":80404,"href":"https:\/\/lasentinelle.dz\/index.php\/wp-json\/wp\/v2\/posts\/80402\/revisions\/80404"}],"wp:featuredmedia":[{"embeddable":true,"href":"https:\/\/lasentinelle.dz\/index.php\/wp-json\/wp\/v2\/media\/80403"}],"wp:attachment":[{"href":"https:\/\/lasentinelle.dz\/index.php\/wp-json\/wp\/v2\/media?parent=80402"}],"wp:term":[{"taxonomy":"category","embeddable":true,"href":"https:\/\/lasentinelle.dz\/index.php\/wp-json\/wp\/v2\/categories?post=80402"},{"taxonomy":"post_tag","embeddable":true,"href":"https:\/\/lasentinelle.dz\/index.php\/wp-json\/wp\/v2\/tags?post=80402"}],"curies":[{"name":"wp","href":"https:\/\/api.w.org\/{rel}","templated":true}]}}