{"id":80405,"date":"2026-02-01T12:38:29","date_gmt":"2026-02-01T11:38:29","guid":{"rendered":"https:\/\/lasentinelle.dz\/?p=80405"},"modified":"2026-02-01T12:38:30","modified_gmt":"2026-02-01T11:38:30","slug":"recherche-scientifique-vers-la-creation-de-clusters-de-start-up-en-algerie","status":"publish","type":"post","link":"https:\/\/lasentinelle.dz\/index.php\/2026\/02\/01\/recherche-scientifique-vers-la-creation-de-clusters-de-start-up-en-algerie\/","title":{"rendered":"Recherche scientifique\u00a0: Vers la cr\u00e9ation de\u00a0clusters de start-up en Alg\u00e9rie"},"content":{"rendered":"\n<p>L&rsquo;Alg\u00e9rie franchit une nouvelle \u00e9tape dans la valorisation de sa recherche scientifique avec la signature d&rsquo;un d\u00e9cret interminist\u00e9riel instituant des clusters de start-up, lors de l&rsquo;inauguration samedi du premier salon des produits de la recherche nationale au P\u00f4le scientifique et technologique Chahid Abdelhafid Ihaddaden de Sidi Abdallah.&nbsp;Trois ministres ont conjointement supervis\u00e9 l&rsquo;ouverture de cette premi\u00e8re \u00e9dition du salon des produits de la recherche nationale : le ministre de l&rsquo;Enseignement sup\u00e9rieur et de la Recherche scientifique Kamal Baddari, le ministre de l&rsquo;Industrie pharmaceutique Wassim Kouider et le ministre de l&rsquo;\u00c9conomie de la connaissance, des Start-up et des Micro-entreprises Noureddine Ouadah. Cette manifestation s&rsquo;inscrit dans une d\u00e9marche volontariste de valorisation des r\u00e9sultats de la recherche et de leur articulation avec les secteurs prioritaires de l&rsquo;\u00e9conomie nationale.<\/p>\n\n\n\n<p>Le salon a pr\u00e9sent\u00e9&nbsp;63&nbsp;produits issus de la recherche nationale dans trois domaines strat\u00e9giques identifi\u00e9s comme priorit\u00e9s nationales : la s\u00e9curit\u00e9 sanitaire, la s\u00e9curit\u00e9 \u00e9nerg\u00e9tique et la s\u00e9curit\u00e9 alimentaire.&nbsp;&nbsp;L&rsquo;\u00e9v\u00e9nement majeur de cette journ\u00e9e inaugurale a \u00e9t\u00e9 la signature d&rsquo;un d\u00e9cret conjoint entre le minist\u00e8re de l&rsquo;Enseignement sup\u00e9rieur et de la Recherche scientifique et le minist\u00e8re de l&rsquo;\u00c9conomie de la connaissance, des Start-up et des Micro-entreprises, portant cr\u00e9ation de clusters de start-up. Ces p\u00f4les visent \u00e0 accompagner la transformation des r\u00e9sultats de recherche en projets \u00e9conomiques viables et op\u00e9rationnels, comblant ainsi le foss\u00e9 traditionnel entre recherche fondamentale et application industrielle.&nbsp;Parall\u00e8lement, plusieurs conventions ont \u00e9t\u00e9 paraph\u00e9es entre \u00e9tablissements universitaires, institutions de recherche et op\u00e9rateurs \u00e9conomiques publics et priv\u00e9s, portant sur les domaines de la s\u00e9curit\u00e9 sanitaire, \u00e9nerg\u00e9tique et alimentaire. Ces accords de partenariat visent \u00e0 renforcer les passerelles entre la sph\u00e8re acad\u00e9mique et le secteur productif, favorisant ainsi le transfert de technologies et l&rsquo;innovation collaborative.<\/p>\n\n\n\n<p>R.E.<\/p>\n","protected":false},"excerpt":{"rendered":"<p>L&rsquo;Alg\u00e9rie franchit une nouvelle \u00e9tape dans la valorisation de sa recherche scientifique avec la signature d&rsquo;un d\u00e9cret interminist\u00e9riel instituant des<\/p>\n","protected":false},"author":6,"featured_media":10678,"comment_status":"open","ping_status":"closed","sticky":false,"template":"","format":"standard","meta":{"colormag_page_container_layout":"default_layout","colormag_page_sidebar_layout":"default_layout","om_disable_all_campaigns":false,"_monsterinsights_skip_tracking":false,"_monsterinsights_sitenote_active":false,"_monsterinsights_sitenote_note":"","_monsterinsights_sitenote_category":0,"footnotes":"","_wpscppro_dont_share_socialmedia":false,"_wpscppro_custom_social_share_image":0,"_facebook_share_type":"default","_twitter_share_type":"default","_linkedin_share_type":"default","_pinterest_share_type":"default","_linkedin_share_type_page":"","_instagram_share_type":"default","_medium_share_type":"default","_threads_share_type":"default","_google_business_share_type":"default","_selected_social_profile":[],"_wpsp_enable_custom_social_template":false,"_wpsp_social_scheduling":{"enabled":false,"datetime":null,"platforms":[],"status":"template_only","dateOption":"today","timeOption":"now","customDays":"","customHours":"","customDate":"","customTime":"","schedulingType":"absolute"},"_wpsp_active_default_template":true},"categories":[29],"tags":[],"class_list":["post-80405","post","type-post","status-publish","format-standard","has-post-thumbnail","hentry","category-economie"],"aioseo_notices":[],"yoast_head":"<!-- This site is optimized with the Yoast SEO plugin v27.5 - https:\/\/yoast.com\/product\/yoast-seo-wordpress\/ -->\n<title>Recherche scientifique\u00a0: Vers la cr\u00e9ation de\u00a0clusters de start-up en Alg\u00e9rie - La Sentinelle<\/title>\n<meta name=\"robots\" content=\"index, follow, max-snippet:-1, max-image-preview:large, max-video-preview:-1\" \/>\n<link rel=\"canonical\" href=\"https:\/\/lasentinelle.dz\/index.php\/2026\/02\/01\/recherche-scientifique-vers-la-creation-de-clusters-de-start-up-en-algerie\/\" \/>\n<meta property=\"og:locale\" content=\"fr_FR\" \/>\n<meta property=\"og:type\" content=\"article\" \/>\n<meta property=\"og:title\" content=\"Recherche scientifique\u00a0: Vers la cr\u00e9ation de\u00a0clusters de start-up en Alg\u00e9rie - La Sentinelle\" \/>\n<meta property=\"og:description\" content=\"L&rsquo;Alg\u00e9rie franchit une nouvelle \u00e9tape dans la valorisation de sa recherche scientifique avec la signature d&rsquo;un d\u00e9cret interminist\u00e9riel instituant des\" \/>\n<meta property=\"og:url\" content=\"https:\/\/lasentinelle.dz\/index.php\/2026\/02\/01\/recherche-scientifique-vers-la-creation-de-clusters-de-start-up-en-algerie\/\" \/>\n<meta property=\"og:site_name\" content=\"La Sentinelle\" \/>\n<meta property=\"article:publisher\" content=\"https:\/\/www.facebook.com\/La-Sentinelle-104059864394773\" \/>\n<meta property=\"article:published_time\" content=\"2026-02-01T11:38:29+00:00\" \/>\n<meta property=\"article:modified_time\" content=\"2026-02-01T11:38:30+00:00\" \/>\n<meta property=\"og:image\" content=\"https:\/\/lasentinelle.dz\/wp-content\/uploads\/2021\/10\/startups.jpeg\" \/>\n\t<meta property=\"og:image:width\" content=\"512\" \/>\n\t<meta property=\"og:image:height\" content=\"341\" \/>\n\t<meta property=\"og:image:type\" content=\"image\/jpeg\" \/>\n<meta name=\"author\" content=\"admin\" \/>\n<meta name=\"twitter:card\" content=\"summary_large_image\" \/>\n<meta name=\"twitter:label1\" content=\"\u00c9crit par\" \/>\n\t<meta name=\"twitter:data1\" content=\"admin\" \/>\n\t<meta name=\"twitter:label2\" content=\"Dur\u00e9e de lecture estim\u00e9e\" \/>\n\t<meta name=\"twitter:data2\" content=\"2 minutes\" \/>\n<script type=\"application\/ld+json\" class=\"yoast-schema-graph\">{\"@context\":\"https:\\\/\\\/schema.org\",\"@graph\":[{\"@type\":\"Article\",\"@id\":\"https:\\\/\\\/lasentinelle.dz\\\/index.php\\\/2026\\\/02\\\/01\\\/recherche-scientifique-vers-la-creation-de-clusters-de-start-up-en-algerie\\\/#article\",\"isPartOf\":{\"@id\":\"https:\\\/\\\/lasentinelle.dz\\\/index.php\\\/2026\\\/02\\\/01\\\/recherche-scientifique-vers-la-creation-de-clusters-de-start-up-en-algerie\\\/\"},\"author\":{\"name\":\"admin\",\"@id\":\"https:\\\/\\\/lasentinelle.dz\\\/#\\\/schema\\\/person\\\/729ee0024f24e0b8c5ec17232f8e8b41\"},\"headline\":\"Recherche scientifique\u00a0: Vers la cr\u00e9ation de\u00a0clusters de start-up en Alg\u00e9rie\",\"datePublished\":\"2026-02-01T11:38:29+00:00\",\"dateModified\":\"2026-02-01T11:38:30+00:00\",\"mainEntityOfPage\":{\"@id\":\"https:\\\/\\\/lasentinelle.dz\\\/index.php\\\/2026\\\/02\\\/01\\\/recherche-scientifique-vers-la-creation-de-clusters-de-start-up-en-algerie\\\/\"},\"wordCount\":345,\"commentCount\":0,\"publisher\":{\"@id\":\"https:\\\/\\\/lasentinelle.dz\\\/#organization\"},\"image\":{\"@id\":\"https:\\\/\\\/lasentinelle.dz\\\/index.php\\\/2026\\\/02\\\/01\\\/recherche-scientifique-vers-la-creation-de-clusters-de-start-up-en-algerie\\\/#primaryimage\"},\"thumbnailUrl\":\"https:\\\/\\\/lasentinelle.dz\\\/wp-content\\\/uploads\\\/2021\\\/10\\\/startups.jpeg\",\"articleSection\":[\"\u00c9conomie\"],\"inLanguage\":\"fr-FR\",\"potentialAction\":[{\"@type\":\"CommentAction\",\"name\":\"Comment\",\"target\":[\"https:\\\/\\\/lasentinelle.dz\\\/index.php\\\/2026\\\/02\\\/01\\\/recherche-scientifique-vers-la-creation-de-clusters-de-start-up-en-algerie\\\/#respond\"]}]},{\"@type\":\"WebPage\",\"@id\":\"https:\\\/\\\/lasentinelle.dz\\\/index.php\\\/2026\\\/02\\\/01\\\/recherche-scientifique-vers-la-creation-de-clusters-de-start-up-en-algerie\\\/\",\"url\":\"https:\\\/\\\/lasentinelle.dz\\\/index.php\\\/2026\\\/02\\\/01\\\/recherche-scientifique-vers-la-creation-de-clusters-de-start-up-en-algerie\\\/\",\"name\":\"Recherche scientifique\u00a0: Vers la cr\u00e9ation de\u00a0clusters de start-up en Alg\u00e9rie - La Sentinelle\",\"isPartOf\":{\"@id\":\"https:\\\/\\\/lasentinelle.dz\\\/#website\"},\"primaryImageOfPage\":{\"@id\":\"https:\\\/\\\/lasentinelle.dz\\\/index.php\\\/2026\\\/02\\\/01\\\/recherche-scientifique-vers-la-creation-de-clusters-de-start-up-en-algerie\\\/#primaryimage\"},\"image\":{\"@id\":\"https:\\\/\\\/lasentinelle.dz\\\/index.php\\\/2026\\\/02\\\/01\\\/recherche-scientifique-vers-la-creation-de-clusters-de-start-up-en-algerie\\\/#primaryimage\"},\"thumbnailUrl\":\"https:\\\/\\\/lasentinelle.dz\\\/wp-content\\\/uploads\\\/2021\\\/10\\\/startups.jpeg\",\"datePublished\":\"2026-02-01T11:38:29+00:00\",\"dateModified\":\"2026-02-01T11:38:30+00:00\",\"breadcrumb\":{\"@id\":\"https:\\\/\\\/lasentinelle.dz\\\/index.php\\\/2026\\\/02\\\/01\\\/recherche-scientifique-vers-la-creation-de-clusters-de-start-up-en-algerie\\\/#breadcrumb\"},\"inLanguage\":\"fr-FR\",\"potentialAction\":[{\"@type\":\"ReadAction\",\"target\":[\"https:\\\/\\\/lasentinelle.dz\\\/index.php\\\/2026\\\/02\\\/01\\\/recherche-scientifique-vers-la-creation-de-clusters-de-start-up-en-algerie\\\/\"]}]},{\"@type\":\"ImageObject\",\"inLanguage\":\"fr-FR\",\"@id\":\"https:\\\/\\\/lasentinelle.dz\\\/index.php\\\/2026\\\/02\\\/01\\\/recherche-scientifique-vers-la-creation-de-clusters-de-start-up-en-algerie\\\/#primaryimage\",\"url\":\"https:\\\/\\\/lasentinelle.dz\\\/wp-content\\\/uploads\\\/2021\\\/10\\\/startups.jpeg\",\"contentUrl\":\"https:\\\/\\\/lasentinelle.dz\\\/wp-content\\\/uploads\\\/2021\\\/10\\\/startups.jpeg\",\"width\":512,\"height\":341},{\"@type\":\"BreadcrumbList\",\"@id\":\"https:\\\/\\\/lasentinelle.dz\\\/index.php\\\/2026\\\/02\\\/01\\\/recherche-scientifique-vers-la-creation-de-clusters-de-start-up-en-algerie\\\/#breadcrumb\",\"itemListElement\":[{\"@type\":\"ListItem\",\"position\":1,\"name\":\"Accueil\",\"item\":\"https:\\\/\\\/lasentinelle.dz\\\/\"},{\"@type\":\"ListItem\",\"position\":2,\"name\":\"Recherche scientifique\u00a0: Vers la cr\u00e9ation de\u00a0clusters de start-up en Alg\u00e9rie\"}]},{\"@type\":\"WebSite\",\"@id\":\"https:\\\/\\\/lasentinelle.dz\\\/#website\",\"url\":\"https:\\\/\\\/lasentinelle.dz\\\/\",\"name\":\"La Sentinelle\",\"description\":\"Quotidien national d&#039;information\",\"publisher\":{\"@id\":\"https:\\\/\\\/lasentinelle.dz\\\/#organization\"},\"potentialAction\":[{\"@type\":\"SearchAction\",\"target\":{\"@type\":\"EntryPoint\",\"urlTemplate\":\"https:\\\/\\\/lasentinelle.dz\\\/?s={search_term_string}\"},\"query-input\":{\"@type\":\"PropertyValueSpecification\",\"valueRequired\":true,\"valueName\":\"search_term_string\"}}],\"inLanguage\":\"fr-FR\"},{\"@type\":\"Organization\",\"@id\":\"https:\\\/\\\/lasentinelle.dz\\\/#organization\",\"name\":\"Quotidien La Sentinelle\",\"url\":\"https:\\\/\\\/lasentinelle.dz\\\/\",\"logo\":{\"@type\":\"ImageObject\",\"inLanguage\":\"fr-FR\",\"@id\":\"https:\\\/\\\/lasentinelle.dz\\\/#\\\/schema\\\/logo\\\/image\\\/\",\"url\":\"https:\\\/\\\/lasentinelle.dz\\\/wp-content\\\/uploads\\\/2021\\\/09\\\/logo-sentinelleSLOGAN-1.png\",\"contentUrl\":\"https:\\\/\\\/lasentinelle.dz\\\/wp-content\\\/uploads\\\/2021\\\/09\\\/logo-sentinelleSLOGAN-1.png\",\"width\":615,\"height\":142,\"caption\":\"Quotidien La Sentinelle\"},\"image\":{\"@id\":\"https:\\\/\\\/lasentinelle.dz\\\/#\\\/schema\\\/logo\\\/image\\\/\"},\"sameAs\":[\"https:\\\/\\\/www.facebook.com\\\/La-Sentinelle-104059864394773\"]},{\"@type\":\"Person\",\"@id\":\"https:\\\/\\\/lasentinelle.dz\\\/#\\\/schema\\\/person\\\/729ee0024f24e0b8c5ec17232f8e8b41\",\"name\":\"admin\",\"image\":{\"@type\":\"ImageObject\",\"inLanguage\":\"fr-FR\",\"@id\":\"https:\\\/\\\/secure.gravatar.com\\\/avatar\\\/4c81fed838786e9b53f540bf46533e750f5d292099ae3b66cfc6fb1982e29df7?s=96&d=mm&r=g\",\"url\":\"https:\\\/\\\/secure.gravatar.com\\\/avatar\\\/4c81fed838786e9b53f540bf46533e750f5d292099ae3b66cfc6fb1982e29df7?s=96&d=mm&r=g\",\"contentUrl\":\"https:\\\/\\\/secure.gravatar.com\\\/avatar\\\/4c81fed838786e9b53f540bf46533e750f5d292099ae3b66cfc6fb1982e29df7?s=96&d=mm&r=g\",\"caption\":\"admin\"},\"description\":\"admin\",\"url\":\"https:\\\/\\\/lasentinelle.dz\\\/author\\\/admin\\\/\"}]}<\/script>\n<!-- \/ Yoast SEO plugin. -->","yoast_head_json":{"title":"Recherche scientifique\u00a0: Vers la cr\u00e9ation de\u00a0clusters de start-up en Alg\u00e9rie - La Sentinelle","robots":{"index":"index","follow":"follow","max-snippet":"max-snippet:-1","max-image-preview":"max-image-preview:large","max-video-preview":"max-video-preview:-1"},"canonical":"https:\/\/lasentinelle.dz\/index.php\/2026\/02\/01\/recherche-scientifique-vers-la-creation-de-clusters-de-start-up-en-algerie\/","og_locale":"fr_FR","og_type":"article","og_title":"Recherche scientifique\u00a0: Vers la cr\u00e9ation de\u00a0clusters de start-up en Alg\u00e9rie - La Sentinelle","og_description":"L&rsquo;Alg\u00e9rie franchit une nouvelle \u00e9tape dans la valorisation de sa recherche scientifique avec la signature d&rsquo;un d\u00e9cret interminist\u00e9riel instituant des","og_url":"https:\/\/lasentinelle.dz\/index.php\/2026\/02\/01\/recherche-scientifique-vers-la-creation-de-clusters-de-start-up-en-algerie\/","og_site_name":"La Sentinelle","article_publisher":"https:\/\/www.facebook.com\/La-Sentinelle-104059864394773","article_published_time":"2026-02-01T11:38:29+00:00","article_modified_time":"2026-02-01T11:38:30+00:00","og_image":[{"width":512,"height":341,"url":"https:\/\/lasentinelle.dz\/wp-content\/uploads\/2021\/10\/startups.jpeg","type":"image\/jpeg"}],"author":"admin","twitter_card":"summary_large_image","twitter_misc":{"\u00c9crit par":"admin","Dur\u00e9e de lecture estim\u00e9e":"2 minutes"},"schema":{"@context":"https:\/\/schema.org","@graph":[{"@type":"Article","@id":"https:\/\/lasentinelle.dz\/index.php\/2026\/02\/01\/recherche-scientifique-vers-la-creation-de-clusters-de-start-up-en-algerie\/#article","isPartOf":{"@id":"https:\/\/lasentinelle.dz\/index.php\/2026\/02\/01\/recherche-scientifique-vers-la-creation-de-clusters-de-start-up-en-algerie\/"},"author":{"name":"admin","@id":"https:\/\/lasentinelle.dz\/#\/schema\/person\/729ee0024f24e0b8c5ec17232f8e8b41"},"headline":"Recherche scientifique\u00a0: Vers la cr\u00e9ation de\u00a0clusters de start-up en Alg\u00e9rie","datePublished":"2026-02-01T11:38:29+00:00","dateModified":"2026-02-01T11:38:30+00:00","mainEntityOfPage":{"@id":"https:\/\/lasentinelle.dz\/index.php\/2026\/02\/01\/recherche-scientifique-vers-la-creation-de-clusters-de-start-up-en-algerie\/"},"wordCount":345,"commentCount":0,"publisher":{"@id":"https:\/\/lasentinelle.dz\/#organization"},"image":{"@id":"https:\/\/lasentinelle.dz\/index.php\/2026\/02\/01\/recherche-scientifique-vers-la-creation-de-clusters-de-start-up-en-algerie\/#primaryimage"},"thumbnailUrl":"https:\/\/lasentinelle.dz\/wp-content\/uploads\/2021\/10\/startups.jpeg","articleSection":["\u00c9conomie"],"inLanguage":"fr-FR","potentialAction":[{"@type":"CommentAction","name":"Comment","target":["https:\/\/lasentinelle.dz\/index.php\/2026\/02\/01\/recherche-scientifique-vers-la-creation-de-clusters-de-start-up-en-algerie\/#respond"]}]},{"@type":"WebPage","@id":"https:\/\/lasentinelle.dz\/index.php\/2026\/02\/01\/recherche-scientifique-vers-la-creation-de-clusters-de-start-up-en-algerie\/","url":"https:\/\/lasentinelle.dz\/index.php\/2026\/02\/01\/recherche-scientifique-vers-la-creation-de-clusters-de-start-up-en-algerie\/","name":"Recherche scientifique\u00a0: Vers la cr\u00e9ation de\u00a0clusters de start-up en Alg\u00e9rie - La Sentinelle","isPartOf":{"@id":"https:\/\/lasentinelle.dz\/#website"},"primaryImageOfPage":{"@id":"https:\/\/lasentinelle.dz\/index.php\/2026\/02\/01\/recherche-scientifique-vers-la-creation-de-clusters-de-start-up-en-algerie\/#primaryimage"},"image":{"@id":"https:\/\/lasentinelle.dz\/index.php\/2026\/02\/01\/recherche-scientifique-vers-la-creation-de-clusters-de-start-up-en-algerie\/#primaryimage"},"thumbnailUrl":"https:\/\/lasentinelle.dz\/wp-content\/uploads\/2021\/10\/startups.jpeg","datePublished":"2026-02-01T11:38:29+00:00","dateModified":"2026-02-01T11:38:30+00:00","breadcrumb":{"@id":"https:\/\/lasentinelle.dz\/index.php\/2026\/02\/01\/recherche-scientifique-vers-la-creation-de-clusters-de-start-up-en-algerie\/#breadcrumb"},"inLanguage":"fr-FR","potentialAction":[{"@type":"ReadAction","target":["https:\/\/lasentinelle.dz\/index.php\/2026\/02\/01\/recherche-scientifique-vers-la-creation-de-clusters-de-start-up-en-algerie\/"]}]},{"@type":"ImageObject","inLanguage":"fr-FR","@id":"https:\/\/lasentinelle.dz\/index.php\/2026\/02\/01\/recherche-scientifique-vers-la-creation-de-clusters-de-start-up-en-algerie\/#primaryimage","url":"https:\/\/lasentinelle.dz\/wp-content\/uploads\/2021\/10\/startups.jpeg","contentUrl":"https:\/\/lasentinelle.dz\/wp-content\/uploads\/2021\/10\/startups.jpeg","width":512,"height":341},{"@type":"BreadcrumbList","@id":"https:\/\/lasentinelle.dz\/index.php\/2026\/02\/01\/recherche-scientifique-vers-la-creation-de-clusters-de-start-up-en-algerie\/#breadcrumb","itemListElement":[{"@type":"ListItem","position":1,"name":"Accueil","item":"https:\/\/lasentinelle.dz\/"},{"@type":"ListItem","position":2,"name":"Recherche scientifique\u00a0: Vers la cr\u00e9ation de\u00a0clusters de start-up en Alg\u00e9rie"}]},{"@type":"WebSite","@id":"https:\/\/lasentinelle.dz\/#website","url":"https:\/\/lasentinelle.dz\/","name":"La Sentinelle","description":"Quotidien national d&#039;information","publisher":{"@id":"https:\/\/lasentinelle.dz\/#organization"},"potentialAction":[{"@type":"SearchAction","target":{"@type":"EntryPoint","urlTemplate":"https:\/\/lasentinelle.dz\/?s={search_term_string}"},"query-input":{"@type":"PropertyValueSpecification","valueRequired":true,"valueName":"search_term_string"}}],"inLanguage":"fr-FR"},{"@type":"Organization","@id":"https:\/\/lasentinelle.dz\/#organization","name":"Quotidien La Sentinelle","url":"https:\/\/lasentinelle.dz\/","logo":{"@type":"ImageObject","inLanguage":"fr-FR","@id":"https:\/\/lasentinelle.dz\/#\/schema\/logo\/image\/","url":"https:\/\/lasentinelle.dz\/wp-content\/uploads\/2021\/09\/logo-sentinelleSLOGAN-1.png","contentUrl":"https:\/\/lasentinelle.dz\/wp-content\/uploads\/2021\/09\/logo-sentinelleSLOGAN-1.png","width":615,"height":142,"caption":"Quotidien La Sentinelle"},"image":{"@id":"https:\/\/lasentinelle.dz\/#\/schema\/logo\/image\/"},"sameAs":["https:\/\/www.facebook.com\/La-Sentinelle-104059864394773"]},{"@type":"Person","@id":"https:\/\/lasentinelle.dz\/#\/schema\/person\/729ee0024f24e0b8c5ec17232f8e8b41","name":"admin","image":{"@type":"ImageObject","inLanguage":"fr-FR","@id":"https:\/\/secure.gravatar.com\/avatar\/4c81fed838786e9b53f540bf46533e750f5d292099ae3b66cfc6fb1982e29df7?s=96&d=mm&r=g","url":"https:\/\/secure.gravatar.com\/avatar\/4c81fed838786e9b53f540bf46533e750f5d292099ae3b66cfc6fb1982e29df7?s=96&d=mm&r=g","contentUrl":"https:\/\/secure.gravatar.com\/avatar\/4c81fed838786e9b53f540bf46533e750f5d292099ae3b66cfc6fb1982e29df7?s=96&d=mm&r=g","caption":"admin"},"description":"admin","url":"https:\/\/lasentinelle.dz\/author\/admin\/"}]}},"_links":{"self":[{"href":"https:\/\/lasentinelle.dz\/index.php\/wp-json\/wp\/v2\/posts\/80405","targetHints":{"allow":["GET"]}}],"collection":[{"href":"https:\/\/lasentinelle.dz\/index.php\/wp-json\/wp\/v2\/posts"}],"about":[{"href":"https:\/\/lasentinelle.dz\/index.php\/wp-json\/wp\/v2\/types\/post"}],"author":[{"embeddable":true,"href":"https:\/\/lasentinelle.dz\/index.php\/wp-json\/wp\/v2\/users\/6"}],"replies":[{"embeddable":true,"href":"https:\/\/lasentinelle.dz\/index.php\/wp-json\/wp\/v2\/comments?post=80405"}],"version-history":[{"count":1,"href":"https:\/\/lasentinelle.dz\/index.php\/wp-json\/wp\/v2\/posts\/80405\/revisions"}],"predecessor-version":[{"id":80406,"href":"https:\/\/lasentinelle.dz\/index.php\/wp-json\/wp\/v2\/posts\/80405\/revisions\/80406"}],"wp:featuredmedia":[{"embeddable":true,"href":"https:\/\/lasentinelle.dz\/index.php\/wp-json\/wp\/v2\/media\/10678"}],"wp:attachment":[{"href":"https:\/\/lasentinelle.dz\/index.php\/wp-json\/wp\/v2\/media?parent=80405"}],"wp:term":[{"taxonomy":"category","embeddable":true,"href":"https:\/\/lasentinelle.dz\/index.php\/wp-json\/wp\/v2\/categories?post=80405"},{"taxonomy":"post_tag","embeddable":true,"href":"https:\/\/lasentinelle.dz\/index.php\/wp-json\/wp\/v2\/tags?post=80405"}],"curies":[{"name":"wp","href":"https:\/\/api.w.org\/{rel}","templated":true}]}}