{"id":80433,"date":"2026-02-01T12:55:31","date_gmt":"2026-02-01T11:55:31","guid":{"rendered":"https:\/\/lasentinelle.dz\/?p=80433"},"modified":"2026-02-01T12:55:33","modified_gmt":"2026-02-01T11:55:33","slug":"le-parti-du-fln-organise-une-conference-sur-les-nouvelles-menaces-pour-la-securite-au-sahel","status":"publish","type":"post","link":"https:\/\/lasentinelle.dz\/index.php\/2026\/02\/01\/le-parti-du-fln-organise-une-conference-sur-les-nouvelles-menaces-pour-la-securite-au-sahel\/","title":{"rendered":"Le parti du FLN organise une conf\u00e9rence sur \u00ab\u00a0Les nouvelles menaces pour la s\u00e9curit\u00e9 au Sahel\u00a0\u00bb"},"content":{"rendered":"\n<p>Le parti du Front de lib\u00e9ration nationale (FLN) a organis\u00e9, samedi \u00e0 Alger, une conf\u00e9rence sur \u00ab\u00a0Les nouvelles menaces pour la s\u00e9curit\u00e9 au Sahel\u00a0\u00bb, au cours de laquelle les participants ont mis en avant l&rsquo;approche pacifique, ax\u00e9e sur le d\u00e9veloppement, pr\u00f4n\u00e9e par l&rsquo;Alg\u00e9rie pour garantir la s\u00e9curit\u00e9 et la stabilit\u00e9 dans la r\u00e9gion.&nbsp;Pr\u00e9sidant l&rsquo;ouverture des travaux de cette conf\u00e9rence, le Secr\u00e9taire g\u00e9n\u00e9ral du parti du FLN, Abdelkrim Benmbarek, a soulign\u00e9 que l&rsquo;Alg\u00e9rie \u00ab\u00a0de par sa position g\u00e9ographique, sa profondeur africaine et son histoire de lib\u00e9ration, est concern\u00e9e par le destin de l&rsquo;ensemble de la r\u00e9gion\u00a0\u00bb, saluant son \u00ab\u00a0r\u00f4le central\u00a0\u00bb dans le maintien de la s\u00e9curit\u00e9 et de la stabilit\u00e9 dans la r\u00e9gion.&nbsp;L&rsquo;Alg\u00e9rie \u00ab\u00a0joue un r\u00f4le cl\u00e9 au Sahel, reposant sur la m\u00e9diation pour mettre fin aux conflits, le leadership de la coop\u00e9ration r\u00e9gionale contre les menaces transfrontali\u00e8res et le financement des projets de d\u00e9veloppement pour soutenir les pays voisins\u00a0\u00bb, a-t-il pr\u00e9cis\u00e9.Et d&rsquo;ajouter que l&rsquo;Alg\u00e9rie a \u00ab\u00a0d\u00e9montr\u00e9 concr\u00e8tement que la stabilit\u00e9 de la r\u00e9gion ne saurait \u00eatre assur\u00e9e par les interventions \u00e9trang\u00e8res, ni par l&rsquo;imposition de solutions par la force, et encore moins par la marginalisation de la volont\u00e9 des peuples\u00a0\u00bb.&nbsp;Dans leurs interventions lors de cette conf\u00e9rence, des experts du domaine ont salu\u00e9 l&rsquo;approche alg\u00e9rienne, fond\u00e9e sur \u00ab\u00a0la stabilit\u00e9 politique et le d\u00e9veloppement au Sahel\u00a0\u00bb, estimant que cette approche demeure la \u00ab\u00a0solution idoine\u00a0\u00bb pour r\u00e9aliser la paix, la stabilit\u00e9 et le d\u00e9veloppement dans la r\u00e9gion.<\/p>\n\n\n\n<p>APS<\/p>\n","protected":false},"excerpt":{"rendered":"<p>Le parti du Front de lib\u00e9ration nationale (FLN) a organis\u00e9, samedi \u00e0 Alger, une conf\u00e9rence sur \u00ab\u00a0Les nouvelles menaces pour<\/p>\n","protected":false},"author":6,"featured_media":47239,"comment_status":"open","ping_status":"closed","sticky":false,"template":"","format":"standard","meta":{"colormag_page_container_layout":"default_layout","colormag_page_sidebar_layout":"default_layout","om_disable_all_campaigns":false,"_monsterinsights_skip_tracking":false,"_monsterinsights_sitenote_active":false,"_monsterinsights_sitenote_note":"","_monsterinsights_sitenote_category":0,"footnotes":"","_wpscppro_dont_share_socialmedia":false,"_wpscppro_custom_social_share_image":0,"_facebook_share_type":"default","_twitter_share_type":"default","_linkedin_share_type":"default","_pinterest_share_type":"default","_linkedin_share_type_page":"","_instagram_share_type":"default","_medium_share_type":"default","_threads_share_type":"default","_google_business_share_type":"default","_selected_social_profile":[],"_wpsp_enable_custom_social_template":false,"_wpsp_social_scheduling":{"enabled":false,"datetime":null,"platforms":[],"status":"template_only","dateOption":"today","timeOption":"now","customDays":"","customHours":"","customDate":"","customTime":"","schedulingType":"absolute"},"_wpsp_active_default_template":true},"categories":[28],"tags":[],"class_list":["post-80433","post","type-post","status-publish","format-standard","has-post-thumbnail","hentry","category-politique"],"aioseo_notices":[],"yoast_head":"<!-- This site is optimized with the Yoast SEO plugin v27.5 - https:\/\/yoast.com\/product\/yoast-seo-wordpress\/ -->\n<title>Le parti du FLN organise une conf\u00e9rence sur \u00ab\u00a0Les nouvelles menaces pour la s\u00e9curit\u00e9 au Sahel\u00a0\u00bb - La Sentinelle<\/title>\n<meta name=\"robots\" content=\"index, follow, max-snippet:-1, max-image-preview:large, max-video-preview:-1\" \/>\n<link rel=\"canonical\" href=\"https:\/\/lasentinelle.dz\/index.php\/2026\/02\/01\/le-parti-du-fln-organise-une-conference-sur-les-nouvelles-menaces-pour-la-securite-au-sahel\/\" \/>\n<meta property=\"og:locale\" content=\"fr_FR\" \/>\n<meta property=\"og:type\" content=\"article\" \/>\n<meta property=\"og:title\" content=\"Le parti du FLN organise une conf\u00e9rence sur \u00ab\u00a0Les nouvelles menaces pour la s\u00e9curit\u00e9 au Sahel\u00a0\u00bb - La Sentinelle\" \/>\n<meta property=\"og:description\" content=\"Le parti du Front de lib\u00e9ration nationale (FLN) a organis\u00e9, samedi \u00e0 Alger, une conf\u00e9rence sur \u00ab\u00a0Les nouvelles menaces pour\" \/>\n<meta property=\"og:url\" content=\"https:\/\/lasentinelle.dz\/index.php\/2026\/02\/01\/le-parti-du-fln-organise-une-conference-sur-les-nouvelles-menaces-pour-la-securite-au-sahel\/\" \/>\n<meta property=\"og:site_name\" content=\"La Sentinelle\" \/>\n<meta property=\"article:publisher\" content=\"https:\/\/www.facebook.com\/La-Sentinelle-104059864394773\" \/>\n<meta property=\"article:published_time\" content=\"2026-02-01T11:55:31+00:00\" \/>\n<meta property=\"article:modified_time\" content=\"2026-02-01T11:55:33+00:00\" \/>\n<meta property=\"og:image\" content=\"https:\/\/lasentinelle.dz\/wp-content\/uploads\/2023\/11\/benmebarek.webp\" \/>\n\t<meta property=\"og:image:width\" content=\"780\" \/>\n\t<meta property=\"og:image:height\" content=\"519\" \/>\n\t<meta property=\"og:image:type\" content=\"image\/webp\" \/>\n<meta name=\"author\" content=\"admin\" \/>\n<meta name=\"twitter:card\" content=\"summary_large_image\" \/>\n<meta name=\"twitter:label1\" content=\"\u00c9crit par\" \/>\n\t<meta name=\"twitter:data1\" content=\"admin\" \/>\n\t<meta name=\"twitter:label2\" content=\"Dur\u00e9e de lecture estim\u00e9e\" \/>\n\t<meta name=\"twitter:data2\" content=\"2 minutes\" \/>\n<script type=\"application\/ld+json\" class=\"yoast-schema-graph\">{\"@context\":\"https:\\\/\\\/schema.org\",\"@graph\":[{\"@type\":\"Article\",\"@id\":\"https:\\\/\\\/lasentinelle.dz\\\/index.php\\\/2026\\\/02\\\/01\\\/le-parti-du-fln-organise-une-conference-sur-les-nouvelles-menaces-pour-la-securite-au-sahel\\\/#article\",\"isPartOf\":{\"@id\":\"https:\\\/\\\/lasentinelle.dz\\\/index.php\\\/2026\\\/02\\\/01\\\/le-parti-du-fln-organise-une-conference-sur-les-nouvelles-menaces-pour-la-securite-au-sahel\\\/\"},\"author\":{\"name\":\"admin\",\"@id\":\"https:\\\/\\\/lasentinelle.dz\\\/#\\\/schema\\\/person\\\/729ee0024f24e0b8c5ec17232f8e8b41\"},\"headline\":\"Le parti du FLN organise une conf\u00e9rence sur \u00ab\u00a0Les nouvelles menaces pour la s\u00e9curit\u00e9 au Sahel\u00a0\u00bb\",\"datePublished\":\"2026-02-01T11:55:31+00:00\",\"dateModified\":\"2026-02-01T11:55:33+00:00\",\"mainEntityOfPage\":{\"@id\":\"https:\\\/\\\/lasentinelle.dz\\\/index.php\\\/2026\\\/02\\\/01\\\/le-parti-du-fln-organise-une-conference-sur-les-nouvelles-menaces-pour-la-securite-au-sahel\\\/\"},\"wordCount\":313,\"commentCount\":0,\"publisher\":{\"@id\":\"https:\\\/\\\/lasentinelle.dz\\\/#organization\"},\"image\":{\"@id\":\"https:\\\/\\\/lasentinelle.dz\\\/index.php\\\/2026\\\/02\\\/01\\\/le-parti-du-fln-organise-une-conference-sur-les-nouvelles-menaces-pour-la-securite-au-sahel\\\/#primaryimage\"},\"thumbnailUrl\":\"https:\\\/\\\/lasentinelle.dz\\\/wp-content\\\/uploads\\\/2023\\\/11\\\/benmebarek.webp\",\"articleSection\":[\"Politique\"],\"inLanguage\":\"fr-FR\",\"potentialAction\":[{\"@type\":\"CommentAction\",\"name\":\"Comment\",\"target\":[\"https:\\\/\\\/lasentinelle.dz\\\/index.php\\\/2026\\\/02\\\/01\\\/le-parti-du-fln-organise-une-conference-sur-les-nouvelles-menaces-pour-la-securite-au-sahel\\\/#respond\"]}]},{\"@type\":\"WebPage\",\"@id\":\"https:\\\/\\\/lasentinelle.dz\\\/index.php\\\/2026\\\/02\\\/01\\\/le-parti-du-fln-organise-une-conference-sur-les-nouvelles-menaces-pour-la-securite-au-sahel\\\/\",\"url\":\"https:\\\/\\\/lasentinelle.dz\\\/index.php\\\/2026\\\/02\\\/01\\\/le-parti-du-fln-organise-une-conference-sur-les-nouvelles-menaces-pour-la-securite-au-sahel\\\/\",\"name\":\"Le parti du FLN organise une conf\u00e9rence sur \u00ab\u00a0Les nouvelles menaces pour la s\u00e9curit\u00e9 au Sahel\u00a0\u00bb - La Sentinelle\",\"isPartOf\":{\"@id\":\"https:\\\/\\\/lasentinelle.dz\\\/#website\"},\"primaryImageOfPage\":{\"@id\":\"https:\\\/\\\/lasentinelle.dz\\\/index.php\\\/2026\\\/02\\\/01\\\/le-parti-du-fln-organise-une-conference-sur-les-nouvelles-menaces-pour-la-securite-au-sahel\\\/#primaryimage\"},\"image\":{\"@id\":\"https:\\\/\\\/lasentinelle.dz\\\/index.php\\\/2026\\\/02\\\/01\\\/le-parti-du-fln-organise-une-conference-sur-les-nouvelles-menaces-pour-la-securite-au-sahel\\\/#primaryimage\"},\"thumbnailUrl\":\"https:\\\/\\\/lasentinelle.dz\\\/wp-content\\\/uploads\\\/2023\\\/11\\\/benmebarek.webp\",\"datePublished\":\"2026-02-01T11:55:31+00:00\",\"dateModified\":\"2026-02-01T11:55:33+00:00\",\"breadcrumb\":{\"@id\":\"https:\\\/\\\/lasentinelle.dz\\\/index.php\\\/2026\\\/02\\\/01\\\/le-parti-du-fln-organise-une-conference-sur-les-nouvelles-menaces-pour-la-securite-au-sahel\\\/#breadcrumb\"},\"inLanguage\":\"fr-FR\",\"potentialAction\":[{\"@type\":\"ReadAction\",\"target\":[\"https:\\\/\\\/lasentinelle.dz\\\/index.php\\\/2026\\\/02\\\/01\\\/le-parti-du-fln-organise-une-conference-sur-les-nouvelles-menaces-pour-la-securite-au-sahel\\\/\"]}]},{\"@type\":\"ImageObject\",\"inLanguage\":\"fr-FR\",\"@id\":\"https:\\\/\\\/lasentinelle.dz\\\/index.php\\\/2026\\\/02\\\/01\\\/le-parti-du-fln-organise-une-conference-sur-les-nouvelles-menaces-pour-la-securite-au-sahel\\\/#primaryimage\",\"url\":\"https:\\\/\\\/lasentinelle.dz\\\/wp-content\\\/uploads\\\/2023\\\/11\\\/benmebarek.webp\",\"contentUrl\":\"https:\\\/\\\/lasentinelle.dz\\\/wp-content\\\/uploads\\\/2023\\\/11\\\/benmebarek.webp\",\"width\":780,\"height\":519},{\"@type\":\"BreadcrumbList\",\"@id\":\"https:\\\/\\\/lasentinelle.dz\\\/index.php\\\/2026\\\/02\\\/01\\\/le-parti-du-fln-organise-une-conference-sur-les-nouvelles-menaces-pour-la-securite-au-sahel\\\/#breadcrumb\",\"itemListElement\":[{\"@type\":\"ListItem\",\"position\":1,\"name\":\"Accueil\",\"item\":\"https:\\\/\\\/lasentinelle.dz\\\/\"},{\"@type\":\"ListItem\",\"position\":2,\"name\":\"Le parti du FLN organise une conf\u00e9rence sur \u00ab\u00a0Les nouvelles menaces pour la s\u00e9curit\u00e9 au Sahel\u00a0\u00bb\"}]},{\"@type\":\"WebSite\",\"@id\":\"https:\\\/\\\/lasentinelle.dz\\\/#website\",\"url\":\"https:\\\/\\\/lasentinelle.dz\\\/\",\"name\":\"La Sentinelle\",\"description\":\"Quotidien national d&#039;information\",\"publisher\":{\"@id\":\"https:\\\/\\\/lasentinelle.dz\\\/#organization\"},\"potentialAction\":[{\"@type\":\"SearchAction\",\"target\":{\"@type\":\"EntryPoint\",\"urlTemplate\":\"https:\\\/\\\/lasentinelle.dz\\\/?s={search_term_string}\"},\"query-input\":{\"@type\":\"PropertyValueSpecification\",\"valueRequired\":true,\"valueName\":\"search_term_string\"}}],\"inLanguage\":\"fr-FR\"},{\"@type\":\"Organization\",\"@id\":\"https:\\\/\\\/lasentinelle.dz\\\/#organization\",\"name\":\"Quotidien La Sentinelle\",\"url\":\"https:\\\/\\\/lasentinelle.dz\\\/\",\"logo\":{\"@type\":\"ImageObject\",\"inLanguage\":\"fr-FR\",\"@id\":\"https:\\\/\\\/lasentinelle.dz\\\/#\\\/schema\\\/logo\\\/image\\\/\",\"url\":\"https:\\\/\\\/lasentinelle.dz\\\/wp-content\\\/uploads\\\/2021\\\/09\\\/logo-sentinelleSLOGAN-1.png\",\"contentUrl\":\"https:\\\/\\\/lasentinelle.dz\\\/wp-content\\\/uploads\\\/2021\\\/09\\\/logo-sentinelleSLOGAN-1.png\",\"width\":615,\"height\":142,\"caption\":\"Quotidien La Sentinelle\"},\"image\":{\"@id\":\"https:\\\/\\\/lasentinelle.dz\\\/#\\\/schema\\\/logo\\\/image\\\/\"},\"sameAs\":[\"https:\\\/\\\/www.facebook.com\\\/La-Sentinelle-104059864394773\"]},{\"@type\":\"Person\",\"@id\":\"https:\\\/\\\/lasentinelle.dz\\\/#\\\/schema\\\/person\\\/729ee0024f24e0b8c5ec17232f8e8b41\",\"name\":\"admin\",\"image\":{\"@type\":\"ImageObject\",\"inLanguage\":\"fr-FR\",\"@id\":\"https:\\\/\\\/secure.gravatar.com\\\/avatar\\\/4c81fed838786e9b53f540bf46533e750f5d292099ae3b66cfc6fb1982e29df7?s=96&d=mm&r=g\",\"url\":\"https:\\\/\\\/secure.gravatar.com\\\/avatar\\\/4c81fed838786e9b53f540bf46533e750f5d292099ae3b66cfc6fb1982e29df7?s=96&d=mm&r=g\",\"contentUrl\":\"https:\\\/\\\/secure.gravatar.com\\\/avatar\\\/4c81fed838786e9b53f540bf46533e750f5d292099ae3b66cfc6fb1982e29df7?s=96&d=mm&r=g\",\"caption\":\"admin\"},\"description\":\"admin\",\"url\":\"https:\\\/\\\/lasentinelle.dz\\\/author\\\/admin\\\/\"}]}<\/script>\n<!-- \/ Yoast SEO plugin. -->","yoast_head_json":{"title":"Le parti du FLN organise une conf\u00e9rence sur \u00ab\u00a0Les nouvelles menaces pour la s\u00e9curit\u00e9 au Sahel\u00a0\u00bb - La Sentinelle","robots":{"index":"index","follow":"follow","max-snippet":"max-snippet:-1","max-image-preview":"max-image-preview:large","max-video-preview":"max-video-preview:-1"},"canonical":"https:\/\/lasentinelle.dz\/index.php\/2026\/02\/01\/le-parti-du-fln-organise-une-conference-sur-les-nouvelles-menaces-pour-la-securite-au-sahel\/","og_locale":"fr_FR","og_type":"article","og_title":"Le parti du FLN organise une conf\u00e9rence sur \u00ab\u00a0Les nouvelles menaces pour la s\u00e9curit\u00e9 au Sahel\u00a0\u00bb - La Sentinelle","og_description":"Le parti du Front de lib\u00e9ration nationale (FLN) a organis\u00e9, samedi \u00e0 Alger, une conf\u00e9rence sur \u00ab\u00a0Les nouvelles menaces pour","og_url":"https:\/\/lasentinelle.dz\/index.php\/2026\/02\/01\/le-parti-du-fln-organise-une-conference-sur-les-nouvelles-menaces-pour-la-securite-au-sahel\/","og_site_name":"La Sentinelle","article_publisher":"https:\/\/www.facebook.com\/La-Sentinelle-104059864394773","article_published_time":"2026-02-01T11:55:31+00:00","article_modified_time":"2026-02-01T11:55:33+00:00","og_image":[{"width":780,"height":519,"url":"https:\/\/lasentinelle.dz\/wp-content\/uploads\/2023\/11\/benmebarek.webp","type":"image\/webp"}],"author":"admin","twitter_card":"summary_large_image","twitter_misc":{"\u00c9crit par":"admin","Dur\u00e9e de lecture estim\u00e9e":"2 minutes"},"schema":{"@context":"https:\/\/schema.org","@graph":[{"@type":"Article","@id":"https:\/\/lasentinelle.dz\/index.php\/2026\/02\/01\/le-parti-du-fln-organise-une-conference-sur-les-nouvelles-menaces-pour-la-securite-au-sahel\/#article","isPartOf":{"@id":"https:\/\/lasentinelle.dz\/index.php\/2026\/02\/01\/le-parti-du-fln-organise-une-conference-sur-les-nouvelles-menaces-pour-la-securite-au-sahel\/"},"author":{"name":"admin","@id":"https:\/\/lasentinelle.dz\/#\/schema\/person\/729ee0024f24e0b8c5ec17232f8e8b41"},"headline":"Le parti du FLN organise une conf\u00e9rence sur \u00ab\u00a0Les nouvelles menaces pour la s\u00e9curit\u00e9 au Sahel\u00a0\u00bb","datePublished":"2026-02-01T11:55:31+00:00","dateModified":"2026-02-01T11:55:33+00:00","mainEntityOfPage":{"@id":"https:\/\/lasentinelle.dz\/index.php\/2026\/02\/01\/le-parti-du-fln-organise-une-conference-sur-les-nouvelles-menaces-pour-la-securite-au-sahel\/"},"wordCount":313,"commentCount":0,"publisher":{"@id":"https:\/\/lasentinelle.dz\/#organization"},"image":{"@id":"https:\/\/lasentinelle.dz\/index.php\/2026\/02\/01\/le-parti-du-fln-organise-une-conference-sur-les-nouvelles-menaces-pour-la-securite-au-sahel\/#primaryimage"},"thumbnailUrl":"https:\/\/lasentinelle.dz\/wp-content\/uploads\/2023\/11\/benmebarek.webp","articleSection":["Politique"],"inLanguage":"fr-FR","potentialAction":[{"@type":"CommentAction","name":"Comment","target":["https:\/\/lasentinelle.dz\/index.php\/2026\/02\/01\/le-parti-du-fln-organise-une-conference-sur-les-nouvelles-menaces-pour-la-securite-au-sahel\/#respond"]}]},{"@type":"WebPage","@id":"https:\/\/lasentinelle.dz\/index.php\/2026\/02\/01\/le-parti-du-fln-organise-une-conference-sur-les-nouvelles-menaces-pour-la-securite-au-sahel\/","url":"https:\/\/lasentinelle.dz\/index.php\/2026\/02\/01\/le-parti-du-fln-organise-une-conference-sur-les-nouvelles-menaces-pour-la-securite-au-sahel\/","name":"Le parti du FLN organise une conf\u00e9rence sur \u00ab\u00a0Les nouvelles menaces pour la s\u00e9curit\u00e9 au Sahel\u00a0\u00bb - La Sentinelle","isPartOf":{"@id":"https:\/\/lasentinelle.dz\/#website"},"primaryImageOfPage":{"@id":"https:\/\/lasentinelle.dz\/index.php\/2026\/02\/01\/le-parti-du-fln-organise-une-conference-sur-les-nouvelles-menaces-pour-la-securite-au-sahel\/#primaryimage"},"image":{"@id":"https:\/\/lasentinelle.dz\/index.php\/2026\/02\/01\/le-parti-du-fln-organise-une-conference-sur-les-nouvelles-menaces-pour-la-securite-au-sahel\/#primaryimage"},"thumbnailUrl":"https:\/\/lasentinelle.dz\/wp-content\/uploads\/2023\/11\/benmebarek.webp","datePublished":"2026-02-01T11:55:31+00:00","dateModified":"2026-02-01T11:55:33+00:00","breadcrumb":{"@id":"https:\/\/lasentinelle.dz\/index.php\/2026\/02\/01\/le-parti-du-fln-organise-une-conference-sur-les-nouvelles-menaces-pour-la-securite-au-sahel\/#breadcrumb"},"inLanguage":"fr-FR","potentialAction":[{"@type":"ReadAction","target":["https:\/\/lasentinelle.dz\/index.php\/2026\/02\/01\/le-parti-du-fln-organise-une-conference-sur-les-nouvelles-menaces-pour-la-securite-au-sahel\/"]}]},{"@type":"ImageObject","inLanguage":"fr-FR","@id":"https:\/\/lasentinelle.dz\/index.php\/2026\/02\/01\/le-parti-du-fln-organise-une-conference-sur-les-nouvelles-menaces-pour-la-securite-au-sahel\/#primaryimage","url":"https:\/\/lasentinelle.dz\/wp-content\/uploads\/2023\/11\/benmebarek.webp","contentUrl":"https:\/\/lasentinelle.dz\/wp-content\/uploads\/2023\/11\/benmebarek.webp","width":780,"height":519},{"@type":"BreadcrumbList","@id":"https:\/\/lasentinelle.dz\/index.php\/2026\/02\/01\/le-parti-du-fln-organise-une-conference-sur-les-nouvelles-menaces-pour-la-securite-au-sahel\/#breadcrumb","itemListElement":[{"@type":"ListItem","position":1,"name":"Accueil","item":"https:\/\/lasentinelle.dz\/"},{"@type":"ListItem","position":2,"name":"Le parti du FLN organise une conf\u00e9rence sur \u00ab\u00a0Les nouvelles menaces pour la s\u00e9curit\u00e9 au Sahel\u00a0\u00bb"}]},{"@type":"WebSite","@id":"https:\/\/lasentinelle.dz\/#website","url":"https:\/\/lasentinelle.dz\/","name":"La Sentinelle","description":"Quotidien national d&#039;information","publisher":{"@id":"https:\/\/lasentinelle.dz\/#organization"},"potentialAction":[{"@type":"SearchAction","target":{"@type":"EntryPoint","urlTemplate":"https:\/\/lasentinelle.dz\/?s={search_term_string}"},"query-input":{"@type":"PropertyValueSpecification","valueRequired":true,"valueName":"search_term_string"}}],"inLanguage":"fr-FR"},{"@type":"Organization","@id":"https:\/\/lasentinelle.dz\/#organization","name":"Quotidien La Sentinelle","url":"https:\/\/lasentinelle.dz\/","logo":{"@type":"ImageObject","inLanguage":"fr-FR","@id":"https:\/\/lasentinelle.dz\/#\/schema\/logo\/image\/","url":"https:\/\/lasentinelle.dz\/wp-content\/uploads\/2021\/09\/logo-sentinelleSLOGAN-1.png","contentUrl":"https:\/\/lasentinelle.dz\/wp-content\/uploads\/2021\/09\/logo-sentinelleSLOGAN-1.png","width":615,"height":142,"caption":"Quotidien La Sentinelle"},"image":{"@id":"https:\/\/lasentinelle.dz\/#\/schema\/logo\/image\/"},"sameAs":["https:\/\/www.facebook.com\/La-Sentinelle-104059864394773"]},{"@type":"Person","@id":"https:\/\/lasentinelle.dz\/#\/schema\/person\/729ee0024f24e0b8c5ec17232f8e8b41","name":"admin","image":{"@type":"ImageObject","inLanguage":"fr-FR","@id":"https:\/\/secure.gravatar.com\/avatar\/4c81fed838786e9b53f540bf46533e750f5d292099ae3b66cfc6fb1982e29df7?s=96&d=mm&r=g","url":"https:\/\/secure.gravatar.com\/avatar\/4c81fed838786e9b53f540bf46533e750f5d292099ae3b66cfc6fb1982e29df7?s=96&d=mm&r=g","contentUrl":"https:\/\/secure.gravatar.com\/avatar\/4c81fed838786e9b53f540bf46533e750f5d292099ae3b66cfc6fb1982e29df7?s=96&d=mm&r=g","caption":"admin"},"description":"admin","url":"https:\/\/lasentinelle.dz\/author\/admin\/"}]}},"_links":{"self":[{"href":"https:\/\/lasentinelle.dz\/index.php\/wp-json\/wp\/v2\/posts\/80433","targetHints":{"allow":["GET"]}}],"collection":[{"href":"https:\/\/lasentinelle.dz\/index.php\/wp-json\/wp\/v2\/posts"}],"about":[{"href":"https:\/\/lasentinelle.dz\/index.php\/wp-json\/wp\/v2\/types\/post"}],"author":[{"embeddable":true,"href":"https:\/\/lasentinelle.dz\/index.php\/wp-json\/wp\/v2\/users\/6"}],"replies":[{"embeddable":true,"href":"https:\/\/lasentinelle.dz\/index.php\/wp-json\/wp\/v2\/comments?post=80433"}],"version-history":[{"count":2,"href":"https:\/\/lasentinelle.dz\/index.php\/wp-json\/wp\/v2\/posts\/80433\/revisions"}],"predecessor-version":[{"id":80435,"href":"https:\/\/lasentinelle.dz\/index.php\/wp-json\/wp\/v2\/posts\/80433\/revisions\/80435"}],"wp:featuredmedia":[{"embeddable":true,"href":"https:\/\/lasentinelle.dz\/index.php\/wp-json\/wp\/v2\/media\/47239"}],"wp:attachment":[{"href":"https:\/\/lasentinelle.dz\/index.php\/wp-json\/wp\/v2\/media?parent=80433"}],"wp:term":[{"taxonomy":"category","embeddable":true,"href":"https:\/\/lasentinelle.dz\/index.php\/wp-json\/wp\/v2\/categories?post=80433"},{"taxonomy":"post_tag","embeddable":true,"href":"https:\/\/lasentinelle.dz\/index.php\/wp-json\/wp\/v2\/tags?post=80433"}],"curies":[{"name":"wp","href":"https:\/\/api.w.org\/{rel}","templated":true}]}}