{"id":80436,"date":"2026-02-01T12:57:24","date_gmt":"2026-02-01T11:57:24","guid":{"rendered":"https:\/\/lasentinelle.dz\/?p=80436"},"modified":"2026-02-01T12:57:26","modified_gmt":"2026-02-01T11:57:26","slug":"forum-arabo-indien-magramane-salue-la-profondeur-historique-des-relations-algero-indiennes","status":"publish","type":"post","link":"https:\/\/lasentinelle.dz\/index.php\/2026\/02\/01\/forum-arabo-indien-magramane-salue-la-profondeur-historique-des-relations-algero-indiennes\/","title":{"rendered":"Forum arabo-indien\u00a0:\u00a0Magramane salue la profondeur historique des relations alg\u00e9ro-indiennes\u00a0"},"content":{"rendered":"\n<p><strong>Le secr\u00e9taire g\u00e9n\u00e9ral du minist\u00e8re des Affaires \u00e9trang\u00e8res Loun<\/strong><strong>es Magramane a conduit la d\u00e9l\u00e9gation alg\u00e9rienne \u00e0 la deuxi\u00e8me session minist\u00e9rielle du Forum de coop\u00e9ration arabo-indien \u00e0 New Delhi, r\u00e9affirmant la volont\u00e9 de l&rsquo;Alg\u00e9rie de renforcer sa coop\u00e9ration avec l&rsquo;Inde, notamment dans le secteur pharmaceutique, et saluant le caract\u00e8re distinctif des relations bilat\u00e9rales fond\u00e9es sur un h\u00e9ritage historique commun de lutte anticoloniale et de non-alignement.<\/strong>&nbsp;Lounes Magramane, secr\u00e9taire g\u00e9n\u00e9ral du minist\u00e8re des Affaires \u00e9trang\u00e8res, a pr\u00e9sid\u00e9 la d\u00e9l\u00e9gation alg\u00e9rienne participant aux travaux de la deuxi\u00e8me session minist\u00e9rielle du Forum de coop\u00e9ration arabo-indien, qui s&rsquo;est tenue dans la capitale indienne New Delhi les 30 et 31 janvier 2026. Cette rencontre s&rsquo;inscrit dans la dynamique de consolidation des relations entre le monde arabe et l&rsquo;Inde, puissance \u00e9conomique \u00e9mergente et partenaire strat\u00e9gique de longue date pour l&rsquo;Alg\u00e9rie.&nbsp;Avant l&rsquo;ouverture des travaux du forum, le responsable alg\u00e9rien a \u00e9t\u00e9 re\u00e7u par le Premier ministre indien Narendra Modi, dans le cadre d&rsquo;une c\u00e9r\u00e9monie d&rsquo;accueil organis\u00e9e en l&rsquo;honneur des chefs de d\u00e9l\u00e9gations arabes participantes. \u00c0 cette occasion, Lounes Magramane a soulign\u00e9 \u00ab\u00a0la volont\u00e9 alg\u00e9rienne de renforcer la coop\u00e9ration avec l&rsquo;Inde, particuli\u00e8rement dans le secteur de l&rsquo;industrie pharmaceutique\u00a0\u00bb, insistant \u00e9galement sur la n\u00e9cessit\u00e9 de \u00ab\u00a0faciliter le transfert de l&rsquo;expertise et de la technologie indiennes\u00a0\u00bb vers l&rsquo;Alg\u00e9rie.&nbsp;&nbsp;Cette session minist\u00e9rielle a permis de dresser un \u00e9tat des lieux des relations arabo-indiennes et d&rsquo;examiner les questions d&rsquo;int\u00e9r\u00eat commun, dans la perspective d&rsquo;\u00e9lever ces relations \u00e0 des horizons plus larges. L&rsquo;objectif affich\u00e9 est d&rsquo;\u00e9laborer une vision strat\u00e9gique int\u00e9grant les dimensions \u00e9conomiques, politiques et culturelles dans un cadre de coop\u00e9ration globale et compl\u00e9mentaire entre deux ensembles g\u00e9opolitiques majeurs.<\/p>\n\n\n\n<p>Dans son intervention lors de la s\u00e9ance inaugurale du forum, le secr\u00e9taire g\u00e9n\u00e9ral&nbsp;du MAE&nbsp;a salu\u00e9 \u00ab\u00a0l&rsquo;\u00e9volution notable qu&rsquo;a connue le partenariat arabo-indien au cours des derni\u00e8res ann\u00e9es, tant en termes d&rsquo;intensit\u00e9 des rencontres politiques que de diversit\u00e9 des domaines de coop\u00e9ration\u00a0\u00bb. Il a \u00e9galement soulign\u00e9 \u00ab\u00a0l&rsquo;importance urgente d&rsquo;adopter une approche r\u00e9aliste et responsable dans l&rsquo;\u00e9valuation de ce qui a \u00e9t\u00e9 r\u00e9alis\u00e9 depuis le lancement du partenariat arabo-indien en 2008\u00a0\u00bb, appelant ainsi \u00e0 un bilan lucide et constructif de pr\u00e8s de deux d\u00e9cennies de coop\u00e9ration.<\/p>\n\n\n\n<p>Lounes Magramane a particuli\u00e8rement insist\u00e9 sur \u00ab\u00a0la n\u00e9cessit\u00e9 d&rsquo;accorder une importance accrue \u00e0 la dimension politique\u00a0\u00bb entre les parties arabe et indienne, plaidant pour un \u00ab\u00a0cadre r\u00e9gulier de consultation sur les questions r\u00e9gionales et internationales d&rsquo;int\u00e9r\u00eat commun\u00a0\u00bb. Il a plac\u00e9 en t\u00eate de ces pr\u00e9occupations partag\u00e9es \u00ab\u00a0la question palestinienne, qui demeure fondamentale pour l&rsquo;Alg\u00e9rie\u00a0\u00bb, ainsi que les enjeux de s\u00e9curit\u00e9 r\u00e9gionale, de lutte contre le terrorisme, l&rsquo;extr\u00e9misme violent et les discours de haine.&nbsp;Le diplomate alg\u00e9rien a saisi l&rsquo;occasion de cette rencontre pour mettre en avant \u00ab\u00a0la sp\u00e9cificit\u00e9 distingu\u00e9e des relations alg\u00e9ro-indiennes, compte tenu de leur profondeur historique et de la diversit\u00e9 de leurs dimensions\u00a0\u00bb. Cette singularit\u00e9 s&rsquo;est notamment manifest\u00e9e, a-t-il rappel\u00e9, dans \u00ab\u00a0le soutien de l&rsquo;Inde \u00e0 la lutte du peuple alg\u00e9rien contre le colonialisme\u00a0\u00bb et dans \u00ab\u00a0la convergence de leurs positions au sein du Mouvement des non-align\u00e9s et du Groupe des 77\u00a0\u00bb, deux forums historiques de d\u00e9fense \u00ab\u00a0de l&rsquo;ind\u00e9pendance des d\u00e9cisions nationales et du droit des peuples \u00e0 l&rsquo;autod\u00e9termination\u00a0\u00bb.&nbsp;Le secr\u00e9taire g\u00e9n\u00e9ral a \u00e9galement salu\u00e9 \u00ab\u00a0l&rsquo;impulsion qualitative que connaissent les relations alg\u00e9ro-indiennes dans de nombreux domaines\u00a0\u00bb, y voyant la concr\u00e9tisation de \u00ab\u00a0la volont\u00e9 qui anime le pr\u00e9sident de la R\u00e9publique Abdelmadjid Tebboune et son homologue indienne Droupadi Murmu\u00a0\u00bb. Il a particuli\u00e8rement soulign\u00e9 l&rsquo;importance de \u00ab\u00a0la visite conduite par cette derni\u00e8re en Alg\u00e9rie en octobre 2024\u00a0\u00bb, qui a constitu\u00e9 \u00ab\u00a0une nouvelle pierre dans le processus d&rsquo;intensification et de diversification du partenariat strat\u00e9gique bilat\u00e9ral liant les deux pays amis\u00a0\u00bb.&nbsp;Cette visite, premi\u00e8re du genre depuis des d\u00e9cennies, avait effectivement marqu\u00e9 un tournant dans les relations bilat\u00e9rales, ouvrant de nouvelles perspectives de coop\u00e9ration dans les domaines \u00e9conomique, technologique et politique. L&rsquo;intervention de Lounes Magramane \u00e0 New Delhi s&rsquo;inscrit dans cette dynamique de rapprochement acc\u00e9l\u00e9r\u00e9 entre Alger et New Delhi, deux capitales qui partagent une histoire commune de combat pour la souverainet\u00e9 et qui cherchent aujourd&rsquo;hui \u00e0 traduire cette proximit\u00e9 politique en partenariats \u00e9conomiques concrets et mutuellement b\u00e9n\u00e9fiques.<\/p>\n\n\n\n<p>Salim Amokrane<\/p>\n","protected":false},"excerpt":{"rendered":"<p>Le secr\u00e9taire g\u00e9n\u00e9ral du minist\u00e8re des Affaires \u00e9trang\u00e8res Lounes Magramane a conduit la d\u00e9l\u00e9gation alg\u00e9rienne \u00e0 la deuxi\u00e8me session minist\u00e9rielle<\/p>\n","protected":false},"author":6,"featured_media":80437,"comment_status":"open","ping_status":"closed","sticky":false,"template":"","format":"standard","meta":{"colormag_page_container_layout":"default_layout","colormag_page_sidebar_layout":"default_layout","om_disable_all_campaigns":false,"_monsterinsights_skip_tracking":false,"_monsterinsights_sitenote_active":false,"_monsterinsights_sitenote_note":"","_monsterinsights_sitenote_category":0,"footnotes":"","_wpscppro_dont_share_socialmedia":false,"_wpscppro_custom_social_share_image":0,"_facebook_share_type":"default","_twitter_share_type":"default","_linkedin_share_type":"default","_pinterest_share_type":"default","_linkedin_share_type_page":"","_instagram_share_type":"default","_medium_share_type":"default","_threads_share_type":"default","_google_business_share_type":"default","_selected_social_profile":[],"_wpsp_enable_custom_social_template":false,"_wpsp_social_scheduling":{"enabled":false,"datetime":null,"platforms":[],"status":"template_only","dateOption":"today","timeOption":"now","customDays":"","customHours":"","customDate":"","customTime":"","schedulingType":"absolute"},"_wpsp_active_default_template":true},"categories":[27],"tags":[],"class_list":["post-80436","post","type-post","status-publish","format-standard","has-post-thumbnail","hentry","category-actualite"],"aioseo_notices":[],"yoast_head":"<!-- This site is optimized with the Yoast SEO plugin v27.5 - https:\/\/yoast.com\/product\/yoast-seo-wordpress\/ -->\n<title>Forum arabo-indien\u00a0:\u00a0Magramane salue la profondeur historique des relations alg\u00e9ro-indiennes\u00a0 - La Sentinelle<\/title>\n<meta name=\"robots\" content=\"index, follow, max-snippet:-1, max-image-preview:large, max-video-preview:-1\" \/>\n<link rel=\"canonical\" href=\"https:\/\/lasentinelle.dz\/index.php\/2026\/02\/01\/forum-arabo-indien-magramane-salue-la-profondeur-historique-des-relations-algero-indiennes\/\" \/>\n<meta property=\"og:locale\" content=\"fr_FR\" \/>\n<meta property=\"og:type\" content=\"article\" \/>\n<meta property=\"og:title\" content=\"Forum arabo-indien\u00a0:\u00a0Magramane salue la profondeur historique des relations alg\u00e9ro-indiennes\u00a0 - La Sentinelle\" \/>\n<meta property=\"og:description\" content=\"Le secr\u00e9taire g\u00e9n\u00e9ral du minist\u00e8re des Affaires \u00e9trang\u00e8res Lounes Magramane a conduit la d\u00e9l\u00e9gation alg\u00e9rienne \u00e0 la deuxi\u00e8me session minist\u00e9rielle\" \/>\n<meta property=\"og:url\" content=\"https:\/\/lasentinelle.dz\/index.php\/2026\/02\/01\/forum-arabo-indien-magramane-salue-la-profondeur-historique-des-relations-algero-indiennes\/\" \/>\n<meta property=\"og:site_name\" content=\"La Sentinelle\" \/>\n<meta property=\"article:publisher\" content=\"https:\/\/www.facebook.com\/La-Sentinelle-104059864394773\" \/>\n<meta property=\"article:published_time\" content=\"2026-02-01T11:57:24+00:00\" \/>\n<meta property=\"article:modified_time\" content=\"2026-02-01T11:57:26+00:00\" \/>\n<meta property=\"og:image\" content=\"https:\/\/lasentinelle.dz\/wp-content\/uploads\/2026\/02\/magramane.webp\" \/>\n\t<meta property=\"og:image:width\" content=\"900\" \/>\n\t<meta property=\"og:image:height\" content=\"675\" \/>\n\t<meta property=\"og:image:type\" content=\"image\/webp\" \/>\n<meta name=\"author\" content=\"admin\" \/>\n<meta name=\"twitter:card\" content=\"summary_large_image\" \/>\n<meta name=\"twitter:label1\" content=\"\u00c9crit par\" \/>\n\t<meta name=\"twitter:data1\" content=\"admin\" \/>\n\t<meta name=\"twitter:label2\" content=\"Dur\u00e9e de lecture estim\u00e9e\" \/>\n\t<meta name=\"twitter:data2\" content=\"4 minutes\" \/>\n<script type=\"application\/ld+json\" class=\"yoast-schema-graph\">{\"@context\":\"https:\\\/\\\/schema.org\",\"@graph\":[{\"@type\":\"Article\",\"@id\":\"https:\\\/\\\/lasentinelle.dz\\\/index.php\\\/2026\\\/02\\\/01\\\/forum-arabo-indien-magramane-salue-la-profondeur-historique-des-relations-algero-indiennes\\\/#article\",\"isPartOf\":{\"@id\":\"https:\\\/\\\/lasentinelle.dz\\\/index.php\\\/2026\\\/02\\\/01\\\/forum-arabo-indien-magramane-salue-la-profondeur-historique-des-relations-algero-indiennes\\\/\"},\"author\":{\"name\":\"admin\",\"@id\":\"https:\\\/\\\/lasentinelle.dz\\\/#\\\/schema\\\/person\\\/729ee0024f24e0b8c5ec17232f8e8b41\"},\"headline\":\"Forum arabo-indien\u00a0:\u00a0Magramane salue la profondeur historique des relations alg\u00e9ro-indiennes\u00a0\",\"datePublished\":\"2026-02-01T11:57:24+00:00\",\"dateModified\":\"2026-02-01T11:57:26+00:00\",\"mainEntityOfPage\":{\"@id\":\"https:\\\/\\\/lasentinelle.dz\\\/index.php\\\/2026\\\/02\\\/01\\\/forum-arabo-indien-magramane-salue-la-profondeur-historique-des-relations-algero-indiennes\\\/\"},\"wordCount\":823,\"commentCount\":0,\"publisher\":{\"@id\":\"https:\\\/\\\/lasentinelle.dz\\\/#organization\"},\"image\":{\"@id\":\"https:\\\/\\\/lasentinelle.dz\\\/index.php\\\/2026\\\/02\\\/01\\\/forum-arabo-indien-magramane-salue-la-profondeur-historique-des-relations-algero-indiennes\\\/#primaryimage\"},\"thumbnailUrl\":\"https:\\\/\\\/lasentinelle.dz\\\/wp-content\\\/uploads\\\/2026\\\/02\\\/magramane.webp\",\"articleSection\":[\"Actualit\u00e9\"],\"inLanguage\":\"fr-FR\",\"potentialAction\":[{\"@type\":\"CommentAction\",\"name\":\"Comment\",\"target\":[\"https:\\\/\\\/lasentinelle.dz\\\/index.php\\\/2026\\\/02\\\/01\\\/forum-arabo-indien-magramane-salue-la-profondeur-historique-des-relations-algero-indiennes\\\/#respond\"]}]},{\"@type\":\"WebPage\",\"@id\":\"https:\\\/\\\/lasentinelle.dz\\\/index.php\\\/2026\\\/02\\\/01\\\/forum-arabo-indien-magramane-salue-la-profondeur-historique-des-relations-algero-indiennes\\\/\",\"url\":\"https:\\\/\\\/lasentinelle.dz\\\/index.php\\\/2026\\\/02\\\/01\\\/forum-arabo-indien-magramane-salue-la-profondeur-historique-des-relations-algero-indiennes\\\/\",\"name\":\"Forum arabo-indien\u00a0:\u00a0Magramane salue la profondeur historique des relations alg\u00e9ro-indiennes\u00a0 - La Sentinelle\",\"isPartOf\":{\"@id\":\"https:\\\/\\\/lasentinelle.dz\\\/#website\"},\"primaryImageOfPage\":{\"@id\":\"https:\\\/\\\/lasentinelle.dz\\\/index.php\\\/2026\\\/02\\\/01\\\/forum-arabo-indien-magramane-salue-la-profondeur-historique-des-relations-algero-indiennes\\\/#primaryimage\"},\"image\":{\"@id\":\"https:\\\/\\\/lasentinelle.dz\\\/index.php\\\/2026\\\/02\\\/01\\\/forum-arabo-indien-magramane-salue-la-profondeur-historique-des-relations-algero-indiennes\\\/#primaryimage\"},\"thumbnailUrl\":\"https:\\\/\\\/lasentinelle.dz\\\/wp-content\\\/uploads\\\/2026\\\/02\\\/magramane.webp\",\"datePublished\":\"2026-02-01T11:57:24+00:00\",\"dateModified\":\"2026-02-01T11:57:26+00:00\",\"breadcrumb\":{\"@id\":\"https:\\\/\\\/lasentinelle.dz\\\/index.php\\\/2026\\\/02\\\/01\\\/forum-arabo-indien-magramane-salue-la-profondeur-historique-des-relations-algero-indiennes\\\/#breadcrumb\"},\"inLanguage\":\"fr-FR\",\"potentialAction\":[{\"@type\":\"ReadAction\",\"target\":[\"https:\\\/\\\/lasentinelle.dz\\\/index.php\\\/2026\\\/02\\\/01\\\/forum-arabo-indien-magramane-salue-la-profondeur-historique-des-relations-algero-indiennes\\\/\"]}]},{\"@type\":\"ImageObject\",\"inLanguage\":\"fr-FR\",\"@id\":\"https:\\\/\\\/lasentinelle.dz\\\/index.php\\\/2026\\\/02\\\/01\\\/forum-arabo-indien-magramane-salue-la-profondeur-historique-des-relations-algero-indiennes\\\/#primaryimage\",\"url\":\"https:\\\/\\\/lasentinelle.dz\\\/wp-content\\\/uploads\\\/2026\\\/02\\\/magramane.webp\",\"contentUrl\":\"https:\\\/\\\/lasentinelle.dz\\\/wp-content\\\/uploads\\\/2026\\\/02\\\/magramane.webp\",\"width\":900,\"height\":675},{\"@type\":\"BreadcrumbList\",\"@id\":\"https:\\\/\\\/lasentinelle.dz\\\/index.php\\\/2026\\\/02\\\/01\\\/forum-arabo-indien-magramane-salue-la-profondeur-historique-des-relations-algero-indiennes\\\/#breadcrumb\",\"itemListElement\":[{\"@type\":\"ListItem\",\"position\":1,\"name\":\"Accueil\",\"item\":\"https:\\\/\\\/lasentinelle.dz\\\/\"},{\"@type\":\"ListItem\",\"position\":2,\"name\":\"Forum arabo-indien\u00a0:\u00a0Magramane salue la profondeur historique des relations alg\u00e9ro-indiennes\u00a0\"}]},{\"@type\":\"WebSite\",\"@id\":\"https:\\\/\\\/lasentinelle.dz\\\/#website\",\"url\":\"https:\\\/\\\/lasentinelle.dz\\\/\",\"name\":\"La Sentinelle\",\"description\":\"Quotidien national d&#039;information\",\"publisher\":{\"@id\":\"https:\\\/\\\/lasentinelle.dz\\\/#organization\"},\"potentialAction\":[{\"@type\":\"SearchAction\",\"target\":{\"@type\":\"EntryPoint\",\"urlTemplate\":\"https:\\\/\\\/lasentinelle.dz\\\/?s={search_term_string}\"},\"query-input\":{\"@type\":\"PropertyValueSpecification\",\"valueRequired\":true,\"valueName\":\"search_term_string\"}}],\"inLanguage\":\"fr-FR\"},{\"@type\":\"Organization\",\"@id\":\"https:\\\/\\\/lasentinelle.dz\\\/#organization\",\"name\":\"Quotidien La Sentinelle\",\"url\":\"https:\\\/\\\/lasentinelle.dz\\\/\",\"logo\":{\"@type\":\"ImageObject\",\"inLanguage\":\"fr-FR\",\"@id\":\"https:\\\/\\\/lasentinelle.dz\\\/#\\\/schema\\\/logo\\\/image\\\/\",\"url\":\"https:\\\/\\\/lasentinelle.dz\\\/wp-content\\\/uploads\\\/2021\\\/09\\\/logo-sentinelleSLOGAN-1.png\",\"contentUrl\":\"https:\\\/\\\/lasentinelle.dz\\\/wp-content\\\/uploads\\\/2021\\\/09\\\/logo-sentinelleSLOGAN-1.png\",\"width\":615,\"height\":142,\"caption\":\"Quotidien La Sentinelle\"},\"image\":{\"@id\":\"https:\\\/\\\/lasentinelle.dz\\\/#\\\/schema\\\/logo\\\/image\\\/\"},\"sameAs\":[\"https:\\\/\\\/www.facebook.com\\\/La-Sentinelle-104059864394773\"]},{\"@type\":\"Person\",\"@id\":\"https:\\\/\\\/lasentinelle.dz\\\/#\\\/schema\\\/person\\\/729ee0024f24e0b8c5ec17232f8e8b41\",\"name\":\"admin\",\"image\":{\"@type\":\"ImageObject\",\"inLanguage\":\"fr-FR\",\"@id\":\"https:\\\/\\\/secure.gravatar.com\\\/avatar\\\/4c81fed838786e9b53f540bf46533e750f5d292099ae3b66cfc6fb1982e29df7?s=96&d=mm&r=g\",\"url\":\"https:\\\/\\\/secure.gravatar.com\\\/avatar\\\/4c81fed838786e9b53f540bf46533e750f5d292099ae3b66cfc6fb1982e29df7?s=96&d=mm&r=g\",\"contentUrl\":\"https:\\\/\\\/secure.gravatar.com\\\/avatar\\\/4c81fed838786e9b53f540bf46533e750f5d292099ae3b66cfc6fb1982e29df7?s=96&d=mm&r=g\",\"caption\":\"admin\"},\"description\":\"admin\",\"url\":\"https:\\\/\\\/lasentinelle.dz\\\/author\\\/admin\\\/\"}]}<\/script>\n<!-- \/ Yoast SEO plugin. -->","yoast_head_json":{"title":"Forum arabo-indien\u00a0:\u00a0Magramane salue la profondeur historique des relations alg\u00e9ro-indiennes\u00a0 - La Sentinelle","robots":{"index":"index","follow":"follow","max-snippet":"max-snippet:-1","max-image-preview":"max-image-preview:large","max-video-preview":"max-video-preview:-1"},"canonical":"https:\/\/lasentinelle.dz\/index.php\/2026\/02\/01\/forum-arabo-indien-magramane-salue-la-profondeur-historique-des-relations-algero-indiennes\/","og_locale":"fr_FR","og_type":"article","og_title":"Forum arabo-indien\u00a0:\u00a0Magramane salue la profondeur historique des relations alg\u00e9ro-indiennes\u00a0 - La Sentinelle","og_description":"Le secr\u00e9taire g\u00e9n\u00e9ral du minist\u00e8re des Affaires \u00e9trang\u00e8res Lounes Magramane a conduit la d\u00e9l\u00e9gation alg\u00e9rienne \u00e0 la deuxi\u00e8me session minist\u00e9rielle","og_url":"https:\/\/lasentinelle.dz\/index.php\/2026\/02\/01\/forum-arabo-indien-magramane-salue-la-profondeur-historique-des-relations-algero-indiennes\/","og_site_name":"La Sentinelle","article_publisher":"https:\/\/www.facebook.com\/La-Sentinelle-104059864394773","article_published_time":"2026-02-01T11:57:24+00:00","article_modified_time":"2026-02-01T11:57:26+00:00","og_image":[{"width":900,"height":675,"url":"https:\/\/lasentinelle.dz\/wp-content\/uploads\/2026\/02\/magramane.webp","type":"image\/webp"}],"author":"admin","twitter_card":"summary_large_image","twitter_misc":{"\u00c9crit par":"admin","Dur\u00e9e de lecture estim\u00e9e":"4 minutes"},"schema":{"@context":"https:\/\/schema.org","@graph":[{"@type":"Article","@id":"https:\/\/lasentinelle.dz\/index.php\/2026\/02\/01\/forum-arabo-indien-magramane-salue-la-profondeur-historique-des-relations-algero-indiennes\/#article","isPartOf":{"@id":"https:\/\/lasentinelle.dz\/index.php\/2026\/02\/01\/forum-arabo-indien-magramane-salue-la-profondeur-historique-des-relations-algero-indiennes\/"},"author":{"name":"admin","@id":"https:\/\/lasentinelle.dz\/#\/schema\/person\/729ee0024f24e0b8c5ec17232f8e8b41"},"headline":"Forum arabo-indien\u00a0:\u00a0Magramane salue la profondeur historique des relations alg\u00e9ro-indiennes\u00a0","datePublished":"2026-02-01T11:57:24+00:00","dateModified":"2026-02-01T11:57:26+00:00","mainEntityOfPage":{"@id":"https:\/\/lasentinelle.dz\/index.php\/2026\/02\/01\/forum-arabo-indien-magramane-salue-la-profondeur-historique-des-relations-algero-indiennes\/"},"wordCount":823,"commentCount":0,"publisher":{"@id":"https:\/\/lasentinelle.dz\/#organization"},"image":{"@id":"https:\/\/lasentinelle.dz\/index.php\/2026\/02\/01\/forum-arabo-indien-magramane-salue-la-profondeur-historique-des-relations-algero-indiennes\/#primaryimage"},"thumbnailUrl":"https:\/\/lasentinelle.dz\/wp-content\/uploads\/2026\/02\/magramane.webp","articleSection":["Actualit\u00e9"],"inLanguage":"fr-FR","potentialAction":[{"@type":"CommentAction","name":"Comment","target":["https:\/\/lasentinelle.dz\/index.php\/2026\/02\/01\/forum-arabo-indien-magramane-salue-la-profondeur-historique-des-relations-algero-indiennes\/#respond"]}]},{"@type":"WebPage","@id":"https:\/\/lasentinelle.dz\/index.php\/2026\/02\/01\/forum-arabo-indien-magramane-salue-la-profondeur-historique-des-relations-algero-indiennes\/","url":"https:\/\/lasentinelle.dz\/index.php\/2026\/02\/01\/forum-arabo-indien-magramane-salue-la-profondeur-historique-des-relations-algero-indiennes\/","name":"Forum arabo-indien\u00a0:\u00a0Magramane salue la profondeur historique des relations alg\u00e9ro-indiennes\u00a0 - La Sentinelle","isPartOf":{"@id":"https:\/\/lasentinelle.dz\/#website"},"primaryImageOfPage":{"@id":"https:\/\/lasentinelle.dz\/index.php\/2026\/02\/01\/forum-arabo-indien-magramane-salue-la-profondeur-historique-des-relations-algero-indiennes\/#primaryimage"},"image":{"@id":"https:\/\/lasentinelle.dz\/index.php\/2026\/02\/01\/forum-arabo-indien-magramane-salue-la-profondeur-historique-des-relations-algero-indiennes\/#primaryimage"},"thumbnailUrl":"https:\/\/lasentinelle.dz\/wp-content\/uploads\/2026\/02\/magramane.webp","datePublished":"2026-02-01T11:57:24+00:00","dateModified":"2026-02-01T11:57:26+00:00","breadcrumb":{"@id":"https:\/\/lasentinelle.dz\/index.php\/2026\/02\/01\/forum-arabo-indien-magramane-salue-la-profondeur-historique-des-relations-algero-indiennes\/#breadcrumb"},"inLanguage":"fr-FR","potentialAction":[{"@type":"ReadAction","target":["https:\/\/lasentinelle.dz\/index.php\/2026\/02\/01\/forum-arabo-indien-magramane-salue-la-profondeur-historique-des-relations-algero-indiennes\/"]}]},{"@type":"ImageObject","inLanguage":"fr-FR","@id":"https:\/\/lasentinelle.dz\/index.php\/2026\/02\/01\/forum-arabo-indien-magramane-salue-la-profondeur-historique-des-relations-algero-indiennes\/#primaryimage","url":"https:\/\/lasentinelle.dz\/wp-content\/uploads\/2026\/02\/magramane.webp","contentUrl":"https:\/\/lasentinelle.dz\/wp-content\/uploads\/2026\/02\/magramane.webp","width":900,"height":675},{"@type":"BreadcrumbList","@id":"https:\/\/lasentinelle.dz\/index.php\/2026\/02\/01\/forum-arabo-indien-magramane-salue-la-profondeur-historique-des-relations-algero-indiennes\/#breadcrumb","itemListElement":[{"@type":"ListItem","position":1,"name":"Accueil","item":"https:\/\/lasentinelle.dz\/"},{"@type":"ListItem","position":2,"name":"Forum arabo-indien\u00a0:\u00a0Magramane salue la profondeur historique des relations alg\u00e9ro-indiennes\u00a0"}]},{"@type":"WebSite","@id":"https:\/\/lasentinelle.dz\/#website","url":"https:\/\/lasentinelle.dz\/","name":"La Sentinelle","description":"Quotidien national d&#039;information","publisher":{"@id":"https:\/\/lasentinelle.dz\/#organization"},"potentialAction":[{"@type":"SearchAction","target":{"@type":"EntryPoint","urlTemplate":"https:\/\/lasentinelle.dz\/?s={search_term_string}"},"query-input":{"@type":"PropertyValueSpecification","valueRequired":true,"valueName":"search_term_string"}}],"inLanguage":"fr-FR"},{"@type":"Organization","@id":"https:\/\/lasentinelle.dz\/#organization","name":"Quotidien La Sentinelle","url":"https:\/\/lasentinelle.dz\/","logo":{"@type":"ImageObject","inLanguage":"fr-FR","@id":"https:\/\/lasentinelle.dz\/#\/schema\/logo\/image\/","url":"https:\/\/lasentinelle.dz\/wp-content\/uploads\/2021\/09\/logo-sentinelleSLOGAN-1.png","contentUrl":"https:\/\/lasentinelle.dz\/wp-content\/uploads\/2021\/09\/logo-sentinelleSLOGAN-1.png","width":615,"height":142,"caption":"Quotidien La Sentinelle"},"image":{"@id":"https:\/\/lasentinelle.dz\/#\/schema\/logo\/image\/"},"sameAs":["https:\/\/www.facebook.com\/La-Sentinelle-104059864394773"]},{"@type":"Person","@id":"https:\/\/lasentinelle.dz\/#\/schema\/person\/729ee0024f24e0b8c5ec17232f8e8b41","name":"admin","image":{"@type":"ImageObject","inLanguage":"fr-FR","@id":"https:\/\/secure.gravatar.com\/avatar\/4c81fed838786e9b53f540bf46533e750f5d292099ae3b66cfc6fb1982e29df7?s=96&d=mm&r=g","url":"https:\/\/secure.gravatar.com\/avatar\/4c81fed838786e9b53f540bf46533e750f5d292099ae3b66cfc6fb1982e29df7?s=96&d=mm&r=g","contentUrl":"https:\/\/secure.gravatar.com\/avatar\/4c81fed838786e9b53f540bf46533e750f5d292099ae3b66cfc6fb1982e29df7?s=96&d=mm&r=g","caption":"admin"},"description":"admin","url":"https:\/\/lasentinelle.dz\/author\/admin\/"}]}},"_links":{"self":[{"href":"https:\/\/lasentinelle.dz\/index.php\/wp-json\/wp\/v2\/posts\/80436","targetHints":{"allow":["GET"]}}],"collection":[{"href":"https:\/\/lasentinelle.dz\/index.php\/wp-json\/wp\/v2\/posts"}],"about":[{"href":"https:\/\/lasentinelle.dz\/index.php\/wp-json\/wp\/v2\/types\/post"}],"author":[{"embeddable":true,"href":"https:\/\/lasentinelle.dz\/index.php\/wp-json\/wp\/v2\/users\/6"}],"replies":[{"embeddable":true,"href":"https:\/\/lasentinelle.dz\/index.php\/wp-json\/wp\/v2\/comments?post=80436"}],"version-history":[{"count":1,"href":"https:\/\/lasentinelle.dz\/index.php\/wp-json\/wp\/v2\/posts\/80436\/revisions"}],"predecessor-version":[{"id":80438,"href":"https:\/\/lasentinelle.dz\/index.php\/wp-json\/wp\/v2\/posts\/80436\/revisions\/80438"}],"wp:featuredmedia":[{"embeddable":true,"href":"https:\/\/lasentinelle.dz\/index.php\/wp-json\/wp\/v2\/media\/80437"}],"wp:attachment":[{"href":"https:\/\/lasentinelle.dz\/index.php\/wp-json\/wp\/v2\/media?parent=80436"}],"wp:term":[{"taxonomy":"category","embeddable":true,"href":"https:\/\/lasentinelle.dz\/index.php\/wp-json\/wp\/v2\/categories?post=80436"},{"taxonomy":"post_tag","embeddable":true,"href":"https:\/\/lasentinelle.dz\/index.php\/wp-json\/wp\/v2\/tags?post=80436"}],"curies":[{"name":"wp","href":"https:\/\/api.w.org\/{rel}","templated":true}]}}