{"id":8069,"date":"2021-09-17T15:15:57","date_gmt":"2021-09-17T14:15:57","guid":{"rendered":"https:\/\/lasentinelle.dz\/?p=8069"},"modified":"2021-09-17T15:15:58","modified_gmt":"2021-09-17T14:15:58","slug":"federation-algerienne-de-handball-stambouli-president-par-interim","status":"publish","type":"post","link":"https:\/\/lasentinelle.dz\/index.php\/2021\/09\/17\/federation-algerienne-de-handball-stambouli-president-par-interim\/","title":{"rendered":"F\u00e9d\u00e9ration alg\u00e9rienne de handball : Stambouli pr\u00e9sident par int\u00e9rim"},"content":{"rendered":"\n<p>Le vice-pr\u00e9sident de la F\u00e9d\u00e9ration alg\u00e9rienne de handball, Amrane Stambouli a \u00e9t\u00e9 d\u00e9sign\u00e9 pr\u00e9sident \u00ab\u00a0par int\u00e9rim\u00a0\u00bb, en replacement du pr\u00e9sident \u00e9lu Habib Labane, qui fait l&rsquo;objet d&rsquo;une suspension temporaire de la part du minist\u00e8re de la Jeunesse et des Sports. La d\u00e9cision a \u00e9t\u00e9 prise \u00e0 l&rsquo;issue de la r\u00e9union extraordinaire tenue par le Bureau ex\u00e9cutif de l&rsquo;instance, et par le biais de laquelle Stambouli aura pour mission de g\u00e9rer provisoirement les affaires courantes de FAHB. \u00ab&nbsp;Etaient pr\u00e9sents \u00e0 cette r\u00e9union extraordinaire, Amrane Stambouli, Brahim Bounadeur, Slim Ami Moussa, Hocine Recioui, Mohamed Guenoua, Othmane Hammouda et Mme Khadidja Ferraguena&nbsp;\u00bb, au moment o\u00f9 le huiti\u00e8me membre, \u00ab&nbsp;Zohir Negli a particip\u00e9 aux travaux par visioconf\u00e9rence&nbsp;\u00bb. Habib Labane a \u00e9t\u00e9 r\u00e9\u00e9lu \u00e0 la t\u00eate de FAHB pour le mandat olympique 2021-2024 lors de l&rsquo;Assembl\u00e9e g\u00e9n\u00e9rale \u00e9lective \u00ab&nbsp;bis&nbsp;\u00bb de l&rsquo;instance. Il avait r\u00e9colt\u00e9 50 voix contre seulement 44 pour son rival, Taher Allioui. Mais le 11 septembre courant, le MJS a interpell\u00e9 la FAHB, pour lui faire part de sa d\u00e9cision suspendre temporairement le pr\u00e9sident Labane ainsi que les membres de son bureau. Une situation qui a conduit \u00e0 la tenue de cette r\u00e9union extraordinaire, en application de l&rsquo;article 21 des statuts de la FAHB, pour permettre \u00e0 l&rsquo;instance de continuer \u00e0 fonctionner. D\u00e8s le 5 septembre courant, le ministre de la Jeunesse et des Sports, Abderezak Sebgag avait annonc\u00e9 \u00ab&nbsp;la suspension \u00e0 titre conservatoire&nbsp;\u00bb du pr\u00e9sident de la FAHB, en raison de manquements dans la gestion du mandat olympique pr\u00e9c\u00e9dant, soulignant au passage l&rsquo;existence de dix autres dossiers, concernant des f\u00e9d\u00e9rations sportives au niveau de \u00ab&nbsp;l&rsquo;instruction et de la justice&nbsp;\u00bb. \u00ab&nbsp;J&rsquo;ai transmis pour instruction un dossier contenant des manquements dans la gestion au sein de la FAHB et j&rsquo;ai ordonn\u00e9 la suspension \u00e0 titre conservatoire de son pr\u00e9sident, Habib Labane, directement concern\u00e9 par l&rsquo;affaire&nbsp;\u00bb, avait d\u00e9clar\u00e9 le MJS lors d&rsquo;une conf\u00e9rence de presse, tenue au centre de presse du complexe olympique Mohamed Boudiaf (Alger). En effet, les services du minist\u00e8re de la Jeunesse et des Sports se penchent minutieusement sur la situation de toutes les instances f\u00e9d\u00e9rales, en exigeant une situation de l&rsquo;ensemble des instances f\u00e9d\u00e9rales pour le mandat olympique 2017-2020.<\/p>\n\n\n\n<p><strong>R. S.<\/strong><\/p>\n","protected":false},"excerpt":{"rendered":"<p>Le vice-pr\u00e9sident de la F\u00e9d\u00e9ration alg\u00e9rienne de handball, Amrane Stambouli a \u00e9t\u00e9 d\u00e9sign\u00e9 pr\u00e9sident \u00ab\u00a0par int\u00e9rim\u00a0\u00bb, en replacement du pr\u00e9sident<\/p>\n","protected":false},"author":2,"featured_media":8077,"comment_status":"open","ping_status":"closed","sticky":false,"template":"","format":"standard","meta":{"colormag_page_container_layout":"default_layout","colormag_page_sidebar_layout":"default_layout","om_disable_all_campaigns":false,"_monsterinsights_skip_tracking":false,"_monsterinsights_sitenote_active":false,"_monsterinsights_sitenote_note":"","_monsterinsights_sitenote_category":0,"footnotes":"","_wpscppro_dont_share_socialmedia":false,"_wpscppro_custom_social_share_image":0,"_facebook_share_type":"","_twitter_share_type":"","_linkedin_share_type":"","_pinterest_share_type":"","_linkedin_share_type_page":"","_instagram_share_type":"","_medium_share_type":"","_threads_share_type":"","_google_business_share_type":"","_selected_social_profile":[],"_wpsp_enable_custom_social_template":false,"_wpsp_social_scheduling":{"enabled":false,"datetime":null,"platforms":[],"status":"template_only","dateOption":"today","timeOption":"now","customDays":"","customHours":"","customDate":"","customTime":"","schedulingType":"absolute"},"_wpsp_active_default_template":true},"categories":[33],"tags":[],"class_list":["post-8069","post","type-post","status-publish","format-standard","has-post-thumbnail","hentry","category-sports"],"aioseo_notices":[],"yoast_head":"<!-- This site is optimized with the Yoast SEO plugin v27.5 - https:\/\/yoast.com\/product\/yoast-seo-wordpress\/ -->\n<title>F\u00e9d\u00e9ration alg\u00e9rienne de handball : Stambouli pr\u00e9sident par int\u00e9rim - La Sentinelle<\/title>\n<meta name=\"robots\" content=\"index, follow, max-snippet:-1, max-image-preview:large, max-video-preview:-1\" \/>\n<link rel=\"canonical\" href=\"https:\/\/lasentinelle.dz\/index.php\/2021\/09\/17\/federation-algerienne-de-handball-stambouli-president-par-interim\/\" \/>\n<meta property=\"og:locale\" content=\"fr_FR\" \/>\n<meta property=\"og:type\" content=\"article\" \/>\n<meta property=\"og:title\" content=\"F\u00e9d\u00e9ration alg\u00e9rienne de handball : Stambouli pr\u00e9sident par int\u00e9rim - La Sentinelle\" \/>\n<meta property=\"og:description\" content=\"Le vice-pr\u00e9sident de la F\u00e9d\u00e9ration alg\u00e9rienne de handball, Amrane Stambouli a \u00e9t\u00e9 d\u00e9sign\u00e9 pr\u00e9sident \u00ab\u00a0par int\u00e9rim\u00a0\u00bb, en replacement du pr\u00e9sident\" \/>\n<meta property=\"og:url\" content=\"https:\/\/lasentinelle.dz\/index.php\/2021\/09\/17\/federation-algerienne-de-handball-stambouli-president-par-interim\/\" \/>\n<meta property=\"og:site_name\" content=\"La Sentinelle\" \/>\n<meta property=\"article:publisher\" content=\"https:\/\/www.facebook.com\/La-Sentinelle-104059864394773\" \/>\n<meta property=\"article:published_time\" content=\"2021-09-17T14:15:57+00:00\" \/>\n<meta property=\"article:modified_time\" content=\"2021-09-17T14:15:58+00:00\" \/>\n<meta property=\"og:image\" content=\"https:\/\/lasentinelle.dz\/wp-content\/uploads\/2021\/09\/image_2021-09-17_151549.png\" \/>\n\t<meta property=\"og:image:width\" content=\"696\" \/>\n\t<meta property=\"og:image:height\" content=\"456\" \/>\n\t<meta property=\"og:image:type\" content=\"image\/png\" \/>\n<meta name=\"author\" content=\"Azzedine Belferag\" \/>\n<meta name=\"twitter:card\" content=\"summary_large_image\" \/>\n<meta name=\"twitter:label1\" content=\"\u00c9crit par\" \/>\n\t<meta name=\"twitter:data1\" content=\"Azzedine Belferag\" \/>\n\t<meta name=\"twitter:label2\" content=\"Dur\u00e9e de lecture estim\u00e9e\" \/>\n\t<meta name=\"twitter:data2\" content=\"2 minutes\" \/>\n<script type=\"application\/ld+json\" class=\"yoast-schema-graph\">{\"@context\":\"https:\\\/\\\/schema.org\",\"@graph\":[{\"@type\":\"Article\",\"@id\":\"https:\\\/\\\/lasentinelle.dz\\\/index.php\\\/2021\\\/09\\\/17\\\/federation-algerienne-de-handball-stambouli-president-par-interim\\\/#article\",\"isPartOf\":{\"@id\":\"https:\\\/\\\/lasentinelle.dz\\\/index.php\\\/2021\\\/09\\\/17\\\/federation-algerienne-de-handball-stambouli-president-par-interim\\\/\"},\"author\":{\"name\":\"Azzedine Belferag\",\"@id\":\"https:\\\/\\\/lasentinelle.dz\\\/#\\\/schema\\\/person\\\/e22c868643946ece5f328ac9d185b29f\"},\"headline\":\"F\u00e9d\u00e9ration alg\u00e9rienne de handball : Stambouli pr\u00e9sident par int\u00e9rim\",\"datePublished\":\"2021-09-17T14:15:57+00:00\",\"dateModified\":\"2021-09-17T14:15:58+00:00\",\"mainEntityOfPage\":{\"@id\":\"https:\\\/\\\/lasentinelle.dz\\\/index.php\\\/2021\\\/09\\\/17\\\/federation-algerienne-de-handball-stambouli-president-par-interim\\\/\"},\"wordCount\":427,\"commentCount\":0,\"publisher\":{\"@id\":\"https:\\\/\\\/lasentinelle.dz\\\/#organization\"},\"image\":{\"@id\":\"https:\\\/\\\/lasentinelle.dz\\\/index.php\\\/2021\\\/09\\\/17\\\/federation-algerienne-de-handball-stambouli-president-par-interim\\\/#primaryimage\"},\"thumbnailUrl\":\"https:\\\/\\\/lasentinelle.dz\\\/wp-content\\\/uploads\\\/2021\\\/09\\\/image_2021-09-17_151549.png\",\"articleSection\":[\"Sports\"],\"inLanguage\":\"fr-FR\",\"potentialAction\":[{\"@type\":\"CommentAction\",\"name\":\"Comment\",\"target\":[\"https:\\\/\\\/lasentinelle.dz\\\/index.php\\\/2021\\\/09\\\/17\\\/federation-algerienne-de-handball-stambouli-president-par-interim\\\/#respond\"]}]},{\"@type\":\"WebPage\",\"@id\":\"https:\\\/\\\/lasentinelle.dz\\\/index.php\\\/2021\\\/09\\\/17\\\/federation-algerienne-de-handball-stambouli-president-par-interim\\\/\",\"url\":\"https:\\\/\\\/lasentinelle.dz\\\/index.php\\\/2021\\\/09\\\/17\\\/federation-algerienne-de-handball-stambouli-president-par-interim\\\/\",\"name\":\"F\u00e9d\u00e9ration alg\u00e9rienne de handball : Stambouli pr\u00e9sident par int\u00e9rim - La Sentinelle\",\"isPartOf\":{\"@id\":\"https:\\\/\\\/lasentinelle.dz\\\/#website\"},\"primaryImageOfPage\":{\"@id\":\"https:\\\/\\\/lasentinelle.dz\\\/index.php\\\/2021\\\/09\\\/17\\\/federation-algerienne-de-handball-stambouli-president-par-interim\\\/#primaryimage\"},\"image\":{\"@id\":\"https:\\\/\\\/lasentinelle.dz\\\/index.php\\\/2021\\\/09\\\/17\\\/federation-algerienne-de-handball-stambouli-president-par-interim\\\/#primaryimage\"},\"thumbnailUrl\":\"https:\\\/\\\/lasentinelle.dz\\\/wp-content\\\/uploads\\\/2021\\\/09\\\/image_2021-09-17_151549.png\",\"datePublished\":\"2021-09-17T14:15:57+00:00\",\"dateModified\":\"2021-09-17T14:15:58+00:00\",\"breadcrumb\":{\"@id\":\"https:\\\/\\\/lasentinelle.dz\\\/index.php\\\/2021\\\/09\\\/17\\\/federation-algerienne-de-handball-stambouli-president-par-interim\\\/#breadcrumb\"},\"inLanguage\":\"fr-FR\",\"potentialAction\":[{\"@type\":\"ReadAction\",\"target\":[\"https:\\\/\\\/lasentinelle.dz\\\/index.php\\\/2021\\\/09\\\/17\\\/federation-algerienne-de-handball-stambouli-president-par-interim\\\/\"]}]},{\"@type\":\"ImageObject\",\"inLanguage\":\"fr-FR\",\"@id\":\"https:\\\/\\\/lasentinelle.dz\\\/index.php\\\/2021\\\/09\\\/17\\\/federation-algerienne-de-handball-stambouli-president-par-interim\\\/#primaryimage\",\"url\":\"https:\\\/\\\/lasentinelle.dz\\\/wp-content\\\/uploads\\\/2021\\\/09\\\/image_2021-09-17_151549.png\",\"contentUrl\":\"https:\\\/\\\/lasentinelle.dz\\\/wp-content\\\/uploads\\\/2021\\\/09\\\/image_2021-09-17_151549.png\",\"width\":696,\"height\":456},{\"@type\":\"BreadcrumbList\",\"@id\":\"https:\\\/\\\/lasentinelle.dz\\\/index.php\\\/2021\\\/09\\\/17\\\/federation-algerienne-de-handball-stambouli-president-par-interim\\\/#breadcrumb\",\"itemListElement\":[{\"@type\":\"ListItem\",\"position\":1,\"name\":\"Accueil\",\"item\":\"https:\\\/\\\/lasentinelle.dz\\\/\"},{\"@type\":\"ListItem\",\"position\":2,\"name\":\"F\u00e9d\u00e9ration alg\u00e9rienne de handball : Stambouli pr\u00e9sident par int\u00e9rim\"}]},{\"@type\":\"WebSite\",\"@id\":\"https:\\\/\\\/lasentinelle.dz\\\/#website\",\"url\":\"https:\\\/\\\/lasentinelle.dz\\\/\",\"name\":\"La Sentinelle\",\"description\":\"Quotidien national d&#039;information\",\"publisher\":{\"@id\":\"https:\\\/\\\/lasentinelle.dz\\\/#organization\"},\"potentialAction\":[{\"@type\":\"SearchAction\",\"target\":{\"@type\":\"EntryPoint\",\"urlTemplate\":\"https:\\\/\\\/lasentinelle.dz\\\/?s={search_term_string}\"},\"query-input\":{\"@type\":\"PropertyValueSpecification\",\"valueRequired\":true,\"valueName\":\"search_term_string\"}}],\"inLanguage\":\"fr-FR\"},{\"@type\":\"Organization\",\"@id\":\"https:\\\/\\\/lasentinelle.dz\\\/#organization\",\"name\":\"Quotidien La Sentinelle\",\"url\":\"https:\\\/\\\/lasentinelle.dz\\\/\",\"logo\":{\"@type\":\"ImageObject\",\"inLanguage\":\"fr-FR\",\"@id\":\"https:\\\/\\\/lasentinelle.dz\\\/#\\\/schema\\\/logo\\\/image\\\/\",\"url\":\"https:\\\/\\\/lasentinelle.dz\\\/wp-content\\\/uploads\\\/2021\\\/09\\\/logo-sentinelleSLOGAN-1.png\",\"contentUrl\":\"https:\\\/\\\/lasentinelle.dz\\\/wp-content\\\/uploads\\\/2021\\\/09\\\/logo-sentinelleSLOGAN-1.png\",\"width\":615,\"height\":142,\"caption\":\"Quotidien La Sentinelle\"},\"image\":{\"@id\":\"https:\\\/\\\/lasentinelle.dz\\\/#\\\/schema\\\/logo\\\/image\\\/\"},\"sameAs\":[\"https:\\\/\\\/www.facebook.com\\\/La-Sentinelle-104059864394773\"]},{\"@type\":\"Person\",\"@id\":\"https:\\\/\\\/lasentinelle.dz\\\/#\\\/schema\\\/person\\\/e22c868643946ece5f328ac9d185b29f\",\"name\":\"Azzedine Belferag\",\"image\":{\"@type\":\"ImageObject\",\"inLanguage\":\"fr-FR\",\"@id\":\"https:\\\/\\\/secure.gravatar.com\\\/avatar\\\/767ecc3bfcf23cd6d0dae1705f124feb13a88fded1daa56498e4fb3aa3fc36a1?s=96&d=mm&r=g\",\"url\":\"https:\\\/\\\/secure.gravatar.com\\\/avatar\\\/767ecc3bfcf23cd6d0dae1705f124feb13a88fded1daa56498e4fb3aa3fc36a1?s=96&d=mm&r=g\",\"contentUrl\":\"https:\\\/\\\/secure.gravatar.com\\\/avatar\\\/767ecc3bfcf23cd6d0dae1705f124feb13a88fded1daa56498e4fb3aa3fc36a1?s=96&d=mm&r=g\",\"caption\":\"Azzedine Belferag\"},\"sameAs\":[\"http:\\\/\\\/www.lasentinelle.dz\"],\"url\":\"https:\\\/\\\/lasentinelle.dz\\\/author\\\/belferag\\\/\"}]}<\/script>\n<!-- \/ Yoast SEO plugin. -->","yoast_head_json":{"title":"F\u00e9d\u00e9ration alg\u00e9rienne de handball : Stambouli pr\u00e9sident par int\u00e9rim - La Sentinelle","robots":{"index":"index","follow":"follow","max-snippet":"max-snippet:-1","max-image-preview":"max-image-preview:large","max-video-preview":"max-video-preview:-1"},"canonical":"https:\/\/lasentinelle.dz\/index.php\/2021\/09\/17\/federation-algerienne-de-handball-stambouli-president-par-interim\/","og_locale":"fr_FR","og_type":"article","og_title":"F\u00e9d\u00e9ration alg\u00e9rienne de handball : Stambouli pr\u00e9sident par int\u00e9rim - La Sentinelle","og_description":"Le vice-pr\u00e9sident de la F\u00e9d\u00e9ration alg\u00e9rienne de handball, Amrane Stambouli a \u00e9t\u00e9 d\u00e9sign\u00e9 pr\u00e9sident \u00ab\u00a0par int\u00e9rim\u00a0\u00bb, en replacement du pr\u00e9sident","og_url":"https:\/\/lasentinelle.dz\/index.php\/2021\/09\/17\/federation-algerienne-de-handball-stambouli-president-par-interim\/","og_site_name":"La Sentinelle","article_publisher":"https:\/\/www.facebook.com\/La-Sentinelle-104059864394773","article_published_time":"2021-09-17T14:15:57+00:00","article_modified_time":"2021-09-17T14:15:58+00:00","og_image":[{"width":696,"height":456,"url":"https:\/\/lasentinelle.dz\/wp-content\/uploads\/2021\/09\/image_2021-09-17_151549.png","type":"image\/png"}],"author":"Azzedine Belferag","twitter_card":"summary_large_image","twitter_misc":{"\u00c9crit par":"Azzedine Belferag","Dur\u00e9e de lecture estim\u00e9e":"2 minutes"},"schema":{"@context":"https:\/\/schema.org","@graph":[{"@type":"Article","@id":"https:\/\/lasentinelle.dz\/index.php\/2021\/09\/17\/federation-algerienne-de-handball-stambouli-president-par-interim\/#article","isPartOf":{"@id":"https:\/\/lasentinelle.dz\/index.php\/2021\/09\/17\/federation-algerienne-de-handball-stambouli-president-par-interim\/"},"author":{"name":"Azzedine Belferag","@id":"https:\/\/lasentinelle.dz\/#\/schema\/person\/e22c868643946ece5f328ac9d185b29f"},"headline":"F\u00e9d\u00e9ration alg\u00e9rienne de handball : Stambouli pr\u00e9sident par int\u00e9rim","datePublished":"2021-09-17T14:15:57+00:00","dateModified":"2021-09-17T14:15:58+00:00","mainEntityOfPage":{"@id":"https:\/\/lasentinelle.dz\/index.php\/2021\/09\/17\/federation-algerienne-de-handball-stambouli-president-par-interim\/"},"wordCount":427,"commentCount":0,"publisher":{"@id":"https:\/\/lasentinelle.dz\/#organization"},"image":{"@id":"https:\/\/lasentinelle.dz\/index.php\/2021\/09\/17\/federation-algerienne-de-handball-stambouli-president-par-interim\/#primaryimage"},"thumbnailUrl":"https:\/\/lasentinelle.dz\/wp-content\/uploads\/2021\/09\/image_2021-09-17_151549.png","articleSection":["Sports"],"inLanguage":"fr-FR","potentialAction":[{"@type":"CommentAction","name":"Comment","target":["https:\/\/lasentinelle.dz\/index.php\/2021\/09\/17\/federation-algerienne-de-handball-stambouli-president-par-interim\/#respond"]}]},{"@type":"WebPage","@id":"https:\/\/lasentinelle.dz\/index.php\/2021\/09\/17\/federation-algerienne-de-handball-stambouli-president-par-interim\/","url":"https:\/\/lasentinelle.dz\/index.php\/2021\/09\/17\/federation-algerienne-de-handball-stambouli-president-par-interim\/","name":"F\u00e9d\u00e9ration alg\u00e9rienne de handball : Stambouli pr\u00e9sident par int\u00e9rim - La Sentinelle","isPartOf":{"@id":"https:\/\/lasentinelle.dz\/#website"},"primaryImageOfPage":{"@id":"https:\/\/lasentinelle.dz\/index.php\/2021\/09\/17\/federation-algerienne-de-handball-stambouli-president-par-interim\/#primaryimage"},"image":{"@id":"https:\/\/lasentinelle.dz\/index.php\/2021\/09\/17\/federation-algerienne-de-handball-stambouli-president-par-interim\/#primaryimage"},"thumbnailUrl":"https:\/\/lasentinelle.dz\/wp-content\/uploads\/2021\/09\/image_2021-09-17_151549.png","datePublished":"2021-09-17T14:15:57+00:00","dateModified":"2021-09-17T14:15:58+00:00","breadcrumb":{"@id":"https:\/\/lasentinelle.dz\/index.php\/2021\/09\/17\/federation-algerienne-de-handball-stambouli-president-par-interim\/#breadcrumb"},"inLanguage":"fr-FR","potentialAction":[{"@type":"ReadAction","target":["https:\/\/lasentinelle.dz\/index.php\/2021\/09\/17\/federation-algerienne-de-handball-stambouli-president-par-interim\/"]}]},{"@type":"ImageObject","inLanguage":"fr-FR","@id":"https:\/\/lasentinelle.dz\/index.php\/2021\/09\/17\/federation-algerienne-de-handball-stambouli-president-par-interim\/#primaryimage","url":"https:\/\/lasentinelle.dz\/wp-content\/uploads\/2021\/09\/image_2021-09-17_151549.png","contentUrl":"https:\/\/lasentinelle.dz\/wp-content\/uploads\/2021\/09\/image_2021-09-17_151549.png","width":696,"height":456},{"@type":"BreadcrumbList","@id":"https:\/\/lasentinelle.dz\/index.php\/2021\/09\/17\/federation-algerienne-de-handball-stambouli-president-par-interim\/#breadcrumb","itemListElement":[{"@type":"ListItem","position":1,"name":"Accueil","item":"https:\/\/lasentinelle.dz\/"},{"@type":"ListItem","position":2,"name":"F\u00e9d\u00e9ration alg\u00e9rienne de handball : Stambouli pr\u00e9sident par int\u00e9rim"}]},{"@type":"WebSite","@id":"https:\/\/lasentinelle.dz\/#website","url":"https:\/\/lasentinelle.dz\/","name":"La Sentinelle","description":"Quotidien national d&#039;information","publisher":{"@id":"https:\/\/lasentinelle.dz\/#organization"},"potentialAction":[{"@type":"SearchAction","target":{"@type":"EntryPoint","urlTemplate":"https:\/\/lasentinelle.dz\/?s={search_term_string}"},"query-input":{"@type":"PropertyValueSpecification","valueRequired":true,"valueName":"search_term_string"}}],"inLanguage":"fr-FR"},{"@type":"Organization","@id":"https:\/\/lasentinelle.dz\/#organization","name":"Quotidien La Sentinelle","url":"https:\/\/lasentinelle.dz\/","logo":{"@type":"ImageObject","inLanguage":"fr-FR","@id":"https:\/\/lasentinelle.dz\/#\/schema\/logo\/image\/","url":"https:\/\/lasentinelle.dz\/wp-content\/uploads\/2021\/09\/logo-sentinelleSLOGAN-1.png","contentUrl":"https:\/\/lasentinelle.dz\/wp-content\/uploads\/2021\/09\/logo-sentinelleSLOGAN-1.png","width":615,"height":142,"caption":"Quotidien La Sentinelle"},"image":{"@id":"https:\/\/lasentinelle.dz\/#\/schema\/logo\/image\/"},"sameAs":["https:\/\/www.facebook.com\/La-Sentinelle-104059864394773"]},{"@type":"Person","@id":"https:\/\/lasentinelle.dz\/#\/schema\/person\/e22c868643946ece5f328ac9d185b29f","name":"Azzedine Belferag","image":{"@type":"ImageObject","inLanguage":"fr-FR","@id":"https:\/\/secure.gravatar.com\/avatar\/767ecc3bfcf23cd6d0dae1705f124feb13a88fded1daa56498e4fb3aa3fc36a1?s=96&d=mm&r=g","url":"https:\/\/secure.gravatar.com\/avatar\/767ecc3bfcf23cd6d0dae1705f124feb13a88fded1daa56498e4fb3aa3fc36a1?s=96&d=mm&r=g","contentUrl":"https:\/\/secure.gravatar.com\/avatar\/767ecc3bfcf23cd6d0dae1705f124feb13a88fded1daa56498e4fb3aa3fc36a1?s=96&d=mm&r=g","caption":"Azzedine Belferag"},"sameAs":["http:\/\/www.lasentinelle.dz"],"url":"https:\/\/lasentinelle.dz\/author\/belferag\/"}]}},"_links":{"self":[{"href":"https:\/\/lasentinelle.dz\/index.php\/wp-json\/wp\/v2\/posts\/8069","targetHints":{"allow":["GET"]}}],"collection":[{"href":"https:\/\/lasentinelle.dz\/index.php\/wp-json\/wp\/v2\/posts"}],"about":[{"href":"https:\/\/lasentinelle.dz\/index.php\/wp-json\/wp\/v2\/types\/post"}],"author":[{"embeddable":true,"href":"https:\/\/lasentinelle.dz\/index.php\/wp-json\/wp\/v2\/users\/2"}],"replies":[{"embeddable":true,"href":"https:\/\/lasentinelle.dz\/index.php\/wp-json\/wp\/v2\/comments?post=8069"}],"version-history":[{"count":1,"href":"https:\/\/lasentinelle.dz\/index.php\/wp-json\/wp\/v2\/posts\/8069\/revisions"}],"predecessor-version":[{"id":8078,"href":"https:\/\/lasentinelle.dz\/index.php\/wp-json\/wp\/v2\/posts\/8069\/revisions\/8078"}],"wp:featuredmedia":[{"embeddable":true,"href":"https:\/\/lasentinelle.dz\/index.php\/wp-json\/wp\/v2\/media\/8077"}],"wp:attachment":[{"href":"https:\/\/lasentinelle.dz\/index.php\/wp-json\/wp\/v2\/media?parent=8069"}],"wp:term":[{"taxonomy":"category","embeddable":true,"href":"https:\/\/lasentinelle.dz\/index.php\/wp-json\/wp\/v2\/categories?post=8069"},{"taxonomy":"post_tag","embeddable":true,"href":"https:\/\/lasentinelle.dz\/index.php\/wp-json\/wp\/v2\/tags?post=8069"}],"curies":[{"name":"wp","href":"https:\/\/api.w.org\/{rel}","templated":true}]}}