{"id":8079,"date":"2021-09-18T00:01:00","date_gmt":"2021-09-17T23:01:00","guid":{"rendered":"https:\/\/lasentinelle.dz\/?p=8079"},"modified":"2021-09-17T15:18:58","modified_gmt":"2021-09-17T14:18:58","slug":"conditionne-par-un-pass-sanitaire-feu-vert-pour-le-retour-du-public","status":"publish","type":"post","link":"https:\/\/lasentinelle.dz\/index.php\/2021\/09\/18\/conditionne-par-un-pass-sanitaire-feu-vert-pour-le-retour-du-public\/","title":{"rendered":"Conditionn\u00e9 par un pass sanitaire : Feu vert pour le retour du public"},"content":{"rendered":"\n<p>Les supporters peuvent tirer un grand ouf de soulagement. Ils retrouveront, d\u00e9sormais, l\u2019ambiance des gradins d\u00e8s la saison prochaine, mais non sans conditions.<\/p>\n\n\n\n<p>Le minist\u00e8re de la Jeunesse et des sports (MJS) a annonc\u00e9 jeudi le retour du public aux stades et salles de sport, sur pr\u00e9sentation du pass sanitaire, en vue de la nouvelle saison sportive 2021-2022. \u00ab&nbsp;En rappel de la d\u00e9cision du Premier ministre du 13 septembre, relative \u00e0 l&rsquo;all\u00e8gement du protocole sanitaire et dans le cadre de la reprise des activit\u00e9s sportives et de jeunesse, il a \u00e9t\u00e9 d\u00e9cid\u00e9 la r\u00e9ouverture des infrastructures sportives, publiques et priv\u00e9es, ainsi que la reprise des activit\u00e9s et comp\u00e9titions dans toutes les disciplines, sous condition du strict respect du protocole sanitaire tel que pr\u00e9conis\u00e9 par les autorit\u00e9s publiques pour faire face \u00e0 la propagation de la pand\u00e9mie du Coronavirus&nbsp;\u00bb, indique un communiqu\u00e9 du MJS. L&rsquo;acc\u00e8s aux stades et salles de sport est ouvert au public \u00e0 condition de la pr\u00e9sentation d&rsquo;un pass sanitaire confirmant la prise du vaccin, a pr\u00e9cis\u00e9 le communiqu\u00e9 du MJS. Le 5 septembre courant, la tutelle avait d\u00e9cid\u00e9, rappelle-t-on, la r\u00e9ouverture des infrastructures sportives et la reprise des activit\u00e9s comp\u00e9titions dans toutes disciplines \u00e0 partir du lundi 6 septembre 2021. \u00ab&nbsp;Dans le cadre de la reprise des activit\u00e9s sportives en pr\u00e9vision des comp\u00e9titions sportives importantes, dont les Jeux m\u00e9dit\u00e9rrran\u00e9ens-2022 \u00e0 Oran, afin de permettre aux diff\u00e9rentes s\u00e9lections nationales de se pr\u00e9parer dans les meilleures conditions au d\u00e9marrage des diff\u00e9rents championnats nationaux&nbsp;\u00bb avait alors soulign\u00e9 le MJS dans son communiqu\u00e9. Le communiqu\u00e9 de la tutelle avait, en outre, soulign\u00e9 \u00ab&nbsp;que la r\u00e9ouverture des infrastructures sportives et la reprise des comp\u00e9titions \u00e0 partir du 6 septembre est subordonn\u00e9e \u00e0 la pr\u00e9sentation du pass-sanitaire qui confirme la vaccination de tous les gestionnaires de ces infrastructures et le respect total du protocole sanitaire tel que pr\u00e9conis\u00e9 par les autorit\u00e9s publiques pour faire face \u00e0 la propagation de la pand\u00e9mie du Coronavirus&nbsp;\u00bb. Malgr\u00e9 ce feu, les deux rencontres de demain en Champions league, \u00e0 S\u00e9tif et au stade Omar-Hamadi de Bologhine se joueront sans la pr\u00e9sence du public.<\/p>\n\n\n\n<p><strong>R. S.<\/strong><\/p>\n","protected":false},"excerpt":{"rendered":"<p>Les supporters peuvent tirer un grand ouf de soulagement. Ils retrouveront, d\u00e9sormais, l\u2019ambiance des gradins d\u00e8s la saison prochaine, mais<\/p>\n","protected":false},"author":3,"featured_media":8083,"comment_status":"open","ping_status":"closed","sticky":false,"template":"","format":"standard","meta":{"colormag_page_container_layout":"default_layout","colormag_page_sidebar_layout":"default_layout","om_disable_all_campaigns":false,"_monsterinsights_skip_tracking":false,"_monsterinsights_sitenote_active":false,"_monsterinsights_sitenote_note":"","_monsterinsights_sitenote_category":0,"footnotes":"","_wpscppro_dont_share_socialmedia":false,"_wpscppro_custom_social_share_image":0,"_facebook_share_type":"","_twitter_share_type":"","_linkedin_share_type":"","_pinterest_share_type":"","_linkedin_share_type_page":"","_instagram_share_type":"","_medium_share_type":"","_threads_share_type":"","_google_business_share_type":"","_selected_social_profile":[],"_wpsp_enable_custom_social_template":false,"_wpsp_social_scheduling":{"enabled":false,"datetime":null,"platforms":[],"status":"template_only","dateOption":"today","timeOption":"now","customDays":"","customHours":"","customDate":"","customTime":"","schedulingType":"absolute"},"_wpsp_active_default_template":true},"categories":[33],"tags":[],"class_list":["post-8079","post","type-post","status-publish","format-standard","has-post-thumbnail","hentry","category-sports"],"aioseo_notices":[],"yoast_head":"<!-- This site is optimized with the Yoast SEO plugin v27.5 - https:\/\/yoast.com\/product\/yoast-seo-wordpress\/ -->\n<title>Conditionn\u00e9 par un pass sanitaire : Feu vert pour le retour du public - La Sentinelle<\/title>\n<meta name=\"robots\" content=\"index, follow, max-snippet:-1, max-image-preview:large, max-video-preview:-1\" \/>\n<link rel=\"canonical\" href=\"https:\/\/lasentinelle.dz\/index.php\/2021\/09\/18\/conditionne-par-un-pass-sanitaire-feu-vert-pour-le-retour-du-public\/\" \/>\n<meta property=\"og:locale\" content=\"fr_FR\" \/>\n<meta property=\"og:type\" content=\"article\" \/>\n<meta property=\"og:title\" content=\"Conditionn\u00e9 par un pass sanitaire : Feu vert pour le retour du public - La Sentinelle\" \/>\n<meta property=\"og:description\" content=\"Les supporters peuvent tirer un grand ouf de soulagement. Ils retrouveront, d\u00e9sormais, l\u2019ambiance des gradins d\u00e8s la saison prochaine, mais\" \/>\n<meta property=\"og:url\" content=\"https:\/\/lasentinelle.dz\/index.php\/2021\/09\/18\/conditionne-par-un-pass-sanitaire-feu-vert-pour-le-retour-du-public\/\" \/>\n<meta property=\"og:site_name\" content=\"La Sentinelle\" \/>\n<meta property=\"article:publisher\" content=\"https:\/\/www.facebook.com\/La-Sentinelle-104059864394773\" \/>\n<meta property=\"article:published_time\" content=\"2021-09-17T23:01:00+00:00\" \/>\n<meta property=\"og:image\" content=\"https:\/\/lasentinelle.dz\/wp-content\/uploads\/2021\/09\/supporters111-scaled.jpg\" \/>\n\t<meta property=\"og:image:width\" content=\"2560\" \/>\n\t<meta property=\"og:image:height\" content=\"1719\" \/>\n\t<meta property=\"og:image:type\" content=\"image\/jpeg\" \/>\n<meta name=\"author\" content=\"La Sentinelle\" \/>\n<meta name=\"twitter:card\" content=\"summary_large_image\" \/>\n<meta name=\"twitter:label1\" content=\"\u00c9crit par\" \/>\n\t<meta name=\"twitter:data1\" content=\"La Sentinelle\" \/>\n\t<meta name=\"twitter:label2\" content=\"Dur\u00e9e de lecture estim\u00e9e\" \/>\n\t<meta name=\"twitter:data2\" content=\"2 minutes\" \/>\n<script type=\"application\/ld+json\" class=\"yoast-schema-graph\">{\"@context\":\"https:\\\/\\\/schema.org\",\"@graph\":[{\"@type\":\"Article\",\"@id\":\"https:\\\/\\\/lasentinelle.dz\\\/index.php\\\/2021\\\/09\\\/18\\\/conditionne-par-un-pass-sanitaire-feu-vert-pour-le-retour-du-public\\\/#article\",\"isPartOf\":{\"@id\":\"https:\\\/\\\/lasentinelle.dz\\\/index.php\\\/2021\\\/09\\\/18\\\/conditionne-par-un-pass-sanitaire-feu-vert-pour-le-retour-du-public\\\/\"},\"author\":{\"name\":\"La Sentinelle\",\"@id\":\"https:\\\/\\\/lasentinelle.dz\\\/#\\\/schema\\\/person\\\/d865044e22e70a75174ce8bcad3acfb3\"},\"headline\":\"Conditionn\u00e9 par un pass sanitaire : Feu vert pour le retour du public\",\"datePublished\":\"2021-09-17T23:01:00+00:00\",\"mainEntityOfPage\":{\"@id\":\"https:\\\/\\\/lasentinelle.dz\\\/index.php\\\/2021\\\/09\\\/18\\\/conditionne-par-un-pass-sanitaire-feu-vert-pour-le-retour-du-public\\\/\"},\"wordCount\":398,\"commentCount\":0,\"publisher\":{\"@id\":\"https:\\\/\\\/lasentinelle.dz\\\/#organization\"},\"image\":{\"@id\":\"https:\\\/\\\/lasentinelle.dz\\\/index.php\\\/2021\\\/09\\\/18\\\/conditionne-par-un-pass-sanitaire-feu-vert-pour-le-retour-du-public\\\/#primaryimage\"},\"thumbnailUrl\":\"https:\\\/\\\/lasentinelle.dz\\\/wp-content\\\/uploads\\\/2021\\\/09\\\/supporters111-scaled.jpg\",\"articleSection\":[\"Sports\"],\"inLanguage\":\"fr-FR\",\"potentialAction\":[{\"@type\":\"CommentAction\",\"name\":\"Comment\",\"target\":[\"https:\\\/\\\/lasentinelle.dz\\\/index.php\\\/2021\\\/09\\\/18\\\/conditionne-par-un-pass-sanitaire-feu-vert-pour-le-retour-du-public\\\/#respond\"]}]},{\"@type\":\"WebPage\",\"@id\":\"https:\\\/\\\/lasentinelle.dz\\\/index.php\\\/2021\\\/09\\\/18\\\/conditionne-par-un-pass-sanitaire-feu-vert-pour-le-retour-du-public\\\/\",\"url\":\"https:\\\/\\\/lasentinelle.dz\\\/index.php\\\/2021\\\/09\\\/18\\\/conditionne-par-un-pass-sanitaire-feu-vert-pour-le-retour-du-public\\\/\",\"name\":\"Conditionn\u00e9 par un pass sanitaire : Feu vert pour le retour du public - La Sentinelle\",\"isPartOf\":{\"@id\":\"https:\\\/\\\/lasentinelle.dz\\\/#website\"},\"primaryImageOfPage\":{\"@id\":\"https:\\\/\\\/lasentinelle.dz\\\/index.php\\\/2021\\\/09\\\/18\\\/conditionne-par-un-pass-sanitaire-feu-vert-pour-le-retour-du-public\\\/#primaryimage\"},\"image\":{\"@id\":\"https:\\\/\\\/lasentinelle.dz\\\/index.php\\\/2021\\\/09\\\/18\\\/conditionne-par-un-pass-sanitaire-feu-vert-pour-le-retour-du-public\\\/#primaryimage\"},\"thumbnailUrl\":\"https:\\\/\\\/lasentinelle.dz\\\/wp-content\\\/uploads\\\/2021\\\/09\\\/supporters111-scaled.jpg\",\"datePublished\":\"2021-09-17T23:01:00+00:00\",\"breadcrumb\":{\"@id\":\"https:\\\/\\\/lasentinelle.dz\\\/index.php\\\/2021\\\/09\\\/18\\\/conditionne-par-un-pass-sanitaire-feu-vert-pour-le-retour-du-public\\\/#breadcrumb\"},\"inLanguage\":\"fr-FR\",\"potentialAction\":[{\"@type\":\"ReadAction\",\"target\":[\"https:\\\/\\\/lasentinelle.dz\\\/index.php\\\/2021\\\/09\\\/18\\\/conditionne-par-un-pass-sanitaire-feu-vert-pour-le-retour-du-public\\\/\"]}]},{\"@type\":\"ImageObject\",\"inLanguage\":\"fr-FR\",\"@id\":\"https:\\\/\\\/lasentinelle.dz\\\/index.php\\\/2021\\\/09\\\/18\\\/conditionne-par-un-pass-sanitaire-feu-vert-pour-le-retour-du-public\\\/#primaryimage\",\"url\":\"https:\\\/\\\/lasentinelle.dz\\\/wp-content\\\/uploads\\\/2021\\\/09\\\/supporters111-scaled.jpg\",\"contentUrl\":\"https:\\\/\\\/lasentinelle.dz\\\/wp-content\\\/uploads\\\/2021\\\/09\\\/supporters111-scaled.jpg\",\"width\":2560,\"height\":1719},{\"@type\":\"BreadcrumbList\",\"@id\":\"https:\\\/\\\/lasentinelle.dz\\\/index.php\\\/2021\\\/09\\\/18\\\/conditionne-par-un-pass-sanitaire-feu-vert-pour-le-retour-du-public\\\/#breadcrumb\",\"itemListElement\":[{\"@type\":\"ListItem\",\"position\":1,\"name\":\"Accueil\",\"item\":\"https:\\\/\\\/lasentinelle.dz\\\/\"},{\"@type\":\"ListItem\",\"position\":2,\"name\":\"Conditionn\u00e9 par un pass sanitaire : Feu vert pour le retour du public\"}]},{\"@type\":\"WebSite\",\"@id\":\"https:\\\/\\\/lasentinelle.dz\\\/#website\",\"url\":\"https:\\\/\\\/lasentinelle.dz\\\/\",\"name\":\"La Sentinelle\",\"description\":\"Quotidien national d&#039;information\",\"publisher\":{\"@id\":\"https:\\\/\\\/lasentinelle.dz\\\/#organization\"},\"potentialAction\":[{\"@type\":\"SearchAction\",\"target\":{\"@type\":\"EntryPoint\",\"urlTemplate\":\"https:\\\/\\\/lasentinelle.dz\\\/?s={search_term_string}\"},\"query-input\":{\"@type\":\"PropertyValueSpecification\",\"valueRequired\":true,\"valueName\":\"search_term_string\"}}],\"inLanguage\":\"fr-FR\"},{\"@type\":\"Organization\",\"@id\":\"https:\\\/\\\/lasentinelle.dz\\\/#organization\",\"name\":\"Quotidien La Sentinelle\",\"url\":\"https:\\\/\\\/lasentinelle.dz\\\/\",\"logo\":{\"@type\":\"ImageObject\",\"inLanguage\":\"fr-FR\",\"@id\":\"https:\\\/\\\/lasentinelle.dz\\\/#\\\/schema\\\/logo\\\/image\\\/\",\"url\":\"https:\\\/\\\/lasentinelle.dz\\\/wp-content\\\/uploads\\\/2021\\\/09\\\/logo-sentinelleSLOGAN-1.png\",\"contentUrl\":\"https:\\\/\\\/lasentinelle.dz\\\/wp-content\\\/uploads\\\/2021\\\/09\\\/logo-sentinelleSLOGAN-1.png\",\"width\":615,\"height\":142,\"caption\":\"Quotidien La Sentinelle\"},\"image\":{\"@id\":\"https:\\\/\\\/lasentinelle.dz\\\/#\\\/schema\\\/logo\\\/image\\\/\"},\"sameAs\":[\"https:\\\/\\\/www.facebook.com\\\/La-Sentinelle-104059864394773\"]},{\"@type\":\"Person\",\"@id\":\"https:\\\/\\\/lasentinelle.dz\\\/#\\\/schema\\\/person\\\/d865044e22e70a75174ce8bcad3acfb3\",\"name\":\"La Sentinelle\",\"image\":{\"@type\":\"ImageObject\",\"inLanguage\":\"fr-FR\",\"@id\":\"https:\\\/\\\/secure.gravatar.com\\\/avatar\\\/57de8e5d4b15d43fb361a71fbb36338450fe67865b528a43dd10ef7c51a20392?s=96&d=mm&r=g\",\"url\":\"https:\\\/\\\/secure.gravatar.com\\\/avatar\\\/57de8e5d4b15d43fb361a71fbb36338450fe67865b528a43dd10ef7c51a20392?s=96&d=mm&r=g\",\"contentUrl\":\"https:\\\/\\\/secure.gravatar.com\\\/avatar\\\/57de8e5d4b15d43fb361a71fbb36338450fe67865b528a43dd10ef7c51a20392?s=96&d=mm&r=g\",\"caption\":\"La Sentinelle\"},\"sameAs\":[\"http:\\\/\\\/www.lasentinelle.dz\"],\"url\":\"https:\\\/\\\/lasentinelle.dz\\\/author\\\/redaction\\\/\"}]}<\/script>\n<!-- \/ Yoast SEO plugin. -->","yoast_head_json":{"title":"Conditionn\u00e9 par un pass sanitaire : Feu vert pour le retour du public - La Sentinelle","robots":{"index":"index","follow":"follow","max-snippet":"max-snippet:-1","max-image-preview":"max-image-preview:large","max-video-preview":"max-video-preview:-1"},"canonical":"https:\/\/lasentinelle.dz\/index.php\/2021\/09\/18\/conditionne-par-un-pass-sanitaire-feu-vert-pour-le-retour-du-public\/","og_locale":"fr_FR","og_type":"article","og_title":"Conditionn\u00e9 par un pass sanitaire : Feu vert pour le retour du public - La Sentinelle","og_description":"Les supporters peuvent tirer un grand ouf de soulagement. Ils retrouveront, d\u00e9sormais, l\u2019ambiance des gradins d\u00e8s la saison prochaine, mais","og_url":"https:\/\/lasentinelle.dz\/index.php\/2021\/09\/18\/conditionne-par-un-pass-sanitaire-feu-vert-pour-le-retour-du-public\/","og_site_name":"La Sentinelle","article_publisher":"https:\/\/www.facebook.com\/La-Sentinelle-104059864394773","article_published_time":"2021-09-17T23:01:00+00:00","og_image":[{"width":2560,"height":1719,"url":"https:\/\/lasentinelle.dz\/wp-content\/uploads\/2021\/09\/supporters111-scaled.jpg","type":"image\/jpeg"}],"author":"La Sentinelle","twitter_card":"summary_large_image","twitter_misc":{"\u00c9crit par":"La Sentinelle","Dur\u00e9e de lecture estim\u00e9e":"2 minutes"},"schema":{"@context":"https:\/\/schema.org","@graph":[{"@type":"Article","@id":"https:\/\/lasentinelle.dz\/index.php\/2021\/09\/18\/conditionne-par-un-pass-sanitaire-feu-vert-pour-le-retour-du-public\/#article","isPartOf":{"@id":"https:\/\/lasentinelle.dz\/index.php\/2021\/09\/18\/conditionne-par-un-pass-sanitaire-feu-vert-pour-le-retour-du-public\/"},"author":{"name":"La Sentinelle","@id":"https:\/\/lasentinelle.dz\/#\/schema\/person\/d865044e22e70a75174ce8bcad3acfb3"},"headline":"Conditionn\u00e9 par un pass sanitaire : Feu vert pour le retour du public","datePublished":"2021-09-17T23:01:00+00:00","mainEntityOfPage":{"@id":"https:\/\/lasentinelle.dz\/index.php\/2021\/09\/18\/conditionne-par-un-pass-sanitaire-feu-vert-pour-le-retour-du-public\/"},"wordCount":398,"commentCount":0,"publisher":{"@id":"https:\/\/lasentinelle.dz\/#organization"},"image":{"@id":"https:\/\/lasentinelle.dz\/index.php\/2021\/09\/18\/conditionne-par-un-pass-sanitaire-feu-vert-pour-le-retour-du-public\/#primaryimage"},"thumbnailUrl":"https:\/\/lasentinelle.dz\/wp-content\/uploads\/2021\/09\/supporters111-scaled.jpg","articleSection":["Sports"],"inLanguage":"fr-FR","potentialAction":[{"@type":"CommentAction","name":"Comment","target":["https:\/\/lasentinelle.dz\/index.php\/2021\/09\/18\/conditionne-par-un-pass-sanitaire-feu-vert-pour-le-retour-du-public\/#respond"]}]},{"@type":"WebPage","@id":"https:\/\/lasentinelle.dz\/index.php\/2021\/09\/18\/conditionne-par-un-pass-sanitaire-feu-vert-pour-le-retour-du-public\/","url":"https:\/\/lasentinelle.dz\/index.php\/2021\/09\/18\/conditionne-par-un-pass-sanitaire-feu-vert-pour-le-retour-du-public\/","name":"Conditionn\u00e9 par un pass sanitaire : Feu vert pour le retour du public - La Sentinelle","isPartOf":{"@id":"https:\/\/lasentinelle.dz\/#website"},"primaryImageOfPage":{"@id":"https:\/\/lasentinelle.dz\/index.php\/2021\/09\/18\/conditionne-par-un-pass-sanitaire-feu-vert-pour-le-retour-du-public\/#primaryimage"},"image":{"@id":"https:\/\/lasentinelle.dz\/index.php\/2021\/09\/18\/conditionne-par-un-pass-sanitaire-feu-vert-pour-le-retour-du-public\/#primaryimage"},"thumbnailUrl":"https:\/\/lasentinelle.dz\/wp-content\/uploads\/2021\/09\/supporters111-scaled.jpg","datePublished":"2021-09-17T23:01:00+00:00","breadcrumb":{"@id":"https:\/\/lasentinelle.dz\/index.php\/2021\/09\/18\/conditionne-par-un-pass-sanitaire-feu-vert-pour-le-retour-du-public\/#breadcrumb"},"inLanguage":"fr-FR","potentialAction":[{"@type":"ReadAction","target":["https:\/\/lasentinelle.dz\/index.php\/2021\/09\/18\/conditionne-par-un-pass-sanitaire-feu-vert-pour-le-retour-du-public\/"]}]},{"@type":"ImageObject","inLanguage":"fr-FR","@id":"https:\/\/lasentinelle.dz\/index.php\/2021\/09\/18\/conditionne-par-un-pass-sanitaire-feu-vert-pour-le-retour-du-public\/#primaryimage","url":"https:\/\/lasentinelle.dz\/wp-content\/uploads\/2021\/09\/supporters111-scaled.jpg","contentUrl":"https:\/\/lasentinelle.dz\/wp-content\/uploads\/2021\/09\/supporters111-scaled.jpg","width":2560,"height":1719},{"@type":"BreadcrumbList","@id":"https:\/\/lasentinelle.dz\/index.php\/2021\/09\/18\/conditionne-par-un-pass-sanitaire-feu-vert-pour-le-retour-du-public\/#breadcrumb","itemListElement":[{"@type":"ListItem","position":1,"name":"Accueil","item":"https:\/\/lasentinelle.dz\/"},{"@type":"ListItem","position":2,"name":"Conditionn\u00e9 par un pass sanitaire : Feu vert pour le retour du public"}]},{"@type":"WebSite","@id":"https:\/\/lasentinelle.dz\/#website","url":"https:\/\/lasentinelle.dz\/","name":"La Sentinelle","description":"Quotidien national d&#039;information","publisher":{"@id":"https:\/\/lasentinelle.dz\/#organization"},"potentialAction":[{"@type":"SearchAction","target":{"@type":"EntryPoint","urlTemplate":"https:\/\/lasentinelle.dz\/?s={search_term_string}"},"query-input":{"@type":"PropertyValueSpecification","valueRequired":true,"valueName":"search_term_string"}}],"inLanguage":"fr-FR"},{"@type":"Organization","@id":"https:\/\/lasentinelle.dz\/#organization","name":"Quotidien La Sentinelle","url":"https:\/\/lasentinelle.dz\/","logo":{"@type":"ImageObject","inLanguage":"fr-FR","@id":"https:\/\/lasentinelle.dz\/#\/schema\/logo\/image\/","url":"https:\/\/lasentinelle.dz\/wp-content\/uploads\/2021\/09\/logo-sentinelleSLOGAN-1.png","contentUrl":"https:\/\/lasentinelle.dz\/wp-content\/uploads\/2021\/09\/logo-sentinelleSLOGAN-1.png","width":615,"height":142,"caption":"Quotidien La Sentinelle"},"image":{"@id":"https:\/\/lasentinelle.dz\/#\/schema\/logo\/image\/"},"sameAs":["https:\/\/www.facebook.com\/La-Sentinelle-104059864394773"]},{"@type":"Person","@id":"https:\/\/lasentinelle.dz\/#\/schema\/person\/d865044e22e70a75174ce8bcad3acfb3","name":"La Sentinelle","image":{"@type":"ImageObject","inLanguage":"fr-FR","@id":"https:\/\/secure.gravatar.com\/avatar\/57de8e5d4b15d43fb361a71fbb36338450fe67865b528a43dd10ef7c51a20392?s=96&d=mm&r=g","url":"https:\/\/secure.gravatar.com\/avatar\/57de8e5d4b15d43fb361a71fbb36338450fe67865b528a43dd10ef7c51a20392?s=96&d=mm&r=g","contentUrl":"https:\/\/secure.gravatar.com\/avatar\/57de8e5d4b15d43fb361a71fbb36338450fe67865b528a43dd10ef7c51a20392?s=96&d=mm&r=g","caption":"La Sentinelle"},"sameAs":["http:\/\/www.lasentinelle.dz"],"url":"https:\/\/lasentinelle.dz\/author\/redaction\/"}]}},"_links":{"self":[{"href":"https:\/\/lasentinelle.dz\/index.php\/wp-json\/wp\/v2\/posts\/8079","targetHints":{"allow":["GET"]}}],"collection":[{"href":"https:\/\/lasentinelle.dz\/index.php\/wp-json\/wp\/v2\/posts"}],"about":[{"href":"https:\/\/lasentinelle.dz\/index.php\/wp-json\/wp\/v2\/types\/post"}],"author":[{"embeddable":true,"href":"https:\/\/lasentinelle.dz\/index.php\/wp-json\/wp\/v2\/users\/3"}],"replies":[{"embeddable":true,"href":"https:\/\/lasentinelle.dz\/index.php\/wp-json\/wp\/v2\/comments?post=8079"}],"version-history":[{"count":1,"href":"https:\/\/lasentinelle.dz\/index.php\/wp-json\/wp\/v2\/posts\/8079\/revisions"}],"predecessor-version":[{"id":8084,"href":"https:\/\/lasentinelle.dz\/index.php\/wp-json\/wp\/v2\/posts\/8079\/revisions\/8084"}],"wp:featuredmedia":[{"embeddable":true,"href":"https:\/\/lasentinelle.dz\/index.php\/wp-json\/wp\/v2\/media\/8083"}],"wp:attachment":[{"href":"https:\/\/lasentinelle.dz\/index.php\/wp-json\/wp\/v2\/media?parent=8079"}],"wp:term":[{"taxonomy":"category","embeddable":true,"href":"https:\/\/lasentinelle.dz\/index.php\/wp-json\/wp\/v2\/categories?post=8079"},{"taxonomy":"post_tag","embeddable":true,"href":"https:\/\/lasentinelle.dz\/index.php\/wp-json\/wp\/v2\/tags?post=8079"}],"curies":[{"name":"wp","href":"https:\/\/api.w.org\/{rel}","templated":true}]}}