{"id":8111,"date":"2021-09-18T00:01:00","date_gmt":"2021-09-17T23:01:00","guid":{"rendered":"https:\/\/lasentinelle.dz\/?p=8111"},"modified":"2021-09-17T15:45:43","modified_gmt":"2021-09-17T14:45:43","slug":"tandem-media-awards-un-concours-de-lue-ouvert-aux-journalistes-et-aux-artistes","status":"publish","type":"post","link":"https:\/\/lasentinelle.dz\/index.php\/2021\/09\/18\/tandem-media-awards-un-concours-de-lue-ouvert-aux-journalistes-et-aux-artistes\/","title":{"rendered":"\u00ab\u00a0Tandem Media Awards\u00a0\u00bb : Un concours de l&rsquo;UE ouvert aux journalistes et aux artistes"},"content":{"rendered":"\n<p>L&rsquo;Union europ\u00e9enne (UE) lance \u00e0 travers le programme \u00ab\u00a0EU Neighbours South\u00a0\u00bb, le concours \u00ab\u00a0Tandem Media Awards\u00a0\u00bb, dans sa premi\u00e8re \u00e9dition d\u00e9di\u00e9e \u00e0 la Culture et aux candidats de neuf pays m\u00e9diterran\u00e9ens dont l&rsquo;Alg\u00e9rie, annoncent les organisateurs sur la page Facebook de l&rsquo;UE.Ouvert aux journalistes, \u00e9tudiants en journalisme et aux artistes issus d&rsquo;Alg\u00e9rie, Palestine, Tunisie, Libye, Liban, Jordanie, Syrie, Egypte et Maroc, ce concours repose sur l&rsquo;id\u00e9e d&rsquo;une collaboration \u00e0 deux (bin\u00f4me) qui aura \u00e0 fournir des contenus m\u00e9diatiques innovants autour des diff\u00e9rentes th\u00e9matiques en lien avec la Culture.Lors de cette premi\u00e8re \u00e9dition plac\u00e9e sous le slogan \u00ab\u00a0Speak up culture!\u00a0\u00bb, trois tandems seront r\u00e9compens\u00e9s: journalistes homme-femme, journaliste professionnel et \u00e9tudiant en journalisme et le bin\u00f4me journaliste-artiste. Les duos de candidats auront \u00e0 produire un contenu journalistique commun sur diff\u00e9rents supports, (article print, article web, \u00e9mission TV, \u00e9mission radio, capsule vid\u00e9o, reportage t\u00e9l\u00e9vis\u00e9, reportage radio, reportage photo, podcast ou encore bande dessin\u00e9e).Les laur\u00e9ats seront invit\u00e9s \u00e0 assister \u00e0 la c\u00e9r\u00e9monie de remise des prix, pr\u00e9vue en d\u00e9cembre 2021 et b\u00e9n\u00e9ficieront d&rsquo;une r\u00e9compense financi\u00e8re et d&rsquo;un voyage de presse culturel au cours de l&rsquo;ann\u00e9e 2022.La date limite de soumission des travaux propos\u00e9s au concours \u00e9tant fix\u00e9e au 14 novembre 2021, \u00ab\u00a0EU Neighbours South\u00a0\u00bb met \u00e0 la disposition des postulants sur ce site web, le r\u00e8glement int\u00e9rieur et toutes les informations et documents de participation n\u00e9cessaires.&nbsp;&nbsp; Les organisateurs rappellent que les contenus propos\u00e9s doivent \u00eatre \u00ab\u00a0de pr\u00e9f\u00e9rence li\u00e9 \u00e0 un projet ou une initiative culturelle financ\u00e9s par l&rsquo;UE dans la r\u00e9gion du voisinage Sud de l&rsquo;Union europ\u00e9enne\u00a0\u00bb.<\/p>\n\n\n\n<p>APS<\/p>\n","protected":false},"excerpt":{"rendered":"<p>L&rsquo;Union europ\u00e9enne (UE) lance \u00e0 travers le programme \u00ab\u00a0EU Neighbours South\u00a0\u00bb, le concours \u00ab\u00a0Tandem Media Awards\u00a0\u00bb, dans sa premi\u00e8re \u00e9dition<\/p>\n","protected":false},"author":3,"featured_media":8119,"comment_status":"open","ping_status":"closed","sticky":false,"template":"","format":"standard","meta":{"colormag_page_container_layout":"default_layout","colormag_page_sidebar_layout":"default_layout","om_disable_all_campaigns":false,"_monsterinsights_skip_tracking":false,"_monsterinsights_sitenote_active":false,"_monsterinsights_sitenote_note":"","_monsterinsights_sitenote_category":0,"footnotes":"","_wpscppro_dont_share_socialmedia":false,"_wpscppro_custom_social_share_image":0,"_facebook_share_type":"","_twitter_share_type":"","_linkedin_share_type":"","_pinterest_share_type":"","_linkedin_share_type_page":"","_instagram_share_type":"","_medium_share_type":"","_threads_share_type":"","_google_business_share_type":"","_selected_social_profile":[],"_wpsp_enable_custom_social_template":false,"_wpsp_social_scheduling":{"enabled":false,"datetime":null,"platforms":[],"status":"template_only","dateOption":"today","timeOption":"now","customDays":"","customHours":"","customDate":"","customTime":"","schedulingType":"absolute"},"_wpsp_active_default_template":true},"categories":[36],"tags":[],"class_list":["post-8111","post","type-post","status-publish","format-standard","has-post-thumbnail","hentry","category-culture"],"aioseo_notices":[],"yoast_head":"<!-- This site is optimized with the Yoast SEO plugin v27.5 - https:\/\/yoast.com\/product\/yoast-seo-wordpress\/ -->\n<title>&quot;Tandem Media Awards&quot; : Un concours de l&#039;UE ouvert aux journalistes et aux artistes - La Sentinelle<\/title>\n<meta name=\"robots\" content=\"index, follow, max-snippet:-1, max-image-preview:large, max-video-preview:-1\" \/>\n<link rel=\"canonical\" href=\"https:\/\/lasentinelle.dz\/index.php\/2021\/09\/18\/tandem-media-awards-un-concours-de-lue-ouvert-aux-journalistes-et-aux-artistes\/\" \/>\n<meta property=\"og:locale\" content=\"fr_FR\" \/>\n<meta property=\"og:type\" content=\"article\" \/>\n<meta property=\"og:title\" content=\"&quot;Tandem Media Awards&quot; : Un concours de l&#039;UE ouvert aux journalistes et aux artistes - La Sentinelle\" \/>\n<meta property=\"og:description\" content=\"L&rsquo;Union europ\u00e9enne (UE) lance \u00e0 travers le programme \u00ab\u00a0EU Neighbours South\u00a0\u00bb, le concours \u00ab\u00a0Tandem Media Awards\u00a0\u00bb, dans sa premi\u00e8re \u00e9dition\" \/>\n<meta property=\"og:url\" content=\"https:\/\/lasentinelle.dz\/index.php\/2021\/09\/18\/tandem-media-awards-un-concours-de-lue-ouvert-aux-journalistes-et-aux-artistes\/\" \/>\n<meta property=\"og:site_name\" content=\"La Sentinelle\" \/>\n<meta property=\"article:publisher\" content=\"https:\/\/www.facebook.com\/La-Sentinelle-104059864394773\" \/>\n<meta property=\"article:published_time\" content=\"2021-09-17T23:01:00+00:00\" \/>\n<meta property=\"og:image\" content=\"https:\/\/lasentinelle.dz\/wp-content\/uploads\/2021\/09\/image_2021-09-17_153948.png\" \/>\n\t<meta property=\"og:image:width\" content=\"680\" \/>\n\t<meta property=\"og:image:height\" content=\"400\" \/>\n\t<meta property=\"og:image:type\" content=\"image\/png\" \/>\n<meta name=\"author\" content=\"La Sentinelle\" \/>\n<meta name=\"twitter:card\" content=\"summary_large_image\" \/>\n<meta name=\"twitter:label1\" content=\"\u00c9crit par\" \/>\n\t<meta name=\"twitter:data1\" content=\"La Sentinelle\" \/>\n\t<meta name=\"twitter:label2\" content=\"Dur\u00e9e de lecture estim\u00e9e\" \/>\n\t<meta name=\"twitter:data2\" content=\"2 minutes\" \/>\n<script type=\"application\/ld+json\" class=\"yoast-schema-graph\">{\"@context\":\"https:\\\/\\\/schema.org\",\"@graph\":[{\"@type\":\"Article\",\"@id\":\"https:\\\/\\\/lasentinelle.dz\\\/index.php\\\/2021\\\/09\\\/18\\\/tandem-media-awards-un-concours-de-lue-ouvert-aux-journalistes-et-aux-artistes\\\/#article\",\"isPartOf\":{\"@id\":\"https:\\\/\\\/lasentinelle.dz\\\/index.php\\\/2021\\\/09\\\/18\\\/tandem-media-awards-un-concours-de-lue-ouvert-aux-journalistes-et-aux-artistes\\\/\"},\"author\":{\"name\":\"La Sentinelle\",\"@id\":\"https:\\\/\\\/lasentinelle.dz\\\/#\\\/schema\\\/person\\\/d865044e22e70a75174ce8bcad3acfb3\"},\"headline\":\"\u00ab\u00a0Tandem Media Awards\u00a0\u00bb : Un concours de l&rsquo;UE ouvert aux journalistes et aux artistes\",\"datePublished\":\"2021-09-17T23:01:00+00:00\",\"mainEntityOfPage\":{\"@id\":\"https:\\\/\\\/lasentinelle.dz\\\/index.php\\\/2021\\\/09\\\/18\\\/tandem-media-awards-un-concours-de-lue-ouvert-aux-journalistes-et-aux-artistes\\\/\"},\"wordCount\":317,\"commentCount\":0,\"publisher\":{\"@id\":\"https:\\\/\\\/lasentinelle.dz\\\/#organization\"},\"image\":{\"@id\":\"https:\\\/\\\/lasentinelle.dz\\\/index.php\\\/2021\\\/09\\\/18\\\/tandem-media-awards-un-concours-de-lue-ouvert-aux-journalistes-et-aux-artistes\\\/#primaryimage\"},\"thumbnailUrl\":\"https:\\\/\\\/lasentinelle.dz\\\/wp-content\\\/uploads\\\/2021\\\/09\\\/image_2021-09-17_153948.png\",\"articleSection\":[\"Culture\"],\"inLanguage\":\"fr-FR\",\"potentialAction\":[{\"@type\":\"CommentAction\",\"name\":\"Comment\",\"target\":[\"https:\\\/\\\/lasentinelle.dz\\\/index.php\\\/2021\\\/09\\\/18\\\/tandem-media-awards-un-concours-de-lue-ouvert-aux-journalistes-et-aux-artistes\\\/#respond\"]}]},{\"@type\":\"WebPage\",\"@id\":\"https:\\\/\\\/lasentinelle.dz\\\/index.php\\\/2021\\\/09\\\/18\\\/tandem-media-awards-un-concours-de-lue-ouvert-aux-journalistes-et-aux-artistes\\\/\",\"url\":\"https:\\\/\\\/lasentinelle.dz\\\/index.php\\\/2021\\\/09\\\/18\\\/tandem-media-awards-un-concours-de-lue-ouvert-aux-journalistes-et-aux-artistes\\\/\",\"name\":\"\\\"Tandem Media Awards\\\" : Un concours de l'UE ouvert aux journalistes et aux artistes - La Sentinelle\",\"isPartOf\":{\"@id\":\"https:\\\/\\\/lasentinelle.dz\\\/#website\"},\"primaryImageOfPage\":{\"@id\":\"https:\\\/\\\/lasentinelle.dz\\\/index.php\\\/2021\\\/09\\\/18\\\/tandem-media-awards-un-concours-de-lue-ouvert-aux-journalistes-et-aux-artistes\\\/#primaryimage\"},\"image\":{\"@id\":\"https:\\\/\\\/lasentinelle.dz\\\/index.php\\\/2021\\\/09\\\/18\\\/tandem-media-awards-un-concours-de-lue-ouvert-aux-journalistes-et-aux-artistes\\\/#primaryimage\"},\"thumbnailUrl\":\"https:\\\/\\\/lasentinelle.dz\\\/wp-content\\\/uploads\\\/2021\\\/09\\\/image_2021-09-17_153948.png\",\"datePublished\":\"2021-09-17T23:01:00+00:00\",\"breadcrumb\":{\"@id\":\"https:\\\/\\\/lasentinelle.dz\\\/index.php\\\/2021\\\/09\\\/18\\\/tandem-media-awards-un-concours-de-lue-ouvert-aux-journalistes-et-aux-artistes\\\/#breadcrumb\"},\"inLanguage\":\"fr-FR\",\"potentialAction\":[{\"@type\":\"ReadAction\",\"target\":[\"https:\\\/\\\/lasentinelle.dz\\\/index.php\\\/2021\\\/09\\\/18\\\/tandem-media-awards-un-concours-de-lue-ouvert-aux-journalistes-et-aux-artistes\\\/\"]}]},{\"@type\":\"ImageObject\",\"inLanguage\":\"fr-FR\",\"@id\":\"https:\\\/\\\/lasentinelle.dz\\\/index.php\\\/2021\\\/09\\\/18\\\/tandem-media-awards-un-concours-de-lue-ouvert-aux-journalistes-et-aux-artistes\\\/#primaryimage\",\"url\":\"https:\\\/\\\/lasentinelle.dz\\\/wp-content\\\/uploads\\\/2021\\\/09\\\/image_2021-09-17_153948.png\",\"contentUrl\":\"https:\\\/\\\/lasentinelle.dz\\\/wp-content\\\/uploads\\\/2021\\\/09\\\/image_2021-09-17_153948.png\",\"width\":680,\"height\":400},{\"@type\":\"BreadcrumbList\",\"@id\":\"https:\\\/\\\/lasentinelle.dz\\\/index.php\\\/2021\\\/09\\\/18\\\/tandem-media-awards-un-concours-de-lue-ouvert-aux-journalistes-et-aux-artistes\\\/#breadcrumb\",\"itemListElement\":[{\"@type\":\"ListItem\",\"position\":1,\"name\":\"Accueil\",\"item\":\"https:\\\/\\\/lasentinelle.dz\\\/\"},{\"@type\":\"ListItem\",\"position\":2,\"name\":\"\u00ab\u00a0Tandem Media Awards\u00a0\u00bb : Un concours de l&rsquo;UE ouvert aux journalistes et aux artistes\"}]},{\"@type\":\"WebSite\",\"@id\":\"https:\\\/\\\/lasentinelle.dz\\\/#website\",\"url\":\"https:\\\/\\\/lasentinelle.dz\\\/\",\"name\":\"La Sentinelle\",\"description\":\"Quotidien national d&#039;information\",\"publisher\":{\"@id\":\"https:\\\/\\\/lasentinelle.dz\\\/#organization\"},\"potentialAction\":[{\"@type\":\"SearchAction\",\"target\":{\"@type\":\"EntryPoint\",\"urlTemplate\":\"https:\\\/\\\/lasentinelle.dz\\\/?s={search_term_string}\"},\"query-input\":{\"@type\":\"PropertyValueSpecification\",\"valueRequired\":true,\"valueName\":\"search_term_string\"}}],\"inLanguage\":\"fr-FR\"},{\"@type\":\"Organization\",\"@id\":\"https:\\\/\\\/lasentinelle.dz\\\/#organization\",\"name\":\"Quotidien La Sentinelle\",\"url\":\"https:\\\/\\\/lasentinelle.dz\\\/\",\"logo\":{\"@type\":\"ImageObject\",\"inLanguage\":\"fr-FR\",\"@id\":\"https:\\\/\\\/lasentinelle.dz\\\/#\\\/schema\\\/logo\\\/image\\\/\",\"url\":\"https:\\\/\\\/lasentinelle.dz\\\/wp-content\\\/uploads\\\/2021\\\/09\\\/logo-sentinelleSLOGAN-1.png\",\"contentUrl\":\"https:\\\/\\\/lasentinelle.dz\\\/wp-content\\\/uploads\\\/2021\\\/09\\\/logo-sentinelleSLOGAN-1.png\",\"width\":615,\"height\":142,\"caption\":\"Quotidien La Sentinelle\"},\"image\":{\"@id\":\"https:\\\/\\\/lasentinelle.dz\\\/#\\\/schema\\\/logo\\\/image\\\/\"},\"sameAs\":[\"https:\\\/\\\/www.facebook.com\\\/La-Sentinelle-104059864394773\"]},{\"@type\":\"Person\",\"@id\":\"https:\\\/\\\/lasentinelle.dz\\\/#\\\/schema\\\/person\\\/d865044e22e70a75174ce8bcad3acfb3\",\"name\":\"La Sentinelle\",\"image\":{\"@type\":\"ImageObject\",\"inLanguage\":\"fr-FR\",\"@id\":\"https:\\\/\\\/secure.gravatar.com\\\/avatar\\\/57de8e5d4b15d43fb361a71fbb36338450fe67865b528a43dd10ef7c51a20392?s=96&d=mm&r=g\",\"url\":\"https:\\\/\\\/secure.gravatar.com\\\/avatar\\\/57de8e5d4b15d43fb361a71fbb36338450fe67865b528a43dd10ef7c51a20392?s=96&d=mm&r=g\",\"contentUrl\":\"https:\\\/\\\/secure.gravatar.com\\\/avatar\\\/57de8e5d4b15d43fb361a71fbb36338450fe67865b528a43dd10ef7c51a20392?s=96&d=mm&r=g\",\"caption\":\"La Sentinelle\"},\"sameAs\":[\"http:\\\/\\\/www.lasentinelle.dz\"],\"url\":\"https:\\\/\\\/lasentinelle.dz\\\/author\\\/redaction\\\/\"}]}<\/script>\n<!-- \/ Yoast SEO plugin. -->","yoast_head_json":{"title":"\"Tandem Media Awards\" : Un concours de l'UE ouvert aux journalistes et aux artistes - La Sentinelle","robots":{"index":"index","follow":"follow","max-snippet":"max-snippet:-1","max-image-preview":"max-image-preview:large","max-video-preview":"max-video-preview:-1"},"canonical":"https:\/\/lasentinelle.dz\/index.php\/2021\/09\/18\/tandem-media-awards-un-concours-de-lue-ouvert-aux-journalistes-et-aux-artistes\/","og_locale":"fr_FR","og_type":"article","og_title":"\"Tandem Media Awards\" : Un concours de l'UE ouvert aux journalistes et aux artistes - La Sentinelle","og_description":"L&rsquo;Union europ\u00e9enne (UE) lance \u00e0 travers le programme \u00ab\u00a0EU Neighbours South\u00a0\u00bb, le concours \u00ab\u00a0Tandem Media Awards\u00a0\u00bb, dans sa premi\u00e8re \u00e9dition","og_url":"https:\/\/lasentinelle.dz\/index.php\/2021\/09\/18\/tandem-media-awards-un-concours-de-lue-ouvert-aux-journalistes-et-aux-artistes\/","og_site_name":"La Sentinelle","article_publisher":"https:\/\/www.facebook.com\/La-Sentinelle-104059864394773","article_published_time":"2021-09-17T23:01:00+00:00","og_image":[{"width":680,"height":400,"url":"https:\/\/lasentinelle.dz\/wp-content\/uploads\/2021\/09\/image_2021-09-17_153948.png","type":"image\/png"}],"author":"La Sentinelle","twitter_card":"summary_large_image","twitter_misc":{"\u00c9crit par":"La Sentinelle","Dur\u00e9e de lecture estim\u00e9e":"2 minutes"},"schema":{"@context":"https:\/\/schema.org","@graph":[{"@type":"Article","@id":"https:\/\/lasentinelle.dz\/index.php\/2021\/09\/18\/tandem-media-awards-un-concours-de-lue-ouvert-aux-journalistes-et-aux-artistes\/#article","isPartOf":{"@id":"https:\/\/lasentinelle.dz\/index.php\/2021\/09\/18\/tandem-media-awards-un-concours-de-lue-ouvert-aux-journalistes-et-aux-artistes\/"},"author":{"name":"La Sentinelle","@id":"https:\/\/lasentinelle.dz\/#\/schema\/person\/d865044e22e70a75174ce8bcad3acfb3"},"headline":"\u00ab\u00a0Tandem Media Awards\u00a0\u00bb : Un concours de l&rsquo;UE ouvert aux journalistes et aux artistes","datePublished":"2021-09-17T23:01:00+00:00","mainEntityOfPage":{"@id":"https:\/\/lasentinelle.dz\/index.php\/2021\/09\/18\/tandem-media-awards-un-concours-de-lue-ouvert-aux-journalistes-et-aux-artistes\/"},"wordCount":317,"commentCount":0,"publisher":{"@id":"https:\/\/lasentinelle.dz\/#organization"},"image":{"@id":"https:\/\/lasentinelle.dz\/index.php\/2021\/09\/18\/tandem-media-awards-un-concours-de-lue-ouvert-aux-journalistes-et-aux-artistes\/#primaryimage"},"thumbnailUrl":"https:\/\/lasentinelle.dz\/wp-content\/uploads\/2021\/09\/image_2021-09-17_153948.png","articleSection":["Culture"],"inLanguage":"fr-FR","potentialAction":[{"@type":"CommentAction","name":"Comment","target":["https:\/\/lasentinelle.dz\/index.php\/2021\/09\/18\/tandem-media-awards-un-concours-de-lue-ouvert-aux-journalistes-et-aux-artistes\/#respond"]}]},{"@type":"WebPage","@id":"https:\/\/lasentinelle.dz\/index.php\/2021\/09\/18\/tandem-media-awards-un-concours-de-lue-ouvert-aux-journalistes-et-aux-artistes\/","url":"https:\/\/lasentinelle.dz\/index.php\/2021\/09\/18\/tandem-media-awards-un-concours-de-lue-ouvert-aux-journalistes-et-aux-artistes\/","name":"\"Tandem Media Awards\" : Un concours de l'UE ouvert aux journalistes et aux artistes - La Sentinelle","isPartOf":{"@id":"https:\/\/lasentinelle.dz\/#website"},"primaryImageOfPage":{"@id":"https:\/\/lasentinelle.dz\/index.php\/2021\/09\/18\/tandem-media-awards-un-concours-de-lue-ouvert-aux-journalistes-et-aux-artistes\/#primaryimage"},"image":{"@id":"https:\/\/lasentinelle.dz\/index.php\/2021\/09\/18\/tandem-media-awards-un-concours-de-lue-ouvert-aux-journalistes-et-aux-artistes\/#primaryimage"},"thumbnailUrl":"https:\/\/lasentinelle.dz\/wp-content\/uploads\/2021\/09\/image_2021-09-17_153948.png","datePublished":"2021-09-17T23:01:00+00:00","breadcrumb":{"@id":"https:\/\/lasentinelle.dz\/index.php\/2021\/09\/18\/tandem-media-awards-un-concours-de-lue-ouvert-aux-journalistes-et-aux-artistes\/#breadcrumb"},"inLanguage":"fr-FR","potentialAction":[{"@type":"ReadAction","target":["https:\/\/lasentinelle.dz\/index.php\/2021\/09\/18\/tandem-media-awards-un-concours-de-lue-ouvert-aux-journalistes-et-aux-artistes\/"]}]},{"@type":"ImageObject","inLanguage":"fr-FR","@id":"https:\/\/lasentinelle.dz\/index.php\/2021\/09\/18\/tandem-media-awards-un-concours-de-lue-ouvert-aux-journalistes-et-aux-artistes\/#primaryimage","url":"https:\/\/lasentinelle.dz\/wp-content\/uploads\/2021\/09\/image_2021-09-17_153948.png","contentUrl":"https:\/\/lasentinelle.dz\/wp-content\/uploads\/2021\/09\/image_2021-09-17_153948.png","width":680,"height":400},{"@type":"BreadcrumbList","@id":"https:\/\/lasentinelle.dz\/index.php\/2021\/09\/18\/tandem-media-awards-un-concours-de-lue-ouvert-aux-journalistes-et-aux-artistes\/#breadcrumb","itemListElement":[{"@type":"ListItem","position":1,"name":"Accueil","item":"https:\/\/lasentinelle.dz\/"},{"@type":"ListItem","position":2,"name":"\u00ab\u00a0Tandem Media Awards\u00a0\u00bb : Un concours de l&rsquo;UE ouvert aux journalistes et aux artistes"}]},{"@type":"WebSite","@id":"https:\/\/lasentinelle.dz\/#website","url":"https:\/\/lasentinelle.dz\/","name":"La Sentinelle","description":"Quotidien national d&#039;information","publisher":{"@id":"https:\/\/lasentinelle.dz\/#organization"},"potentialAction":[{"@type":"SearchAction","target":{"@type":"EntryPoint","urlTemplate":"https:\/\/lasentinelle.dz\/?s={search_term_string}"},"query-input":{"@type":"PropertyValueSpecification","valueRequired":true,"valueName":"search_term_string"}}],"inLanguage":"fr-FR"},{"@type":"Organization","@id":"https:\/\/lasentinelle.dz\/#organization","name":"Quotidien La Sentinelle","url":"https:\/\/lasentinelle.dz\/","logo":{"@type":"ImageObject","inLanguage":"fr-FR","@id":"https:\/\/lasentinelle.dz\/#\/schema\/logo\/image\/","url":"https:\/\/lasentinelle.dz\/wp-content\/uploads\/2021\/09\/logo-sentinelleSLOGAN-1.png","contentUrl":"https:\/\/lasentinelle.dz\/wp-content\/uploads\/2021\/09\/logo-sentinelleSLOGAN-1.png","width":615,"height":142,"caption":"Quotidien La Sentinelle"},"image":{"@id":"https:\/\/lasentinelle.dz\/#\/schema\/logo\/image\/"},"sameAs":["https:\/\/www.facebook.com\/La-Sentinelle-104059864394773"]},{"@type":"Person","@id":"https:\/\/lasentinelle.dz\/#\/schema\/person\/d865044e22e70a75174ce8bcad3acfb3","name":"La Sentinelle","image":{"@type":"ImageObject","inLanguage":"fr-FR","@id":"https:\/\/secure.gravatar.com\/avatar\/57de8e5d4b15d43fb361a71fbb36338450fe67865b528a43dd10ef7c51a20392?s=96&d=mm&r=g","url":"https:\/\/secure.gravatar.com\/avatar\/57de8e5d4b15d43fb361a71fbb36338450fe67865b528a43dd10ef7c51a20392?s=96&d=mm&r=g","contentUrl":"https:\/\/secure.gravatar.com\/avatar\/57de8e5d4b15d43fb361a71fbb36338450fe67865b528a43dd10ef7c51a20392?s=96&d=mm&r=g","caption":"La Sentinelle"},"sameAs":["http:\/\/www.lasentinelle.dz"],"url":"https:\/\/lasentinelle.dz\/author\/redaction\/"}]}},"_links":{"self":[{"href":"https:\/\/lasentinelle.dz\/index.php\/wp-json\/wp\/v2\/posts\/8111","targetHints":{"allow":["GET"]}}],"collection":[{"href":"https:\/\/lasentinelle.dz\/index.php\/wp-json\/wp\/v2\/posts"}],"about":[{"href":"https:\/\/lasentinelle.dz\/index.php\/wp-json\/wp\/v2\/types\/post"}],"author":[{"embeddable":true,"href":"https:\/\/lasentinelle.dz\/index.php\/wp-json\/wp\/v2\/users\/3"}],"replies":[{"embeddable":true,"href":"https:\/\/lasentinelle.dz\/index.php\/wp-json\/wp\/v2\/comments?post=8111"}],"version-history":[{"count":1,"href":"https:\/\/lasentinelle.dz\/index.php\/wp-json\/wp\/v2\/posts\/8111\/revisions"}],"predecessor-version":[{"id":8120,"href":"https:\/\/lasentinelle.dz\/index.php\/wp-json\/wp\/v2\/posts\/8111\/revisions\/8120"}],"wp:featuredmedia":[{"embeddable":true,"href":"https:\/\/lasentinelle.dz\/index.php\/wp-json\/wp\/v2\/media\/8119"}],"wp:attachment":[{"href":"https:\/\/lasentinelle.dz\/index.php\/wp-json\/wp\/v2\/media?parent=8111"}],"wp:term":[{"taxonomy":"category","embeddable":true,"href":"https:\/\/lasentinelle.dz\/index.php\/wp-json\/wp\/v2\/categories?post=8111"},{"taxonomy":"post_tag","embeddable":true,"href":"https:\/\/lasentinelle.dz\/index.php\/wp-json\/wp\/v2\/tags?post=8111"}],"curies":[{"name":"wp","href":"https:\/\/api.w.org\/{rel}","templated":true}]}}