{"id":8156,"date":"2021-09-18T00:01:00","date_gmt":"2021-09-17T23:01:00","guid":{"rendered":"https:\/\/lasentinelle.dz\/?p=8156"},"modified":"2021-09-17T17:12:23","modified_gmt":"2021-09-17T16:12:23","slug":"traitement-du-hirak-par-les-medias-francais-dans-la-logique-coloniale-et-postcoloniale","status":"publish","type":"post","link":"https:\/\/lasentinelle.dz\/index.php\/2021\/09\/18\/traitement-du-hirak-par-les-medias-francais-dans-la-logique-coloniale-et-postcoloniale\/","title":{"rendered":"Traitement du Hirak par les m\u00e9dias fran\u00e7ais : Dans la logique coloniale et postcoloniale"},"content":{"rendered":"\n<p>L&rsquo;anthropologue et chercheur Yazid Ben Hounet a estim\u00e9 dans un essai qui vient de para\u00eetre aux Editions de l&rsquo;ANEP intitul\u00e9 \u00ab\u00a0Hirak et propagande m\u00e9diatique en contexte postcolonial\u00a0\u00bb que le traitement fait notamment par les m\u00e9dias fran\u00e7ais \u00e0 ce mouvement, porte un discours qui s&rsquo;inscrit dans des \u00ab\u00a0relations d&rsquo;h\u00e9g\u00e9monie et de domination (coloniale et postcoloniale) qu&rsquo;ils tentent de prolonger\u00a0\u00bb. \u00ab\u00a0Cet essai jette un regard critique sur la propagande m\u00e9diatique visant \u00e0 d\u00e9former la r\u00e9alit\u00e9 alg\u00e9rienne. Il \u00e9claire en retour l&rsquo;int\u00e9r\u00eat port\u00e9, par les autorit\u00e9s alg\u00e9riennes, \u00e0 la guerre de quatri\u00e8me g\u00e9n\u00e9ration -comprenant la manipulation des m\u00e9dias- destin\u00e9e \u00e0 d\u00e9stabiliser les Etats qui ne s&rsquo;inscrivent pas dans les logiques des puissances et lobbys n\u00e9ocoloniaux et imp\u00e9rialistes\u00a0\u00bb, \u00e9crit-il tout en faisant remarquer qu&rsquo;en 2019, l&rsquo;Alg\u00e9rie a connu plusieurs changements politiques via des \u00e9lections \u00ab\u00a0qui, si elles n&rsquo;ont pas mobilis\u00e9 beaucoup d&rsquo;\u00e9lecteurs, se sont n\u00e9anmoins d\u00e9roul\u00e9es de mani\u00e8re transparente\u00a0\u00bb et \u00ab\u00a0l&rsquo;Arm\u00e9e n&rsquo;a pas \u00e9t\u00e9 utilis\u00e9e pour r\u00e9primer la population alg\u00e9rienne, ni d&rsquo;autres populations d&rsquo;ailleurs\u00a0\u00bb et \u00ab\u00a0les seuls militaires morts dans leur mission l&rsquo;ont \u00e9t\u00e9 en sauvant des citoyens lors des incendies survenus au mois d&rsquo;ao\u00fbt 2021 en Kabylie\u00a0\u00bb.<\/p>\n\n\n\n<p>\u00ab\u00a0La France, septi\u00e8me puissance militaire du monde, note-t-il, \u00e9tait pendant ce temps, en op\u00e9ration dans plusieurs pays -dont le rapport Duclert (2021) a mis en avant le r\u00f4le d&rsquo;appui dans le g\u00e9nocide au Rwanda-, soutenait militairement encore le dictateur tchadien Idriss D\u00e9by (mort en 2021)\u00a0\u00bb, ajoute-t-il. Et de pr\u00e9ciser qu\u2019en m\u00e9tropole et dans les territoires ultra-marins, le mouvement social des Gilets jaunes faisait l&rsquo;objet d'\u00a0\u00bbune des r\u00e9pressions les plus f\u00e9roces depuis 1962&Prime;. Il explique aussi que parall\u00e8lement \u00e0 la France, au Maroc, \u00ab\u00a0une bonne partie de l&rsquo;arm\u00e9e demeurait employ\u00e9e \u00e0 occuper ill\u00e9galement le Sahara occidental et \u00e0 y r\u00e9primer les populations locales\u00a0\u00bb, alors que l\u2019entit\u00e9 sioniste \u00ab\u00a0utilisait encore son arm\u00e9e pour maintenir son occupation coloniale, mettre au pas les Palestiniens et bombarder Ghaza de mani\u00e8re r\u00e9p\u00e9t\u00e9e\u00a0\u00bb.<\/p>\n\n\n\n<p>Devant ces deux r\u00e9alit\u00e9s curieusement ignor\u00e9e, les m\u00e9dias mainstream fran\u00e7ais, notamment, fait-il remarquer, c&rsquo;est l&rsquo;Alg\u00e9rie qui est toujours repr\u00e9sent\u00e9e comme \u00ab\u00a0une dictature ou un r\u00e9gime militaire\u00a0\u00bb, alors que dans ces m\u00e9dias \u00ab\u00a0il est \u00e0 peine permis de s&rsquo;inqui\u00e9ter de la d\u00e9rive autoritaire de la France\u00a0\u00bb, le Maroc est \u00ab\u00a0encore montr\u00e9, en particulier dans Le Monde, comme un ami de la France, ainsi qu'\u00a0\u00bbIsra\u00ebl (qui) est pr\u00e9sent\u00e9, bien entendu, toujours comme la seule d\u00e9mocratie au Proche-Orient\u00a0\u00bb.<\/p>\n\n\n\n<p>Notons que Yazid Ben Hounet est anthropologue, chercheur au Centre national de recherche scientifique et membre du Laboratoire d&rsquo;anthropologie sociale&nbsp; (CNRS &#8211; Coll\u00e8ge de France &#8211; EHESS). Il est docteur de l&rsquo;Ecole des Hautes \u00e9tudes en sciences sociales (Paris).<\/p>\n\n\n\n<p>A rappeler que dans la pr\u00e9face de l&rsquo;ouvrage, le ministre de la Communication, Ammar Belhimer, d\u00e9nonce l&rsquo;action d\u00e9stabilisatrice de certaines ONG \u00e9trang\u00e8res et leurs relais m\u00e9diatiques, dont l&rsquo;objectif concernant l&rsquo;Alg\u00e9rie est \u00ab\u00a0on ne peut plus clair: \u00e9loigner l&rsquo;Arm\u00e9e nationale populaire de son r\u00f4le historique naturel de protection de l&rsquo;Etat-nation -seul garant de la souverainet\u00e9 nationale, du progr\u00e8s et de la justice sociale\u00a0\u00bb. Dans la m\u00eame pr\u00e9face, le ministre de la communication avertit que \u00ab\u00a0les relais internes de ces ONG feignent d&rsquo;ignorer qu&rsquo;aucun des pays ayant emprunter la voie du processus constituant issu des laboratoires atlantistes n&rsquo;est sorti indemne de l&rsquo;effondrement de l&rsquo;Etat national, de la partition territoriale et de la guerre civile.<\/p>\n\n\n\n<p><strong>Akli Amor<\/strong><\/p>\n","protected":false},"excerpt":{"rendered":"<p>L&rsquo;anthropologue et chercheur Yazid Ben Hounet a estim\u00e9 dans un essai qui vient de para\u00eetre aux Editions de l&rsquo;ANEP intitul\u00e9<\/p>\n","protected":false},"author":3,"featured_media":8160,"comment_status":"open","ping_status":"closed","sticky":false,"template":"","format":"standard","meta":{"colormag_page_container_layout":"default_layout","colormag_page_sidebar_layout":"default_layout","om_disable_all_campaigns":false,"_monsterinsights_skip_tracking":false,"_monsterinsights_sitenote_active":false,"_monsterinsights_sitenote_note":"","_monsterinsights_sitenote_category":0,"footnotes":"","_wpscppro_dont_share_socialmedia":false,"_wpscppro_custom_social_share_image":0,"_facebook_share_type":"","_twitter_share_type":"","_linkedin_share_type":"","_pinterest_share_type":"","_linkedin_share_type_page":"","_instagram_share_type":"","_medium_share_type":"","_threads_share_type":"","_google_business_share_type":"","_selected_social_profile":[],"_wpsp_enable_custom_social_template":false,"_wpsp_social_scheduling":{"enabled":false,"datetime":null,"platforms":[],"status":"template_only","dateOption":"today","timeOption":"now","customDays":"","customHours":"","customDate":"","customTime":"","schedulingType":"absolute"},"_wpsp_active_default_template":true},"categories":[27],"tags":[],"class_list":["post-8156","post","type-post","status-publish","format-standard","has-post-thumbnail","hentry","category-actualite"],"aioseo_notices":[],"yoast_head":"<!-- This site is optimized with the Yoast SEO plugin v27.5 - https:\/\/yoast.com\/product\/yoast-seo-wordpress\/ -->\n<title>Traitement du Hirak par les m\u00e9dias fran\u00e7ais : Dans la logique coloniale et postcoloniale - La Sentinelle<\/title>\n<meta name=\"robots\" content=\"index, follow, max-snippet:-1, max-image-preview:large, max-video-preview:-1\" \/>\n<link rel=\"canonical\" href=\"https:\/\/lasentinelle.dz\/index.php\/2021\/09\/18\/traitement-du-hirak-par-les-medias-francais-dans-la-logique-coloniale-et-postcoloniale\/\" \/>\n<meta property=\"og:locale\" content=\"fr_FR\" \/>\n<meta property=\"og:type\" content=\"article\" \/>\n<meta property=\"og:title\" content=\"Traitement du Hirak par les m\u00e9dias fran\u00e7ais : Dans la logique coloniale et postcoloniale - La Sentinelle\" \/>\n<meta property=\"og:description\" content=\"L&rsquo;anthropologue et chercheur Yazid Ben Hounet a estim\u00e9 dans un essai qui vient de para\u00eetre aux Editions de l&rsquo;ANEP intitul\u00e9\" \/>\n<meta property=\"og:url\" content=\"https:\/\/lasentinelle.dz\/index.php\/2021\/09\/18\/traitement-du-hirak-par-les-medias-francais-dans-la-logique-coloniale-et-postcoloniale\/\" \/>\n<meta property=\"og:site_name\" content=\"La Sentinelle\" \/>\n<meta property=\"article:publisher\" content=\"https:\/\/www.facebook.com\/La-Sentinelle-104059864394773\" \/>\n<meta property=\"article:published_time\" content=\"2021-09-17T23:01:00+00:00\" \/>\n<meta property=\"og:image\" content=\"https:\/\/lasentinelle.dz\/wp-content\/uploads\/2021\/09\/image_2021-09-17_171152.png\" \/>\n\t<meta property=\"og:image:width\" content=\"1239\" \/>\n\t<meta property=\"og:image:height\" content=\"1757\" \/>\n\t<meta property=\"og:image:type\" content=\"image\/png\" \/>\n<meta name=\"author\" content=\"La Sentinelle\" \/>\n<meta name=\"twitter:card\" content=\"summary_large_image\" \/>\n<meta name=\"twitter:label1\" content=\"\u00c9crit par\" \/>\n\t<meta name=\"twitter:data1\" content=\"La Sentinelle\" \/>\n\t<meta name=\"twitter:label2\" content=\"Dur\u00e9e de lecture estim\u00e9e\" \/>\n\t<meta name=\"twitter:data2\" content=\"3 minutes\" \/>\n<script type=\"application\/ld+json\" class=\"yoast-schema-graph\">{\"@context\":\"https:\\\/\\\/schema.org\",\"@graph\":[{\"@type\":\"Article\",\"@id\":\"https:\\\/\\\/lasentinelle.dz\\\/index.php\\\/2021\\\/09\\\/18\\\/traitement-du-hirak-par-les-medias-francais-dans-la-logique-coloniale-et-postcoloniale\\\/#article\",\"isPartOf\":{\"@id\":\"https:\\\/\\\/lasentinelle.dz\\\/index.php\\\/2021\\\/09\\\/18\\\/traitement-du-hirak-par-les-medias-francais-dans-la-logique-coloniale-et-postcoloniale\\\/\"},\"author\":{\"name\":\"La Sentinelle\",\"@id\":\"https:\\\/\\\/lasentinelle.dz\\\/#\\\/schema\\\/person\\\/d865044e22e70a75174ce8bcad3acfb3\"},\"headline\":\"Traitement du Hirak par les m\u00e9dias fran\u00e7ais : Dans la logique coloniale et postcoloniale\",\"datePublished\":\"2021-09-17T23:01:00+00:00\",\"mainEntityOfPage\":{\"@id\":\"https:\\\/\\\/lasentinelle.dz\\\/index.php\\\/2021\\\/09\\\/18\\\/traitement-du-hirak-par-les-medias-francais-dans-la-logique-coloniale-et-postcoloniale\\\/\"},\"wordCount\":659,\"commentCount\":0,\"publisher\":{\"@id\":\"https:\\\/\\\/lasentinelle.dz\\\/#organization\"},\"image\":{\"@id\":\"https:\\\/\\\/lasentinelle.dz\\\/index.php\\\/2021\\\/09\\\/18\\\/traitement-du-hirak-par-les-medias-francais-dans-la-logique-coloniale-et-postcoloniale\\\/#primaryimage\"},\"thumbnailUrl\":\"https:\\\/\\\/lasentinelle.dz\\\/wp-content\\\/uploads\\\/2021\\\/09\\\/image_2021-09-17_171152.png\",\"articleSection\":[\"Actualit\u00e9\"],\"inLanguage\":\"fr-FR\",\"potentialAction\":[{\"@type\":\"CommentAction\",\"name\":\"Comment\",\"target\":[\"https:\\\/\\\/lasentinelle.dz\\\/index.php\\\/2021\\\/09\\\/18\\\/traitement-du-hirak-par-les-medias-francais-dans-la-logique-coloniale-et-postcoloniale\\\/#respond\"]}]},{\"@type\":\"WebPage\",\"@id\":\"https:\\\/\\\/lasentinelle.dz\\\/index.php\\\/2021\\\/09\\\/18\\\/traitement-du-hirak-par-les-medias-francais-dans-la-logique-coloniale-et-postcoloniale\\\/\",\"url\":\"https:\\\/\\\/lasentinelle.dz\\\/index.php\\\/2021\\\/09\\\/18\\\/traitement-du-hirak-par-les-medias-francais-dans-la-logique-coloniale-et-postcoloniale\\\/\",\"name\":\"Traitement du Hirak par les m\u00e9dias fran\u00e7ais : Dans la logique coloniale et postcoloniale - La Sentinelle\",\"isPartOf\":{\"@id\":\"https:\\\/\\\/lasentinelle.dz\\\/#website\"},\"primaryImageOfPage\":{\"@id\":\"https:\\\/\\\/lasentinelle.dz\\\/index.php\\\/2021\\\/09\\\/18\\\/traitement-du-hirak-par-les-medias-francais-dans-la-logique-coloniale-et-postcoloniale\\\/#primaryimage\"},\"image\":{\"@id\":\"https:\\\/\\\/lasentinelle.dz\\\/index.php\\\/2021\\\/09\\\/18\\\/traitement-du-hirak-par-les-medias-francais-dans-la-logique-coloniale-et-postcoloniale\\\/#primaryimage\"},\"thumbnailUrl\":\"https:\\\/\\\/lasentinelle.dz\\\/wp-content\\\/uploads\\\/2021\\\/09\\\/image_2021-09-17_171152.png\",\"datePublished\":\"2021-09-17T23:01:00+00:00\",\"breadcrumb\":{\"@id\":\"https:\\\/\\\/lasentinelle.dz\\\/index.php\\\/2021\\\/09\\\/18\\\/traitement-du-hirak-par-les-medias-francais-dans-la-logique-coloniale-et-postcoloniale\\\/#breadcrumb\"},\"inLanguage\":\"fr-FR\",\"potentialAction\":[{\"@type\":\"ReadAction\",\"target\":[\"https:\\\/\\\/lasentinelle.dz\\\/index.php\\\/2021\\\/09\\\/18\\\/traitement-du-hirak-par-les-medias-francais-dans-la-logique-coloniale-et-postcoloniale\\\/\"]}]},{\"@type\":\"ImageObject\",\"inLanguage\":\"fr-FR\",\"@id\":\"https:\\\/\\\/lasentinelle.dz\\\/index.php\\\/2021\\\/09\\\/18\\\/traitement-du-hirak-par-les-medias-francais-dans-la-logique-coloniale-et-postcoloniale\\\/#primaryimage\",\"url\":\"https:\\\/\\\/lasentinelle.dz\\\/wp-content\\\/uploads\\\/2021\\\/09\\\/image_2021-09-17_171152.png\",\"contentUrl\":\"https:\\\/\\\/lasentinelle.dz\\\/wp-content\\\/uploads\\\/2021\\\/09\\\/image_2021-09-17_171152.png\",\"width\":1239,\"height\":1757},{\"@type\":\"BreadcrumbList\",\"@id\":\"https:\\\/\\\/lasentinelle.dz\\\/index.php\\\/2021\\\/09\\\/18\\\/traitement-du-hirak-par-les-medias-francais-dans-la-logique-coloniale-et-postcoloniale\\\/#breadcrumb\",\"itemListElement\":[{\"@type\":\"ListItem\",\"position\":1,\"name\":\"Accueil\",\"item\":\"https:\\\/\\\/lasentinelle.dz\\\/\"},{\"@type\":\"ListItem\",\"position\":2,\"name\":\"Traitement du Hirak par les m\u00e9dias fran\u00e7ais : Dans la logique coloniale et postcoloniale\"}]},{\"@type\":\"WebSite\",\"@id\":\"https:\\\/\\\/lasentinelle.dz\\\/#website\",\"url\":\"https:\\\/\\\/lasentinelle.dz\\\/\",\"name\":\"La Sentinelle\",\"description\":\"Quotidien national d&#039;information\",\"publisher\":{\"@id\":\"https:\\\/\\\/lasentinelle.dz\\\/#organization\"},\"potentialAction\":[{\"@type\":\"SearchAction\",\"target\":{\"@type\":\"EntryPoint\",\"urlTemplate\":\"https:\\\/\\\/lasentinelle.dz\\\/?s={search_term_string}\"},\"query-input\":{\"@type\":\"PropertyValueSpecification\",\"valueRequired\":true,\"valueName\":\"search_term_string\"}}],\"inLanguage\":\"fr-FR\"},{\"@type\":\"Organization\",\"@id\":\"https:\\\/\\\/lasentinelle.dz\\\/#organization\",\"name\":\"Quotidien La Sentinelle\",\"url\":\"https:\\\/\\\/lasentinelle.dz\\\/\",\"logo\":{\"@type\":\"ImageObject\",\"inLanguage\":\"fr-FR\",\"@id\":\"https:\\\/\\\/lasentinelle.dz\\\/#\\\/schema\\\/logo\\\/image\\\/\",\"url\":\"https:\\\/\\\/lasentinelle.dz\\\/wp-content\\\/uploads\\\/2021\\\/09\\\/logo-sentinelleSLOGAN-1.png\",\"contentUrl\":\"https:\\\/\\\/lasentinelle.dz\\\/wp-content\\\/uploads\\\/2021\\\/09\\\/logo-sentinelleSLOGAN-1.png\",\"width\":615,\"height\":142,\"caption\":\"Quotidien La Sentinelle\"},\"image\":{\"@id\":\"https:\\\/\\\/lasentinelle.dz\\\/#\\\/schema\\\/logo\\\/image\\\/\"},\"sameAs\":[\"https:\\\/\\\/www.facebook.com\\\/La-Sentinelle-104059864394773\"]},{\"@type\":\"Person\",\"@id\":\"https:\\\/\\\/lasentinelle.dz\\\/#\\\/schema\\\/person\\\/d865044e22e70a75174ce8bcad3acfb3\",\"name\":\"La Sentinelle\",\"image\":{\"@type\":\"ImageObject\",\"inLanguage\":\"fr-FR\",\"@id\":\"https:\\\/\\\/secure.gravatar.com\\\/avatar\\\/57de8e5d4b15d43fb361a71fbb36338450fe67865b528a43dd10ef7c51a20392?s=96&d=mm&r=g\",\"url\":\"https:\\\/\\\/secure.gravatar.com\\\/avatar\\\/57de8e5d4b15d43fb361a71fbb36338450fe67865b528a43dd10ef7c51a20392?s=96&d=mm&r=g\",\"contentUrl\":\"https:\\\/\\\/secure.gravatar.com\\\/avatar\\\/57de8e5d4b15d43fb361a71fbb36338450fe67865b528a43dd10ef7c51a20392?s=96&d=mm&r=g\",\"caption\":\"La Sentinelle\"},\"sameAs\":[\"http:\\\/\\\/www.lasentinelle.dz\"],\"url\":\"https:\\\/\\\/lasentinelle.dz\\\/author\\\/redaction\\\/\"}]}<\/script>\n<!-- \/ Yoast SEO plugin. -->","yoast_head_json":{"title":"Traitement du Hirak par les m\u00e9dias fran\u00e7ais : Dans la logique coloniale et postcoloniale - La Sentinelle","robots":{"index":"index","follow":"follow","max-snippet":"max-snippet:-1","max-image-preview":"max-image-preview:large","max-video-preview":"max-video-preview:-1"},"canonical":"https:\/\/lasentinelle.dz\/index.php\/2021\/09\/18\/traitement-du-hirak-par-les-medias-francais-dans-la-logique-coloniale-et-postcoloniale\/","og_locale":"fr_FR","og_type":"article","og_title":"Traitement du Hirak par les m\u00e9dias fran\u00e7ais : Dans la logique coloniale et postcoloniale - La Sentinelle","og_description":"L&rsquo;anthropologue et chercheur Yazid Ben Hounet a estim\u00e9 dans un essai qui vient de para\u00eetre aux Editions de l&rsquo;ANEP intitul\u00e9","og_url":"https:\/\/lasentinelle.dz\/index.php\/2021\/09\/18\/traitement-du-hirak-par-les-medias-francais-dans-la-logique-coloniale-et-postcoloniale\/","og_site_name":"La Sentinelle","article_publisher":"https:\/\/www.facebook.com\/La-Sentinelle-104059864394773","article_published_time":"2021-09-17T23:01:00+00:00","og_image":[{"width":1239,"height":1757,"url":"https:\/\/lasentinelle.dz\/wp-content\/uploads\/2021\/09\/image_2021-09-17_171152.png","type":"image\/png"}],"author":"La Sentinelle","twitter_card":"summary_large_image","twitter_misc":{"\u00c9crit par":"La Sentinelle","Dur\u00e9e de lecture estim\u00e9e":"3 minutes"},"schema":{"@context":"https:\/\/schema.org","@graph":[{"@type":"Article","@id":"https:\/\/lasentinelle.dz\/index.php\/2021\/09\/18\/traitement-du-hirak-par-les-medias-francais-dans-la-logique-coloniale-et-postcoloniale\/#article","isPartOf":{"@id":"https:\/\/lasentinelle.dz\/index.php\/2021\/09\/18\/traitement-du-hirak-par-les-medias-francais-dans-la-logique-coloniale-et-postcoloniale\/"},"author":{"name":"La Sentinelle","@id":"https:\/\/lasentinelle.dz\/#\/schema\/person\/d865044e22e70a75174ce8bcad3acfb3"},"headline":"Traitement du Hirak par les m\u00e9dias fran\u00e7ais : Dans la logique coloniale et postcoloniale","datePublished":"2021-09-17T23:01:00+00:00","mainEntityOfPage":{"@id":"https:\/\/lasentinelle.dz\/index.php\/2021\/09\/18\/traitement-du-hirak-par-les-medias-francais-dans-la-logique-coloniale-et-postcoloniale\/"},"wordCount":659,"commentCount":0,"publisher":{"@id":"https:\/\/lasentinelle.dz\/#organization"},"image":{"@id":"https:\/\/lasentinelle.dz\/index.php\/2021\/09\/18\/traitement-du-hirak-par-les-medias-francais-dans-la-logique-coloniale-et-postcoloniale\/#primaryimage"},"thumbnailUrl":"https:\/\/lasentinelle.dz\/wp-content\/uploads\/2021\/09\/image_2021-09-17_171152.png","articleSection":["Actualit\u00e9"],"inLanguage":"fr-FR","potentialAction":[{"@type":"CommentAction","name":"Comment","target":["https:\/\/lasentinelle.dz\/index.php\/2021\/09\/18\/traitement-du-hirak-par-les-medias-francais-dans-la-logique-coloniale-et-postcoloniale\/#respond"]}]},{"@type":"WebPage","@id":"https:\/\/lasentinelle.dz\/index.php\/2021\/09\/18\/traitement-du-hirak-par-les-medias-francais-dans-la-logique-coloniale-et-postcoloniale\/","url":"https:\/\/lasentinelle.dz\/index.php\/2021\/09\/18\/traitement-du-hirak-par-les-medias-francais-dans-la-logique-coloniale-et-postcoloniale\/","name":"Traitement du Hirak par les m\u00e9dias fran\u00e7ais : Dans la logique coloniale et postcoloniale - La Sentinelle","isPartOf":{"@id":"https:\/\/lasentinelle.dz\/#website"},"primaryImageOfPage":{"@id":"https:\/\/lasentinelle.dz\/index.php\/2021\/09\/18\/traitement-du-hirak-par-les-medias-francais-dans-la-logique-coloniale-et-postcoloniale\/#primaryimage"},"image":{"@id":"https:\/\/lasentinelle.dz\/index.php\/2021\/09\/18\/traitement-du-hirak-par-les-medias-francais-dans-la-logique-coloniale-et-postcoloniale\/#primaryimage"},"thumbnailUrl":"https:\/\/lasentinelle.dz\/wp-content\/uploads\/2021\/09\/image_2021-09-17_171152.png","datePublished":"2021-09-17T23:01:00+00:00","breadcrumb":{"@id":"https:\/\/lasentinelle.dz\/index.php\/2021\/09\/18\/traitement-du-hirak-par-les-medias-francais-dans-la-logique-coloniale-et-postcoloniale\/#breadcrumb"},"inLanguage":"fr-FR","potentialAction":[{"@type":"ReadAction","target":["https:\/\/lasentinelle.dz\/index.php\/2021\/09\/18\/traitement-du-hirak-par-les-medias-francais-dans-la-logique-coloniale-et-postcoloniale\/"]}]},{"@type":"ImageObject","inLanguage":"fr-FR","@id":"https:\/\/lasentinelle.dz\/index.php\/2021\/09\/18\/traitement-du-hirak-par-les-medias-francais-dans-la-logique-coloniale-et-postcoloniale\/#primaryimage","url":"https:\/\/lasentinelle.dz\/wp-content\/uploads\/2021\/09\/image_2021-09-17_171152.png","contentUrl":"https:\/\/lasentinelle.dz\/wp-content\/uploads\/2021\/09\/image_2021-09-17_171152.png","width":1239,"height":1757},{"@type":"BreadcrumbList","@id":"https:\/\/lasentinelle.dz\/index.php\/2021\/09\/18\/traitement-du-hirak-par-les-medias-francais-dans-la-logique-coloniale-et-postcoloniale\/#breadcrumb","itemListElement":[{"@type":"ListItem","position":1,"name":"Accueil","item":"https:\/\/lasentinelle.dz\/"},{"@type":"ListItem","position":2,"name":"Traitement du Hirak par les m\u00e9dias fran\u00e7ais : Dans la logique coloniale et postcoloniale"}]},{"@type":"WebSite","@id":"https:\/\/lasentinelle.dz\/#website","url":"https:\/\/lasentinelle.dz\/","name":"La Sentinelle","description":"Quotidien national d&#039;information","publisher":{"@id":"https:\/\/lasentinelle.dz\/#organization"},"potentialAction":[{"@type":"SearchAction","target":{"@type":"EntryPoint","urlTemplate":"https:\/\/lasentinelle.dz\/?s={search_term_string}"},"query-input":{"@type":"PropertyValueSpecification","valueRequired":true,"valueName":"search_term_string"}}],"inLanguage":"fr-FR"},{"@type":"Organization","@id":"https:\/\/lasentinelle.dz\/#organization","name":"Quotidien La Sentinelle","url":"https:\/\/lasentinelle.dz\/","logo":{"@type":"ImageObject","inLanguage":"fr-FR","@id":"https:\/\/lasentinelle.dz\/#\/schema\/logo\/image\/","url":"https:\/\/lasentinelle.dz\/wp-content\/uploads\/2021\/09\/logo-sentinelleSLOGAN-1.png","contentUrl":"https:\/\/lasentinelle.dz\/wp-content\/uploads\/2021\/09\/logo-sentinelleSLOGAN-1.png","width":615,"height":142,"caption":"Quotidien La Sentinelle"},"image":{"@id":"https:\/\/lasentinelle.dz\/#\/schema\/logo\/image\/"},"sameAs":["https:\/\/www.facebook.com\/La-Sentinelle-104059864394773"]},{"@type":"Person","@id":"https:\/\/lasentinelle.dz\/#\/schema\/person\/d865044e22e70a75174ce8bcad3acfb3","name":"La Sentinelle","image":{"@type":"ImageObject","inLanguage":"fr-FR","@id":"https:\/\/secure.gravatar.com\/avatar\/57de8e5d4b15d43fb361a71fbb36338450fe67865b528a43dd10ef7c51a20392?s=96&d=mm&r=g","url":"https:\/\/secure.gravatar.com\/avatar\/57de8e5d4b15d43fb361a71fbb36338450fe67865b528a43dd10ef7c51a20392?s=96&d=mm&r=g","contentUrl":"https:\/\/secure.gravatar.com\/avatar\/57de8e5d4b15d43fb361a71fbb36338450fe67865b528a43dd10ef7c51a20392?s=96&d=mm&r=g","caption":"La Sentinelle"},"sameAs":["http:\/\/www.lasentinelle.dz"],"url":"https:\/\/lasentinelle.dz\/author\/redaction\/"}]}},"_links":{"self":[{"href":"https:\/\/lasentinelle.dz\/index.php\/wp-json\/wp\/v2\/posts\/8156","targetHints":{"allow":["GET"]}}],"collection":[{"href":"https:\/\/lasentinelle.dz\/index.php\/wp-json\/wp\/v2\/posts"}],"about":[{"href":"https:\/\/lasentinelle.dz\/index.php\/wp-json\/wp\/v2\/types\/post"}],"author":[{"embeddable":true,"href":"https:\/\/lasentinelle.dz\/index.php\/wp-json\/wp\/v2\/users\/3"}],"replies":[{"embeddable":true,"href":"https:\/\/lasentinelle.dz\/index.php\/wp-json\/wp\/v2\/comments?post=8156"}],"version-history":[{"count":1,"href":"https:\/\/lasentinelle.dz\/index.php\/wp-json\/wp\/v2\/posts\/8156\/revisions"}],"predecessor-version":[{"id":8161,"href":"https:\/\/lasentinelle.dz\/index.php\/wp-json\/wp\/v2\/posts\/8156\/revisions\/8161"}],"wp:featuredmedia":[{"embeddable":true,"href":"https:\/\/lasentinelle.dz\/index.php\/wp-json\/wp\/v2\/media\/8160"}],"wp:attachment":[{"href":"https:\/\/lasentinelle.dz\/index.php\/wp-json\/wp\/v2\/media?parent=8156"}],"wp:term":[{"taxonomy":"category","embeddable":true,"href":"https:\/\/lasentinelle.dz\/index.php\/wp-json\/wp\/v2\/categories?post=8156"},{"taxonomy":"post_tag","embeddable":true,"href":"https:\/\/lasentinelle.dz\/index.php\/wp-json\/wp\/v2\/tags?post=8156"}],"curies":[{"name":"wp","href":"https:\/\/api.w.org\/{rel}","templated":true}]}}