{"id":8157,"date":"2021-09-18T00:01:00","date_gmt":"2021-09-17T23:01:00","guid":{"rendered":"https:\/\/lasentinelle.dz\/?p=8157"},"modified":"2021-09-17T17:12:59","modified_gmt":"2021-09-17T16:12:59","slug":"reglement-de-la-crise-libyenne-le-role-de-lalgerie-reaffirme","status":"publish","type":"post","link":"https:\/\/lasentinelle.dz\/index.php\/2021\/09\/18\/reglement-de-la-crise-libyenne-le-role-de-lalgerie-reaffirme\/","title":{"rendered":"R\u00e8glement de la crise libyenne : Le r\u00f4le de l\u2019Alg\u00e9rie r\u00e9affirm\u00e9"},"content":{"rendered":"\n<p>En visite \u00e0 Alger, le vice-pr\u00e9sident du conseil pr\u00e9sidentiel libyen, Moussa al-Kouni, a soulign\u00e9 jeudi l\u2019importance de la coordination avec l\u2019Alg\u00e9rie dans le r\u00e8glement de la crise libyenne et le traitement des questions r\u00e9gionales.<\/p>\n\n\n\n<p>Le vice-pr\u00e9sident du conseil pr\u00e9sidentiel libyen, Moussa al-Kouni, a indiqu\u00e9 jeudi que \u00abnos visites successives en Alg\u00e9rie entrent dans le cadre des \u00e9changes et de la concertation et visent \u00e0 informer de la situation en Libye et de nos relations avec les pays voisins, notamment apr\u00e8s ma visite dans les pays voisins au sud de la Libye\u00bb. Et d\u2019ajouter au passage : \u00abil y a de nouveaux \u00e9l\u00e9ments dont il faut informer le Pr\u00e9sident Tebboune pour en discuter et nous concerter \u00e0 leur propos\u00bb. Le vice-pr\u00e9sident du Conseil pr\u00e9sidentiel libyen a insist\u00e9, \u00e9galement, sur l&rsquo;imp\u00e9rative consultation et coordination avec l&rsquo;Alg\u00e9rie de mani\u00e8re permanente concernant toutes les affaires relatives \u00e0 la Libye et \u00e0 la r\u00e9gion, rappelant l&rsquo;importance de l&rsquo;Alg\u00e9rie, \u00abla grande s\u0153ur dans la r\u00e9gion et le pays avec lequel nous devons tenir des consultations de mani\u00e8re permanente et une coordination concernant toutes les affaires relatives \u00e0 la Libye et \u00e0 la r\u00e9gion, aux plans africain, maghr\u00e9bin ou m\u00e9diterran\u00e9en\u00bb.<\/p>\n\n\n\n<p>Ce responsable a d\u00e9clar\u00e9, dans ce sens, que sa visite en Alg\u00e9rie vise \u00e0&nbsp; examiner avec le Pr\u00e9sident Tebboune \u00ables diff\u00e9rentes questions d&rsquo;int\u00e9r\u00eat commun \u00e0 commencer par les fronti\u00e8res et les pays du voisinage notamment les pays du Sud \u00e0 l&rsquo;instar du Tchad, du Niger et du Soudan et les modalit\u00e9s de coop\u00e9ration avec ces pays afin de garantir la s\u00e9curit\u00e9 des fronti\u00e8res communes\u00bb. Plus explicite, il a expliqu\u00e9 que \u00abnous avons abord\u00e9 la question de la coordination des politiques relatives \u00e0 la communication avec les diff\u00e9rentes rencontres concernant la Libye avec la participation de l&rsquo;Alg\u00e9rie\u00bb, relevant dans la foul\u00e9e \u00abl&rsquo;existence d&rsquo;un consensus total avec le Pr\u00e9sident de la R\u00e9publique qui nous a promis la reprise des vols entre Tripoli et Alger et l&rsquo;ouverture du consulat qui existait avant\u00bb. Et ce en plus des postes frontaliers de Ghadam\u00e8s et Gh\u00e2t pour le transport des marchandises entre les deux pays. Selon ce responsable libyen, cette rencontre a abord\u00e9 l&rsquo;imp\u00e9ratif de l\u2019organisation d&rsquo;\u00e9lections libyennes dans les d\u00e9lais pr\u00e9vus et les r\u00e9sultats du processus du Congr\u00e8s de Berlin. M. Al-Kouni a estim\u00e9 que \u00abces d\u00e9marches \u00e9taient tr\u00e8s importantes pour les deux peuples en vue de l&rsquo;int\u00e9gration \u00e9conomique et de la communication sociale\u00bb, soulignant que la situation en Tunisie et l&rsquo;importance de sa stabilit\u00e9 et sa sortie des crises ont \u00e9galement \u00e9t\u00e9 abord\u00e9s. Cette rencontre s&rsquo;est d\u00e9roul\u00e9e en pr\u00e9sence du ministre des Affaires \u00e9trang\u00e8res et de la Communaut\u00e9 nationale \u00e0 l&rsquo;\u00e9tranger, M. Ramtane Lamamra et du directeur de cabinet de la Pr\u00e9sidence de la R\u00e9publique, Noureddine Bardad Da\u00efdj. Rappelons que le vice-pr\u00e9sident du Conseil pr\u00e9sidentiel libyen, Moussa Al-Kouni , est arriv\u00e9 jeudi matin \u00e0 Alger dans le cadre d\u2019une visite officielle en Alg\u00e9rie.<\/p>\n\n\n\n<p><strong>Fai\u00e7al Bedjaoui<\/strong><\/p>\n","protected":false},"excerpt":{"rendered":"<p>En visite \u00e0 Alger, le vice-pr\u00e9sident du conseil pr\u00e9sidentiel libyen, Moussa al-Kouni, a soulign\u00e9 jeudi l\u2019importance de la coordination avec<\/p>\n","protected":false},"author":3,"featured_media":8162,"comment_status":"open","ping_status":"closed","sticky":false,"template":"","format":"standard","meta":{"colormag_page_container_layout":"default_layout","colormag_page_sidebar_layout":"default_layout","om_disable_all_campaigns":false,"_monsterinsights_skip_tracking":false,"_monsterinsights_sitenote_active":false,"_monsterinsights_sitenote_note":"","_monsterinsights_sitenote_category":0,"footnotes":"","_wpscppro_dont_share_socialmedia":false,"_wpscppro_custom_social_share_image":0,"_facebook_share_type":"","_twitter_share_type":"","_linkedin_share_type":"","_pinterest_share_type":"","_linkedin_share_type_page":"","_instagram_share_type":"","_medium_share_type":"","_threads_share_type":"","_google_business_share_type":"","_selected_social_profile":[],"_wpsp_enable_custom_social_template":false,"_wpsp_social_scheduling":{"enabled":false,"datetime":null,"platforms":[],"status":"template_only","dateOption":"today","timeOption":"now","customDays":"","customHours":"","customDate":"","customTime":"","schedulingType":"absolute"},"_wpsp_active_default_template":true},"categories":[27],"tags":[],"class_list":["post-8157","post","type-post","status-publish","format-standard","has-post-thumbnail","hentry","category-actualite"],"aioseo_notices":[],"yoast_head":"<!-- This site is optimized with the Yoast SEO plugin v27.5 - https:\/\/yoast.com\/product\/yoast-seo-wordpress\/ -->\n<title>R\u00e8glement de la crise libyenne : Le r\u00f4le de l\u2019Alg\u00e9rie r\u00e9affirm\u00e9 - La Sentinelle<\/title>\n<meta name=\"robots\" content=\"index, follow, max-snippet:-1, max-image-preview:large, max-video-preview:-1\" \/>\n<link rel=\"canonical\" href=\"https:\/\/lasentinelle.dz\/index.php\/2021\/09\/18\/reglement-de-la-crise-libyenne-le-role-de-lalgerie-reaffirme\/\" \/>\n<meta property=\"og:locale\" content=\"fr_FR\" \/>\n<meta property=\"og:type\" content=\"article\" \/>\n<meta property=\"og:title\" content=\"R\u00e8glement de la crise libyenne : Le r\u00f4le de l\u2019Alg\u00e9rie r\u00e9affirm\u00e9 - La Sentinelle\" \/>\n<meta property=\"og:description\" content=\"En visite \u00e0 Alger, le vice-pr\u00e9sident du conseil pr\u00e9sidentiel libyen, Moussa al-Kouni, a soulign\u00e9 jeudi l\u2019importance de la coordination avec\" \/>\n<meta property=\"og:url\" content=\"https:\/\/lasentinelle.dz\/index.php\/2021\/09\/18\/reglement-de-la-crise-libyenne-le-role-de-lalgerie-reaffirme\/\" \/>\n<meta property=\"og:site_name\" content=\"La Sentinelle\" \/>\n<meta property=\"article:publisher\" content=\"https:\/\/www.facebook.com\/La-Sentinelle-104059864394773\" \/>\n<meta property=\"article:published_time\" content=\"2021-09-17T23:01:00+00:00\" \/>\n<meta property=\"og:image\" content=\"https:\/\/lasentinelle.dz\/wp-content\/uploads\/2021\/09\/image_2021-09-17_171245.png\" \/>\n\t<meta property=\"og:image:width\" content=\"580\" \/>\n\t<meta property=\"og:image:height\" content=\"350\" \/>\n\t<meta property=\"og:image:type\" content=\"image\/png\" \/>\n<meta name=\"author\" content=\"La Sentinelle\" \/>\n<meta name=\"twitter:card\" content=\"summary_large_image\" \/>\n<meta name=\"twitter:label1\" content=\"\u00c9crit par\" \/>\n\t<meta name=\"twitter:data1\" content=\"La Sentinelle\" \/>\n\t<meta name=\"twitter:label2\" content=\"Dur\u00e9e de lecture estim\u00e9e\" \/>\n\t<meta name=\"twitter:data2\" content=\"3 minutes\" \/>\n<script type=\"application\/ld+json\" class=\"yoast-schema-graph\">{\"@context\":\"https:\\\/\\\/schema.org\",\"@graph\":[{\"@type\":\"Article\",\"@id\":\"https:\\\/\\\/lasentinelle.dz\\\/index.php\\\/2021\\\/09\\\/18\\\/reglement-de-la-crise-libyenne-le-role-de-lalgerie-reaffirme\\\/#article\",\"isPartOf\":{\"@id\":\"https:\\\/\\\/lasentinelle.dz\\\/index.php\\\/2021\\\/09\\\/18\\\/reglement-de-la-crise-libyenne-le-role-de-lalgerie-reaffirme\\\/\"},\"author\":{\"name\":\"La Sentinelle\",\"@id\":\"https:\\\/\\\/lasentinelle.dz\\\/#\\\/schema\\\/person\\\/d865044e22e70a75174ce8bcad3acfb3\"},\"headline\":\"R\u00e8glement de la crise libyenne : Le r\u00f4le de l\u2019Alg\u00e9rie r\u00e9affirm\u00e9\",\"datePublished\":\"2021-09-17T23:01:00+00:00\",\"mainEntityOfPage\":{\"@id\":\"https:\\\/\\\/lasentinelle.dz\\\/index.php\\\/2021\\\/09\\\/18\\\/reglement-de-la-crise-libyenne-le-role-de-lalgerie-reaffirme\\\/\"},\"wordCount\":559,\"commentCount\":0,\"publisher\":{\"@id\":\"https:\\\/\\\/lasentinelle.dz\\\/#organization\"},\"image\":{\"@id\":\"https:\\\/\\\/lasentinelle.dz\\\/index.php\\\/2021\\\/09\\\/18\\\/reglement-de-la-crise-libyenne-le-role-de-lalgerie-reaffirme\\\/#primaryimage\"},\"thumbnailUrl\":\"https:\\\/\\\/lasentinelle.dz\\\/wp-content\\\/uploads\\\/2021\\\/09\\\/image_2021-09-17_171245.png\",\"articleSection\":[\"Actualit\u00e9\"],\"inLanguage\":\"fr-FR\",\"potentialAction\":[{\"@type\":\"CommentAction\",\"name\":\"Comment\",\"target\":[\"https:\\\/\\\/lasentinelle.dz\\\/index.php\\\/2021\\\/09\\\/18\\\/reglement-de-la-crise-libyenne-le-role-de-lalgerie-reaffirme\\\/#respond\"]}]},{\"@type\":\"WebPage\",\"@id\":\"https:\\\/\\\/lasentinelle.dz\\\/index.php\\\/2021\\\/09\\\/18\\\/reglement-de-la-crise-libyenne-le-role-de-lalgerie-reaffirme\\\/\",\"url\":\"https:\\\/\\\/lasentinelle.dz\\\/index.php\\\/2021\\\/09\\\/18\\\/reglement-de-la-crise-libyenne-le-role-de-lalgerie-reaffirme\\\/\",\"name\":\"R\u00e8glement de la crise libyenne : Le r\u00f4le de l\u2019Alg\u00e9rie r\u00e9affirm\u00e9 - La Sentinelle\",\"isPartOf\":{\"@id\":\"https:\\\/\\\/lasentinelle.dz\\\/#website\"},\"primaryImageOfPage\":{\"@id\":\"https:\\\/\\\/lasentinelle.dz\\\/index.php\\\/2021\\\/09\\\/18\\\/reglement-de-la-crise-libyenne-le-role-de-lalgerie-reaffirme\\\/#primaryimage\"},\"image\":{\"@id\":\"https:\\\/\\\/lasentinelle.dz\\\/index.php\\\/2021\\\/09\\\/18\\\/reglement-de-la-crise-libyenne-le-role-de-lalgerie-reaffirme\\\/#primaryimage\"},\"thumbnailUrl\":\"https:\\\/\\\/lasentinelle.dz\\\/wp-content\\\/uploads\\\/2021\\\/09\\\/image_2021-09-17_171245.png\",\"datePublished\":\"2021-09-17T23:01:00+00:00\",\"breadcrumb\":{\"@id\":\"https:\\\/\\\/lasentinelle.dz\\\/index.php\\\/2021\\\/09\\\/18\\\/reglement-de-la-crise-libyenne-le-role-de-lalgerie-reaffirme\\\/#breadcrumb\"},\"inLanguage\":\"fr-FR\",\"potentialAction\":[{\"@type\":\"ReadAction\",\"target\":[\"https:\\\/\\\/lasentinelle.dz\\\/index.php\\\/2021\\\/09\\\/18\\\/reglement-de-la-crise-libyenne-le-role-de-lalgerie-reaffirme\\\/\"]}]},{\"@type\":\"ImageObject\",\"inLanguage\":\"fr-FR\",\"@id\":\"https:\\\/\\\/lasentinelle.dz\\\/index.php\\\/2021\\\/09\\\/18\\\/reglement-de-la-crise-libyenne-le-role-de-lalgerie-reaffirme\\\/#primaryimage\",\"url\":\"https:\\\/\\\/lasentinelle.dz\\\/wp-content\\\/uploads\\\/2021\\\/09\\\/image_2021-09-17_171245.png\",\"contentUrl\":\"https:\\\/\\\/lasentinelle.dz\\\/wp-content\\\/uploads\\\/2021\\\/09\\\/image_2021-09-17_171245.png\",\"width\":580,\"height\":350},{\"@type\":\"BreadcrumbList\",\"@id\":\"https:\\\/\\\/lasentinelle.dz\\\/index.php\\\/2021\\\/09\\\/18\\\/reglement-de-la-crise-libyenne-le-role-de-lalgerie-reaffirme\\\/#breadcrumb\",\"itemListElement\":[{\"@type\":\"ListItem\",\"position\":1,\"name\":\"Accueil\",\"item\":\"https:\\\/\\\/lasentinelle.dz\\\/\"},{\"@type\":\"ListItem\",\"position\":2,\"name\":\"R\u00e8glement de la crise libyenne : Le r\u00f4le de l\u2019Alg\u00e9rie r\u00e9affirm\u00e9\"}]},{\"@type\":\"WebSite\",\"@id\":\"https:\\\/\\\/lasentinelle.dz\\\/#website\",\"url\":\"https:\\\/\\\/lasentinelle.dz\\\/\",\"name\":\"La Sentinelle\",\"description\":\"Quotidien national d&#039;information\",\"publisher\":{\"@id\":\"https:\\\/\\\/lasentinelle.dz\\\/#organization\"},\"potentialAction\":[{\"@type\":\"SearchAction\",\"target\":{\"@type\":\"EntryPoint\",\"urlTemplate\":\"https:\\\/\\\/lasentinelle.dz\\\/?s={search_term_string}\"},\"query-input\":{\"@type\":\"PropertyValueSpecification\",\"valueRequired\":true,\"valueName\":\"search_term_string\"}}],\"inLanguage\":\"fr-FR\"},{\"@type\":\"Organization\",\"@id\":\"https:\\\/\\\/lasentinelle.dz\\\/#organization\",\"name\":\"Quotidien La Sentinelle\",\"url\":\"https:\\\/\\\/lasentinelle.dz\\\/\",\"logo\":{\"@type\":\"ImageObject\",\"inLanguage\":\"fr-FR\",\"@id\":\"https:\\\/\\\/lasentinelle.dz\\\/#\\\/schema\\\/logo\\\/image\\\/\",\"url\":\"https:\\\/\\\/lasentinelle.dz\\\/wp-content\\\/uploads\\\/2021\\\/09\\\/logo-sentinelleSLOGAN-1.png\",\"contentUrl\":\"https:\\\/\\\/lasentinelle.dz\\\/wp-content\\\/uploads\\\/2021\\\/09\\\/logo-sentinelleSLOGAN-1.png\",\"width\":615,\"height\":142,\"caption\":\"Quotidien La Sentinelle\"},\"image\":{\"@id\":\"https:\\\/\\\/lasentinelle.dz\\\/#\\\/schema\\\/logo\\\/image\\\/\"},\"sameAs\":[\"https:\\\/\\\/www.facebook.com\\\/La-Sentinelle-104059864394773\"]},{\"@type\":\"Person\",\"@id\":\"https:\\\/\\\/lasentinelle.dz\\\/#\\\/schema\\\/person\\\/d865044e22e70a75174ce8bcad3acfb3\",\"name\":\"La Sentinelle\",\"image\":{\"@type\":\"ImageObject\",\"inLanguage\":\"fr-FR\",\"@id\":\"https:\\\/\\\/secure.gravatar.com\\\/avatar\\\/57de8e5d4b15d43fb361a71fbb36338450fe67865b528a43dd10ef7c51a20392?s=96&d=mm&r=g\",\"url\":\"https:\\\/\\\/secure.gravatar.com\\\/avatar\\\/57de8e5d4b15d43fb361a71fbb36338450fe67865b528a43dd10ef7c51a20392?s=96&d=mm&r=g\",\"contentUrl\":\"https:\\\/\\\/secure.gravatar.com\\\/avatar\\\/57de8e5d4b15d43fb361a71fbb36338450fe67865b528a43dd10ef7c51a20392?s=96&d=mm&r=g\",\"caption\":\"La Sentinelle\"},\"sameAs\":[\"http:\\\/\\\/www.lasentinelle.dz\"],\"url\":\"https:\\\/\\\/lasentinelle.dz\\\/author\\\/redaction\\\/\"}]}<\/script>\n<!-- \/ Yoast SEO plugin. -->","yoast_head_json":{"title":"R\u00e8glement de la crise libyenne : Le r\u00f4le de l\u2019Alg\u00e9rie r\u00e9affirm\u00e9 - La Sentinelle","robots":{"index":"index","follow":"follow","max-snippet":"max-snippet:-1","max-image-preview":"max-image-preview:large","max-video-preview":"max-video-preview:-1"},"canonical":"https:\/\/lasentinelle.dz\/index.php\/2021\/09\/18\/reglement-de-la-crise-libyenne-le-role-de-lalgerie-reaffirme\/","og_locale":"fr_FR","og_type":"article","og_title":"R\u00e8glement de la crise libyenne : Le r\u00f4le de l\u2019Alg\u00e9rie r\u00e9affirm\u00e9 - La Sentinelle","og_description":"En visite \u00e0 Alger, le vice-pr\u00e9sident du conseil pr\u00e9sidentiel libyen, Moussa al-Kouni, a soulign\u00e9 jeudi l\u2019importance de la coordination avec","og_url":"https:\/\/lasentinelle.dz\/index.php\/2021\/09\/18\/reglement-de-la-crise-libyenne-le-role-de-lalgerie-reaffirme\/","og_site_name":"La Sentinelle","article_publisher":"https:\/\/www.facebook.com\/La-Sentinelle-104059864394773","article_published_time":"2021-09-17T23:01:00+00:00","og_image":[{"width":580,"height":350,"url":"https:\/\/lasentinelle.dz\/wp-content\/uploads\/2021\/09\/image_2021-09-17_171245.png","type":"image\/png"}],"author":"La Sentinelle","twitter_card":"summary_large_image","twitter_misc":{"\u00c9crit par":"La Sentinelle","Dur\u00e9e de lecture estim\u00e9e":"3 minutes"},"schema":{"@context":"https:\/\/schema.org","@graph":[{"@type":"Article","@id":"https:\/\/lasentinelle.dz\/index.php\/2021\/09\/18\/reglement-de-la-crise-libyenne-le-role-de-lalgerie-reaffirme\/#article","isPartOf":{"@id":"https:\/\/lasentinelle.dz\/index.php\/2021\/09\/18\/reglement-de-la-crise-libyenne-le-role-de-lalgerie-reaffirme\/"},"author":{"name":"La Sentinelle","@id":"https:\/\/lasentinelle.dz\/#\/schema\/person\/d865044e22e70a75174ce8bcad3acfb3"},"headline":"R\u00e8glement de la crise libyenne : Le r\u00f4le de l\u2019Alg\u00e9rie r\u00e9affirm\u00e9","datePublished":"2021-09-17T23:01:00+00:00","mainEntityOfPage":{"@id":"https:\/\/lasentinelle.dz\/index.php\/2021\/09\/18\/reglement-de-la-crise-libyenne-le-role-de-lalgerie-reaffirme\/"},"wordCount":559,"commentCount":0,"publisher":{"@id":"https:\/\/lasentinelle.dz\/#organization"},"image":{"@id":"https:\/\/lasentinelle.dz\/index.php\/2021\/09\/18\/reglement-de-la-crise-libyenne-le-role-de-lalgerie-reaffirme\/#primaryimage"},"thumbnailUrl":"https:\/\/lasentinelle.dz\/wp-content\/uploads\/2021\/09\/image_2021-09-17_171245.png","articleSection":["Actualit\u00e9"],"inLanguage":"fr-FR","potentialAction":[{"@type":"CommentAction","name":"Comment","target":["https:\/\/lasentinelle.dz\/index.php\/2021\/09\/18\/reglement-de-la-crise-libyenne-le-role-de-lalgerie-reaffirme\/#respond"]}]},{"@type":"WebPage","@id":"https:\/\/lasentinelle.dz\/index.php\/2021\/09\/18\/reglement-de-la-crise-libyenne-le-role-de-lalgerie-reaffirme\/","url":"https:\/\/lasentinelle.dz\/index.php\/2021\/09\/18\/reglement-de-la-crise-libyenne-le-role-de-lalgerie-reaffirme\/","name":"R\u00e8glement de la crise libyenne : Le r\u00f4le de l\u2019Alg\u00e9rie r\u00e9affirm\u00e9 - La Sentinelle","isPartOf":{"@id":"https:\/\/lasentinelle.dz\/#website"},"primaryImageOfPage":{"@id":"https:\/\/lasentinelle.dz\/index.php\/2021\/09\/18\/reglement-de-la-crise-libyenne-le-role-de-lalgerie-reaffirme\/#primaryimage"},"image":{"@id":"https:\/\/lasentinelle.dz\/index.php\/2021\/09\/18\/reglement-de-la-crise-libyenne-le-role-de-lalgerie-reaffirme\/#primaryimage"},"thumbnailUrl":"https:\/\/lasentinelle.dz\/wp-content\/uploads\/2021\/09\/image_2021-09-17_171245.png","datePublished":"2021-09-17T23:01:00+00:00","breadcrumb":{"@id":"https:\/\/lasentinelle.dz\/index.php\/2021\/09\/18\/reglement-de-la-crise-libyenne-le-role-de-lalgerie-reaffirme\/#breadcrumb"},"inLanguage":"fr-FR","potentialAction":[{"@type":"ReadAction","target":["https:\/\/lasentinelle.dz\/index.php\/2021\/09\/18\/reglement-de-la-crise-libyenne-le-role-de-lalgerie-reaffirme\/"]}]},{"@type":"ImageObject","inLanguage":"fr-FR","@id":"https:\/\/lasentinelle.dz\/index.php\/2021\/09\/18\/reglement-de-la-crise-libyenne-le-role-de-lalgerie-reaffirme\/#primaryimage","url":"https:\/\/lasentinelle.dz\/wp-content\/uploads\/2021\/09\/image_2021-09-17_171245.png","contentUrl":"https:\/\/lasentinelle.dz\/wp-content\/uploads\/2021\/09\/image_2021-09-17_171245.png","width":580,"height":350},{"@type":"BreadcrumbList","@id":"https:\/\/lasentinelle.dz\/index.php\/2021\/09\/18\/reglement-de-la-crise-libyenne-le-role-de-lalgerie-reaffirme\/#breadcrumb","itemListElement":[{"@type":"ListItem","position":1,"name":"Accueil","item":"https:\/\/lasentinelle.dz\/"},{"@type":"ListItem","position":2,"name":"R\u00e8glement de la crise libyenne : Le r\u00f4le de l\u2019Alg\u00e9rie r\u00e9affirm\u00e9"}]},{"@type":"WebSite","@id":"https:\/\/lasentinelle.dz\/#website","url":"https:\/\/lasentinelle.dz\/","name":"La Sentinelle","description":"Quotidien national d&#039;information","publisher":{"@id":"https:\/\/lasentinelle.dz\/#organization"},"potentialAction":[{"@type":"SearchAction","target":{"@type":"EntryPoint","urlTemplate":"https:\/\/lasentinelle.dz\/?s={search_term_string}"},"query-input":{"@type":"PropertyValueSpecification","valueRequired":true,"valueName":"search_term_string"}}],"inLanguage":"fr-FR"},{"@type":"Organization","@id":"https:\/\/lasentinelle.dz\/#organization","name":"Quotidien La Sentinelle","url":"https:\/\/lasentinelle.dz\/","logo":{"@type":"ImageObject","inLanguage":"fr-FR","@id":"https:\/\/lasentinelle.dz\/#\/schema\/logo\/image\/","url":"https:\/\/lasentinelle.dz\/wp-content\/uploads\/2021\/09\/logo-sentinelleSLOGAN-1.png","contentUrl":"https:\/\/lasentinelle.dz\/wp-content\/uploads\/2021\/09\/logo-sentinelleSLOGAN-1.png","width":615,"height":142,"caption":"Quotidien La Sentinelle"},"image":{"@id":"https:\/\/lasentinelle.dz\/#\/schema\/logo\/image\/"},"sameAs":["https:\/\/www.facebook.com\/La-Sentinelle-104059864394773"]},{"@type":"Person","@id":"https:\/\/lasentinelle.dz\/#\/schema\/person\/d865044e22e70a75174ce8bcad3acfb3","name":"La Sentinelle","image":{"@type":"ImageObject","inLanguage":"fr-FR","@id":"https:\/\/secure.gravatar.com\/avatar\/57de8e5d4b15d43fb361a71fbb36338450fe67865b528a43dd10ef7c51a20392?s=96&d=mm&r=g","url":"https:\/\/secure.gravatar.com\/avatar\/57de8e5d4b15d43fb361a71fbb36338450fe67865b528a43dd10ef7c51a20392?s=96&d=mm&r=g","contentUrl":"https:\/\/secure.gravatar.com\/avatar\/57de8e5d4b15d43fb361a71fbb36338450fe67865b528a43dd10ef7c51a20392?s=96&d=mm&r=g","caption":"La Sentinelle"},"sameAs":["http:\/\/www.lasentinelle.dz"],"url":"https:\/\/lasentinelle.dz\/author\/redaction\/"}]}},"_links":{"self":[{"href":"https:\/\/lasentinelle.dz\/index.php\/wp-json\/wp\/v2\/posts\/8157","targetHints":{"allow":["GET"]}}],"collection":[{"href":"https:\/\/lasentinelle.dz\/index.php\/wp-json\/wp\/v2\/posts"}],"about":[{"href":"https:\/\/lasentinelle.dz\/index.php\/wp-json\/wp\/v2\/types\/post"}],"author":[{"embeddable":true,"href":"https:\/\/lasentinelle.dz\/index.php\/wp-json\/wp\/v2\/users\/3"}],"replies":[{"embeddable":true,"href":"https:\/\/lasentinelle.dz\/index.php\/wp-json\/wp\/v2\/comments?post=8157"}],"version-history":[{"count":1,"href":"https:\/\/lasentinelle.dz\/index.php\/wp-json\/wp\/v2\/posts\/8157\/revisions"}],"predecessor-version":[{"id":8163,"href":"https:\/\/lasentinelle.dz\/index.php\/wp-json\/wp\/v2\/posts\/8157\/revisions\/8163"}],"wp:featuredmedia":[{"embeddable":true,"href":"https:\/\/lasentinelle.dz\/index.php\/wp-json\/wp\/v2\/media\/8162"}],"wp:attachment":[{"href":"https:\/\/lasentinelle.dz\/index.php\/wp-json\/wp\/v2\/media?parent=8157"}],"wp:term":[{"taxonomy":"category","embeddable":true,"href":"https:\/\/lasentinelle.dz\/index.php\/wp-json\/wp\/v2\/categories?post=8157"},{"taxonomy":"post_tag","embeddable":true,"href":"https:\/\/lasentinelle.dz\/index.php\/wp-json\/wp\/v2\/tags?post=8157"}],"curies":[{"name":"wp","href":"https:\/\/api.w.org\/{rel}","templated":true}]}}