{"id":8173,"date":"2021-09-18T00:01:00","date_gmt":"2021-09-17T23:01:00","guid":{"rendered":"https:\/\/lasentinelle.dz\/?p=8173"},"modified":"2021-09-17T18:03:36","modified_gmt":"2021-09-17T17:03:36","slug":"hausse-des-prix-intrants-des-mesures-durgence-en-faveur-des-agriculteurs","status":"publish","type":"post","link":"https:\/\/lasentinelle.dz\/index.php\/2021\/09\/18\/hausse-des-prix-intrants-des-mesures-durgence-en-faveur-des-agriculteurs\/","title":{"rendered":"Hausse des prix intrants : Des mesures d&rsquo;urgence en faveur des agriculteurs"},"content":{"rendered":"\n<p>La hausse des prix des produits alimentaires met \u00e0 mal le pouvoir d\u2019achat des m\u00e9nages. Aussi et en plus du renforcement des contr\u00f4les en aval sur les march\u00e9s, les d\u00e9partements de l\u2019agriculture et de la p\u00eache ont pris une s\u00e9rie de mesures en amont pour abaisser la pression, notamment en ce qui concerne le pris des intrants et les espaces de commercialisation des produits.<\/p>\n\n\n\n<p>Le ministre de l&rsquo;Agriculture et du d\u00e9veloppement rural, Abdelhamid Hemdani, a indiqu\u00e9 jeudi que des mesures&nbsp;&nbsp; d&rsquo;urgence ont \u00e9t\u00e9 prise en direction des agriculteurs impact\u00e9s par la hausse des prix des intrants agricoles sur le march\u00e9 international, a annonc\u00e9 jeudi un communiqu\u00e9 du m\u00eame minist\u00e8re qui pr\u00e9cise que ces derni\u00e8res ont \u00e9t\u00e9 prises pour att\u00e9nuer l&rsquo;impact sur l&rsquo;activit\u00e9 agricole au niveau national suite \u00e0 la hausse des prix des intrants agricoles sur le march\u00e9 international. Elles concerneront, pr\u00e9cise le communiqu\u00e9; les agriculteurs des diff\u00e9rentes fili\u00e8res agricoles impact\u00e9es par cette envol\u00e9e des prix afin de leur permettre d&rsquo;entamer la campagne agricole dans de bonnes conditions\u00a0\u00bb.Aussi dans cette optique, explique le d\u00e9partement d\u2019Abdelhamid Hemdani, un nouveau dispositif de soutien qui consiste en l\u2019augmentation des prix de r\u00e9f\u00e9rence des diff\u00e9rentes cat\u00e9gories d&rsquo;engrais sera mis sur pied suite \u00e0 des r\u00e9unions de concertations entre l&rsquo;administration et les professionnels et qui pr\u00e9voient&nbsp; d&rsquo;autres dispositifs incitatifs ont en cours d&rsquo;\u00e9laboration par ses services, et ce, pour assurer \u00ab\u00a0un meilleur encadrement des activit\u00e9s agricoles\u00a0\u00bb.<\/p>\n\n\n\n<p>De son c\u00f4t\u00e9, et dans le cadre des m\u00eames efforts pour ma\u00eetriser les prix des produits alimentaires, le minist\u00e8re de la P\u00eache et des Ressources halieutiques pr\u00e9voit, dans l&rsquo;objectif de r\u00e9guler les prix et lutter contre la sp\u00e9culation, la cr\u00e9ation de trois march\u00e9s de gros pour commercialiser les poissons et les produits halieutiques&nbsp; dans le cadre de \u00ab\u00a0la mise en \u0153uvre de la feuille de route du minist\u00e8re visant \u00e0 organiser et \u00e0 r\u00e9guler le march\u00e9 aux poissons et \u00e0 faciliter la commercialisation et le suivi de la tra\u00e7abilit\u00e9 du produit\u00a0\u00bb.&nbsp; Ces march\u00e9s qui visent&nbsp; \u00ab\u00a0\u00e0 assurer la disponibilit\u00e9, en quantit\u00e9 et qualit\u00e9, des produits de p\u00eache et aquacoles avec diverses vari\u00e9t\u00e9s en ad\u00e9quation avec les exigences du march\u00e9\u00a0\u00bb seront r\u00e9partis \u00e0 l&rsquo;est, au centre et \u00e0 l&rsquo;ouest du pays \u00ab\u00a0en attendant la g\u00e9n\u00e9ralisation de cette op\u00e9ration dans d&rsquo;autres r\u00e9gions, a fait savoir la m\u00eame source, soulignant que le minist\u00e8re de l&rsquo;Int\u00e9rieur s&rsquo;appr\u00eate \u00e0 d\u00e9terminer les assiettes fonci\u00e8res o\u00f9 seront install\u00e9s ces march\u00e9s.<\/p>\n\n\n\n<p>\u00c9labor\u00e9 avec en collaboration avec tous les acteurs concern\u00e9s par la cha\u00eene de la distribution et dans le reste des secteurs minist\u00e9riels aff\u00e9rents, relevant \u00e9galement le r\u00f4le primordial des march\u00e9s de gros dans la m\u00e9diation entre les p\u00eacheurs et les vendeurs, ce projet sera marqu\u00e9 notamment par l&rsquo;interdiction qui sera faite&nbsp; \u00a0\u00bb aux p\u00eacheurs la vente directe aux vendeurs de poissons et seront oblig\u00e9s de vendre leurs produits au niveau de ces march\u00e9s afin de lutter contre la sp\u00e9culation et la r\u00e9gulation des prix\u00a0\u00bb. Le minist\u00e8re de la P\u00eache et des Ressources Halieutiques assure dans son communiqu\u00e9 que ces march\u00e9s devront \u00eatre install\u00e9s \u00ab\u00a0selon les normes internationales en mati\u00e8re de commercialisation de produits halieutiques\u00a0\u00bb, a poursuivi le responsable qui a affirm\u00e9 que ces march\u00e9s seront \u00e9galement des espaces cr\u00e9ateurs de richesse et de postes d&#8217;emploi\u00a0\u00bb.<\/p>\n\n\n\n<p><strong>Kamel Nait Ameur<\/strong><\/p>\n","protected":false},"excerpt":{"rendered":"<p>La hausse des prix des produits alimentaires met \u00e0 mal le pouvoir d\u2019achat des m\u00e9nages. Aussi et en plus du<\/p>\n","protected":false},"author":3,"featured_media":8181,"comment_status":"open","ping_status":"closed","sticky":false,"template":"","format":"standard","meta":{"colormag_page_container_layout":"default_layout","colormag_page_sidebar_layout":"default_layout","om_disable_all_campaigns":false,"_monsterinsights_skip_tracking":false,"_monsterinsights_sitenote_active":false,"_monsterinsights_sitenote_note":"","_monsterinsights_sitenote_category":0,"footnotes":"","_wpscppro_dont_share_socialmedia":false,"_wpscppro_custom_social_share_image":0,"_facebook_share_type":"","_twitter_share_type":"","_linkedin_share_type":"","_pinterest_share_type":"","_linkedin_share_type_page":"","_instagram_share_type":"","_medium_share_type":"","_threads_share_type":"","_google_business_share_type":"","_selected_social_profile":[],"_wpsp_enable_custom_social_template":false,"_wpsp_social_scheduling":{"enabled":false,"datetime":null,"platforms":[],"status":"template_only","dateOption":"today","timeOption":"now","customDays":"","customHours":"","customDate":"","customTime":"","schedulingType":"absolute"},"_wpsp_active_default_template":true},"categories":[27],"tags":[],"class_list":["post-8173","post","type-post","status-publish","format-standard","has-post-thumbnail","hentry","category-actualite"],"aioseo_notices":[],"yoast_head":"<!-- This site is optimized with the Yoast SEO plugin v27.5 - https:\/\/yoast.com\/product\/yoast-seo-wordpress\/ -->\n<title>Hausse des prix intrants : Des mesures d&#039;urgence en faveur des agriculteurs - La Sentinelle<\/title>\n<meta name=\"robots\" content=\"index, follow, max-snippet:-1, max-image-preview:large, max-video-preview:-1\" \/>\n<link rel=\"canonical\" href=\"https:\/\/lasentinelle.dz\/index.php\/2021\/09\/18\/hausse-des-prix-intrants-des-mesures-durgence-en-faveur-des-agriculteurs\/\" \/>\n<meta property=\"og:locale\" content=\"fr_FR\" \/>\n<meta property=\"og:type\" content=\"article\" \/>\n<meta property=\"og:title\" content=\"Hausse des prix intrants : Des mesures d&#039;urgence en faveur des agriculteurs - La Sentinelle\" \/>\n<meta property=\"og:description\" content=\"La hausse des prix des produits alimentaires met \u00e0 mal le pouvoir d\u2019achat des m\u00e9nages. Aussi et en plus du\" \/>\n<meta property=\"og:url\" content=\"https:\/\/lasentinelle.dz\/index.php\/2021\/09\/18\/hausse-des-prix-intrants-des-mesures-durgence-en-faveur-des-agriculteurs\/\" \/>\n<meta property=\"og:site_name\" content=\"La Sentinelle\" \/>\n<meta property=\"article:publisher\" content=\"https:\/\/www.facebook.com\/La-Sentinelle-104059864394773\" \/>\n<meta property=\"article:published_time\" content=\"2021-09-17T23:01:00+00:00\" \/>\n<meta property=\"og:image\" content=\"https:\/\/lasentinelle.dz\/wp-content\/uploads\/2021\/09\/image_2021-09-17_180306.png\" \/>\n\t<meta property=\"og:image:width\" content=\"580\" \/>\n\t<meta property=\"og:image:height\" content=\"350\" \/>\n\t<meta property=\"og:image:type\" content=\"image\/png\" \/>\n<meta name=\"author\" content=\"La Sentinelle\" \/>\n<meta name=\"twitter:card\" content=\"summary_large_image\" \/>\n<meta name=\"twitter:label1\" content=\"\u00c9crit par\" \/>\n\t<meta name=\"twitter:data1\" content=\"La Sentinelle\" \/>\n\t<meta name=\"twitter:label2\" content=\"Dur\u00e9e de lecture estim\u00e9e\" \/>\n\t<meta name=\"twitter:data2\" content=\"3 minutes\" \/>\n<script type=\"application\/ld+json\" class=\"yoast-schema-graph\">{\"@context\":\"https:\\\/\\\/schema.org\",\"@graph\":[{\"@type\":\"Article\",\"@id\":\"https:\\\/\\\/lasentinelle.dz\\\/index.php\\\/2021\\\/09\\\/18\\\/hausse-des-prix-intrants-des-mesures-durgence-en-faveur-des-agriculteurs\\\/#article\",\"isPartOf\":{\"@id\":\"https:\\\/\\\/lasentinelle.dz\\\/index.php\\\/2021\\\/09\\\/18\\\/hausse-des-prix-intrants-des-mesures-durgence-en-faveur-des-agriculteurs\\\/\"},\"author\":{\"name\":\"La Sentinelle\",\"@id\":\"https:\\\/\\\/lasentinelle.dz\\\/#\\\/schema\\\/person\\\/d865044e22e70a75174ce8bcad3acfb3\"},\"headline\":\"Hausse des prix intrants : Des mesures d&rsquo;urgence en faveur des agriculteurs\",\"datePublished\":\"2021-09-17T23:01:00+00:00\",\"mainEntityOfPage\":{\"@id\":\"https:\\\/\\\/lasentinelle.dz\\\/index.php\\\/2021\\\/09\\\/18\\\/hausse-des-prix-intrants-des-mesures-durgence-en-faveur-des-agriculteurs\\\/\"},\"wordCount\":639,\"commentCount\":0,\"publisher\":{\"@id\":\"https:\\\/\\\/lasentinelle.dz\\\/#organization\"},\"image\":{\"@id\":\"https:\\\/\\\/lasentinelle.dz\\\/index.php\\\/2021\\\/09\\\/18\\\/hausse-des-prix-intrants-des-mesures-durgence-en-faveur-des-agriculteurs\\\/#primaryimage\"},\"thumbnailUrl\":\"https:\\\/\\\/lasentinelle.dz\\\/wp-content\\\/uploads\\\/2021\\\/09\\\/image_2021-09-17_180306.png\",\"articleSection\":[\"Actualit\u00e9\"],\"inLanguage\":\"fr-FR\",\"potentialAction\":[{\"@type\":\"CommentAction\",\"name\":\"Comment\",\"target\":[\"https:\\\/\\\/lasentinelle.dz\\\/index.php\\\/2021\\\/09\\\/18\\\/hausse-des-prix-intrants-des-mesures-durgence-en-faveur-des-agriculteurs\\\/#respond\"]}]},{\"@type\":\"WebPage\",\"@id\":\"https:\\\/\\\/lasentinelle.dz\\\/index.php\\\/2021\\\/09\\\/18\\\/hausse-des-prix-intrants-des-mesures-durgence-en-faveur-des-agriculteurs\\\/\",\"url\":\"https:\\\/\\\/lasentinelle.dz\\\/index.php\\\/2021\\\/09\\\/18\\\/hausse-des-prix-intrants-des-mesures-durgence-en-faveur-des-agriculteurs\\\/\",\"name\":\"Hausse des prix intrants : Des mesures d'urgence en faveur des agriculteurs - La Sentinelle\",\"isPartOf\":{\"@id\":\"https:\\\/\\\/lasentinelle.dz\\\/#website\"},\"primaryImageOfPage\":{\"@id\":\"https:\\\/\\\/lasentinelle.dz\\\/index.php\\\/2021\\\/09\\\/18\\\/hausse-des-prix-intrants-des-mesures-durgence-en-faveur-des-agriculteurs\\\/#primaryimage\"},\"image\":{\"@id\":\"https:\\\/\\\/lasentinelle.dz\\\/index.php\\\/2021\\\/09\\\/18\\\/hausse-des-prix-intrants-des-mesures-durgence-en-faveur-des-agriculteurs\\\/#primaryimage\"},\"thumbnailUrl\":\"https:\\\/\\\/lasentinelle.dz\\\/wp-content\\\/uploads\\\/2021\\\/09\\\/image_2021-09-17_180306.png\",\"datePublished\":\"2021-09-17T23:01:00+00:00\",\"breadcrumb\":{\"@id\":\"https:\\\/\\\/lasentinelle.dz\\\/index.php\\\/2021\\\/09\\\/18\\\/hausse-des-prix-intrants-des-mesures-durgence-en-faveur-des-agriculteurs\\\/#breadcrumb\"},\"inLanguage\":\"fr-FR\",\"potentialAction\":[{\"@type\":\"ReadAction\",\"target\":[\"https:\\\/\\\/lasentinelle.dz\\\/index.php\\\/2021\\\/09\\\/18\\\/hausse-des-prix-intrants-des-mesures-durgence-en-faveur-des-agriculteurs\\\/\"]}]},{\"@type\":\"ImageObject\",\"inLanguage\":\"fr-FR\",\"@id\":\"https:\\\/\\\/lasentinelle.dz\\\/index.php\\\/2021\\\/09\\\/18\\\/hausse-des-prix-intrants-des-mesures-durgence-en-faveur-des-agriculteurs\\\/#primaryimage\",\"url\":\"https:\\\/\\\/lasentinelle.dz\\\/wp-content\\\/uploads\\\/2021\\\/09\\\/image_2021-09-17_180306.png\",\"contentUrl\":\"https:\\\/\\\/lasentinelle.dz\\\/wp-content\\\/uploads\\\/2021\\\/09\\\/image_2021-09-17_180306.png\",\"width\":580,\"height\":350},{\"@type\":\"BreadcrumbList\",\"@id\":\"https:\\\/\\\/lasentinelle.dz\\\/index.php\\\/2021\\\/09\\\/18\\\/hausse-des-prix-intrants-des-mesures-durgence-en-faveur-des-agriculteurs\\\/#breadcrumb\",\"itemListElement\":[{\"@type\":\"ListItem\",\"position\":1,\"name\":\"Accueil\",\"item\":\"https:\\\/\\\/lasentinelle.dz\\\/\"},{\"@type\":\"ListItem\",\"position\":2,\"name\":\"Hausse des prix intrants : Des mesures d&rsquo;urgence en faveur des agriculteurs\"}]},{\"@type\":\"WebSite\",\"@id\":\"https:\\\/\\\/lasentinelle.dz\\\/#website\",\"url\":\"https:\\\/\\\/lasentinelle.dz\\\/\",\"name\":\"La Sentinelle\",\"description\":\"Quotidien national d&#039;information\",\"publisher\":{\"@id\":\"https:\\\/\\\/lasentinelle.dz\\\/#organization\"},\"potentialAction\":[{\"@type\":\"SearchAction\",\"target\":{\"@type\":\"EntryPoint\",\"urlTemplate\":\"https:\\\/\\\/lasentinelle.dz\\\/?s={search_term_string}\"},\"query-input\":{\"@type\":\"PropertyValueSpecification\",\"valueRequired\":true,\"valueName\":\"search_term_string\"}}],\"inLanguage\":\"fr-FR\"},{\"@type\":\"Organization\",\"@id\":\"https:\\\/\\\/lasentinelle.dz\\\/#organization\",\"name\":\"Quotidien La Sentinelle\",\"url\":\"https:\\\/\\\/lasentinelle.dz\\\/\",\"logo\":{\"@type\":\"ImageObject\",\"inLanguage\":\"fr-FR\",\"@id\":\"https:\\\/\\\/lasentinelle.dz\\\/#\\\/schema\\\/logo\\\/image\\\/\",\"url\":\"https:\\\/\\\/lasentinelle.dz\\\/wp-content\\\/uploads\\\/2021\\\/09\\\/logo-sentinelleSLOGAN-1.png\",\"contentUrl\":\"https:\\\/\\\/lasentinelle.dz\\\/wp-content\\\/uploads\\\/2021\\\/09\\\/logo-sentinelleSLOGAN-1.png\",\"width\":615,\"height\":142,\"caption\":\"Quotidien La Sentinelle\"},\"image\":{\"@id\":\"https:\\\/\\\/lasentinelle.dz\\\/#\\\/schema\\\/logo\\\/image\\\/\"},\"sameAs\":[\"https:\\\/\\\/www.facebook.com\\\/La-Sentinelle-104059864394773\"]},{\"@type\":\"Person\",\"@id\":\"https:\\\/\\\/lasentinelle.dz\\\/#\\\/schema\\\/person\\\/d865044e22e70a75174ce8bcad3acfb3\",\"name\":\"La Sentinelle\",\"image\":{\"@type\":\"ImageObject\",\"inLanguage\":\"fr-FR\",\"@id\":\"https:\\\/\\\/secure.gravatar.com\\\/avatar\\\/57de8e5d4b15d43fb361a71fbb36338450fe67865b528a43dd10ef7c51a20392?s=96&d=mm&r=g\",\"url\":\"https:\\\/\\\/secure.gravatar.com\\\/avatar\\\/57de8e5d4b15d43fb361a71fbb36338450fe67865b528a43dd10ef7c51a20392?s=96&d=mm&r=g\",\"contentUrl\":\"https:\\\/\\\/secure.gravatar.com\\\/avatar\\\/57de8e5d4b15d43fb361a71fbb36338450fe67865b528a43dd10ef7c51a20392?s=96&d=mm&r=g\",\"caption\":\"La Sentinelle\"},\"sameAs\":[\"http:\\\/\\\/www.lasentinelle.dz\"],\"url\":\"https:\\\/\\\/lasentinelle.dz\\\/author\\\/redaction\\\/\"}]}<\/script>\n<!-- \/ Yoast SEO plugin. -->","yoast_head_json":{"title":"Hausse des prix intrants : Des mesures d'urgence en faveur des agriculteurs - La Sentinelle","robots":{"index":"index","follow":"follow","max-snippet":"max-snippet:-1","max-image-preview":"max-image-preview:large","max-video-preview":"max-video-preview:-1"},"canonical":"https:\/\/lasentinelle.dz\/index.php\/2021\/09\/18\/hausse-des-prix-intrants-des-mesures-durgence-en-faveur-des-agriculteurs\/","og_locale":"fr_FR","og_type":"article","og_title":"Hausse des prix intrants : Des mesures d'urgence en faveur des agriculteurs - La Sentinelle","og_description":"La hausse des prix des produits alimentaires met \u00e0 mal le pouvoir d\u2019achat des m\u00e9nages. Aussi et en plus du","og_url":"https:\/\/lasentinelle.dz\/index.php\/2021\/09\/18\/hausse-des-prix-intrants-des-mesures-durgence-en-faveur-des-agriculteurs\/","og_site_name":"La Sentinelle","article_publisher":"https:\/\/www.facebook.com\/La-Sentinelle-104059864394773","article_published_time":"2021-09-17T23:01:00+00:00","og_image":[{"width":580,"height":350,"url":"https:\/\/lasentinelle.dz\/wp-content\/uploads\/2021\/09\/image_2021-09-17_180306.png","type":"image\/png"}],"author":"La Sentinelle","twitter_card":"summary_large_image","twitter_misc":{"\u00c9crit par":"La Sentinelle","Dur\u00e9e de lecture estim\u00e9e":"3 minutes"},"schema":{"@context":"https:\/\/schema.org","@graph":[{"@type":"Article","@id":"https:\/\/lasentinelle.dz\/index.php\/2021\/09\/18\/hausse-des-prix-intrants-des-mesures-durgence-en-faveur-des-agriculteurs\/#article","isPartOf":{"@id":"https:\/\/lasentinelle.dz\/index.php\/2021\/09\/18\/hausse-des-prix-intrants-des-mesures-durgence-en-faveur-des-agriculteurs\/"},"author":{"name":"La Sentinelle","@id":"https:\/\/lasentinelle.dz\/#\/schema\/person\/d865044e22e70a75174ce8bcad3acfb3"},"headline":"Hausse des prix intrants : Des mesures d&rsquo;urgence en faveur des agriculteurs","datePublished":"2021-09-17T23:01:00+00:00","mainEntityOfPage":{"@id":"https:\/\/lasentinelle.dz\/index.php\/2021\/09\/18\/hausse-des-prix-intrants-des-mesures-durgence-en-faveur-des-agriculteurs\/"},"wordCount":639,"commentCount":0,"publisher":{"@id":"https:\/\/lasentinelle.dz\/#organization"},"image":{"@id":"https:\/\/lasentinelle.dz\/index.php\/2021\/09\/18\/hausse-des-prix-intrants-des-mesures-durgence-en-faveur-des-agriculteurs\/#primaryimage"},"thumbnailUrl":"https:\/\/lasentinelle.dz\/wp-content\/uploads\/2021\/09\/image_2021-09-17_180306.png","articleSection":["Actualit\u00e9"],"inLanguage":"fr-FR","potentialAction":[{"@type":"CommentAction","name":"Comment","target":["https:\/\/lasentinelle.dz\/index.php\/2021\/09\/18\/hausse-des-prix-intrants-des-mesures-durgence-en-faveur-des-agriculteurs\/#respond"]}]},{"@type":"WebPage","@id":"https:\/\/lasentinelle.dz\/index.php\/2021\/09\/18\/hausse-des-prix-intrants-des-mesures-durgence-en-faveur-des-agriculteurs\/","url":"https:\/\/lasentinelle.dz\/index.php\/2021\/09\/18\/hausse-des-prix-intrants-des-mesures-durgence-en-faveur-des-agriculteurs\/","name":"Hausse des prix intrants : Des mesures d'urgence en faveur des agriculteurs - La Sentinelle","isPartOf":{"@id":"https:\/\/lasentinelle.dz\/#website"},"primaryImageOfPage":{"@id":"https:\/\/lasentinelle.dz\/index.php\/2021\/09\/18\/hausse-des-prix-intrants-des-mesures-durgence-en-faveur-des-agriculteurs\/#primaryimage"},"image":{"@id":"https:\/\/lasentinelle.dz\/index.php\/2021\/09\/18\/hausse-des-prix-intrants-des-mesures-durgence-en-faveur-des-agriculteurs\/#primaryimage"},"thumbnailUrl":"https:\/\/lasentinelle.dz\/wp-content\/uploads\/2021\/09\/image_2021-09-17_180306.png","datePublished":"2021-09-17T23:01:00+00:00","breadcrumb":{"@id":"https:\/\/lasentinelle.dz\/index.php\/2021\/09\/18\/hausse-des-prix-intrants-des-mesures-durgence-en-faveur-des-agriculteurs\/#breadcrumb"},"inLanguage":"fr-FR","potentialAction":[{"@type":"ReadAction","target":["https:\/\/lasentinelle.dz\/index.php\/2021\/09\/18\/hausse-des-prix-intrants-des-mesures-durgence-en-faveur-des-agriculteurs\/"]}]},{"@type":"ImageObject","inLanguage":"fr-FR","@id":"https:\/\/lasentinelle.dz\/index.php\/2021\/09\/18\/hausse-des-prix-intrants-des-mesures-durgence-en-faveur-des-agriculteurs\/#primaryimage","url":"https:\/\/lasentinelle.dz\/wp-content\/uploads\/2021\/09\/image_2021-09-17_180306.png","contentUrl":"https:\/\/lasentinelle.dz\/wp-content\/uploads\/2021\/09\/image_2021-09-17_180306.png","width":580,"height":350},{"@type":"BreadcrumbList","@id":"https:\/\/lasentinelle.dz\/index.php\/2021\/09\/18\/hausse-des-prix-intrants-des-mesures-durgence-en-faveur-des-agriculteurs\/#breadcrumb","itemListElement":[{"@type":"ListItem","position":1,"name":"Accueil","item":"https:\/\/lasentinelle.dz\/"},{"@type":"ListItem","position":2,"name":"Hausse des prix intrants : Des mesures d&rsquo;urgence en faveur des agriculteurs"}]},{"@type":"WebSite","@id":"https:\/\/lasentinelle.dz\/#website","url":"https:\/\/lasentinelle.dz\/","name":"La Sentinelle","description":"Quotidien national d&#039;information","publisher":{"@id":"https:\/\/lasentinelle.dz\/#organization"},"potentialAction":[{"@type":"SearchAction","target":{"@type":"EntryPoint","urlTemplate":"https:\/\/lasentinelle.dz\/?s={search_term_string}"},"query-input":{"@type":"PropertyValueSpecification","valueRequired":true,"valueName":"search_term_string"}}],"inLanguage":"fr-FR"},{"@type":"Organization","@id":"https:\/\/lasentinelle.dz\/#organization","name":"Quotidien La Sentinelle","url":"https:\/\/lasentinelle.dz\/","logo":{"@type":"ImageObject","inLanguage":"fr-FR","@id":"https:\/\/lasentinelle.dz\/#\/schema\/logo\/image\/","url":"https:\/\/lasentinelle.dz\/wp-content\/uploads\/2021\/09\/logo-sentinelleSLOGAN-1.png","contentUrl":"https:\/\/lasentinelle.dz\/wp-content\/uploads\/2021\/09\/logo-sentinelleSLOGAN-1.png","width":615,"height":142,"caption":"Quotidien La Sentinelle"},"image":{"@id":"https:\/\/lasentinelle.dz\/#\/schema\/logo\/image\/"},"sameAs":["https:\/\/www.facebook.com\/La-Sentinelle-104059864394773"]},{"@type":"Person","@id":"https:\/\/lasentinelle.dz\/#\/schema\/person\/d865044e22e70a75174ce8bcad3acfb3","name":"La Sentinelle","image":{"@type":"ImageObject","inLanguage":"fr-FR","@id":"https:\/\/secure.gravatar.com\/avatar\/57de8e5d4b15d43fb361a71fbb36338450fe67865b528a43dd10ef7c51a20392?s=96&d=mm&r=g","url":"https:\/\/secure.gravatar.com\/avatar\/57de8e5d4b15d43fb361a71fbb36338450fe67865b528a43dd10ef7c51a20392?s=96&d=mm&r=g","contentUrl":"https:\/\/secure.gravatar.com\/avatar\/57de8e5d4b15d43fb361a71fbb36338450fe67865b528a43dd10ef7c51a20392?s=96&d=mm&r=g","caption":"La Sentinelle"},"sameAs":["http:\/\/www.lasentinelle.dz"],"url":"https:\/\/lasentinelle.dz\/author\/redaction\/"}]}},"_links":{"self":[{"href":"https:\/\/lasentinelle.dz\/index.php\/wp-json\/wp\/v2\/posts\/8173","targetHints":{"allow":["GET"]}}],"collection":[{"href":"https:\/\/lasentinelle.dz\/index.php\/wp-json\/wp\/v2\/posts"}],"about":[{"href":"https:\/\/lasentinelle.dz\/index.php\/wp-json\/wp\/v2\/types\/post"}],"author":[{"embeddable":true,"href":"https:\/\/lasentinelle.dz\/index.php\/wp-json\/wp\/v2\/users\/3"}],"replies":[{"embeddable":true,"href":"https:\/\/lasentinelle.dz\/index.php\/wp-json\/wp\/v2\/comments?post=8173"}],"version-history":[{"count":1,"href":"https:\/\/lasentinelle.dz\/index.php\/wp-json\/wp\/v2\/posts\/8173\/revisions"}],"predecessor-version":[{"id":8182,"href":"https:\/\/lasentinelle.dz\/index.php\/wp-json\/wp\/v2\/posts\/8173\/revisions\/8182"}],"wp:featuredmedia":[{"embeddable":true,"href":"https:\/\/lasentinelle.dz\/index.php\/wp-json\/wp\/v2\/media\/8181"}],"wp:attachment":[{"href":"https:\/\/lasentinelle.dz\/index.php\/wp-json\/wp\/v2\/media?parent=8173"}],"wp:term":[{"taxonomy":"category","embeddable":true,"href":"https:\/\/lasentinelle.dz\/index.php\/wp-json\/wp\/v2\/categories?post=8173"},{"taxonomy":"post_tag","embeddable":true,"href":"https:\/\/lasentinelle.dz\/index.php\/wp-json\/wp\/v2\/tags?post=8173"}],"curies":[{"name":"wp","href":"https:\/\/api.w.org\/{rel}","templated":true}]}}