{"id":8194,"date":"2021-09-18T00:23:00","date_gmt":"2021-09-17T23:23:00","guid":{"rendered":"https:\/\/lasentinelle.dz\/?p=8194"},"modified":"2021-09-17T19:37:09","modified_gmt":"2021-09-17T18:37:09","slug":"depenses-publiques-et-financement-de-leconomie-un-nouveau-modele-de-gouvernance","status":"publish","type":"post","link":"https:\/\/lasentinelle.dz\/index.php\/2021\/09\/18\/depenses-publiques-et-financement-de-leconomie-un-nouveau-modele-de-gouvernance\/","title":{"rendered":"D\u00e9penses publiques et financement de l\u2019\u00e9conomie : Un nouveau mod\u00e8le de gouvernance"},"content":{"rendered":"\n<p>R\u00e9forme des subventions, assainissement des finances publiques, rationalisation des d\u00e9penses publiques recours au partenariat public-priv\u00e9 et aux march\u00e9s financiers ainsi que la restructuration des entreprises publiques qui devront d\u00e9sormais se passer de l\u2019aide de l\u2019\u00c9tat. Voil\u00e0 la feuille de route que le gouvernement Benabderrahmane s\u2019est trac\u00e9 pour r\u00e9former le mod\u00e8le de financement et de gestion du budget de l\u2019\u00c9tat et de l\u2019\u00e9conomie nationale.<\/p>\n\n\n\n<p>Jeudi, lors de son second passage devant les d\u00e9put\u00e9s, le Premier ministre et ministre des Finances, A\u00efmene Benabderrahmane, a d\u00e9roul\u00e9 son programme pour la r\u00e9forme des finances de l\u2019\u00c9tat. Et le mot d\u2019ordre est rationalisation. Une rationalisation qui s\u2019appuie sur la r\u00e9vision du syst\u00e8me des subventions aux m\u00e9nages, la fin des programmes d\u2019assainissements irr\u00e9fl\u00e9chis d\u2019entreprises publiques moribondes et surtout la limitation des r\u00e9\u00e9valuations successives des projets d\u2019investissement publics. Car, la priorit\u00e9 du gouvernement Benabderrahmane est la r\u00e9forme de la gouvernance, qu\u2019elle soit politique, \u00e9conomique ou sociale. Et c\u2019est avec sa double casquette de chef de l\u2019Ex\u00e9cutif et de premier argentier que Benabderrahmane s\u2019\u00e9tale sur le programme de r\u00e9formes des politiques \u00e9conomiques et sociales et des finances publiques. Des r\u00e9formes sujettes \u00e0 d\u00e9bat, voire \u00e0 pol\u00e9mique. C\u2019est ainsi qu\u2019il est longuement revenu sur la question de la r\u00e9forme des subventions et des transferts sociaux qui sont devenus un lourd fardeau pour le budget de l\u2019\u00c9tat sans pour autant donner de l\u2019efficacit\u00e9 aux politiques de r\u00e9duction des in\u00e9galit\u00e9s et de protection des m\u00e9nages les plus vuln\u00e9rables. C\u2019est ainsi qu\u2019il a r\u00e9v\u00e9l\u00e9 que la r\u00e9forme du syst\u00e8me de subvention sociale se fera \u00ab en passant au virement au profit des familles n\u00e9cessiteuse qui b\u00e9n\u00e9ficieront d&rsquo;un revenu suppl\u00e9mentaire comme indemnisation de la hausse des prix \u00bb. Et d\u2019expliquer que \u00ab la r\u00e9forme du syst\u00e8me de subvention vise un meilleur ciblage garantissant ainsi une justice sociale \u00bb. L\u2019autre charge qui p\u00e8se sur les finances publiques est l\u2019assainissement des entreprises publiques. L\u2019approche du gouvernement change. L\u2019assainissement laisse place \u00e0 la restructuration et \u00e0 la r\u00e9forme des modes de gestion pour faire des EPE des outils de cr\u00e9ation de valeur ajout\u00e9e. Ainsi, le Premier ministre a d\u00e9clar\u00e9 qu&rsquo;\u00ab en d\u00e9pit du soutien de l&rsquo;Etat \u00e0 ces entreprises, celles-ci sont rest\u00e9es dans une situation difficile et l&rsquo;enveloppe financi\u00e8re affect\u00e9e \u00e0 leur assainissement depuis 1991 jusqu&rsquo;au 30 juin 2021 s&rsquo;\u00e9l\u00e8ve \u00e0 pr\u00e8s de 2790 milliards de DA\u00bb. A cet effet, le gouvernement a d\u00e9cid\u00e9 \u00abde revoir la gouvernance de ces entreprises et les modalit\u00e9s de leur gestion en les soumettant \u00e0 des contrats de performance strictes pour qu&rsquo;elles soient l&rsquo;un des piliers importants pour la relance \u00e9conomique \u00bb.<\/p>\n\n\n\n<p><strong>Pr\u00e8s de 9.000 milliards de dinars pour les r\u00e9\u00e9valuations !<\/strong><\/p>\n\n\n\n<p>Reste l\u2019axe le plus important de la r\u00e9forme, celui de l\u2019assainissement des finances publiques et la rationalisation des investissements publics afin de mettre fin au gaspillage et r\u00e9\u00e9valuations syst\u00e9matique des projets publics. Dans ce contexte, A\u00efmene Benabderrahmane a expliqu\u00e9 que le volume des fonds \u00ab colossaux \u00bb d\u00e9pens\u00e9s pour la r\u00e9\u00e9valuation des projets pas encore arriv\u00e9s \u00e0 maturation, faute de maitrise des d\u00e9lais de r\u00e9alisation, s&rsquo;\u00e9l\u00e8ve \u00e0 plus de 8.908 milliards de DA entre 2005 et 2020. L\u2019approche du gouvernement s\u2019appuie en ce sens sur deux axes. Il s\u2019agit en premier lieu de ne plus permettre l&rsquo;inscription de projets publics non soumis \u00e0 une \u00e9tude de faisabilit\u00e9 \u00ab op\u00e9rationnelle et profonde \u00bb. Il s\u2019agit aussi de num\u00e9riser les march\u00e9s pour am\u00e9liorer la transparence et la performance des d\u00e9penses publiques.<\/p>\n\n\n\n<p>Le projet de r\u00e9forme se penche \u00e9galement sur les modes de financement des projets publics, jusque-l\u00e0 exclusivement budg\u00e9taire, mais aussi de l\u2019\u00e9conomie nationale dans son ensemble, car trop d\u00e9pendante des d\u00e9penses publiques et des financements bancaires, en majorit\u00e9 publics. C\u2019est dans ce contexte que le Premier ministre a mis l&rsquo;accent sur l&rsquo;importance du partenariat dans le financement des grands projets structurants qui auront un retour sur investissement \u00e0 moyen terme. Et d\u2019expliquer que le partenariat public &#8211; priv\u00e9 constitue \u00ab une alternative \u00bb aux mod\u00e8le de financement conventionnels et l&rsquo;un des modes \u00e0 adopter par les pouvoirs publics pour financer, g\u00e9rer et exploiter les structures publiques. Il a ainsi annonc\u00e9 que le projet de loi relatif au partenariat public-priv\u00e9 sera soumis au Parlement dans les prochains jours. Enfin, le chef de l\u2019Ex\u00e9cutif a plaid\u00e9 pour le d\u00e9veloppement d&rsquo;autres modes pour financer l&rsquo;\u00e9conomie, \u00e0 l&rsquo;image du leasing et le march\u00e9 des capitaux.<\/p>\n\n\n\n<p>&nbsp;Samira Ghrib<\/p>\n","protected":false},"excerpt":{"rendered":"<p>R\u00e9forme des subventions, assainissement des finances publiques, rationalisation des d\u00e9penses publiques recours au partenariat public-priv\u00e9 et aux march\u00e9s financiers ainsi<\/p>\n","protected":false},"author":3,"featured_media":8199,"comment_status":"open","ping_status":"closed","sticky":false,"template":"","format":"standard","meta":{"colormag_page_container_layout":"default_layout","colormag_page_sidebar_layout":"default_layout","om_disable_all_campaigns":false,"_monsterinsights_skip_tracking":false,"_monsterinsights_sitenote_active":false,"_monsterinsights_sitenote_note":"","_monsterinsights_sitenote_category":0,"footnotes":"","_wpscppro_dont_share_socialmedia":false,"_wpscppro_custom_social_share_image":0,"_facebook_share_type":"","_twitter_share_type":"","_linkedin_share_type":"","_pinterest_share_type":"","_linkedin_share_type_page":"","_instagram_share_type":"","_medium_share_type":"","_threads_share_type":"","_google_business_share_type":"","_selected_social_profile":[],"_wpsp_enable_custom_social_template":false,"_wpsp_social_scheduling":{"enabled":false,"datetime":null,"platforms":[],"status":"template_only","dateOption":"today","timeOption":"now","customDays":"","customHours":"","customDate":"","customTime":"","schedulingType":"absolute"},"_wpsp_active_default_template":true},"categories":[27],"tags":[],"class_list":["post-8194","post","type-post","status-publish","format-standard","has-post-thumbnail","hentry","category-actualite"],"aioseo_notices":[],"yoast_head":"<!-- This site is optimized with the Yoast SEO plugin v27.5 - https:\/\/yoast.com\/product\/yoast-seo-wordpress\/ -->\n<title>D\u00e9penses publiques et financement de l\u2019\u00e9conomie : Un nouveau mod\u00e8le de gouvernance - La Sentinelle<\/title>\n<meta name=\"robots\" content=\"index, follow, max-snippet:-1, max-image-preview:large, max-video-preview:-1\" \/>\n<link rel=\"canonical\" href=\"https:\/\/lasentinelle.dz\/index.php\/2021\/09\/18\/depenses-publiques-et-financement-de-leconomie-un-nouveau-modele-de-gouvernance\/\" \/>\n<meta property=\"og:locale\" content=\"fr_FR\" \/>\n<meta property=\"og:type\" content=\"article\" \/>\n<meta property=\"og:title\" content=\"D\u00e9penses publiques et financement de l\u2019\u00e9conomie : Un nouveau mod\u00e8le de gouvernance - La Sentinelle\" \/>\n<meta property=\"og:description\" content=\"R\u00e9forme des subventions, assainissement des finances publiques, rationalisation des d\u00e9penses publiques recours au partenariat public-priv\u00e9 et aux march\u00e9s financiers ainsi\" \/>\n<meta property=\"og:url\" content=\"https:\/\/lasentinelle.dz\/index.php\/2021\/09\/18\/depenses-publiques-et-financement-de-leconomie-un-nouveau-modele-de-gouvernance\/\" \/>\n<meta property=\"og:site_name\" content=\"La Sentinelle\" \/>\n<meta property=\"article:publisher\" content=\"https:\/\/www.facebook.com\/La-Sentinelle-104059864394773\" \/>\n<meta property=\"article:published_time\" content=\"2021-09-17T23:23:00+00:00\" \/>\n<meta property=\"og:image\" content=\"https:\/\/lasentinelle.dz\/wp-content\/uploads\/2021\/09\/image_2021-09-17_193654.png\" \/>\n\t<meta property=\"og:image:width\" content=\"1000\" \/>\n\t<meta property=\"og:image:height\" content=\"580\" \/>\n\t<meta property=\"og:image:type\" content=\"image\/png\" \/>\n<meta name=\"author\" content=\"La Sentinelle\" \/>\n<meta name=\"twitter:card\" content=\"summary_large_image\" \/>\n<meta name=\"twitter:label1\" content=\"\u00c9crit par\" \/>\n\t<meta name=\"twitter:data1\" content=\"La Sentinelle\" \/>\n\t<meta name=\"twitter:label2\" content=\"Dur\u00e9e de lecture estim\u00e9e\" \/>\n\t<meta name=\"twitter:data2\" content=\"4 minutes\" \/>\n<script type=\"application\/ld+json\" class=\"yoast-schema-graph\">{\"@context\":\"https:\\\/\\\/schema.org\",\"@graph\":[{\"@type\":\"Article\",\"@id\":\"https:\\\/\\\/lasentinelle.dz\\\/index.php\\\/2021\\\/09\\\/18\\\/depenses-publiques-et-financement-de-leconomie-un-nouveau-modele-de-gouvernance\\\/#article\",\"isPartOf\":{\"@id\":\"https:\\\/\\\/lasentinelle.dz\\\/index.php\\\/2021\\\/09\\\/18\\\/depenses-publiques-et-financement-de-leconomie-un-nouveau-modele-de-gouvernance\\\/\"},\"author\":{\"name\":\"La Sentinelle\",\"@id\":\"https:\\\/\\\/lasentinelle.dz\\\/#\\\/schema\\\/person\\\/d865044e22e70a75174ce8bcad3acfb3\"},\"headline\":\"D\u00e9penses publiques et financement de l\u2019\u00e9conomie : Un nouveau mod\u00e8le de gouvernance\",\"datePublished\":\"2021-09-17T23:23:00+00:00\",\"mainEntityOfPage\":{\"@id\":\"https:\\\/\\\/lasentinelle.dz\\\/index.php\\\/2021\\\/09\\\/18\\\/depenses-publiques-et-financement-de-leconomie-un-nouveau-modele-de-gouvernance\\\/\"},\"wordCount\":824,\"commentCount\":0,\"publisher\":{\"@id\":\"https:\\\/\\\/lasentinelle.dz\\\/#organization\"},\"image\":{\"@id\":\"https:\\\/\\\/lasentinelle.dz\\\/index.php\\\/2021\\\/09\\\/18\\\/depenses-publiques-et-financement-de-leconomie-un-nouveau-modele-de-gouvernance\\\/#primaryimage\"},\"thumbnailUrl\":\"https:\\\/\\\/lasentinelle.dz\\\/wp-content\\\/uploads\\\/2021\\\/09\\\/image_2021-09-17_193654.png\",\"articleSection\":[\"Actualit\u00e9\"],\"inLanguage\":\"fr-FR\",\"potentialAction\":[{\"@type\":\"CommentAction\",\"name\":\"Comment\",\"target\":[\"https:\\\/\\\/lasentinelle.dz\\\/index.php\\\/2021\\\/09\\\/18\\\/depenses-publiques-et-financement-de-leconomie-un-nouveau-modele-de-gouvernance\\\/#respond\"]}]},{\"@type\":\"WebPage\",\"@id\":\"https:\\\/\\\/lasentinelle.dz\\\/index.php\\\/2021\\\/09\\\/18\\\/depenses-publiques-et-financement-de-leconomie-un-nouveau-modele-de-gouvernance\\\/\",\"url\":\"https:\\\/\\\/lasentinelle.dz\\\/index.php\\\/2021\\\/09\\\/18\\\/depenses-publiques-et-financement-de-leconomie-un-nouveau-modele-de-gouvernance\\\/\",\"name\":\"D\u00e9penses publiques et financement de l\u2019\u00e9conomie : Un nouveau mod\u00e8le de gouvernance - La Sentinelle\",\"isPartOf\":{\"@id\":\"https:\\\/\\\/lasentinelle.dz\\\/#website\"},\"primaryImageOfPage\":{\"@id\":\"https:\\\/\\\/lasentinelle.dz\\\/index.php\\\/2021\\\/09\\\/18\\\/depenses-publiques-et-financement-de-leconomie-un-nouveau-modele-de-gouvernance\\\/#primaryimage\"},\"image\":{\"@id\":\"https:\\\/\\\/lasentinelle.dz\\\/index.php\\\/2021\\\/09\\\/18\\\/depenses-publiques-et-financement-de-leconomie-un-nouveau-modele-de-gouvernance\\\/#primaryimage\"},\"thumbnailUrl\":\"https:\\\/\\\/lasentinelle.dz\\\/wp-content\\\/uploads\\\/2021\\\/09\\\/image_2021-09-17_193654.png\",\"datePublished\":\"2021-09-17T23:23:00+00:00\",\"breadcrumb\":{\"@id\":\"https:\\\/\\\/lasentinelle.dz\\\/index.php\\\/2021\\\/09\\\/18\\\/depenses-publiques-et-financement-de-leconomie-un-nouveau-modele-de-gouvernance\\\/#breadcrumb\"},\"inLanguage\":\"fr-FR\",\"potentialAction\":[{\"@type\":\"ReadAction\",\"target\":[\"https:\\\/\\\/lasentinelle.dz\\\/index.php\\\/2021\\\/09\\\/18\\\/depenses-publiques-et-financement-de-leconomie-un-nouveau-modele-de-gouvernance\\\/\"]}]},{\"@type\":\"ImageObject\",\"inLanguage\":\"fr-FR\",\"@id\":\"https:\\\/\\\/lasentinelle.dz\\\/index.php\\\/2021\\\/09\\\/18\\\/depenses-publiques-et-financement-de-leconomie-un-nouveau-modele-de-gouvernance\\\/#primaryimage\",\"url\":\"https:\\\/\\\/lasentinelle.dz\\\/wp-content\\\/uploads\\\/2021\\\/09\\\/image_2021-09-17_193654.png\",\"contentUrl\":\"https:\\\/\\\/lasentinelle.dz\\\/wp-content\\\/uploads\\\/2021\\\/09\\\/image_2021-09-17_193654.png\",\"width\":1000,\"height\":580},{\"@type\":\"BreadcrumbList\",\"@id\":\"https:\\\/\\\/lasentinelle.dz\\\/index.php\\\/2021\\\/09\\\/18\\\/depenses-publiques-et-financement-de-leconomie-un-nouveau-modele-de-gouvernance\\\/#breadcrumb\",\"itemListElement\":[{\"@type\":\"ListItem\",\"position\":1,\"name\":\"Accueil\",\"item\":\"https:\\\/\\\/lasentinelle.dz\\\/\"},{\"@type\":\"ListItem\",\"position\":2,\"name\":\"D\u00e9penses publiques et financement de l\u2019\u00e9conomie : Un nouveau mod\u00e8le de gouvernance\"}]},{\"@type\":\"WebSite\",\"@id\":\"https:\\\/\\\/lasentinelle.dz\\\/#website\",\"url\":\"https:\\\/\\\/lasentinelle.dz\\\/\",\"name\":\"La Sentinelle\",\"description\":\"Quotidien national d&#039;information\",\"publisher\":{\"@id\":\"https:\\\/\\\/lasentinelle.dz\\\/#organization\"},\"potentialAction\":[{\"@type\":\"SearchAction\",\"target\":{\"@type\":\"EntryPoint\",\"urlTemplate\":\"https:\\\/\\\/lasentinelle.dz\\\/?s={search_term_string}\"},\"query-input\":{\"@type\":\"PropertyValueSpecification\",\"valueRequired\":true,\"valueName\":\"search_term_string\"}}],\"inLanguage\":\"fr-FR\"},{\"@type\":\"Organization\",\"@id\":\"https:\\\/\\\/lasentinelle.dz\\\/#organization\",\"name\":\"Quotidien La Sentinelle\",\"url\":\"https:\\\/\\\/lasentinelle.dz\\\/\",\"logo\":{\"@type\":\"ImageObject\",\"inLanguage\":\"fr-FR\",\"@id\":\"https:\\\/\\\/lasentinelle.dz\\\/#\\\/schema\\\/logo\\\/image\\\/\",\"url\":\"https:\\\/\\\/lasentinelle.dz\\\/wp-content\\\/uploads\\\/2021\\\/09\\\/logo-sentinelleSLOGAN-1.png\",\"contentUrl\":\"https:\\\/\\\/lasentinelle.dz\\\/wp-content\\\/uploads\\\/2021\\\/09\\\/logo-sentinelleSLOGAN-1.png\",\"width\":615,\"height\":142,\"caption\":\"Quotidien La Sentinelle\"},\"image\":{\"@id\":\"https:\\\/\\\/lasentinelle.dz\\\/#\\\/schema\\\/logo\\\/image\\\/\"},\"sameAs\":[\"https:\\\/\\\/www.facebook.com\\\/La-Sentinelle-104059864394773\"]},{\"@type\":\"Person\",\"@id\":\"https:\\\/\\\/lasentinelle.dz\\\/#\\\/schema\\\/person\\\/d865044e22e70a75174ce8bcad3acfb3\",\"name\":\"La Sentinelle\",\"image\":{\"@type\":\"ImageObject\",\"inLanguage\":\"fr-FR\",\"@id\":\"https:\\\/\\\/secure.gravatar.com\\\/avatar\\\/57de8e5d4b15d43fb361a71fbb36338450fe67865b528a43dd10ef7c51a20392?s=96&d=mm&r=g\",\"url\":\"https:\\\/\\\/secure.gravatar.com\\\/avatar\\\/57de8e5d4b15d43fb361a71fbb36338450fe67865b528a43dd10ef7c51a20392?s=96&d=mm&r=g\",\"contentUrl\":\"https:\\\/\\\/secure.gravatar.com\\\/avatar\\\/57de8e5d4b15d43fb361a71fbb36338450fe67865b528a43dd10ef7c51a20392?s=96&d=mm&r=g\",\"caption\":\"La Sentinelle\"},\"sameAs\":[\"http:\\\/\\\/www.lasentinelle.dz\"],\"url\":\"https:\\\/\\\/lasentinelle.dz\\\/author\\\/redaction\\\/\"}]}<\/script>\n<!-- \/ Yoast SEO plugin. -->","yoast_head_json":{"title":"D\u00e9penses publiques et financement de l\u2019\u00e9conomie : Un nouveau mod\u00e8le de gouvernance - La Sentinelle","robots":{"index":"index","follow":"follow","max-snippet":"max-snippet:-1","max-image-preview":"max-image-preview:large","max-video-preview":"max-video-preview:-1"},"canonical":"https:\/\/lasentinelle.dz\/index.php\/2021\/09\/18\/depenses-publiques-et-financement-de-leconomie-un-nouveau-modele-de-gouvernance\/","og_locale":"fr_FR","og_type":"article","og_title":"D\u00e9penses publiques et financement de l\u2019\u00e9conomie : Un nouveau mod\u00e8le de gouvernance - La Sentinelle","og_description":"R\u00e9forme des subventions, assainissement des finances publiques, rationalisation des d\u00e9penses publiques recours au partenariat public-priv\u00e9 et aux march\u00e9s financiers ainsi","og_url":"https:\/\/lasentinelle.dz\/index.php\/2021\/09\/18\/depenses-publiques-et-financement-de-leconomie-un-nouveau-modele-de-gouvernance\/","og_site_name":"La Sentinelle","article_publisher":"https:\/\/www.facebook.com\/La-Sentinelle-104059864394773","article_published_time":"2021-09-17T23:23:00+00:00","og_image":[{"width":1000,"height":580,"url":"https:\/\/lasentinelle.dz\/wp-content\/uploads\/2021\/09\/image_2021-09-17_193654.png","type":"image\/png"}],"author":"La Sentinelle","twitter_card":"summary_large_image","twitter_misc":{"\u00c9crit par":"La Sentinelle","Dur\u00e9e de lecture estim\u00e9e":"4 minutes"},"schema":{"@context":"https:\/\/schema.org","@graph":[{"@type":"Article","@id":"https:\/\/lasentinelle.dz\/index.php\/2021\/09\/18\/depenses-publiques-et-financement-de-leconomie-un-nouveau-modele-de-gouvernance\/#article","isPartOf":{"@id":"https:\/\/lasentinelle.dz\/index.php\/2021\/09\/18\/depenses-publiques-et-financement-de-leconomie-un-nouveau-modele-de-gouvernance\/"},"author":{"name":"La Sentinelle","@id":"https:\/\/lasentinelle.dz\/#\/schema\/person\/d865044e22e70a75174ce8bcad3acfb3"},"headline":"D\u00e9penses publiques et financement de l\u2019\u00e9conomie : Un nouveau mod\u00e8le de gouvernance","datePublished":"2021-09-17T23:23:00+00:00","mainEntityOfPage":{"@id":"https:\/\/lasentinelle.dz\/index.php\/2021\/09\/18\/depenses-publiques-et-financement-de-leconomie-un-nouveau-modele-de-gouvernance\/"},"wordCount":824,"commentCount":0,"publisher":{"@id":"https:\/\/lasentinelle.dz\/#organization"},"image":{"@id":"https:\/\/lasentinelle.dz\/index.php\/2021\/09\/18\/depenses-publiques-et-financement-de-leconomie-un-nouveau-modele-de-gouvernance\/#primaryimage"},"thumbnailUrl":"https:\/\/lasentinelle.dz\/wp-content\/uploads\/2021\/09\/image_2021-09-17_193654.png","articleSection":["Actualit\u00e9"],"inLanguage":"fr-FR","potentialAction":[{"@type":"CommentAction","name":"Comment","target":["https:\/\/lasentinelle.dz\/index.php\/2021\/09\/18\/depenses-publiques-et-financement-de-leconomie-un-nouveau-modele-de-gouvernance\/#respond"]}]},{"@type":"WebPage","@id":"https:\/\/lasentinelle.dz\/index.php\/2021\/09\/18\/depenses-publiques-et-financement-de-leconomie-un-nouveau-modele-de-gouvernance\/","url":"https:\/\/lasentinelle.dz\/index.php\/2021\/09\/18\/depenses-publiques-et-financement-de-leconomie-un-nouveau-modele-de-gouvernance\/","name":"D\u00e9penses publiques et financement de l\u2019\u00e9conomie : Un nouveau mod\u00e8le de gouvernance - La Sentinelle","isPartOf":{"@id":"https:\/\/lasentinelle.dz\/#website"},"primaryImageOfPage":{"@id":"https:\/\/lasentinelle.dz\/index.php\/2021\/09\/18\/depenses-publiques-et-financement-de-leconomie-un-nouveau-modele-de-gouvernance\/#primaryimage"},"image":{"@id":"https:\/\/lasentinelle.dz\/index.php\/2021\/09\/18\/depenses-publiques-et-financement-de-leconomie-un-nouveau-modele-de-gouvernance\/#primaryimage"},"thumbnailUrl":"https:\/\/lasentinelle.dz\/wp-content\/uploads\/2021\/09\/image_2021-09-17_193654.png","datePublished":"2021-09-17T23:23:00+00:00","breadcrumb":{"@id":"https:\/\/lasentinelle.dz\/index.php\/2021\/09\/18\/depenses-publiques-et-financement-de-leconomie-un-nouveau-modele-de-gouvernance\/#breadcrumb"},"inLanguage":"fr-FR","potentialAction":[{"@type":"ReadAction","target":["https:\/\/lasentinelle.dz\/index.php\/2021\/09\/18\/depenses-publiques-et-financement-de-leconomie-un-nouveau-modele-de-gouvernance\/"]}]},{"@type":"ImageObject","inLanguage":"fr-FR","@id":"https:\/\/lasentinelle.dz\/index.php\/2021\/09\/18\/depenses-publiques-et-financement-de-leconomie-un-nouveau-modele-de-gouvernance\/#primaryimage","url":"https:\/\/lasentinelle.dz\/wp-content\/uploads\/2021\/09\/image_2021-09-17_193654.png","contentUrl":"https:\/\/lasentinelle.dz\/wp-content\/uploads\/2021\/09\/image_2021-09-17_193654.png","width":1000,"height":580},{"@type":"BreadcrumbList","@id":"https:\/\/lasentinelle.dz\/index.php\/2021\/09\/18\/depenses-publiques-et-financement-de-leconomie-un-nouveau-modele-de-gouvernance\/#breadcrumb","itemListElement":[{"@type":"ListItem","position":1,"name":"Accueil","item":"https:\/\/lasentinelle.dz\/"},{"@type":"ListItem","position":2,"name":"D\u00e9penses publiques et financement de l\u2019\u00e9conomie : Un nouveau mod\u00e8le de gouvernance"}]},{"@type":"WebSite","@id":"https:\/\/lasentinelle.dz\/#website","url":"https:\/\/lasentinelle.dz\/","name":"La Sentinelle","description":"Quotidien national d&#039;information","publisher":{"@id":"https:\/\/lasentinelle.dz\/#organization"},"potentialAction":[{"@type":"SearchAction","target":{"@type":"EntryPoint","urlTemplate":"https:\/\/lasentinelle.dz\/?s={search_term_string}"},"query-input":{"@type":"PropertyValueSpecification","valueRequired":true,"valueName":"search_term_string"}}],"inLanguage":"fr-FR"},{"@type":"Organization","@id":"https:\/\/lasentinelle.dz\/#organization","name":"Quotidien La Sentinelle","url":"https:\/\/lasentinelle.dz\/","logo":{"@type":"ImageObject","inLanguage":"fr-FR","@id":"https:\/\/lasentinelle.dz\/#\/schema\/logo\/image\/","url":"https:\/\/lasentinelle.dz\/wp-content\/uploads\/2021\/09\/logo-sentinelleSLOGAN-1.png","contentUrl":"https:\/\/lasentinelle.dz\/wp-content\/uploads\/2021\/09\/logo-sentinelleSLOGAN-1.png","width":615,"height":142,"caption":"Quotidien La Sentinelle"},"image":{"@id":"https:\/\/lasentinelle.dz\/#\/schema\/logo\/image\/"},"sameAs":["https:\/\/www.facebook.com\/La-Sentinelle-104059864394773"]},{"@type":"Person","@id":"https:\/\/lasentinelle.dz\/#\/schema\/person\/d865044e22e70a75174ce8bcad3acfb3","name":"La Sentinelle","image":{"@type":"ImageObject","inLanguage":"fr-FR","@id":"https:\/\/secure.gravatar.com\/avatar\/57de8e5d4b15d43fb361a71fbb36338450fe67865b528a43dd10ef7c51a20392?s=96&d=mm&r=g","url":"https:\/\/secure.gravatar.com\/avatar\/57de8e5d4b15d43fb361a71fbb36338450fe67865b528a43dd10ef7c51a20392?s=96&d=mm&r=g","contentUrl":"https:\/\/secure.gravatar.com\/avatar\/57de8e5d4b15d43fb361a71fbb36338450fe67865b528a43dd10ef7c51a20392?s=96&d=mm&r=g","caption":"La Sentinelle"},"sameAs":["http:\/\/www.lasentinelle.dz"],"url":"https:\/\/lasentinelle.dz\/author\/redaction\/"}]}},"_links":{"self":[{"href":"https:\/\/lasentinelle.dz\/index.php\/wp-json\/wp\/v2\/posts\/8194","targetHints":{"allow":["GET"]}}],"collection":[{"href":"https:\/\/lasentinelle.dz\/index.php\/wp-json\/wp\/v2\/posts"}],"about":[{"href":"https:\/\/lasentinelle.dz\/index.php\/wp-json\/wp\/v2\/types\/post"}],"author":[{"embeddable":true,"href":"https:\/\/lasentinelle.dz\/index.php\/wp-json\/wp\/v2\/users\/3"}],"replies":[{"embeddable":true,"href":"https:\/\/lasentinelle.dz\/index.php\/wp-json\/wp\/v2\/comments?post=8194"}],"version-history":[{"count":1,"href":"https:\/\/lasentinelle.dz\/index.php\/wp-json\/wp\/v2\/posts\/8194\/revisions"}],"predecessor-version":[{"id":8200,"href":"https:\/\/lasentinelle.dz\/index.php\/wp-json\/wp\/v2\/posts\/8194\/revisions\/8200"}],"wp:featuredmedia":[{"embeddable":true,"href":"https:\/\/lasentinelle.dz\/index.php\/wp-json\/wp\/v2\/media\/8199"}],"wp:attachment":[{"href":"https:\/\/lasentinelle.dz\/index.php\/wp-json\/wp\/v2\/media?parent=8194"}],"wp:term":[{"taxonomy":"category","embeddable":true,"href":"https:\/\/lasentinelle.dz\/index.php\/wp-json\/wp\/v2\/categories?post=8194"},{"taxonomy":"post_tag","embeddable":true,"href":"https:\/\/lasentinelle.dz\/index.php\/wp-json\/wp\/v2\/tags?post=8194"}],"curies":[{"name":"wp","href":"https:\/\/api.w.org\/{rel}","templated":true}]}}