{"id":8195,"date":"2021-09-18T00:05:00","date_gmt":"2021-09-17T23:05:00","guid":{"rendered":"https:\/\/lasentinelle.dz\/?p=8195"},"modified":"2021-09-18T13:34:04","modified_gmt":"2021-09-18T12:34:04","slug":"reglement-a-lamiable-pour-la-recuperation-des-avoirs-detournes-des-explications-et-des-questions-en-suspend","status":"publish","type":"post","link":"https:\/\/lasentinelle.dz\/index.php\/2021\/09\/18\/reglement-a-lamiable-pour-la-recuperation-des-avoirs-detournes-des-explications-et-des-questions-en-suspend\/","title":{"rendered":"R\u00e8glement \u00e0 l\u2019amiable pour la r\u00e9cup\u00e9ration des avoirs d\u00e9tourn\u00e9s : Des explications et des questions en suspens"},"content":{"rendered":"\n<p>Les nouvelles mesures propos\u00e9es par le gouvernement pour faciliter la r\u00e9cup\u00e9ration des avoirs d\u00e9tourn\u00e9s ont suscit\u00e9 la pol\u00e9mique.<\/p>\n\n\n\n<p>L\u2019id\u00e9e de transiger avec les oligarques de l\u2019\u00e8re bouteflik\u00e9enne a provoqu\u00e9 l\u2019opposition d\u2019une bonne partie des d\u00e9put\u00e9s et une certaine incompr\u00e9hension au sein de l\u2019opinion publique. Jeudi, au cours de la s\u00e9ance parlementaire consacr\u00e9e aux r\u00e9ponses du gouvernement aux pr\u00e9occupations soulev\u00e9es par les d\u00e9put\u00e9s, le Premier ministre, A\u00efmene Benabderrahmane, a tenu \u00e0 lever certaines \u00e9quivoques autour d\u2019une proposition qui p\u00e8che par son manque de clart\u00e9.&nbsp; Le chef de l\u2019Ex\u00e9cutif a ainsi tenu \u00e0 explique que les nouvelles mesures ne concerneront en aucun cas les oligarques emprisonn\u00e9s, mais les personnes morales, notamment les compagnies \u00e9trang\u00e8res impliqu\u00e9es dans des affaires de corruption.&nbsp; Des mesures qui selon lui ne remettent en rien en cause les d\u00e9marches entreprises actuellement pour la Justice et l\u2019appareil diplomatique pour rapatrier les fonds d\u00e9tourn\u00e9s vers l\u2019\u00e9tranger, et encore moins les efforts entrepris dans le cadre de la moralisation de la vie publique et de la lutte contre la corruption. Il a ainsi affirm\u00e9 que \u00ab l&rsquo;Etat ne c\u00e9dera sur aucun dinar vol\u00e9 ou d\u00e9tourn\u00e9, ni aucune parcelle de terrain pill\u00e9 ou d\u00e9tourn\u00e9e de sa vocation \u00bb et a r\u00e9it\u00e9r\u00e9 \u00ab la volont\u00e9 de l&rsquo;Etat de lutter sans rel\u00e2che contre la corruption et les corrupteurs et de r\u00e9cup\u00e9rer l&rsquo;argent du peuple pill\u00e9, et ce par la mobilisation de toutes les institutions de l&rsquo;Etat, y compris son poids diplomatique, dans le strict respect de la loi et de l&rsquo;ind\u00e9pendance de la justice \u00bb. A\u00efmene Benabderrahmane explique ainsi qu\u2019il s\u2019agit l\u00e0 \u00ab d&rsquo;une approche globale concernant ce dossier \u00e0 travers la mise en place de m\u00e9canismes de coordination de haut niveau, outre le lancement d&rsquo;une s\u00e9rie de proc\u00e9dures avec les pays vers lesquels les fonds pill\u00e9s ont \u00e9t\u00e9 d\u00e9tourn\u00e9s \u00bb. Il a expliqu\u00e9 que cette approche passera par \u00ab l&rsquo;activation des outils juridiques disponibles dans le cadre des accords internationaux bilat\u00e9raux et multilat\u00e9raux, notamment la Convention des Nations Unies contre la corruption \u00bb. En outre, ajoute le Premier ministre, \u00ab des m\u00e9canismes et des initiatives de coop\u00e9ration ont \u00e9t\u00e9 activ\u00e9s dans le cadre d&rsquo;organisations internationales sp\u00e9cialis\u00e9es afin de suivre la tra\u00e7abilit\u00e9 de ces biens, les localiser et \u00e9changer des informations \u00e0 leur sujet \u00bb.<\/p>\n\n\n\n<p><strong>R\u00e8glement \u00e0 l\u2019amiable : comment et quelle limite<\/strong><\/p>\n\n\n\n<p>N\u00e9anmoins et au sujet du dispositif \u00e0 l\u2019amiable pour la r\u00e9cup\u00e9ration des fonds pill\u00e9s d\u00e9tourn\u00e9s vers l&rsquo;\u00e9tranger, A\u00efmene Benabderrahmane a pr\u00e9cis\u00e9 que celui-ci \u00abne concerne pas les personnes physiques mises en cause, ni les sanctions prononc\u00e9es \u00e0 leur encontre, mais concerne plut\u00f4t les personnes morales, \u00e0 savoir les soci\u00e9t\u00e9s \u00e9trang\u00e8res impliqu\u00e9es dans des op\u00e9rations de corruption, qui ont \u00e9galement b\u00e9n\u00e9fici\u00e9 de ces fonds d\u00e9tourn\u00e9s dans le cadre de transactions et de projets, objet de pratiques de corruption \u00bb. Et d\u2019ajouter pour d\u00e9fendre cette proposition que ce m\u00e9canisme \u00ab s&rsquo;est av\u00e9r\u00e9 efficace dans de nombreux pays et consid\u00e9r\u00e9 comme une pratique id\u00e9ale et efficiente dans la lutte contre la corruption \u00bb. Il est donc clair qu\u2019entre l\u2019approche misant sur la sanction et l\u2019approche am\u00e9ricaine sur la transaction, le gouvernement Benabderrahmane a choisi de couper la poire en deux et de s\u2019inspirer en partie du principal dispositif US de lutte contre la corruption, \u00e0 savoir le Foreign Corrupt Practices Act (FCPA). Un dispositif qui a permis de condamner plus de 174 personnes morales et 115 personnes physiques pour des actes de corruption transnationale ou infractions connexes, bien qu\u2019il soit critiqu\u00e9 pour sa permissivit\u00e9. Un dispositif qui permettrait ainsi de traiter avec des multinationales impliqu\u00e9es dans des affaires de corruption et pour lesquelles le dispositif actuel demeure insuffisant, dans la mesure o\u00f9 il ne permet pas de r\u00e9cup\u00e9rer l\u2019argent d\u00e9tourn\u00e9 via les surfacturations, les pots de vin et les r\u00e9tro-commissions. Il n\u2019en demeure pas moins que cette question demeure sujet \u00e0 d\u00e9bat, dans la mesure o\u00f9 rien n\u2019a \u00e9t\u00e9 clarifi\u00e9 en ce qui concerne les m\u00e9canismes de sa mise en \u0153uvre et la marge de man\u0153uvre dont disposent les autorit\u00e9s alg\u00e9riennes, notamment en termes de juridiction de comp\u00e9tence.<\/p>\n\n\n\n<p><strong>Chokri Hafed<\/strong><\/p>\n","protected":false},"excerpt":{"rendered":"<p>Les nouvelles mesures propos\u00e9es par le gouvernement pour faciliter la r\u00e9cup\u00e9ration des avoirs d\u00e9tourn\u00e9s ont suscit\u00e9 la pol\u00e9mique. L\u2019id\u00e9e de<\/p>\n","protected":false},"author":3,"featured_media":8198,"comment_status":"open","ping_status":"closed","sticky":false,"template":"","format":"standard","meta":{"colormag_page_container_layout":"default_layout","colormag_page_sidebar_layout":"default_layout","om_disable_all_campaigns":false,"_monsterinsights_skip_tracking":false,"_monsterinsights_sitenote_active":false,"_monsterinsights_sitenote_note":"","_monsterinsights_sitenote_category":0,"footnotes":"","_wpscppro_dont_share_socialmedia":false,"_wpscppro_custom_social_share_image":0,"_facebook_share_type":"","_twitter_share_type":"","_linkedin_share_type":"","_pinterest_share_type":"","_linkedin_share_type_page":"","_instagram_share_type":"","_medium_share_type":"","_threads_share_type":"","_google_business_share_type":"","_selected_social_profile":[],"_wpsp_enable_custom_social_template":false,"_wpsp_social_scheduling":{"enabled":false,"datetime":null,"platforms":[],"status":"template_only","dateOption":"today","timeOption":"now","customDays":"","customHours":"","customDate":"","customTime":"","schedulingType":"absolute"},"_wpsp_active_default_template":true},"categories":[52,27],"tags":[],"class_list":["post-8195","post","type-post","status-publish","format-standard","has-post-thumbnail","hentry","category-a-la-une","category-actualite"],"aioseo_notices":[],"yoast_head":"<!-- This site is optimized with the Yoast SEO plugin v27.5 - https:\/\/yoast.com\/product\/yoast-seo-wordpress\/ -->\n<title>R\u00e8glement \u00e0 l\u2019amiable pour la r\u00e9cup\u00e9ration des avoirs d\u00e9tourn\u00e9s : Des explications et des questions en suspens - La Sentinelle<\/title>\n<meta name=\"robots\" content=\"index, follow, max-snippet:-1, max-image-preview:large, max-video-preview:-1\" \/>\n<link rel=\"canonical\" href=\"https:\/\/lasentinelle.dz\/index.php\/2021\/09\/18\/reglement-a-lamiable-pour-la-recuperation-des-avoirs-detournes-des-explications-et-des-questions-en-suspend\/\" \/>\n<meta property=\"og:locale\" content=\"fr_FR\" \/>\n<meta property=\"og:type\" content=\"article\" \/>\n<meta property=\"og:title\" content=\"R\u00e8glement \u00e0 l\u2019amiable pour la r\u00e9cup\u00e9ration des avoirs d\u00e9tourn\u00e9s : Des explications et des questions en suspens - La Sentinelle\" \/>\n<meta property=\"og:description\" content=\"Les nouvelles mesures propos\u00e9es par le gouvernement pour faciliter la r\u00e9cup\u00e9ration des avoirs d\u00e9tourn\u00e9s ont suscit\u00e9 la pol\u00e9mique. L\u2019id\u00e9e de\" \/>\n<meta property=\"og:url\" content=\"https:\/\/lasentinelle.dz\/index.php\/2021\/09\/18\/reglement-a-lamiable-pour-la-recuperation-des-avoirs-detournes-des-explications-et-des-questions-en-suspend\/\" \/>\n<meta property=\"og:site_name\" content=\"La Sentinelle\" \/>\n<meta property=\"article:publisher\" content=\"https:\/\/www.facebook.com\/La-Sentinelle-104059864394773\" \/>\n<meta property=\"article:published_time\" content=\"2021-09-17T23:05:00+00:00\" \/>\n<meta property=\"article:modified_time\" content=\"2021-09-18T12:34:04+00:00\" \/>\n<meta property=\"og:image\" content=\"https:\/\/lasentinelle.dz\/wp-content\/uploads\/2021\/09\/avoirs-detournes.jpeg\" \/>\n\t<meta property=\"og:image:width\" content=\"1280\" \/>\n\t<meta property=\"og:image:height\" content=\"720\" \/>\n\t<meta property=\"og:image:type\" content=\"image\/jpeg\" \/>\n<meta name=\"author\" content=\"La Sentinelle\" \/>\n<meta name=\"twitter:card\" content=\"summary_large_image\" \/>\n<meta name=\"twitter:label1\" content=\"\u00c9crit par\" \/>\n\t<meta name=\"twitter:data1\" content=\"La Sentinelle\" \/>\n\t<meta name=\"twitter:label2\" content=\"Dur\u00e9e de lecture estim\u00e9e\" \/>\n\t<meta name=\"twitter:data2\" content=\"3 minutes\" \/>\n<script type=\"application\/ld+json\" class=\"yoast-schema-graph\">{\"@context\":\"https:\\\/\\\/schema.org\",\"@graph\":[{\"@type\":\"Article\",\"@id\":\"https:\\\/\\\/lasentinelle.dz\\\/index.php\\\/2021\\\/09\\\/18\\\/reglement-a-lamiable-pour-la-recuperation-des-avoirs-detournes-des-explications-et-des-questions-en-suspend\\\/#article\",\"isPartOf\":{\"@id\":\"https:\\\/\\\/lasentinelle.dz\\\/index.php\\\/2021\\\/09\\\/18\\\/reglement-a-lamiable-pour-la-recuperation-des-avoirs-detournes-des-explications-et-des-questions-en-suspend\\\/\"},\"author\":{\"name\":\"La Sentinelle\",\"@id\":\"https:\\\/\\\/lasentinelle.dz\\\/#\\\/schema\\\/person\\\/d865044e22e70a75174ce8bcad3acfb3\"},\"headline\":\"R\u00e8glement \u00e0 l\u2019amiable pour la r\u00e9cup\u00e9ration des avoirs d\u00e9tourn\u00e9s : Des explications et des questions en suspens\",\"datePublished\":\"2021-09-17T23:05:00+00:00\",\"dateModified\":\"2021-09-18T12:34:04+00:00\",\"mainEntityOfPage\":{\"@id\":\"https:\\\/\\\/lasentinelle.dz\\\/index.php\\\/2021\\\/09\\\/18\\\/reglement-a-lamiable-pour-la-recuperation-des-avoirs-detournes-des-explications-et-des-questions-en-suspend\\\/\"},\"wordCount\":785,\"commentCount\":0,\"publisher\":{\"@id\":\"https:\\\/\\\/lasentinelle.dz\\\/#organization\"},\"image\":{\"@id\":\"https:\\\/\\\/lasentinelle.dz\\\/index.php\\\/2021\\\/09\\\/18\\\/reglement-a-lamiable-pour-la-recuperation-des-avoirs-detournes-des-explications-et-des-questions-en-suspend\\\/#primaryimage\"},\"thumbnailUrl\":\"https:\\\/\\\/lasentinelle.dz\\\/wp-content\\\/uploads\\\/2021\\\/09\\\/avoirs-detournes.jpeg\",\"articleSection\":[\"\u00c0 la Une\",\"Actualit\u00e9\"],\"inLanguage\":\"fr-FR\",\"potentialAction\":[{\"@type\":\"CommentAction\",\"name\":\"Comment\",\"target\":[\"https:\\\/\\\/lasentinelle.dz\\\/index.php\\\/2021\\\/09\\\/18\\\/reglement-a-lamiable-pour-la-recuperation-des-avoirs-detournes-des-explications-et-des-questions-en-suspend\\\/#respond\"]}]},{\"@type\":\"WebPage\",\"@id\":\"https:\\\/\\\/lasentinelle.dz\\\/index.php\\\/2021\\\/09\\\/18\\\/reglement-a-lamiable-pour-la-recuperation-des-avoirs-detournes-des-explications-et-des-questions-en-suspend\\\/\",\"url\":\"https:\\\/\\\/lasentinelle.dz\\\/index.php\\\/2021\\\/09\\\/18\\\/reglement-a-lamiable-pour-la-recuperation-des-avoirs-detournes-des-explications-et-des-questions-en-suspend\\\/\",\"name\":\"R\u00e8glement \u00e0 l\u2019amiable pour la r\u00e9cup\u00e9ration des avoirs d\u00e9tourn\u00e9s : Des explications et des questions en suspens - La Sentinelle\",\"isPartOf\":{\"@id\":\"https:\\\/\\\/lasentinelle.dz\\\/#website\"},\"primaryImageOfPage\":{\"@id\":\"https:\\\/\\\/lasentinelle.dz\\\/index.php\\\/2021\\\/09\\\/18\\\/reglement-a-lamiable-pour-la-recuperation-des-avoirs-detournes-des-explications-et-des-questions-en-suspend\\\/#primaryimage\"},\"image\":{\"@id\":\"https:\\\/\\\/lasentinelle.dz\\\/index.php\\\/2021\\\/09\\\/18\\\/reglement-a-lamiable-pour-la-recuperation-des-avoirs-detournes-des-explications-et-des-questions-en-suspend\\\/#primaryimage\"},\"thumbnailUrl\":\"https:\\\/\\\/lasentinelle.dz\\\/wp-content\\\/uploads\\\/2021\\\/09\\\/avoirs-detournes.jpeg\",\"datePublished\":\"2021-09-17T23:05:00+00:00\",\"dateModified\":\"2021-09-18T12:34:04+00:00\",\"breadcrumb\":{\"@id\":\"https:\\\/\\\/lasentinelle.dz\\\/index.php\\\/2021\\\/09\\\/18\\\/reglement-a-lamiable-pour-la-recuperation-des-avoirs-detournes-des-explications-et-des-questions-en-suspend\\\/#breadcrumb\"},\"inLanguage\":\"fr-FR\",\"potentialAction\":[{\"@type\":\"ReadAction\",\"target\":[\"https:\\\/\\\/lasentinelle.dz\\\/index.php\\\/2021\\\/09\\\/18\\\/reglement-a-lamiable-pour-la-recuperation-des-avoirs-detournes-des-explications-et-des-questions-en-suspend\\\/\"]}]},{\"@type\":\"ImageObject\",\"inLanguage\":\"fr-FR\",\"@id\":\"https:\\\/\\\/lasentinelle.dz\\\/index.php\\\/2021\\\/09\\\/18\\\/reglement-a-lamiable-pour-la-recuperation-des-avoirs-detournes-des-explications-et-des-questions-en-suspend\\\/#primaryimage\",\"url\":\"https:\\\/\\\/lasentinelle.dz\\\/wp-content\\\/uploads\\\/2021\\\/09\\\/avoirs-detournes.jpeg\",\"contentUrl\":\"https:\\\/\\\/lasentinelle.dz\\\/wp-content\\\/uploads\\\/2021\\\/09\\\/avoirs-detournes.jpeg\",\"width\":1280,\"height\":720},{\"@type\":\"BreadcrumbList\",\"@id\":\"https:\\\/\\\/lasentinelle.dz\\\/index.php\\\/2021\\\/09\\\/18\\\/reglement-a-lamiable-pour-la-recuperation-des-avoirs-detournes-des-explications-et-des-questions-en-suspend\\\/#breadcrumb\",\"itemListElement\":[{\"@type\":\"ListItem\",\"position\":1,\"name\":\"Accueil\",\"item\":\"https:\\\/\\\/lasentinelle.dz\\\/\"},{\"@type\":\"ListItem\",\"position\":2,\"name\":\"R\u00e8glement \u00e0 l\u2019amiable pour la r\u00e9cup\u00e9ration des avoirs d\u00e9tourn\u00e9s : Des explications et des questions en suspens\"}]},{\"@type\":\"WebSite\",\"@id\":\"https:\\\/\\\/lasentinelle.dz\\\/#website\",\"url\":\"https:\\\/\\\/lasentinelle.dz\\\/\",\"name\":\"La Sentinelle\",\"description\":\"Quotidien national d&#039;information\",\"publisher\":{\"@id\":\"https:\\\/\\\/lasentinelle.dz\\\/#organization\"},\"potentialAction\":[{\"@type\":\"SearchAction\",\"target\":{\"@type\":\"EntryPoint\",\"urlTemplate\":\"https:\\\/\\\/lasentinelle.dz\\\/?s={search_term_string}\"},\"query-input\":{\"@type\":\"PropertyValueSpecification\",\"valueRequired\":true,\"valueName\":\"search_term_string\"}}],\"inLanguage\":\"fr-FR\"},{\"@type\":\"Organization\",\"@id\":\"https:\\\/\\\/lasentinelle.dz\\\/#organization\",\"name\":\"Quotidien La Sentinelle\",\"url\":\"https:\\\/\\\/lasentinelle.dz\\\/\",\"logo\":{\"@type\":\"ImageObject\",\"inLanguage\":\"fr-FR\",\"@id\":\"https:\\\/\\\/lasentinelle.dz\\\/#\\\/schema\\\/logo\\\/image\\\/\",\"url\":\"https:\\\/\\\/lasentinelle.dz\\\/wp-content\\\/uploads\\\/2021\\\/09\\\/logo-sentinelleSLOGAN-1.png\",\"contentUrl\":\"https:\\\/\\\/lasentinelle.dz\\\/wp-content\\\/uploads\\\/2021\\\/09\\\/logo-sentinelleSLOGAN-1.png\",\"width\":615,\"height\":142,\"caption\":\"Quotidien La Sentinelle\"},\"image\":{\"@id\":\"https:\\\/\\\/lasentinelle.dz\\\/#\\\/schema\\\/logo\\\/image\\\/\"},\"sameAs\":[\"https:\\\/\\\/www.facebook.com\\\/La-Sentinelle-104059864394773\"]},{\"@type\":\"Person\",\"@id\":\"https:\\\/\\\/lasentinelle.dz\\\/#\\\/schema\\\/person\\\/d865044e22e70a75174ce8bcad3acfb3\",\"name\":\"La Sentinelle\",\"image\":{\"@type\":\"ImageObject\",\"inLanguage\":\"fr-FR\",\"@id\":\"https:\\\/\\\/secure.gravatar.com\\\/avatar\\\/57de8e5d4b15d43fb361a71fbb36338450fe67865b528a43dd10ef7c51a20392?s=96&d=mm&r=g\",\"url\":\"https:\\\/\\\/secure.gravatar.com\\\/avatar\\\/57de8e5d4b15d43fb361a71fbb36338450fe67865b528a43dd10ef7c51a20392?s=96&d=mm&r=g\",\"contentUrl\":\"https:\\\/\\\/secure.gravatar.com\\\/avatar\\\/57de8e5d4b15d43fb361a71fbb36338450fe67865b528a43dd10ef7c51a20392?s=96&d=mm&r=g\",\"caption\":\"La Sentinelle\"},\"sameAs\":[\"http:\\\/\\\/www.lasentinelle.dz\"],\"url\":\"https:\\\/\\\/lasentinelle.dz\\\/author\\\/redaction\\\/\"}]}<\/script>\n<!-- \/ Yoast SEO plugin. -->","yoast_head_json":{"title":"R\u00e8glement \u00e0 l\u2019amiable pour la r\u00e9cup\u00e9ration des avoirs d\u00e9tourn\u00e9s : Des explications et des questions en suspens - La Sentinelle","robots":{"index":"index","follow":"follow","max-snippet":"max-snippet:-1","max-image-preview":"max-image-preview:large","max-video-preview":"max-video-preview:-1"},"canonical":"https:\/\/lasentinelle.dz\/index.php\/2021\/09\/18\/reglement-a-lamiable-pour-la-recuperation-des-avoirs-detournes-des-explications-et-des-questions-en-suspend\/","og_locale":"fr_FR","og_type":"article","og_title":"R\u00e8glement \u00e0 l\u2019amiable pour la r\u00e9cup\u00e9ration des avoirs d\u00e9tourn\u00e9s : Des explications et des questions en suspens - La Sentinelle","og_description":"Les nouvelles mesures propos\u00e9es par le gouvernement pour faciliter la r\u00e9cup\u00e9ration des avoirs d\u00e9tourn\u00e9s ont suscit\u00e9 la pol\u00e9mique. L\u2019id\u00e9e de","og_url":"https:\/\/lasentinelle.dz\/index.php\/2021\/09\/18\/reglement-a-lamiable-pour-la-recuperation-des-avoirs-detournes-des-explications-et-des-questions-en-suspend\/","og_site_name":"La Sentinelle","article_publisher":"https:\/\/www.facebook.com\/La-Sentinelle-104059864394773","article_published_time":"2021-09-17T23:05:00+00:00","article_modified_time":"2021-09-18T12:34:04+00:00","og_image":[{"width":1280,"height":720,"url":"https:\/\/lasentinelle.dz\/wp-content\/uploads\/2021\/09\/avoirs-detournes.jpeg","type":"image\/jpeg"}],"author":"La Sentinelle","twitter_card":"summary_large_image","twitter_misc":{"\u00c9crit par":"La Sentinelle","Dur\u00e9e de lecture estim\u00e9e":"3 minutes"},"schema":{"@context":"https:\/\/schema.org","@graph":[{"@type":"Article","@id":"https:\/\/lasentinelle.dz\/index.php\/2021\/09\/18\/reglement-a-lamiable-pour-la-recuperation-des-avoirs-detournes-des-explications-et-des-questions-en-suspend\/#article","isPartOf":{"@id":"https:\/\/lasentinelle.dz\/index.php\/2021\/09\/18\/reglement-a-lamiable-pour-la-recuperation-des-avoirs-detournes-des-explications-et-des-questions-en-suspend\/"},"author":{"name":"La Sentinelle","@id":"https:\/\/lasentinelle.dz\/#\/schema\/person\/d865044e22e70a75174ce8bcad3acfb3"},"headline":"R\u00e8glement \u00e0 l\u2019amiable pour la r\u00e9cup\u00e9ration des avoirs d\u00e9tourn\u00e9s : Des explications et des questions en suspens","datePublished":"2021-09-17T23:05:00+00:00","dateModified":"2021-09-18T12:34:04+00:00","mainEntityOfPage":{"@id":"https:\/\/lasentinelle.dz\/index.php\/2021\/09\/18\/reglement-a-lamiable-pour-la-recuperation-des-avoirs-detournes-des-explications-et-des-questions-en-suspend\/"},"wordCount":785,"commentCount":0,"publisher":{"@id":"https:\/\/lasentinelle.dz\/#organization"},"image":{"@id":"https:\/\/lasentinelle.dz\/index.php\/2021\/09\/18\/reglement-a-lamiable-pour-la-recuperation-des-avoirs-detournes-des-explications-et-des-questions-en-suspend\/#primaryimage"},"thumbnailUrl":"https:\/\/lasentinelle.dz\/wp-content\/uploads\/2021\/09\/avoirs-detournes.jpeg","articleSection":["\u00c0 la Une","Actualit\u00e9"],"inLanguage":"fr-FR","potentialAction":[{"@type":"CommentAction","name":"Comment","target":["https:\/\/lasentinelle.dz\/index.php\/2021\/09\/18\/reglement-a-lamiable-pour-la-recuperation-des-avoirs-detournes-des-explications-et-des-questions-en-suspend\/#respond"]}]},{"@type":"WebPage","@id":"https:\/\/lasentinelle.dz\/index.php\/2021\/09\/18\/reglement-a-lamiable-pour-la-recuperation-des-avoirs-detournes-des-explications-et-des-questions-en-suspend\/","url":"https:\/\/lasentinelle.dz\/index.php\/2021\/09\/18\/reglement-a-lamiable-pour-la-recuperation-des-avoirs-detournes-des-explications-et-des-questions-en-suspend\/","name":"R\u00e8glement \u00e0 l\u2019amiable pour la r\u00e9cup\u00e9ration des avoirs d\u00e9tourn\u00e9s : Des explications et des questions en suspens - La Sentinelle","isPartOf":{"@id":"https:\/\/lasentinelle.dz\/#website"},"primaryImageOfPage":{"@id":"https:\/\/lasentinelle.dz\/index.php\/2021\/09\/18\/reglement-a-lamiable-pour-la-recuperation-des-avoirs-detournes-des-explications-et-des-questions-en-suspend\/#primaryimage"},"image":{"@id":"https:\/\/lasentinelle.dz\/index.php\/2021\/09\/18\/reglement-a-lamiable-pour-la-recuperation-des-avoirs-detournes-des-explications-et-des-questions-en-suspend\/#primaryimage"},"thumbnailUrl":"https:\/\/lasentinelle.dz\/wp-content\/uploads\/2021\/09\/avoirs-detournes.jpeg","datePublished":"2021-09-17T23:05:00+00:00","dateModified":"2021-09-18T12:34:04+00:00","breadcrumb":{"@id":"https:\/\/lasentinelle.dz\/index.php\/2021\/09\/18\/reglement-a-lamiable-pour-la-recuperation-des-avoirs-detournes-des-explications-et-des-questions-en-suspend\/#breadcrumb"},"inLanguage":"fr-FR","potentialAction":[{"@type":"ReadAction","target":["https:\/\/lasentinelle.dz\/index.php\/2021\/09\/18\/reglement-a-lamiable-pour-la-recuperation-des-avoirs-detournes-des-explications-et-des-questions-en-suspend\/"]}]},{"@type":"ImageObject","inLanguage":"fr-FR","@id":"https:\/\/lasentinelle.dz\/index.php\/2021\/09\/18\/reglement-a-lamiable-pour-la-recuperation-des-avoirs-detournes-des-explications-et-des-questions-en-suspend\/#primaryimage","url":"https:\/\/lasentinelle.dz\/wp-content\/uploads\/2021\/09\/avoirs-detournes.jpeg","contentUrl":"https:\/\/lasentinelle.dz\/wp-content\/uploads\/2021\/09\/avoirs-detournes.jpeg","width":1280,"height":720},{"@type":"BreadcrumbList","@id":"https:\/\/lasentinelle.dz\/index.php\/2021\/09\/18\/reglement-a-lamiable-pour-la-recuperation-des-avoirs-detournes-des-explications-et-des-questions-en-suspend\/#breadcrumb","itemListElement":[{"@type":"ListItem","position":1,"name":"Accueil","item":"https:\/\/lasentinelle.dz\/"},{"@type":"ListItem","position":2,"name":"R\u00e8glement \u00e0 l\u2019amiable pour la r\u00e9cup\u00e9ration des avoirs d\u00e9tourn\u00e9s : Des explications et des questions en suspens"}]},{"@type":"WebSite","@id":"https:\/\/lasentinelle.dz\/#website","url":"https:\/\/lasentinelle.dz\/","name":"La Sentinelle","description":"Quotidien national d&#039;information","publisher":{"@id":"https:\/\/lasentinelle.dz\/#organization"},"potentialAction":[{"@type":"SearchAction","target":{"@type":"EntryPoint","urlTemplate":"https:\/\/lasentinelle.dz\/?s={search_term_string}"},"query-input":{"@type":"PropertyValueSpecification","valueRequired":true,"valueName":"search_term_string"}}],"inLanguage":"fr-FR"},{"@type":"Organization","@id":"https:\/\/lasentinelle.dz\/#organization","name":"Quotidien La Sentinelle","url":"https:\/\/lasentinelle.dz\/","logo":{"@type":"ImageObject","inLanguage":"fr-FR","@id":"https:\/\/lasentinelle.dz\/#\/schema\/logo\/image\/","url":"https:\/\/lasentinelle.dz\/wp-content\/uploads\/2021\/09\/logo-sentinelleSLOGAN-1.png","contentUrl":"https:\/\/lasentinelle.dz\/wp-content\/uploads\/2021\/09\/logo-sentinelleSLOGAN-1.png","width":615,"height":142,"caption":"Quotidien La Sentinelle"},"image":{"@id":"https:\/\/lasentinelle.dz\/#\/schema\/logo\/image\/"},"sameAs":["https:\/\/www.facebook.com\/La-Sentinelle-104059864394773"]},{"@type":"Person","@id":"https:\/\/lasentinelle.dz\/#\/schema\/person\/d865044e22e70a75174ce8bcad3acfb3","name":"La Sentinelle","image":{"@type":"ImageObject","inLanguage":"fr-FR","@id":"https:\/\/secure.gravatar.com\/avatar\/57de8e5d4b15d43fb361a71fbb36338450fe67865b528a43dd10ef7c51a20392?s=96&d=mm&r=g","url":"https:\/\/secure.gravatar.com\/avatar\/57de8e5d4b15d43fb361a71fbb36338450fe67865b528a43dd10ef7c51a20392?s=96&d=mm&r=g","contentUrl":"https:\/\/secure.gravatar.com\/avatar\/57de8e5d4b15d43fb361a71fbb36338450fe67865b528a43dd10ef7c51a20392?s=96&d=mm&r=g","caption":"La Sentinelle"},"sameAs":["http:\/\/www.lasentinelle.dz"],"url":"https:\/\/lasentinelle.dz\/author\/redaction\/"}]}},"_links":{"self":[{"href":"https:\/\/lasentinelle.dz\/index.php\/wp-json\/wp\/v2\/posts\/8195","targetHints":{"allow":["GET"]}}],"collection":[{"href":"https:\/\/lasentinelle.dz\/index.php\/wp-json\/wp\/v2\/posts"}],"about":[{"href":"https:\/\/lasentinelle.dz\/index.php\/wp-json\/wp\/v2\/types\/post"}],"author":[{"embeddable":true,"href":"https:\/\/lasentinelle.dz\/index.php\/wp-json\/wp\/v2\/users\/3"}],"replies":[{"embeddable":true,"href":"https:\/\/lasentinelle.dz\/index.php\/wp-json\/wp\/v2\/comments?post=8195"}],"version-history":[{"count":2,"href":"https:\/\/lasentinelle.dz\/index.php\/wp-json\/wp\/v2\/posts\/8195\/revisions"}],"predecessor-version":[{"id":8207,"href":"https:\/\/lasentinelle.dz\/index.php\/wp-json\/wp\/v2\/posts\/8195\/revisions\/8207"}],"wp:featuredmedia":[{"embeddable":true,"href":"https:\/\/lasentinelle.dz\/index.php\/wp-json\/wp\/v2\/media\/8198"}],"wp:attachment":[{"href":"https:\/\/lasentinelle.dz\/index.php\/wp-json\/wp\/v2\/media?parent=8195"}],"wp:term":[{"taxonomy":"category","embeddable":true,"href":"https:\/\/lasentinelle.dz\/index.php\/wp-json\/wp\/v2\/categories?post=8195"},{"taxonomy":"post_tag","embeddable":true,"href":"https:\/\/lasentinelle.dz\/index.php\/wp-json\/wp\/v2\/tags?post=8195"}],"curies":[{"name":"wp","href":"https:\/\/api.w.org\/{rel}","templated":true}]}}