{"id":8241,"date":"2021-09-19T00:01:00","date_gmt":"2021-09-18T23:01:00","guid":{"rendered":"https:\/\/lasentinelle.dz\/?p=8241"},"modified":"2021-09-18T15:17:50","modified_gmt":"2021-09-18T14:17:50","slug":"eliminatoires-de-la-can-2022-dames-les-vertes-en-stage-a-rouiba","status":"publish","type":"post","link":"https:\/\/lasentinelle.dz\/index.php\/2021\/09\/19\/eliminatoires-de-la-can-2022-dames-les-vertes-en-stage-a-rouiba\/","title":{"rendered":"Eliminatoires de la CAN 2022 (dames) : Les Vertes en stage \u00e0 Rouiba"},"content":{"rendered":"\n<p>26 joueuses, dont 26 professionnelles \u00e9voluant \u00e0 l&rsquo;\u00e9tranger, ont \u00e9t\u00e9 convoqu\u00e9es par la s\u00e9lectionneuse alg\u00e9rienne Radia Fertoul, pour un stage bloqu\u00e9 actuellement en cours \u00e0 Alger, en vue de la double confrontation contre le Soudan, pr\u00e9vue au mois d&rsquo;octobre prochain, dans le cadre des \u00e9liminatoires de la CAN f\u00e9minine 2022, a-t-on appris aupr\u00e8s de la F\u00e9d\u00e9ration alg\u00e9rienne de football (FAF). Ce stage a d\u00e9marr\u00e9 le mercredi 15 septembre, au stade de Rouiba, avec un effectif de 21 joueuses, en attendant la journ\u00e9e du samedi 18 septembre, qui verra l&rsquo;arriv\u00e9e de huit autres joueuses, pour que l&rsquo;effectif soit au grand complet. La premi\u00e8re confrontation contre le Soudan dans le cadre de ces \u00e9liminatoires de la CAN f\u00e9minine 2022, dont la phase finale aura lieu au Maroc, est pr\u00e9vue le 20 octobre prochain, au stade du 5-Juillet (Alger). En cas de qualification, l&rsquo;\u00e9quipe nationale sera oppos\u00e9e, au 2e et dernier tour (14 &#8211; 23 f\u00e9vrier 2022), au vainqueur de la double confrontation entre le Mozambique et l&rsquo;Afrique du Sud, vice-championne d&rsquo;Afrique. Ce stage, qui se poursuivra jusqu&rsquo;au 21 septembre au stade de Rouiba, est le premier pour la s\u00e9lection nationale depuis son retour d&rsquo;Egypte, o\u00f9 elle avait pris part derni\u00e8rement au tournoi de l&rsquo;Union Nord Africaine de Football (UNAF-2021). Deux matchs d&rsquo;application figurent menu des Alg\u00e9riennes pendant ce stage, a encore annonc\u00e9 la FAF, en pr\u00e9cisant que \u00ab le premier match aura lieu le vendredi 17 septembre face aux U17 du club de Bach-Djarrah, et le second le lundi 20 septembre contre l\u2019\u00e9quipe des U16 de l\u2019USM Alger \u00bb.&nbsp;<\/p>\n\n\n\n<p>R. S.<\/p>\n","protected":false},"excerpt":{"rendered":"<p>26 joueuses, dont 26 professionnelles \u00e9voluant \u00e0 l&rsquo;\u00e9tranger, ont \u00e9t\u00e9 convoqu\u00e9es par la s\u00e9lectionneuse alg\u00e9rienne Radia Fertoul, pour un stage<\/p>\n","protected":false},"author":3,"featured_media":8245,"comment_status":"open","ping_status":"closed","sticky":false,"template":"","format":"standard","meta":{"colormag_page_container_layout":"default_layout","colormag_page_sidebar_layout":"default_layout","om_disable_all_campaigns":false,"_monsterinsights_skip_tracking":false,"_monsterinsights_sitenote_active":false,"_monsterinsights_sitenote_note":"","_monsterinsights_sitenote_category":0,"footnotes":"","_wpscppro_dont_share_socialmedia":false,"_wpscppro_custom_social_share_image":0,"_facebook_share_type":"","_twitter_share_type":"","_linkedin_share_type":"","_pinterest_share_type":"","_linkedin_share_type_page":"","_instagram_share_type":"","_medium_share_type":"","_threads_share_type":"","_google_business_share_type":"","_selected_social_profile":[],"_wpsp_enable_custom_social_template":false,"_wpsp_social_scheduling":{"enabled":false,"datetime":null,"platforms":[],"status":"template_only","dateOption":"today","timeOption":"now","customDays":"","customHours":"","customDate":"","customTime":"","schedulingType":"absolute"},"_wpsp_active_default_template":true},"categories":[33],"tags":[],"class_list":["post-8241","post","type-post","status-publish","format-standard","has-post-thumbnail","hentry","category-sports"],"aioseo_notices":[],"yoast_head":"<!-- This site is optimized with the Yoast SEO plugin v27.5 - https:\/\/yoast.com\/product\/yoast-seo-wordpress\/ -->\n<title>Eliminatoires de la CAN 2022 (dames) : Les Vertes en stage \u00e0 Rouiba - La Sentinelle<\/title>\n<meta name=\"robots\" content=\"index, follow, max-snippet:-1, max-image-preview:large, max-video-preview:-1\" \/>\n<link rel=\"canonical\" href=\"https:\/\/lasentinelle.dz\/index.php\/2021\/09\/19\/eliminatoires-de-la-can-2022-dames-les-vertes-en-stage-a-rouiba\/\" \/>\n<meta property=\"og:locale\" content=\"fr_FR\" \/>\n<meta property=\"og:type\" content=\"article\" \/>\n<meta property=\"og:title\" content=\"Eliminatoires de la CAN 2022 (dames) : Les Vertes en stage \u00e0 Rouiba - La Sentinelle\" \/>\n<meta property=\"og:description\" content=\"26 joueuses, dont 26 professionnelles \u00e9voluant \u00e0 l&rsquo;\u00e9tranger, ont \u00e9t\u00e9 convoqu\u00e9es par la s\u00e9lectionneuse alg\u00e9rienne Radia Fertoul, pour un stage\" \/>\n<meta property=\"og:url\" content=\"https:\/\/lasentinelle.dz\/index.php\/2021\/09\/19\/eliminatoires-de-la-can-2022-dames-les-vertes-en-stage-a-rouiba\/\" \/>\n<meta property=\"og:site_name\" content=\"La Sentinelle\" \/>\n<meta property=\"article:publisher\" content=\"https:\/\/www.facebook.com\/La-Sentinelle-104059864394773\" \/>\n<meta property=\"article:published_time\" content=\"2021-09-18T23:01:00+00:00\" \/>\n<meta property=\"og:image\" content=\"https:\/\/lasentinelle.dz\/wp-content\/uploads\/2021\/09\/image_2021-09-18_151743.png\" \/>\n\t<meta property=\"og:image:width\" content=\"750\" \/>\n\t<meta property=\"og:image:height\" content=\"430\" \/>\n\t<meta property=\"og:image:type\" content=\"image\/png\" \/>\n<meta name=\"author\" content=\"La Sentinelle\" \/>\n<meta name=\"twitter:card\" content=\"summary_large_image\" \/>\n<meta name=\"twitter:label1\" content=\"\u00c9crit par\" \/>\n\t<meta name=\"twitter:data1\" content=\"La Sentinelle\" \/>\n\t<meta name=\"twitter:label2\" content=\"Dur\u00e9e de lecture estim\u00e9e\" \/>\n\t<meta name=\"twitter:data2\" content=\"2 minutes\" \/>\n<script type=\"application\/ld+json\" class=\"yoast-schema-graph\">{\"@context\":\"https:\\\/\\\/schema.org\",\"@graph\":[{\"@type\":\"Article\",\"@id\":\"https:\\\/\\\/lasentinelle.dz\\\/index.php\\\/2021\\\/09\\\/19\\\/eliminatoires-de-la-can-2022-dames-les-vertes-en-stage-a-rouiba\\\/#article\",\"isPartOf\":{\"@id\":\"https:\\\/\\\/lasentinelle.dz\\\/index.php\\\/2021\\\/09\\\/19\\\/eliminatoires-de-la-can-2022-dames-les-vertes-en-stage-a-rouiba\\\/\"},\"author\":{\"name\":\"La Sentinelle\",\"@id\":\"https:\\\/\\\/lasentinelle.dz\\\/#\\\/schema\\\/person\\\/d865044e22e70a75174ce8bcad3acfb3\"},\"headline\":\"Eliminatoires de la CAN 2022 (dames) : Les Vertes en stage \u00e0 Rouiba\",\"datePublished\":\"2021-09-18T23:01:00+00:00\",\"mainEntityOfPage\":{\"@id\":\"https:\\\/\\\/lasentinelle.dz\\\/index.php\\\/2021\\\/09\\\/19\\\/eliminatoires-de-la-can-2022-dames-les-vertes-en-stage-a-rouiba\\\/\"},\"wordCount\":286,\"commentCount\":0,\"publisher\":{\"@id\":\"https:\\\/\\\/lasentinelle.dz\\\/#organization\"},\"image\":{\"@id\":\"https:\\\/\\\/lasentinelle.dz\\\/index.php\\\/2021\\\/09\\\/19\\\/eliminatoires-de-la-can-2022-dames-les-vertes-en-stage-a-rouiba\\\/#primaryimage\"},\"thumbnailUrl\":\"https:\\\/\\\/lasentinelle.dz\\\/wp-content\\\/uploads\\\/2021\\\/09\\\/image_2021-09-18_151743.png\",\"articleSection\":[\"Sports\"],\"inLanguage\":\"fr-FR\",\"potentialAction\":[{\"@type\":\"CommentAction\",\"name\":\"Comment\",\"target\":[\"https:\\\/\\\/lasentinelle.dz\\\/index.php\\\/2021\\\/09\\\/19\\\/eliminatoires-de-la-can-2022-dames-les-vertes-en-stage-a-rouiba\\\/#respond\"]}]},{\"@type\":\"WebPage\",\"@id\":\"https:\\\/\\\/lasentinelle.dz\\\/index.php\\\/2021\\\/09\\\/19\\\/eliminatoires-de-la-can-2022-dames-les-vertes-en-stage-a-rouiba\\\/\",\"url\":\"https:\\\/\\\/lasentinelle.dz\\\/index.php\\\/2021\\\/09\\\/19\\\/eliminatoires-de-la-can-2022-dames-les-vertes-en-stage-a-rouiba\\\/\",\"name\":\"Eliminatoires de la CAN 2022 (dames) : Les Vertes en stage \u00e0 Rouiba - La Sentinelle\",\"isPartOf\":{\"@id\":\"https:\\\/\\\/lasentinelle.dz\\\/#website\"},\"primaryImageOfPage\":{\"@id\":\"https:\\\/\\\/lasentinelle.dz\\\/index.php\\\/2021\\\/09\\\/19\\\/eliminatoires-de-la-can-2022-dames-les-vertes-en-stage-a-rouiba\\\/#primaryimage\"},\"image\":{\"@id\":\"https:\\\/\\\/lasentinelle.dz\\\/index.php\\\/2021\\\/09\\\/19\\\/eliminatoires-de-la-can-2022-dames-les-vertes-en-stage-a-rouiba\\\/#primaryimage\"},\"thumbnailUrl\":\"https:\\\/\\\/lasentinelle.dz\\\/wp-content\\\/uploads\\\/2021\\\/09\\\/image_2021-09-18_151743.png\",\"datePublished\":\"2021-09-18T23:01:00+00:00\",\"breadcrumb\":{\"@id\":\"https:\\\/\\\/lasentinelle.dz\\\/index.php\\\/2021\\\/09\\\/19\\\/eliminatoires-de-la-can-2022-dames-les-vertes-en-stage-a-rouiba\\\/#breadcrumb\"},\"inLanguage\":\"fr-FR\",\"potentialAction\":[{\"@type\":\"ReadAction\",\"target\":[\"https:\\\/\\\/lasentinelle.dz\\\/index.php\\\/2021\\\/09\\\/19\\\/eliminatoires-de-la-can-2022-dames-les-vertes-en-stage-a-rouiba\\\/\"]}]},{\"@type\":\"ImageObject\",\"inLanguage\":\"fr-FR\",\"@id\":\"https:\\\/\\\/lasentinelle.dz\\\/index.php\\\/2021\\\/09\\\/19\\\/eliminatoires-de-la-can-2022-dames-les-vertes-en-stage-a-rouiba\\\/#primaryimage\",\"url\":\"https:\\\/\\\/lasentinelle.dz\\\/wp-content\\\/uploads\\\/2021\\\/09\\\/image_2021-09-18_151743.png\",\"contentUrl\":\"https:\\\/\\\/lasentinelle.dz\\\/wp-content\\\/uploads\\\/2021\\\/09\\\/image_2021-09-18_151743.png\",\"width\":750,\"height\":430},{\"@type\":\"BreadcrumbList\",\"@id\":\"https:\\\/\\\/lasentinelle.dz\\\/index.php\\\/2021\\\/09\\\/19\\\/eliminatoires-de-la-can-2022-dames-les-vertes-en-stage-a-rouiba\\\/#breadcrumb\",\"itemListElement\":[{\"@type\":\"ListItem\",\"position\":1,\"name\":\"Accueil\",\"item\":\"https:\\\/\\\/lasentinelle.dz\\\/\"},{\"@type\":\"ListItem\",\"position\":2,\"name\":\"Eliminatoires de la CAN 2022 (dames) : Les Vertes en stage \u00e0 Rouiba\"}]},{\"@type\":\"WebSite\",\"@id\":\"https:\\\/\\\/lasentinelle.dz\\\/#website\",\"url\":\"https:\\\/\\\/lasentinelle.dz\\\/\",\"name\":\"La Sentinelle\",\"description\":\"Quotidien national d&#039;information\",\"publisher\":{\"@id\":\"https:\\\/\\\/lasentinelle.dz\\\/#organization\"},\"potentialAction\":[{\"@type\":\"SearchAction\",\"target\":{\"@type\":\"EntryPoint\",\"urlTemplate\":\"https:\\\/\\\/lasentinelle.dz\\\/?s={search_term_string}\"},\"query-input\":{\"@type\":\"PropertyValueSpecification\",\"valueRequired\":true,\"valueName\":\"search_term_string\"}}],\"inLanguage\":\"fr-FR\"},{\"@type\":\"Organization\",\"@id\":\"https:\\\/\\\/lasentinelle.dz\\\/#organization\",\"name\":\"Quotidien La Sentinelle\",\"url\":\"https:\\\/\\\/lasentinelle.dz\\\/\",\"logo\":{\"@type\":\"ImageObject\",\"inLanguage\":\"fr-FR\",\"@id\":\"https:\\\/\\\/lasentinelle.dz\\\/#\\\/schema\\\/logo\\\/image\\\/\",\"url\":\"https:\\\/\\\/lasentinelle.dz\\\/wp-content\\\/uploads\\\/2021\\\/09\\\/logo-sentinelleSLOGAN-1.png\",\"contentUrl\":\"https:\\\/\\\/lasentinelle.dz\\\/wp-content\\\/uploads\\\/2021\\\/09\\\/logo-sentinelleSLOGAN-1.png\",\"width\":615,\"height\":142,\"caption\":\"Quotidien La Sentinelle\"},\"image\":{\"@id\":\"https:\\\/\\\/lasentinelle.dz\\\/#\\\/schema\\\/logo\\\/image\\\/\"},\"sameAs\":[\"https:\\\/\\\/www.facebook.com\\\/La-Sentinelle-104059864394773\"]},{\"@type\":\"Person\",\"@id\":\"https:\\\/\\\/lasentinelle.dz\\\/#\\\/schema\\\/person\\\/d865044e22e70a75174ce8bcad3acfb3\",\"name\":\"La Sentinelle\",\"image\":{\"@type\":\"ImageObject\",\"inLanguage\":\"fr-FR\",\"@id\":\"https:\\\/\\\/secure.gravatar.com\\\/avatar\\\/57de8e5d4b15d43fb361a71fbb36338450fe67865b528a43dd10ef7c51a20392?s=96&d=mm&r=g\",\"url\":\"https:\\\/\\\/secure.gravatar.com\\\/avatar\\\/57de8e5d4b15d43fb361a71fbb36338450fe67865b528a43dd10ef7c51a20392?s=96&d=mm&r=g\",\"contentUrl\":\"https:\\\/\\\/secure.gravatar.com\\\/avatar\\\/57de8e5d4b15d43fb361a71fbb36338450fe67865b528a43dd10ef7c51a20392?s=96&d=mm&r=g\",\"caption\":\"La Sentinelle\"},\"sameAs\":[\"http:\\\/\\\/www.lasentinelle.dz\"],\"url\":\"https:\\\/\\\/lasentinelle.dz\\\/author\\\/redaction\\\/\"}]}<\/script>\n<!-- \/ Yoast SEO plugin. -->","yoast_head_json":{"title":"Eliminatoires de la CAN 2022 (dames) : Les Vertes en stage \u00e0 Rouiba - La Sentinelle","robots":{"index":"index","follow":"follow","max-snippet":"max-snippet:-1","max-image-preview":"max-image-preview:large","max-video-preview":"max-video-preview:-1"},"canonical":"https:\/\/lasentinelle.dz\/index.php\/2021\/09\/19\/eliminatoires-de-la-can-2022-dames-les-vertes-en-stage-a-rouiba\/","og_locale":"fr_FR","og_type":"article","og_title":"Eliminatoires de la CAN 2022 (dames) : Les Vertes en stage \u00e0 Rouiba - La Sentinelle","og_description":"26 joueuses, dont 26 professionnelles \u00e9voluant \u00e0 l&rsquo;\u00e9tranger, ont \u00e9t\u00e9 convoqu\u00e9es par la s\u00e9lectionneuse alg\u00e9rienne Radia Fertoul, pour un stage","og_url":"https:\/\/lasentinelle.dz\/index.php\/2021\/09\/19\/eliminatoires-de-la-can-2022-dames-les-vertes-en-stage-a-rouiba\/","og_site_name":"La Sentinelle","article_publisher":"https:\/\/www.facebook.com\/La-Sentinelle-104059864394773","article_published_time":"2021-09-18T23:01:00+00:00","og_image":[{"width":750,"height":430,"url":"https:\/\/lasentinelle.dz\/wp-content\/uploads\/2021\/09\/image_2021-09-18_151743.png","type":"image\/png"}],"author":"La Sentinelle","twitter_card":"summary_large_image","twitter_misc":{"\u00c9crit par":"La Sentinelle","Dur\u00e9e de lecture estim\u00e9e":"2 minutes"},"schema":{"@context":"https:\/\/schema.org","@graph":[{"@type":"Article","@id":"https:\/\/lasentinelle.dz\/index.php\/2021\/09\/19\/eliminatoires-de-la-can-2022-dames-les-vertes-en-stage-a-rouiba\/#article","isPartOf":{"@id":"https:\/\/lasentinelle.dz\/index.php\/2021\/09\/19\/eliminatoires-de-la-can-2022-dames-les-vertes-en-stage-a-rouiba\/"},"author":{"name":"La Sentinelle","@id":"https:\/\/lasentinelle.dz\/#\/schema\/person\/d865044e22e70a75174ce8bcad3acfb3"},"headline":"Eliminatoires de la CAN 2022 (dames) : Les Vertes en stage \u00e0 Rouiba","datePublished":"2021-09-18T23:01:00+00:00","mainEntityOfPage":{"@id":"https:\/\/lasentinelle.dz\/index.php\/2021\/09\/19\/eliminatoires-de-la-can-2022-dames-les-vertes-en-stage-a-rouiba\/"},"wordCount":286,"commentCount":0,"publisher":{"@id":"https:\/\/lasentinelle.dz\/#organization"},"image":{"@id":"https:\/\/lasentinelle.dz\/index.php\/2021\/09\/19\/eliminatoires-de-la-can-2022-dames-les-vertes-en-stage-a-rouiba\/#primaryimage"},"thumbnailUrl":"https:\/\/lasentinelle.dz\/wp-content\/uploads\/2021\/09\/image_2021-09-18_151743.png","articleSection":["Sports"],"inLanguage":"fr-FR","potentialAction":[{"@type":"CommentAction","name":"Comment","target":["https:\/\/lasentinelle.dz\/index.php\/2021\/09\/19\/eliminatoires-de-la-can-2022-dames-les-vertes-en-stage-a-rouiba\/#respond"]}]},{"@type":"WebPage","@id":"https:\/\/lasentinelle.dz\/index.php\/2021\/09\/19\/eliminatoires-de-la-can-2022-dames-les-vertes-en-stage-a-rouiba\/","url":"https:\/\/lasentinelle.dz\/index.php\/2021\/09\/19\/eliminatoires-de-la-can-2022-dames-les-vertes-en-stage-a-rouiba\/","name":"Eliminatoires de la CAN 2022 (dames) : Les Vertes en stage \u00e0 Rouiba - La Sentinelle","isPartOf":{"@id":"https:\/\/lasentinelle.dz\/#website"},"primaryImageOfPage":{"@id":"https:\/\/lasentinelle.dz\/index.php\/2021\/09\/19\/eliminatoires-de-la-can-2022-dames-les-vertes-en-stage-a-rouiba\/#primaryimage"},"image":{"@id":"https:\/\/lasentinelle.dz\/index.php\/2021\/09\/19\/eliminatoires-de-la-can-2022-dames-les-vertes-en-stage-a-rouiba\/#primaryimage"},"thumbnailUrl":"https:\/\/lasentinelle.dz\/wp-content\/uploads\/2021\/09\/image_2021-09-18_151743.png","datePublished":"2021-09-18T23:01:00+00:00","breadcrumb":{"@id":"https:\/\/lasentinelle.dz\/index.php\/2021\/09\/19\/eliminatoires-de-la-can-2022-dames-les-vertes-en-stage-a-rouiba\/#breadcrumb"},"inLanguage":"fr-FR","potentialAction":[{"@type":"ReadAction","target":["https:\/\/lasentinelle.dz\/index.php\/2021\/09\/19\/eliminatoires-de-la-can-2022-dames-les-vertes-en-stage-a-rouiba\/"]}]},{"@type":"ImageObject","inLanguage":"fr-FR","@id":"https:\/\/lasentinelle.dz\/index.php\/2021\/09\/19\/eliminatoires-de-la-can-2022-dames-les-vertes-en-stage-a-rouiba\/#primaryimage","url":"https:\/\/lasentinelle.dz\/wp-content\/uploads\/2021\/09\/image_2021-09-18_151743.png","contentUrl":"https:\/\/lasentinelle.dz\/wp-content\/uploads\/2021\/09\/image_2021-09-18_151743.png","width":750,"height":430},{"@type":"BreadcrumbList","@id":"https:\/\/lasentinelle.dz\/index.php\/2021\/09\/19\/eliminatoires-de-la-can-2022-dames-les-vertes-en-stage-a-rouiba\/#breadcrumb","itemListElement":[{"@type":"ListItem","position":1,"name":"Accueil","item":"https:\/\/lasentinelle.dz\/"},{"@type":"ListItem","position":2,"name":"Eliminatoires de la CAN 2022 (dames) : Les Vertes en stage \u00e0 Rouiba"}]},{"@type":"WebSite","@id":"https:\/\/lasentinelle.dz\/#website","url":"https:\/\/lasentinelle.dz\/","name":"La Sentinelle","description":"Quotidien national d&#039;information","publisher":{"@id":"https:\/\/lasentinelle.dz\/#organization"},"potentialAction":[{"@type":"SearchAction","target":{"@type":"EntryPoint","urlTemplate":"https:\/\/lasentinelle.dz\/?s={search_term_string}"},"query-input":{"@type":"PropertyValueSpecification","valueRequired":true,"valueName":"search_term_string"}}],"inLanguage":"fr-FR"},{"@type":"Organization","@id":"https:\/\/lasentinelle.dz\/#organization","name":"Quotidien La Sentinelle","url":"https:\/\/lasentinelle.dz\/","logo":{"@type":"ImageObject","inLanguage":"fr-FR","@id":"https:\/\/lasentinelle.dz\/#\/schema\/logo\/image\/","url":"https:\/\/lasentinelle.dz\/wp-content\/uploads\/2021\/09\/logo-sentinelleSLOGAN-1.png","contentUrl":"https:\/\/lasentinelle.dz\/wp-content\/uploads\/2021\/09\/logo-sentinelleSLOGAN-1.png","width":615,"height":142,"caption":"Quotidien La Sentinelle"},"image":{"@id":"https:\/\/lasentinelle.dz\/#\/schema\/logo\/image\/"},"sameAs":["https:\/\/www.facebook.com\/La-Sentinelle-104059864394773"]},{"@type":"Person","@id":"https:\/\/lasentinelle.dz\/#\/schema\/person\/d865044e22e70a75174ce8bcad3acfb3","name":"La Sentinelle","image":{"@type":"ImageObject","inLanguage":"fr-FR","@id":"https:\/\/secure.gravatar.com\/avatar\/57de8e5d4b15d43fb361a71fbb36338450fe67865b528a43dd10ef7c51a20392?s=96&d=mm&r=g","url":"https:\/\/secure.gravatar.com\/avatar\/57de8e5d4b15d43fb361a71fbb36338450fe67865b528a43dd10ef7c51a20392?s=96&d=mm&r=g","contentUrl":"https:\/\/secure.gravatar.com\/avatar\/57de8e5d4b15d43fb361a71fbb36338450fe67865b528a43dd10ef7c51a20392?s=96&d=mm&r=g","caption":"La Sentinelle"},"sameAs":["http:\/\/www.lasentinelle.dz"],"url":"https:\/\/lasentinelle.dz\/author\/redaction\/"}]}},"_links":{"self":[{"href":"https:\/\/lasentinelle.dz\/index.php\/wp-json\/wp\/v2\/posts\/8241","targetHints":{"allow":["GET"]}}],"collection":[{"href":"https:\/\/lasentinelle.dz\/index.php\/wp-json\/wp\/v2\/posts"}],"about":[{"href":"https:\/\/lasentinelle.dz\/index.php\/wp-json\/wp\/v2\/types\/post"}],"author":[{"embeddable":true,"href":"https:\/\/lasentinelle.dz\/index.php\/wp-json\/wp\/v2\/users\/3"}],"replies":[{"embeddable":true,"href":"https:\/\/lasentinelle.dz\/index.php\/wp-json\/wp\/v2\/comments?post=8241"}],"version-history":[{"count":1,"href":"https:\/\/lasentinelle.dz\/index.php\/wp-json\/wp\/v2\/posts\/8241\/revisions"}],"predecessor-version":[{"id":8246,"href":"https:\/\/lasentinelle.dz\/index.php\/wp-json\/wp\/v2\/posts\/8241\/revisions\/8246"}],"wp:featuredmedia":[{"embeddable":true,"href":"https:\/\/lasentinelle.dz\/index.php\/wp-json\/wp\/v2\/media\/8245"}],"wp:attachment":[{"href":"https:\/\/lasentinelle.dz\/index.php\/wp-json\/wp\/v2\/media?parent=8241"}],"wp:term":[{"taxonomy":"category","embeddable":true,"href":"https:\/\/lasentinelle.dz\/index.php\/wp-json\/wp\/v2\/categories?post=8241"},{"taxonomy":"post_tag","embeddable":true,"href":"https:\/\/lasentinelle.dz\/index.php\/wp-json\/wp\/v2\/tags?post=8241"}],"curies":[{"name":"wp","href":"https:\/\/api.w.org\/{rel}","templated":true}]}}