{"id":82437,"date":"2026-02-28T19:51:28","date_gmt":"2026-02-28T18:51:28","guid":{"rendered":"https:\/\/lasentinelle.dz\/?p=82437"},"modified":"2026-02-28T19:51:30","modified_gmt":"2026-02-28T18:51:30","slug":"des-vents-forts-avec-soulevement-de-sable-sur-des-wilayas-du-sud","status":"publish","type":"post","link":"https:\/\/lasentinelle.dz\/index.php\/2026\/02\/28\/des-vents-forts-avec-soulevement-de-sable-sur-des-wilayas-du-sud\/","title":{"rendered":"Des vents forts avec soul\u00e8vement de sable sur des wilayas du Sud"},"content":{"rendered":"\n<p class=\"wp-block-paragraph\">Des vents forts, atteignant ou d\u00e9passant parfois 80 km\/h en rafales, avec soul\u00e8vement de sable r\u00e9duisant fortement la visibilit\u00e9, souffleront, jusqu&rsquo;\u00e0 dimanche sur plusieurs wilayas du sud du pays, indique, samedi, un bulletin m\u00e9t\u00e9orologique sp\u00e9cial (BMS) \u00e9mis par l&rsquo;Office national de la m\u00e9t\u00e9orologie. De niveau de vigilance \u00ab\u00a0Orange\u00a0\u00bb, le BMS concerne la wilaya de Tindouf et ce, jusqu&rsquo;\u00e0 dimanche \u00e0 03h00, avec une direction et force des vents variables d\u00e9pressionnaires 60\/70 km\/h, atteignant ou d\u00e9passant parfois 80 km\/h en rafales. Les wilayas de B\u00e9ni Abbes, B\u00e9char, Timimoune, El Bayadh et Na\u00e2ma, sont \u00e9galement concern\u00e9es par ce BMS, dimanche de 09h00 \u00e0 23h00, avec une direction et force des vents de l&rsquo;est au sud-est, alors que la vitesse sera entre 60 et 70 km\/h atteignant ou d\u00e9passant parfois 80 Km\/h en rafales, note le BMS. Ces vents toucheront aussi la wilaya d&rsquo;Adrar, dimanche de 09h00 \u00e0 18h00, avec une direction et force des vents du sud au sud-est, tandis que la vitesse sera entre 60 et 70 km\/h atteignant ou d\u00e9passant parfois 80 Km\/h en rafales, conclut le BMS.<\/p>\n\n\n\n<p class=\"wp-block-paragraph\">APS<\/p>\n","protected":false},"excerpt":{"rendered":"<p>Des vents forts, atteignant ou d\u00e9passant parfois 80 km\/h en rafales, avec soul\u00e8vement de sable r\u00e9duisant fortement la visibilit\u00e9, souffleront,<\/p>\n","protected":false},"author":6,"featured_media":80194,"comment_status":"open","ping_status":"closed","sticky":false,"template":"","format":"standard","meta":{"colormag_page_container_layout":"default_layout","colormag_page_sidebar_layout":"default_layout","om_disable_all_campaigns":false,"_monsterinsights_skip_tracking":false,"footnotes":"","_wpscppro_dont_share_socialmedia":false,"_wpscppro_custom_social_share_image":0,"_facebook_share_type":"default","_twitter_share_type":"default","_linkedin_share_type":"default","_pinterest_share_type":"default","_linkedin_share_type_page":"","_instagram_share_type":"default","_medium_share_type":"default","_threads_share_type":"default","_google_business_share_type":"default","_bluesky_share_type":"","_mastodon_share_type":"","_selected_social_profile":[],"_wpsp_enable_custom_social_template":false,"_wpsp_social_scheduling":{"enabled":false,"datetime":null,"platforms":[],"status":"template_only","dateOption":"today","timeOption":"now","customDays":"","customHours":"","customDate":"","customTime":"","schedulingType":"absolute"},"_wpsp_active_default_template":true},"categories":[27],"tags":[],"class_list":["post-82437","post","type-post","status-publish","format-standard","has-post-thumbnail","hentry","category-actualite"],"aioseo_notices":[],"aioseo_head":"\n\t\t<!-- All in One SEO 5.0.0.1 - aioseo.com -->\n\t<meta name=\"description\" content=\"Des vents forts, atteignant ou d\u00e9passant parfois 80 km\/h en rafales, avec soul\u00e8vement de sable r\u00e9duisant fortement la visibilit\u00e9, souffleront, jusqu&#039;\u00e0 dimanche sur plusieurs wilayas du sud du pays, indique, samedi, un bulletin m\u00e9t\u00e9orologique sp\u00e9cial (BMS) \u00e9mis par l&#039;Office national de la m\u00e9t\u00e9orologie. De niveau de vigilance &quot;Orange&quot;, le BMS concerne la wilaya de Tindouf\" \/>\n\t<meta name=\"robots\" content=\"max-image-preview:large\" \/>\n\t<meta name=\"author\" content=\"admin\"\/>\n\t<link rel=\"canonical\" href=\"https:\/\/lasentinelle.dz\/index.php\/2026\/02\/28\/des-vents-forts-avec-soulevement-de-sable-sur-des-wilayas-du-sud\/\" \/>\n\t<meta name=\"generator\" content=\"All in One SEO (AIOSEO) 5.0.0.1\" \/>\n\t\t<meta property=\"og:locale\" content=\"fr_FR\" \/>\n\t\t<meta property=\"og:site_name\" content=\"La Sentinelle - Quotidien national d&#039;information\" \/>\n\t\t<meta property=\"og:type\" content=\"article\" \/>\n\t\t<meta property=\"og:title\" content=\"Des vents forts avec soul\u00e8vement de sable sur des wilayas du Sud - La Sentinelle\" \/>\n\t\t<meta property=\"og:description\" content=\"Des vents forts, atteignant ou d\u00e9passant parfois 80 km\/h en rafales, avec soul\u00e8vement de sable r\u00e9duisant fortement la visibilit\u00e9, souffleront, jusqu&#039;\u00e0 dimanche sur plusieurs wilayas du sud du pays, indique, samedi, un bulletin m\u00e9t\u00e9orologique sp\u00e9cial (BMS) \u00e9mis par l&#039;Office national de la m\u00e9t\u00e9orologie. De niveau de vigilance &quot;Orange&quot;, le BMS concerne la wilaya de Tindouf\" \/>\n\t\t<meta property=\"og:url\" content=\"https:\/\/lasentinelle.dz\/index.php\/2026\/02\/28\/des-vents-forts-avec-soulevement-de-sable-sur-des-wilayas-du-sud\/\" \/>\n\t\t<meta property=\"og:image\" content=\"https:\/\/lasentinelle.dz\/wp-content\/uploads\/2021\/09\/cropped-la-sentinelle-earth-golden-anima-5.gif\" \/>\n\t\t<meta property=\"og:image:secure_url\" content=\"https:\/\/lasentinelle.dz\/wp-content\/uploads\/2021\/09\/cropped-la-sentinelle-earth-golden-anima-5.gif\" \/>\n\t\t<meta property=\"og:image:width\" content=\"450\" \/>\n\t\t<meta property=\"og:image:height\" content=\"213\" \/>\n\t\t<meta property=\"article:published_time\" content=\"2026-02-28T18:51:28+00:00\" \/>\n\t\t<meta property=\"article:modified_time\" content=\"2026-02-28T18:51:30+00:00\" \/>\n\t\t<meta property=\"article:publisher\" content=\"https:\/\/www.facebook.com\/azzedine.lasentinelle.1\" \/>\n\t\t<meta name=\"twitter:card\" content=\"summary_large_image\" \/>\n\t\t<meta name=\"twitter:title\" content=\"Des vents forts avec soul\u00e8vement de sable sur des wilayas du Sud - La Sentinelle\" \/>\n\t\t<meta name=\"twitter:description\" content=\"Des vents forts, atteignant ou d\u00e9passant parfois 80 km\/h en rafales, avec soul\u00e8vement de sable r\u00e9duisant fortement la visibilit\u00e9, souffleront, jusqu&#039;\u00e0 dimanche sur plusieurs wilayas du sud du pays, indique, samedi, un bulletin m\u00e9t\u00e9orologique sp\u00e9cial (BMS) \u00e9mis par l&#039;Office national de la m\u00e9t\u00e9orologie. De niveau de vigilance &quot;Orange&quot;, le BMS concerne la wilaya de Tindouf\" \/>\n\t\t<meta name=\"twitter:image\" content=\"https:\/\/lasentinelle.dz\/wp-content\/uploads\/2021\/09\/cropped-la-sentinelle-earth-golden-anima-5.gif\" \/>\n\t\t<script type=\"application\/ld+json\" class=\"aioseo-schema\">\n\t\t\t{\"@context\":\"https:\\\/\\\/schema.org\",\"@graph\":[{\"@type\":\"BlogPosting\",\"@id\":\"https:\\\/\\\/lasentinelle.dz\\\/index.php\\\/2026\\\/02\\\/28\\\/des-vents-forts-avec-soulevement-de-sable-sur-des-wilayas-du-sud\\\/#blogposting\",\"name\":\"Des vents forts avec soul\\u00e8vement de sable sur des wilayas du Sud - La Sentinelle\",\"headline\":\"Des vents forts avec soul\\u00e8vement de sable sur des wilayas du Sud\",\"author\":{\"@id\":\"https:\\\/\\\/lasentinelle.dz\\\/author\\\/admin\\\/#author\"},\"publisher\":{\"@id\":\"https:\\\/\\\/lasentinelle.dz\\\/#organization\"},\"image\":{\"@type\":\"ImageObject\",\"url\":\"https:\\\/\\\/lasentinelle.dz\\\/wp-content\\\/uploads\\\/2026\\\/01\\\/alerte-vents.webp\",\"width\":658,\"height\":370},\"datePublished\":\"2026-02-28T19:51:28+01:00\",\"dateModified\":\"2026-02-28T19:51:30+01:00\",\"inLanguage\":\"fr-FR\",\"mainEntityOfPage\":{\"@id\":\"https:\\\/\\\/lasentinelle.dz\\\/index.php\\\/2026\\\/02\\\/28\\\/des-vents-forts-avec-soulevement-de-sable-sur-des-wilayas-du-sud\\\/#webpage\"},\"isPartOf\":{\"@id\":\"https:\\\/\\\/lasentinelle.dz\\\/index.php\\\/2026\\\/02\\\/28\\\/des-vents-forts-avec-soulevement-de-sable-sur-des-wilayas-du-sud\\\/#webpage\"},\"articleSection\":\"Actualit\\u00e9\"},{\"@type\":\"BreadcrumbList\",\"@id\":\"https:\\\/\\\/lasentinelle.dz\\\/index.php\\\/2026\\\/02\\\/28\\\/des-vents-forts-avec-soulevement-de-sable-sur-des-wilayas-du-sud\\\/#breadcrumblist\",\"itemListElement\":[{\"@type\":\"ListItem\",\"@id\":\"https:\\\/\\\/lasentinelle.dz#listItem\",\"position\":1,\"name\":\"Home\",\"item\":\"https:\\\/\\\/lasentinelle.dz\",\"nextItem\":{\"@type\":\"ListItem\",\"@id\":\"https:\\\/\\\/lasentinelle.dz\\\/index.php\\\/category\\\/actualite\\\/#listItem\",\"name\":\"Actualit\\u00e9\"}},{\"@type\":\"ListItem\",\"@id\":\"https:\\\/\\\/lasentinelle.dz\\\/index.php\\\/category\\\/actualite\\\/#listItem\",\"position\":2,\"name\":\"Actualit\\u00e9\",\"item\":\"https:\\\/\\\/lasentinelle.dz\\\/index.php\\\/category\\\/actualite\\\/\",\"nextItem\":{\"@type\":\"ListItem\",\"@id\":\"https:\\\/\\\/lasentinelle.dz\\\/index.php\\\/2026\\\/02\\\/28\\\/des-vents-forts-avec-soulevement-de-sable-sur-des-wilayas-du-sud\\\/#listItem\",\"name\":\"Des vents forts avec soul\\u00e8vement de sable sur des wilayas du Sud\"},\"previousItem\":{\"@type\":\"ListItem\",\"@id\":\"https:\\\/\\\/lasentinelle.dz#listItem\",\"name\":\"Home\"}},{\"@type\":\"ListItem\",\"@id\":\"https:\\\/\\\/lasentinelle.dz\\\/index.php\\\/2026\\\/02\\\/28\\\/des-vents-forts-avec-soulevement-de-sable-sur-des-wilayas-du-sud\\\/#listItem\",\"position\":3,\"name\":\"Des vents forts avec soul\\u00e8vement de sable sur des wilayas du Sud\",\"previousItem\":{\"@type\":\"ListItem\",\"@id\":\"https:\\\/\\\/lasentinelle.dz\\\/index.php\\\/category\\\/actualite\\\/#listItem\",\"name\":\"Actualit\\u00e9\"}}]},{\"@type\":\"Organization\",\"@id\":\"https:\\\/\\\/lasentinelle.dz\\\/#organization\",\"name\":\"La Sentinelle La Sentinelle\",\"description\":\"Quotidien national d'information\",\"url\":\"https:\\\/\\\/lasentinelle.dz\\\/\",\"logo\":{\"@type\":\"ImageObject\",\"url\":\"https:\\\/\\\/lasentinelle.dz\\\/wp-content\\\/uploads\\\/2021\\\/09\\\/cropped-la-sentinelle-earth-golden-anima-5.gif\",\"@id\":\"https:\\\/\\\/lasentinelle.dz\\\/index.php\\\/2026\\\/02\\\/28\\\/des-vents-forts-avec-soulevement-de-sable-sur-des-wilayas-du-sud\\\/#organizationLogo\",\"width\":450,\"height\":213},\"image\":{\"@id\":\"https:\\\/\\\/lasentinelle.dz\\\/index.php\\\/2026\\\/02\\\/28\\\/des-vents-forts-avec-soulevement-de-sable-sur-des-wilayas-du-sud\\\/#organizationLogo\"},\"sameAs\":[\"https:\\\/\\\/www.facebook.com\\\/azzedine.lasentinelle.1\"]},{\"@type\":\"Person\",\"@id\":\"https:\\\/\\\/lasentinelle.dz\\\/author\\\/admin\\\/#author\",\"url\":\"https:\\\/\\\/lasentinelle.dz\\\/author\\\/admin\\\/\",\"name\":\"admin\",\"image\":{\"@type\":\"ImageObject\",\"@id\":\"https:\\\/\\\/lasentinelle.dz\\\/index.php\\\/2026\\\/02\\\/28\\\/des-vents-forts-avec-soulevement-de-sable-sur-des-wilayas-du-sud\\\/#authorImage\",\"url\":\"https:\\\/\\\/secure.gravatar.com\\\/avatar\\\/4c81fed838786e9b53f540bf46533e750f5d292099ae3b66cfc6fb1982e29df7?s=96&d=mm&r=g\",\"width\":96,\"height\":96,\"caption\":\"admin\"}},{\"@type\":\"WebPage\",\"@id\":\"https:\\\/\\\/lasentinelle.dz\\\/index.php\\\/2026\\\/02\\\/28\\\/des-vents-forts-avec-soulevement-de-sable-sur-des-wilayas-du-sud\\\/#webpage\",\"url\":\"https:\\\/\\\/lasentinelle.dz\\\/index.php\\\/2026\\\/02\\\/28\\\/des-vents-forts-avec-soulevement-de-sable-sur-des-wilayas-du-sud\\\/\",\"name\":\"Des vents forts avec soul\\u00e8vement de sable sur des wilayas du Sud - La Sentinelle\",\"description\":\"Des vents forts, atteignant ou d\\u00e9passant parfois 80 km\\\/h en rafales, avec soul\\u00e8vement de sable r\\u00e9duisant fortement la visibilit\\u00e9, souffleront, jusqu'\\u00e0 dimanche sur plusieurs wilayas du sud du pays, indique, samedi, un bulletin m\\u00e9t\\u00e9orologique sp\\u00e9cial (BMS) \\u00e9mis par l'Office national de la m\\u00e9t\\u00e9orologie. De niveau de vigilance \\\"Orange\\\", le BMS concerne la wilaya de Tindouf\",\"inLanguage\":\"fr-FR\",\"isPartOf\":{\"@id\":\"https:\\\/\\\/lasentinelle.dz\\\/#website\"},\"breadcrumb\":{\"@id\":\"https:\\\/\\\/lasentinelle.dz\\\/index.php\\\/2026\\\/02\\\/28\\\/des-vents-forts-avec-soulevement-de-sable-sur-des-wilayas-du-sud\\\/#breadcrumblist\"},\"author\":{\"@id\":\"https:\\\/\\\/lasentinelle.dz\\\/author\\\/admin\\\/#author\"},\"creator\":{\"@id\":\"https:\\\/\\\/lasentinelle.dz\\\/author\\\/admin\\\/#author\"},\"image\":{\"@type\":\"ImageObject\",\"url\":\"https:\\\/\\\/lasentinelle.dz\\\/wp-content\\\/uploads\\\/2026\\\/01\\\/alerte-vents.webp\",\"@id\":\"https:\\\/\\\/lasentinelle.dz\\\/index.php\\\/2026\\\/02\\\/28\\\/des-vents-forts-avec-soulevement-de-sable-sur-des-wilayas-du-sud\\\/#mainImage\",\"width\":658,\"height\":370},\"primaryImageOfPage\":{\"@id\":\"https:\\\/\\\/lasentinelle.dz\\\/index.php\\\/2026\\\/02\\\/28\\\/des-vents-forts-avec-soulevement-de-sable-sur-des-wilayas-du-sud\\\/#mainImage\"},\"datePublished\":\"2026-02-28T19:51:28+01:00\",\"dateModified\":\"2026-02-28T19:51:30+01:00\"},{\"@type\":\"WebSite\",\"@id\":\"https:\\\/\\\/lasentinelle.dz\\\/#website\",\"url\":\"https:\\\/\\\/lasentinelle.dz\\\/\",\"name\":\"La Sentinelle\",\"description\":\"Quotidien national d'information\",\"inLanguage\":\"fr-FR\",\"publisher\":{\"@id\":\"https:\\\/\\\/lasentinelle.dz\\\/#organization\"}}]}\n\t\t<\/script>\n\t\t<!-- All in One SEO -->\n\n","aioseo_head_json":{"title":"Des vents forts avec soul\u00e8vement de sable sur des wilayas du Sud - La Sentinelle","description":"Des vents forts, atteignant ou d\u00e9passant parfois 80 km\/h en rafales, avec soul\u00e8vement de sable r\u00e9duisant fortement la visibilit\u00e9, souffleront, jusqu'\u00e0 dimanche sur plusieurs wilayas du sud du pays, indique, samedi, un bulletin m\u00e9t\u00e9orologique sp\u00e9cial (BMS) \u00e9mis par l'Office national de la m\u00e9t\u00e9orologie. De niveau de vigilance \"Orange\", le BMS concerne la wilaya de Tindouf","canonical_url":"https:\/\/lasentinelle.dz\/index.php\/2026\/02\/28\/des-vents-forts-avec-soulevement-de-sable-sur-des-wilayas-du-sud\/","robots":"max-image-preview:large","keywords":"","webmasterTools":{"miscellaneous":""},"schema":{"@context":"https:\/\/schema.org","@graph":[{"@type":"BlogPosting","@id":"https:\/\/lasentinelle.dz\/index.php\/2026\/02\/28\/des-vents-forts-avec-soulevement-de-sable-sur-des-wilayas-du-sud\/#blogposting","name":"Des vents forts avec soul\u00e8vement de sable sur des wilayas du Sud - La Sentinelle","headline":"Des vents forts avec soul\u00e8vement de sable sur des wilayas du Sud","author":{"@id":"https:\/\/lasentinelle.dz\/author\/admin\/#author"},"publisher":{"@id":"https:\/\/lasentinelle.dz\/#organization"},"image":{"@type":"ImageObject","url":"https:\/\/lasentinelle.dz\/wp-content\/uploads\/2026\/01\/alerte-vents.webp","width":658,"height":370},"datePublished":"2026-02-28T19:51:28+01:00","dateModified":"2026-02-28T19:51:30+01:00","inLanguage":"fr-FR","mainEntityOfPage":{"@id":"https:\/\/lasentinelle.dz\/index.php\/2026\/02\/28\/des-vents-forts-avec-soulevement-de-sable-sur-des-wilayas-du-sud\/#webpage"},"isPartOf":{"@id":"https:\/\/lasentinelle.dz\/index.php\/2026\/02\/28\/des-vents-forts-avec-soulevement-de-sable-sur-des-wilayas-du-sud\/#webpage"},"articleSection":"Actualit\u00e9"},{"@type":"BreadcrumbList","@id":"https:\/\/lasentinelle.dz\/index.php\/2026\/02\/28\/des-vents-forts-avec-soulevement-de-sable-sur-des-wilayas-du-sud\/#breadcrumblist","itemListElement":[{"@type":"ListItem","@id":"https:\/\/lasentinelle.dz#listItem","position":1,"name":"Home","item":"https:\/\/lasentinelle.dz","nextItem":{"@type":"ListItem","@id":"https:\/\/lasentinelle.dz\/index.php\/category\/actualite\/#listItem","name":"Actualit\u00e9"}},{"@type":"ListItem","@id":"https:\/\/lasentinelle.dz\/index.php\/category\/actualite\/#listItem","position":2,"name":"Actualit\u00e9","item":"https:\/\/lasentinelle.dz\/index.php\/category\/actualite\/","nextItem":{"@type":"ListItem","@id":"https:\/\/lasentinelle.dz\/index.php\/2026\/02\/28\/des-vents-forts-avec-soulevement-de-sable-sur-des-wilayas-du-sud\/#listItem","name":"Des vents forts avec soul\u00e8vement de sable sur des wilayas du Sud"},"previousItem":{"@type":"ListItem","@id":"https:\/\/lasentinelle.dz#listItem","name":"Home"}},{"@type":"ListItem","@id":"https:\/\/lasentinelle.dz\/index.php\/2026\/02\/28\/des-vents-forts-avec-soulevement-de-sable-sur-des-wilayas-du-sud\/#listItem","position":3,"name":"Des vents forts avec soul\u00e8vement de sable sur des wilayas du Sud","previousItem":{"@type":"ListItem","@id":"https:\/\/lasentinelle.dz\/index.php\/category\/actualite\/#listItem","name":"Actualit\u00e9"}}]},{"@type":"Organization","@id":"https:\/\/lasentinelle.dz\/#organization","name":"La Sentinelle La Sentinelle","description":"Quotidien national d'information","url":"https:\/\/lasentinelle.dz\/","logo":{"@type":"ImageObject","url":"https:\/\/lasentinelle.dz\/wp-content\/uploads\/2021\/09\/cropped-la-sentinelle-earth-golden-anima-5.gif","@id":"https:\/\/lasentinelle.dz\/index.php\/2026\/02\/28\/des-vents-forts-avec-soulevement-de-sable-sur-des-wilayas-du-sud\/#organizationLogo","width":450,"height":213},"image":{"@id":"https:\/\/lasentinelle.dz\/index.php\/2026\/02\/28\/des-vents-forts-avec-soulevement-de-sable-sur-des-wilayas-du-sud\/#organizationLogo"},"sameAs":["https:\/\/www.facebook.com\/azzedine.lasentinelle.1"]},{"@type":"Person","@id":"https:\/\/lasentinelle.dz\/author\/admin\/#author","url":"https:\/\/lasentinelle.dz\/author\/admin\/","name":"admin","image":{"@type":"ImageObject","@id":"https:\/\/lasentinelle.dz\/index.php\/2026\/02\/28\/des-vents-forts-avec-soulevement-de-sable-sur-des-wilayas-du-sud\/#authorImage","url":"https:\/\/secure.gravatar.com\/avatar\/4c81fed838786e9b53f540bf46533e750f5d292099ae3b66cfc6fb1982e29df7?s=96&d=mm&r=g","width":96,"height":96,"caption":"admin"}},{"@type":"WebPage","@id":"https:\/\/lasentinelle.dz\/index.php\/2026\/02\/28\/des-vents-forts-avec-soulevement-de-sable-sur-des-wilayas-du-sud\/#webpage","url":"https:\/\/lasentinelle.dz\/index.php\/2026\/02\/28\/des-vents-forts-avec-soulevement-de-sable-sur-des-wilayas-du-sud\/","name":"Des vents forts avec soul\u00e8vement de sable sur des wilayas du Sud - La Sentinelle","description":"Des vents forts, atteignant ou d\u00e9passant parfois 80 km\/h en rafales, avec soul\u00e8vement de sable r\u00e9duisant fortement la visibilit\u00e9, souffleront, jusqu'\u00e0 dimanche sur plusieurs wilayas du sud du pays, indique, samedi, un bulletin m\u00e9t\u00e9orologique sp\u00e9cial (BMS) \u00e9mis par l'Office national de la m\u00e9t\u00e9orologie. De niveau de vigilance \"Orange\", le BMS concerne la wilaya de Tindouf","inLanguage":"fr-FR","isPartOf":{"@id":"https:\/\/lasentinelle.dz\/#website"},"breadcrumb":{"@id":"https:\/\/lasentinelle.dz\/index.php\/2026\/02\/28\/des-vents-forts-avec-soulevement-de-sable-sur-des-wilayas-du-sud\/#breadcrumblist"},"author":{"@id":"https:\/\/lasentinelle.dz\/author\/admin\/#author"},"creator":{"@id":"https:\/\/lasentinelle.dz\/author\/admin\/#author"},"image":{"@type":"ImageObject","url":"https:\/\/lasentinelle.dz\/wp-content\/uploads\/2026\/01\/alerte-vents.webp","@id":"https:\/\/lasentinelle.dz\/index.php\/2026\/02\/28\/des-vents-forts-avec-soulevement-de-sable-sur-des-wilayas-du-sud\/#mainImage","width":658,"height":370},"primaryImageOfPage":{"@id":"https:\/\/lasentinelle.dz\/index.php\/2026\/02\/28\/des-vents-forts-avec-soulevement-de-sable-sur-des-wilayas-du-sud\/#mainImage"},"datePublished":"2026-02-28T19:51:28+01:00","dateModified":"2026-02-28T19:51:30+01:00"},{"@type":"WebSite","@id":"https:\/\/lasentinelle.dz\/#website","url":"https:\/\/lasentinelle.dz\/","name":"La Sentinelle","description":"Quotidien national d'information","inLanguage":"fr-FR","publisher":{"@id":"https:\/\/lasentinelle.dz\/#organization"}}]},"og:locale":"fr_FR","og:site_name":"La Sentinelle - Quotidien national d'information","og:type":"article","og:title":"Des vents forts avec soul\u00e8vement de sable sur des wilayas du Sud - La Sentinelle","og:description":"Des vents forts, atteignant ou d\u00e9passant parfois 80 km\/h en rafales, avec soul\u00e8vement de sable r\u00e9duisant fortement la visibilit\u00e9, souffleront, jusqu'\u00e0 dimanche sur plusieurs wilayas du sud du pays, indique, samedi, un bulletin m\u00e9t\u00e9orologique sp\u00e9cial (BMS) \u00e9mis par l'Office national de la m\u00e9t\u00e9orologie. De niveau de vigilance &quot;Orange&quot;, le BMS concerne la wilaya de Tindouf","og:url":"https:\/\/lasentinelle.dz\/index.php\/2026\/02\/28\/des-vents-forts-avec-soulevement-de-sable-sur-des-wilayas-du-sud\/","og:image":"https:\/\/lasentinelle.dz\/wp-content\/uploads\/2021\/09\/cropped-la-sentinelle-earth-golden-anima-5.gif","og:image:secure_url":"https:\/\/lasentinelle.dz\/wp-content\/uploads\/2021\/09\/cropped-la-sentinelle-earth-golden-anima-5.gif","og:image:width":450,"og:image:height":213,"article:published_time":"2026-02-28T18:51:28+00:00","article:modified_time":"2026-02-28T18:51:30+00:00","article:publisher":"https:\/\/www.facebook.com\/azzedine.lasentinelle.1","twitter:card":"summary_large_image","twitter:title":"Des vents forts avec soul\u00e8vement de sable sur des wilayas du Sud - La Sentinelle","twitter:description":"Des vents forts, atteignant ou d\u00e9passant parfois 80 km\/h en rafales, avec soul\u00e8vement de sable r\u00e9duisant fortement la visibilit\u00e9, souffleront, jusqu'\u00e0 dimanche sur plusieurs wilayas du sud du pays, indique, samedi, un bulletin m\u00e9t\u00e9orologique sp\u00e9cial (BMS) \u00e9mis par l'Office national de la m\u00e9t\u00e9orologie. De niveau de vigilance &quot;Orange&quot;, le BMS concerne la wilaya de Tindouf","twitter:image":"https:\/\/lasentinelle.dz\/wp-content\/uploads\/2021\/09\/cropped-la-sentinelle-earth-golden-anima-5.gif"},"aioseo_meta_data":{"post_id":"82437","title":null,"description":null,"keywords":null,"keyphrases":null,"primary_term":null,"canonical_url":null,"og_title":null,"og_description":null,"og_object_type":"default","og_image_type":"default","og_image_url":null,"og_image_width":null,"og_image_height":null,"og_image_custom_url":null,"og_image_custom_fields":null,"og_video":null,"og_custom_url":null,"og_article_section":null,"og_article_tags":null,"twitter_use_og":false,"twitter_card":"default","twitter_image_type":"default","twitter_image_url":null,"twitter_image_custom_url":null,"twitter_image_custom_fields":null,"twitter_title":null,"twitter_description":null,"schema":{"blockGraphs":[],"customGraphs":[],"default":{"data":{"Article":[],"Course":[],"Dataset":[],"FAQPage":[],"Movie":[],"Person":[],"Product":[],"ProductReview":[],"Car":[],"Recipe":[],"Service":[],"SoftwareApplication":[],"WebPage":[]},"graphName":"","isEnabled":true},"graphs":[]},"schema_type":"default","schema_type_options":null,"pillar_content":false,"robots_default":true,"robots_noindex":false,"robots_noarchive":false,"robots_nosnippet":false,"robots_nofollow":false,"robots_noimageindex":false,"robots_noodp":false,"robots_notranslate":false,"robots_max_snippet":null,"robots_max_videopreview":null,"robots_max_imagepreview":"large","priority":null,"frequency":null,"local_seo":null,"breadcrumb_settings":null,"limit_modified_date":false,"ai":null,"created":"2026-05-14 19:14:25","updated":"2026-05-14 19:14:25","focus_keyword":null,"additional_keywords":null,"truseo_locale":null,"seo_analyzer_scan_date":null},"aioseo_breadcrumb":"<div class=\"aioseo-breadcrumbs\"><span class=\"aioseo-breadcrumb\">\n\t\t\t<a href=\"https:\/\/lasentinelle.dz\" title=\"Home\">Home<\/a>\n\t\t<\/span><span class=\"aioseo-breadcrumb-separator\">&raquo;<\/span><span class=\"aioseo-breadcrumb\">\n\t\t\t<a href=\"https:\/\/lasentinelle.dz\/index.php\/category\/actualite\/\" title=\"Actualit\u00e9\">Actualit\u00e9<\/a>\n\t\t<\/span><span class=\"aioseo-breadcrumb-separator\">&raquo;<\/span><span class=\"aioseo-breadcrumb\">\n\t\t\tDes vents forts avec soul\u00e8vement de sable sur des wilayas du Sud\n\t\t<\/span><\/div>","aioseo_breadcrumb_json":[{"label":"Home","link":"https:\/\/lasentinelle.dz"},{"label":"Actualit\u00e9","link":"https:\/\/lasentinelle.dz\/index.php\/category\/actualite\/"},{"label":"Des vents forts avec soul\u00e8vement de sable sur des wilayas du Sud","link":"https:\/\/lasentinelle.dz\/index.php\/2026\/02\/28\/des-vents-forts-avec-soulevement-de-sable-sur-des-wilayas-du-sud\/"}],"yoast_head":"<!-- This site is optimized with the Yoast SEO plugin v28.3 - https:\/\/yoast.com\/product\/yoast-seo-wordpress\/ -->\n<title>Des vents forts avec soul\u00e8vement de sable sur des wilayas du Sud - La Sentinelle<\/title>\n<meta name=\"robots\" content=\"index, follow, max-snippet:-1, max-image-preview:large, max-video-preview:-1\" \/>\n<link rel=\"canonical\" href=\"https:\/\/lasentinelle.dz\/index.php\/2026\/02\/28\/des-vents-forts-avec-soulevement-de-sable-sur-des-wilayas-du-sud\/\" \/>\n<meta property=\"og:locale\" content=\"fr_FR\" \/>\n<meta property=\"og:type\" content=\"article\" \/>\n<meta property=\"og:title\" content=\"Des vents forts avec soul\u00e8vement de sable sur des wilayas du Sud - La Sentinelle\" \/>\n<meta property=\"og:description\" content=\"Des vents forts, atteignant ou d\u00e9passant parfois 80 km\/h en rafales, avec soul\u00e8vement de sable r\u00e9duisant fortement la visibilit\u00e9, souffleront,\" \/>\n<meta property=\"og:url\" content=\"https:\/\/lasentinelle.dz\/index.php\/2026\/02\/28\/des-vents-forts-avec-soulevement-de-sable-sur-des-wilayas-du-sud\/\" \/>\n<meta property=\"og:site_name\" content=\"La Sentinelle\" \/>\n<meta property=\"article:publisher\" content=\"https:\/\/www.facebook.com\/La-Sentinelle-104059864394773\" \/>\n<meta property=\"article:published_time\" content=\"2026-02-28T18:51:28+00:00\" \/>\n<meta property=\"article:modified_time\" content=\"2026-02-28T18:51:30+00:00\" \/>\n<meta property=\"og:image\" content=\"https:\/\/lasentinelle.dz\/wp-content\/uploads\/2026\/01\/alerte-vents.webp\" \/>\n\t<meta property=\"og:image:width\" content=\"658\" \/>\n\t<meta property=\"og:image:height\" content=\"370\" \/>\n\t<meta property=\"og:image:type\" content=\"image\/webp\" \/>\n<meta name=\"author\" content=\"admin\" \/>\n<meta name=\"twitter:card\" content=\"summary_large_image\" \/>\n<meta name=\"twitter:label1\" content=\"\u00c9crit par\" \/>\n\t<meta name=\"twitter:data1\" content=\"admin\" \/>\n\t<meta name=\"twitter:label2\" content=\"Dur\u00e9e de lecture estim\u00e9e\" \/>\n\t<meta name=\"twitter:data2\" content=\"2 minutes\" \/>\n<script type=\"application\/ld+json\" class=\"yoast-schema-graph\">{\"@context\":\"https:\\\/\\\/schema.org\",\"@graph\":[{\"@type\":\"Article\",\"@id\":\"https:\\\/\\\/lasentinelle.dz\\\/index.php\\\/2026\\\/02\\\/28\\\/des-vents-forts-avec-soulevement-de-sable-sur-des-wilayas-du-sud\\\/#article\",\"isPartOf\":{\"@id\":\"https:\\\/\\\/lasentinelle.dz\\\/index.php\\\/2026\\\/02\\\/28\\\/des-vents-forts-avec-soulevement-de-sable-sur-des-wilayas-du-sud\\\/\"},\"author\":{\"name\":\"admin\",\"@id\":\"https:\\\/\\\/lasentinelle.dz\\\/#\\\/schema\\\/person\\\/729ee0024f24e0b8c5ec17232f8e8b41\"},\"headline\":\"Des vents forts avec soul\u00e8vement de sable sur des wilayas du Sud\",\"datePublished\":\"2026-02-28T18:51:28+00:00\",\"dateModified\":\"2026-02-28T18:51:30+00:00\",\"mainEntityOfPage\":{\"@id\":\"https:\\\/\\\/lasentinelle.dz\\\/index.php\\\/2026\\\/02\\\/28\\\/des-vents-forts-avec-soulevement-de-sable-sur-des-wilayas-du-sud\\\/\"},\"wordCount\":206,\"commentCount\":0,\"publisher\":{\"@id\":\"https:\\\/\\\/lasentinelle.dz\\\/#organization\"},\"image\":{\"@id\":\"https:\\\/\\\/lasentinelle.dz\\\/index.php\\\/2026\\\/02\\\/28\\\/des-vents-forts-avec-soulevement-de-sable-sur-des-wilayas-du-sud\\\/#primaryimage\"},\"thumbnailUrl\":\"https:\\\/\\\/lasentinelle.dz\\\/wp-content\\\/uploads\\\/2026\\\/01\\\/alerte-vents.webp\",\"articleSection\":[\"Actualit\u00e9\"],\"inLanguage\":\"fr-FR\",\"potentialAction\":[{\"@type\":\"CommentAction\",\"name\":\"Comment\",\"target\":[\"https:\\\/\\\/lasentinelle.dz\\\/index.php\\\/2026\\\/02\\\/28\\\/des-vents-forts-avec-soulevement-de-sable-sur-des-wilayas-du-sud\\\/#respond\"]}]},{\"@type\":\"WebPage\",\"@id\":\"https:\\\/\\\/lasentinelle.dz\\\/index.php\\\/2026\\\/02\\\/28\\\/des-vents-forts-avec-soulevement-de-sable-sur-des-wilayas-du-sud\\\/\",\"url\":\"https:\\\/\\\/lasentinelle.dz\\\/index.php\\\/2026\\\/02\\\/28\\\/des-vents-forts-avec-soulevement-de-sable-sur-des-wilayas-du-sud\\\/\",\"name\":\"Des vents forts avec soul\u00e8vement de sable sur des wilayas du Sud - La Sentinelle\",\"isPartOf\":{\"@id\":\"https:\\\/\\\/lasentinelle.dz\\\/#website\"},\"primaryImageOfPage\":{\"@id\":\"https:\\\/\\\/lasentinelle.dz\\\/index.php\\\/2026\\\/02\\\/28\\\/des-vents-forts-avec-soulevement-de-sable-sur-des-wilayas-du-sud\\\/#primaryimage\"},\"image\":{\"@id\":\"https:\\\/\\\/lasentinelle.dz\\\/index.php\\\/2026\\\/02\\\/28\\\/des-vents-forts-avec-soulevement-de-sable-sur-des-wilayas-du-sud\\\/#primaryimage\"},\"thumbnailUrl\":\"https:\\\/\\\/lasentinelle.dz\\\/wp-content\\\/uploads\\\/2026\\\/01\\\/alerte-vents.webp\",\"datePublished\":\"2026-02-28T18:51:28+00:00\",\"dateModified\":\"2026-02-28T18:51:30+00:00\",\"breadcrumb\":{\"@id\":\"https:\\\/\\\/lasentinelle.dz\\\/index.php\\\/2026\\\/02\\\/28\\\/des-vents-forts-avec-soulevement-de-sable-sur-des-wilayas-du-sud\\\/#breadcrumb\"},\"inLanguage\":\"fr-FR\",\"potentialAction\":[{\"@type\":\"ReadAction\",\"target\":[\"https:\\\/\\\/lasentinelle.dz\\\/index.php\\\/2026\\\/02\\\/28\\\/des-vents-forts-avec-soulevement-de-sable-sur-des-wilayas-du-sud\\\/\"]}]},{\"@type\":\"ImageObject\",\"inLanguage\":\"fr-FR\",\"@id\":\"https:\\\/\\\/lasentinelle.dz\\\/index.php\\\/2026\\\/02\\\/28\\\/des-vents-forts-avec-soulevement-de-sable-sur-des-wilayas-du-sud\\\/#primaryimage\",\"url\":\"https:\\\/\\\/lasentinelle.dz\\\/wp-content\\\/uploads\\\/2026\\\/01\\\/alerte-vents.webp\",\"contentUrl\":\"https:\\\/\\\/lasentinelle.dz\\\/wp-content\\\/uploads\\\/2026\\\/01\\\/alerte-vents.webp\",\"width\":658,\"height\":370},{\"@type\":\"BreadcrumbList\",\"@id\":\"https:\\\/\\\/lasentinelle.dz\\\/index.php\\\/2026\\\/02\\\/28\\\/des-vents-forts-avec-soulevement-de-sable-sur-des-wilayas-du-sud\\\/#breadcrumb\",\"itemListElement\":[{\"@type\":\"ListItem\",\"position\":1,\"name\":\"Accueil\",\"item\":\"https:\\\/\\\/lasentinelle.dz\\\/\"},{\"@type\":\"ListItem\",\"position\":2,\"name\":\"Des vents forts avec soul\u00e8vement de sable sur des wilayas du Sud\"}]},{\"@type\":\"WebSite\",\"@id\":\"https:\\\/\\\/lasentinelle.dz\\\/#website\",\"url\":\"https:\\\/\\\/lasentinelle.dz\\\/\",\"name\":\"La Sentinelle\",\"description\":\"Quotidien national d&#039;information\",\"publisher\":{\"@id\":\"https:\\\/\\\/lasentinelle.dz\\\/#organization\"},\"potentialAction\":[{\"@type\":\"SearchAction\",\"target\":{\"@type\":\"EntryPoint\",\"urlTemplate\":\"https:\\\/\\\/lasentinelle.dz\\\/?s={search_term_string}\"},\"query-input\":{\"@type\":\"PropertyValueSpecification\",\"valueRequired\":true,\"valueName\":\"search_term_string\"}}],\"inLanguage\":\"fr-FR\"},{\"@type\":\"Organization\",\"@id\":\"https:\\\/\\\/lasentinelle.dz\\\/#organization\",\"name\":\"Quotidien La Sentinelle\",\"url\":\"https:\\\/\\\/lasentinelle.dz\\\/\",\"logo\":{\"@type\":\"ImageObject\",\"inLanguage\":\"fr-FR\",\"@id\":\"https:\\\/\\\/lasentinelle.dz\\\/#\\\/schema\\\/logo\\\/image\\\/\",\"url\":\"https:\\\/\\\/lasentinelle.dz\\\/wp-content\\\/uploads\\\/2021\\\/09\\\/logo-sentinelleSLOGAN-1.png\",\"contentUrl\":\"https:\\\/\\\/lasentinelle.dz\\\/wp-content\\\/uploads\\\/2021\\\/09\\\/logo-sentinelleSLOGAN-1.png\",\"width\":615,\"height\":142,\"caption\":\"Quotidien La Sentinelle\"},\"image\":{\"@id\":\"https:\\\/\\\/lasentinelle.dz\\\/#\\\/schema\\\/logo\\\/image\\\/\"},\"sameAs\":[\"https:\\\/\\\/www.facebook.com\\\/La-Sentinelle-104059864394773\"]},{\"@type\":\"Person\",\"@id\":\"https:\\\/\\\/lasentinelle.dz\\\/#\\\/schema\\\/person\\\/729ee0024f24e0b8c5ec17232f8e8b41\",\"name\":\"admin\",\"image\":{\"@type\":\"ImageObject\",\"inLanguage\":\"fr-FR\",\"@id\":\"https:\\\/\\\/secure.gravatar.com\\\/avatar\\\/4c81fed838786e9b53f540bf46533e750f5d292099ae3b66cfc6fb1982e29df7?s=96&d=mm&r=g\",\"url\":\"https:\\\/\\\/secure.gravatar.com\\\/avatar\\\/4c81fed838786e9b53f540bf46533e750f5d292099ae3b66cfc6fb1982e29df7?s=96&d=mm&r=g\",\"contentUrl\":\"https:\\\/\\\/secure.gravatar.com\\\/avatar\\\/4c81fed838786e9b53f540bf46533e750f5d292099ae3b66cfc6fb1982e29df7?s=96&d=mm&r=g\",\"caption\":\"admin\"},\"description\":\"admin\",\"url\":\"https:\\\/\\\/lasentinelle.dz\\\/author\\\/admin\\\/\"}]}<\/script>\n<!-- \/ Yoast SEO plugin. -->","yoast_head_json":{"title":"Des vents forts avec soul\u00e8vement de sable sur des wilayas du Sud - La Sentinelle","robots":{"index":"index","follow":"follow","max-snippet":"max-snippet:-1","max-image-preview":"max-image-preview:large","max-video-preview":"max-video-preview:-1"},"canonical":"https:\/\/lasentinelle.dz\/index.php\/2026\/02\/28\/des-vents-forts-avec-soulevement-de-sable-sur-des-wilayas-du-sud\/","og_locale":"fr_FR","og_type":"article","og_title":"Des vents forts avec soul\u00e8vement de sable sur des wilayas du Sud - La Sentinelle","og_description":"Des vents forts, atteignant ou d\u00e9passant parfois 80 km\/h en rafales, avec soul\u00e8vement de sable r\u00e9duisant fortement la visibilit\u00e9, souffleront,","og_url":"https:\/\/lasentinelle.dz\/index.php\/2026\/02\/28\/des-vents-forts-avec-soulevement-de-sable-sur-des-wilayas-du-sud\/","og_site_name":"La Sentinelle","article_publisher":"https:\/\/www.facebook.com\/La-Sentinelle-104059864394773","article_published_time":"2026-02-28T18:51:28+00:00","article_modified_time":"2026-02-28T18:51:30+00:00","og_image":[{"width":658,"height":370,"url":"https:\/\/lasentinelle.dz\/wp-content\/uploads\/2026\/01\/alerte-vents.webp","type":"image\/webp"}],"author":"admin","twitter_card":"summary_large_image","twitter_misc":{"\u00c9crit par":"admin","Dur\u00e9e de lecture estim\u00e9e":"2 minutes"},"schema":{"@context":"https:\/\/schema.org","@graph":[{"@type":"Article","@id":"https:\/\/lasentinelle.dz\/index.php\/2026\/02\/28\/des-vents-forts-avec-soulevement-de-sable-sur-des-wilayas-du-sud\/#article","isPartOf":{"@id":"https:\/\/lasentinelle.dz\/index.php\/2026\/02\/28\/des-vents-forts-avec-soulevement-de-sable-sur-des-wilayas-du-sud\/"},"author":{"name":"admin","@id":"https:\/\/lasentinelle.dz\/#\/schema\/person\/729ee0024f24e0b8c5ec17232f8e8b41"},"headline":"Des vents forts avec soul\u00e8vement de sable sur des wilayas du Sud","datePublished":"2026-02-28T18:51:28+00:00","dateModified":"2026-02-28T18:51:30+00:00","mainEntityOfPage":{"@id":"https:\/\/lasentinelle.dz\/index.php\/2026\/02\/28\/des-vents-forts-avec-soulevement-de-sable-sur-des-wilayas-du-sud\/"},"wordCount":206,"commentCount":0,"publisher":{"@id":"https:\/\/lasentinelle.dz\/#organization"},"image":{"@id":"https:\/\/lasentinelle.dz\/index.php\/2026\/02\/28\/des-vents-forts-avec-soulevement-de-sable-sur-des-wilayas-du-sud\/#primaryimage"},"thumbnailUrl":"https:\/\/lasentinelle.dz\/wp-content\/uploads\/2026\/01\/alerte-vents.webp","articleSection":["Actualit\u00e9"],"inLanguage":"fr-FR","potentialAction":[{"@type":"CommentAction","name":"Comment","target":["https:\/\/lasentinelle.dz\/index.php\/2026\/02\/28\/des-vents-forts-avec-soulevement-de-sable-sur-des-wilayas-du-sud\/#respond"]}]},{"@type":"WebPage","@id":"https:\/\/lasentinelle.dz\/index.php\/2026\/02\/28\/des-vents-forts-avec-soulevement-de-sable-sur-des-wilayas-du-sud\/","url":"https:\/\/lasentinelle.dz\/index.php\/2026\/02\/28\/des-vents-forts-avec-soulevement-de-sable-sur-des-wilayas-du-sud\/","name":"Des vents forts avec soul\u00e8vement de sable sur des wilayas du Sud - La Sentinelle","isPartOf":{"@id":"https:\/\/lasentinelle.dz\/#website"},"primaryImageOfPage":{"@id":"https:\/\/lasentinelle.dz\/index.php\/2026\/02\/28\/des-vents-forts-avec-soulevement-de-sable-sur-des-wilayas-du-sud\/#primaryimage"},"image":{"@id":"https:\/\/lasentinelle.dz\/index.php\/2026\/02\/28\/des-vents-forts-avec-soulevement-de-sable-sur-des-wilayas-du-sud\/#primaryimage"},"thumbnailUrl":"https:\/\/lasentinelle.dz\/wp-content\/uploads\/2026\/01\/alerte-vents.webp","datePublished":"2026-02-28T18:51:28+00:00","dateModified":"2026-02-28T18:51:30+00:00","breadcrumb":{"@id":"https:\/\/lasentinelle.dz\/index.php\/2026\/02\/28\/des-vents-forts-avec-soulevement-de-sable-sur-des-wilayas-du-sud\/#breadcrumb"},"inLanguage":"fr-FR","potentialAction":[{"@type":"ReadAction","target":["https:\/\/lasentinelle.dz\/index.php\/2026\/02\/28\/des-vents-forts-avec-soulevement-de-sable-sur-des-wilayas-du-sud\/"]}]},{"@type":"ImageObject","inLanguage":"fr-FR","@id":"https:\/\/lasentinelle.dz\/index.php\/2026\/02\/28\/des-vents-forts-avec-soulevement-de-sable-sur-des-wilayas-du-sud\/#primaryimage","url":"https:\/\/lasentinelle.dz\/wp-content\/uploads\/2026\/01\/alerte-vents.webp","contentUrl":"https:\/\/lasentinelle.dz\/wp-content\/uploads\/2026\/01\/alerte-vents.webp","width":658,"height":370},{"@type":"BreadcrumbList","@id":"https:\/\/lasentinelle.dz\/index.php\/2026\/02\/28\/des-vents-forts-avec-soulevement-de-sable-sur-des-wilayas-du-sud\/#breadcrumb","itemListElement":[{"@type":"ListItem","position":1,"name":"Accueil","item":"https:\/\/lasentinelle.dz\/"},{"@type":"ListItem","position":2,"name":"Des vents forts avec soul\u00e8vement de sable sur des wilayas du Sud"}]},{"@type":"WebSite","@id":"https:\/\/lasentinelle.dz\/#website","url":"https:\/\/lasentinelle.dz\/","name":"La Sentinelle","description":"Quotidien national d&#039;information","publisher":{"@id":"https:\/\/lasentinelle.dz\/#organization"},"potentialAction":[{"@type":"SearchAction","target":{"@type":"EntryPoint","urlTemplate":"https:\/\/lasentinelle.dz\/?s={search_term_string}"},"query-input":{"@type":"PropertyValueSpecification","valueRequired":true,"valueName":"search_term_string"}}],"inLanguage":"fr-FR"},{"@type":"Organization","@id":"https:\/\/lasentinelle.dz\/#organization","name":"Quotidien La Sentinelle","url":"https:\/\/lasentinelle.dz\/","logo":{"@type":"ImageObject","inLanguage":"fr-FR","@id":"https:\/\/lasentinelle.dz\/#\/schema\/logo\/image\/","url":"https:\/\/lasentinelle.dz\/wp-content\/uploads\/2021\/09\/logo-sentinelleSLOGAN-1.png","contentUrl":"https:\/\/lasentinelle.dz\/wp-content\/uploads\/2021\/09\/logo-sentinelleSLOGAN-1.png","width":615,"height":142,"caption":"Quotidien La Sentinelle"},"image":{"@id":"https:\/\/lasentinelle.dz\/#\/schema\/logo\/image\/"},"sameAs":["https:\/\/www.facebook.com\/La-Sentinelle-104059864394773"]},{"@type":"Person","@id":"https:\/\/lasentinelle.dz\/#\/schema\/person\/729ee0024f24e0b8c5ec17232f8e8b41","name":"admin","image":{"@type":"ImageObject","inLanguage":"fr-FR","@id":"https:\/\/secure.gravatar.com\/avatar\/4c81fed838786e9b53f540bf46533e750f5d292099ae3b66cfc6fb1982e29df7?s=96&d=mm&r=g","url":"https:\/\/secure.gravatar.com\/avatar\/4c81fed838786e9b53f540bf46533e750f5d292099ae3b66cfc6fb1982e29df7?s=96&d=mm&r=g","contentUrl":"https:\/\/secure.gravatar.com\/avatar\/4c81fed838786e9b53f540bf46533e750f5d292099ae3b66cfc6fb1982e29df7?s=96&d=mm&r=g","caption":"admin"},"description":"admin","url":"https:\/\/lasentinelle.dz\/author\/admin\/"}]}},"_links":{"self":[{"href":"https:\/\/lasentinelle.dz\/index.php\/wp-json\/wp\/v2\/posts\/82437","targetHints":{"allow":["GET"]}}],"collection":[{"href":"https:\/\/lasentinelle.dz\/index.php\/wp-json\/wp\/v2\/posts"}],"about":[{"href":"https:\/\/lasentinelle.dz\/index.php\/wp-json\/wp\/v2\/types\/post"}],"author":[{"embeddable":true,"href":"https:\/\/lasentinelle.dz\/index.php\/wp-json\/wp\/v2\/users\/6"}],"replies":[{"embeddable":true,"href":"https:\/\/lasentinelle.dz\/index.php\/wp-json\/wp\/v2\/comments?post=82437"}],"version-history":[{"count":2,"href":"https:\/\/lasentinelle.dz\/index.php\/wp-json\/wp\/v2\/posts\/82437\/revisions"}],"predecessor-version":[{"id":82439,"href":"https:\/\/lasentinelle.dz\/index.php\/wp-json\/wp\/v2\/posts\/82437\/revisions\/82439"}],"wp:featuredmedia":[{"embeddable":true,"href":"https:\/\/lasentinelle.dz\/index.php\/wp-json\/wp\/v2\/media\/80194"}],"wp:attachment":[{"href":"https:\/\/lasentinelle.dz\/index.php\/wp-json\/wp\/v2\/media?parent=82437"}],"wp:term":[{"taxonomy":"category","embeddable":true,"href":"https:\/\/lasentinelle.dz\/index.php\/wp-json\/wp\/v2\/categories?post=82437"},{"taxonomy":"post_tag","embeddable":true,"href":"https:\/\/lasentinelle.dz\/index.php\/wp-json\/wp\/v2\/tags?post=82437"}],"curies":[{"name":"wp","href":"https:\/\/api.w.org\/{rel}","templated":true}]}}