{"id":82921,"date":"2026-03-06T20:01:26","date_gmt":"2026-03-06T19:01:26","guid":{"rendered":"https:\/\/lasentinelle.dz\/?p=82921"},"modified":"2026-03-06T20:01:27","modified_gmt":"2026-03-06T19:01:27","slug":"peche-cotiere-de-nouvelles-facilitations-pour-lacquisition-du-materiel-de-peche","status":"publish","type":"post","link":"https:\/\/lasentinelle.dz\/index.php\/2026\/03\/06\/peche-cotiere-de-nouvelles-facilitations-pour-lacquisition-du-materiel-de-peche\/","title":{"rendered":"P\u00eache c\u00f4ti\u00e8re\u00a0: De nouvelles facilitations pour l&rsquo;acquisition du mat\u00e9riel de p\u00eache"},"content":{"rendered":"\n<p>Une nouvelle mesure entrera bient\u00f4t en vigueur et permettra aux professionnels de la p\u00eache d&rsquo;importer des moteurs de moins de cinq ans d&rsquo;\u00e2ge, destin\u00e9s aux navires de p\u00eache c\u00f4ti\u00e8re, a annonc\u00e9 le Directeur g\u00e9n\u00e9ral de la p\u00eache et de l\u2019aquaculture au minist\u00e8re de l\u2019Agriculture, du D\u00e9veloppement rural et de la p\u00eache, Miloud Triaa. \u00ab\u00a0Cette mesure permettra de renforcer la flotte marine et de remettre en service les navires \u00e0 l\u2019arr\u00eat\u00a0\u00bb, a affirm\u00e9 M. Triaa \u00e0 l&rsquo;APS, notant que cette disposition sera publi\u00e9e bient\u00f4t au Journal officiel. Il s&rsquo;agit d&rsquo;une facilitation accord\u00e9e au profit des professionnels de la p\u00eache qui s&rsquo;ajoutera \u00e0 une multitude de dispositions contenues dans la Loi de finances 2026, entr\u00e9es en vigueur au d\u00e9but de l&rsquo;ann\u00e9e en cours, dont essentiellement l&rsquo;autorisation d\u2019importation de navires de moins de 15 ans, permettant de dynamiser l\u2019investissement dans la p\u00eache hauturi\u00e8re, et l&rsquo;exemption des droits de douane et l&rsquo;application du taux r\u00e9duit de TVA \u00e0 l&rsquo;importation de mati\u00e8res premi\u00e8res entrant dans la fabrication d&rsquo;aliments destin\u00e9s \u00e0 l&rsquo;\u00e9levage des produits aquacoles. Pour les grands bateaux de p\u00eache, il a affirm\u00e9 que de nombreux op\u00e9rateurs envisagent l\u2019acquisition de navires sp\u00e9cialis\u00e9s destin\u00e9s \u00e0 op\u00e9rer notamment dans les eaux d&rsquo;autres pays partenaires de l&rsquo;Alg\u00e9rie, dont la Mauritanie. Dans ce contexte, M. Triaa a annonc\u00e9 un protocole d\u2019accord de p\u00eache avec la Mauritanie qui devrait \u00eatre finalis\u00e9 prochainement, notant que plusieurs cycles de concertation ont \u00ab\u00a0permis d\u2019aboutir \u00e0 une r\u00e9duction des droits d\u2019acc\u00e8s de 30 %, puis \u00e0 la conclusion, en septembre dernier, d\u2019un accord pr\u00e9voyant une baisse suppl\u00e9mentaire de 50 %, ce qui devrait renforcer l\u2019attractivit\u00e9 des investissements et encourager les op\u00e9rateurs \u00e0 pratiquer la p\u00eache dans l\u2019oc\u00e9an Atlantique\u00a0\u00bb.<\/p>\n\n\n\n<p>Selon le m\u00eame responsable, l&rsquo;objectif est d\u2019atteindre un volume de 20.000 tonnes de ressources halieutiques provenant de la p\u00eache en haute mer principalement en Mauritanie. En Alg\u00e9rie, \u00ab\u00a0la priorit\u00e9 du secteur de la p\u00eache est orient\u00e9 vers l\u2019augmentation de la production de plus de 50.000 tonnes en misant sur la p\u00eache hauturi\u00e8re mais \u00e9galement sur l\u2019aquaculture qui repr\u00e9sente actuellement 7% de la production halieutique globale, avec un volume de 7000 tonnes produit en 2025\u00a0\u00bb, a affirm\u00e9 le m\u00eame responsable. Concernant la fili\u00e8re du thon rouge, le directeur de la p\u00eache au minist\u00e8re a soulign\u00e9 l\u2019int\u00e9r\u00eat du secteur \u00e0 valoriser cette ressource \u00e0 travers le d\u00e9veloppement des activit\u00e9s d&rsquo;engraissement. Actuellement, l\u2019Alg\u00e9rie exporte presque la totalit\u00e9 de son quota de thon pour l\u2019engraissement et la revente, mais de plus en plus d&rsquo;investisseurs nationaux souhaitent se lancer dans cette fili\u00e8re, a-t-il affirm\u00e9, ajoutant que la premi\u00e8re ferme pilote d\u2019engraissement a \u00e9t\u00e9 cr\u00e9\u00e9e par un op\u00e9rateur priv\u00e9 \u00e0 Tlemcen, avec une annexe \u00e0 El Tarf. Il a pr\u00e9cis\u00e9 qu\u2019il s\u2019agit d\u2019une phase exp\u00e9rimentale, affirmant que l\u2019engraissement permet d\u2019accro\u00eetre les volumes exportables et la valeur marchande, tout en r\u00e9servant une partie de la production pour le march\u00e9 local et en assurant sa disponibilit\u00e9 hors saison.<\/p>\n\n\n\n<p>APS<\/p>\n","protected":false},"excerpt":{"rendered":"<p>Une nouvelle mesure entrera bient\u00f4t en vigueur et permettra aux professionnels de la p\u00eache d&rsquo;importer des moteurs de moins de<\/p>\n","protected":false},"author":6,"featured_media":69637,"comment_status":"open","ping_status":"closed","sticky":false,"template":"","format":"standard","meta":{"colormag_page_container_layout":"default_layout","colormag_page_sidebar_layout":"default_layout","om_disable_all_campaigns":false,"_monsterinsights_skip_tracking":false,"_monsterinsights_sitenote_active":false,"_monsterinsights_sitenote_note":"","_monsterinsights_sitenote_category":0,"footnotes":"","_wpscppro_dont_share_socialmedia":false,"_wpscppro_custom_social_share_image":0,"_facebook_share_type":"default","_twitter_share_type":"default","_linkedin_share_type":"default","_pinterest_share_type":"default","_linkedin_share_type_page":"","_instagram_share_type":"default","_medium_share_type":"default","_threads_share_type":"default","_google_business_share_type":"default","_selected_social_profile":[],"_wpsp_enable_custom_social_template":false,"_wpsp_social_scheduling":{"enabled":false,"datetime":null,"platforms":[],"status":"template_only","dateOption":"today","timeOption":"now","customDays":"","customHours":"","customDate":"","customTime":"","schedulingType":"absolute"},"_wpsp_active_default_template":true},"categories":[29],"tags":[],"class_list":["post-82921","post","type-post","status-publish","format-standard","has-post-thumbnail","hentry","category-economie"],"aioseo_notices":[],"yoast_head":"<!-- This site is optimized with the Yoast SEO plugin v27.5 - https:\/\/yoast.com\/product\/yoast-seo-wordpress\/ -->\n<title>P\u00eache c\u00f4ti\u00e8re\u00a0: De nouvelles facilitations pour l&rsquo;acquisition du mat\u00e9riel de p\u00eache - La Sentinelle<\/title>\n<meta name=\"robots\" content=\"index, follow, max-snippet:-1, max-image-preview:large, max-video-preview:-1\" \/>\n<link rel=\"canonical\" href=\"https:\/\/lasentinelle.dz\/index.php\/2026\/03\/06\/peche-cotiere-de-nouvelles-facilitations-pour-lacquisition-du-materiel-de-peche\/\" \/>\n<meta property=\"og:locale\" content=\"fr_FR\" \/>\n<meta property=\"og:type\" content=\"article\" \/>\n<meta property=\"og:title\" content=\"P\u00eache c\u00f4ti\u00e8re\u00a0: De nouvelles facilitations pour l&rsquo;acquisition du mat\u00e9riel de p\u00eache - La Sentinelle\" \/>\n<meta property=\"og:description\" content=\"Une nouvelle mesure entrera bient\u00f4t en vigueur et permettra aux professionnels de la p\u00eache d&rsquo;importer des moteurs de moins de\" \/>\n<meta property=\"og:url\" content=\"https:\/\/lasentinelle.dz\/index.php\/2026\/03\/06\/peche-cotiere-de-nouvelles-facilitations-pour-lacquisition-du-materiel-de-peche\/\" \/>\n<meta property=\"og:site_name\" content=\"La Sentinelle\" \/>\n<meta property=\"article:publisher\" content=\"https:\/\/www.facebook.com\/La-Sentinelle-104059864394773\" \/>\n<meta property=\"article:published_time\" content=\"2026-03-06T19:01:26+00:00\" \/>\n<meta property=\"article:modified_time\" content=\"2026-03-06T19:01:27+00:00\" \/>\n<meta property=\"og:image\" content=\"https:\/\/lasentinelle.dz\/wp-content\/uploads\/2025\/06\/port-de-peche.jpg\" \/>\n\t<meta property=\"og:image:width\" content=\"580\" \/>\n\t<meta property=\"og:image:height\" content=\"350\" \/>\n\t<meta property=\"og:image:type\" content=\"image\/jpeg\" \/>\n<meta name=\"author\" content=\"admin\" \/>\n<meta name=\"twitter:card\" content=\"summary_large_image\" \/>\n<meta name=\"twitter:label1\" content=\"\u00c9crit par\" \/>\n\t<meta name=\"twitter:data1\" content=\"admin\" \/>\n\t<meta name=\"twitter:label2\" content=\"Dur\u00e9e de lecture estim\u00e9e\" \/>\n\t<meta name=\"twitter:data2\" content=\"3 minutes\" \/>\n<script type=\"application\/ld+json\" class=\"yoast-schema-graph\">{\"@context\":\"https:\\\/\\\/schema.org\",\"@graph\":[{\"@type\":\"Article\",\"@id\":\"https:\\\/\\\/lasentinelle.dz\\\/index.php\\\/2026\\\/03\\\/06\\\/peche-cotiere-de-nouvelles-facilitations-pour-lacquisition-du-materiel-de-peche\\\/#article\",\"isPartOf\":{\"@id\":\"https:\\\/\\\/lasentinelle.dz\\\/index.php\\\/2026\\\/03\\\/06\\\/peche-cotiere-de-nouvelles-facilitations-pour-lacquisition-du-materiel-de-peche\\\/\"},\"author\":{\"name\":\"admin\",\"@id\":\"https:\\\/\\\/lasentinelle.dz\\\/#\\\/schema\\\/person\\\/729ee0024f24e0b8c5ec17232f8e8b41\"},\"headline\":\"P\u00eache c\u00f4ti\u00e8re\u00a0: De nouvelles facilitations pour l&rsquo;acquisition du mat\u00e9riel de p\u00eache\",\"datePublished\":\"2026-03-06T19:01:26+00:00\",\"dateModified\":\"2026-03-06T19:01:27+00:00\",\"mainEntityOfPage\":{\"@id\":\"https:\\\/\\\/lasentinelle.dz\\\/index.php\\\/2026\\\/03\\\/06\\\/peche-cotiere-de-nouvelles-facilitations-pour-lacquisition-du-materiel-de-peche\\\/\"},\"wordCount\":576,\"commentCount\":0,\"publisher\":{\"@id\":\"https:\\\/\\\/lasentinelle.dz\\\/#organization\"},\"image\":{\"@id\":\"https:\\\/\\\/lasentinelle.dz\\\/index.php\\\/2026\\\/03\\\/06\\\/peche-cotiere-de-nouvelles-facilitations-pour-lacquisition-du-materiel-de-peche\\\/#primaryimage\"},\"thumbnailUrl\":\"https:\\\/\\\/lasentinelle.dz\\\/wp-content\\\/uploads\\\/2025\\\/06\\\/port-de-peche.jpg\",\"articleSection\":[\"\u00c9conomie\"],\"inLanguage\":\"fr-FR\",\"potentialAction\":[{\"@type\":\"CommentAction\",\"name\":\"Comment\",\"target\":[\"https:\\\/\\\/lasentinelle.dz\\\/index.php\\\/2026\\\/03\\\/06\\\/peche-cotiere-de-nouvelles-facilitations-pour-lacquisition-du-materiel-de-peche\\\/#respond\"]}]},{\"@type\":\"WebPage\",\"@id\":\"https:\\\/\\\/lasentinelle.dz\\\/index.php\\\/2026\\\/03\\\/06\\\/peche-cotiere-de-nouvelles-facilitations-pour-lacquisition-du-materiel-de-peche\\\/\",\"url\":\"https:\\\/\\\/lasentinelle.dz\\\/index.php\\\/2026\\\/03\\\/06\\\/peche-cotiere-de-nouvelles-facilitations-pour-lacquisition-du-materiel-de-peche\\\/\",\"name\":\"P\u00eache c\u00f4ti\u00e8re\u00a0: De nouvelles facilitations pour l&rsquo;acquisition du mat\u00e9riel de p\u00eache - La Sentinelle\",\"isPartOf\":{\"@id\":\"https:\\\/\\\/lasentinelle.dz\\\/#website\"},\"primaryImageOfPage\":{\"@id\":\"https:\\\/\\\/lasentinelle.dz\\\/index.php\\\/2026\\\/03\\\/06\\\/peche-cotiere-de-nouvelles-facilitations-pour-lacquisition-du-materiel-de-peche\\\/#primaryimage\"},\"image\":{\"@id\":\"https:\\\/\\\/lasentinelle.dz\\\/index.php\\\/2026\\\/03\\\/06\\\/peche-cotiere-de-nouvelles-facilitations-pour-lacquisition-du-materiel-de-peche\\\/#primaryimage\"},\"thumbnailUrl\":\"https:\\\/\\\/lasentinelle.dz\\\/wp-content\\\/uploads\\\/2025\\\/06\\\/port-de-peche.jpg\",\"datePublished\":\"2026-03-06T19:01:26+00:00\",\"dateModified\":\"2026-03-06T19:01:27+00:00\",\"breadcrumb\":{\"@id\":\"https:\\\/\\\/lasentinelle.dz\\\/index.php\\\/2026\\\/03\\\/06\\\/peche-cotiere-de-nouvelles-facilitations-pour-lacquisition-du-materiel-de-peche\\\/#breadcrumb\"},\"inLanguage\":\"fr-FR\",\"potentialAction\":[{\"@type\":\"ReadAction\",\"target\":[\"https:\\\/\\\/lasentinelle.dz\\\/index.php\\\/2026\\\/03\\\/06\\\/peche-cotiere-de-nouvelles-facilitations-pour-lacquisition-du-materiel-de-peche\\\/\"]}]},{\"@type\":\"ImageObject\",\"inLanguage\":\"fr-FR\",\"@id\":\"https:\\\/\\\/lasentinelle.dz\\\/index.php\\\/2026\\\/03\\\/06\\\/peche-cotiere-de-nouvelles-facilitations-pour-lacquisition-du-materiel-de-peche\\\/#primaryimage\",\"url\":\"https:\\\/\\\/lasentinelle.dz\\\/wp-content\\\/uploads\\\/2025\\\/06\\\/port-de-peche.jpg\",\"contentUrl\":\"https:\\\/\\\/lasentinelle.dz\\\/wp-content\\\/uploads\\\/2025\\\/06\\\/port-de-peche.jpg\",\"width\":580,\"height\":350},{\"@type\":\"BreadcrumbList\",\"@id\":\"https:\\\/\\\/lasentinelle.dz\\\/index.php\\\/2026\\\/03\\\/06\\\/peche-cotiere-de-nouvelles-facilitations-pour-lacquisition-du-materiel-de-peche\\\/#breadcrumb\",\"itemListElement\":[{\"@type\":\"ListItem\",\"position\":1,\"name\":\"Accueil\",\"item\":\"https:\\\/\\\/lasentinelle.dz\\\/\"},{\"@type\":\"ListItem\",\"position\":2,\"name\":\"P\u00eache c\u00f4ti\u00e8re\u00a0: De nouvelles facilitations pour l&rsquo;acquisition du mat\u00e9riel de p\u00eache\"}]},{\"@type\":\"WebSite\",\"@id\":\"https:\\\/\\\/lasentinelle.dz\\\/#website\",\"url\":\"https:\\\/\\\/lasentinelle.dz\\\/\",\"name\":\"La Sentinelle\",\"description\":\"Quotidien national d&#039;information\",\"publisher\":{\"@id\":\"https:\\\/\\\/lasentinelle.dz\\\/#organization\"},\"potentialAction\":[{\"@type\":\"SearchAction\",\"target\":{\"@type\":\"EntryPoint\",\"urlTemplate\":\"https:\\\/\\\/lasentinelle.dz\\\/?s={search_term_string}\"},\"query-input\":{\"@type\":\"PropertyValueSpecification\",\"valueRequired\":true,\"valueName\":\"search_term_string\"}}],\"inLanguage\":\"fr-FR\"},{\"@type\":\"Organization\",\"@id\":\"https:\\\/\\\/lasentinelle.dz\\\/#organization\",\"name\":\"Quotidien La Sentinelle\",\"url\":\"https:\\\/\\\/lasentinelle.dz\\\/\",\"logo\":{\"@type\":\"ImageObject\",\"inLanguage\":\"fr-FR\",\"@id\":\"https:\\\/\\\/lasentinelle.dz\\\/#\\\/schema\\\/logo\\\/image\\\/\",\"url\":\"https:\\\/\\\/lasentinelle.dz\\\/wp-content\\\/uploads\\\/2021\\\/09\\\/logo-sentinelleSLOGAN-1.png\",\"contentUrl\":\"https:\\\/\\\/lasentinelle.dz\\\/wp-content\\\/uploads\\\/2021\\\/09\\\/logo-sentinelleSLOGAN-1.png\",\"width\":615,\"height\":142,\"caption\":\"Quotidien La Sentinelle\"},\"image\":{\"@id\":\"https:\\\/\\\/lasentinelle.dz\\\/#\\\/schema\\\/logo\\\/image\\\/\"},\"sameAs\":[\"https:\\\/\\\/www.facebook.com\\\/La-Sentinelle-104059864394773\"]},{\"@type\":\"Person\",\"@id\":\"https:\\\/\\\/lasentinelle.dz\\\/#\\\/schema\\\/person\\\/729ee0024f24e0b8c5ec17232f8e8b41\",\"name\":\"admin\",\"image\":{\"@type\":\"ImageObject\",\"inLanguage\":\"fr-FR\",\"@id\":\"https:\\\/\\\/secure.gravatar.com\\\/avatar\\\/4c81fed838786e9b53f540bf46533e750f5d292099ae3b66cfc6fb1982e29df7?s=96&d=mm&r=g\",\"url\":\"https:\\\/\\\/secure.gravatar.com\\\/avatar\\\/4c81fed838786e9b53f540bf46533e750f5d292099ae3b66cfc6fb1982e29df7?s=96&d=mm&r=g\",\"contentUrl\":\"https:\\\/\\\/secure.gravatar.com\\\/avatar\\\/4c81fed838786e9b53f540bf46533e750f5d292099ae3b66cfc6fb1982e29df7?s=96&d=mm&r=g\",\"caption\":\"admin\"},\"description\":\"admin\",\"url\":\"https:\\\/\\\/lasentinelle.dz\\\/author\\\/admin\\\/\"}]}<\/script>\n<!-- \/ Yoast SEO plugin. -->","yoast_head_json":{"title":"P\u00eache c\u00f4ti\u00e8re\u00a0: De nouvelles facilitations pour l&rsquo;acquisition du mat\u00e9riel de p\u00eache - La Sentinelle","robots":{"index":"index","follow":"follow","max-snippet":"max-snippet:-1","max-image-preview":"max-image-preview:large","max-video-preview":"max-video-preview:-1"},"canonical":"https:\/\/lasentinelle.dz\/index.php\/2026\/03\/06\/peche-cotiere-de-nouvelles-facilitations-pour-lacquisition-du-materiel-de-peche\/","og_locale":"fr_FR","og_type":"article","og_title":"P\u00eache c\u00f4ti\u00e8re\u00a0: De nouvelles facilitations pour l&rsquo;acquisition du mat\u00e9riel de p\u00eache - La Sentinelle","og_description":"Une nouvelle mesure entrera bient\u00f4t en vigueur et permettra aux professionnels de la p\u00eache d&rsquo;importer des moteurs de moins de","og_url":"https:\/\/lasentinelle.dz\/index.php\/2026\/03\/06\/peche-cotiere-de-nouvelles-facilitations-pour-lacquisition-du-materiel-de-peche\/","og_site_name":"La Sentinelle","article_publisher":"https:\/\/www.facebook.com\/La-Sentinelle-104059864394773","article_published_time":"2026-03-06T19:01:26+00:00","article_modified_time":"2026-03-06T19:01:27+00:00","og_image":[{"width":580,"height":350,"url":"https:\/\/lasentinelle.dz\/wp-content\/uploads\/2025\/06\/port-de-peche.jpg","type":"image\/jpeg"}],"author":"admin","twitter_card":"summary_large_image","twitter_misc":{"\u00c9crit par":"admin","Dur\u00e9e de lecture estim\u00e9e":"3 minutes"},"schema":{"@context":"https:\/\/schema.org","@graph":[{"@type":"Article","@id":"https:\/\/lasentinelle.dz\/index.php\/2026\/03\/06\/peche-cotiere-de-nouvelles-facilitations-pour-lacquisition-du-materiel-de-peche\/#article","isPartOf":{"@id":"https:\/\/lasentinelle.dz\/index.php\/2026\/03\/06\/peche-cotiere-de-nouvelles-facilitations-pour-lacquisition-du-materiel-de-peche\/"},"author":{"name":"admin","@id":"https:\/\/lasentinelle.dz\/#\/schema\/person\/729ee0024f24e0b8c5ec17232f8e8b41"},"headline":"P\u00eache c\u00f4ti\u00e8re\u00a0: De nouvelles facilitations pour l&rsquo;acquisition du mat\u00e9riel de p\u00eache","datePublished":"2026-03-06T19:01:26+00:00","dateModified":"2026-03-06T19:01:27+00:00","mainEntityOfPage":{"@id":"https:\/\/lasentinelle.dz\/index.php\/2026\/03\/06\/peche-cotiere-de-nouvelles-facilitations-pour-lacquisition-du-materiel-de-peche\/"},"wordCount":576,"commentCount":0,"publisher":{"@id":"https:\/\/lasentinelle.dz\/#organization"},"image":{"@id":"https:\/\/lasentinelle.dz\/index.php\/2026\/03\/06\/peche-cotiere-de-nouvelles-facilitations-pour-lacquisition-du-materiel-de-peche\/#primaryimage"},"thumbnailUrl":"https:\/\/lasentinelle.dz\/wp-content\/uploads\/2025\/06\/port-de-peche.jpg","articleSection":["\u00c9conomie"],"inLanguage":"fr-FR","potentialAction":[{"@type":"CommentAction","name":"Comment","target":["https:\/\/lasentinelle.dz\/index.php\/2026\/03\/06\/peche-cotiere-de-nouvelles-facilitations-pour-lacquisition-du-materiel-de-peche\/#respond"]}]},{"@type":"WebPage","@id":"https:\/\/lasentinelle.dz\/index.php\/2026\/03\/06\/peche-cotiere-de-nouvelles-facilitations-pour-lacquisition-du-materiel-de-peche\/","url":"https:\/\/lasentinelle.dz\/index.php\/2026\/03\/06\/peche-cotiere-de-nouvelles-facilitations-pour-lacquisition-du-materiel-de-peche\/","name":"P\u00eache c\u00f4ti\u00e8re\u00a0: De nouvelles facilitations pour l&rsquo;acquisition du mat\u00e9riel de p\u00eache - La Sentinelle","isPartOf":{"@id":"https:\/\/lasentinelle.dz\/#website"},"primaryImageOfPage":{"@id":"https:\/\/lasentinelle.dz\/index.php\/2026\/03\/06\/peche-cotiere-de-nouvelles-facilitations-pour-lacquisition-du-materiel-de-peche\/#primaryimage"},"image":{"@id":"https:\/\/lasentinelle.dz\/index.php\/2026\/03\/06\/peche-cotiere-de-nouvelles-facilitations-pour-lacquisition-du-materiel-de-peche\/#primaryimage"},"thumbnailUrl":"https:\/\/lasentinelle.dz\/wp-content\/uploads\/2025\/06\/port-de-peche.jpg","datePublished":"2026-03-06T19:01:26+00:00","dateModified":"2026-03-06T19:01:27+00:00","breadcrumb":{"@id":"https:\/\/lasentinelle.dz\/index.php\/2026\/03\/06\/peche-cotiere-de-nouvelles-facilitations-pour-lacquisition-du-materiel-de-peche\/#breadcrumb"},"inLanguage":"fr-FR","potentialAction":[{"@type":"ReadAction","target":["https:\/\/lasentinelle.dz\/index.php\/2026\/03\/06\/peche-cotiere-de-nouvelles-facilitations-pour-lacquisition-du-materiel-de-peche\/"]}]},{"@type":"ImageObject","inLanguage":"fr-FR","@id":"https:\/\/lasentinelle.dz\/index.php\/2026\/03\/06\/peche-cotiere-de-nouvelles-facilitations-pour-lacquisition-du-materiel-de-peche\/#primaryimage","url":"https:\/\/lasentinelle.dz\/wp-content\/uploads\/2025\/06\/port-de-peche.jpg","contentUrl":"https:\/\/lasentinelle.dz\/wp-content\/uploads\/2025\/06\/port-de-peche.jpg","width":580,"height":350},{"@type":"BreadcrumbList","@id":"https:\/\/lasentinelle.dz\/index.php\/2026\/03\/06\/peche-cotiere-de-nouvelles-facilitations-pour-lacquisition-du-materiel-de-peche\/#breadcrumb","itemListElement":[{"@type":"ListItem","position":1,"name":"Accueil","item":"https:\/\/lasentinelle.dz\/"},{"@type":"ListItem","position":2,"name":"P\u00eache c\u00f4ti\u00e8re\u00a0: De nouvelles facilitations pour l&rsquo;acquisition du mat\u00e9riel de p\u00eache"}]},{"@type":"WebSite","@id":"https:\/\/lasentinelle.dz\/#website","url":"https:\/\/lasentinelle.dz\/","name":"La Sentinelle","description":"Quotidien national d&#039;information","publisher":{"@id":"https:\/\/lasentinelle.dz\/#organization"},"potentialAction":[{"@type":"SearchAction","target":{"@type":"EntryPoint","urlTemplate":"https:\/\/lasentinelle.dz\/?s={search_term_string}"},"query-input":{"@type":"PropertyValueSpecification","valueRequired":true,"valueName":"search_term_string"}}],"inLanguage":"fr-FR"},{"@type":"Organization","@id":"https:\/\/lasentinelle.dz\/#organization","name":"Quotidien La Sentinelle","url":"https:\/\/lasentinelle.dz\/","logo":{"@type":"ImageObject","inLanguage":"fr-FR","@id":"https:\/\/lasentinelle.dz\/#\/schema\/logo\/image\/","url":"https:\/\/lasentinelle.dz\/wp-content\/uploads\/2021\/09\/logo-sentinelleSLOGAN-1.png","contentUrl":"https:\/\/lasentinelle.dz\/wp-content\/uploads\/2021\/09\/logo-sentinelleSLOGAN-1.png","width":615,"height":142,"caption":"Quotidien La Sentinelle"},"image":{"@id":"https:\/\/lasentinelle.dz\/#\/schema\/logo\/image\/"},"sameAs":["https:\/\/www.facebook.com\/La-Sentinelle-104059864394773"]},{"@type":"Person","@id":"https:\/\/lasentinelle.dz\/#\/schema\/person\/729ee0024f24e0b8c5ec17232f8e8b41","name":"admin","image":{"@type":"ImageObject","inLanguage":"fr-FR","@id":"https:\/\/secure.gravatar.com\/avatar\/4c81fed838786e9b53f540bf46533e750f5d292099ae3b66cfc6fb1982e29df7?s=96&d=mm&r=g","url":"https:\/\/secure.gravatar.com\/avatar\/4c81fed838786e9b53f540bf46533e750f5d292099ae3b66cfc6fb1982e29df7?s=96&d=mm&r=g","contentUrl":"https:\/\/secure.gravatar.com\/avatar\/4c81fed838786e9b53f540bf46533e750f5d292099ae3b66cfc6fb1982e29df7?s=96&d=mm&r=g","caption":"admin"},"description":"admin","url":"https:\/\/lasentinelle.dz\/author\/admin\/"}]}},"_links":{"self":[{"href":"https:\/\/lasentinelle.dz\/index.php\/wp-json\/wp\/v2\/posts\/82921","targetHints":{"allow":["GET"]}}],"collection":[{"href":"https:\/\/lasentinelle.dz\/index.php\/wp-json\/wp\/v2\/posts"}],"about":[{"href":"https:\/\/lasentinelle.dz\/index.php\/wp-json\/wp\/v2\/types\/post"}],"author":[{"embeddable":true,"href":"https:\/\/lasentinelle.dz\/index.php\/wp-json\/wp\/v2\/users\/6"}],"replies":[{"embeddable":true,"href":"https:\/\/lasentinelle.dz\/index.php\/wp-json\/wp\/v2\/comments?post=82921"}],"version-history":[{"count":2,"href":"https:\/\/lasentinelle.dz\/index.php\/wp-json\/wp\/v2\/posts\/82921\/revisions"}],"predecessor-version":[{"id":82923,"href":"https:\/\/lasentinelle.dz\/index.php\/wp-json\/wp\/v2\/posts\/82921\/revisions\/82923"}],"wp:featuredmedia":[{"embeddable":true,"href":"https:\/\/lasentinelle.dz\/index.php\/wp-json\/wp\/v2\/media\/69637"}],"wp:attachment":[{"href":"https:\/\/lasentinelle.dz\/index.php\/wp-json\/wp\/v2\/media?parent=82921"}],"wp:term":[{"taxonomy":"category","embeddable":true,"href":"https:\/\/lasentinelle.dz\/index.php\/wp-json\/wp\/v2\/categories?post=82921"},{"taxonomy":"post_tag","embeddable":true,"href":"https:\/\/lasentinelle.dz\/index.php\/wp-json\/wp\/v2\/tags?post=82921"}],"curies":[{"name":"wp","href":"https:\/\/api.w.org\/{rel}","templated":true}]}}